{"id":41296,"date":"2024-11-08T11:36:39","date_gmt":"2024-11-08T10:36:39","guid":{"rendered":"http:\/\/batimedianews.com\/live\/?p=41296"},"modified":"2025-04-08T20:33:19","modified_gmt":"2025-04-08T18:33:19","slug":"batir-pour-le-climat-2024-kingspan-france-devoile-sa-demarche-low-carb-pour-accelerer-la-lutte-contre-les-passoires-tertiaires","status":"publish","type":"post","link":"https:\/\/batimedianews.com\/live\/index.php\/2024\/11\/08\/batir-pour-le-climat-2024-kingspan-france-devoile-sa-demarche-low-carb-pour-accelerer-la-lutte-contre-les-passoires-tertiaires\/","title":{"rendered":"B\u00e2tir pour le Climat 2024 &#8211; KINGSPAN France d\u00e9voile sa d\u00e9marche \u2018low carb\u2019 pour acc\u00e9l\u00e9rer la lutte contre les \u2018passoires tertiaires\u2019"},"content":{"rendered":"\n<p><strong>Alors que tout l\u2019\u00e9cosyst\u00e8me de la construction est r\u00e9uni ce mardi 5 novembre \u00e0 l\u2019occasion de l\u2019\u00e9v\u00e9nement B\u00e2tir pour le climat, Kingspan France, leader mondial des solutions haute performance pour l\u2019enveloppe des b\u00e2timents, annonce le d\u00e9ploiement de solutions \u2018bas carbone incorpor\u00e9\u2018 pour \u00e9radiquer les \u2018passoires tertiaires\u2019. Des membranes d\u2019\u00e9tanch\u00e9it\u00e9 aux panneaux isolants, en passant par les solutions d\u2019\u00e9clairement, Kingspan d\u00e9voile une d\u00e9marche de d\u00e9carbonation pens\u00e9e sur l\u2019ensemble de cycle de vie des mat\u00e9riaux et qui engage toutes les entit\u00e9s du groupe. Le lancement de ces nouvelles gammes \u2018lowcarb\u2019 est pr\u00e9vu en 2025 sur le march\u00e9 fran\u00e7ais.&nbsp;<\/strong><\/p>\n\n\n\n<p class=\"has-text-color\" style=\"color:#014a9e\"><strong>Kingspan France d\u00e9ploie une d\u00e9marche \u2018low carb\u2019 pour contribuer \u00e0 la construction et la r\u00e9novation durable dans son ensemble&nbsp;<\/strong> <\/p>\n\n\n\n<p>Avec le d\u00e9ploiement de nouvelles gammes bas carbone, le groupe Kingspan France se positionne comme facilitateur de la d\u00e9carbonation du b\u00e2ti, pour permettre aux acteurs de construire et r\u00e9nover durablement. Cet engagement s\u2019inscrit dans la strat\u00e9gie de d\u00e9veloppement durable de Kingspan \u2018Planet Passionate\u2019. Depuis 2020, le groupe a r\u00e9duit ses \u00e9missions de gaz \u00e0 effet de serre de 65% sur ses scopes 1 et 2. Kingspan vise un objectif de r\u00e9duction absolue de 90 % des \u00e9missions de gaz \u00e0 effet de serre dans le cadre de ses activit\u00e9s et une r\u00e9duction absolue de 42 % des \u00e9missions de GES de son scope 3 par rapport \u00e0 l&rsquo;ann\u00e9e de r\u00e9f\u00e9rence 2020.&nbsp;<\/p>\n\n\n\n<p><strong>C\u00e9dric Bruge, Pr\u00e9sident de Bacacier By Kingspan : <\/strong><em>\u00ab La RE2020 encourage le recours massif aux mat\u00e9riaux biosourc\u00e9s mais quand est-il de la r\u00e9novation ? Le terme de \u2018passoire thermique\u2019 fait d\u00e9sormais partie du langage commun, quelle place pour les \u2018passoires tertiaires\u2019 ? \u00bb&nbsp;<\/em> <\/p>\n\n\n\n<p><strong>Fran\u00e7ois Becquaert, Country manager Kingspan Etanch\u00e9it\u00e9 : <\/strong><em>\u00ab Pour d\u00e9carboner \u2018\u00e0 tous les \u00e9tages\u2019 nous r\u00e9fl\u00e9chissons aux mat\u00e9riaux employ\u00e9s dans les op\u00e9rations de construction et de r\u00e9novation de mani\u00e8re \u00e0 privil\u00e9gier ceux qui g\u00e9n\u00e8rent le moins possible de gaz \u00e0 effet de serre, et ce, tout au long de leur cycle de vie. \u00bb&nbsp;<\/em><\/p>\n\n\n\n<p>Le groupe a mis au point des process pour r\u00e9duire le carbone incorpor\u00e9 de ses solutions d\u2019\u00e9clairage naturel, de membranes d\u2019\u00e9tanch\u00e9it\u00e9 et de panneaux isolants.&nbsp; <\/p>\n\n\n\n<p><strong>BACACIER BY KINGSPAN\/ Des panneaux sandwich isolants bas carbone incorpor\u00e9&nbsp;<\/strong> <\/p>\n\n\n\n<p>Pour contribuer \u00e0 r\u00e9duire l\u2019empreinte carbone des b\u00e2timents, Bacacier By Kingspan d\u00e9veloppe une gamme QuadCore LEC, d\u00e9j\u00e0 disponible au Royaume-Uni, qui arrivera sur le march\u00e9 fran\u00e7ais prochainement. L\u2019Analyse du Cycle de Vie du QuadCore AWP LEC pr\u00e9sente une r\u00e9duction de 21 % du carbone incorpor\u00e9 par rapport au QuadCore d\u00e9j\u00e0 existant1.&nbsp;<\/p>\n\n\n\n<p> <strong>KINGSPAN \u00c9TANCH\u00c9IT\u00c9\/ Expert des solutions d\u2019\u00e9tanch\u00e9it\u00e9 durable&nbsp;<\/strong> <\/p>\n\n\n\n<p>Gr\u00e2ce \u00e0 l\u2019expertise de DERBIGUM, pionnier sur la revalorisation des mat\u00e9riaux, le groupe propose d\u00e9j\u00e0 une membrane avec le plus faible impact carbone du march\u00e9.&nbsp;<\/p>\n\n\n\n<p class=\"has-text-color\" style=\"color:#014a9e\"><strong>Derbigum, pionnier dans la d\u00e9marche low carb&nbsp;<\/strong><\/p>\n\n\n\n<p>Depuis plus de 30 ans, Derbigum (Kingspan Etanch\u00e9it\u00e9) pense la d\u00e9carbonation d\u00e8s la conception des mat\u00e9riaux. Derbigum a \u00e9tabli la premi\u00e8re installation de recyclage de bitume d\u2019\u00e9tanch\u00e9it\u00e9 en Europe, capable de transformer jusqu\u2019\u00e0 5 000 tonnes de toitures usag\u00e9es en mati\u00e8res premi\u00e8res de recyclage (MPR) destin\u00e9es \u00e0 de nouvelles solutions de toiture. Gr\u00e2ce \u00e0 cette fili\u00e8re de r\u00e9cup\u00e9ration, 30 000 tonnes de bitume ont \u00e9t\u00e9 recycl\u00e9es dans l\u2019usine Derbigum depuis sa cr\u00e9ation en 1990. Les nouvelles membranes de toiture Derbicoat NT \/ Derbigum NT fabriqu\u00e9es \u00e0 partir de chutes de pose et de vieilles toitures contiennent entre 25 % et 30 % de mati\u00e8re recycl\u00e9e et sont elles-m\u00eames 100 % recyclables (en fonction de leurs modes de mise en oeuvre). L\u2019utilisation de la solution d\u2019\u00e9tanch\u00e9it\u00e9 Derbigum NT4 plut\u00f4t qu\u2019un bicouche bitumeux standard a permis d\u2019\u00e9viter 126 859 tonnes de CO2.<\/p>\n\n\n\n<div class=\"wp-block-image\"><figure class=\"aligncenter size-full is-resized\"><img loading=\"lazy\" src=\"https:\/\/i0.wp.com\/batimedianews.com\/live\/wp-content\/uploads\/2024\/11\/image-87.png?resize=514%2C93\" alt=\"\" class=\"wp-image-41297\" width=\"514\" height=\"93\" srcset=\"https:\/\/i0.wp.com\/batimedianews.com\/live\/wp-content\/uploads\/2024\/11\/image-87.png?w=1212&amp;ssl=1 1212w, https:\/\/i0.wp.com\/batimedianews.com\/live\/wp-content\/uploads\/2024\/11\/image-87.png?resize=768%2C139&amp;ssl=1 768w, https:\/\/i0.wp.com\/batimedianews.com\/live\/wp-content\/uploads\/2024\/11\/image-87.png?resize=432%2C78&amp;ssl=1 432w, https:\/\/i0.wp.com\/batimedianews.com\/live\/wp-content\/uploads\/2024\/11\/image-87.png?resize=396%2C72&amp;ssl=1 396w, https:\/\/i0.wp.com\/batimedianews.com\/live\/wp-content\/uploads\/2024\/11\/image-87.png?resize=1120%2C203&amp;ssl=1 1120w, https:\/\/i0.wp.com\/batimedianews.com\/live\/wp-content\/uploads\/2024\/11\/image-87.png?resize=660%2C120&amp;ssl=1 660w\" sizes=\"(max-width: 600px) 91vw, (max-width: 900px) 600px, (max-width: 1060px) 50vw, (max-width: 1200px) 520px, (max-width: 1400px) 43vw, 600px\" data-recalc-dims=\"1\" \/><\/figure><\/div>\n\n\n\n<p><strong>LIGHT + AIR \/ Un syst\u00e8me d\u2019\u00e9clairement naturel pour r\u00e9duire la consommation d\u2019\u00e9nergie&nbsp;<\/strong> <\/p>\n\n\n\n<p>Kingspan Light + Air, sp\u00e9cialiste des solutions de ventilation, d\u00e9senfumage et \u00e9clairage naturel, d\u00e9veloppe une solution d\u2019\u00e9clairement bas carbone \u00e0 ossature aluminium. Ce syst\u00e8me d\u2019\u00e9clairement continu permet jusqu\u2019\u00e0 30 % de r\u00e9duction des consommations \u00e9nerg\u00e9tiques du b\u00e2timent et sera disponible en 2025 sur le march\u00e9 fran\u00e7ais.&nbsp;<\/p>\n\n\n\n<p class=\"has-small-font-size\"><sup>1 <\/sup>L\u2019Analyse du Cycle de Vie du QuadCore AWP LEC pr\u00e9sente une r\u00e9duction de 21 % des modules LCA A1 \u2013 A3 (\u00e9tape du produit) par rapport au QuadCore AWP existant selon la norme EN15804-A2 pour une \u00e9paisseur de 100 mm. Les EPD pour QuadCore AWP LEC, QuadCore KS1000RW LEC et QuadCore Coldstore LEC sont v\u00e9rifi\u00e9s par un tiers et disponibles en t\u00e9l\u00e9chargement sur le site Web d&rsquo;EPD Hub. La r\u00e9duction de 21 % pour le QuadCore AWP LEC est obtenue gr\u00e2ce \u00e0 des changements de mati\u00e8res premi\u00e8res dans l&rsquo;acier. En comparant les modules A-C (\u00e9tape du produit, \u00e9tape du processus de construction, \u00e9tape d&rsquo;utilisation, \u00e9tape de fin de vie), la r\u00e9duction globale est de 15 %. Ces calculs ont \u00e9t\u00e9 publi\u00e9s le 17 f\u00e9vrier 2023.&nbsp;<\/p>\n\n\n\n<p><strong>DOME SOLAR\/ Des fixations photovolta\u00efques en acier recycl\u00e9 bas carbone&nbsp;<\/strong><br>Le sp\u00e9cialiste des syst\u00e8mes de fixation pour panneaux solaires d\u00e9veloppe des solutions innovantes en acier bas carbone (H\u00e9lios RC3 et H\u00e9lios B\u00b2), qui utilisent des mati\u00e8res recycl\u00e9es ou de l&rsquo;acier produit \u00e0 partir d&rsquo;\u00e9nergie solaire et \u00e9olienne.&nbsp;<\/p>\n\n\n\n<p><strong>Jean-Philippe Leray, Pr\u00e9sident de Dome Solar : <\/strong><em>\u00ab Dome Solar travaille \u00e0 la transition de sa cha\u00eene d\u2019approvisionnement pour se fournir en acier bas carbone et r\u00e9duire l\u2019empreinte carbone de ses produits en acier (H\u00e9lios RC3 et H\u00e9lios B\u00b2). \u00bb<\/em><\/p>\n\n\n\n<p class=\"has-text-color\" style=\"color:#014a9e\"><strong>La lutte contre les \u2018passoires tertiaires\u2019, un chantier \u00e0 prendre en main sur l\u2019ensemble du territoire&nbsp;<\/strong> <\/p>\n\n\n\n<p>Alors que le secteur tertiaire repr\u00e9sentait 36 % des \u00e9missions directes de gaz \u00e0 effet de serre en 20232, Kingspan d\u00e9voile une radiographie in\u00e9dite des \u2018passoires tertiaires\u2019 sur l\u2019ensemble du territoire.&nbsp;<\/p>\n\n\n\n<figure class=\"wp-block-image size-full\"><img loading=\"lazy\" width=\"720\" height=\"163\" src=\"https:\/\/i2.wp.com\/batimedianews.com\/live\/wp-content\/uploads\/2024\/11\/image-88.png?resize=720%2C163\" alt=\"\" class=\"wp-image-41298\" srcset=\"https:\/\/i2.wp.com\/batimedianews.com\/live\/wp-content\/uploads\/2024\/11\/image-88.png?w=1212&amp;ssl=1 1212w, https:\/\/i2.wp.com\/batimedianews.com\/live\/wp-content\/uploads\/2024\/11\/image-88.png?resize=768%2C173&amp;ssl=1 768w, https:\/\/i2.wp.com\/batimedianews.com\/live\/wp-content\/uploads\/2024\/11\/image-88.png?resize=432%2C98&amp;ssl=1 432w, https:\/\/i2.wp.com\/batimedianews.com\/live\/wp-content\/uploads\/2024\/11\/image-88.png?resize=396%2C90&amp;ssl=1 396w, https:\/\/i2.wp.com\/batimedianews.com\/live\/wp-content\/uploads\/2024\/11\/image-88.png?resize=1120%2C253&amp;ssl=1 1120w, https:\/\/i2.wp.com\/batimedianews.com\/live\/wp-content\/uploads\/2024\/11\/image-88.png?resize=660%2C149&amp;ssl=1 660w\" sizes=\"(max-width: 600px) 91vw, (max-width: 900px) 600px, (max-width: 1060px) 50vw, (max-width: 1200px) 520px, (max-width: 1400px) 43vw, 600px\" data-recalc-dims=\"1\" \/><\/figure>\n\n\n\n<p><strong>Fr\u00e9d\u00e9ric Jullien, directeur g\u00e9n\u00e9ral de Kingspan Light + Air <\/strong><em>: \u00ab Gr\u00e2ce notamment au d\u00e9cret tertiaire, nous enregistrons une baisse moyenne de 22 % de la consommation \u00e9nerg\u00e9tique des b\u00e2timents tertiaires entre 2010 et 2022, pour autant 16 % pr\u00e9sentent encore un DPE class\u00e9 de F \u00e0 3I, soit plus de 28 000 \u00ab passoires tertiaires \u00bb, le chantier est colossal ! \u00bb&nbsp;<\/em> <\/p>\n\n\n\n<p>64 % des consommations d&rsquo;\u00e9nergie sont directement li\u00e9es aux variations saisonni\u00e8res et au confort thermique, notamment pour compenser le manque d&rsquo;isolation des b\u00e2timents, avec 46 % d\u00e9di\u00e9s au chauffage en hiver et \u00e0 la climatisation en \u00e9t\u00e9.&nbsp;<\/p>\n\n\n\n<figure class=\"wp-block-image size-full\"><img loading=\"lazy\" width=\"720\" height=\"375\" src=\"https:\/\/i2.wp.com\/batimedianews.com\/live\/wp-content\/uploads\/2024\/11\/image-89.png?resize=720%2C375\" alt=\"\" class=\"wp-image-41299\" srcset=\"https:\/\/i2.wp.com\/batimedianews.com\/live\/wp-content\/uploads\/2024\/11\/image-89.png?w=1330&amp;ssl=1 1330w, https:\/\/i2.wp.com\/batimedianews.com\/live\/wp-content\/uploads\/2024\/11\/image-89.png?resize=768%2C399&amp;ssl=1 768w, https:\/\/i2.wp.com\/batimedianews.com\/live\/wp-content\/uploads\/2024\/11\/image-89.png?resize=432%2C225&amp;ssl=1 432w, https:\/\/i2.wp.com\/batimedianews.com\/live\/wp-content\/uploads\/2024\/11\/image-89.png?resize=396%2C206&amp;ssl=1 396w, https:\/\/i2.wp.com\/batimedianews.com\/live\/wp-content\/uploads\/2024\/11\/image-89.png?resize=1120%2C583&amp;ssl=1 1120w, https:\/\/i2.wp.com\/batimedianews.com\/live\/wp-content\/uploads\/2024\/11\/image-89.png?resize=660%2C343&amp;ssl=1 660w\" sizes=\"(max-width: 600px) 91vw, (max-width: 900px) 600px, (max-width: 1060px) 50vw, (max-width: 1200px) 520px, (max-width: 1400px) 43vw, 600px\" data-recalc-dims=\"1\" \/><\/figure>\n\n\n\n<p class=\"has-small-font-size\"><sup>2<\/sup> France Nation Verte &#8211; Dossier de concertation | Acc\u00e9l\u00e9rer la d\u00e9carbonation du secteur du b\u00e2timent &#8211; juin 2023&nbsp;<\/p>\n\n\n\n<p class=\"has-small-font-size\"><sup>3<\/sup> Ademe \u2013 Cartographie des \u00e9tiquettes DPE des b\u00e2timents tertiaires&nbsp;<\/p>\n\n\n\n<p>Les passoires tertiaires se r\u00e9partissent de mani\u00e8re assez homog\u00e8ne sur l\u2019ensemble du territoire.&nbsp;<\/p>\n\n\n\n<figure class=\"wp-block-image size-full\"><img loading=\"lazy\" width=\"720\" height=\"592\" src=\"https:\/\/i2.wp.com\/batimedianews.com\/live\/wp-content\/uploads\/2024\/11\/image-90.png?resize=720%2C592\" alt=\"\" class=\"wp-image-41302\" srcset=\"https:\/\/i2.wp.com\/batimedianews.com\/live\/wp-content\/uploads\/2024\/11\/image-90.png?w=1330&amp;ssl=1 1330w, https:\/\/i2.wp.com\/batimedianews.com\/live\/wp-content\/uploads\/2024\/11\/image-90.png?resize=768%2C631&amp;ssl=1 768w, https:\/\/i2.wp.com\/batimedianews.com\/live\/wp-content\/uploads\/2024\/11\/image-90.png?resize=432%2C355&amp;ssl=1 432w, https:\/\/i2.wp.com\/batimedianews.com\/live\/wp-content\/uploads\/2024\/11\/image-90.png?resize=396%2C326&amp;ssl=1 396w, https:\/\/i2.wp.com\/batimedianews.com\/live\/wp-content\/uploads\/2024\/11\/image-90.png?resize=1120%2C921&amp;ssl=1 1120w, https:\/\/i2.wp.com\/batimedianews.com\/live\/wp-content\/uploads\/2024\/11\/image-90.png?resize=660%2C543&amp;ssl=1 660w\" sizes=\"(max-width: 600px) 91vw, (max-width: 900px) 600px, (max-width: 1060px) 50vw, (max-width: 1200px) 520px, (max-width: 1400px) 43vw, 600px\" data-recalc-dims=\"1\" \/><\/figure>\n\n\n\n<p class=\"has-sm-light-primary-color has-text-color has-background\" style=\"background-color:#08d6be\"><strong>\u00c0 propos de Kingspan&nbsp;<\/strong> <\/p>\n\n\n\n<p><strong>Kingspan Group <\/strong>est un des leaders mondiaux en mati\u00e8re de solutions d&rsquo;isolation et d&rsquo;enveloppe du b\u00e2timent pour des b\u00e2timents \u00e0 haute performance \u00e9nerg\u00e9tique et \u00e0 faible \u00e9mission de carbone. Le groupe est notamment reconnu pour ses solutions d&rsquo;isolants et d\u2019\u00e9clairage\/ventilation\/d\u00e9senfumage naturels. Kingspan Group s\u2019articule autour de 5 divisions. Il dispose de 224 sites de fabrications implant\u00e9s dans plus de 80 pays \u00e0 travers le monde. Kingspan c\u2019est plus de 22 500 collaborateurs. Le groupe se positionne comme fabricant de solutions techniques destin\u00e9es \u00e0 maximiser la performance \u00e9nerg\u00e9tique et l\u2019enveloppe thermique des b\u00e2timents, en incorporant des mat\u00e9riaux et des proc\u00e9d\u00e9s de fabrication sobres en carbone, qui limitent le recours aux ressources naturelles. Cet engagement en faveur de l\u2019environnement, Kingspan l\u2019a concr\u00e9tis\u00e9 en lan\u00e7ant fin 2019 une strat\u00e9gie sur 10 ans baptis\u00e9e \u00ab Planet Passionate \u00bb visant \u00e0 limiter l\u2019impact de ses activit\u00e9s commerciales et de fabrication sur l\u2019environnement.&nbsp;<\/p>\n","protected":false},"excerpt":{"rendered":"<p>Alors que tout l\u2019\u00e9cosyst\u00e8me de la construction est r\u00e9uni ce mardi 5 novembre \u00e0 l\u2019occasion de l\u2019\u00e9v\u00e9nement B\u00e2tir pour le climat, Kingspan France, leader mondial des solutions haute performance pour l\u2019enveloppe des b\u00e2timents, annonce le d\u00e9ploiement de solutions \u2018bas carbone incorpor\u00e9\u2018 pour \u00e9radiquer les \u2018passoires tertiaires\u2019. Des membranes d\u2019\u00e9tanch\u00e9it\u00e9 aux panneaux isolants, en passant par [&hellip;]<\/p>\n","protected":false},"author":41,"featured_media":41311,"comment_status":"open","ping_status":"open","sticky":false,"template":"","format":"standard","meta":{"spay_email":""},"categories":[4,866],"tags":[],"jetpack_featured_media_url":"https:\/\/i0.wp.com\/batimedianews.com\/live\/wp-content\/uploads\/2024\/11\/Kingspan-articles-.jpg?fit=1513%2C825&ssl=1","jetpack_sharing_enabled":true,"jetpack_likes_enabled":true,"jetpack-related-posts":[{"id":39109,"url":"https:\/\/batimedianews.com\/live\/index.php\/2024\/08\/02\/lancement-de-la-nouvelle-entite-kingspan-etancheite-france-avec-lacquisition-de-derbigum-et-alwitra-experts-des-solutions-detancheite-durables\/","url_meta":{"origin":41296,"position":0},"title":"Lancement de la nouvelle entit\u00e9 \u2018Kingspan Etanch\u00e9it\u00e9 France\u2019 avec l\u2019acquisition de Derbigum et alwitra, experts des solutions d\u2019\u00e9tanch\u00e9it\u00e9 durables","date":"2 ao\u00fbt 2024","format":false,"excerpt":"Kingspan France officialise la cr\u00e9ation de la nouvelle entit\u00e9 Kingspan Etanch\u00e9it\u00e9 France avec l\u2019acquisition par le Groupe Kingspan de Derbigum et alwitra, acteurs experts des solutions d\u2019\u00e9tanch\u00e9it\u00e9 durables et hautes performances. Le groupe pose la derni\u00e8re brique de sa strat\u00e9gie pour d\u00e9velopper des solutions couvrant toute l\u2019enveloppe des b\u00e2timents, y\u2026","rel":"","context":"Dans &quot;Actualit\u00e9 Entreprises&quot;","img":{"alt_text":"","src":"https:\/\/i1.wp.com\/batimedianews.com\/live\/wp-content\/uploads\/2024\/07\/Kingspan-articles-.jpg?fit=825%2C825&ssl=1&resize=350%2C200","width":350,"height":200},"classes":[]},{"id":49896,"url":"https:\/\/batimedianews.com\/live\/index.php\/2026\/03\/23\/9-entreprises-reunies-autour-de-systemes-detancheite-kingspan-devoile-un-modele-industriel-sans-equivalent-en-france\/","url_meta":{"origin":41296,"position":1},"title":"9 entreprises r\u00e9unies autour de syst\u00e8mes d&rsquo;\u00e9tanch\u00e9it\u00e9 : KINGSPAN d\u00e9voile un mod\u00e8le industriel sans \u00e9quivalent en France","date":"23 mars 2026","format":false,"excerpt":"Les 25 et 26 mars \u00e0 Lyon, le salon Top of the Roof rassemblera l'\u00e9cosyst\u00e8me des experts de l'\u00e9tanch\u00e9it\u00e9 et du bardage des b\u00e2timents. A cette occasion, 9 entreprises affili\u00e9es au groupe Kingspan seront pr\u00e9sentes\u00a0: Kingspan Light + Air, Bacacier, Derbigum, Dome Solar, Steico, Maison de l'Etancheur, Onduline, Isocab, et\u2026","rel":"","context":"Dans &quot;Actualit\u00e9 Entreprises&quot;","img":{"alt_text":"","src":"https:\/\/i0.wp.com\/batimedianews.com\/live\/wp-content\/uploads\/2026\/03\/Kingspan.jpg?fit=825%2C825&ssl=1&resize=350%2C200","width":350,"height":200},"classes":[]},{"id":23836,"url":"https:\/\/batimedianews.com\/live\/index.php\/2022\/10\/02\/ondura-rejoint-kingspan-et-intergre-sa-nouvelle-division-roofing-and-waterproofing\/","url_meta":{"origin":41296,"position":2},"title":"Ondura rejoint Kingspan et int\u00e8gre sa nouvelle division\u2002 \u00ab\u00a0Roofing and Waterproofing \u00ab\u00a0\u2002","date":"2 octobre 2022","format":false,"excerpt":"Le rapprochement entre Ondura et Kingspan, annonc\u00e9 le 18 f\u00e9vrier 2022, a re\u00e7u l\u2019approbation des autorit\u00e9s de tutelle. Il s'agit d'une \u00e9tape essentielle dans la formation de la nouvelle division \" Roofing and Waterproofing \" de Kingspan. Ondura, cr\u00e9\u00e9 autour de l\u2019entreprise fran\u00e7aise Onduline, est sp\u00e9cialiste des solutions de toitures\u2026","rel":"","context":"Dans &quot;Actualit\u00e9 Entreprises&quot;","img":{"alt_text":"","src":"https:\/\/i0.wp.com\/batimedianews.com\/live\/wp-content\/uploads\/2022\/09\/Ondura-Article.jpg?fit=1080%2C1080&ssl=1&resize=350%2C200","width":350,"height":200},"classes":[]},{"id":44688,"url":"https:\/\/batimedianews.com\/live\/index.php\/2025\/05\/07\/frederic-bonneau-nomme-directeur-marketing-et-technique-france-benelux-onduline\/","url_meta":{"origin":41296,"position":3},"title":"Fr\u00e9d\u00e9ric Bonneau nomm\u00e9 Directeur Marketing et Technique France\/Benelux Onduline\u00ae","date":"7 mai 2025","format":false,"excerpt":"Onduline\u00ae, leader mondial dans la fabrication de syst\u00e8mes de toitures l\u00e9g\u00e8res et membre du groupe Kingspan, annonce l\u2019arriv\u00e9e de Fr\u00e9d\u00e9ric Bonneau au poste de Directeur Marketing & Technique France & Benelux.\u00a0 Dipl\u00f4m\u00e9 d\u2019un Master en Communication des entreprises et d\u2019une Ma\u00eetrise en Sciences Politiques, Fr\u00e9d\u00e9ric Bonneau dispose d\u2019une solide exp\u00e9rience\u2026","rel":"","context":"Dans &quot;Actualit\u00e9 Entreprises&quot;","img":{"alt_text":"","src":"https:\/\/i0.wp.com\/batimedianews.com\/live\/wp-content\/uploads\/2025\/04\/Onduline.jpg?fit=825%2C825&ssl=1&resize=350%2C200","width":350,"height":200},"classes":[]},{"id":39021,"url":"https:\/\/batimedianews.com\/live\/index.php\/2024\/07\/17\/onduline-flexoutuile-un-systeme-de-sous-toiture-qui-offre-une-etancheite-totale-et-immediate-des-toitures-en-tuiles\/","url_meta":{"origin":41296,"position":4},"title":"ONDULINE\u00ae FLEXOUTUILE : Un syst\u00e8me de sous-toiture qui offre une \u00e9tanch\u00e9it\u00e9 totale et imm\u00e9diate des toitures en tuiles","date":"17 juillet 2024","format":false,"excerpt":"\u00a0La toiture joue un r\u00f4le crucial sur la p\u00e9rennit\u00e9 du b\u00e2ti et son \u00e9tanch\u00e9it\u00e9 doit \u00eatre irr\u00e9prochable pour r\u00e9sister aux intemp\u00e9ries,\u00a0\u00e9viter les infiltrations et limiter les d\u00e9perditions thermiques.\u00a0 Traditionnellement utilis\u00e9e dans de nombreuses r\u00e9gions de France, la tuile (tuile canal, tuile plate ou m\u00e9canique) repr\u00e9sente 74% des toitures fran\u00e7aises* actuelles.\u2026","rel":"","context":"Dans &quot;Actualit\u00e9 Entreprises&quot;","img":{"alt_text":"","src":"https:\/\/i2.wp.com\/batimedianews.com\/live\/wp-content\/uploads\/2024\/07\/Onduline.jpg?fit=825%2C825&ssl=1&resize=350%2C200","width":350,"height":200},"classes":[]},{"id":50076,"url":"https:\/\/batimedianews.com\/live\/index.php\/2026\/04\/03\/scorp-io-leve-5-me-aupres-du-fonds-ile-de-france-decarbonation-pour-reduire-les-consommations-denergie-des-batiments-tertiaires\/","url_meta":{"origin":41296,"position":5},"title":"SCorp-io l\u00e8ve 5 M\u20ac aupr\u00e8s du Fonds \u00cele-de-France D\u00e9carbonation pour r\u00e9duire les consommations d\u2019\u00e9nergie des b\u00e2timents tertiaires","date":"3 avril 2026","format":false,"excerpt":"SCorp-io, sp\u00e9cialis\u00e9e dans la Gestion Technique du B\u00e2timent (GTB) intelligente, annonce une lev\u00e9e de fonds de 5 M\u20ac men\u00e9e par \u00cele-de-France D\u00e9carbonation, fonds d\u2019investissement initi\u00e9 par la R\u00e9gion \u00cele-France et g\u00e9r\u00e9 par Eiffel Investment Group pour financer la croissance de startups et PME innovantes de la transition \u00e9nerg\u00e9tique et \u00e9cologique.\u2026","rel":"","context":"Dans &quot;Actualit\u00e9 Entreprises&quot;","img":{"alt_text":"","src":"https:\/\/i0.wp.com\/batimedianews.com\/live\/wp-content\/uploads\/2026\/04\/SCorp-IO.jpg?fit=825%2C825&ssl=1&resize=350%2C200","width":350,"height":200},"classes":[]}],"_links":{"self":[{"href":"https:\/\/batimedianews.com\/live\/index.php\/wp-json\/wp\/v2\/posts\/41296"}],"collection":[{"href":"https:\/\/batimedianews.com\/live\/index.php\/wp-json\/wp\/v2\/posts"}],"about":[{"href":"https:\/\/batimedianews.com\/live\/index.php\/wp-json\/wp\/v2\/types\/post"}],"author":[{"embeddable":true,"href":"https:\/\/batimedianews.com\/live\/index.php\/wp-json\/wp\/v2\/users\/41"}],"replies":[{"embeddable":true,"href":"https:\/\/batimedianews.com\/live\/index.php\/wp-json\/wp\/v2\/comments?post=41296"}],"version-history":[{"count":2,"href":"https:\/\/batimedianews.com\/live\/index.php\/wp-json\/wp\/v2\/posts\/41296\/revisions"}],"predecessor-version":[{"id":41319,"href":"https:\/\/batimedianews.com\/live\/index.php\/wp-json\/wp\/v2\/posts\/41296\/revisions\/41319"}],"wp:featuredmedia":[{"embeddable":true,"href":"https:\/\/batimedianews.com\/live\/index.php\/wp-json\/wp\/v2\/media\/41311"}],"wp:attachment":[{"href":"https:\/\/batimedianews.com\/live\/index.php\/wp-json\/wp\/v2\/media?parent=41296"}],"wp:term":[{"taxonomy":"category","embeddable":true,"href":"https:\/\/batimedianews.com\/live\/index.php\/wp-json\/wp\/v2\/categories?post=41296"},{"taxonomy":"post_tag","embeddable":true,"href":"https:\/\/batimedianews.com\/live\/index.php\/wp-json\/wp\/v2\/tags?post=41296"}],"curies":[{"name":"wp","href":"https:\/\/api.w.org\/{rel}","templated":true}]}}