{"id":41502,"date":"2024-11-13T10:42:22","date_gmt":"2024-11-13T09:42:22","guid":{"rendered":"http:\/\/batimedianews.com\/live\/?p=41502"},"modified":"2025-04-08T20:32:49","modified_gmt":"2025-04-08T18:32:49","slug":"ocean-orange-business-creation-dun-catalogues-de-services-dexcellence-dedie-aux-grandes-flottes","status":"publish","type":"post","link":"https:\/\/batimedianews.com\/live\/index.php\/2024\/11\/13\/ocean-orange-business-creation-dun-catalogues-de-services-dexcellence-dedie-aux-grandes-flottes\/","title":{"rendered":"OCEAN \u2013 ORANGE BUSINESS : Cr\u00e9ation d\u2019un Catalogues De Services d\u2019excellence D\u00e9di\u00e9 Aux Grandes Flottes"},"content":{"rendered":"\n<p><strong>Une nouvelle \u00e9tape vers l&rsquo;excellence pour Oc\u00e9an, l&rsquo;entit\u00e9 t\u00e9l\u00e9matique d&rsquo;Orange Business, qui red\u00e9finit l&rsquo;accompagnement client avec la mise en place d\u2019un nouveau catalogue de services. Deux prestations \u00e0 haute valeur ajout\u00e9 int\u00e8grent ce catalogue d\u00e9di\u00e9 aux grandes flottes : l\u2019accompagnement d\u2019un \u00ab\u00a0Coordinateur d\u00e9ploiement\u201d et \/ ou d\u2019un \u00ab\u00a0Responsable strat\u00e9gie &amp; pilotage\u201d.<\/strong><\/p>\n\n\n\n<p><strong>L\u2019objectif ? Proposer un service haut de gamme et personnalis\u00e9 qui garantit un d\u00e9ploiement r\u00e9ussi et une utilisation optimale de la solution Oc\u00e9an pour un retour sur investissement acc\u00e9l\u00e9r\u00e9.<\/strong><\/p>\n\n\n\n<p>\u00c0 l\u2019heure o\u00f9 l&rsquo;intelligence artificielle conquiert tous les secteurs, Oc\u00e9an choisit d\u2019adopter une strat\u00e9gie de relation clients \u00e9quilibr\u00e9e, valorisant autant l&rsquo;innovation technologique que l\u2019accompagnement humain. C&rsquo;est pourquoi, en plus des services d\u00e9j\u00e0 inclus dans ses offres, Oc\u00e9an d\u00e9ploie un nouveau catalogue de prestations destin\u00e9es aux grandes flottes, avec des prestations qui combinent la puissance de la data et le savoir-faire et l\u2019expertise humaine, afin de contribuer activement \u00e0 la r\u00e9ussite de chaque client.<\/p>\n\n\n\n<p>D\u00e9tails des prestations du nouveau catalogue de services Oc\u00e9an.<\/p>\n\n\n\n<p><strong>Le \u00ab\u00a0coordinateur d\u00e9ploiement\u201d : une gestion de projet pointue pour une mise en oeuvre fluide et ma\u00eetris\u00e9e<\/strong><\/p>\n\n\n\n<p>Le \u201ccoordinateur d\u00e9ploiement\u201d \u00e9paule les entreprises dans leur phase de d\u00e9ploiement de la solution Oc\u00e9an sur des flottes de plus de 500 v\u00e9hicules. En effet, \u00e0 partir d\u2019un certain nombre de v\u00e9hicules, installer et activer des bo\u00eetiers t\u00e9l\u00e9matiques peut vite devenir un casse-t\u00eate logistique. \u00ab <em>La gestion des installations n\u00e9cessite une planification rigoureuse et une ex\u00e9cution pr\u00e9cise pour minimiser les interruptions et maximiser l\u2019efficacit\u00e9 <\/em>\u00bb, confirme Sarah Pellerin, en charge de ce service. Sarah a pour mission d\u2019analyser le parc client, d\u2019\u00e9tablir  un macro-planning, d\u2019orchestrer et de suivre les interventions avec une pr\u00e9cision millim\u00e9tr\u00e9e. Le r\u00e9sultat ? Une int\u00e9gration sans accrocs, pour un impact imm\u00e9diat sur l\u2019efficacit\u00e9 des op\u00e9rations.<\/p>\n\n\n\n<p><strong>Le \u201cresponsable strat\u00e9gie &amp; pilotage\u201d : l\u2019alli\u00e9 du gestionnaire pour maximiser sa performance<\/strong><\/p>\n\n\n\n<p>Une fois la solution de t\u00e9l\u00e9matique d\u00e9ploy\u00e9e, Oc\u00e9an propose la prestation de \u201cresponsable strat\u00e9gie &amp; pilotage\u201d. Il intervient dans la foul\u00e9e du d\u00e9ploiement, pour accompagner les entreprises dans l\u2019exploitation de leur solution Oc\u00e9an et les aider \u00e0 en tirer le meilleur parti. Charlotte Giacalone, qui pilote ce service, le d\u00e9finit ainsi : \u00ab <em>Mon r\u00f4le est d\u2019apporter un soutien personnalis\u00e9 au gestionnaire pour une exploitation des donn\u00e9es t\u00e9l\u00e9matiques, de garantir la supervision fine de son parc et de l\u2019aider \u00e0 atteindre ses objectifs avec succ\u00e8s ! <\/em>\u00bb Avec une fine connaissance des enjeux des entreprises adh\u00e9rentes \u00e0 ce service, elle assure les r\u00e9unions de suivi op\u00e9rationnel mensuelles, passant en revue les nouveaut\u00e9s, les indicateurs cl\u00e9s de succ\u00e8s, et les actions en cours.<\/p>\n\n\n\n<div class=\"wp-block-group has-sm-light-tertiary-background-color has-background\"><div class=\"wp-block-group__inner-container\">\n<figure class=\"wp-block-image size-full is-resized\"><img loading=\"lazy\" src=\"https:\/\/i2.wp.com\/batimedianews.com\/live\/wp-content\/uploads\/2024\/11\/image-167.png?resize=216%2C74\" alt=\"\" class=\"wp-image-41503\" width=\"216\" height=\"74\" srcset=\"https:\/\/i2.wp.com\/batimedianews.com\/live\/wp-content\/uploads\/2024\/11\/image-167.png?w=432&amp;ssl=1 432w, https:\/\/i2.wp.com\/batimedianews.com\/live\/wp-content\/uploads\/2024\/11\/image-167.png?resize=768%2C263&amp;ssl=1 768w, https:\/\/i2.wp.com\/batimedianews.com\/live\/wp-content\/uploads\/2024\/11\/image-167.png?resize=396%2C136&amp;ssl=1 396w\" sizes=\"(max-width: 600px) 91vw, (max-width: 900px) 600px, (max-width: 1060px) 50vw, (max-width: 1200px) 520px, (max-width: 1400px) 43vw, 600px\" data-recalc-dims=\"1\" \/><\/figure>\n\n\n\n<p class=\"has-text-color\" style=\"color:#fc6803\"><strong>\u00c0 propos d\u2019Oc\u00e9an, Orange Business<\/strong><\/p>\n\n\n\n<p class=\"has-text-color has-small-font-size\" style=\"color:#ada8a3\">Division du groupe Orange et plus particuli\u00e8rement de la partie d\u00e9di\u00e9e aux entreprises Orange Business, Oc\u00e9an est le sp\u00e9cialiste de la gestion de flotte et propose des solutions adapt\u00e9es au march\u00e9 fran\u00e7ais, europ\u00e9en et international depuis 20 ans.<\/p>\n\n\n\n<p class=\"has-text-color has-small-font-size\" style=\"color:#ada8a3\">Oc\u00e9an est certifi\u00e9 ISO 9001.<\/p>\n\n\n\n<p class=\"has-text-color has-small-font-size\" style=\"color:#ada8a3\">Avec 170 000 v\u00e9hicules et engins g\u00e9r\u00e9s et plus de 7 000 clients, nous proposons des solutions de gestion de flotte avec ou sans g\u00e9olocalisation mais surtout l\u2019expertise d\u2019un savoir-faire fran\u00e7ais au regard tourn\u00e9 vers la performance et l\u2019innovation.<\/p>\n\n\n\n<p class=\"has-text-color has-small-font-size\" style=\"color:#ada8a3\">A ce titre, Oc\u00e9an propose plusieurs solutions novatrices pour accompagner les entreprises dans leur d\u00e9marche RSE (responsabilit\u00e9 soci\u00e9tale des entreprises), notamment le diagnostic de flotte pour identifier les v\u00e9hicules \u00e9ligibles \u00e0 passer \u00e0 un mod\u00e8le \u00e9lectrique ou hybride rechargeable, le suivi avanc\u00e9 des v\u00e9hicules \u00e0 faibles \u00e9missions, le module \u00e9co-conduite ou bien encore l\u2019auto-partage avec cl\u00e9 d\u00e9mat\u00e9rialis\u00e9e.<\/p>\n\n\n\n<p class=\"has-text-color has-small-font-size\" style=\"color:#ada8a3\">Oc\u00e9an a d\u00e9velopp\u00e9 une v\u00e9ritable expertise avec des solutions sp\u00e9cialis\u00e9es par secteur d\u2019activit\u00e9 et se positionne ainsi comme leader fran\u00e7ais des solutions dans le domaine des v\u00e9hicules et engins connect\u00e9s dans les secteurs du B\u00e2timent et des Travaux Publics. Notre division dispose de savoir-faire pointus dans d\u2019autres domaines tels que le paysage, la maintenance, le d\u00e9pannage, la gestion de tourn\u00e9es et la tra\u00e7abilit\u00e9 des engins.<\/p>\n<\/div><\/div>\n","protected":false},"excerpt":{"rendered":"<p>Une nouvelle \u00e9tape vers l&rsquo;excellence pour Oc\u00e9an, l&rsquo;entit\u00e9 t\u00e9l\u00e9matique d&rsquo;Orange Business, qui red\u00e9finit l&rsquo;accompagnement client avec la mise en place d\u2019un nouveau catalogue de services. Deux prestations \u00e0 haute valeur ajout\u00e9 int\u00e8grent ce catalogue d\u00e9di\u00e9 aux grandes flottes : l\u2019accompagnement d\u2019un \u00ab\u00a0Coordinateur d\u00e9ploiement\u201d et \/ ou d\u2019un \u00ab\u00a0Responsable strat\u00e9gie &amp; pilotage\u201d. L\u2019objectif ? Proposer un [&hellip;]<\/p>\n","protected":false},"author":41,"featured_media":41505,"comment_status":"open","ping_status":"open","sticky":false,"template":"","format":"standard","meta":{"spay_email":""},"categories":[4,1103,119],"tags":[],"jetpack_featured_media_url":"https:\/\/i2.wp.com\/batimedianews.com\/live\/wp-content\/uploads\/2024\/11\/Orange.jpg?fit=1513%2C825&ssl=1","jetpack_sharing_enabled":true,"jetpack_likes_enabled":true,"jetpack-related-posts":[{"id":43817,"url":"https:\/\/batimedianews.com\/live\/index.php\/2025\/03\/27\/ocean-orange-business-catalogue-de-services-pour-les-grandes-flottes-interviews-des-expertes\/","url_meta":{"origin":41502,"position":0},"title":"OC\u00c9AN \u2013 ORANGE BUSINESS : Catalogue de services pour les grandes flottes \u2013 interviews des expertes","date":"27 mars 2025","format":false,"excerpt":"Fin 2024, Oc\u00e9an, le sp\u00e9cialiste en gestion de flotte d\u2019Orange Business, annon\u00e7ait le lancement de deux prestations de service d\u00e9di\u00e9es aux grandes flottes de v\u00e9hicules. Sarah Pellerin et Charlotte Giacalone, figures de proue de ces nouveaux services, partagent leur vision et expliquent leur travail dans le d\u00e9tail. Focus sur leur\u2026","rel":"","context":"Dans &quot;Actualit\u00e9 Entreprises&quot;","img":{"alt_text":"","src":"https:\/\/i0.wp.com\/batimedianews.com\/live\/wp-content\/uploads\/2025\/03\/Orange.jpg?fit=825%2C825&ssl=1&resize=350%2C200","width":350,"height":200},"classes":[]},{"id":43110,"url":"https:\/\/batimedianews.com\/live\/index.php\/2025\/02\/21\/ocean-orange-business-lance-son-propre-observatoire-de-la-mobilite-dedie-aux-entreprises\/","url_meta":{"origin":41502,"position":1},"title":"OCEAN \u2013 ORANGE BUSINESS lance son propre observatoire de la mobilit\u00e9 d\u00e9di\u00e9 aux entreprises","date":"21 f\u00e9vrier 2025","format":false,"excerpt":"Apr\u00e8s la cr\u00e9ation du Lab\u2019Oc\u00e9an en 2023, le sp\u00e9cialiste des v\u00e9hicules connect\u00e9s d\u2019Orange Business va plus loin dans l\u2019\u00e9coute active des entreprises fran\u00e7aises en lan\u00e7ant son propre observatoire de la mobilit\u00e9. Ce programme a pour objectif de recueillir les tendances de mobilit\u00e9 des entreprises fran\u00e7aises et de dresser des \u00e9tats\u2026","rel":"","context":"Dans &quot;Actualit\u00e9 Entreprises&quot;","img":{"alt_text":"","src":"https:\/\/i2.wp.com\/batimedianews.com\/live\/wp-content\/uploads\/2025\/02\/Orange-1.jpg?fit=825%2C825&ssl=1&resize=350%2C200","width":350,"height":200},"classes":[]},{"id":34517,"url":"https:\/\/batimedianews.com\/live\/index.php\/2024\/01\/23\/ocean-orange-business-exposera-aux-rencontres-flotauto-paris-le-08-fevrier\/","url_meta":{"origin":41502,"position":2},"title":"Oc\u00e9an \u2013 Orange Business exposera aux Rencontres Flotauto Paris le 08 f\u00e9vrier","date":"23 janvier 2024","format":false,"excerpt":"La division d\u00e9di\u00e9e aux v\u00e9hicules connect\u00e9s d\u2019Orange Business r\u00e9pondra pr\u00e9sent lors de la 13\u00e8me \u00e9dition des Rencontres Flotauto, le 08 mars 2024 \u00e0 la Grande Halle de la Villette, stand C45. Les \u00e9quipes Oc\u00e9an viendront pr\u00e9senter une actualit\u00e9 riche et une roadmap produits innovante, construite pour r\u00e9pondre aux enjeux li\u00e9s\u2026","rel":"","context":"Dans &quot;Actualit\u00e9 Entreprises&quot;","img":{"alt_text":"","src":"https:\/\/i1.wp.com\/batimedianews.com\/live\/wp-content\/uploads\/2024\/01\/Orange.jpg?fit=825%2C825&ssl=1&resize=350%2C200","width":350,"height":200},"classes":[]},{"id":39856,"url":"https:\/\/batimedianews.com\/live\/index.php\/2024\/09\/25\/ocean-orange-business-o-direct-engins-une-nouveaute-dans-la-gestion-des-flottes-dengins-de-chantier\/","url_meta":{"origin":41502,"position":3},"title":"OC\u00c9AN \u2013 ORANGE BUSINESS : O-Direct Engins : une nouveaut\u00e9 dans la gestion des flottes d&rsquo;engins de chantier","date":"25 septembre 2024","format":false,"excerpt":"Fort de son expertise aupr\u00e8s du secteur du BTP et disposant d\u00e9j\u00e0 de multiples connecteurs avec des constructeurs automobiles dont Stellantis, Renault, et BMW, Oc\u00e9an - Orange Business, lance O-Direct Engins. Cette nouvelle offre permet aux gestionnaires de flottes du BTP de disposer de puissantes analyses directement aliment\u00e9es par les\u2026","rel":"","context":"Dans &quot;gestion de chantier&quot;","img":{"alt_text":"","src":"https:\/\/i0.wp.com\/batimedianews.com\/live\/wp-content\/uploads\/2024\/09\/orange-buisness.png?fit=785%2C785&ssl=1&resize=350%2C200","width":350,"height":200},"classes":[]},{"id":42720,"url":"https:\/\/batimedianews.com\/live\/index.php\/2025\/02\/10\/ocean-orange-business-offre-autopartage-un-nouveau-tableau-de-bord-pour-faciliter-le-suivi-des-usages\/","url_meta":{"origin":41502,"position":4},"title":"OC\u00c9AN \u2013 ORANGE BUSINESS : Offre autopartage : un nouveau tableau de bord pour faciliter le suivi des usages","date":"10 f\u00e9vrier 2025","format":false,"excerpt":"L\u2019ann\u00e9e 2025 d\u00e9marre avec des nouveaut\u00e9s du c\u00f4t\u00e9 de l\u2019auto-partage pour Oc\u00e9an \u2013 Orange Business. L\u2019offre accueille une nouvelle fonctionnalit\u00e9 : le tableau de bord d\u2019autopartage. Destin\u00e9 aux gestionnaires de flotte, cet outil offre une vue d\u2019ensemble des usages de la flotte auto-partag\u00e9e. R\u00e9duire la taille de la flotte, limiter\u2026","rel":"","context":"Dans &quot;Actualit\u00e9 Entreprises&quot;","img":{"alt_text":"","src":"https:\/\/i0.wp.com\/batimedianews.com\/live\/wp-content\/uploads\/2025\/02\/Orange.jpg?fit=825%2C825&ssl=1&resize=350%2C200","width":350,"height":200},"classes":[]},{"id":38398,"url":"https:\/\/batimedianews.com\/live\/index.php\/2024\/07\/10\/nouveaute-la-gestion-des-equipements-auxiliaires-est-desormais-disponible\/","url_meta":{"origin":41502,"position":5},"title":"Nouveaut\u00e9 : la gestion des \u00e9quipements auxiliaires est d\u00e9sormais disponible !","date":"10 juillet 2024","format":false,"excerpt":"Oc\u00e9an lance une nouvelle fonctionnalit\u00e9 pour la gestion des \u00e9quipements auxiliaires. Ils d\u00e9signent les dispositifs suppl\u00e9mentaires install\u00e9s sur un v\u00e9hicule ou sur un engin, destin\u00e9s \u00e0 soutenir sa fonction principale (grues, pelles m\u00e9caniques, balayeuses, chargeuses, chariots \u00e9l\u00e9vateurs...). Gestion des \u00e9quipements auxiliaires : pour qui ? Les \u00e9quipements auxiliaires constituent une\u2026","rel":"","context":"Dans &quot;Actualit\u00e9 Entreprises&quot;","img":{"alt_text":"","src":"https:\/\/i2.wp.com\/batimedianews.com\/live\/wp-content\/uploads\/2024\/06\/Orange-articles-.jpg?fit=825%2C825&ssl=1&resize=350%2C200","width":350,"height":200},"classes":[]}],"_links":{"self":[{"href":"https:\/\/batimedianews.com\/live\/index.php\/wp-json\/wp\/v2\/posts\/41502"}],"collection":[{"href":"https:\/\/batimedianews.com\/live\/index.php\/wp-json\/wp\/v2\/posts"}],"about":[{"href":"https:\/\/batimedianews.com\/live\/index.php\/wp-json\/wp\/v2\/types\/post"}],"author":[{"embeddable":true,"href":"https:\/\/batimedianews.com\/live\/index.php\/wp-json\/wp\/v2\/users\/41"}],"replies":[{"embeddable":true,"href":"https:\/\/batimedianews.com\/live\/index.php\/wp-json\/wp\/v2\/comments?post=41502"}],"version-history":[{"count":2,"href":"https:\/\/batimedianews.com\/live\/index.php\/wp-json\/wp\/v2\/posts\/41502\/revisions"}],"predecessor-version":[{"id":41523,"href":"https:\/\/batimedianews.com\/live\/index.php\/wp-json\/wp\/v2\/posts\/41502\/revisions\/41523"}],"wp:featuredmedia":[{"embeddable":true,"href":"https:\/\/batimedianews.com\/live\/index.php\/wp-json\/wp\/v2\/media\/41505"}],"wp:attachment":[{"href":"https:\/\/batimedianews.com\/live\/index.php\/wp-json\/wp\/v2\/media?parent=41502"}],"wp:term":[{"taxonomy":"category","embeddable":true,"href":"https:\/\/batimedianews.com\/live\/index.php\/wp-json\/wp\/v2\/categories?post=41502"},{"taxonomy":"post_tag","embeddable":true,"href":"https:\/\/batimedianews.com\/live\/index.php\/wp-json\/wp\/v2\/tags?post=41502"}],"curies":[{"name":"wp","href":"https:\/\/api.w.org\/{rel}","templated":true}]}}