{"id":41507,"date":"2024-11-13T10:45:12","date_gmt":"2024-11-13T09:45:12","guid":{"rendered":"http:\/\/batimedianews.com\/live\/?p=41507"},"modified":"2025-04-08T20:32:49","modified_gmt":"2025-04-08T18:32:49","slug":"12-novembre-2024-journee-contre-la-precarite-energetique","status":"publish","type":"post","link":"https:\/\/batimedianews.com\/live\/index.php\/2024\/11\/13\/12-novembre-2024-journee-contre-la-precarite-energetique\/","title":{"rendered":"12 novembre 2024 : Journ\u00e9e contre la pr\u00e9carit\u00e9 \u00e9nerg\u00e9tique"},"content":{"rendered":"\n<p class=\"has-text-align-center has-medium-font-size\"><strong>Pack Zen&nbsp;d&rsquo;Atlantic&nbsp;\u00abnouvelle formule\u00bb : la solution sur-mesure de gestion des aides&nbsp;MaPrimeR\u00e9nov&rsquo; et CEE&nbsp;pour les installateurs !<\/strong><\/p>\n\n\n\n<div class=\"wp-block-image\"><figure class=\"aligncenter size-full\"><img loading=\"lazy\" width=\"498\" height=\"740\" src=\"https:\/\/i0.wp.com\/batimedianews.com\/live\/wp-content\/uploads\/2024\/11\/image-169.png?resize=498%2C740\" alt=\"\" class=\"wp-image-41508\" srcset=\"https:\/\/i0.wp.com\/batimedianews.com\/live\/wp-content\/uploads\/2024\/11\/image-169.png?w=498&amp;ssl=1 498w, https:\/\/i0.wp.com\/batimedianews.com\/live\/wp-content\/uploads\/2024\/11\/image-169.png?resize=768%2C1141&amp;ssl=1 768w, https:\/\/i0.wp.com\/batimedianews.com\/live\/wp-content\/uploads\/2024\/11\/image-169.png?resize=432%2C642&amp;ssl=1 432w, https:\/\/i0.wp.com\/batimedianews.com\/live\/wp-content\/uploads\/2024\/11\/image-169.png?resize=396%2C588&amp;ssl=1 396w\" sizes=\"(max-width: 600px) 91vw, (max-width: 900px) 600px, (max-width: 1060px) 50vw, (max-width: 1200px) 520px, (max-width: 1400px) 43vw, 600px\" data-recalc-dims=\"1\" \/><\/figure><\/div>\n\n\n\n<div class=\"wp-block-image\"><figure class=\"aligncenter size-full\"><img loading=\"lazy\" width=\"526\" height=\"244\" src=\"https:\/\/i0.wp.com\/batimedianews.com\/live\/wp-content\/uploads\/2024\/11\/image-170.png?resize=526%2C244\" alt=\"\" class=\"wp-image-41509\" srcset=\"https:\/\/i0.wp.com\/batimedianews.com\/live\/wp-content\/uploads\/2024\/11\/image-170.png?w=526&amp;ssl=1 526w, https:\/\/i0.wp.com\/batimedianews.com\/live\/wp-content\/uploads\/2024\/11\/image-170.png?resize=768%2C356&amp;ssl=1 768w, https:\/\/i0.wp.com\/batimedianews.com\/live\/wp-content\/uploads\/2024\/11\/image-170.png?resize=432%2C200&amp;ssl=1 432w, https:\/\/i0.wp.com\/batimedianews.com\/live\/wp-content\/uploads\/2024\/11\/image-170.png?resize=396%2C184&amp;ssl=1 396w\" sizes=\"(max-width: 600px) 91vw, (max-width: 900px) 600px, (max-width: 1060px) 50vw, (max-width: 1200px) 520px, (max-width: 1400px) 43vw, 600px\" data-recalc-dims=\"1\" \/><\/figure><\/div>\n\n\n\n<p>Face \u00e0 une transition \u00e9nerg\u00e9tique d\u00e9sormais incontournable, le financement des \u00e9nergies renouvelables reste m\u00e9connu pour de nombreux Fran\u00e7ais. Consciente de l&rsquo;importance du r\u00f4le des professionnels dans l&rsquo;accompagnement des clients sur les aides de l&rsquo;\u00c9tat (MaPrimeR\u00e9nov&rsquo; et CEE), Atlantic pr\u00e9sente le Pack Zen,&nbsp;<strong>l&rsquo;offre la plus compl\u00e8te du march\u00e9&nbsp;<\/strong>qui s&rsquo;adapte aux besoins des installateurs.<\/p>\n\n\n\n<p>En 2024 l&rsquo;offre s&rsquo;enrichit pour \u00eatre encore plus en ad\u00e9quation avec les besoins des professionnels. Adapt\u00e9 \u00e0 toutes les tailles d&rsquo;entreprises, il est con\u00e7u pour r\u00e9pondre \u00e0 leurs besoins en mati\u00e8re de gestion des aides financi\u00e8res et offre un accompagnement personnalis\u00e9 pour maximiser l&rsquo;efficacit\u00e9 des professionnels sur le terrain.<\/p>\n\n\n\n<p class=\"has-sm-color-primary-color has-text-color\"><strong>Une solution sur-mesure pour les professionnels<\/strong><\/p>\n\n\n\n<p><strong>3 formules Pack Zen:&nbsp;<\/strong><\/p>\n\n\n\n<p>Accessible, S\u00e9r\u00e9nit\u00e9 et Paiement Express \u2014 chacune con\u00e7ue pour r\u00e9pondre aux exigences sp\u00e9cifiques des installateurs. Ils peuvent choisir entre une gestion autonome de leurs dossiers ou une d\u00e9l\u00e9gation compl\u00e8te \u00e0 Atlantic, simplifiant ainsi leur processus administratif.<\/p>\n\n\n\n<ul><li>\u00b7&nbsp;<strong>Pack Zen Accessible<\/strong>&nbsp;: Gestion directe \u00e0 petit prix, avec un soutien de l&rsquo;\u00e9quipe Atlantic pour les structures souhaitant garder le contr\u00f4le.<\/li><li>\u00b7&nbsp;<strong>Pack Zen S\u00e9r\u00e9nit\u00e9<\/strong>&nbsp;: Prise en charge compl\u00e8te des d\u00e9marches administratives, id\u00e9ale pour all\u00e9ger la charge de travail des entreprises.<\/li><li>\u00b7&nbsp;<strong>Pack Zen Paiement Express<\/strong>&nbsp;: Versement rapide des primes en 15 jours, s\u00e9curisant la tr\u00e9sorerie des installateurs.<\/li><\/ul>\n\n\n\n<p>ATLANTIC a su s&rsquo;associer aux meilleurs acteurs du march\u00e9 pour proposer le meilleur montant de remboursement. Par exemple, pour une PAC Air\/Eau, jusqu&rsquo;\u00e0 10 100 \u20ac, jusqu&rsquo;au 31 d\u00e9cembre 2024 pour un m\u00e9nage de cat\u00e9gorie \u00ab tr\u00e8s modeste \u00bb, en combinant CEE et&nbsp;MaPrimeRenov&rsquo;.<\/p>\n\n\n\n<p class=\"has-sm-color-primary-color has-text-color\"><strong>Un accompagnement personnalis\u00e9<\/strong><\/p>\n\n\n\n<p>En plus de ces solutions financi\u00e8res,&nbsp;<strong>le Pack Zen inclut un accompagnement sur-mesure<\/strong>. Les professionnels b\u00e9n\u00e9ficient d&rsquo;un accompagnement rapide et d&rsquo;un service client d\u00e9di\u00e9 pour les assister dans la gestion de leurs projets. Le premier dossier trait\u00e9 est offert, permettant une premi\u00e8re exp\u00e9rience fluide et sans risque financier.<\/p>\n\n\n\n<p><strong><em>Laure&nbsp;Lamoure, Directrice Marketing de la marque Atlantic,<\/em><\/strong><em>&nbsp;souligne : \u00ab Avec le Pack Zen Atlantic, nous proposons&nbsp;<\/em><strong>la solution la plus compl\u00e8te<\/strong><em>&nbsp;adapt\u00e9e aux diff\u00e9rents besoins des installateurs pour que le particulier b\u00e9n\u00e9ficie syst\u00e9matiquement des aides financi\u00e8res. \u00bb<\/em><\/p>\n\n\n\n<p class=\"has-small-font-size\"><strong><em>A PROPOS DE LA MARQUE ATLANTIC&nbsp;<\/em><\/strong><\/p>\n\n\n\n<p class=\"has-small-font-size\">Atlantic est une marque fran\u00e7aise qui d\u00e9veloppe depuis plus de 55 ans des solutions de confort thermique&nbsp;multi-fonctions&nbsp;et multi-\u00e9nergies. Dans le march\u00e9 du neuf et de la r\u00e9novation, de l&rsquo;habitat (individuel et collectif) et du tertiaire, les offres Atlantic r\u00e9pondent aux exigences de bien-\u00eatre, d&rsquo;\u00e9conomie et d&rsquo;\u00e9cologie. Radiateurs \u00e9lectriques et s\u00e8che-serviettes, chaudi\u00e8res gaz, pompes \u00e0 chaleur air\/eau et air\/air, ventilation et traitement de l&rsquo;air, chauffe-eau \u00e9lectriques et thermodynamiques, autant de produits innovants alli\u00e9s \u00e0 un service personnalis\u00e9. Les appareils Atlantic sont install\u00e9s par des professionnels. S&rsquo;appuyant sur 11 sites industriels en France, Atlantic con\u00e7oit et fabrique l&rsquo;essentiel de ses solutions dans l&rsquo;hexagone. La marque s&rsquo;engage pour apporter \u00e0 tous ses clients plus de s\u00e9r\u00e9nit\u00e9.&nbsp;<\/p>\n","protected":false},"excerpt":{"rendered":"<p>Pack Zen&nbsp;d&rsquo;Atlantic&nbsp;\u00abnouvelle formule\u00bb : la solution sur-mesure de gestion des aides&nbsp;MaPrimeR\u00e9nov&rsquo; et CEE&nbsp;pour les installateurs ! Face \u00e0 une transition \u00e9nerg\u00e9tique d\u00e9sormais incontournable, le financement des \u00e9nergies renouvelables reste m\u00e9connu pour de nombreux Fran\u00e7ais. Consciente de l&rsquo;importance du r\u00f4le des professionnels dans l&rsquo;accompagnement des clients sur les aides de l&rsquo;\u00c9tat (MaPrimeR\u00e9nov&rsquo; et CEE), Atlantic pr\u00e9sente [&hellip;]<\/p>\n","protected":false},"author":41,"featured_media":41510,"comment_status":"open","ping_status":"open","sticky":false,"template":"","format":"standard","meta":{"spay_email":""},"categories":[4,2470,99,128],"tags":[],"jetpack_featured_media_url":"https:\/\/i1.wp.com\/batimedianews.com\/live\/wp-content\/uploads\/2024\/11\/Atlantic.jpg?fit=1513%2C825&ssl=1","jetpack_sharing_enabled":true,"jetpack_likes_enabled":true,"jetpack-related-posts":[{"id":41324,"url":"https:\/\/batimedianews.com\/live\/index.php\/2024\/11\/12\/lufme-poursuit-sa-mobilisation-et-devoile-son-manifeste-en-faveur-dune-politique-durable-de-renovation-des-logements\/","url_meta":{"origin":41507,"position":0},"title":"L\u2019UFME poursuit sa mobilisation et d\u00e9voile son Manifeste en faveur d\u2019une politique durable de r\u00e9novation des logements","date":"12 novembre 2024","format":false,"excerpt":"\u00a03 propositions pour massifier les travaux d\u2019am\u00e9lioration \u00e9nerg\u00e9tique\u00a0 L\u2019environnement est le d\u00e9fi du si\u00e8cle et les enjeux sont majeurs en France notamment pour le secteur du b\u00e2timent. Responsable de pr\u00e8s de la moiti\u00e9 de la consommation \u00e9nerg\u00e9tique nationale et de 23 %* des \u00e9missions de gaz \u00e0 effet de serre,\u2026","rel":"","context":"Dans &quot;Actualit\u00e9 Entreprises&quot;","img":{"alt_text":"","src":"https:\/\/i0.wp.com\/batimedianews.com\/live\/wp-content\/uploads\/2024\/11\/UFME-article.jpg?fit=825%2C825&ssl=1&resize=350%2C200","width":350,"height":200},"classes":[]},{"id":34656,"url":"https:\/\/batimedianews.com\/live\/index.php\/2024\/01\/25\/christophe-bechu-une-dynamique-de-fond-sest-installee-en-faveur-de-la-renovation-de-lhabitat\/","url_meta":{"origin":41507,"position":1},"title":"CHRISTOPHE BECHU : \u00ab UNE DYNAMIQUE DE FOND S\u2019EST INSTALLEE EN FAVEUR DE LA RENOVATION DE L\u2019HABITAT \u00bb","date":"25 janvier 2024","format":false,"excerpt":"Pour la troisi\u00e8me ann\u00e9e cons\u00e9cutive, l\u2019Anah, op\u00e9rateur du Minist\u00e8re de la Transition \u00e9cologique et de la Coh\u00e9sion des territoires a financ\u00e9 un volume tr\u00e8s important de projets de travaux : 623 790 logements priv\u00e9s ont ainsi \u00e9t\u00e9 r\u00e9nov\u00e9s, gr\u00e2ce \u00e0 3,12 Mds\u20ac d\u2019aides distribu\u00e9es qui ont g\u00e9n\u00e9r\u00e9 8,46 milliards d\u2019euros\u2026","rel":"","context":"Dans &quot;Actualit\u00e9 Entreprises&quot;","img":{"alt_text":"","src":"https:\/\/i0.wp.com\/batimedianews.com\/live\/wp-content\/uploads\/2024\/01\/bechu-image--scaled.jpeg?fit=1200%2C1200&ssl=1&resize=350%2C200","width":350,"height":200},"classes":[]},{"id":39862,"url":"https:\/\/batimedianews.com\/live\/index.php\/2024\/09\/25\/croissance-recrutements-vigilance-cozynergy-tire-son-epingle-du-jeu-grace-a-la-renovation-energetique-dampleur\/","url_meta":{"origin":41507,"position":2},"title":"Croissance, recrutements, vigilance : Cozynergy tire son \u00e9pingle du jeu gr\u00e2ce \u00e0 la r\u00e9novation \u00e9nerg\u00e9tique d\u2019ampleur","date":"25 septembre 2024","format":false,"excerpt":"Alors que le secteur de la r\u00e9novation \u00e9nerg\u00e9tique a enregistr\u00e9 une forte baisse du nombre de dossiers MaPrimeR\u00e9nov\u2019 sur le 1er semestre 2024 (-56% par rapport \u00e0 2023), Cozynergy, sp\u00e9cialiste de la r\u00e9novation \u00e9nerg\u00e9tique globale depuis 2013, constate au contraire une activit\u00e9 plus dynamique que jamais (+100% par rapport \u00e0\u2026","rel":"","context":"Dans &quot;Actualit\u00e9 Entreprises&quot;","img":{"alt_text":"","src":"https:\/\/i2.wp.com\/batimedianews.com\/live\/wp-content\/uploads\/2024\/09\/Cozynergy-articles-.jpg?fit=825%2C825&ssl=1&resize=350%2C200","width":350,"height":200},"classes":[]},{"id":42385,"url":"https:\/\/batimedianews.com\/live\/index.php\/2025\/01\/28\/bilan-2024-de-lanah-un-effort-massif-pour-mieux-renover-les-logements\/","url_meta":{"origin":41507,"position":3},"title":"BILAN 2024 DE L\u2019ANAH : Un effort massif pour mieux r\u00e9nover les logements","date":"28 janvier 2025","format":false,"excerpt":"L\u2019Anah publie ses chiffres cl\u00e9s 2024. Les r\u00e9sultats montrent que les dispositifs de l\u2019Agence permettent de r\u00e9nover beaucoup mieux, gr\u00e2ce \u00e0 un meilleur accompagnement des m\u00e9nages vers des projets ambitieux. Avec 3,77 milliards d\u2019euros, l\u2019Etat a consacr\u00e9 des moyens in\u00e9dits \u00e0 cette politique publique qui, plus que jamais, permet de\u2026","rel":"","context":"Dans &quot;Actualit\u00e9 Entreprises&quot;","img":{"alt_text":"","src":"https:\/\/i2.wp.com\/batimedianews.com\/live\/wp-content\/uploads\/2025\/01\/Anah-articles-.jpg?fit=825%2C825&ssl=1&resize=350%2C200","width":350,"height":200},"classes":[]},{"id":33406,"url":"https:\/\/batimedianews.com\/live\/index.php\/2023\/11\/29\/special-black-fraud-day-fraudes-a-la-renovation-energetique-des-solutions-existent-pour-limiter-les-risques\/","url_meta":{"origin":41507,"position":4},"title":"Sp\u00e9cial \u00ab Black Fraud day \u00bb ! &#8211; Fraudes \u00e0 la r\u00e9novation \u00e9nerg\u00e9tique : des solutions existent pour limiter les risques","date":"29 novembre 2023","format":false,"excerpt":"Paris le 23 novembre - Alors que le budget des aides \u00e0 la r\u00e9novation ne cesse d\u2019augmenter, et compte tenu du nombre croissant de Fran\u00e7ais effectuant des travaux, la fraude li\u00e9e au financement des travaux de r\u00e9novation \u00e9nerg\u00e9tique est de plus en plus r\u00e9pandue\u2026 \u00c0 tel point que le gouvernement\u2026","rel":"","context":"Dans &quot;Actualit\u00e9 Entreprises&quot;","img":{"alt_text":"","src":"https:\/\/i1.wp.com\/batimedianews.com\/live\/wp-content\/uploads\/2023\/11\/heero-Image-articles-.jpg?fit=825%2C825&ssl=1&resize=350%2C200","width":350,"height":200},"classes":[]},{"id":34660,"url":"https:\/\/batimedianews.com\/live\/index.php\/2024\/01\/25\/maprimerenov-copropriete\/","url_meta":{"origin":41507,"position":5},"title":"MaPrimeR\u00e9nov\u2019 Copropri\u00e9t\u00e9","date":"25 janvier 2024","format":false,"excerpt":"Pascal Poggi pour Batim\u00e9dia Ouverte \u00e0 toutes les copropri\u00e9t\u00e9s et \u00e0 tous les copropri\u00e9taires pour une r\u00e9novation \u00e9nerg\u00e9tique avec une r\u00e9duction des consommations d\u2019au moins 35%, MaPrimeR\u00e9nov\u2019 Copropri\u00e9t\u00e9 finance les travaux dans les parties communes et les parties privatives d\u00e9clar\u00e9es d'int\u00e9r\u00eat collectif d\u2019une copropri\u00e9t\u00e9. Doc. PP Disons-le tout de suite,\u2026","rel":"","context":"Dans &quot;MaprimeR\u00e9nov&quot;","img":{"alt_text":"","src":"https:\/\/i2.wp.com\/batimedianews.com\/live\/wp-content\/uploads\/2024\/01\/PP-1.png?fit=1200%2C1200&ssl=1&resize=350%2C200","width":350,"height":200},"classes":[]}],"_links":{"self":[{"href":"https:\/\/batimedianews.com\/live\/index.php\/wp-json\/wp\/v2\/posts\/41507"}],"collection":[{"href":"https:\/\/batimedianews.com\/live\/index.php\/wp-json\/wp\/v2\/posts"}],"about":[{"href":"https:\/\/batimedianews.com\/live\/index.php\/wp-json\/wp\/v2\/types\/post"}],"author":[{"embeddable":true,"href":"https:\/\/batimedianews.com\/live\/index.php\/wp-json\/wp\/v2\/users\/41"}],"replies":[{"embeddable":true,"href":"https:\/\/batimedianews.com\/live\/index.php\/wp-json\/wp\/v2\/comments?post=41507"}],"version-history":[{"count":2,"href":"https:\/\/batimedianews.com\/live\/index.php\/wp-json\/wp\/v2\/posts\/41507\/revisions"}],"predecessor-version":[{"id":41525,"href":"https:\/\/batimedianews.com\/live\/index.php\/wp-json\/wp\/v2\/posts\/41507\/revisions\/41525"}],"wp:featuredmedia":[{"embeddable":true,"href":"https:\/\/batimedianews.com\/live\/index.php\/wp-json\/wp\/v2\/media\/41510"}],"wp:attachment":[{"href":"https:\/\/batimedianews.com\/live\/index.php\/wp-json\/wp\/v2\/media?parent=41507"}],"wp:term":[{"taxonomy":"category","embeddable":true,"href":"https:\/\/batimedianews.com\/live\/index.php\/wp-json\/wp\/v2\/categories?post=41507"},{"taxonomy":"post_tag","embeddable":true,"href":"https:\/\/batimedianews.com\/live\/index.php\/wp-json\/wp\/v2\/tags?post=41507"}],"curies":[{"name":"wp","href":"https:\/\/api.w.org\/{rel}","templated":true}]}}