{"id":41609,"date":"2024-11-26T08:35:11","date_gmt":"2024-11-26T07:35:11","guid":{"rendered":"http:\/\/batimedianews.com\/live\/?p=41609"},"modified":"2025-04-08T20:32:30","modified_gmt":"2025-04-08T18:32:30","slug":"wicona-sengage-a-reduire-limpact-carbone-de-son-activite-transport-et-devient-le-1er-gammiste-a-sengager-dans-le-dispositif-fret21-du-programme-eve","status":"publish","type":"post","link":"https:\/\/batimedianews.com\/live\/index.php\/2024\/11\/26\/wicona-sengage-a-reduire-limpact-carbone-de-son-activite-transport-et-devient-le-1er-gammiste-a-sengager-dans-le-dispositif-fret21-du-programme-eve\/","title":{"rendered":"WICONA s\u2019engage \u00e0 r\u00e9duire l\u2019impact carbone de son activit\u00e9 transport et devient le 1er gammiste \u00e0 s\u2019engager dans le dispositif fret21 du programme EVE"},"content":{"rendered":"\n<div class=\"wp-block-media-text alignwide is-stacked-on-mobile\" style=\"grid-template-columns:33% auto\"><figure class=\"wp-block-media-text__media\"><img loading=\"lazy\" width=\"568\" height=\"228\" src=\"https:\/\/i2.wp.com\/batimedianews.com\/live\/wp-content\/uploads\/2024\/11\/image-197.png?resize=568%2C228\" alt=\"\" class=\"wp-image-41610 size-full\" srcset=\"https:\/\/i2.wp.com\/batimedianews.com\/live\/wp-content\/uploads\/2024\/11\/image-197.png?w=568&amp;ssl=1 568w, https:\/\/i2.wp.com\/batimedianews.com\/live\/wp-content\/uploads\/2024\/11\/image-197.png?resize=768%2C308&amp;ssl=1 768w, https:\/\/i2.wp.com\/batimedianews.com\/live\/wp-content\/uploads\/2024\/11\/image-197.png?resize=432%2C173&amp;ssl=1 432w, https:\/\/i2.wp.com\/batimedianews.com\/live\/wp-content\/uploads\/2024\/11\/image-197.png?resize=396%2C159&amp;ssl=1 396w\" sizes=\"(max-width: 600px) 91vw, (max-width: 900px) 600px, (max-width: 1060px) 50vw, (max-width: 1200px) 520px, (max-width: 1400px) 43vw, 600px\" data-recalc-dims=\"1\" \/><\/figure><div class=\"wp-block-media-text__content\">\n<p class=\"has-sm-color-tertiary-color has-text-color has-medium-font-size\"><em>Un programme d\u2019Engagements Volontaires pour l\u2019Environnement \u2013 Transports et Logistique (EVE) \u2013 qui vise \u00e0 accompagner l\u2019ensemble des entreprises dans la r\u00e9duction de l\u2019impact \u00e9nerg\u00e9tique et environnemental de leurs activit\u00e9s de transport et logistique.<\/em><\/p>\n<\/div><\/div>\n\n\n\n<p>Pla\u00e7ant la Responsabilit\u00e9 Sociale et Environnementale au c\u0153ur de ses enjeux depuis de nombreuses ann\u00e9es, WICONA, l\u2019industriel soissonnais sp\u00e9cialiste dans la conception et la commercialisation de syst\u00e8mes de fa\u00e7ades et de menuiseries en aluminium bas carbone pour le b\u00e2timent, travaille \u00e0 limiter l\u2019empreinte environnementale de ses produits et de ses proc\u00e9d\u00e9s \u00e0 travers une approche holistique (mat\u00e9riaux, produits ; entreprise et soci\u00e9t\u00e9). La marque s\u2019est fix\u00e9e comme objectif de r\u00e9duire de moiti\u00e9 ses \u00e9missions de carbone d&rsquo;ici 2025.<\/p>\n\n\n\n<p>Retrouvez la strat\u00e9gie RSE WICONA ici<\/p>\n\n\n\n<p>Dans ce cadre, et conscient que le poste transport de marchandises est un poste d\u2019\u00e9mission de gaz \u00e0 effet de serre et de polluants atmosph\u00e9riques significatifs, WICONA a souhait\u00e9 rejoindre le dispositif FRET21 du programme EVE (Engagements Volontaires pour l\u2019Environnement) afin de r\u00e9duire l\u2019impact carbone du transport de ses produits.<\/p>\n\n\n\n<p>Ce programme est port\u00e9 par l\u2019ADEME, Eco CO2 et les Organisations Professionnelles (AUTF, CGF, FNTR, FNTV, OTRE, Union TLF) et b\u00e9n\u00e9ficie du soutien du Gouvernement repr\u00e9sent\u00e9 par le minist\u00e8re de la Transition \u00e9cologique et de la Coh\u00e9sion des territoires et par le minist\u00e8re de la Transition \u00e9nerg\u00e9tique.<\/p>\n\n\n\n<p>Pour Fran\u00e7ois-Xavier Varlet, Supply Chain manager chez WICONA \u00ab<em> Le programme EVE s\u2019inscrit dans la d\u00e9marche RSE globale initi\u00e9e par le groupe de longue date. Il va nous permettre d\u2019agir et d\u2019am\u00e9liorer durablement notre impact carbone en b\u00e9n\u00e9ficiant d\u2019outils op\u00e9rationnels pour \u00e9valuer nos \u00e9missions, d\u2019une m\u00e9thodologie \u00e9prouv\u00e9e pour piloter nos actions mais \u00e9galement d\u2019un accompagnement individualis\u00e9. FRET21 r\u00e9pond \u00e0 nos besoins au titre de chargeur. <\/em>\u00bb<\/p>\n\n\n\n<figure class=\"wp-block-image size-large\"><img loading=\"lazy\" width=\"720\" height=\"720\" src=\"https:\/\/i2.wp.com\/batimedianews.com\/live\/wp-content\/uploads\/2024\/11\/image-198.png?resize=720%2C720\" alt=\"\" class=\"wp-image-41611\" srcset=\"https:\/\/i2.wp.com\/batimedianews.com\/live\/wp-content\/uploads\/2024\/11\/image-198.png?resize=1024%2C1024&amp;ssl=1 1024w, https:\/\/i2.wp.com\/batimedianews.com\/live\/wp-content\/uploads\/2024\/11\/image-198.png?resize=600%2C600&amp;ssl=1 600w, https:\/\/i2.wp.com\/batimedianews.com\/live\/wp-content\/uploads\/2024\/11\/image-198.png?resize=300%2C300&amp;ssl=1 300w, https:\/\/i2.wp.com\/batimedianews.com\/live\/wp-content\/uploads\/2024\/11\/image-198.png?resize=1536%2C1536&amp;ssl=1 1536w, https:\/\/i2.wp.com\/batimedianews.com\/live\/wp-content\/uploads\/2024\/11\/image-198.png?resize=2048%2C2048&amp;ssl=1 2048w, https:\/\/i2.wp.com\/batimedianews.com\/live\/wp-content\/uploads\/2024\/11\/image-198.png?resize=10%2C10&amp;ssl=1 10w, https:\/\/i2.wp.com\/batimedianews.com\/live\/wp-content\/uploads\/2024\/11\/image-198.png?zoom=3&amp;resize=1024%2C1024 3072w\" sizes=\"(max-width: 600px) 91vw, (max-width: 900px) 600px, (max-width: 1060px) 50vw, (max-width: 1200px) 520px, (max-width: 1400px) 43vw, 600px\" data-recalc-dims=\"1\" \/><\/figure>\n\n\n\n<p>WICONA va mener des actions concr\u00e8tes au travers de 3 axes :<\/p>\n\n\n\n<ul><li>L\u2019optimisation du taux de chargement des camions et la massification des tourn\u00e9es.<\/li><li>Le changement des moyens de transport. En lien avec son engagement sur les achats responsables, WICONA compte sur l\u2019implication de tous ses prestataires de transport pour que ce projet soit une r\u00e9ussite. WICONA vise \u00e0 ce que 75 % de la flotte de ses transporteurs fonctionne au bio-carburant B100 pour assurer les livraisons \u00e0 ses clients.<\/li><li>L\u2019augmentation de la part de transporteurs engag\u00e9s dans la charte Objectif CO2 (incitation \u00e0 ce que tous ses transporteurs soient labellis\u00e9s Objectif CO2 dans 3 ans).<\/li><\/ul>\n\n\n\n<p>Sur l\u2019activit\u00e9 transport et logistique, WICONA ambitionne de r\u00e9duire ses \u00e9missions de CO2 de 29 % par rapport \u00e0 2023, ce qui correspond \u00e0 une diminution de plus de 330 tonnes de CO2 rejet\u00e9es dans l&rsquo;atmosph\u00e8re. Il s\u2019agit d\u2019un objectif ambitieux et cependant r\u00e9aliste compte tenu des investissements et nombreuses initiatives en cours.<\/p>\n","protected":false},"excerpt":{"rendered":"<p>Un programme d\u2019Engagements Volontaires pour l\u2019Environnement \u2013 Transports et Logistique (EVE) \u2013 qui vise \u00e0 accompagner l\u2019ensemble des entreprises dans la r\u00e9duction de l\u2019impact \u00e9nerg\u00e9tique et environnemental de leurs activit\u00e9s de transport et logistique. Pla\u00e7ant la Responsabilit\u00e9 Sociale et Environnementale au c\u0153ur de ses enjeux depuis de nombreuses ann\u00e9es, WICONA, l\u2019industriel soissonnais sp\u00e9cialiste dans la [&hellip;]<\/p>\n","protected":false},"author":41,"featured_media":41613,"comment_status":"open","ping_status":"open","sticky":false,"template":"","format":"standard","meta":{"spay_email":""},"categories":[4,743,1727,129,873],"tags":[],"jetpack_featured_media_url":"https:\/\/i0.wp.com\/batimedianews.com\/live\/wp-content\/uploads\/2024\/11\/Wicona.jpg?fit=1513%2C825&ssl=1","jetpack_sharing_enabled":true,"jetpack_likes_enabled":true,"jetpack-related-posts":[{"id":43621,"url":"https:\/\/batimedianews.com\/live\/index.php\/2025\/03\/17\/le-site-industriel-et-logistique-wicona-de-courmelles-poursuit-sa-mutation-verte-et-sillustre-particulierement-par-une-gestion-des-dechets-exemplaire-et-perenne-avec-zero-enfouissement-depui\/","url_meta":{"origin":41609,"position":0},"title":"Le site industriel et logistique WICONA de Courmelles poursuit sa mutation verte et s\u2019illustre particuli\u00e8rement par une gestion des d\u00e9chets exemplaire et p\u00e9renne, avec z\u00e9ro enfouissement depuis sept mois","date":"17 mars 2025","format":false,"excerpt":"Courmelles, 13 mars 2025. Le respect des enjeux de d\u00e9veloppement durable constitue, depuis toujours, une des priorit\u00e9s de WICONA, qui s\u2019est engag\u00e9e \u00e0 atteindre la neutralit\u00e9 carbone \u00e0 horizon 2050. Le site de Courmelles s'inscrit pleinement dans cette strat\u00e9gie, avec des actions concr\u00e8tes mises en place depuis dix ans pour\u2026","rel":"","context":"Dans &quot;Actualit\u00e9 Entreprises&quot;","img":{"alt_text":"","src":"https:\/\/i1.wp.com\/batimedianews.com\/live\/wp-content\/uploads\/2025\/03\/Wicona-1.jpg?fit=825%2C825&ssl=1&resize=350%2C200","width":350,"height":200},"classes":[]},{"id":20529,"url":"https:\/\/batimedianews.com\/live\/index.php\/2022\/05\/31\/ciments-calcia-rejoint-fret-21-et-fait-dheidelbergcement-france-le-premier-groupe-a-adherer-aux-3-dispositifs-du-programme-eve-proposes-par-lademe\/","url_meta":{"origin":41609,"position":1},"title":"Ciments Calcia rejoint FRET 21 et fait d\u2019HeidelbergCement France le premier Groupe \u00e0 adh\u00e9rer aux 3 dispositifs du programme EVE propos\u00e9s par l\u2019ADEME","date":"31 mai 2022","format":false,"excerpt":"Le programme d\u2019Engagements Volontaires pour l\u2019Environnement - Transport et Logistique (EVE) vise \u00e0 sensibiliser, former et accompagner les acteurs professionnels du transport et de la logistique \u00e0 l\u2019am\u00e9lioration de leur performance \u00e9nerg\u00e9tique & environnementale. Il int\u00e8gre 3 dispositifs d\u2019engagements volontaires : Objectif CO2 pour les transporteurs, FRET 21 pour les\u2026","rel":"","context":"Dans &quot;B\u00e9ton&quot;","img":{"alt_text":"","src":"https:\/\/i1.wp.com\/batimedianews.com\/live\/wp-content\/uploads\/2022\/05\/Heidelbergcement-Article.jpg?fit=1080%2C1080&ssl=1&resize=350%2C200","width":350,"height":200},"classes":[]},{"id":37352,"url":"https:\/\/batimedianews.com\/live\/index.php\/2024\/05\/16\/edycem-sengage-dans-le-dispositif-fret21-et-vise-a-reduire-de-7-ses-emissions-de-co2-liees-au-transport-du-beton-pret-a-lemploi-dici-2026\/","url_meta":{"origin":41609,"position":2},"title":"EDYCEM s\u2019engage dans le dispositif FRET21 et vise \u00e0 r\u00e9duire de 7 % ses \u00e9missions de CO2 li\u00e9es au transport du b\u00e9ton pr\u00eat-\u00e0-l\u2019emploi d\u2019ici 2026","date":"16 mai 2024","format":false,"excerpt":"La logistique transport constitue un levier strat\u00e9gique dans une organisation telle qu\u2019EDYCEM qui formule, fabrique et distribue du b\u00e9ton pr\u00eat-\u00e0-l\u2019emploi n\u00e9cessitant d\u2019\u00eatre livr\u00e9 dans les deux heures suivant sa sortie de la centrale. Maillage territorial de proximit\u00e9, r\u00e9duction du nombre de kilom\u00e8tres \u00e0 parcourir, affectation du v\u00e9hicule adapt\u00e9, taux de\u2026","rel":"","context":"Dans &quot;Actualit\u00e9 Entreprises&quot;","img":{"alt_text":"","src":"https:\/\/i2.wp.com\/batimedianews.com\/live\/wp-content\/uploads\/2024\/05\/Edycem.jpg?fit=825%2C825&ssl=1&resize=350%2C200","width":350,"height":200},"classes":[]},{"id":39801,"url":"https:\/\/batimedianews.com\/live\/index.php\/2024\/09\/23\/wicona-rejoint-cyneo-et-piree-deux-plateformes-cles-visant-a-faciliter-le-reemploi-des-materiaux-de-construction-dans-les-operations-immobilieres\/","url_meta":{"origin":41609,"position":3},"title":"WICONA rejoint CYNEO et PIREE, deux plateformes cl\u00e9s visant \u00e0 faciliter le r\u00e9emploi des mat\u00e9riaux de construction dans les op\u00e9rations immobili\u00e8res","date":"23 septembre 2024","format":false,"excerpt":"Face aux enjeux environnementaux, r\u00e9glementaires et \u00e9conomiques, le r\u00e9emploi des mat\u00e9riaux dans la construction doit grandir de fa\u00e7on exponentielle. Chez WICONA, la question du cycle de vie des mat\u00e9riaux, du recyclage et des ressources est au coeur des pr\u00e9occupations des \u00e9quipes depuis plus de 10 ans. Premier gammiste de menuiseries\u2026","rel":"","context":"Dans &quot;Actualit\u00e9 Entreprises&quot;","img":{"alt_text":"","src":"https:\/\/i2.wp.com\/batimedianews.com\/live\/wp-content\/uploads\/2024\/09\/Wicona.jpg?fit=825%2C825&ssl=1&resize=350%2C200","width":350,"height":200},"classes":[]},{"id":1356,"url":"https:\/\/batimedianews.com\/live\/index.php\/2019\/06\/26\/wicona-acteur-dun-monde-ecoresponsable\/","url_meta":{"origin":41609,"position":4},"title":"Wicona: ACTEUR D\u2019UN MONDE \u00c9CORESPONSABLE","date":"26 juin 2019","format":false,"excerpt":"Pour WICONA, l\u2019\u00e9dition 2019 de BATIMAT sera plac\u00e9e sous le\u00a0signe du d\u00e9veloppement durable, et de l\u2019innovation au service de\u00a0l\u2019environnement. Le march\u00e9 du b\u00e2timent et de la construction est l\u2019un\u00a0des secteurs les plus concern\u00e9s par les enjeux du d\u00e9veloppement\u00a0durable. Si en la mati\u00e8re, l\u2019impact environnemental z\u00e9ro n\u2019existe pas,\u00a0WICONA met en oeuvre\u2026","rel":"","context":"Dans &quot;Actualit\u00e9 Entreprises&quot;","img":{"alt_text":"","src":"https:\/\/i1.wp.com\/batimedianews.com\/live\/wp-content\/uploads\/2019\/08\/wicona_image.jpg?fit=937%2C937&ssl=1&resize=350%2C200","width":350,"height":200},"classes":[]},{"id":37991,"url":"https:\/\/batimedianews.com\/live\/index.php\/2024\/06\/10\/pour-une-circularite-a-100-de-lenveloppe-du-batiment-wicona-boucle-la-boucle-de-sa-filiere-de-recyclage-a-travers-une-nouvelle-activite-de-collecte-daluminium-sur-des-chantiers-de\/","url_meta":{"origin":41609,"position":5},"title":"Pour une circularit\u00e9 \u00e0 100% de l\u2019enveloppe du b\u00e2timent : WICONA boucle la boucle de sa fili\u00e8re de recyclage \u00e0 travers une nouvelle activit\u00e9 de collecte d\u2019aluminium sur des chantiers de r\u00e9novation","date":"10 juin 2024","format":false,"excerpt":"Cr\u00e9dit photo: HYDRO \/ WICONA M\u00fb par sa volont\u00e9 de proposer une circularit\u00e9 \u00e0 100% de ses menuiseries en aluminium, l\u2019industriel WICONA, filiale du groupe norv\u00e9gien Hydro, r\u00e9alise depuis 2023 des exp\u00e9rimentations de r\u00e9cup\u00e9ration et de traitement de l\u2019aluminium issu de menuiseries ou de fa\u00e7ades d\u00e9pos\u00e9es sur des projets de\u2026","rel":"","context":"Dans &quot;Actualit\u00e9 Entreprises&quot;","img":{"alt_text":"","src":"https:\/\/i1.wp.com\/batimedianews.com\/live\/wp-content\/uploads\/2024\/06\/Wicona.jpg?fit=825%2C825&ssl=1&resize=350%2C200","width":350,"height":200},"classes":[]}],"_links":{"self":[{"href":"https:\/\/batimedianews.com\/live\/index.php\/wp-json\/wp\/v2\/posts\/41609"}],"collection":[{"href":"https:\/\/batimedianews.com\/live\/index.php\/wp-json\/wp\/v2\/posts"}],"about":[{"href":"https:\/\/batimedianews.com\/live\/index.php\/wp-json\/wp\/v2\/types\/post"}],"author":[{"embeddable":true,"href":"https:\/\/batimedianews.com\/live\/index.php\/wp-json\/wp\/v2\/users\/41"}],"replies":[{"embeddable":true,"href":"https:\/\/batimedianews.com\/live\/index.php\/wp-json\/wp\/v2\/comments?post=41609"}],"version-history":[{"count":2,"href":"https:\/\/batimedianews.com\/live\/index.php\/wp-json\/wp\/v2\/posts\/41609\/revisions"}],"predecessor-version":[{"id":41713,"href":"https:\/\/batimedianews.com\/live\/index.php\/wp-json\/wp\/v2\/posts\/41609\/revisions\/41713"}],"wp:featuredmedia":[{"embeddable":true,"href":"https:\/\/batimedianews.com\/live\/index.php\/wp-json\/wp\/v2\/media\/41613"}],"wp:attachment":[{"href":"https:\/\/batimedianews.com\/live\/index.php\/wp-json\/wp\/v2\/media?parent=41609"}],"wp:term":[{"taxonomy":"category","embeddable":true,"href":"https:\/\/batimedianews.com\/live\/index.php\/wp-json\/wp\/v2\/categories?post=41609"},{"taxonomy":"post_tag","embeddable":true,"href":"https:\/\/batimedianews.com\/live\/index.php\/wp-json\/wp\/v2\/tags?post=41609"}],"curies":[{"name":"wp","href":"https:\/\/api.w.org\/{rel}","templated":true}]}}