{"id":41623,"date":"2024-11-26T08:46:22","date_gmt":"2024-11-26T07:46:22","guid":{"rendered":"http:\/\/batimedianews.com\/live\/?p=41623"},"modified":"2025-04-08T20:32:30","modified_gmt":"2025-04-08T18:32:30","slug":"inli-et-constructa-sassocient-a-urban-campus-pour-proposer-une-offre-de-logements-intermediaires-multi-family","status":"publish","type":"post","link":"https:\/\/batimedianews.com\/live\/index.php\/2024\/11\/26\/inli-et-constructa-sassocient-a-urban-campus-pour-proposer-une-offre-de-logements-intermediaires-multi-family\/","title":{"rendered":"In\u2019li et Constructa s\u2019associent \u00e0 Urban Campus pour proposer une offre de logements interm\u00e9diaires \u00ab multi-family \u00bb"},"content":{"rendered":"\n<p class=\"has-text-align-center has-sm-color-primary-color has-text-color has-medium-font-size\">&nbsp;<strong>Inauguration de la r\u00e9sidence \u00ab L\u2019Envol\u00e9e-Le Bourget Gare \u00bb&nbsp;<\/strong><\/p>\n\n\n\n<figure class=\"wp-block-image size-full\"><img loading=\"lazy\" width=\"720\" height=\"511\" src=\"https:\/\/i0.wp.com\/batimedianews.com\/live\/wp-content\/uploads\/2024\/11\/image-202.png?resize=720%2C511\" alt=\"\" class=\"wp-image-41624\" srcset=\"https:\/\/i0.wp.com\/batimedianews.com\/live\/wp-content\/uploads\/2024\/11\/image-202.png?w=876&amp;ssl=1 876w, https:\/\/i0.wp.com\/batimedianews.com\/live\/wp-content\/uploads\/2024\/11\/image-202.png?resize=768%2C545&amp;ssl=1 768w, https:\/\/i0.wp.com\/batimedianews.com\/live\/wp-content\/uploads\/2024\/11\/image-202.png?resize=432%2C307&amp;ssl=1 432w, https:\/\/i0.wp.com\/batimedianews.com\/live\/wp-content\/uploads\/2024\/11\/image-202.png?resize=396%2C281&amp;ssl=1 396w, https:\/\/i0.wp.com\/batimedianews.com\/live\/wp-content\/uploads\/2024\/11\/image-202.png?resize=660%2C469&amp;ssl=1 660w\" sizes=\"(max-width: 600px) 91vw, (max-width: 900px) 600px, (max-width: 1060px) 50vw, (max-width: 1200px) 520px, (max-width: 1400px) 43vw, 600px\" data-recalc-dims=\"1\" \/><\/figure>\n\n\n\n<p><strong>Jeudi 21 novembre 2024, Jean-Baptiste Pietri, Pr\u00e9sident du Groupe Constructa, et Eric Balci, Pr\u00e9sident du directoire d\u2019in\u2019li, ont inaugur\u00e9 la r\u00e9sidence \u00ab L\u2019Envol\u00e9e \u2013 Le Bourget Gare \u00bb, en pr\u00e9sence de  Romain Cr\u00e9pel, Directeur France d\u2019Urban Campus.\u00a0<\/strong><\/p>\n\n\n\n<p>Cet \u00e9v\u00e9nement&nbsp;&nbsp;marque l&rsquo;aboutissement d\u2019un projet innovant de logements interm\u00e9diaires pour les classes moyennes qui allie confort, s\u00e9curit\u00e9 et modernit\u00e9, tout en proposant une offre de services unique, pens\u00e9e pour le bien-\u00eatre de ses r\u00e9sidents et des familles.&nbsp;<\/p>\n\n\n\n<p><strong>Un partenariat solide pour une offre de logements novatrice et abordable pour les familles&nbsp;<\/strong><\/p>\n\n\n\n<p>Constructa Les \u00c9diteurs Urbains, filiale de la promotion immobili\u00e8re du Groupe Constructa, in\u2019li, leader du logement interm\u00e9diaire en \u00cele-de-France et filiale du groupe Action Logement, et Urban Campus, acteur europ\u00e9en majeur du r\u00e9sidentiel serviciel, partagent une ambition commune : d\u00e9velopper un habitat innovant, adapt\u00e9 aux nouveaux usages et attentes des r\u00e9sidents.&nbsp;<\/p>\n\n\n\n<p>Il s\u2019agit \u00e9galement d\u2019une \u00e9tape d\u00e9cisive qui illustre leur ambition commune de d\u00e9velopper un habitat \u00e0 prix maitris\u00e9, adapt\u00e9 aux nouveaux usages et aux nouvelles attentes. Ce type d\u2019habitat urbain partag\u00e9 alliant espaces privatifs, espaces partag\u00e9s et services mutualis\u00e9s jusqu\u2019ici plut\u00f4t destin\u00e9s aux jeunes actifs est d\u00e9sormais propos\u00e9 aux familles \u00e0 travers une nouvelle offre locative : le \u00ab multi family \u00bb.&nbsp;<\/p>\n\n\n\n<p>Le mod\u00e8le du logement interm\u00e9diaire \u00ab multi family \u00bb pr\u00e9sente de multiples int\u00e9r\u00eats. D\u2019une part, il redonne du pouvoir d\u2019achat aux familles et jeunes actifs, en proposant un loyer abordable. D\u2019autre part, il propose une exp\u00e9rience locative renouvel\u00e9e qui met l\u2019humain au centre de l\u2019immeuble, en int\u00e9grant des espaces de services partag\u00e9s comme une salle de coworking, de sport, de jeux ainsi qu\u2019une terrasse collective. Gr\u00e2ce au mod\u00e8le unique d\u00e9velopp\u00e9 par Urban Campus et in\u2019li, ces espaces communs sont accessibles tout le temps \u00e0 l\u2019ensemble des locataires, et sont compris dans leur loyer interm\u00e9diaire.&nbsp;<\/p>\n\n\n\n<p><strong>Des services et des espaces communs au coeur de l\u2019exp\u00e9rience r\u00e9sidentielle&nbsp;<\/strong><\/p>\n\n\n\n<p>La r\u00e9sidence \u00ab L\u2019Envol\u00e9e \u00bb, con\u00e7ue avec J.O.K Architecture, propose 80 logements allant du studio au T4, tous dot\u00e9s de cuisines enti\u00e8rement \u00e9quip\u00e9es et 89 places de parking. Ce qui distingue cette r\u00e9sidence, ce sont ses plus de 130m2 d\u2019espaces communs et ses services int\u00e9gr\u00e9s, con\u00e7us pour faciliter la vie quotidienne de ses occupants.&nbsp;<\/p>\n\n\n\n<p>La s\u00e9curit\u00e9 est \u00e9galement une priorit\u00e9 : la r\u00e9sidence est \u00e9quip\u00e9e d&rsquo;un syst\u00e8me de vid\u00e9osurveillance et d&rsquo;un contr\u00f4le d&rsquo;acc\u00e8s des portes, garantissant un environnement serein.&nbsp;<\/p>\n\n\n\n<p>Cette initiative permet aux familles d&rsquo;acc\u00e9der \u00e0 des logements de qualit\u00e9 \u00e0 des loyers comp\u00e9titifs, faisant de \u00ab L\u2019Envol\u00e9e \u00bb une solution pertinente pour r\u00e9pondre \u00e0 la demande de logements abordables \u00e0 proximit\u00e9 de Paris.&nbsp;<\/p>\n\n\n\n<p><strong>Une situation g\u00e9ographique exceptionnelle&nbsp;<\/strong><\/p>\n\n\n\n<p>Id\u00e9alement situ\u00e9e \u00e0 deux minutes \u00e0 pied de la gare RER B et des futures lignes 16 et 17 du Grand Paris Express, \u00ab L\u2019Envol\u00e9e \u00bb permet \u00e0 ses locataires d&rsquo;\u00eatre facilement connect\u00e9s au r\u00e9seau francilien tout en profitant d\u2019un quartier dynamique, riche en commerces et services.&nbsp;<\/p>\n\n\n\n<p><em>\u00ab La r\u00e9sidence \u00ab\u00a0L\u2019Envol\u00e9e\u00a0\u00bb t\u00e9moigne de notre engagement \u00e0 offrir des logements de qualit\u00e9 avec des services adapt\u00e9s aux besoins d&rsquo;aujourd&rsquo;hui. Nous sommes tr\u00e8s heureux de cette collaboration avec in\u2019li et fiers de contribuer \u00e0 une offre locative accessible et moderne en \u00cele-de-France. Ce projet r\u00e9pond \u00e0 la demande croissante de logements flexibles, o\u00f9 qualit\u00e9 de vie et accessibilit\u00e9 sont essentielles. \u00bb <\/em><strong>d\u00e9clare Jean-Baptiste Pietri, Pr\u00e9sident du Groupe Constructa.&nbsp;<\/strong><\/p>\n\n\n\n<p>\u00ab <em>Le d\u00e9veloppement du multifamilial interm\u00e9diaire r\u00e9pond aux nouveaux usages et aux besoins des familles qui peuvent acc\u00e9der \u00e0 une offre moderne, innovante et adapt\u00e9e \u00e0 leur budget. La r\u00e9sidence du Bourget est une r\u00e9ponse concr\u00e8te \u00e0 leurs attentes et contribue \u00e0 am\u00e9liorer l\u2019offre de logements interm\u00e9diaires destin\u00e9e aux classes moyennes \u00bb <\/em><strong><em>d\u00e9clare Eric Balci, Pr\u00e9sident du Directoire d\u2019in\u2019li&nbsp;<\/em><\/strong><\/p>\n\n\n\n<p>\u00ab <em>Cet immeuble est le symbole d\u2019un nouveau mode de vie pour les jeunes familles urbaines tourn\u00e9 autour du vivre-ensemble et r\u00e9pondant aux besoins des jeunes couples et des familles. Et surtout il s\u2019agit du premier immeuble livr\u00e9 en France combinant services et parties communes am\u00e9nag\u00e9es et loyers interm\u00e9diaires. Nous sommes amen\u00e9s \u00e0 en voir bien d\u2019autres dans les grandes m\u00e9tropoles fran\u00e7aises ; c\u2019est le sens de l\u2019histoire. \u00bb <\/em><strong><em>compl\u00e8te Romain Cr\u00e9pel, Directeur France d\u2019Urban Campus&nbsp;<\/em><\/strong><\/p>\n\n\n\n<p class=\"has-sm-color-primary-color has-text-color\"><strong>\u00c0 propos du Groupe Constructa&nbsp;<\/strong><\/p>\n\n\n\n<p>Cr\u00e9\u00e9 en 1964, le Groupe Constructa est une entreprise familiale associ\u00e9e \u00e0 la Caisse d\u2019Epargne Provence Alpes Corse depuis 2024. Constructa con\u00e7oit, d\u00e9veloppe, commercialise et g\u00e8re des projets immobiliers, marqueurs forts des territoires en France. Plateforme de services immobiliers, le savoir-faire du Groupe s\u2019illustre dans quatre domaines compl\u00e9mentaires :&nbsp;<\/p>\n\n\n\n<ul><li><strong>la promotion immobili\u00e8re <\/strong>avec <em>Constructa-Les \u00c9diteurs Urbains&nbsp;<\/em><\/li><li><strong>la commercialisation <\/strong>avec <em>Constructa-1964&nbsp;<\/em><\/li><li><strong>la gestion d\u2019actifs <\/strong>avec <em>Constructa-Asset Management&nbsp;<\/em><\/li><li><strong>la constitution de patrimoines <\/strong>avec <em>Victoires Haussmann SGP&nbsp;<\/em><\/li><\/ul>\n\n\n\n<p>Constructa a notamment r\u00e9alis\u00e9 la Tour La Marseillaise de Jean Nouvel, les Docks de Marseille, les Sofitel aux USA, le Carlton \u00e0 Cannes\u2026&nbsp;<\/p>\n\n\n\n<p>Le Groupe est pr\u00e9sid\u00e9 par Jean-Baptiste Pietri depuis 2020.&nbsp;<\/p>\n\n\n\n<p class=\"has-sm-color-primary-color has-text-color\"><strong>\u00c0 propos d\u2019in\u2019li&nbsp;<\/strong><\/p>\n\n\n\n<p>In\u2019li, filiale du Groupe Action Logement, est leader du logement interm\u00e9diaire en \u00cele-de-France, avec plus de 51 000 logements g\u00e9r\u00e9s et r\u00e9partis sur toute la r\u00e9gion. La vocation d\u2019in\u2019li est de permettre aux salari\u00e9s des classes moyennes et aux jeunes actifs d\u2019acc\u00e9der au logement pour favoriser le lien emploi-logement, faciliter la mobilit\u00e9 professionnelle et participer \u00e0 la dynamisation des territoires.&nbsp;<\/p>\n\n\n\n<p class=\"has-sm-color-primary-color has-text-color\"><strong>\u00c0 propos d\u2019Action Logement&nbsp;<\/strong><\/p>\n\n\n\n<p>Depuis 70 ans, la vocation d\u2019Action Logement, acteur de r\u00e9f\u00e9rence du logement social et interm\u00e9diaire en France avec plus d\u2019un million de logements, est de faciliter l\u2019acc\u00e8s au logement pour favoriser l\u2019emploi. Action Logement g\u00e8re paritairement la Participation des Employeurs \u00e0 l\u2019Effort de Construction (PEEC) en faveur du logement des salari\u00e9s, de la performance des entreprises et de l\u2019attractivit\u00e9 des territoires. Le groupe compte 20 000 collaborateurs et collaboratrices en France et dans les DROM.&nbsp;<\/p>\n\n\n\n<p class=\"has-sm-color-primary-color has-text-color\"><strong>\u00c0 propos d\u2019Urban Campus&nbsp;<\/strong><\/p>\n\n\n\n<p>Fond\u00e9 \u00e0 Paris en 2016 par John van Oost et Maxime Armand, Urban Campus est l\u2019un des leaders du coliving en Europe. L\u2019entreprise accompagne des projets immobiliers de coliving et BTR d\u00e8s leur conception, et les exploite ensuite gr\u00e2ce \u00e0 des mandats de gestion de longue dur\u00e9e. Urban Campus d\u00e9veloppe ses propres technologies de smart building et ses propres applications pour proposer aux locataires un service r\u00e9sidentiel \u00e0 360\u00b0.&nbsp;<\/p>\n\n\n\n<p>La soci\u00e9t\u00e9 exploite 9 r\u00e9sidences en Espagne et en France et compte ouvrir 30 r\u00e9sidences suppl\u00e9mentaires en Europe dans les 5 prochaines ann\u00e9es, en France et en Espagne.&nbsp;<\/p>\n","protected":false},"excerpt":{"rendered":"<p>&nbsp;Inauguration de la r\u00e9sidence \u00ab L\u2019Envol\u00e9e-Le Bourget Gare \u00bb&nbsp; Jeudi 21 novembre 2024, Jean-Baptiste Pietri, Pr\u00e9sident du Groupe Constructa, et Eric Balci, Pr\u00e9sident du directoire d\u2019in\u2019li, ont inaugur\u00e9 la r\u00e9sidence \u00ab L\u2019Envol\u00e9e \u2013 Le Bourget Gare \u00bb, en pr\u00e9sence de Romain Cr\u00e9pel, Directeur France d\u2019Urban Campus.\u00a0 Cet \u00e9v\u00e9nement&nbsp;&nbsp;marque l&rsquo;aboutissement d\u2019un projet innovant de logements interm\u00e9diaires [&hellip;]<\/p>\n","protected":false},"author":41,"featured_media":41625,"comment_status":"open","ping_status":"open","sticky":false,"template":"","format":"standard","meta":{"spay_email":""},"categories":[4,14],"tags":[2576],"jetpack_featured_media_url":"https:\/\/i1.wp.com\/batimedianews.com\/live\/wp-content\/uploads\/2024\/11\/Constructa-articles-.jpg?fit=1513%2C825&ssl=1","jetpack_sharing_enabled":true,"jetpack_likes_enabled":true,"jetpack-related-posts":[{"id":29170,"url":"https:\/\/batimedianews.com\/live\/index.php\/2023\/06\/11\/inauguration-de-lhabitat-inclusif-ty-koad-et-de-la-residence-perce-neige-1-12-rue-anjela-duval-la-bouexiere-35\/","url_meta":{"origin":41623,"position":0},"title":"Inauguration de l&rsquo;habitat inclusif &#8211; \u00ab\u00a0Ty Koad\u00a0\u00bb et de la r\u00e9sidence \u00ab\u00a0Perce-Neige\u00a0\u00bb &#8211; 1 &#8211; 12 rue Anjela DUVAL, La Bou\u00ebxi\u00e8re (35)","date":"11 juin 2023","format":false,"excerpt":"Aiguillon construction et l'association Espoir 35 ont organis\u00e9 l'inauguration des deux nouvelles r\u00e9sidences \u00ab Ty Koad \u00bb et \u00ab Perce-Neige \u00bb, \u00e0 La Bou\u00ebxi\u00e8re, dont les travaux ont d\u00e9but\u00e9 en d\u00e9cembre 2020. Le programme en habitat inclusif \u00ab Ty Koad \u00bb est g\u00e9r\u00e9 par l\u2019association Espoir 35 et permettra \u00e0\u2026","rel":"","context":"Dans &quot;accessibilit\u00e9 Universelle&quot;","img":{"alt_text":"","src":"https:\/\/i0.wp.com\/batimedianews.com\/live\/wp-content\/uploads\/2023\/06\/Aiguillon-Article-1.jpg?fit=1080%2C1080&ssl=1&resize=350%2C200","width":350,"height":200},"classes":[]},{"id":42362,"url":"https:\/\/batimedianews.com\/live\/index.php\/2025\/01\/27\/lagence-darchitecture-a26-livre-le-plus-grand-campus-denseignement-superieur-dedie-a-lapprentissage-en-france\/","url_meta":{"origin":41623,"position":1},"title":"L\u2019agence d\u2019architecture A26 livre le plus grand campus d\u2019enseignement sup\u00e9rieur d\u00e9di\u00e9 \u00e0 l\u2019apprentissage en France","date":"27 janvier 2025","format":false,"excerpt":"Quelques semaines apr\u00e8s l\u2019ouverture de ses portes pour sa toute premi\u00e8re rentr\u00e9e scolaire, le nouveau campus du Groupe IGENSIA Education a \u00e9t\u00e9 inaugur\u00e9 ce 23 janvier au coeur du nouvel \u00e9co-quartier des Groues, \u00e0 Nanterre, en compagnie du Maire Rapha\u00ebl Adam, de Val\u00e9rie P\u00e9cresse, pour la r\u00e9gion Ile de France,\u2026","rel":"","context":"Dans &quot;Actualit\u00e9 Entreprises&quot;","img":{"alt_text":"","src":"https:\/\/i2.wp.com\/batimedianews.com\/live\/wp-content\/uploads\/2025\/01\/A26-articles-.jpg?fit=825%2C825&ssl=1&resize=350%2C200","width":350,"height":200},"classes":[]},{"id":27553,"url":"https:\/\/batimedianews.com\/live\/index.php\/2023\/04\/12\/construction-de-36-logements-locatifs-en-blocs-de-beton-cellulaire-ytong-verti-au-bourget-du-lac-73\/","url_meta":{"origin":41623,"position":2},"title":"Construction de 36 logements locatifs en blocs de b\u00e9ton cellulaire Ytong Verti au Bourget-du-Lac (73)","date":"12 avril 2023","format":false,"excerpt":"Une solution constructive durable et simple \u00e0 mettre en oeuvre pour les logements collectifs\u00a0 \u00a0L\u2019OPAC Savoie, acteur majeur de l\u2019habitat savoyard, m\u00e8ne des programmes de construction et de r\u00e9habilitation de logements moins \u00e9nergivores. Afin de diminuer l\u2019impact sur l\u2019environnement de ses b\u00e2timents, ils privil\u00e9gient des mat\u00e9riaux b\u00e9n\u00e9ficiant d\u2019excellentes performances thermiques\u2026","rel":"","context":"Dans &quot;Actualit\u00e9 Entreprises&quot;","img":{"alt_text":"","src":"https:\/\/i1.wp.com\/batimedianews.com\/live\/wp-content\/uploads\/2023\/04\/Xella-Article.jpg?fit=1080%2C1080&ssl=1&resize=350%2C200","width":350,"height":200},"classes":[]},{"id":24586,"url":"https:\/\/batimedianews.com\/live\/index.php\/2022\/11\/04\/cyme-inaugure-a-bourges-sa-1-ere-residence-de-logements-collectifs-en-ossature-bois-et-deploie-son-modele-sur-de-nombreux-projets\/","url_meta":{"origin":41623,"position":3},"title":"CYME inaugure \u00e0 Bourges sa 1 \u00e8re r\u00e9sidence de logements collectifs en ossature bois , et d\u00e9ploie son mod\u00e8le sur de nombreux projets !","date":"4 novembre 2022","format":false,"excerpt":"Nouvel acteur de l\u2019habitat et sp\u00e9cialiste de la construction modulaire en bois CYME vient d\u2019inaugurer \u2002 Bourges sa toute premi\u00e8re r\u00e9sidence de 14 logements, enti\u00e8rement fabriqu\u00e9e hors site, dans son atelier d\u2019Auvergne. Un mod\u00e8le innovant et autofinanc\u00e9 qui prouve l\u2019efficacit\u00e9 et la qualit\u00e9 de ses solutions durables qui cassent les\u2026","rel":"","context":"Dans &quot;Actualit\u00e9 Entreprises&quot;","img":{"alt_text":"","src":"https:\/\/i2.wp.com\/batimedianews.com\/live\/wp-content\/uploads\/2022\/10\/Cyme-Article.jpg?fit=1080%2C1080&ssl=1&resize=350%2C200","width":350,"height":200},"classes":[]},{"id":49285,"url":"https:\/\/batimedianews.com\/live\/index.php\/2026\/02\/17\/les-deputes-adoptent-des-propositions-pour-faire-face-a-la-crise-du-logement-en-europe\/","url_meta":{"origin":41623,"position":4},"title":"Les d\u00e9put\u00e9s adoptent des propositions pour faire face \u00e0 la crise du logement en Europe","date":"17 f\u00e9vrier 2026","format":false,"excerpt":"Les locations de courte dur\u00e9e ne doivent pas rendre les villes inabordablesDes syst\u00e8mes fiscaux incitatifs pour soutenir les m\u00e9nages \u00e0 revenus faibles ou interm\u00e9diairesRenforcer la souverainet\u00e9 industrielle europ\u00e9enne dans le secteur de la construction et de la r\u00e9novationLimiter le traitement des permis d\u2019urbanisme \u00e0 60 jours Lundi, la commission du\u2026","rel":"","context":"Dans &quot;Actualit\u00e9 Entreprises&quot;","img":{"alt_text":"","src":"https:\/\/i0.wp.com\/batimedianews.com\/live\/wp-content\/uploads\/2026\/02\/ParlementEuropeen.jpg?fit=825%2C825&ssl=1&resize=350%2C200","width":350,"height":200},"classes":[]},{"id":47363,"url":"https:\/\/batimedianews.com\/live\/index.php\/2025\/10\/14\/a-caen-linkcity-realise-avec-cdc-habitat-grand-ouest-et-3f-normanvie-un-projet-a-haute-ambition-environnementale-dans-le-quartier-de-la-folie-couvrechef\/","url_meta":{"origin":41623,"position":5},"title":"\u00c0 Caen, Linkcity r\u00e9alise avec CDC Habitat Grand Ouest et 3F Normanvie un projet \u00e0 haute ambition environnementale dans le quartier de la Folie Couvrechef","date":"14 octobre 2025","format":false,"excerpt":"Dans le quartier de La Folie Couvrechef \u00e0 Caen, Linkcity d\u00e9veloppe avec CDC Habitat Grand Ouest et 3F Normanvie un projet immobilier exemplaire qui place le bois au coeur de sa conception. Pens\u00e9 comme un v\u00e9ritable d\u00e9monstrateur, ce programme mixte \u00e0 vocation sociale et locale de 90 logements illustre la\u2026","rel":"","context":"Dans &quot;Actualit\u00e9 Entreprises&quot;","img":{"alt_text":"","src":"https:\/\/i2.wp.com\/batimedianews.com\/live\/wp-content\/uploads\/2025\/10\/Linkcity_cdchabitat.jpg?fit=825%2C825&ssl=1&resize=350%2C200","width":350,"height":200},"classes":[]}],"_links":{"self":[{"href":"https:\/\/batimedianews.com\/live\/index.php\/wp-json\/wp\/v2\/posts\/41623"}],"collection":[{"href":"https:\/\/batimedianews.com\/live\/index.php\/wp-json\/wp\/v2\/posts"}],"about":[{"href":"https:\/\/batimedianews.com\/live\/index.php\/wp-json\/wp\/v2\/types\/post"}],"author":[{"embeddable":true,"href":"https:\/\/batimedianews.com\/live\/index.php\/wp-json\/wp\/v2\/users\/41"}],"replies":[{"embeddable":true,"href":"https:\/\/batimedianews.com\/live\/index.php\/wp-json\/wp\/v2\/comments?post=41623"}],"version-history":[{"count":3,"href":"https:\/\/batimedianews.com\/live\/index.php\/wp-json\/wp\/v2\/posts\/41623\/revisions"}],"predecessor-version":[{"id":41736,"href":"https:\/\/batimedianews.com\/live\/index.php\/wp-json\/wp\/v2\/posts\/41623\/revisions\/41736"}],"wp:featuredmedia":[{"embeddable":true,"href":"https:\/\/batimedianews.com\/live\/index.php\/wp-json\/wp\/v2\/media\/41625"}],"wp:attachment":[{"href":"https:\/\/batimedianews.com\/live\/index.php\/wp-json\/wp\/v2\/media?parent=41623"}],"wp:term":[{"taxonomy":"category","embeddable":true,"href":"https:\/\/batimedianews.com\/live\/index.php\/wp-json\/wp\/v2\/categories?post=41623"},{"taxonomy":"post_tag","embeddable":true,"href":"https:\/\/batimedianews.com\/live\/index.php\/wp-json\/wp\/v2\/tags?post=41623"}],"curies":[{"name":"wp","href":"https:\/\/api.w.org\/{rel}","templated":true}]}}