{"id":41764,"date":"2024-11-27T09:51:27","date_gmt":"2024-11-27T08:51:27","guid":{"rendered":"http:\/\/batimedianews.com\/live\/?p=41764"},"modified":"2025-04-08T20:32:29","modified_gmt":"2025-04-08T18:32:29","slug":"nouveau-gamme-accessoires-le-choix-de-lefficacite-et-de-la-productivite","status":"publish","type":"post","link":"https:\/\/batimedianews.com\/live\/index.php\/2024\/11\/27\/nouveau-gamme-accessoires-le-choix-de-lefficacite-et-de-la-productivite\/","title":{"rendered":"NOUVEAU : GAMME ACCESSOIRES &#8211; Le choix de l\u2019efficacit\u00e9 et de la productivit\u00e9"},"content":{"rendered":"\n<figure class=\"wp-block-image size-full\"><img loading=\"lazy\" width=\"720\" height=\"672\" src=\"https:\/\/i0.wp.com\/batimedianews.com\/live\/wp-content\/uploads\/2024\/11\/image-249.png?resize=720%2C672\" alt=\"\" class=\"wp-image-41765\" srcset=\"https:\/\/i0.wp.com\/batimedianews.com\/live\/wp-content\/uploads\/2024\/11\/image-249.png?w=1024&amp;ssl=1 1024w, https:\/\/i0.wp.com\/batimedianews.com\/live\/wp-content\/uploads\/2024\/11\/image-249.png?resize=768%2C717&amp;ssl=1 768w, https:\/\/i0.wp.com\/batimedianews.com\/live\/wp-content\/uploads\/2024\/11\/image-249.png?resize=10%2C10&amp;ssl=1 10w, https:\/\/i0.wp.com\/batimedianews.com\/live\/wp-content\/uploads\/2024\/11\/image-249.png?resize=432%2C403&amp;ssl=1 432w, https:\/\/i0.wp.com\/batimedianews.com\/live\/wp-content\/uploads\/2024\/11\/image-249.png?resize=396%2C370&amp;ssl=1 396w, https:\/\/i0.wp.com\/batimedianews.com\/live\/wp-content\/uploads\/2024\/11\/image-249.png?resize=660%2C616&amp;ssl=1 660w\" sizes=\"(max-width: 600px) 91vw, (max-width: 900px) 600px, (max-width: 1060px) 50vw, (max-width: 1200px) 520px, (max-width: 1400px) 43vw, 600px\" data-recalc-dims=\"1\" \/><\/figure>\n\n\n\n<div class=\"wp-block-group has-sm-light-primary-color has-text-color has-background\" style=\"background-color:#023158\"><div class=\"wp-block-group__inner-container\">\n<p><strong>GAMMES D\u2019ACCESSOIRES BOSCH PROFESSIONAL<\/strong><\/p>\n\n\n\n<p><strong>3 CLASSES DE PERFORMANCE,&nbsp;<\/strong><\/p>\n\n\n\n<p><strong>POUR TOUJOURS FAIRE LE BON CHOIX<\/strong><\/p>\n<\/div><\/div>\n\n\n\n<div class=\"wp-block-media-text alignwide has-media-on-the-right is-stacked-on-mobile\" style=\"grid-template-columns:auto 35%\"><figure class=\"wp-block-media-text__media\"><img loading=\"lazy\" width=\"446\" height=\"470\" src=\"https:\/\/i1.wp.com\/batimedianews.com\/live\/wp-content\/uploads\/2024\/11\/image-250.png?resize=446%2C470\" alt=\"\" class=\"wp-image-41766 size-full\" srcset=\"https:\/\/i1.wp.com\/batimedianews.com\/live\/wp-content\/uploads\/2024\/11\/image-250.png?w=446&amp;ssl=1 446w, https:\/\/i1.wp.com\/batimedianews.com\/live\/wp-content\/uploads\/2024\/11\/image-250.png?resize=768%2C809&amp;ssl=1 768w, https:\/\/i1.wp.com\/batimedianews.com\/live\/wp-content\/uploads\/2024\/11\/image-250.png?resize=10%2C10&amp;ssl=1 10w, https:\/\/i1.wp.com\/batimedianews.com\/live\/wp-content\/uploads\/2024\/11\/image-250.png?resize=432%2C455&amp;ssl=1 432w, https:\/\/i1.wp.com\/batimedianews.com\/live\/wp-content\/uploads\/2024\/11\/image-250.png?resize=396%2C417&amp;ssl=1 396w\" sizes=\"(max-width: 600px) 91vw, (max-width: 900px) 600px, (max-width: 1060px) 50vw, (max-width: 1200px) 520px, (max-width: 1400px) 43vw, 600px\" data-recalc-dims=\"1\" \/><\/figure><div class=\"wp-block-media-text__content\">\n<div class=\"wp-block-group has-sm-light-primary-color has-text-color has-background\" style=\"background-color:#01345f\"><div class=\"wp-block-group__inner-container\">\n<p>Comptant parmi les principaux fabricants mondiaux d\u2019accessoires, Bosch d\u00e9veloppe des produits de haute qualit\u00e9 pour r\u00e9pondre \u00e0 tous les besoins, toutes les applications et tous les mat\u00e9riaux.&nbsp;<\/p>\n\n\n\n<p>Parce qu\u2019il n\u2019est pas toujours facile de choisir le bon accessoire parmi la large gamme propos\u00e9e, <strong>Bosch segmente son offre selon trois classes de performance et cr\u00e9e la gamme PRO<\/strong>.<\/p>\n\n\n\n<p>Les professionnels ont d\u00e9sormais le choix entre la gamme standard Bosch, la gamme PRO con\u00e7ue pour augmenter leur productivit\u00e9 et r\u00e9pondre \u00e0 des applications et des mat\u00e9riaux sp\u00e9cifiques, et la gamme EXPERT, haute performance et dot\u00e9e de technologies avanc\u00e9es pour travailler les mat\u00e9riaux les plus r\u00e9sistants et r\u00e9pondre \u00e0 des applications difficiles.<\/p>\n\n\n\n<p>Les 3 gammes se distinguent par un emballage de couleur diff\u00e9rente (blanc, gris et bleu fonc\u00e9) sur lequel l\u2019utilisateur retrouve les pictogrammes valorisant les avantages, les technologies et les mat\u00e9riaux auxquels les accessoires sont destin\u00e9s.<\/p>\n\n\n\n<p><strong>Pour le lancement de la gamme PRO, Bosch propose de nouveaux accessoires : les burins racleurs PRO SDS plus \/ SDS max, la lame de scie sabre PRO Thin Metal et les embouts de vissage PRO.<\/strong><\/p>\n<\/div><\/div>\n<\/div><\/div>\n\n\n\n<div class=\"wp-block-columns\">\n<div class=\"wp-block-column\">\n<p class=\"has-sm-color-primary-color has-text-color\"><strong>Nouveaux Burins racleurs PRO :<\/strong><\/p>\n\n\n\n<p class=\"has-sm-color-primary-color has-text-color\"><strong>Pour une d\u00e9pose rapide et efficace des rev\u00eatements muraux et au sol<\/strong><\/p>\n\n\n\n<p>En r\u00e9novation, l\u2019enl\u00e8vement d\u2019un rev\u00eatement mural ou au sol, sur de grandes surfaces, demande beaucoup de temps et peut s\u2019av\u00e9rer tr\u00e8s \u00e9prouvant physiquement pour les artisans, s\u2019ils ne sont pas bien outill\u00e9s. Pour r\u00e9aliser ces travaux sans effort et rapidement, Bosch lance les burins racleurs PRO. <strong>En version SDS plus et SDS max, ces nouveaux burins universels assurent une d\u00e9pose efficace de tous les rev\u00eatements de sol et muraux <\/strong>(carrelage, fa\u00efence, moquette, papier peint, mortier, r\u00e9sidus de colle, linol\u00e9um\u2026). <strong>Gr\u00e2ce \u00e0 une large lame de 130 mm (version SDS plus) ou de 152 mm (version SDS max) l\u2019enl\u00e8vement de mati\u00e8re est plus rapide.&nbsp;<\/strong><\/p>\n\n\n\n<figure class=\"wp-block-image size-full\"><img loading=\"lazy\" width=\"454\" height=\"248\" src=\"https:\/\/i1.wp.com\/batimedianews.com\/live\/wp-content\/uploads\/2024\/11\/image-251.png?resize=454%2C248\" alt=\"\" class=\"wp-image-41767\" srcset=\"https:\/\/i1.wp.com\/batimedianews.com\/live\/wp-content\/uploads\/2024\/11\/image-251.png?w=454&amp;ssl=1 454w, https:\/\/i1.wp.com\/batimedianews.com\/live\/wp-content\/uploads\/2024\/11\/image-251.png?resize=768%2C419&amp;ssl=1 768w, https:\/\/i1.wp.com\/batimedianews.com\/live\/wp-content\/uploads\/2024\/11\/image-251.png?resize=432%2C236&amp;ssl=1 432w, https:\/\/i1.wp.com\/batimedianews.com\/live\/wp-content\/uploads\/2024\/11\/image-251.png?resize=396%2C216&amp;ssl=1 396w\" sizes=\"(max-width: 600px) 91vw, (max-width: 900px) 600px, (max-width: 1060px) 50vw, (max-width: 1200px) 520px, (max-width: 1400px) 43vw, 600px\" data-recalc-dims=\"1\" \/><\/figure>\n<\/div>\n\n\n\n<div class=\"wp-block-column\">\n<figure class=\"wp-block-image size-full\"><img loading=\"lazy\" width=\"454\" height=\"236\" src=\"https:\/\/i1.wp.com\/batimedianews.com\/live\/wp-content\/uploads\/2024\/11\/image-252.png?resize=454%2C236\" alt=\"\" class=\"wp-image-41768\" srcset=\"https:\/\/i1.wp.com\/batimedianews.com\/live\/wp-content\/uploads\/2024\/11\/image-252.png?w=454&amp;ssl=1 454w, https:\/\/i1.wp.com\/batimedianews.com\/live\/wp-content\/uploads\/2024\/11\/image-252.png?resize=768%2C399&amp;ssl=1 768w, https:\/\/i1.wp.com\/batimedianews.com\/live\/wp-content\/uploads\/2024\/11\/image-252.png?resize=432%2C225&amp;ssl=1 432w, https:\/\/i1.wp.com\/batimedianews.com\/live\/wp-content\/uploads\/2024\/11\/image-252.png?resize=396%2C206&amp;ssl=1 396w\" sizes=\"(max-width: 600px) 91vw, (max-width: 900px) 600px, (max-width: 1060px) 50vw, (max-width: 1200px) 520px, (max-width: 1400px) 43vw, 600px\" data-recalc-dims=\"1\" \/><\/figure>\n\n\n\n<div class=\"wp-block-media-text alignwide has-media-on-the-right is-stacked-on-mobile\" style=\"grid-template-columns:auto 26%\"><figure class=\"wp-block-media-text__media\"><img loading=\"lazy\" width=\"132\" height=\"252\" src=\"https:\/\/i2.wp.com\/batimedianews.com\/live\/wp-content\/uploads\/2024\/11\/image-253.png?resize=132%2C252\" alt=\"\" class=\"wp-image-41769 size-full\" srcset=\"https:\/\/i2.wp.com\/batimedianews.com\/live\/wp-content\/uploads\/2024\/11\/image-253.png?w=132&amp;ssl=1 132w, https:\/\/i2.wp.com\/batimedianews.com\/live\/wp-content\/uploads\/2024\/11\/image-253.png?resize=768%2C1466&amp;ssl=1 768w\" sizes=\"(max-width: 600px) 91vw, (max-width: 900px) 600px, (max-width: 1060px) 50vw, (max-width: 1200px) 520px, (max-width: 1400px) 43vw, 600px\" data-recalc-dims=\"1\" \/><\/figure><div class=\"wp-block-media-text__content\">\n<p style=\"font-size:14px\">De plus, l\u2019ar\u00eate de coupe fine et tranchante, d\u2019une \u00e9paisseur de seulement 1 mm (version SDS plus) ou 2 mm (version SDS max), permet d\u2019atteindre tr\u00e8s facilement le dessous du mat\u00e9riau.&nbsp;<\/p>\n\n\n\n<p style=\"font-size:14px\"><strong>Pour une plus grande long\u00e9vit\u00e9, la lame est con\u00e7ue dans un acier r\u00e9sistant<\/strong>. Pour s\u00e9curiser sa fixation et r\u00e9duire les vibrations, elle est fix\u00e9e \u00e0 l\u2019emmanchement par des \u00e9crous et des boulons avec une colle frein-filet.<\/p>\n<\/div><\/div>\n\n\n\n<p style=\"font-size:14px\">Enfin, les burins racleurs PRO sont plus \u00e9conomiques car la lame et les fixations sont rempla\u00e7ables.<\/p>\n\n\n\n<p class=\"has-small-font-size\">Prix de vente conseill\u00e9s Burin racleur SDS plus : 121,33 euros H.T&nbsp;<\/p>\n\n\n\n<p class=\"has-small-font-size\">Burin racleur SDS max : 176,48 euros H.T&nbsp;<\/p>\n\n\n\n<p class=\"has-small-font-size\">Points de vente : N\u00e9goces en mat\u00e9riaux, fournitures industrielles<\/p>\n<\/div>\n<\/div>\n\n\n\n<figure class=\"wp-block-image size-full\"><img loading=\"lazy\" width=\"720\" height=\"236\" src=\"https:\/\/i0.wp.com\/batimedianews.com\/live\/wp-content\/uploads\/2024\/11\/image-254.png?resize=720%2C236\" alt=\"\" class=\"wp-image-41770\" srcset=\"https:\/\/i0.wp.com\/batimedianews.com\/live\/wp-content\/uploads\/2024\/11\/image-254.png?w=1024&amp;ssl=1 1024w, https:\/\/i0.wp.com\/batimedianews.com\/live\/wp-content\/uploads\/2024\/11\/image-254.png?resize=768%2C252&amp;ssl=1 768w, https:\/\/i0.wp.com\/batimedianews.com\/live\/wp-content\/uploads\/2024\/11\/image-254.png?resize=432%2C142&amp;ssl=1 432w, https:\/\/i0.wp.com\/batimedianews.com\/live\/wp-content\/uploads\/2024\/11\/image-254.png?resize=396%2C130&amp;ssl=1 396w, https:\/\/i0.wp.com\/batimedianews.com\/live\/wp-content\/uploads\/2024\/11\/image-254.png?resize=660%2C217&amp;ssl=1 660w\" sizes=\"(max-width: 600px) 91vw, (max-width: 900px) 600px, (max-width: 1060px) 50vw, (max-width: 1200px) 520px, (max-width: 1400px) 43vw, 600px\" data-recalc-dims=\"1\" \/><\/figure>\n\n\n\n<div class=\"wp-block-columns\">\n<div class=\"wp-block-column\">\n<p class=\"has-sm-color-primary-color has-text-color\"><strong>Nouvelle Lame de scie sabre PRO Thin Metal : Pour des coupes pr\u00e9cises&nbsp;dans la t\u00f4le fine<\/strong><\/p>\n\n\n\n<p>Pour les plombiers, chauffagistes ou climaticiens, r\u00e9aliser des travaux de coupe dans les canaux d\u2019a\u00e9ration, de la t\u00f4le fine\u2026 n\u00e9cessitent bien souvent l\u2019utilisation de plusieurs outils (pince, cisaille \u00e0 m\u00e9tal\u2026) et le r\u00e9sultat n\u2019est pas toujours pr\u00e9cis. La nouvelle lame de scie sabre PRO Thin Metal Bosch convient \u00e0 toutes les scies sabres avec emmanchement en S et est parfaite pour tous les travaux d\u2019installation de chauffage, de ventilation ou de climatisation.&nbsp;<\/p>\n\n\n\n<p><strong>Avec un corps plus \u00e9pais et une conception robuste, la lame de scie sabre PRO Thin Metal offre une bonne stabilit\u00e9 <\/strong>lors des d\u00e9coupes et assure un travail pr\u00e9cis m\u00eame pour des coupes plongeantes.<\/p>\n\n\n\n<p><strong>Gr\u00e2ce \u00e0 un soudage bi-m\u00e9tal, elle associe une denture dure en acier HSS tremp\u00e9 et un corps flexible <\/strong>qui lui offre une grande long\u00e9vit\u00e9.<\/p>\n\n\n\n<p><strong>Ultra fines, ses dents lui permettent une coupe facile <\/strong>dans les mat\u00e9riaux tr\u00e8s fins et tout aussi efficace dans les m\u00e9taux non ferreux tels que les feuilles de cuivre. <strong>Sa pointe ac\u00e9r\u00e9e et aff\u00fbt\u00e9e a \u00e9t\u00e9 sp\u00e9cialement con\u00e7ue pour plonger directement dans la t\u00f4le mince.<\/strong><\/p>\n\n\n\n<figure class=\"wp-block-image size-full\"><img loading=\"lazy\" width=\"464\" height=\"294\" src=\"https:\/\/i0.wp.com\/batimedianews.com\/live\/wp-content\/uploads\/2024\/11\/image-255.png?resize=464%2C294\" alt=\"\" class=\"wp-image-41771\" srcset=\"https:\/\/i0.wp.com\/batimedianews.com\/live\/wp-content\/uploads\/2024\/11\/image-255.png?w=464&amp;ssl=1 464w, https:\/\/i0.wp.com\/batimedianews.com\/live\/wp-content\/uploads\/2024\/11\/image-255.png?resize=768%2C486&amp;ssl=1 768w, https:\/\/i0.wp.com\/batimedianews.com\/live\/wp-content\/uploads\/2024\/11\/image-255.png?resize=432%2C274&amp;ssl=1 432w, https:\/\/i0.wp.com\/batimedianews.com\/live\/wp-content\/uploads\/2024\/11\/image-255.png?resize=396%2C251&amp;ssl=1 396w\" sizes=\"(max-width: 600px) 91vw, (max-width: 900px) 600px, (max-width: 1060px) 50vw, (max-width: 1200px) 520px, (max-width: 1400px) 43vw, 600px\" data-recalc-dims=\"1\" \/><figcaption><em>Prix de vente conseill\u00e9 : 30,42 euros H.T&nbsp;<br>Points de vente : N\u00e9goces en mat\u00e9riaux, fournitures industrielles<\/em><\/figcaption><\/figure>\n<\/div>\n\n\n\n<div class=\"wp-block-column\">\n<figure class=\"wp-block-image size-full\"><img loading=\"lazy\" width=\"474\" height=\"294\" src=\"https:\/\/i1.wp.com\/batimedianews.com\/live\/wp-content\/uploads\/2024\/11\/image-256.png?resize=474%2C294\" alt=\"\" class=\"wp-image-41772\" srcset=\"https:\/\/i1.wp.com\/batimedianews.com\/live\/wp-content\/uploads\/2024\/11\/image-256.png?w=474&amp;ssl=1 474w, https:\/\/i1.wp.com\/batimedianews.com\/live\/wp-content\/uploads\/2024\/11\/image-256.png?resize=768%2C476&amp;ssl=1 768w, https:\/\/i1.wp.com\/batimedianews.com\/live\/wp-content\/uploads\/2024\/11\/image-256.png?resize=432%2C268&amp;ssl=1 432w, https:\/\/i1.wp.com\/batimedianews.com\/live\/wp-content\/uploads\/2024\/11\/image-256.png?resize=396%2C246&amp;ssl=1 396w\" sizes=\"(max-width: 600px) 91vw, (max-width: 900px) 600px, (max-width: 1060px) 50vw, (max-width: 1200px) 520px, (max-width: 1400px) 43vw, 600px\" data-recalc-dims=\"1\" \/><\/figure>\n\n\n\n<p class=\"has-sm-color-primary-color has-text-color\"><strong>Nouveaux embouts de vissage PRO :<\/strong><\/p>\n\n\n\n<p class=\"has-sm-color-primary-color has-text-color\"><strong>Solides et efficaces pour des applications intensives<\/strong><\/p>\n\n\n\n<p>Con\u00e7us pour les perceuses et perceuses\/visseuses \u00e0 percussion, les nouveaux embouts de vissage PRO Bosch disposent d\u2019un emmanchement hexagonal pour un transfert de puissance am\u00e9lior\u00e9. <strong>Fabriqu\u00e9s en acier modifi\u00e9 trait\u00e9 thermiquement, ils sont d\u2019une solidit\u00e9 exceptionnelle et r\u00e9sistent \u00e0 des couples \u00e9lev\u00e9s.<\/strong><\/p>\n\n\n\n<p>Gr\u00e2ce \u00e0 une g\u00e9om\u00e9trie pr\u00e9cise de la pointe magn\u00e9tique, les embouts s\u2019ins\u00e8rent parfaitement dans la t\u00eate de vis ce qui augmente le couple et \u00e9vite les d\u00e9rapages.&nbsp;<\/p>\n\n\n\n<p><strong>Par ailleurs, ils sont dot\u00e9s d\u2019une zone de torsion \u00e9tendue qui absorbe les contraintes de couple \u00e0 la pointe de l\u2019embout, et d\u2019une zone de torsion conique qui garantit plus de r\u00e9sistance. <\/strong>Les risques de casse sont r\u00e9duits et les vissages sont fiables.<\/p>\n\n\n\n<p>Les embouts de vissage PRO pr\u00e9sentent un anneau de couleur qui indique le type de t\u00eate de vis et un marquage au laser pour aider l\u2019utilisateur \u00e0 identifier la taille de l\u2019embout.<\/p>\n\n\n\n<p>Ils sont disponibles dans 13 nouveaux coffrets transparents, moins encombrants et plus robustes gr\u00e2ce \u00e0 des coins renforc\u00e9s.&nbsp;<\/p>\n\n\n\n<p class=\"has-small-font-size\"><em>Prix de vente conseill\u00e9 : \u00e0 partir de 40,24 euros H.T&nbsp;<\/em><\/p>\n\n\n\n<p class=\"has-small-font-size\"><em>Points de vente : N\u00e9goces en mat\u00e9riaux, fournitures industrielles<\/em><\/p>\n<\/div>\n<\/div>\n\n\n\n<p><\/p>\n","protected":false},"excerpt":{"rendered":"<p>Nouveaux Burins racleurs PRO : Pour une d\u00e9pose rapide et efficace des rev\u00eatements muraux et au sol En r\u00e9novation, l\u2019enl\u00e8vement d\u2019un rev\u00eatement mural ou au sol, sur de grandes surfaces, demande beaucoup de temps et peut s\u2019av\u00e9rer tr\u00e8s \u00e9prouvant physiquement pour les artisans, s\u2019ils ne sont pas bien outill\u00e9s. Pour r\u00e9aliser ces travaux sans effort [&hellip;]<\/p>\n","protected":false},"author":41,"featured_media":41774,"comment_status":"open","ping_status":"open","sticky":false,"template":"","format":"standard","meta":{"spay_email":""},"categories":[4,89],"tags":[2581,2582],"jetpack_featured_media_url":"https:\/\/i1.wp.com\/batimedianews.com\/live\/wp-content\/uploads\/2024\/11\/Bosch-1.jpg?fit=1513%2C825&ssl=1","jetpack_sharing_enabled":true,"jetpack_likes_enabled":true,"jetpack-related-posts":[{"id":44941,"url":"https:\/\/batimedianews.com\/live\/index.php\/2025\/05\/19\/bjelin-lance-une-gamme-complete-daccessoires-pour-ses-revetements-de-sols\/","url_meta":{"origin":41764,"position":0},"title":"BJELIN lance une gamme compl\u00e8te d\u2019accessoires pour ses rev\u00eatements de sols","date":"19 mai 2025","format":false,"excerpt":"Bjelin a d\u00e9voil\u00e9 une gamme compl\u00e8te d\u2019accessoires con\u00e7us pour accompagner ses collections de rev\u00eatements de sol. D\u00e9velopp\u00e9s en r\u00e9ponse aux besoins du march\u00e9, ces accessoires visent \u00e0 simplifier la pose et \u00e0 garantir une finition parfaite et professionnelle. \u00abNos accessoires sont sp\u00e9cialement con\u00e7us et teint\u00e9s pour s\u2019accorder parfaitement aux produits\u2026","rel":"","context":"Dans &quot;Actualit\u00e9 Entreprises&quot;","img":{"alt_text":"","src":"https:\/\/i1.wp.com\/batimedianews.com\/live\/wp-content\/uploads\/2025\/05\/Bjelin.jpg?fit=825%2C825&ssl=1&resize=350%2C200","width":350,"height":200},"classes":[]},{"id":24701,"url":"https:\/\/batimedianews.com\/live\/index.php\/2022\/11\/14\/equiper-sa-pompe-avec-des-accessoires-adaptes\/","url_meta":{"origin":41764,"position":1},"title":"Equiper sa pompe avec des accessoires adapt\u00e9s","date":"14 novembre 2022","format":false,"excerpt":"Sp\u00e9cialiste du d\u00e9colletage, BOUTT\u00c9 r\u00e9pond \u00e0 tous les besoins de raccordement en eau de la maison et du jardin. Le fabricant fran\u00e7ais dispose d\u2019une gamme compl\u00e8te de raccords et d\u2019accessoires pour tous types de pompes : \u2022 de surface - avec ou sans surpresseur -, \u2022 immerg\u00e9es, \u2022 et d\u2019\u00e9vacuation.\u2026","rel":"","context":"Dans &quot;Actualit\u00e9 Entreprises&quot;","img":{"alt_text":"","src":"https:\/\/i0.wp.com\/batimedianews.com\/live\/wp-content\/uploads\/2022\/11\/Boutte-Article.jpg?fit=1080%2C1080&ssl=1&resize=350%2C200","width":350,"height":200},"classes":[]},{"id":38458,"url":"https:\/\/batimedianews.com\/live\/index.php\/2024\/07\/09\/des-chantiers-100-garantis-avec-la-nouvelle-offre-daccessoires-knauf-zoom-sur-2-solutions-pour-la-construction-seche\/","url_meta":{"origin":41764,"position":2},"title":"Des accessoires Hydro et une gamme compl\u00e8te pour les milieux humides et de nouveaux avis techniques pour Aquapanel Outdoor et les Planchers et Rupteurs thermiques Knauf","date":"9 juillet 2024","format":false,"excerpt":"https:\/\/www.youtube.com\/watch?v=H6GfzU4qikU Interview Knauf Knauf : un partenaire de confiance pour les professionnels\u00a0 \u00a0Avec sa gamme d'accessoires compl\u00e8te et performante, Knauf s'affirme comme un partenaire de confiance pour les n\u00e9goces et les entreprises du b\u00e2timent. Dans sa logique d'accompagnement dans leur quotidien, Knauf r\u00e9organise son offre et renforce la visibilit\u00e9 de\u2026","rel":"","context":"Dans &quot;Actualit\u00e9 Entreprises&quot;","img":{"alt_text":"","src":"https:\/\/i2.wp.com\/batimedianews.com\/live\/wp-content\/uploads\/2024\/06\/Knauf.jpg?fit=825%2C825&ssl=1&resize=350%2C200","width":350,"height":200},"classes":[]},{"id":25990,"url":"https:\/\/batimedianews.com\/live\/index.php\/2023\/02\/02\/planeo-28les-nouveaux-volets-battants-pvc-franciaflex-qui-donnent-le-ton\/","url_meta":{"origin":41764,"position":3},"title":"PLANEO 28,les nouveaux volets battants PVC FRANCIAFLEX qui donnent le ton","date":"2 f\u00e9vrier 2023","format":false,"excerpt":"Etanch\u00e9it\u00e9, isolation, acoustique, s\u00e9curit\u00e9 et esth\u00e9tique, le volet PLANEO 28 cumule les performances et s'adapte \u00e0 toutes les tailles de fen\u00eatres. Ses atouts sont nombreux qu'ils soient techniques ou d\u00e9coratifs. Sur tous les points, Franciaflex a opt\u00e9 pour la qualit\u00e9 : panneaux isolants, assemblage avec U p\u00e9riph\u00e9rique de finition, ou\u2026","rel":"","context":"Dans &quot;Actualit\u00e9 Entreprises&quot;","img":{"alt_text":"","src":"https:\/\/i2.wp.com\/batimedianews.com\/live\/wp-content\/uploads\/2023\/02\/Franciaflex-Article.jpg?fit=1080%2C1080&ssl=1&resize=350%2C200","width":350,"height":200},"classes":[]},{"id":989,"url":"https:\/\/batimedianews.com\/live\/index.php\/2019\/03\/26\/nouveaute-mondiale-x-lock-bosch\/","url_meta":{"origin":41764,"position":4},"title":"Nouveaut\u00e9 Mondiale X-LOCK BOSCH","date":"26 mars 2019","format":false,"excerpt":"Un simple clic suffit ! Bosch r\u00e9volutionne le changement d\u2019accessoires sur les meuleuses angulaires avec son nouveau syst\u00e8me X-Lock, le plus simple du march\u00e9 ! Plus besoin d\u2019efforts et de pi\u00e8ces telles qu\u2019un \u00e9crou de serrage, un flasque et une cl\u00e9 risquant d\u2019\u00eatre perdus : le changement d\u2019accessoires s\u2019effectue d\u00e9sormais\u2026","rel":"","context":"Dans &quot;Actualit\u00e9 Entreprises&quot;","img":{"alt_text":"","src":"https:\/\/i2.wp.com\/batimedianews.com\/live\/wp-content\/uploads\/2019\/08\/bosch_image-1.jpg?fit=1141%2C640&ssl=1&resize=350%2C200","width":350,"height":200},"classes":[]},{"id":39850,"url":"https:\/\/batimedianews.com\/live\/index.php\/2024\/09\/25\/des-chantiers-100-garantis-avec-la-nouvelle-offre-daccessoires-knauf-zoom-sur-2-solutions-pour-la-construction-seche-2\/","url_meta":{"origin":41764,"position":5},"title":"Des chantiers 100% garantis avec la nouvelle offre d\u2019accessoires KNAUF. Zoom sur 2 solutions pour la construction s\u00e8che.","date":"25 septembre 2024","format":false,"excerpt":"Knauf : un partenaire de confiance pour les professionnels Avec sa gamme d\u2019accessoires compl\u00e8te et performante, Knauf s\u2019affirme comme un partenaire de confiance pour les n\u00e9goces et les entreprises du b\u00e2timent. Dans sa logique d\u2019accompagnement dans leur quotidien, Knauf r\u00e9organise son offre et renforce la visibilit\u00e9 de sa gamme d\u2019accessoires\u2026","rel":"","context":"Dans &quot;Actualit\u00e9 Entreprises&quot;","img":{"alt_text":"","src":"https:\/\/i0.wp.com\/batimedianews.com\/live\/wp-content\/uploads\/2024\/09\/Knauf.jpg?fit=825%2C825&ssl=1&resize=350%2C200","width":350,"height":200},"classes":[]}],"_links":{"self":[{"href":"https:\/\/batimedianews.com\/live\/index.php\/wp-json\/wp\/v2\/posts\/41764"}],"collection":[{"href":"https:\/\/batimedianews.com\/live\/index.php\/wp-json\/wp\/v2\/posts"}],"about":[{"href":"https:\/\/batimedianews.com\/live\/index.php\/wp-json\/wp\/v2\/types\/post"}],"author":[{"embeddable":true,"href":"https:\/\/batimedianews.com\/live\/index.php\/wp-json\/wp\/v2\/users\/41"}],"replies":[{"embeddable":true,"href":"https:\/\/batimedianews.com\/live\/index.php\/wp-json\/wp\/v2\/comments?post=41764"}],"version-history":[{"count":3,"href":"https:\/\/batimedianews.com\/live\/index.php\/wp-json\/wp\/v2\/posts\/41764\/revisions"}],"predecessor-version":[{"id":41784,"href":"https:\/\/batimedianews.com\/live\/index.php\/wp-json\/wp\/v2\/posts\/41764\/revisions\/41784"}],"wp:featuredmedia":[{"embeddable":true,"href":"https:\/\/batimedianews.com\/live\/index.php\/wp-json\/wp\/v2\/media\/41774"}],"wp:attachment":[{"href":"https:\/\/batimedianews.com\/live\/index.php\/wp-json\/wp\/v2\/media?parent=41764"}],"wp:term":[{"taxonomy":"category","embeddable":true,"href":"https:\/\/batimedianews.com\/live\/index.php\/wp-json\/wp\/v2\/categories?post=41764"},{"taxonomy":"post_tag","embeddable":true,"href":"https:\/\/batimedianews.com\/live\/index.php\/wp-json\/wp\/v2\/tags?post=41764"}],"curies":[{"name":"wp","href":"https:\/\/api.w.org\/{rel}","templated":true}]}}