{"id":41855,"date":"2024-12-13T11:09:51","date_gmt":"2024-12-13T10:09:51","guid":{"rendered":"http:\/\/batimedianews.com\/live\/?p=41855"},"modified":"2025-04-08T20:34:49","modified_gmt":"2025-04-08T18:34:49","slug":"skyted-annonce-le-lancement-du-casque-skyted-320","status":"publish","type":"post","link":"https:\/\/batimedianews.com\/live\/index.php\/2024\/12\/13\/skyted-annonce-le-lancement-du-casque-skyted-320\/","title":{"rendered":"Skyted annonce le lancement du casque Skyted 320"},"content":{"rendered":"\n<figure class=\"wp-block-image size-full\"><img loading=\"lazy\" width=\"720\" height=\"338\" src=\"https:\/\/i2.wp.com\/batimedianews.com\/live\/wp-content\/uploads\/2024\/12\/image-22.png?resize=720%2C338\" alt=\"\" class=\"wp-image-41856\" srcset=\"https:\/\/i2.wp.com\/batimedianews.com\/live\/wp-content\/uploads\/2024\/12\/image-22.png?w=1266&amp;ssl=1 1266w, https:\/\/i2.wp.com\/batimedianews.com\/live\/wp-content\/uploads\/2024\/12\/image-22.png?resize=768%2C360&amp;ssl=1 768w, https:\/\/i2.wp.com\/batimedianews.com\/live\/wp-content\/uploads\/2024\/12\/image-22.png?resize=432%2C203&amp;ssl=1 432w, https:\/\/i2.wp.com\/batimedianews.com\/live\/wp-content\/uploads\/2024\/12\/image-22.png?resize=396%2C186&amp;ssl=1 396w, https:\/\/i2.wp.com\/batimedianews.com\/live\/wp-content\/uploads\/2024\/12\/image-22.png?resize=1120%2C525&amp;ssl=1 1120w, https:\/\/i2.wp.com\/batimedianews.com\/live\/wp-content\/uploads\/2024\/12\/image-22.png?resize=660%2C310&amp;ssl=1 660w\" sizes=\"(max-width: 600px) 91vw, (max-width: 900px) 600px, (max-width: 1060px) 50vw, (max-width: 1200px) 520px, (max-width: 1400px) 43vw, 600px\" data-recalc-dims=\"1\" \/><\/figure>\n\n\n\n<p class=\"has-text-align-center has-medium-font-size\">&nbsp;<strong>Un casque hautement technologique pour passer des appels silencieux et ne plus d\u00e9ranger ses voisins dans les transports, en mobilit\u00e9 ou au bureau !&nbsp;<\/strong><\/p>\n\n\n\n<p><strong>Le casque Skyted 320 permet de faire des appels silencieux de son si\u00e8ge en TGV ou avion, dans des endroits bruyants en mobilit\u00e9 (au restaurant, \u00e0 la gare, etc\u2026) mais aussi sur des plateformes de travail en open space. Ce casque et son application unique au monde apportent enfin la possibilit\u00e9 \u00e0 des millions d\u2019utilisateurs de g\u00e9rer des appels et visio en toute confidentialit\u00e9 et ce, sans d\u00e9ranger les voisins directs !&nbsp;<\/strong><\/p>\n\n\n\n<p>&nbsp;<strong>Utilisation mobile dans les transports et les espaces de travail&nbsp;<\/strong><\/p>\n\n\n\n<p><em>\u00ab Le but est de parler \u00e0 votre interlocuteur et toute tranquillit\u00e9 avec une prise de son de qualit\u00e9, sans que la personne assise \u00e0 c\u00f4t\u00e9 de vous ne puisse entendre votre voix <\/em>\u00bb <strong>explique Stephane HERSEN le PDG.&nbsp;<\/strong><\/p>\n\n\n\n<p>Ex VP chez Airbus, St\u00e9phane HERSEN a cr\u00e9\u00e9 Skyted pour permettre \u00e0 300 passagers de faire un appel silencieux en m\u00eame temps dans un avion ! Ce casque innovant est con\u00e7u pour r\u00e9pondre aux besoins des professionnels en d\u00e9placement, des travailleurs hybrides et des personnes souffrants de troubles vocaux. Que vous soyez dans un train, un TGV, un avion ou dans un open space, le Skyted 320 permet de passer des appels en toute discr\u00e9tion, sans d\u00e9ranger votre entourage. Il s\u2019adapte parfaitement aux environnements bruyants, gr\u00e2ce \u00e0 des caract\u00e9ristiques techniques uniques.&nbsp;<\/p>\n\n\n\n<p><strong>Une technologie avanc\u00e9e et de r\u00e9duction de bruit&nbsp;<\/strong><\/p>\n\n\n\n<p>Associ\u00e9e \u00e0 une r\u00e9duction efficace du bruit ambiant, la technologie audio unique de Skyted garantit que vos \u00e9changes restent confidentiels, tout en permettant que votre conversation reste claire pour votre interlocuteur m\u00eame lorsque vous vous trouvez dans les environnements les plus bruyants.&nbsp;<\/p>\n\n\n\n<p><strong>L\u00e9ger et confortable pour un usage quotidien&nbsp;<\/strong><\/p>\n\n\n\n<p>Fabriqu\u00e9 \u00e0 partir de mat\u00e9riaux l\u00e9gers et souples, le Skyted 320 offre un confort optimal pour une utilisation prolong\u00e9e. Que ce soit pour des appels professionnels ou personnels, ce casque r\u00e9pond aux exigences des utilisateurs les plus nomades.&nbsp;<\/p>\n\n\n\n<p><strong>Pour quels march\u00e9s ?&nbsp;<\/strong><\/p>\n\n\n\n<p>Skyted cible 3 applications majeures :&nbsp;<\/p>\n\n\n\n<ul><li>La mobilit\u00e9 pour les travailleurs itin\u00e9rants&nbsp;<\/li><li>L\u2019accessibilit\u00e9 pour permettre \u00e0 7% de la population de faire des appels pour des personnes aphoniques ou dysphoniques pour la partie impact. Cette configuration sera pr\u00e9sent\u00e9e au CES de Las Vegas d\u00e9but 2025.&nbsp;<\/li><li>Les open space pour r\u00e9gler un des plus gros probl\u00e8mes de stress connu au bureau, \u00e0 savoir les nuisances sonores li\u00e9es \u00e0 la voix des autres collaborateurs \u00e0 proximit\u00e9.&nbsp;<\/li><\/ul>\n\n\n\n<p><strong>Une APP qui va r\u00e9volutionner le monde des voyages en mobilit\u00e9.&nbsp;<\/strong><\/p>\n\n\n\n<p>En utilisant l\u2019AI et les donn\u00e9es r\u00e9seau Skyted va permettre \u00e0 500 millions d\u2019utilisateurs du TGV \u00e0 l\u2019\u00e9chelle mondial de faire des Visio de qualit\u00e9 gr\u00e2ce \u00e0 une App pr\u00e9dictive sp\u00e9cialement con\u00e7ue pour le TGV.&nbsp;<\/p>\n\n\n\n<p><strong>Pr\u00e9ventes sur skyted.io d\u00e8s le 15 novembre 2024&nbsp;<\/strong><\/p>\n\n\n\n<p>Les pr\u00e9ventes du Skyted 320 d\u00e9buteront le 15 novembre 2024 sur le site web de Skyted, avec une sortie officielle pr\u00e9vue pour fin janvier 2025.&nbsp;<\/p>\n\n\n\n<p>Accompagn\u00e9 par Airbus Dev., l&rsquo;ESA, l&rsquo;ONERA, Skyted est BPI Deeptech et membre de l&rsquo;Orange Innovation Lab.&nbsp;<\/p>\n","protected":false},"excerpt":{"rendered":"<p>&nbsp;Un casque hautement technologique pour passer des appels silencieux et ne plus d\u00e9ranger ses voisins dans les transports, en mobilit\u00e9 ou au bureau !&nbsp; Le casque Skyted 320 permet de faire des appels silencieux de son si\u00e8ge en TGV ou avion, dans des endroits bruyants en mobilit\u00e9 (au restaurant, \u00e0 la gare, etc\u2026) mais aussi [&hellip;]<\/p>\n","protected":false},"author":41,"featured_media":41857,"comment_status":"open","ping_status":"open","sticky":false,"template":"","format":"standard","meta":{"spay_email":""},"categories":[4,77,2092,102],"tags":[2074],"jetpack_featured_media_url":"https:\/\/i1.wp.com\/batimedianews.com\/live\/wp-content\/uploads\/2024\/12\/Skyted-articles-.jpg?fit=1513%2C825&ssl=1","jetpack_sharing_enabled":true,"jetpack_likes_enabled":true,"jetpack-related-posts":[{"id":41020,"url":"https:\/\/batimedianews.com\/live\/index.php\/2024\/10\/31\/penta-electrical-safety-products-leader-industriel-en-solutions-de-securite-electrique-innove-pour-la-protection-et-la-performance\/","url_meta":{"origin":41855,"position":0},"title":"PENTA ELECTRICAL SAFETY PRODUCTS, leader industriel en solutions de s\u00e9curit\u00e9 \u00e9lectrique innove pour la protection et la performance","date":"31 octobre 2024","format":false,"excerpt":"Bas\u00e9 \u00e0 Malataverne, PENTA electrical safety products con\u00e7oit et fabrique des \u00e9quipements de protection et assure la s\u00e9curit\u00e9 sur les chantiers des lignards, des techniciens de maintenance et plus g\u00e9n\u00e9ralement des \u00e9lectriciens, qui partout dans le monde interviennent sur les r\u00e9seaux de production, transport et distribution \u00e9lectrique. Au travers de\u2026","rel":"","context":"Dans &quot;Actualit\u00e9 Entreprises&quot;","img":{"alt_text":"","src":"https:\/\/i0.wp.com\/batimedianews.com\/live\/wp-content\/uploads\/2024\/10\/Penta-articles-.jpg?fit=825%2C825&ssl=1&resize=350%2C200","width":350,"height":200},"classes":[]},{"id":8844,"url":"https:\/\/batimedianews.com\/live\/index.php\/2021\/03\/29\/construire-un-bureau-detudes-au-service-des-artisans\/","url_meta":{"origin":41855,"position":1},"title":"Construire, un bureau d\u2019\u00e9tudes au service des artisans","date":"29 mars 2021","format":false,"excerpt":"Le bureau d\u2019\u00e9tudes CONSTRUIRE propose aux artisans d\u2019optimiser techniquement leurs projets pour r\u00e9duire leurs co\u00fbts et leur permettre d\u2019augmenter leurs marges.\u00a0 Pour les artisans, CONSTRUIRE va au-del\u00e0 des bureaux d\u2019\u00e9tudes traditionnels :\u00a0 CONSTRUIRE aide les petites et moyennes entreprises \u00e0 am\u00e9liorer leurs comp\u00e9tences gr\u00e2ce \u00e0 ses connaissances techniques en ing\u00e9nierie\u2026","rel":"","context":"Dans &quot;Actualit\u00e9 Entreprises&quot;","img":{"alt_text":"","src":"https:\/\/i2.wp.com\/batimedianews.com\/live\/wp-content\/uploads\/2021\/01\/Construire_logo_fond-blanc.jpg?fit=1200%2C1200&ssl=1&resize=350%2C200","width":350,"height":200},"classes":[]},{"id":47181,"url":"https:\/\/batimedianews.com\/live\/index.php\/2025\/10\/02\/pixa-des-lampes-frontales-compactes-et-robustes-pour-les-professionnels\/","url_meta":{"origin":41855,"position":2},"title":"PIXA : des lampes frontales compactes et robustes pour les professionnels","date":"2 octobre 2025","format":false,"excerpt":"Apr\u00e8s de nombreuses ann\u00e9es de loyaux services, les lampes frontales PIXA font enti\u00e8rement peau neuve, tout en conservant ce qui a toujours fait leur force : polyvalence, robustesse et facilit\u00e9 d'utilisation. Elles y ajoutent d\u00e9sormais la puissance ! Destin\u00e9s aux milieux exigeants de l\u2019industrie et de la maintenance, les nouvelles\u2026","rel":"","context":"Dans &quot;Actualit\u00e9 Entreprises&quot;","img":{"alt_text":"","src":"https:\/\/i1.wp.com\/batimedianews.com\/live\/wp-content\/uploads\/2025\/09\/Petzl.jpg?fit=825%2C825&ssl=1&resize=350%2C200","width":350,"height":200},"classes":[]},{"id":760,"url":"https:\/\/batimedianews.com\/live\/index.php\/2019\/01\/10\/ces-2019-visitez-le-jumeau-numerique-de-votre-futur-logement\/","url_meta":{"origin":41855,"position":3},"title":"CES 2019 VISITEZ LE JUMEAU NUM\u00c9RIQUE DE VOTRE FUTUR LOGEMENT","date":"10 janvier 2019","format":false,"excerpt":"Apr\u00e8s un premier passage tr\u00e8s remarqu\u00e9 au CES Las Vegas en 2018,\u00a0la start up aixoise PERSPECTIVE[S] revient sur le plus grand salon \u00e9lectronique au monde avec une\u00a0nouvelle innovation : la visite virtuelle de son futur logement, comme si l\u2019on y \u00e9tait, avec la possibilit\u00e9\u00a0de le personnaliser selon ses go\u00fbts. Les\u2026","rel":"","context":"Dans &quot;Actualit\u00e9 Entreprises&quot;","img":{"alt_text":"","src":"https:\/\/i1.wp.com\/batimedianews.com\/live\/wp-content\/uploads\/2019\/08\/reve-ces-01.jpg?fit=1080%2C1080&ssl=1&resize=350%2C200","width":350,"height":200},"classes":[]},{"id":604,"url":"https:\/\/batimedianews.com\/live\/index.php\/2018\/11\/19\/isover-lance-la-demarche-isophonic\/","url_meta":{"origin":41855,"position":4},"title":"ISOVER lance la d\u00e9marche Isophonic","date":"19 novembre 2018","format":false,"excerpt":"L\u2019isolation\u00a0phonique Vous pourrez acc\u00e9der au dossier complet en cliquant sur l'image SIMPLE, ACCESSIBLE ET EFFICACE ISOVER lance la D\u00e9marche Isophonic pour une isolation\u00a0phonique simple, efficace et accessible. L\u2019enjeu ? D\u00e9montrer\u00a0que subir des nuisances sonores dans son logement n\u2019est plus une fatalit\u00e9 ! Outil de diagnostic, exp\u00e9rience\u00a0sensorielle, solutions cl\u00e9s en mains\u2026","rel":"","context":"Dans &quot;Isolation&quot;","img":{"alt_text":"","src":"https:\/\/i2.wp.com\/batimedianews.com\/live\/wp-content\/uploads\/2019\/08\/isover8.jpg?fit=646%2C303&ssl=1&resize=350%2C200","width":350,"height":200},"classes":[]},{"id":37457,"url":"https:\/\/batimedianews.com\/live\/index.php\/2024\/05\/28\/la-renovation-energetique-en-tournee-avec-point-p\/","url_meta":{"origin":41855,"position":5},"title":"La r\u00e9novation \u00e9nerg\u00e9tique en tourn\u00e9e avec POINT.P","date":"28 mai 2024","format":false,"excerpt":"Habitu\u00e9 des roadshows, POINT.P repart sur les routes en ce mois de mai. L'Enseigne abordera une nouvelle fois l'un des sujets de pr\u00e9dilection : la r\u00e9novation \u00e9nerg\u00e9tique. Apr\u00e8s les outils et services en r\u00e9novation \u00e9nerg\u00e9tique de POINT.P en 2023, la lumi\u00e8re se porte \u00e0 pr\u00e9sent sur les produits et solutions\u2026","rel":"","context":"Dans &quot;Actualit\u00e9 Entreprises&quot;","img":{"alt_text":"","src":"https:\/\/i2.wp.com\/batimedianews.com\/live\/wp-content\/uploads\/2024\/05\/PointP-articles-.jpg?fit=825%2C825&ssl=1&resize=350%2C200","width":350,"height":200},"classes":[]}],"_links":{"self":[{"href":"https:\/\/batimedianews.com\/live\/index.php\/wp-json\/wp\/v2\/posts\/41855"}],"collection":[{"href":"https:\/\/batimedianews.com\/live\/index.php\/wp-json\/wp\/v2\/posts"}],"about":[{"href":"https:\/\/batimedianews.com\/live\/index.php\/wp-json\/wp\/v2\/types\/post"}],"author":[{"embeddable":true,"href":"https:\/\/batimedianews.com\/live\/index.php\/wp-json\/wp\/v2\/users\/41"}],"replies":[{"embeddable":true,"href":"https:\/\/batimedianews.com\/live\/index.php\/wp-json\/wp\/v2\/comments?post=41855"}],"version-history":[{"count":2,"href":"https:\/\/batimedianews.com\/live\/index.php\/wp-json\/wp\/v2\/posts\/41855\/revisions"}],"predecessor-version":[{"id":41893,"href":"https:\/\/batimedianews.com\/live\/index.php\/wp-json\/wp\/v2\/posts\/41855\/revisions\/41893"}],"wp:featuredmedia":[{"embeddable":true,"href":"https:\/\/batimedianews.com\/live\/index.php\/wp-json\/wp\/v2\/media\/41857"}],"wp:attachment":[{"href":"https:\/\/batimedianews.com\/live\/index.php\/wp-json\/wp\/v2\/media?parent=41855"}],"wp:term":[{"taxonomy":"category","embeddable":true,"href":"https:\/\/batimedianews.com\/live\/index.php\/wp-json\/wp\/v2\/categories?post=41855"},{"taxonomy":"post_tag","embeddable":true,"href":"https:\/\/batimedianews.com\/live\/index.php\/wp-json\/wp\/v2\/tags?post=41855"}],"curies":[{"name":"wp","href":"https:\/\/api.w.org\/{rel}","templated":true}]}}