{"id":41913,"date":"2024-12-16T10:16:36","date_gmt":"2024-12-16T09:16:36","guid":{"rendered":"http:\/\/batimedianews.com\/live\/?p=41913"},"modified":"2025-04-08T20:34:49","modified_gmt":"2025-04-08T18:34:49","slug":"iko-excel-solar-la-solution-photovoltaique-de-demain","status":"publish","type":"post","link":"https:\/\/batimedianews.com\/live\/index.php\/2024\/12\/16\/iko-excel-solar-la-solution-photovoltaique-de-demain\/","title":{"rendered":"IKO EXCEL\u00ae SOLAR, la solution photovolta\u00efque de demain"},"content":{"rendered":"\n<h1 class=\"has-sm-color-tertiary-color has-text-color\"><strong>\u00c9DITO<\/strong><\/h1>\n\n\n\n<div class=\"wp-block-media-text alignwide is-stacked-on-mobile\" style=\"grid-template-columns:19% auto\"><figure class=\"wp-block-media-text__media\"><img loading=\"lazy\" width=\"412\" height=\"518\" src=\"https:\/\/i0.wp.com\/batimedianews.com\/live\/wp-content\/uploads\/2024\/12\/image-68.png?resize=412%2C518\" alt=\"\" class=\"wp-image-41914 size-full\" srcset=\"https:\/\/i0.wp.com\/batimedianews.com\/live\/wp-content\/uploads\/2024\/12\/image-68.png?w=412&amp;ssl=1 412w, https:\/\/i0.wp.com\/batimedianews.com\/live\/wp-content\/uploads\/2024\/12\/image-68.png?resize=768%2C965&amp;ssl=1 768w, https:\/\/i0.wp.com\/batimedianews.com\/live\/wp-content\/uploads\/2024\/12\/image-68.png?resize=396%2C498&amp;ssl=1 396w\" sizes=\"(max-width: 600px) 91vw, (max-width: 900px) 600px, (max-width: 1060px) 50vw, (max-width: 1200px) 520px, (max-width: 1400px) 43vw, 600px\" data-recalc-dims=\"1\" \/><\/figure><div class=\"wp-block-media-text__content\">\n<p>\u00ab Chez IKO, nous croyons fermement que l\u2019innovation et la durabilit\u00e9 sont les piliers d\u2019un avenir responsable. Depuis toujours, notre mission est de prot\u00e9ger les b\u00e2timents tout en r\u00e9pondant aux d\u00e9fis de demain. Aujourd\u2019hui, gr\u00e2ce \u00e0 nos solutions comme IKO EXCEL\u00ae SOLAR, nous faisons bien plus : nous transformons les toitures en v\u00e9ritables centrales \u00e9nerg\u00e9tiques, tout en conservant ce qui fait notre force depuis des d\u00e9cennies \u2013 une \u00e9tanch\u00e9it\u00e9 irr\u00e9prochable.<\/p>\n\n\n\n<p>Notre ambition est claire : \u00eatre \u00e0 l\u2019avant-garde des solutions d\u2019\u00e9tanch\u00e9it\u00e9 et photovolta\u00efques. Nous ne nous contentons pas de suivre les \u00e9volutions du march\u00e9 ; nous les devan\u00e7ons, avec des produits l\u00e9gers, performants, et \u00e9co-responsables, adapt\u00e9s aux attentes des professionnels et des ma\u00eetres d\u2019ouvrage. Ces solutions refl\u00e8tent nos valeurs fondamentales : l\u2019excellence et une vision \u00e0 long terme.<\/p>\n\n\n\n<p>Nos \u00e9quipes, passionn\u00e9es et engag\u00e9es, travaillent chaque jour pour r\u00e9pondre aux besoins de nos clients avec r\u00e9activit\u00e9 et proximit\u00e9. Nous pla\u00e7ons le partage des connaissances au coeur de notre d\u00e9marche et sommes convaincus que, pour aller plus loin, il faut avancer ensemble, main dans la main, avec nos clients et nos partenaires.<\/p>\n\n\n\n<p>Gr\u00e2ce \u00e0 des partenariats strat\u00e9giques, des solutions innovantes, certifi\u00e9es et r\u00e9pondant aux d\u00e9fis environnementaux, IKO est aujourd\u2019hui bien plus qu\u2019un expert en \u00e9tanch\u00e9it\u00e9. Nous sommes un acteur engag\u00e9 dans la transition \u00e9nerg\u00e9tique, pr\u00eat \u00e0 relever les d\u00e9fis de demain.<\/p>\n\n\n\n<p>Avec ambition, nous regardons vers l\u2019avenir pour construire un monde o\u00f9 chaque toiture participe \u00e0 la production d\u2019une \u00e9nergie propre et accessible. Parce qu\u2019ensemble, nous b\u00e2tirons un avenir plus durable. \u00bb<\/p>\n<\/div><\/div>\n\n\n\n<figure class=\"wp-block-image size-full\"><img loading=\"lazy\" width=\"720\" height=\"358\" src=\"https:\/\/i0.wp.com\/batimedianews.com\/live\/wp-content\/uploads\/2024\/12\/image-69.png?resize=720%2C358\" alt=\"\" class=\"wp-image-41915\" srcset=\"https:\/\/i0.wp.com\/batimedianews.com\/live\/wp-content\/uploads\/2024\/12\/image-69.png?w=1558&amp;ssl=1 1558w, https:\/\/i0.wp.com\/batimedianews.com\/live\/wp-content\/uploads\/2024\/12\/image-69.png?resize=768%2C381&amp;ssl=1 768w, https:\/\/i0.wp.com\/batimedianews.com\/live\/wp-content\/uploads\/2024\/12\/image-69.png?resize=432%2C215&amp;ssl=1 432w, https:\/\/i0.wp.com\/batimedianews.com\/live\/wp-content\/uploads\/2024\/12\/image-69.png?resize=396%2C197&amp;ssl=1 396w, https:\/\/i0.wp.com\/batimedianews.com\/live\/wp-content\/uploads\/2024\/12\/image-69.png?resize=1120%2C556&amp;ssl=1 1120w, https:\/\/i0.wp.com\/batimedianews.com\/live\/wp-content\/uploads\/2024\/12\/image-69.png?resize=660%2C328&amp;ssl=1 660w, https:\/\/i0.wp.com\/batimedianews.com\/live\/wp-content\/uploads\/2024\/12\/image-69.png?w=1440 1440w\" sizes=\"(max-width: 600px) 91vw, (max-width: 900px) 600px, (max-width: 1060px) 50vw, (max-width: 1200px) 520px, (max-width: 1400px) 43vw, 600px\" data-recalc-dims=\"1\" \/><\/figure>\n\n\n\n<h2><strong>PARTIE 1<\/strong> : L\u2019ESSOR DU PHOTOVOLTA\u00cfQUE DANS LE SECTEUR DU B\u00c2TIMENT<\/h2>\n\n\n\n<p style=\"font-size:30px\"><strong>L\u2019ESSOR DU PHOTOVOLTA\u00cfQUE DANS LE SECTEUR DU B\u00c2TIMENT<\/strong><\/p>\n\n\n\n<p class=\"has-sm-color-tertiary-color has-text-color has-medium-font-size\"><strong>UNE PRISE DE CONSCIENCE QUI INTENSIFIE LA R\u00c9GLEMENTATION EN FAVEUR DES ENR<\/strong><\/p>\n\n\n\n<div class=\"wp-block-columns\">\n<div class=\"wp-block-column\">\n<p>La r\u00e9glementation encadrant la consommation d\u2019\u00e9nergie des b\u00e2timents tertiaires est chaque ann\u00e9e plus incitative. Actuellement, 3 lois majeures imposent de modifier le mix \u00e9nerg\u00e9tique de ces b\u00e2timents en y int\u00e9grant des \u00e9nergies renouvelables (EnR). L\u2019installation d\u2019une centrale photovolta\u00efque en toiture, en neuf comme en r\u00e9novation, est alors la meilleure r\u00e9ponse pour produire localement une \u00e9nergie propre.<\/p>\n\n\n\n<p><strong>LA R\u00c9GLEMENTATION ENVIRONNEMENTALE 2020 (RE2020)<\/strong><\/p>\n\n\n\n<p>Depuis 2020, la R\u00e9glementation Environnementale est venue remplacer la r\u00e9glementation thermique RT2012. C\u2019est la premi\u00e8re r\u00e9glementation fran\u00e7aise \u00e0 prendre en compte la performance environnementale (consommations d\u2019\u00e9nergie mais aussi les \u00e9missions de carbone) lors de la phase de construction dans le cycle de vie d\u2019un b\u00e2timent neuf. Plus ambitieuse et exigeante pour la fili\u00e8re du b\u00e2timent qui g\u00e9n\u00e8re 1\/4 des \u00e9missions de CO2 et 44 % de la consommation d\u2019\u00e9nergie<sup>1<\/sup>, elle \u00e9merge de la volont\u00e9 de l\u2019\u00e9tat et de discussions avec les acteurs d\u00e9cid\u00e9s \u00e0 agir collectivement. Son objectif est d\u2019atteindre la <strong>neutralit\u00e9 carbone en 2050<sup>2<\/sup><\/strong>.<\/p>\n\n\n\n<p>Elle repose entre autres sur une transformation des techniques de construction pour :<strong> limiter les consommations \u00e9nerg\u00e9tiques<\/strong> des nouveaux b\u00e2timents et <strong>diminuer drastiquement les \u00e9missions de carbone<\/strong> li\u00e9es \u00e0 ce secteur. D\u2019une part, cela passe par une meilleure isolation thermique des constructions : am\u00e9liorer la performance \u00e9nerg\u00e9tique des b\u00e2timents favorise par la m\u00eame occasion leur confort pour permettre \u00e0 chacun de vivre ou de travailler dans un lieu adapt\u00e9 aux conditions climatiques extr\u00eames (notamment en cas de fortes chaleurs). D\u2019autre part, par la mise en oeuvre de dispositifs permettant la<strong> production d\u2019\u00e9nergie verte<\/strong>. L\u2019installation de <strong>modules photovolta\u00efques<\/strong>, d\u00e8s la construction des b\u00e2timents, est ainsi de plus en plus encourag\u00e9e.<\/p>\n\n\n\n<p><strong>LE DISPOSITIF \u00c9CO \u00c9NERGIE TERTIAIRE (DEET)<\/strong><\/p>\n\n\n\n<p>Aussi appel\u00e9 \u00a0\u00bb D\u00e9cret tertiaire \u00ab\u00a0, le Dispositif \u00e9co \u00e9nergie Tertiaire (DEET) impose aux propri\u00e9taires et preneurs \u00e0 bail de b\u00e2timents tertiaires de plus de 1 000 m<sup>2<\/sup> une r\u00e9duction progressive de leurs consommations \u00e9nerg\u00e9tiques par rapport \u00e0 une ann\u00e9e de r\u00e9f\u00e9rence post\u00e9rieure \u00e0 2010. <strong>Fix\u00e9e \u00e0 40 % en 2030, elle s\u2019\u00e9l\u00e8vera \u00e0 50 % en 2040 pour atteindre une \u00e9conomie de 60 % d\u2019\u00e9nergie finale dans ces b\u00e2timents \u00e0 l\u2019horizon 2050<sup>3<\/sup><\/strong>.<\/p>\n<\/div>\n\n\n\n<div class=\"wp-block-column\">\n<p>Bien que ces \u00e9ch\u00e9ances puissent sembler lointaines, les assujettis sont encourag\u00e9s \u00e0 engager d\u00e8s \u00e0 pr\u00e9sent une d\u00e9marche de pilotage de leur consommation d\u2019\u00e9nergie pour identifier de potentiels gisements d\u2019\u00e9conomie et envisager si n\u00e9cessaire un plan d\u2019investissement pluriannuel.<\/p>\n\n\n\n<p>Pour atteindre ces objectifs, il existe en effet plusieurs leviers, comme :<\/p>\n\n\n\n<ul><li>\u2022 Modifier le comportement des occupants,<\/li><li>\u2022 Am\u00e9liorer la performance \u00e9nerg\u00e9tique du b\u00e2timent,<\/li><li>\u2022 Y installer des \u00e9quipements performants avec des dispositifs de gestion active,<\/li><li><strong>\u2022 Opter pour l\u2019installation de centrales photovolta\u00efques pour consommer de l\u2019\u00e9lectricit\u00e9 renouvelable produite localement.<\/strong><\/li><\/ul>\n\n\n\n<p><strong>LA LOI \u00c9NERGIE-CLIMAT<\/strong><\/p>\n\n\n\n<p>La Loi \u00e9nergie-Climat adopt\u00e9e en 2019 vient, elle aussi, soutenir l\u2019objectif de neutralit\u00e9 carbone pour 2050 en tendant vers une r\u00e9duction de 40 % des \u00e9missions de gaz \u00e0 effet de serre d\u2019ici 2030<sup>4<\/sup>. Elle fixe ainsi le cadre, les ambitions et la cible de la politique \u00e9nerg\u00e9tique et climatique de la France. Elle repose sur quatre axes principaux dont la <strong>sortie progressive des \u00e9nergies fossiles et le d\u00e9veloppement des \u00e9nergies renouvelables<sup>5<\/sup><\/strong>.<\/p>\n\n\n\n<p>Dans cette optique, elle impose depuis janvier 2024 aux b\u00e2timents \u00e0 usage tertiaire d\u2019installer des panneaux solaires photovolta\u00efques ou tout autre proc\u00e9d\u00e9 de production d\u2019\u00e9nergies renouvelables ou un syst\u00e8me de v\u00e9g\u00e9talisation sur au moins 30 % de la surface de leur toiture ou ombri\u00e8res.<\/p>\n\n\n\n<p>Amen\u00e9e \u00e0 \u00e9voluer, cette obligation concernera :<\/p>\n\n\n\n<ul><li>\u2022 Tous les b\u00e2timents de plus de 500 m<sup>2<\/sup> neufs ou faisant l\u2019objet de r\u00e9novations lourdes d\u00e8s 2025,<\/li><li>\u2022 40 % de la surface des toitures en 2026,<\/li><li>\u2022 50 % de la surface des toitures en 2027,<\/li><li>\u2022 Toutes les constructions, y compris les b\u00e2timents existants de plus de 500 m2 d\u00e8s 2028<sup>6<\/sup>.<\/li><\/ul>\n\n\n\n<p>Loin d\u2019\u00eatre un frein pour le d\u00e9veloppement de b\u00e2timents tertiaires, cette mesure est une opportunit\u00e9, g\u00e9n\u00e9rant une source de revenus suppl\u00e9mentaires pour le ma\u00eetre d\u2019ouvrage.<\/p>\n<\/div>\n<\/div>\n\n\n\n<p class=\"has-small-font-size\">1. <a href=\"https:\/\/mypower.engie.fr\/conseils\/energie-solaire\/solaire-environnement\/quelle-place-est-accordee-a-l-energie-solaire---.html\">Site Engie<\/a> \/ 2.<a href=\"https:\/\/www.ecologie.gouv.fr\/politiques-publiques\/reglementation-environnementale-re2020\"> Site gouvernemental<\/a> \/ 3. <a href=\"https:\/\/www.edf.fr\/entreprises\/le-mag\/le-mag-entreprises\/decryptage-du-marche-de-l-energie\/tout-savoir-sur-le-decret-tertiaire-obligations-et-solutions-pour-reduire-vos-consommations-d-energie\">Site EDF<\/a> \/ 4. <a href=\"https:\/\/www.statistiques.developpement-durable.gouv.fr\/edition-numerique\/chiffres-cles-du-climat\/22-politiques-de-lutte-contre-le\">Site gouvernemental <\/a>\/ 5. <a href=\"https:\/\/www.ecologie.gouv.fr\/politiques-publiques\/loi-energie-climat\">Site gouvernemental <\/a>\/ 6. <a href=\"https:\/\/entreprendre.service-public.fr\/vosdroits\/F38107\">Site gouvernemental<\/a><\/p>\n\n\n\n<p class=\"has-sm-color-tertiary-color has-text-color has-medium-font-size\"><strong>ENR : ENTRE MASSIFICATION ET ACC\u00c9L\u00c9RATION<\/strong><\/p>\n\n\n\n<div class=\"wp-block-media-text alignwide has-media-on-the-right is-stacked-on-mobile\" style=\"grid-template-columns:auto 42%\"><figure class=\"wp-block-media-text__media\"><img loading=\"lazy\" width=\"720\" height=\"346\" src=\"https:\/\/i1.wp.com\/batimedianews.com\/live\/wp-content\/uploads\/2024\/12\/image-70.png?resize=720%2C346\" alt=\"\" class=\"wp-image-41916 size-full\" srcset=\"https:\/\/i1.wp.com\/batimedianews.com\/live\/wp-content\/uploads\/2024\/12\/image-70.png?w=750&amp;ssl=1 750w, https:\/\/i1.wp.com\/batimedianews.com\/live\/wp-content\/uploads\/2024\/12\/image-70.png?resize=768%2C368&amp;ssl=1 768w, https:\/\/i1.wp.com\/batimedianews.com\/live\/wp-content\/uploads\/2024\/12\/image-70.png?resize=432%2C207&amp;ssl=1 432w, https:\/\/i1.wp.com\/batimedianews.com\/live\/wp-content\/uploads\/2024\/12\/image-70.png?resize=396%2C190&amp;ssl=1 396w, https:\/\/i1.wp.com\/batimedianews.com\/live\/wp-content\/uploads\/2024\/12\/image-70.png?resize=660%2C317&amp;ssl=1 660w\" sizes=\"(max-width: 600px) 91vw, (max-width: 900px) 600px, (max-width: 1060px) 50vw, (max-width: 1200px) 520px, (max-width: 1400px) 43vw, 600px\" data-recalc-dims=\"1\" \/><\/figure><div class=\"wp-block-media-text__content\">\n<p>Ces engagements envers la d\u00e9carbonation de la production et de la consommation d\u2019\u00e9nergie pris par la France entra\u00eenent une massification des EnR. Selon les r\u00e8gles de calcul europ\u00e9ennes, la part des \u00e9nergies renouvelables atteignait en 2023, 22,2 % de la consommation finale brute d\u2019\u00e9nergie de l\u2019hexagone, contre 20,5 % en 2022<sup>7<\/sup>. Encore bien inf\u00e9rieure \u00e0 l\u2019objectif de 33 % fix\u00e9 pour 2030<sup>8<\/sup>, cette progression est notamment port\u00e9e par les secteurs industriels, r\u00e9sidentiels, du b\u00e2timent, du transport, de la mobilit\u00e9 et de l\u2019agriculture o\u00f9 leur usage joue un r\u00f4le d\u00e9terminant.<\/p>\n<\/div><\/div>\n\n\n\n<div class=\"wp-block-columns\">\n<div class=\"wp-block-column\">\n<div class=\"wp-block-image\"><figure class=\"aligncenter size-full is-resized\"><img loading=\"lazy\" src=\"https:\/\/i0.wp.com\/batimedianews.com\/live\/wp-content\/uploads\/2024\/12\/image-71.png?resize=210%2C92\" alt=\"\" class=\"wp-image-41917\" width=\"210\" height=\"92\" srcset=\"https:\/\/i0.wp.com\/batimedianews.com\/live\/wp-content\/uploads\/2024\/12\/image-71.png?w=402&amp;ssl=1 402w, https:\/\/i0.wp.com\/batimedianews.com\/live\/wp-content\/uploads\/2024\/12\/image-71.png?resize=768%2C336&amp;ssl=1 768w, https:\/\/i0.wp.com\/batimedianews.com\/live\/wp-content\/uploads\/2024\/12\/image-71.png?resize=396%2C173&amp;ssl=1 396w\" sizes=\"(max-width: 600px) 91vw, (max-width: 900px) 600px, (max-width: 1060px) 50vw, (max-width: 1200px) 520px, (max-width: 1400px) 43vw, 600px\" data-recalc-dims=\"1\" \/><\/figure><\/div>\n\n\n\n<p>Les sources d\u2019\u00e9nergies renouvelables alternatives aux \u00e9nergies fossiles et au nucl\u00e9aire pour la construction et l\u2019alimentation des b\u00e2timents neufs et en r\u00e9fection sont aujourd\u2019hui tr\u00e8s diverses en France. L\u2019hexagone \u00e9tait d\u2019ailleurs le 2<sup>\u00e8me<\/sup> producteur primaire d\u2019EnR en Europe en 20229, derri\u00e8re l\u2019Allemagne. Les \u00e9nergies renouvelables regroupent une dizaine de fili\u00e8res. Le <strong>bois-\u00e9nergie<\/strong> et l<strong>\u2019hydraulique<\/strong> restent les plus d\u00e9velopp\u00e9es mais le solaire photovolta\u00efque, l\u2019\u00e9olien et le g\u00e9othermique ont progress\u00e9 rapidement ces derni\u00e8res ann\u00e9es.<\/p>\n\n\n\n<div class=\"wp-block-image\"><figure class=\"aligncenter size-full is-resized\"><img loading=\"lazy\" src=\"https:\/\/i0.wp.com\/batimedianews.com\/live\/wp-content\/uploads\/2024\/12\/image-72.png?resize=227%2C99\" alt=\"\" class=\"wp-image-41918\" width=\"227\" height=\"99\" srcset=\"https:\/\/i0.wp.com\/batimedianews.com\/live\/wp-content\/uploads\/2024\/12\/image-72.png?w=402&amp;ssl=1 402w, https:\/\/i0.wp.com\/batimedianews.com\/live\/wp-content\/uploads\/2024\/12\/image-72.png?resize=768%2C336&amp;ssl=1 768w, https:\/\/i0.wp.com\/batimedianews.com\/live\/wp-content\/uploads\/2024\/12\/image-72.png?resize=396%2C173&amp;ssl=1 396w\" sizes=\"(max-width: 600px) 91vw, (max-width: 900px) 600px, (max-width: 1060px) 50vw, (max-width: 1200px) 520px, (max-width: 1400px) 43vw, 600px\" data-recalc-dims=\"1\" \/><\/figure><\/div>\n\n\n\n<p>B\u00e9n\u00e9ficiant de la baisse du prix des modules, le d\u00e9ploiement de l\u2019\u00e9nergie <strong>solaire photovolta\u00efque<\/strong> s\u2019est nettement acc\u00e9l\u00e9r\u00e9 en 2023 jusqu\u2019\u00e0 repr\u00e9senter aujourd\u2019hui 4,4 % de la production totale d\u2019\u00e9lectricit\u00e9 en France. Le gouvernement ambitionne de multiplier d\u2019ici 2050 par 5 la capacit\u00e9 de production en privil\u00e9giant le Made in France face \u00e0 l\u2019essor de la concurrence asiatique.<\/p>\n\n\n\n<div class=\"wp-block-image\"><figure class=\"aligncenter size-full is-resized\"><img loading=\"lazy\" src=\"https:\/\/i1.wp.com\/batimedianews.com\/live\/wp-content\/uploads\/2024\/12\/image-73.png?resize=263%2C115\" alt=\"\" class=\"wp-image-41919\" width=\"263\" height=\"115\" srcset=\"https:\/\/i1.wp.com\/batimedianews.com\/live\/wp-content\/uploads\/2024\/12\/image-73.png?w=402&amp;ssl=1 402w, https:\/\/i1.wp.com\/batimedianews.com\/live\/wp-content\/uploads\/2024\/12\/image-73.png?resize=768%2C336&amp;ssl=1 768w, https:\/\/i1.wp.com\/batimedianews.com\/live\/wp-content\/uploads\/2024\/12\/image-73.png?resize=396%2C173&amp;ssl=1 396w\" sizes=\"(max-width: 600px) 91vw, (max-width: 900px) 600px, (max-width: 1060px) 50vw, (max-width: 1200px) 520px, (max-width: 1400px) 43vw, 600px\" data-recalc-dims=\"1\" \/><\/figure><\/div>\n\n\n\n<p>Deuxi\u00e8me fili\u00e8re renouvelable dans le mix fran\u00e7ais, <strong>l\u2019\u00e9olien<\/strong> terrestre et \u00a0\u00bb off-shore \u00a0\u00bb conna\u00eet lui aussi une forte croissance et totalisait 10,3 % de la production d\u2019\u00e9lectricit\u00e9 en 2023. Alors que le terrestre est encore le plus r\u00e9pandu en France, les pouvoirs publics misent d\u2019ici 2050 sur la massification de parcs en mer offrant une capacit\u00e9 de production sup\u00e9rieure et un impact paysager moindre.<\/p>\n<\/div>\n\n\n\n<div class=\"wp-block-column\">\n<div class=\"wp-block-image\"><figure class=\"aligncenter size-full is-resized\"><img loading=\"lazy\" src=\"https:\/\/i1.wp.com\/batimedianews.com\/live\/wp-content\/uploads\/2024\/12\/image-74.png?resize=211%2C92\" alt=\"\" class=\"wp-image-41920\" width=\"211\" height=\"92\" srcset=\"https:\/\/i1.wp.com\/batimedianews.com\/live\/wp-content\/uploads\/2024\/12\/image-74.png?w=402&amp;ssl=1 402w, https:\/\/i1.wp.com\/batimedianews.com\/live\/wp-content\/uploads\/2024\/12\/image-74.png?resize=768%2C336&amp;ssl=1 768w, https:\/\/i1.wp.com\/batimedianews.com\/live\/wp-content\/uploads\/2024\/12\/image-74.png?resize=396%2C173&amp;ssl=1 396w\" sizes=\"(max-width: 600px) 91vw, (max-width: 900px) 600px, (max-width: 1060px) 50vw, (max-width: 1200px) 520px, (max-width: 1400px) 43vw, 600px\" data-recalc-dims=\"1\" \/><\/figure><\/div>\n\n\n\n<p>Encore peu exploit\u00e9e dans l\u2019hexagone au vu du potentiel qu\u2019offre le territoire, la <strong>g\u00e9othermie<\/strong> de surface ou profonde est pourtant une \u00e9nergie propre, locale, stable et fiable am\u00e9liorant significativement l\u2019efficacit\u00e9 \u00e9nerg\u00e9tique des b\u00e2timents. D\u00e9j\u00e0 2<sup>\u00e8me<\/sup> producteur europ\u00e9en, la France accentue ses efforts depuis f\u00e9vrier 2023 via un plan d\u2019acc\u00e9l\u00e9ration visant \u00e0 structurer la fili\u00e8re pour augmenter de 40 % les installations d\u2019ici 2030<sup>10<\/sup>.<\/p>\n\n\n\n<div class=\"wp-block-image\"><figure class=\"aligncenter size-full is-resized\"><img loading=\"lazy\" src=\"https:\/\/i1.wp.com\/batimedianews.com\/live\/wp-content\/uploads\/2024\/12\/image-75.png?resize=239%2C80\" alt=\"\" class=\"wp-image-41921\" width=\"239\" height=\"80\" srcset=\"https:\/\/i1.wp.com\/batimedianews.com\/live\/wp-content\/uploads\/2024\/12\/image-75.png?w=526&amp;ssl=1 526w, https:\/\/i1.wp.com\/batimedianews.com\/live\/wp-content\/uploads\/2024\/12\/image-75.png?resize=768%2C256&amp;ssl=1 768w, https:\/\/i1.wp.com\/batimedianews.com\/live\/wp-content\/uploads\/2024\/12\/image-75.png?resize=432%2C145&amp;ssl=1 432w, https:\/\/i1.wp.com\/batimedianews.com\/live\/wp-content\/uploads\/2024\/12\/image-75.png?resize=396%2C133&amp;ssl=1 396w\" sizes=\"(max-width: 600px) 91vw, (max-width: 900px) 600px, (max-width: 1060px) 50vw, (max-width: 1200px) 520px, (max-width: 1400px) 43vw, 600px\" data-recalc-dims=\"1\" \/><\/figure><\/div>\n\n\n\n<p>D\u2019autres EnR moins connues ou sous exploit\u00e9es pr\u00e9sentent elles aussi de belles perspectives. Le <strong>biogaz<\/strong> par exemple valorise les d\u00e9chets agricoles issus de la m\u00e9thanisation pour produire de l\u2019\u00e9lectricit\u00e9 verte tout en r\u00e9duisant les \u00e9missions de gaz \u00e0 effet de serre. La France en est le principal producteur en Europe.<\/p>\n\n\n\n<p>Fin mars 2024, elle comptabilisait plus de 1 000 installations, dont 2\/3 d\u2019entre elles injectent du biom\u00e9thane dans les r\u00e9seaux de gaz naturel. Encore m\u00e9connue, la <strong>chaleur solaire<\/strong> ne p\u00e8se pour sa part qu\u20191 % de la production totale de chaleur renouvelable de l\u2019hexagone alors qu\u2019elle constitue une source locale, universelle et performante. Pour l\u2019exploiter davantage, la France souhaite multiplier par 8 sa production \u00e0 \u00e9ch\u00e9ance 2035. Enfin, l\u2019hydrog\u00e8ne vert est depuis 2021 une priorit\u00e9 de d\u00e9veloppement pour le gouvernement dans le cadre de ses plans France Relance et France 2030.<\/p>\n<\/div>\n<\/div>\n\n\n\n<p class=\"has-small-font-size\">7. <a href=\"https:\/\/www.statistiques.developpement-durable.gouv.fr\/chiffres-cles-des-energies-renouvelables-edition-2024?rubrique=21&amp;dossier=174\">Site gouvernemental<\/a> \/ 8. <a href=\"https:\/\/www.statistiques.developpement-durable.gouv.fr\/edition-numerique\/chiffres-cles-energies-renouvelables-2022\/3-objectif-2030-et-situation-actuelle\">Site gouvernemental <\/a>\/ 9. <a href=\"https:\/\/www.statistiques.developpement-durable.gouv.fr\/edition-numerique\/chiffres-cles-energies-renouvelables-2022\/partie3-les-differentes-filieres-denergies-renouvelables\">Site gouvernemental<\/a> \/ 10. Dossier de presse Forum EnerGa\u00efa<\/p>\n\n\n\n<figure class=\"wp-block-image size-full\"><img loading=\"lazy\" width=\"720\" height=\"277\" src=\"https:\/\/i2.wp.com\/batimedianews.com\/live\/wp-content\/uploads\/2024\/12\/image-76.png?resize=720%2C277\" alt=\"\" class=\"wp-image-41922\" srcset=\"https:\/\/i2.wp.com\/batimedianews.com\/live\/wp-content\/uploads\/2024\/12\/image-76.png?w=1558&amp;ssl=1 1558w, https:\/\/i2.wp.com\/batimedianews.com\/live\/wp-content\/uploads\/2024\/12\/image-76.png?resize=768%2C295&amp;ssl=1 768w, https:\/\/i2.wp.com\/batimedianews.com\/live\/wp-content\/uploads\/2024\/12\/image-76.png?resize=432%2C166&amp;ssl=1 432w, https:\/\/i2.wp.com\/batimedianews.com\/live\/wp-content\/uploads\/2024\/12\/image-76.png?resize=396%2C153&amp;ssl=1 396w, https:\/\/i2.wp.com\/batimedianews.com\/live\/wp-content\/uploads\/2024\/12\/image-76.png?resize=1120%2C431&amp;ssl=1 1120w, https:\/\/i2.wp.com\/batimedianews.com\/live\/wp-content\/uploads\/2024\/12\/image-76.png?resize=660%2C254&amp;ssl=1 660w, https:\/\/i2.wp.com\/batimedianews.com\/live\/wp-content\/uploads\/2024\/12\/image-76.png?w=1440 1440w\" sizes=\"(max-width: 600px) 91vw, (max-width: 900px) 600px, (max-width: 1060px) 50vw, (max-width: 1200px) 520px, (max-width: 1400px) 43vw, 600px\" data-recalc-dims=\"1\" \/><\/figure>\n\n\n\n<p class=\"has-sm-color-tertiary-color has-text-color has-medium-font-size\"><strong>LE PHOTOVOLTA\u00cfQUE : DES AVANTAGES \u00c0 LA CONSTRUCTION ET \u00c0 L\u2019EXPLOITATION<\/strong><\/p>\n\n\n\n<div class=\"wp-block-columns\">\n<div class=\"wp-block-column\">\n<p>Opter pour des EnR pour construire et alimenter un b\u00e2timent offre un avantage majeur ; celui de r\u00e9duire rapidement et drastiquement son empreinte carbone afin de r\u00e9pondre aux nouvelles r\u00e9glementations. Ce choix, impliquant un investissement suppl\u00e9mentaire, est en contrepartie hautement valorisable. Il am\u00e9liore l\u2019image de l\u2019entreprise en concr\u00e9tisant sa d\u00e9marche RSE. Parmi les nombreuses sources d\u2019\u00e9nergies renouvelables existantes, c\u2019est le solaire photovolta\u00efque qui tire son \u00e9pingle du jeu depuis une d\u00e9cennie maintenant. Il s\u00e9duit aussi bien gr\u00e2ce \u00e0 ses avantages techniques lors de la phase de construction que lors de l\u2019exploitation du b\u00e2timent.<\/p>\n\n\n\n<p>\u00ab<em> Au-del\u00e0 d\u2019\u00eatre obligatoire pour obtenir un permis de construire, la pose de panneaux photovolta\u00efques permet de valoriser le patrimoine foncier. C\u2019est aussi une source d\u2019\u00e9nergie renouvelable plus accessible pour les b\u00e2timents neufs comme anciens. Gr\u00e2ce \u00e0 des solutions innovantes n\u00e9cessitant de moins en moins d\u2019am\u00e9nagements additionnels, et ceux m\u00eame en cas de r\u00e9fection (consolidation de la structure, etc.), sa mise en oeuvre est facilit\u00e9e contrairement \u00e0 d\u2019autres \u00e9nergies comme l\u2019\u00e9olien, <\/em>\u00bb explique <strong>Rolland COLIN, Responsable Produits Photovolta\u00efques chez IKO.<\/strong><\/p>\n\n\n\n<p>L\u2019installation d\u2019une centrale solaire en toiture g\u00e9n\u00e8re aussi des b\u00e9n\u00e9fices non n\u00e9gligeables pour le ma\u00eetre d\u2019ouvrage tout au long de l\u2019exploitation du b\u00e2timent. Le retour sur investissement est en effet tr\u00e8s rapide que ce soit dans le cadre de l\u2019autoconsommation de l\u2019\u00e9nergie produite ou de sa revente partielle ou totale. Le solaire photovolta\u00efque permet d\u2019une part de diminuer les charges \u00e9lectriques et\/ou de g\u00e9n\u00e9rer un compl\u00e9ment de revenu pour le propri\u00e9taire du b\u00e2timent. Et d\u2019autre part, en am\u00e9liorant les performances \u00e9nerg\u00e9tiques du b\u00e2timent, celui-ci offre un meilleur cadre de vie ou de travail \u00e0 ses occupants face aux conditions climatiques.<\/p>\n<\/div>\n\n\n\n<div class=\"wp-block-column\">\n<figure class=\"wp-block-image size-full\"><img loading=\"lazy\" width=\"564\" height=\"1198\" src=\"https:\/\/i0.wp.com\/batimedianews.com\/live\/wp-content\/uploads\/2024\/12\/image-77.png?resize=564%2C1198\" alt=\"\" class=\"wp-image-41923\" srcset=\"https:\/\/i0.wp.com\/batimedianews.com\/live\/wp-content\/uploads\/2024\/12\/image-77.png?w=564&amp;ssl=1 564w, https:\/\/i0.wp.com\/batimedianews.com\/live\/wp-content\/uploads\/2024\/12\/image-77.png?resize=768%2C1631&amp;ssl=1 768w, https:\/\/i0.wp.com\/batimedianews.com\/live\/wp-content\/uploads\/2024\/12\/image-77.png?resize=432%2C918&amp;ssl=1 432w, https:\/\/i0.wp.com\/batimedianews.com\/live\/wp-content\/uploads\/2024\/12\/image-77.png?resize=396%2C841&amp;ssl=1 396w\" sizes=\"(max-width: 600px) 91vw, (max-width: 900px) 600px, (max-width: 1060px) 50vw, (max-width: 1200px) 520px, (max-width: 1400px) 43vw, 600px\" data-recalc-dims=\"1\" \/><\/figure>\n<\/div>\n<\/div>\n\n\n\n<h2><strong>PARTIE 2 <\/strong>: IKO, LA NOUVELLE R\u00c9F\u00c9RENCE PROFESSIONNELLE POUR LE PHOTOVOLTA\u00cfQUE<\/h2>\n\n\n\n<p style=\"font-size:30px\"><strong>IKO, LA NOUVELLE R\u00c9F\u00c9RENCE PROFESSIONNELLE POUR LE PHOTOVOLTA\u00cfQUE<\/strong><\/p>\n\n\n\n<p class=\"has-sm-color-tertiary-color has-text-color has-medium-font-size\"><strong>UNE EXPERTISE EN \u00c9TANCH\u00c9IT\u00c9 RECONNUE SUR LE MARCH\u00c9<\/strong><\/p>\n\n\n\n<p>Entreprise pionni\u00e8re, IKO est aujourd\u2019hui leader \u00e0 l\u2019\u00e9chelle mondiale dans l\u2019industrie de la toiture et des produits connexes.<\/p>\n\n\n\n<p>Acteur majeur dans la conception, la production et la commercialisation de syst\u00e8mes d\u2019\u00e9tanch\u00e9it\u00e9, IKO travaille avec d\u00e9termination pour offrir au march\u00e9 des produits de haute qualit\u00e9, fiables, durables et reconnus pour leur technicit\u00e9.<\/p>\n\n\n\n<p>Au quotidien, IKO met l\u2019accent sur la proximit\u00e9 gr\u00e2ce \u00e0 des \u00e9quipes r\u00e9parties sur le territoire et un dispositif de distribution p\u00e9renne de 20 agences r\u00e9gionales Roofmart. Le fabricant s\u2019engage aussi pour la satisfaction de ses clients, du d\u00e9veloppement \u00e0 la mise en oeuvre de ses produits, en proposant des services \u00e0 forte valeur ajout\u00e9e comme une assistance technique r\u00e9active compos\u00e9e d\u2019experts et un service logistique performant. IKO accompagne \u00e9galement les professionnels en leur proposant des formations afin de ma\u00eetriser techniquement ses produits et ainsi maximiser leurs performances.<\/p>\n\n\n\n<figure class=\"wp-block-image size-full\"><img loading=\"lazy\" width=\"720\" height=\"543\" src=\"https:\/\/i0.wp.com\/batimedianews.com\/live\/wp-content\/uploads\/2024\/12\/image-78.png?resize=720%2C543\" alt=\"\" class=\"wp-image-41924\" srcset=\"https:\/\/i0.wp.com\/batimedianews.com\/live\/wp-content\/uploads\/2024\/12\/image-78.png?w=1552&amp;ssl=1 1552w, https:\/\/i0.wp.com\/batimedianews.com\/live\/wp-content\/uploads\/2024\/12\/image-78.png?resize=768%2C578&amp;ssl=1 768w, https:\/\/i0.wp.com\/batimedianews.com\/live\/wp-content\/uploads\/2024\/12\/image-78.png?resize=432%2C326&amp;ssl=1 432w, https:\/\/i0.wp.com\/batimedianews.com\/live\/wp-content\/uploads\/2024\/12\/image-78.png?resize=396%2C299&amp;ssl=1 396w, https:\/\/i0.wp.com\/batimedianews.com\/live\/wp-content\/uploads\/2024\/12\/image-78.png?resize=1120%2C844&amp;ssl=1 1120w, https:\/\/i0.wp.com\/batimedianews.com\/live\/wp-content\/uploads\/2024\/12\/image-78.png?resize=660%2C498&amp;ssl=1 660w, https:\/\/i0.wp.com\/batimedianews.com\/live\/wp-content\/uploads\/2024\/12\/image-78.png?w=1440 1440w\" sizes=\"(max-width: 600px) 91vw, (max-width: 900px) 600px, (max-width: 1060px) 50vw, (max-width: 1200px) 520px, (max-width: 1400px) 43vw, 600px\" data-recalc-dims=\"1\" \/><\/figure>\n\n\n\n<div class=\"wp-block-columns\">\n<div class=\"wp-block-column\">\n<p><strong>LE LIANT ALPA\u00ae : UNE INNOVATION BREVET\u00c9E<\/strong><\/p>\n\n\n\n<p><strong>R\u00c9VOLUTIONNAIRE POUR L\u2019\u00c9TANCH\u00c9IT\u00c9<\/strong><\/p>\n\n\n\n<p>V\u00e9ritable avanc\u00e9e technologique d\u00e9velopp\u00e9e et brevet\u00e9e par l\u2019entreprise il y a 25 ans, le liant ALPA. est un \u00e9l\u00e9ment cl\u00e9 dans la fabrication des membranes d\u2019\u00e9tanch\u00e9it\u00e9 IKO. Reflet de l\u2019expertise du groupe, il a concouru \u00e0 b\u00e2tir sa renomm\u00e9e en France comme \u00e0 l\u2019international dans le domaine de l\u2019\u00e9tanch\u00e9it\u00e9.<\/p>\n\n\n\n<p>Il est au coeur d\u2019une gamme compl\u00e8te de membranes adapt\u00e9es \u00e0 diff\u00e9rents types de toitures et de proc\u00e9d\u00e9s valid\u00e9s depuis plus de 20 ans par des organismes r\u00e9f\u00e9rents comme le CSTB et les bureaux de contr\u00f4le. Gage de qualit\u00e9 pour les professionnels de l\u2019\u00e9tanch\u00e9it\u00e9, la fluidit\u00e9 et la flexibilit\u00e9 du liant ALPA\u00ae lui conf\u00e8rent des propri\u00e9t\u00e9s uniques qui r\u00e9volutionnent encore aujourd\u2019hui le secteur.<\/p>\n\n\n\n<p>Ses propri\u00e9t\u00e9s de fluage apportent une haute fiabilit\u00e9 \u00e0 la soudure et des performances d\u2019adh\u00e9rence sans primaire exceptionnelles. Elles offrent \u00e9galement la possibilit\u00e9 de r\u00e9aliser des soudures \u00e0 l\u2019air chaud, \u00e9vitant ainsi l\u2019usage de la flamme et du gaz. Le bourrelet continu obtenu lors de la mise en oeuvre prouve la bonne qualit\u00e9 de la soudure.<\/p>\n\n\n\n<div class=\"wp-block-group has-background\" style=\"background-color:#d9dd6f\"><div class=\"wp-block-group__inner-container\">\n<p class=\"has-sm-light-primary-color has-text-color\"><strong>LES AVANTAGES DU LIANT ALPA\u00ae :<\/strong><\/p>\n\n\n\n<p><strong>\u2022 Pose simplifi\u00e9e :<\/strong><\/p>\n\n\n\n<p>Les membranes sont pos\u00e9es directement sur les supports sains, propres et secs, sans primaire (enduit d\u2019impr\u00e9gnation \u00e0 froid &#8211; EIF). V\u00e9ritable gain de temps, cela permet aussi de diminuer les risques d\u2019erreur.<\/p>\n\n\n\n<p><strong>\u2022 Qualit\u00e9 de soudure sup\u00e9rieure :<\/strong><\/p>\n\n\n\n<p>Le liant ALPA\u00ae permet une grande fiabilit\u00e9 \u00e0 la soudure, avec une adh\u00e9rence sans primaire exceptionnelle, notamment sur des supports bruts, tels que b\u00e9ton, laine de roche nue, ancienne \u00e9tanch\u00e9it\u00e9, etc.<\/p>\n\n\n\n<p><strong>\u2022 Durabilit\u00e9 :<\/strong><\/p>\n\n\n\n<p>Offrant une long\u00e9vit\u00e9 exceptionnelle, les membranes \u00e0 base de liant ALPA\u00ae sont garanties jusqu\u2019\u00e0 20 ans. Elles r\u00e9sistent aux intemp\u00e9ries, aux UV et aux chocs thermiques.<\/p>\n\n\n\n<p><strong>\u2022 \u00c9cologique et \u00e9conomique :<\/strong><\/p>\n\n\n\n<p>Gr\u00e2ce \u00e0 ses qualit\u00e9s, le liant ALPA\u00ae ne n\u00e9cessite plus de solvant, ni de colle. Les proc\u00e9d\u00e9s \u00e0 base de ce liant g\u00e9n\u00e8rent ainsi moins de d\u00e9chets sur les chantiers et moins d\u2019\u00e9manations toxiques nuisibles \u00e0 la sant\u00e9 des poseurs.<\/p>\n<\/div><\/div>\n<\/div>\n\n\n\n<div class=\"wp-block-column\">\n<figure class=\"wp-block-image size-full\"><img loading=\"lazy\" width=\"720\" height=\"388\" src=\"https:\/\/i2.wp.com\/batimedianews.com\/live\/wp-content\/uploads\/2024\/12\/image-79.png?resize=720%2C388\" alt=\"\" class=\"wp-image-41925\" srcset=\"https:\/\/i2.wp.com\/batimedianews.com\/live\/wp-content\/uploads\/2024\/12\/image-79.png?w=750&amp;ssl=1 750w, https:\/\/i2.wp.com\/batimedianews.com\/live\/wp-content\/uploads\/2024\/12\/image-79.png?resize=768%2C413&amp;ssl=1 768w, https:\/\/i2.wp.com\/batimedianews.com\/live\/wp-content\/uploads\/2024\/12\/image-79.png?resize=432%2C233&amp;ssl=1 432w, https:\/\/i2.wp.com\/batimedianews.com\/live\/wp-content\/uploads\/2024\/12\/image-79.png?resize=396%2C213&amp;ssl=1 396w, https:\/\/i2.wp.com\/batimedianews.com\/live\/wp-content\/uploads\/2024\/12\/image-79.png?resize=660%2C356&amp;ssl=1 660w\" sizes=\"(max-width: 600px) 91vw, (max-width: 900px) 600px, (max-width: 1060px) 50vw, (max-width: 1200px) 520px, (max-width: 1400px) 43vw, 600px\" data-recalc-dims=\"1\" \/><\/figure>\n\n\n\n<p><strong>UNE LARGE GAMME D\u2019\u00c9TANCH\u00c9IT\u00c9<\/strong><\/p>\n\n\n\n<p><strong>POUR TOITURES-TERRASSES<\/strong><\/p>\n\n\n\n<p class=\"has-sm-dark-tertiary-color has-text-color\">&gt; \u00c9TANCH\u00c9IT\u00c9 BITUMEUSE<\/p>\n\n\n\n<p>Les membranes d\u2019\u00e9tanch\u00e9it\u00e9 bitumeuses sont au coeur du savoir-faire d\u2019IKO. Compos\u00e9es de liants \u00e9lastom\u00e8res ou ALPA\u00ae, elles sont con\u00e7ues pour r\u00e9pondre de mani\u00e8re pr\u00e9cise et efficace aux d\u00e9fis de chaque toiture-terrasse. Ces produits, b\u00e9n\u00e9ficiant de certifications attestant leur conformit\u00e9 aux plus hautes exigences, sont reconnus pour leur durabilit\u00e9, leur r\u00e9sistance m\u00e9canique exceptionnelle et leur polyvalence. Nombre d\u2019entre eux s\u2019affirment aujourd\u2019hui comme des r\u00e9f\u00e9rences pour les professionnels de l\u2019\u00e9tanch\u00e9it\u00e9 et du b\u00e2timent.<\/p>\n\n\n\n<p class=\"has-sm-dark-tertiary-color has-text-color\">&gt; \u00c9TANCH\u00c9IT\u00c9 SYNTH\u00c9TIQUE<\/p>\n\n\n\n<p>Depuis plus de 20 ans, IKO propose \u00e9galement une large gamme de syst\u00e8mes d\u2019\u00e9tanch\u00e9it\u00e9 mono-couche synth\u00e9tique. Adapt\u00e9s aux toitures de formes et de dimensions vari\u00e9es, en travaux neufs comme en r\u00e9fection, ces membranes d\u2019\u00e9tanch\u00e9it\u00e9 synth\u00e9tique PVC assurent aux b\u00e2timents une tr\u00e8s bonne protection contre les intemp\u00e9ries ainsi qu\u2019une grande r\u00e9sistance aux UV. Souples et rapides \u00e0 mettre en oeuvre, elles fournissent une \u00e9tanch\u00e9it\u00e9 durable et tr\u00e8s performante pour p\u00e9renniser les ouvrages. IKO dispose aussi d\u2019une gamme compl\u00e8te d\u2019accessoires de toiture sp\u00e9cialement con\u00e7us pour traiter les points singuliers, comprenant des \u00e9l\u00e9ments pr\u00e9fabriqu\u00e9s pour angles rentrants et sortants, des t\u00f4les plast\u00e9es, ainsi qu\u2019une membrane coupe-feu.<\/p>\n\n\n\n<p class=\"has-sm-dark-tertiary-color has-text-color\">&gt; \u00c9TANCH\u00c9IT\u00c9 \u00c9CORESPONSABLE<\/p>\n\n\n\n<p>Fort de son expertise, IKO place l\u2019innovation et la conception de b\u00e2timents durables, sains, confortables, esth\u00e9tiques et sobres \u00e9nerg\u00e9tiquement au coeur de sa d\u00e9marche de d\u00e9veloppement responsable. Fier d\u2019\u00eatre un partenaire de confiance pour les professionnels du secteur, le fabricant combine efficacement durabilit\u00e9, performance et respect des normes en vigueur afin de relever \u00e0 leurs c\u00f4t\u00e9s les d\u00e9fis de demain pour cr\u00e9er un avenir plus respectueux de l\u2019environnement. Dans cette optique, l\u2019offre IKO s\u2019est notamment \u00e9toff\u00e9e ces derni\u00e8res ann\u00e9es de solutions \u00e9cologiques, allant de l\u2019\u00e9tanch\u00e9it\u00e9 r\u00e9fl\u00e9chissante \u00e0 la toiture v\u00e9g\u00e9talis\u00e9e en passant par la r\u00e9tention des eaux pluviales, sans oublier l\u2019\u00e9tanch\u00e9it\u00e9 photovolta\u00efque.<\/p>\n<\/div>\n<\/div>\n\n\n\n<p class=\"has-sm-color-tertiary-color has-text-color has-medium-font-size\"><strong>DE L\u2019\u00c9TANCH\u00c9IT\u00c9 AUX SOLUTIONS PHOTOVOLTA\u00cfQUES<\/strong><\/p>\n\n\n\n<div class=\"wp-block-columns\">\n<div class=\"wp-block-column\">\n<p>La pose de modules photovolta\u00efques sur les toitures-terrasses est un m\u00e9tier jeune, qui se structure rapidement. L\u2019un des principaux enjeux, au-del\u00e0 du rendement des panneaux, est la pr\u00e9servation de l\u2019\u00e9tanch\u00e9it\u00e9 de la toiture et par extension du b\u00e2timent. Bien conscient de cela, le fabricant s\u2019appuie sur son expertise en \u00e9tanch\u00e9it\u00e9 et d\u00e9veloppe une gamme IKO SOLAR grandissante de modules photovolta\u00efques rigides et souples adapt\u00e9s \u00e0 tous les types de b\u00e2timents. Elle lui permet d\u2019accompagner les professionnels vers la transition \u00e9nerg\u00e9tique du secteur en continuant \u00e0 leur proposer des produits fiables et de qualit\u00e9, parfaitement adapt\u00e9s aux nouveaux besoins de la construction neuve comme de la r\u00e9novation.<\/p>\n\n\n\n<p><strong>MODULES RIGIDES CADR\u00c9S<\/strong><\/p>\n\n\n\n<p class=\"has-sm-dark-tertiary-color has-text-color\">&gt; ROOF-SOLAR<\/p>\n\n\n\n<p>Destin\u00e9 aux b\u00e2timents tertiaires, ERP, industriels et r\u00e9sidentiels, neufs ou en r\u00e9novation, ROOF-SOLAR est un proc\u00e9d\u00e9 photovolta\u00efque modulable, robuste, durable et simple \u00e0 mettre en oeuvre sur \u00e9tanch\u00e9it\u00e9 bitume ou PVC. Ce syst\u00e8me complet de fixation pour panneaux photovolta\u00efques par simple clipsage est adapt\u00e9 aux toitures dont la pente est comprise entre 3 et 10 % sur \u00e9l\u00e9ments porteurs en t\u00f4les d\u2019acier nervur\u00e9es (TAN). Il ne n\u00e9cessite ni lest, ni per\u00e7age de la membrane d\u2019\u00e9tanch\u00e9it\u00e9, \u00e9vitant ainsi tout risque d\u2019infiltration. Gr\u00e2ce \u00e0 ses trois types de pose (\u00e0 plat, simple ou double shed), ce proc\u00e9d\u00e9 est rapide \u00e0 installer et permet d\u2019optimiser l\u2019exposition des panneaux. Il se compose :<\/p>\n\n\n\n<ul><li>\u2022 D\u2019un syst\u00e8me d\u2019\u00e9tanch\u00e9it\u00e9 adapt\u00e9 (bitume ou PVC),<\/li><li>\u2022 D\u2019un syst\u00e8me de fixation constitu\u00e9 de rails en aluminium fournis par DOME SOLAR, pour la mise en oeuvre en toiture-terrasse.<\/li><\/ul>\n\n\n\n<p>Gage de sa qualit\u00e9, le proc\u00e9d\u00e9 ROOF-SOLAR est la 1<sup>\u00e8re<\/sup> solution d\u2019int\u00e9gration photovolta\u00efque qui b\u00e9n\u00e9ficie de <strong>3 Avis Techniques<\/strong> sur \u00e9l\u00e9ment porteur TAN. Cela d\u00e9montre une fois de plus la capacit\u00e9 d\u2019IKO \u00e0 proposer des solutions qualitatives, certifi\u00e9es et durables au service de la performance \u00e9nerg\u00e9tique.<\/p>\n\n\n\n<p><strong>Le + IKO<\/strong> : Un ATEc sur les TAN Grande Port\u00e9e en version module \u00e0 plat et inclin\u00e9s, un service d\u2019aide au calepinage, une garantie produit de 20 ans.<\/p>\n\n\n\n<div class=\"wp-block-group\"><div class=\"wp-block-group__inner-container\">\n<div class=\"wp-block-group has-background\" style=\"background-color:#d9dd6f\"><div class=\"wp-block-group__inner-container\">\n<p class=\"has-sm-light-primary-color has-text-color\"><strong>EN BREF<\/strong><\/p>\n\n\n\n<ul><li>\u2022 \u00c9l\u00e9ment porteur acier<\/li><li>\u2022 Constructions neuves<\/li><li>\u2022 Pente de 3 \u00e0 10 %<\/li><li>\u2022 Isolant laine min\u00e9rale nue<\/li><li>\u2022 Sous Avis Technique (pour \u00e9tanch\u00e9it\u00e9 bitume et PVC)<\/li><li>\u2022 Implantation du module photovolta\u00efque \u00e0 plat, simple shed ou double shed<\/li><li>\u2022 Syst\u00e8me d\u2019int\u00e9gration des modules par clipsage sur des rails en aluminium fournis par Dome Solar (inclus dans le syst.me ROOF-SOLAR)<\/li><\/ul>\n<\/div><\/div>\n<\/div><\/div>\n<\/div>\n\n\n\n<div class=\"wp-block-column\">\n<figure class=\"wp-block-image size-full\"><img loading=\"lazy\" width=\"720\" height=\"841\" src=\"https:\/\/i2.wp.com\/batimedianews.com\/live\/wp-content\/uploads\/2024\/12\/image-80.png?resize=720%2C841\" alt=\"\" class=\"wp-image-41926\" srcset=\"https:\/\/i2.wp.com\/batimedianews.com\/live\/wp-content\/uploads\/2024\/12\/image-80.png?w=750&amp;ssl=1 750w, https:\/\/i2.wp.com\/batimedianews.com\/live\/wp-content\/uploads\/2024\/12\/image-80.png?resize=768%2C897&amp;ssl=1 768w, https:\/\/i2.wp.com\/batimedianews.com\/live\/wp-content\/uploads\/2024\/12\/image-80.png?resize=432%2C505&amp;ssl=1 432w, https:\/\/i2.wp.com\/batimedianews.com\/live\/wp-content\/uploads\/2024\/12\/image-80.png?resize=396%2C463&amp;ssl=1 396w, https:\/\/i2.wp.com\/batimedianews.com\/live\/wp-content\/uploads\/2024\/12\/image-80.png?resize=660%2C771&amp;ssl=1 660w\" sizes=\"(max-width: 600px) 91vw, (max-width: 900px) 600px, (max-width: 1060px) 50vw, (max-width: 1200px) 520px, (max-width: 1400px) 43vw, 600px\" data-recalc-dims=\"1\" \/><\/figure>\n\n\n\n<p class=\"has-sm-dark-tertiary-color has-text-color\">&gt; SURFA 5 TOP SOLAR<\/p>\n\n\n\n<p>Le syst\u00e8me photovolta\u00efque SURFA 5 TOP SOLAR permet la pose de modules photovolta\u00efques rigides cadr\u00e9s sur b\u00e2timents avec \u00e9l\u00e9ment porteur b\u00e9ton, bois ou CLT. La mise en oeuvre se fait par l\u2019interm\u00e9diaire d\u2019attelages soud\u00e9s sur le rev\u00eatement d\u2019\u00e9tanch\u00e9it\u00e9. Avec 3 types d\u2019attelages diff\u00e9rent, ce proc\u00e9d\u00e9 permet une pose \u00e0 plat ou \u00e0 10\u00b0 d\u2019inclinaison pour une exposition optimale des panneaux et une installation \u00e0 leur meilleur rendement. Les complexes d\u2019\u00e9tanch\u00e9it\u00e9 IKO associ\u00e9s conf\u00e8rent au syst\u00e8me SURFA 5 TOP SOLAR des performances de tenue au vent jusqu\u2019en zone 5 (zone cyclonique).<\/p>\n\n\n\n<p><strong>Le + IKO <\/strong>: Un service d\u2019aide au calepinage, une garantie produit de 20 ans.<\/p>\n\n\n\n<div class=\"wp-block-group has-background\" style=\"background-color:#d9dd6f\"><div class=\"wp-block-group__inner-container\">\n<p class=\"has-sm-light-primary-color has-text-color\"><strong>EN BREF<\/strong><\/p>\n\n\n\n<ul><li>\u2022 \u00c9l\u00e9ment porteur b\u00e9ton, CLT ou bois<\/li><li>\u2022 Pente jusqu\u2019\u00e0 10 %<\/li><li>\u2022 Isolant laine min\u00e9rale de classe C, PSE, PIR<\/li><li>\u2022 Zone de vent 1 \u00e0 5<\/li><li>\u2022 Zone de neige A \u00e0 E<\/li><li>\u2022 Sous ATEx, certifi\u00e9 Broof T3<\/li><li>\u2022 Implantation du module photovolta\u00efque \u00e0 plat, simple shed ou double shed<\/li><li>\u2022 Mise en oeuvre par attelages soud\u00e9s sur un rev\u00eatement d\u2019\u00e9tanch\u00e9it\u00e9<\/li><\/ul>\n<\/div><\/div>\n<\/div>\n<\/div>\n\n\n\n<p><strong>MODULES SOUPLES : LE PROC\u00c9D\u00c9 IKO EXCEL\u00ae SOLAR NOVATEUR SOUS AVIS TECHNIQUE<\/strong><\/p>\n\n\n\n<div class=\"wp-block-columns\">\n<div class=\"wp-block-column\">\n<p>IKO EXCEL SOLAR\u00ae est un proc\u00e9d\u00e9 complet d\u2019\u00e9tanch\u00e9it\u00e9 photovolta\u00efque auto-adh\u00e9sif pour toitures-terrasses. Compos\u00e9 de modules souples CIGS ou mono-cristallins, il s\u2019adapte \u00e0 tous types d\u2019\u00e9l\u00e9ments porteurs en r\u00e9novation comme en neuf et convient pour tous les types de mises en oeuvre (auto-adh\u00e9sivit\u00e9, soudage au chalumeau ou fixation m\u00e9canique).<\/p>\n\n\n\n<p>Gr\u00e2ce au module EXCEL\u00ae SOLAR PANDA, novateur par sa souplesse et sa l\u00e9g\u00e8ret\u00e9, ne pesant en moyenne que 2,5 kg\/m<sup>2<\/sup>, ce proc\u00e9d\u00e9 permet d\u2019\u00e9quiper des toitures dont la configuration ne pourrait pas supporter des modules rigides traditionnels.<\/p>\n\n\n\n<p>Dans le cadre d\u2019une r\u00e9fection cette solution est donc tr\u00e8s comp\u00e9titive. Elle ne n\u00e9cessite pas de renforcer la charpente, \u00e9vitant \u00e9galement une perte d\u2019exploitation lors de la pose. De plus, sa mise en oeuvre se fait ind\u00e9pendamment du calepinage de l\u2019\u00e9tanch\u00e9it\u00e9 et ces panneaux sont adapt\u00e9s aux pentes sup\u00e9rieures \u00e0 10 % contrairement aux panneaux rigides cadr\u00e9s.<\/p>\n\n\n\n<p>Au-del\u00e0 de la technique, le proc\u00e9d\u00e9 IKO EXCEL\u00ae SOLAR est un \u00e9l\u00e9ment esth\u00e9tique et discret, parfait pour tous les projets.<\/p>\n<\/div>\n\n\n\n<div class=\"wp-block-column\">\n<p>IKO est aujourd\u2019hui la seule soci\u00e9t\u00e9 sur le march\u00e9 \u00e0 avoir un proc\u00e9d\u00e9 complet avec modules souples sous Avis Technique, parall\u00e8lement certifi\u00e9 Broof (T3) selon la r\u00e9glementation en vigueur encadrant la r\u00e9sistante au feu des toitures.<\/p>\n\n\n\n<p class=\"has-sm-dark-tertiary-color has-text-color\">\u00ab <em>Avec l\u2019\u00e9volution des r\u00e9glementations, d\u00e8s 2028, les b\u00e2timents existants devront aussi \u00eatre \u00e9quip\u00e9s de panneaux photovolta\u00efques, en cas de r\u00e9novations lourdes, g\u00e9n\u00e9rant autant de contraintes pour les ma\u00eetres d\u2019oeuvre que d\u2019opportunit\u00e9s pour les fournisseurs de proc\u00e9d\u00e9s photovolta\u00efques complets comme IKO. C\u2019est d\u2019ailleurs en pr\u00e9vision de cette ouverture du march\u00e9 que nous avons \u00e9labor\u00e9 le proc\u00e9d\u00e9 complet IKO EXCEL\u00ae SOLAR, compos\u00e9 de modules souples et l\u00e9gers parfaitement adapt\u00e9s \u00e0 la r\u00e9fection de toitures sans ajout de supports ou de modification de la charpente, <\/em>\u00bb poursuit <strong>Rolland COLIN<\/strong> avant de conclure : \u00ab<em> Nous sommes pr\u00eats \u00e0 accompagner les professionnels pour r\u00e9pondre aux r\u00e9glementations de demain et exploiter tout le potentiel du solaire photovolta\u00efque<\/em>. \u00bb<\/p>\n<\/div>\n<\/div>\n\n\n\n<figure class=\"wp-block-image size-full\"><img loading=\"lazy\" width=\"720\" height=\"522\" src=\"https:\/\/i0.wp.com\/batimedianews.com\/live\/wp-content\/uploads\/2024\/12\/image-81.png?resize=720%2C522\" alt=\"\" class=\"wp-image-41927\" srcset=\"https:\/\/i0.wp.com\/batimedianews.com\/live\/wp-content\/uploads\/2024\/12\/image-81.png?w=1558&amp;ssl=1 1558w, https:\/\/i0.wp.com\/batimedianews.com\/live\/wp-content\/uploads\/2024\/12\/image-81.png?resize=768%2C557&amp;ssl=1 768w, https:\/\/i0.wp.com\/batimedianews.com\/live\/wp-content\/uploads\/2024\/12\/image-81.png?resize=432%2C313&amp;ssl=1 432w, https:\/\/i0.wp.com\/batimedianews.com\/live\/wp-content\/uploads\/2024\/12\/image-81.png?resize=396%2C287&amp;ssl=1 396w, https:\/\/i0.wp.com\/batimedianews.com\/live\/wp-content\/uploads\/2024\/12\/image-81.png?resize=1120%2C812&amp;ssl=1 1120w, https:\/\/i0.wp.com\/batimedianews.com\/live\/wp-content\/uploads\/2024\/12\/image-81.png?resize=660%2C479&amp;ssl=1 660w, https:\/\/i0.wp.com\/batimedianews.com\/live\/wp-content\/uploads\/2024\/12\/image-81.png?w=1440 1440w\" sizes=\"(max-width: 600px) 91vw, (max-width: 900px) 600px, (max-width: 1060px) 50vw, (max-width: 1200px) 520px, (max-width: 1400px) 43vw, 600px\" data-recalc-dims=\"1\" \/><\/figure>\n\n\n\n<div class=\"wp-block-columns\">\n<div class=\"wp-block-column\">\n<p class=\"has-sm-dark-tertiary-color has-text-color\">&gt; COMPOSITION<\/p>\n\n\n\n<p>Le proc\u00e9d\u00e9 IKO EXCEL\u00ae SOLAR FM sur TAN se compose g\u00e9n\u00e9ralement :<\/p>\n\n\n\n<ul><li>\u2022 D\u2019un pare-vapeur compatible avec le support et d\u00e9finit dans l\u2019Avis Technique,<\/li><li>\u2022 D\u2019un isolant \u00e9galement d\u00e9finit dans l\u2019Avis Technique,<\/li><li>\u2022 D\u2019une membrane d\u2019\u00e9tanch\u00e9it\u00e9 bicouche (IKO DUO ACIER SOLAR L4 FMP\/F ou IKO DUO ACIER SOLAR L4 SPF FMP\/F combin\u00e9e au rev\u00eatement IKO DUO ALPA 25 SOLAR) ou monocouche (rev\u00eatement IKO MONO ALPA 4000 SOLAR),<\/li><li>\u2022 Des modules photovolta\u00efques souples EXCEL\u00ae SOLAR.<\/li><\/ul>\n\n\n\n<p class=\"has-sm-dark-tertiary-color has-text-color\">&gt; MISE EN OEUVRE FACILIT\u00c9 DES MODULES<\/p>\n\n\n\n<p class=\"has-sm-dark-tertiary-color has-text-color\">\u00ab <em>Nous avons pens\u00e9 notre proc\u00e9d\u00e9 pour le centrer sur le professionnel afin de minimiser le temps de pose et optimiser son temps de travail. La mise en oeuvre ne doit pas \u00eatre une contrainte mais simple, intuitive et efficace, <\/em>\u00bb rappelle <strong>Rolland COLIN.<\/strong><\/p>\n\n\n\n<ul><li>\u2022 Application des modules souples IKO par auto-adh\u00e9sivit\u00e9 sur l\u2019\u00e9tanch\u00e9it\u00e9 support.<\/li><li>\u2022 Implantation ind\u00e9pendante du calepinage de l\u2019\u00e9tanch\u00e9it\u00e9 avec une pose possible au-dessus des recouvrements.<\/li><li>\u2022 Les membranes IKO MONO ALPA 4000 SOLAR ou IKO DUO ALPA 25 SOLAR, constituant le complexe d\u2019\u00e9tanch\u00e9it\u00e9 \u00e0 base de liant ALPA\u00ae, offrent une finition non ardois\u00e9e et une haute r\u00e9sistance aux UV.<\/li><li>\u2022 \u00c9tanch\u00e9it\u00e9 assur\u00e9e par une premi\u00e8re couche fix\u00e9e m\u00e9caniquement selon l\u2019\u00e9tude de densit\u00e9 de fixation.<\/li><li>\u2022 \u00c9tanch\u00e9it\u00e9 assur\u00e9e par une seconde couche soud\u00e9e en plein sur la premi\u00e8re.<\/li><\/ul>\n\n\n\n<div class=\"wp-block-group\"><div class=\"wp-block-group__inner-container\">\n<div class=\"wp-block-group has-background\" style=\"background-color:#d9dd6f\"><div class=\"wp-block-group__inner-container\">\n<p class=\"has-sm-light-primary-color has-text-color\"><strong>INSTALLATION EN 4 \u00c9TAPES :<\/strong><\/p>\n\n\n\n<p><strong>\u00c9tape 1<\/strong><\/p>\n\n\n\n<p>Pr\u00e9parer la membrane d\u2019\u00e9tanch\u00e9it\u00e9 support des modules photovolta\u00efques en effa\u00e7ant au chalumeau le film de surface<\/p>\n\n\n\n<p><strong>\u00c9tape 2<\/strong><\/p>\n\n\n\n<p>Retirer le film pelable prot\u00e9geant les bandes auto-adh\u00e9sives en face arri\u00e8re des modules<\/p>\n\n\n\n<p><strong>\u00c9tape 3<\/strong><\/p>\n\n\n\n<p>Appliquer les modules et maroufler au droit des bandes auto-adh\u00e9sives<\/p>\n\n\n\n<p><strong>\u00c9tape 4<\/strong><\/p>\n\n\n\n<p>Raccorder les modules EXCEL\u00ae SOLAR apr\u00e8s la mise en oeuvre de l\u2019\u00e9tanch\u00e9it\u00e9<\/p>\n<\/div><\/div>\n<\/div><\/div>\n<\/div>\n\n\n\n<div class=\"wp-block-column\">\n<p class=\"has-sm-dark-tertiary-color has-text-color\">&gt; DIVERSIT\u00c9 DE MODULES SOUPLES<\/p>\n\n\n\n<figure class=\"wp-block-image size-full\"><img loading=\"lazy\" width=\"720\" height=\"842\" src=\"https:\/\/i1.wp.com\/batimedianews.com\/live\/wp-content\/uploads\/2024\/12\/image-82.png?resize=720%2C842\" alt=\"\" class=\"wp-image-41928\" srcset=\"https:\/\/i1.wp.com\/batimedianews.com\/live\/wp-content\/uploads\/2024\/12\/image-82.png?w=742&amp;ssl=1 742w, https:\/\/i1.wp.com\/batimedianews.com\/live\/wp-content\/uploads\/2024\/12\/image-82.png?resize=768%2C898&amp;ssl=1 768w, https:\/\/i1.wp.com\/batimedianews.com\/live\/wp-content\/uploads\/2024\/12\/image-82.png?resize=432%2C505&amp;ssl=1 432w, https:\/\/i1.wp.com\/batimedianews.com\/live\/wp-content\/uploads\/2024\/12\/image-82.png?resize=396%2C463&amp;ssl=1 396w, https:\/\/i1.wp.com\/batimedianews.com\/live\/wp-content\/uploads\/2024\/12\/image-82.png?resize=660%2C772&amp;ssl=1 660w\" sizes=\"(max-width: 600px) 91vw, (max-width: 900px) 600px, (max-width: 1060px) 50vw, (max-width: 1200px) 520px, (max-width: 1400px) 43vw, 600px\" data-recalc-dims=\"1\" \/><\/figure>\n\n\n\n<p class=\"has-sm-light-primary-color has-sm-color-primary-background-color has-text-color has-background\"><strong>EXCEL\u00ae SOLAR PANDA<\/strong>, des avantages in\u00e9gal\u00e9s<\/p>\n\n\n\n<ul><li>\u2022 \u00c9lu \u00a0\u00bb Produit Recommand\u00e9 par les Professionnels du BTP 2024 . par le SAGERET<\/li><li>\u2022 Adaptable<\/li><li>\u2022 Esth\u00e9tique et discret<\/li><li>\u2022 Syst\u00e8me complet class\u00e9 Broof (T3)<\/li><li>\u2022 L\u00e9g\u00e8ret\u00e9 des modules entre 2,5 kg\/m<sup>2<\/sup> et 2,8 kg\/m<sup>2<\/sup><\/li><li>\u2022 Pose directe sur l\u2019\u00e9tanch\u00e9it\u00e9 par l\u2019\u00e9tancheur<\/li><li>\u2022 Comp\u00e9titivit\u00e9 : pas de renfort de charpente, pas de perte d\u2019exploitation en r\u00e9fection<\/li><li>\u2022 Rendement \u00e9lev\u00e9<\/li><li>\u2022 R\u00e9sistance \u00e9prouv\u00e9e en zone 5 (cyclonique)<\/li><li>\u2022 Fiabilit\u00e9 : garantie 20 ans &amp; 2 Avis Techniques<\/li><li>\u2022 Technique courante : couverte par les assureurs<\/li><li>\u2022 Puissance : 300 Wc avec technologie silicium cristallin<\/li><li>\u2022 10 ans de garantie produit<\/li><li>\u2022 Garantie 25 ans \u00e0 86 % de puissance<\/li><\/ul>\n\n\n\n<p class=\"has-sm-light-primary-color has-sm-color-primary-background-color has-text-color has-background\"><strong>EXCEL\u00ae SOLAR 1300<\/strong><\/p>\n\n\n\n<ul><li>\u2022 Puissance : 500 Wc avec technologie CIGS<\/li><li>\u2022 5 ans de garantie produit<\/li><li>\u2022 Garantie 10 ans \u00e0 90 % de puissance<\/li><li>\u2022 Garantie 25 ans \u00e0 80 % de puissance<\/li><\/ul>\n<\/div>\n<\/div>\n\n\n\n<div class=\"wp-block-columns\">\n<div class=\"wp-block-column\">\n<p><strong>DES SERVICES ET PRODUITS CONNEXES,<\/strong><\/p>\n\n\n\n<p><strong>AUSSI POUR LE PHOTOVOLTA\u00cfQUE<\/strong><\/p>\n\n\n\n<p class=\"has-sm-color-tertiary-color has-text-color\"><strong>LES SERVICES ASSOCI\u00c9S<\/strong><\/p>\n\n\n\n<p class=\"has-sm-dark-tertiary-color has-text-color\">&gt; <strong>PRESCRI + <\/strong>POUR TROUVER RAPIDEMENT LE BON PROC\u00c9D\u00c9 D\u2019\u00c9TANCH\u00c9IT\u00c9<\/p>\n\n\n\n<p>Choisir le syst\u00e8me d\u2019\u00e9tanch\u00e9it\u00e9 le mieux adapt\u00e9 \u00e0 chaque projet peut s\u2019av\u00e9rer complexe, m\u00eame pour les professionnels. Fort de ce constat, IKO a d\u00e9velopp\u00e9 un outil en ligne intuitif pour guider l\u2019utilisateur. En seulement 5 questions sur la nature du chantier, il permet de d\u00e9terminer rapidement et efficacement le proc\u00e9d\u00e9 appropri\u00e9 pour une \u00e9tanch\u00e9it\u00e9 performante et durable. V\u00e9ritable atout pour les professionnels gr\u00e2ce \u00e0 son interface simple et \u00e0 ses fonctionnalit\u00e9s compl\u00e8tes, <strong>Prescri +<\/strong> facilite la recherche d\u2019information, la prise de d\u00e9cision et fournit tous les documents utiles (fiches techniques, sch\u00e9mas explicatifs, Avis Techniques et devis descriptifs) : de quoi gagner un temps pr\u00e9cieux.<\/p>\n\n\n\n<p class=\"has-sm-dark-tertiary-color has-text-color\">&gt; LE SERVICE D\u2019AIDE AU CALEPINAGE<\/p>\n\n\n\n<p>Dans le cadre d\u2019un projet neuf ou de r\u00e9fection de toiture comprenant la pose de panneaux photovolta\u00efques, le calepinage est une \u00e9tape cl\u00e9. Elle permet de d\u00e9terminer la surface occup\u00e9e par les modules et la puissance de la centrale photovolta\u00efque en prenant en compte : l\u2019orientation id\u00e9ale des modules photovolta\u00efques, le nombre de modules n\u00e9cessaires et leur disposition. Leur implantation doit en effet r\u00e9pondre \u00e0 un certain nombre de r\u00e8gles permettant de garantir la s\u00e9curit\u00e9 des intervenants. C\u2019est pourquoi d\u00e8s la phase de calepinage, il est essentiel que les ma\u00eetres d\u2019oeuvre s\u2019adressent au fabricant qui ma\u00eetrise l\u2019ensemble des normes en vigueur. Chez IKO, une \u00e9quipe de prescripteurs est \u00e0 leur disposition pour les accompagner dans cette d\u00e9marche.<\/p>\n\n\n\n<figure class=\"wp-block-image size-large\"><img loading=\"lazy\" width=\"720\" height=\"720\" src=\"https:\/\/i1.wp.com\/batimedianews.com\/live\/wp-content\/uploads\/2024\/12\/image-83.png?resize=720%2C720\" alt=\"\" class=\"wp-image-41929\" srcset=\"https:\/\/i1.wp.com\/batimedianews.com\/live\/wp-content\/uploads\/2024\/12\/image-83.png?resize=1024%2C1024&amp;ssl=1 1024w, https:\/\/i1.wp.com\/batimedianews.com\/live\/wp-content\/uploads\/2024\/12\/image-83.png?resize=600%2C600&amp;ssl=1 600w, https:\/\/i1.wp.com\/batimedianews.com\/live\/wp-content\/uploads\/2024\/12\/image-83.png?resize=300%2C300&amp;ssl=1 300w, https:\/\/i1.wp.com\/batimedianews.com\/live\/wp-content\/uploads\/2024\/12\/image-83.png?resize=1536%2C1536&amp;ssl=1 1536w, https:\/\/i1.wp.com\/batimedianews.com\/live\/wp-content\/uploads\/2024\/12\/image-83.png?resize=2048%2C2048&amp;ssl=1 2048w, https:\/\/i1.wp.com\/batimedianews.com\/live\/wp-content\/uploads\/2024\/12\/image-83.png?resize=10%2C10&amp;ssl=1 10w\" sizes=\"(max-width: 600px) 91vw, (max-width: 900px) 600px, (max-width: 1060px) 50vw, (max-width: 1200px) 520px, (max-width: 1400px) 43vw, 600px\" data-recalc-dims=\"1\" \/><\/figure>\n<\/div>\n\n\n\n<div class=\"wp-block-column\">\n<p class=\"has-sm-color-tertiary-color has-text-color\"><strong>LES PRODUITS ASSOCI\u00c9S<\/strong><\/p>\n\n\n\n<p>Pour une \u00e9tanch\u00e9it\u00e9 compl\u00e8te et fiable, le proc\u00e9d\u00e9 IKO EXCEL\u00ae SOLAR peut \u00eatre mono-couche avec la membrane IKO MONO ALPA 4000 SOLAR ou bicouche avec les membranes IKO DUO ACIER SOLAR L4 et IKO DUO ALPA 25 SOLAR.<\/p>\n\n\n\n<p class=\"has-sm-dark-tertiary-color has-text-color\">&gt; MEMBRANE MONOCOUCHE<\/p>\n\n\n\n<p class=\"has-sm-light-primary-color has-sm-color-primary-background-color has-text-color has-background\"><strong>IKO MONO ALPA 4000 SOLAR<\/strong><\/p>\n\n\n\n<p>Cette membrane bitume-ALPA, est une membrane mono-couche avec armature polyester du proc\u00e9d\u00e9 IKO EXCEL\u00ae SOLAR. Ce rev\u00eatement mono-couche peut \u00eatre fix\u00e9 m\u00e9caniquement ou soud\u00e9 en plein pour le syst\u00e8me IKO EXCEL\u00ae SOLAR en travaux neufs, sur supports ma\u00e7onnerie ou b\u00e9ton cellulaire enduits d\u2019EIF mais aussi en travaux de r\u00e9fection, sur \u00e9tanch\u00e9it\u00e9 bitumineuse avec auto-protection ardois\u00e9e, sans \u00e9cran de semi-ind\u00e9pendance, ni EIF pr\u00e9alable.<\/p>\n\n\n\n<p class=\"has-sm-dark-tertiary-color has-text-color\">&gt; MEMBRANES BICOUCHES<\/p>\n\n\n\n<p class=\"has-sm-light-primary-color has-sm-color-primary-background-color has-text-color has-background\"><strong>IKO DUO ACIER SOLAR L4<\/strong><\/p>\n\n\n\n<p>La membrane d\u2019\u00e9tanch\u00e9it\u00e9 bitumineuse IKO DUO ACIER SOLAR L4 est \u00e0 base de liant \u00e9lastom\u00e8re SBS, \u00e0 armature polyester.<\/p>\n\n\n\n<p>Il s\u2019agit de la premi\u00e8re couche du syst\u00e8me d\u2019\u00e9tanch\u00e9it\u00e9 bicouche fix\u00e9e m\u00e9caniquement du proc\u00e9d\u00e9 IKO EXCEL\u00ae SOLAR. La feuille IKO DUO ACIER SOLAR L4 est fix\u00e9e en lisi\u00e8re avec un joint de recouvrement de 10 cm.<\/p>\n\n\n\n<p class=\"has-sm-light-primary-color has-sm-color-primary-background-color has-text-color has-background\"><strong>IKO DUO ALPA 25 SOLAR<\/strong><\/p>\n\n\n\n<p>Cette membrane bitume-ALPA, avec armature voile de verre et liant ALPA\u00ae, est utilis\u00e9e en seconde couche d\u2019un syst\u00e8me d\u2019\u00e9tanch\u00e9it\u00e9 bicouche apparent thermosoudable du syst\u00e8me IKO EXCEL\u00ae SOLAR. Elle offre une protection optimale aux toitures en assurant une \u00e9tanch\u00e9it\u00e9 parfaite, une haute r\u00e9sistante aux intemp\u00e9ries, aux UV et aux variations de temp\u00e9rature. Sa version FEU mise en oeuvre sur IKO DUO ACIER SOLAR L4 FMP\/G, permet un classement Broof (T3) sur isolants non combustibles (pente \u2264 17 %) avec les modules EXCEL\u00ae SOLAR PANDA.<\/p>\n\n\n\n<div class=\"wp-block-group\"><div class=\"wp-block-group__inner-container\">\n<div class=\"wp-block-group has-background\" style=\"background-color:#d9dd6f\"><div class=\"wp-block-group__inner-container\">\n<p class=\"has-sm-light-primary-color has-text-color\"><strong>LES AVANTAGES DE CETTE MEMBRANE :<\/strong><\/p>\n\n\n\n<ul><li>\u2022 <strong>Une double protection<\/strong> : Sa composition bicouche lui conf\u00e8re une r\u00e9sistance exceptionnelle \u00e0 la perforation et \u00e0 l\u2019usure.<\/li><li>\u2022 <strong>Une s\u00e9curit\u00e9 renforc\u00e9e<\/strong> : Son liant FEU permet une protection suppl\u00e9mentaire en cas d\u2019incendie.<\/li><li>\u2022 <strong>Une pose simplifi\u00e9e<\/strong> : Sa mise en oeuvre est facilit\u00e9e gr\u00e2ce \u00e0 ses propri\u00e9t\u00e9s adh\u00e9sives et \u00e0 sa flexibilit\u00e9.<\/li><\/ul>\n<\/div><\/div>\n<\/div><\/div>\n<\/div>\n<\/div>\n\n\n\n<p><\/p>\n","protected":false},"excerpt":{"rendered":"<p>\u00c9DITO \u00ab Chez IKO, nous croyons fermement que l\u2019innovation et la durabilit\u00e9 sont les piliers d\u2019un avenir responsable. Depuis toujours, notre mission est de prot\u00e9ger les b\u00e2timents tout en r\u00e9pondant aux d\u00e9fis de demain. Aujourd\u2019hui, gr\u00e2ce \u00e0 nos solutions comme IKO EXCEL\u00ae SOLAR, nous faisons bien plus : nous transformons les toitures en v\u00e9ritables centrales [&hellip;]<\/p>\n","protected":false},"author":41,"featured_media":41931,"comment_status":"open","ping_status":"open","sticky":false,"template":"","format":"standard","meta":{"spay_email":""},"categories":[4,1564,80,2322,707],"tags":[774],"jetpack_featured_media_url":"https:\/\/i2.wp.com\/batimedianews.com\/live\/wp-content\/uploads\/2024\/12\/IKO-Enertherm.jpg?fit=1513%2C825&ssl=1","jetpack_sharing_enabled":true,"jetpack_likes_enabled":true,"jetpack-related-posts":[{"id":41569,"url":"https:\/\/batimedianews.com\/live\/index.php\/2024\/11\/19\/iko-devoile-sa-derniere-innovation-photovoltaique-au-salon-energaia\/","url_meta":{"origin":41913,"position":0},"title":"IKO d\u00e9voile sa derni\u00e8re innovation photovolta\u00efque au salon EnerGa\u00efa","date":"19 novembre 2024","format":false,"excerpt":"IKO, acteur majeur dans la fabrication de solutions photovolta\u00efques innovantes pour les toitures-terrasses, est fier d'annoncer sa participation au Forum des \u00e9nergies renouvelables EnerGa\u00efa qui se tiendra les 11 et 12 d\u00e9cembre 2024 au Parc des expositions de Montpellier. L'\u00e9v\u00e8nement incontournable de la fili\u00e8re d\u00e9di\u00e9 aux \u00e9nergies renouvelables Port\u00e9 par\u2026","rel":"","context":"Dans &quot;Actualit\u00e9 Entreprises&quot;","img":{"alt_text":"","src":"https:\/\/i0.wp.com\/batimedianews.com\/live\/wp-content\/uploads\/2024\/11\/IKO-Enertherm.jpg?fit=825%2C825&ssl=1&resize=350%2C200","width":350,"height":200},"classes":[]},{"id":44621,"url":"https:\/\/batimedianews.com\/live\/index.php\/2025\/05\/07\/iko-excel-solar-le-premier-procede-detancheite-avec-modules-photovoltaiques-souples-sur-liste-verte\/","url_meta":{"origin":41913,"position":1},"title":"IKO EXCEL\u00ae SOLAR, le premier proc\u00e9d\u00e9 d\u2019\u00e9tanch\u00e9it\u00e9 avec modules photovolta\u00efques souples sur liste verte","date":"7 mai 2025","format":false,"excerpt":"L\u2019expert en syst\u00e8mes d'\u00e9tanch\u00e9it\u00e9 pour toitures-terrasses et solutions photovolta\u00efques IKO est fier d\u2019annoncer l\u2019int\u00e9gration de son proc\u00e9d\u00e9 IKO EXCEL\u00ae SOLAR \u00e0 la Liste Verte de la C2P. Apr\u00e8s l\u2019obtention de deux Avis Techniques, cette nouvelle certification vient confirmer une fois de plus la fiabilit\u00e9, la conformit\u00e9 et la durabilit\u00e9 de\u2026","rel":"","context":"Dans &quot;Actualit\u00e9 Entreprises&quot;","img":{"alt_text":"","src":"https:\/\/i2.wp.com\/batimedianews.com\/live\/wp-content\/uploads\/2025\/04\/IKO-articles.jpg?fit=825%2C825&ssl=1&resize=350%2C200","width":350,"height":200},"classes":[]},{"id":44910,"url":"https:\/\/batimedianews.com\/live\/index.php\/2025\/05\/19\/iko-devoile-son-nouveau-site-web-clair-intuitif-et-pense-pour-les-professionnels-du-batiment\/","url_meta":{"origin":41913,"position":2},"title":"IKO d\u00e9voile son nouveau site WEB : clair, intuitif et pens\u00e9 pour les professionnels du b\u00e2timent","date":"19 mai 2025","format":false,"excerpt":"IKO, sp\u00e9cialiste des syst\u00e8mes d\u2019\u00e9tanch\u00e9it\u00e9 et des solutions photovolta\u00efques, vient de mettre en ligne son tout nouveau site internet : www.iko.fr. Plus ergonomique, plus p\u00e9dagogique et enti\u00e8rement repens\u00e9 pour simplifier l\u2019acc\u00e8s \u00e0 l\u2019information, ce nouvel outil digital incarne l\u2019engagement d\u2019IKO en faveur de la transparence et de l\u2019accompagnement de ses\u2026","rel":"","context":"Dans &quot;Actualit\u00e9 Entreprises&quot;","img":{"alt_text":"","src":"https:\/\/i2.wp.com\/batimedianews.com\/live\/wp-content\/uploads\/2025\/05\/IKO-Enertherm.jpg?fit=825%2C825&ssl=1&resize=350%2C200","width":350,"height":200},"classes":[]},{"id":21833,"url":"https:\/\/batimedianews.com\/live\/index.php\/2022\/07\/12\/iko-insulations-devient-le-1er-industriel-a-obtenir-un-dta-pour-le-panneau-iko-enertherm-alu-xl-pro\/","url_meta":{"origin":41913,"position":3},"title":"IKO INSULATIONS devient le 1er industriel \u00e0 obtenir un DTA pour le panneau  IKO enertherm ALU XL PRO","date":"12 juillet 2022","format":false,"excerpt":"Cr\u00e9dit photo IKO Insulations\u00a0 \u00a0Le Groupe Sp\u00e9cialis\u00e9 N\u00b05.2 \u00abProduits et proc\u00e9d\u00e9s d\u2019\u00e9tanch\u00e9it\u00e9 de toitures-terrasses, de parois enterr\u00e9es et cuvelage\u00bb du CSTB a accord\u00e9 un Document Technique d\u2019Application (n\u00b0 \u00e0 venir prochainement) au panneau d\u2019isolation avec une \u00e2me en mousse rigide de PIR, IKO enertherm ALU XL PRO.\u00a0 En 2015, IKO\u2026","rel":"","context":"Dans &quot;Actualit\u00e9 Entreprises&quot;","img":{"alt_text":"","src":"https:\/\/i1.wp.com\/batimedianews.com\/live\/wp-content\/uploads\/2022\/07\/IKOenertherm-Article.jpg?fit=1080%2C1080&ssl=1&resize=350%2C200","width":350,"height":200},"classes":[]},{"id":27123,"url":"https:\/\/batimedianews.com\/live\/index.php\/2023\/03\/21\/renovation-energetique-de-la-toiture-terrasse-dun-hypermarche-a-mers-les-bains-80-iko-insulations-fournit-dans-des-delais-courts-6500-m2-de-panneaux-disolation-thermique-iko-enertherm-alu\/","url_meta":{"origin":41913,"position":4},"title":"R\u00e9novation \u00e9nerg\u00e9tique de la toiture terrasse d&rsquo;un hypermarch\u00e9 \u00e0 Mers &#8211; les Bains (80) : IKO INSULATIONS fournit dans des d\u00e9lais courts 6500  M2 de panneaux d&rsquo;isolation thermique IKO ENERTHERM ALU","date":"21 mars 2023","format":false,"excerpt":"En 2022, l\u2019hypermarch\u00e9 AUCHAN, situ\u00e9 \u00e0 Mers-les-Bains (80), a entrepris des travaux de r\u00e9fection de sa toiture avec pour volont\u00e9 d\u2019optimiser les performances thermiques, de r\u00e9duire les consommations d\u2019\u00e9nergie, et de pr\u00e9server la p\u00e9rennit\u00e9 du b\u00e2timent. Le ma\u00eetre d\u2019ouvrage a fait appel au syndicat FIGA qui a mandat\u00e9 le bureau\u2026","rel":"","context":"Dans &quot;Actualit\u00e9 Entreprises&quot;","img":{"alt_text":"","src":"https:\/\/i2.wp.com\/batimedianews.com\/live\/wp-content\/uploads\/2023\/03\/IKOenertherm-Article.jpg?fit=1080%2C1080&ssl=1&resize=350%2C200","width":350,"height":200},"classes":[]},{"id":37591,"url":"https:\/\/batimedianews.com\/live\/index.php\/2024\/05\/28\/iko-insulations-obtient-une-enquete-de-technique-nouvelle-pour-lisolant-iko-enertherm-alu-xl-pro-dans-les-departements-et-regions-doutre-mer-drom\/","url_meta":{"origin":41913,"position":5},"title":"IKO Insulations obtient une Enqu\u00eate de Technique Nouvelle pour l&rsquo;isolant IKO enertherm ALU XL PRO dans les D\u00e9partements et R\u00e9gions d\u2019Outre-Mer (DROM)","date":"28 mai 2024","format":false,"excerpt":"En tant que l'un des principaux fabricants de panneaux d\u2019isolation thermique et acoustique en mousse rigide de polyur\u00e9thane en France, IKO Insulations est fier d'annoncer l'obtention d'une Enqu\u00eate de Technique Nouvelle (ETN) d\u00e9livr\u00e9e par le bureau de contr\u00f4le SOCOTEC pour son isolant IKO enertherm ALU XL PRO visant les D\u00e9partements\u2026","rel":"","context":"Dans &quot;Actualit\u00e9 Entreprises&quot;","img":{"alt_text":"","src":"https:\/\/i1.wp.com\/batimedianews.com\/live\/wp-content\/uploads\/2024\/05\/Iko-articles-.jpg?fit=825%2C825&ssl=1&resize=350%2C200","width":350,"height":200},"classes":[]}],"_links":{"self":[{"href":"https:\/\/batimedianews.com\/live\/index.php\/wp-json\/wp\/v2\/posts\/41913"}],"collection":[{"href":"https:\/\/batimedianews.com\/live\/index.php\/wp-json\/wp\/v2\/posts"}],"about":[{"href":"https:\/\/batimedianews.com\/live\/index.php\/wp-json\/wp\/v2\/types\/post"}],"author":[{"embeddable":true,"href":"https:\/\/batimedianews.com\/live\/index.php\/wp-json\/wp\/v2\/users\/41"}],"replies":[{"embeddable":true,"href":"https:\/\/batimedianews.com\/live\/index.php\/wp-json\/wp\/v2\/comments?post=41913"}],"version-history":[{"count":2,"href":"https:\/\/batimedianews.com\/live\/index.php\/wp-json\/wp\/v2\/posts\/41913\/revisions"}],"predecessor-version":[{"id":41934,"href":"https:\/\/batimedianews.com\/live\/index.php\/wp-json\/wp\/v2\/posts\/41913\/revisions\/41934"}],"wp:featuredmedia":[{"embeddable":true,"href":"https:\/\/batimedianews.com\/live\/index.php\/wp-json\/wp\/v2\/media\/41931"}],"wp:attachment":[{"href":"https:\/\/batimedianews.com\/live\/index.php\/wp-json\/wp\/v2\/media?parent=41913"}],"wp:term":[{"taxonomy":"category","embeddable":true,"href":"https:\/\/batimedianews.com\/live\/index.php\/wp-json\/wp\/v2\/categories?post=41913"},{"taxonomy":"post_tag","embeddable":true,"href":"https:\/\/batimedianews.com\/live\/index.php\/wp-json\/wp\/v2\/tags?post=41913"}],"curies":[{"name":"wp","href":"https:\/\/api.w.org\/{rel}","templated":true}]}}