{"id":41936,"date":"2024-12-17T09:53:40","date_gmt":"2024-12-17T08:53:40","guid":{"rendered":"http:\/\/batimedianews.com\/live\/?p=41936"},"modified":"2025-04-08T20:34:49","modified_gmt":"2025-04-08T18:34:49","slug":"la-plaque-de-platre-placo-multiconforts-laureate-aux-chantiers-de-linnovation-2024-du-pole-habitat-ffb","status":"publish","type":"post","link":"https:\/\/batimedianews.com\/live\/index.php\/2024\/12\/17\/la-plaque-de-platre-placo-multiconforts-laureate-aux-chantiers-de-linnovation-2024-du-pole-habitat-ffb\/","title":{"rendered":"La plaque de pl\u00e2tre \u00ab Placo\u00ae Multiconforts \u00bb laur\u00e9ate aux Chantiers de l\u2019Innovation 2024 du P\u00f4le Habitat FFB"},"content":{"rendered":"\n<p>&nbsp;A l\u2019occasion du S\u00e9minaire Technique annuel du P\u00f4le Habitat FFB, Placo\u00ae a re\u00e7u la m\u00e9daille d\u2019or au concours Chantiers de l\u2019Innovation 2024. C\u2019est sa plaque de pl\u00e2tre Placo\u00ae Multiconforts, pr\u00e9sent\u00e9e en partenariat avec le Groupe Mas Provence, qui a \u00e9t\u00e9 distingu\u00e9e. Cette solution a \u00e9t\u00e9 d\u00e9velopp\u00e9e en r\u00e9ponse \u00e0 la demande croissante des artisans de disposer d\u2019une plaque \u00ab multifonctions \u00bb et aux aspirations de mieux vivre chez soi des particuliers. Elle est adapt\u00e9e \u00e0 toutes les pi\u00e8ces de l\u2019habitat aussi bien en neuf qu\u2019en r\u00e9novation. V\u00e9ritable concentr\u00e9 de performances, elle <strong>combine les avantages de plusieurs plaques de pl\u00e2tre techniques <\/strong>:&nbsp;<\/p>\n\n\n\n<ul><li><strong>la robustesse,&nbsp;<\/strong><\/li><li><strong>l\u2019am\u00e9lioration de la qualit\u00e9 de l\u2019air int\u00e9rieur avec l\u2019int\u00e9gration de la technologie Activ\u2019Air\u00ae,&nbsp;<\/strong><\/li><li><strong>la r\u00e9sistance \u00e0 l\u2019humidit\u00e9,&nbsp;<\/strong><\/li><li><strong>le confort acoustique.&nbsp;<\/strong><\/li><\/ul>\n\n\n\n<p>Le constructeur Mas Provence a choisi la plaque de pl\u00e2tre Placo\u00ae Multiconforts pour la construction d\u2019une maison contemporaine \u00e0 Vaison-la-Romaine dans le Vaucluse. Elle a permis d\u2019habiller les 6 pi\u00e8ces de cette villa d\u2019environ 200 m\u00b2. Les avantages sont nombreux pour l\u2019ensemble des parties prenantes. Une seule couleur de plaque quel que soit l\u2019environnement simplifiant la logistique sur le chantier et la mise en oeuvre du poseur. Les chutes de plaques peuvent \u00eatre r\u00e9utilis\u00e9es sur tout le chantier. Tous les volumes sont blancs facilitant la projection des propri\u00e9taires.&nbsp;<\/p>\n\n\n\n<figure class=\"wp-block-image size-full\"><img loading=\"lazy\" width=\"720\" height=\"720\" src=\"https:\/\/i2.wp.com\/batimedianews.com\/live\/wp-content\/uploads\/2024\/12\/Plaque-de-platre-Placo-MultiConfort-scaled.jpg?resize=720%2C720\" alt=\"\" class=\"wp-image-41937\" srcset=\"https:\/\/i2.wp.com\/batimedianews.com\/live\/wp-content\/uploads\/2024\/12\/Plaque-de-platre-Placo-MultiConfort-scaled.jpg?w=2560&amp;ssl=1 2560w, https:\/\/i2.wp.com\/batimedianews.com\/live\/wp-content\/uploads\/2024\/12\/Plaque-de-platre-Placo-MultiConfort-scaled.jpg?resize=600%2C600&amp;ssl=1 600w, https:\/\/i2.wp.com\/batimedianews.com\/live\/wp-content\/uploads\/2024\/12\/Plaque-de-platre-Placo-MultiConfort-scaled.jpg?resize=1024%2C1024&amp;ssl=1 1024w, https:\/\/i2.wp.com\/batimedianews.com\/live\/wp-content\/uploads\/2024\/12\/Plaque-de-platre-Placo-MultiConfort-scaled.jpg?resize=300%2C300&amp;ssl=1 300w, https:\/\/i2.wp.com\/batimedianews.com\/live\/wp-content\/uploads\/2024\/12\/Plaque-de-platre-Placo-MultiConfort-scaled.jpg?resize=1536%2C1536&amp;ssl=1 1536w, https:\/\/i2.wp.com\/batimedianews.com\/live\/wp-content\/uploads\/2024\/12\/Plaque-de-platre-Placo-MultiConfort-scaled.jpg?resize=2048%2C2048&amp;ssl=1 2048w, https:\/\/i2.wp.com\/batimedianews.com\/live\/wp-content\/uploads\/2024\/12\/Plaque-de-platre-Placo-MultiConfort-scaled.jpg?resize=10%2C10&amp;ssl=1 10w, https:\/\/i2.wp.com\/batimedianews.com\/live\/wp-content\/uploads\/2024\/12\/Plaque-de-platre-Placo-MultiConfort-scaled.jpg?w=1440 1440w, https:\/\/i2.wp.com\/batimedianews.com\/live\/wp-content\/uploads\/2024\/12\/Plaque-de-platre-Placo-MultiConfort-scaled.jpg?w=2160 2160w\" sizes=\"(max-width: 600px) 91vw, (max-width: 900px) 600px, (max-width: 1060px) 50vw, (max-width: 1200px) 520px, (max-width: 1400px) 43vw, 600px\" data-recalc-dims=\"1\" \/><\/figure>\n\n\n\n<p class=\"has-sm-dark-primary-color has-text-color\"><strong>\u25aa 1 plaque, 4 conforts cumul\u00e9s&nbsp;<\/strong><\/p>\n\n\n\n<div class=\"wp-block-image\"><figure class=\"alignleft\"><img loading=\"lazy\" width=\"84\" height=\"84\" src=\"https:\/\/i1.wp.com\/batimedianews.com\/live\/wp-content\/uploads\/2024\/12\/image-84.png?resize=84%2C84\" alt=\"\" class=\"wp-image-41938\" srcset=\"https:\/\/i1.wp.com\/batimedianews.com\/live\/wp-content\/uploads\/2024\/12\/image-84.png?w=84&amp;ssl=1 84w, https:\/\/i1.wp.com\/batimedianews.com\/live\/wp-content\/uploads\/2024\/12\/image-84.png?resize=600%2C600&amp;ssl=1 600w, https:\/\/i1.wp.com\/batimedianews.com\/live\/wp-content\/uploads\/2024\/12\/image-84.png?resize=1024%2C1024&amp;ssl=1 1024w, https:\/\/i1.wp.com\/batimedianews.com\/live\/wp-content\/uploads\/2024\/12\/image-84.png?resize=300%2C300&amp;ssl=1 300w, https:\/\/i1.wp.com\/batimedianews.com\/live\/wp-content\/uploads\/2024\/12\/image-84.png?resize=768%2C768&amp;ssl=1 768w, https:\/\/i1.wp.com\/batimedianews.com\/live\/wp-content\/uploads\/2024\/12\/image-84.png?resize=1536%2C1536&amp;ssl=1 1536w, https:\/\/i1.wp.com\/batimedianews.com\/live\/wp-content\/uploads\/2024\/12\/image-84.png?resize=2048%2C2048&amp;ssl=1 2048w, https:\/\/i1.wp.com\/batimedianews.com\/live\/wp-content\/uploads\/2024\/12\/image-84.png?resize=10%2C10&amp;ssl=1 10w\" sizes=\"(max-width: 600px) 91vw, (max-width: 900px) 600px, (max-width: 1060px) 50vw, (max-width: 1200px) 520px, (max-width: 1400px) 43vw, 600px\" data-recalc-dims=\"1\" \/><\/figure><\/div>\n\n\n\n<p class=\"has-sm-dark-primary-color has-text-color\">&nbsp;<strong>Des murs solides&nbsp;<\/strong><\/p>\n\n\n\n<p>&nbsp;Chaque pi\u00e8ce \u00e0 vivre m\u00e9rite d\u2019\u00eatre prot\u00e9g\u00e9e des al\u00e9as du quotidien : la cuisine des sacs de courses que l\u2019on cogne contre les murs, le salon et les chambres des jeux des enfants, le cellier de la planche \u00e0 repasser que l\u2019on entrepose\u2026 La robustesse de Placo\u00ae Multiconforts garantit une grande r\u00e9sistance aux chocs, <strong>la classant au rang de plaque haute duret\u00e9.&nbsp;<\/strong><\/p>\n\n\n\n<div class=\"wp-block-image\"><figure class=\"alignleft size-full is-resized\"><img loading=\"lazy\" src=\"https:\/\/i0.wp.com\/batimedianews.com\/live\/wp-content\/uploads\/2024\/12\/image-85.png?resize=77%2C77\" alt=\"\" class=\"wp-image-41939\" width=\"77\" height=\"77\" srcset=\"https:\/\/i0.wp.com\/batimedianews.com\/live\/wp-content\/uploads\/2024\/12\/image-85.png?w=84&amp;ssl=1 84w, https:\/\/i0.wp.com\/batimedianews.com\/live\/wp-content\/uploads\/2024\/12\/image-85.png?resize=600%2C600&amp;ssl=1 600w, https:\/\/i0.wp.com\/batimedianews.com\/live\/wp-content\/uploads\/2024\/12\/image-85.png?resize=1024%2C1024&amp;ssl=1 1024w, https:\/\/i0.wp.com\/batimedianews.com\/live\/wp-content\/uploads\/2024\/12\/image-85.png?resize=300%2C300&amp;ssl=1 300w, https:\/\/i0.wp.com\/batimedianews.com\/live\/wp-content\/uploads\/2024\/12\/image-85.png?resize=768%2C768&amp;ssl=1 768w, https:\/\/i0.wp.com\/batimedianews.com\/live\/wp-content\/uploads\/2024\/12\/image-85.png?resize=1536%2C1536&amp;ssl=1 1536w, https:\/\/i0.wp.com\/batimedianews.com\/live\/wp-content\/uploads\/2024\/12\/image-85.png?resize=2048%2C2048&amp;ssl=1 2048w, https:\/\/i0.wp.com\/batimedianews.com\/live\/wp-content\/uploads\/2024\/12\/image-85.png?resize=10%2C10&amp;ssl=1 10w\" sizes=\"(max-width: 600px) 91vw, (max-width: 900px) 600px, (max-width: 1060px) 50vw, (max-width: 1200px) 520px, (max-width: 1400px) 43vw, 600px\" data-recalc-dims=\"1\" \/><\/figure><\/div>\n\n\n\n<p class=\"has-sm-dark-primary-color has-text-color\">&nbsp;<strong>La r\u00e9sistance \u00e0 l\u2019humidit\u00e9&nbsp;<\/strong><\/p>\n\n\n\n<p>&nbsp;Placo\u00ae Multiconforts <strong>r\u00e9siste 6 fois plus \u00e0 l\u2019humidit\u00e9 <\/strong>qu\u2019une plaque de pl\u00e2tre Placoplatre\u00ae BA13 standard. Elle trouve ainsi sa place dans les pi\u00e8ces telles que la salle de bain, la cuisine, la buanderie, le cellier ou encore le garage et permet une modularit\u00e9 des chantiers.&nbsp;<\/p>\n\n\n\n<div class=\"wp-block-image\"><figure class=\"alignleft size-full is-resized\"><img loading=\"lazy\" src=\"https:\/\/i0.wp.com\/batimedianews.com\/live\/wp-content\/uploads\/2024\/12\/image-86.png?resize=78%2C78\" alt=\"\" class=\"wp-image-41940\" width=\"78\" height=\"78\" srcset=\"https:\/\/i0.wp.com\/batimedianews.com\/live\/wp-content\/uploads\/2024\/12\/image-86.png?w=84&amp;ssl=1 84w, https:\/\/i0.wp.com\/batimedianews.com\/live\/wp-content\/uploads\/2024\/12\/image-86.png?resize=600%2C600&amp;ssl=1 600w, https:\/\/i0.wp.com\/batimedianews.com\/live\/wp-content\/uploads\/2024\/12\/image-86.png?resize=1024%2C1024&amp;ssl=1 1024w, https:\/\/i0.wp.com\/batimedianews.com\/live\/wp-content\/uploads\/2024\/12\/image-86.png?resize=300%2C300&amp;ssl=1 300w, https:\/\/i0.wp.com\/batimedianews.com\/live\/wp-content\/uploads\/2024\/12\/image-86.png?resize=768%2C768&amp;ssl=1 768w, https:\/\/i0.wp.com\/batimedianews.com\/live\/wp-content\/uploads\/2024\/12\/image-86.png?resize=1536%2C1536&amp;ssl=1 1536w, https:\/\/i0.wp.com\/batimedianews.com\/live\/wp-content\/uploads\/2024\/12\/image-86.png?resize=2048%2C2048&amp;ssl=1 2048w, https:\/\/i0.wp.com\/batimedianews.com\/live\/wp-content\/uploads\/2024\/12\/image-86.png?resize=10%2C10&amp;ssl=1 10w\" sizes=\"(max-width: 600px) 91vw, (max-width: 900px) 600px, (max-width: 1060px) 50vw, (max-width: 1200px) 520px, (max-width: 1400px) 43vw, 600px\" data-recalc-dims=\"1\" \/><\/figure><\/div>\n\n\n\n<p class=\"has-sm-dark-primary-color has-text-color\">&nbsp;<strong>Le confort acoustique&nbsp;<\/strong><\/p>\n\n\n\n<p>&nbsp;Placo \u00ae Multiconforts <strong>offre un gain acoustique de 3 \u00e0 5 dB <\/strong>sur le syst\u00e8me par rapport au m\u00eame ouvrage en plaque Placoplatre \u00ae BA13 standard. Un v\u00e9ritable avantage pour r\u00e9duire les nuisances sonores, comme la musique des voisins, ou pour pr\u00e9server le sommeil des enfants pendant que l\u2019on regarde la t\u00e9l\u00e9vision.&nbsp;<\/p>\n\n\n\n<div class=\"wp-block-image\"><figure class=\"alignleft size-full is-resized\"><img loading=\"lazy\" src=\"https:\/\/i2.wp.com\/batimedianews.com\/live\/wp-content\/uploads\/2024\/12\/image-87.png?resize=69%2C69\" alt=\"\" class=\"wp-image-41941\" width=\"69\" height=\"69\" srcset=\"https:\/\/i2.wp.com\/batimedianews.com\/live\/wp-content\/uploads\/2024\/12\/image-87.png?w=84&amp;ssl=1 84w, https:\/\/i2.wp.com\/batimedianews.com\/live\/wp-content\/uploads\/2024\/12\/image-87.png?resize=600%2C600&amp;ssl=1 600w, https:\/\/i2.wp.com\/batimedianews.com\/live\/wp-content\/uploads\/2024\/12\/image-87.png?resize=1024%2C1024&amp;ssl=1 1024w, https:\/\/i2.wp.com\/batimedianews.com\/live\/wp-content\/uploads\/2024\/12\/image-87.png?resize=300%2C300&amp;ssl=1 300w, https:\/\/i2.wp.com\/batimedianews.com\/live\/wp-content\/uploads\/2024\/12\/image-87.png?resize=768%2C768&amp;ssl=1 768w, https:\/\/i2.wp.com\/batimedianews.com\/live\/wp-content\/uploads\/2024\/12\/image-87.png?resize=1536%2C1536&amp;ssl=1 1536w, https:\/\/i2.wp.com\/batimedianews.com\/live\/wp-content\/uploads\/2024\/12\/image-87.png?resize=2048%2C2048&amp;ssl=1 2048w, https:\/\/i2.wp.com\/batimedianews.com\/live\/wp-content\/uploads\/2024\/12\/image-87.png?resize=10%2C10&amp;ssl=1 10w\" sizes=\"(max-width: 600px) 91vw, (max-width: 900px) 600px, (max-width: 1060px) 50vw, (max-width: 1200px) 520px, (max-width: 1400px) 43vw, 600px\" data-recalc-dims=\"1\" \/><\/figure><\/div>\n\n\n\n<p class=\"has-sm-dark-primary-color has-text-color\">&nbsp;<strong>Un air int\u00e9rieur sain&nbsp;<\/strong><\/p>\n\n\n\n<p>&nbsp;<strong>Placo\u00ae ajoute \u00e0 l\u2019ensemble de ces b\u00e9n\u00e9fices celui de la qualit\u00e9 de l\u2019air int\u00e9rieur. <\/strong>La plaque Placo\u00ae Multiconforts b\u00e9n\u00e9ficie de la technologie Activ\u2019Air\u00ae, qui permet \u00e0 la plaque d\u2019absorber jusqu\u2019\u00e0 70 % du formald\u00e9hyde pr\u00e9sent dans l\u2019air int\u00e9rieur de la pi\u00e8ce*. Elle le transforme en un compos\u00e9 inerte stock\u00e9 au coeur de la plaque. Utilis\u00e9e avec des finitions courantes du type peinture ou papier peint, cette technologie reste active pendant au moins 50 ans.&nbsp;<\/p>\n\n\n\n<p class=\"has-small-font-size\">&nbsp;<em>* Lorsque le rapport entre \u201csurface de produits Activ\u2019Air\u00ae \/ volume de la pi\u00e8ce\u201d est \u00e9gal \u00e0 1,3. Pour une pi\u00e8ce de 20 m\u00b2 (hauteur sous plafond 2,50 m), ce rapport est atteint en utilisant des produits Activ\u2019Air\u00ae au plafond et aux murs.&nbsp;<\/em><\/p>\n\n\n\n<figure class=\"wp-block-image size-full\"><img loading=\"lazy\" width=\"720\" height=\"720\" src=\"https:\/\/i1.wp.com\/batimedianews.com\/live\/wp-content\/uploads\/2024\/12\/PlacoMulticonfort_capture00009-scaled.jpg?resize=720%2C720\" alt=\"\" class=\"wp-image-41942\" srcset=\"https:\/\/i1.wp.com\/batimedianews.com\/live\/wp-content\/uploads\/2024\/12\/PlacoMulticonfort_capture00009-scaled.jpg?w=2560&amp;ssl=1 2560w, https:\/\/i1.wp.com\/batimedianews.com\/live\/wp-content\/uploads\/2024\/12\/PlacoMulticonfort_capture00009-scaled.jpg?resize=600%2C600&amp;ssl=1 600w, https:\/\/i1.wp.com\/batimedianews.com\/live\/wp-content\/uploads\/2024\/12\/PlacoMulticonfort_capture00009-scaled.jpg?resize=1024%2C1024&amp;ssl=1 1024w, https:\/\/i1.wp.com\/batimedianews.com\/live\/wp-content\/uploads\/2024\/12\/PlacoMulticonfort_capture00009-scaled.jpg?resize=300%2C300&amp;ssl=1 300w, https:\/\/i1.wp.com\/batimedianews.com\/live\/wp-content\/uploads\/2024\/12\/PlacoMulticonfort_capture00009-scaled.jpg?resize=1536%2C1536&amp;ssl=1 1536w, https:\/\/i1.wp.com\/batimedianews.com\/live\/wp-content\/uploads\/2024\/12\/PlacoMulticonfort_capture00009-scaled.jpg?resize=2048%2C2048&amp;ssl=1 2048w, https:\/\/i1.wp.com\/batimedianews.com\/live\/wp-content\/uploads\/2024\/12\/PlacoMulticonfort_capture00009-scaled.jpg?resize=10%2C10&amp;ssl=1 10w, https:\/\/i1.wp.com\/batimedianews.com\/live\/wp-content\/uploads\/2024\/12\/PlacoMulticonfort_capture00009-scaled.jpg?w=1440 1440w, https:\/\/i1.wp.com\/batimedianews.com\/live\/wp-content\/uploads\/2024\/12\/PlacoMulticonfort_capture00009-scaled.jpg?w=2160 2160w\" sizes=\"(max-width: 600px) 91vw, (max-width: 900px) 600px, (max-width: 1060px) 50vw, (max-width: 1200px) 520px, (max-width: 1400px) 43vw, 600px\" data-recalc-dims=\"1\" \/><\/figure>\n","protected":false},"excerpt":{"rendered":"<p>&nbsp;A l\u2019occasion du S\u00e9minaire Technique annuel du P\u00f4le Habitat FFB, Placo\u00ae a re\u00e7u la m\u00e9daille d\u2019or au concours Chantiers de l\u2019Innovation 2024. C\u2019est sa plaque de pl\u00e2tre Placo\u00ae Multiconforts, pr\u00e9sent\u00e9e en partenariat avec le Groupe Mas Provence, qui a \u00e9t\u00e9 distingu\u00e9e. Cette solution a \u00e9t\u00e9 d\u00e9velopp\u00e9e en r\u00e9ponse \u00e0 la demande croissante des artisans de [&hellip;]<\/p>\n","protected":false},"author":41,"featured_media":41944,"comment_status":"open","ping_status":"open","sticky":false,"template":"","format":"standard","meta":{"spay_email":""},"categories":[4,73,77,744,97,98],"tags":[],"jetpack_featured_media_url":"https:\/\/i2.wp.com\/batimedianews.com\/live\/wp-content\/uploads\/2024\/12\/Placo.jpg?fit=1513%2C825&ssl=1","jetpack_sharing_enabled":true,"jetpack_likes_enabled":true,"jetpack-related-posts":[{"id":29090,"url":"https:\/\/batimedianews.com\/live\/index.php\/2023\/06\/05\/placo-lance-la-nouvelle-plaque-de-platre-placomulticonforts-une-combinaison-davantages-pensee-pour-repondre-a-de-multiples-situations-quelle-que-soit-la-piece-a-vi\/","url_meta":{"origin":41936,"position":0},"title":"Placo\u00ae lance la nouvelle plaque de pl\u00e2tre \u00abPlaco\u00aeMulticonforts\u00bb : Une combinaison d\u2019avantages, pens\u00e9e pour r\u00e9pondre \u00e0 de multiples situations, quelle que soit la pi\u00e8ce \u00e0 vivre","date":"5 juin 2023","format":false,"excerpt":"\u00a0\u00abChoisir de ne pas choisir\u00bb, voil\u00e0 la promesse que Placo\u00ae fait \u00e0 ses clients \u00e0 travers le d\u00e9veloppement et la commercialisation, d\u00e8s le mois de juin, de la nouvelle plaque de pl\u00e2tre \u00abPlaco\u00ae Multiconforts\u00bb. Cette nouvelle plaque a \u00e9t\u00e9 d\u00e9velopp\u00e9e en r\u00e9ponse \u00e0 la demande croissante des artisans de disposer\u2026","rel":"","context":"Dans &quot;Actualit\u00e9 Entreprises&quot;","img":{"alt_text":"","src":"https:\/\/i1.wp.com\/batimedianews.com\/live\/wp-content\/uploads\/2023\/06\/Placo-Article.jpg?fit=1080%2C1080&ssl=1&resize=350%2C200","width":350,"height":200},"classes":[]},{"id":23719,"url":"https:\/\/batimedianews.com\/live\/index.php\/2022\/09\/29\/placo-lance-placo-infini-13-la-premiere-plaque-de-platre-fabriquee-a-partir-de-plus-de-50-de-matiere-recyclee\/","url_meta":{"origin":41936,"position":1},"title":"PLACO lance PLACO INFINI 13 : la premi\u00e8re plaque de pl\u00e2tre fabriqu\u00e9e \u00e0 partir de plus de 50 % de mati\u00e8re recycl\u00e9e","date":"29 septembre 2022","format":false,"excerpt":"Placo\u00ae annonce le lancement de Placo\u00ae Infini 13, la premi\u00e8re plaque de pl\u00e2tre au monde fabriqu\u00e9e \u00e0 partir de plus de 50 % de pl\u00e2tre recycl\u00e9. Commercialis\u00e9e d\u00e8s le premier trimestre 2023, cette plaque a \u00e9t\u00e9 mise au point dans l\u2019usine de Chamb\u00e9ry.\u00a0 Placo\u00ae Infini 13 est d\u00e9j\u00e0 disponible en\u2026","rel":"","context":"Dans &quot;Actualit\u00e9 Entreprises&quot;","img":{"alt_text":"","src":"https:\/\/i0.wp.com\/batimedianews.com\/live\/wp-content\/uploads\/2022\/09\/Placo-Article.jpg?fit=1080%2C1080&ssl=1&resize=350%2C200","width":350,"height":200},"classes":[]},{"id":9921,"url":"https:\/\/batimedianews.com\/live\/index.php\/2021\/05\/20\/placo-lance-sa-nouvelle-application-le-compagnon-placo\/","url_meta":{"origin":41936,"position":2},"title":"PLACO\u00ae LANCE SA NOUVELLE APPLICATION \u00ab LE COMPAGNON PLACO\u00ae \u00bb","date":"20 mai 2021","format":false,"excerpt":"Le contexte actuel a fait de l\u2019habitat une v\u00e9ritable valeur refuge, amenant les m\u00e9nages fran\u00e7ais \u00e0 effectuer des travaux de r\u00e9novation pour optimiser leurs espaces de vie. Les aides \u00e0 la r\u00e9novation, et notamment France Relance ou encore MaPrimR\u00e9nov\u2019, renforcent cette tendance qui combine vertueusement confort, \u00e9cologie et \u00e9conomies. Placo\u00ae\u2026","rel":"","context":"Dans &quot;Batimaison&quot;","img":{"alt_text":"","src":"https:\/\/i1.wp.com\/batimedianews.com\/live\/wp-content\/uploads\/2021\/05\/Placo-Article.jpg?fit=512%2C512&ssl=1&resize=350%2C200","width":350,"height":200},"classes":[]},{"id":5470,"url":"https:\/\/batimedianews.com\/live\/index.php\/2020\/07\/20\/plaque-de-platre-placo-phonique-se-creer-un-havre-de-tranquillite\/","url_meta":{"origin":41936,"position":3},"title":"PLAQUE DE PL\u00c2TRE PLACO\u00ae PHONIQUE : SE CR\u00c9ER UN HAVRE DE TRANQUILLIT\u00c9","date":"20 juillet 2020","format":false,"excerpt":"Regarder un film sur le home cin\u00e9ma ou profiter d\u2019un fond musical pendant que b\u00e9b\u00e9 dort, passer l\u2019aspirateur dans le salon alors que son enfant fait ses devoirs dans la cuisine, concilier espaces de jeux les mercredis et bureau pour le t\u00e9l\u00e9travail, laisser tourner le lave-linge dans le cellier durant\u2026","rel":"","context":"Dans &quot;Acoustique&quot;","img":{"alt_text":"","src":"https:\/\/i1.wp.com\/batimedianews.com\/live\/wp-content\/uploads\/2020\/07\/image-90.png?fit=588%2C588&ssl=1&resize=350%2C200","width":350,"height":200},"classes":[]},{"id":1479,"url":"https:\/\/batimedianews.com\/live\/index.php\/2019\/07\/29\/marquage-des-plaques-de-platre-placo-recycling-au-service-des-artisans\/","url_meta":{"origin":41936,"position":4},"title":"MARQUAGE DES PLAQUES DE PL\u00c2TRE : PLACO\u00ae RECYCLING AU SERVICE DES ARTISANS","date":"29 juillet 2019","format":false,"excerpt":"Depuis de nombreuses ann\u00e9es, les plaques de pl\u00e2tre\u00a0PLACO\u00ae int\u00e8grent, lors de leur\u00a0 fabrication, de la mati\u00e8re\u00a0recycl\u00e9e, tout en pr\u00e9servant leurs performances. Dans la lign\u00e9e de ses engagements pionniers en\u00a0mati\u00e8re d\u2019\u00e9conomie circulaire, PLACO\u00ae appose, depuis\u00a0f\u00e9vrier 2019, la mention \u00ab Recycl\u00e9e et recyclable avec\u00a0PLACO\u00ae RECYCLING \u00bb sur 80 % de sa production\u2026","rel":"","context":"Dans &quot;Actualit\u00e9 Entreprises&quot;","img":{"alt_text":"","src":"https:\/\/i1.wp.com\/batimedianews.com\/live\/wp-content\/uploads\/2019\/08\/placo.jpg?fit=699%2C525&ssl=1&resize=350%2C200","width":350,"height":200},"classes":[]},{"id":45564,"url":"https:\/\/batimedianews.com\/live\/index.php\/2025\/06\/23\/placo-plume-13-la-plaque-de-platre-qui-soulage-le-dos-au-quotidien-3-000-tonnes-de-charge-en-moins-portees-par-les-artisans-depuis-son-lancement-il-y-a-un-an\/","url_meta":{"origin":41936,"position":5},"title":"Placo\u00ae Plume 13, la plaque de pl\u00e2tre qui soulage le dos au quotidien : 3 000 tonnes de charge en moins port\u00e9es par les artisans depuis son lancement il y a un an","date":"23 juin 2025","format":false,"excerpt":"\u00a0Lanc\u00e9e en juin 2024, Placo\u00ae Plume 13, la plaque de pl\u00e2tre all\u00e9g\u00e9e multi-application c\u00e9l\u00e8bre sa premi\u00e8re ann\u00e9e ! Un anniversaire marqu\u00e9 par un chiffre \u00e9vocateur : 3 000 tonnes de charge \u00e9pargn\u00e9es aux artisans et plaquistes gr\u00e2ce \u00e0 cette solution innovante qui p\u00e8se jusqu\u2019\u00e0 6 kilos de moins (selon la\u2026","rel":"","context":"Dans &quot;Actualit\u00e9 Entreprises&quot;","img":{"alt_text":"","src":"https:\/\/i1.wp.com\/batimedianews.com\/live\/wp-content\/uploads\/2025\/06\/Placo.jpg?fit=825%2C825&ssl=1&resize=350%2C200","width":350,"height":200},"classes":[]}],"_links":{"self":[{"href":"https:\/\/batimedianews.com\/live\/index.php\/wp-json\/wp\/v2\/posts\/41936"}],"collection":[{"href":"https:\/\/batimedianews.com\/live\/index.php\/wp-json\/wp\/v2\/posts"}],"about":[{"href":"https:\/\/batimedianews.com\/live\/index.php\/wp-json\/wp\/v2\/types\/post"}],"author":[{"embeddable":true,"href":"https:\/\/batimedianews.com\/live\/index.php\/wp-json\/wp\/v2\/users\/41"}],"replies":[{"embeddable":true,"href":"https:\/\/batimedianews.com\/live\/index.php\/wp-json\/wp\/v2\/comments?post=41936"}],"version-history":[{"count":2,"href":"https:\/\/batimedianews.com\/live\/index.php\/wp-json\/wp\/v2\/posts\/41936\/revisions"}],"predecessor-version":[{"id":41953,"href":"https:\/\/batimedianews.com\/live\/index.php\/wp-json\/wp\/v2\/posts\/41936\/revisions\/41953"}],"wp:featuredmedia":[{"embeddable":true,"href":"https:\/\/batimedianews.com\/live\/index.php\/wp-json\/wp\/v2\/media\/41944"}],"wp:attachment":[{"href":"https:\/\/batimedianews.com\/live\/index.php\/wp-json\/wp\/v2\/media?parent=41936"}],"wp:term":[{"taxonomy":"category","embeddable":true,"href":"https:\/\/batimedianews.com\/live\/index.php\/wp-json\/wp\/v2\/categories?post=41936"},{"taxonomy":"post_tag","embeddable":true,"href":"https:\/\/batimedianews.com\/live\/index.php\/wp-json\/wp\/v2\/tags?post=41936"}],"curies":[{"name":"wp","href":"https:\/\/api.w.org\/{rel}","templated":true}]}}