{"id":41977,"date":"2025-01-08T09:19:37","date_gmt":"2025-01-08T08:19:37","guid":{"rendered":"http:\/\/batimedianews.com\/live\/?p=41977"},"modified":"2025-01-08T09:19:39","modified_gmt":"2025-01-08T08:19:39","slug":"petzl-avao-le-plus-polyvalent-des-harnais-de-travail-en-hauteur","status":"publish","type":"post","link":"https:\/\/batimedianews.com\/live\/index.php\/2025\/01\/08\/petzl-avao-le-plus-polyvalent-des-harnais-de-travail-en-hauteur\/","title":{"rendered":"Petzl AVAO\u00ae : le plus polyvalent des harnais de travail en hauteur !"},"content":{"rendered":"\n<p>Parce que le travail en hauteur impose de souvent faire face \u00e0 des situations tr\u00e8s diff\u00e9rentes, Petzl a imagin\u00e9 un harnais qui permette de s\u2019y adapter : AVAO. Avec ce harnais, il sera possible d\u2019effectuer ses missions dans les meilleures conditions, que ce soit en antichute, en maintien au travail ou encore en suspension. Que l\u2019on doive simplement se positionner au poste de travail ou descendre sur corde, AVAO r\u00e9pond toujours pr\u00e9sent.<\/p>\n\n\n\n<figure class=\"wp-block-image size-full\"><img loading=\"lazy\" width=\"720\" height=\"460\" src=\"https:\/\/i0.wp.com\/batimedianews.com\/live\/wp-content\/uploads\/2025\/01\/image-6.png?resize=720%2C460\" alt=\"\" class=\"wp-image-41978\" srcset=\"https:\/\/i0.wp.com\/batimedianews.com\/live\/wp-content\/uploads\/2025\/01\/image-6.png?w=1512&amp;ssl=1 1512w, https:\/\/i0.wp.com\/batimedianews.com\/live\/wp-content\/uploads\/2025\/01\/image-6.png?resize=768%2C490&amp;ssl=1 768w, https:\/\/i0.wp.com\/batimedianews.com\/live\/wp-content\/uploads\/2025\/01\/image-6.png?resize=432%2C276&amp;ssl=1 432w, https:\/\/i0.wp.com\/batimedianews.com\/live\/wp-content\/uploads\/2025\/01\/image-6.png?resize=396%2C253&amp;ssl=1 396w, https:\/\/i0.wp.com\/batimedianews.com\/live\/wp-content\/uploads\/2025\/01\/image-6.png?resize=1120%2C716&amp;ssl=1 1120w, https:\/\/i0.wp.com\/batimedianews.com\/live\/wp-content\/uploads\/2025\/01\/image-6.png?resize=660%2C422&amp;ssl=1 660w, https:\/\/i0.wp.com\/batimedianews.com\/live\/wp-content\/uploads\/2025\/01\/image-6.png?w=1440 1440w\" sizes=\"(max-width: 600px) 91vw, (max-width: 900px) 600px, (max-width: 1060px) 50vw, (max-width: 1200px) 520px, (max-width: 1400px) 43vw, 600px\" data-recalc-dims=\"1\" \/><\/figure>\n\n\n\n<figure class=\"wp-block-gallery columns-3 is-cropped\"><ul class=\"blocks-gallery-grid\"><li class=\"blocks-gallery-item\"><figure><img loading=\"lazy\" width=\"370\" height=\"678\" src=\"https:\/\/i0.wp.com\/batimedianews.com\/live\/wp-content\/uploads\/2025\/01\/PetzlPhoto2.jpg?resize=370%2C678\" alt=\"\" data-id=\"41979\" data-full-url=\"https:\/\/i0.wp.com\/batimedianews.com\/live\/wp-content\/uploads\/2025\/01\/PetzlPhoto2.jpg?resize=370%2C678\" data-link=\"http:\/\/batimedianews.com\/live\/?attachment_id=41979\" class=\"wp-image-41979\" srcset=\"https:\/\/i0.wp.com\/batimedianews.com\/live\/wp-content\/uploads\/2025\/01\/PetzlPhoto2.jpg?w=370&amp;ssl=1 370w, https:\/\/i0.wp.com\/batimedianews.com\/live\/wp-content\/uploads\/2025\/01\/PetzlPhoto2.jpg?resize=768%2C1407&amp;ssl=1 768w\" sizes=\"(max-width: 600px) 91vw, (max-width: 900px) 600px, (max-width: 1060px) 50vw, (max-width: 1200px) 520px, (max-width: 1400px) 43vw, 600px\" data-recalc-dims=\"1\" \/><\/figure><\/li><li class=\"blocks-gallery-item\"><figure><img loading=\"lazy\" width=\"392\" height=\"678\" src=\"https:\/\/i2.wp.com\/batimedianews.com\/live\/wp-content\/uploads\/2025\/01\/PetzlPhoto3.jpg?resize=392%2C678\" alt=\"\" data-id=\"41980\" data-full-url=\"https:\/\/i2.wp.com\/batimedianews.com\/live\/wp-content\/uploads\/2025\/01\/PetzlPhoto3.jpg?resize=392%2C678\" data-link=\"http:\/\/batimedianews.com\/live\/?attachment_id=41980\" class=\"wp-image-41980\" srcset=\"https:\/\/i2.wp.com\/batimedianews.com\/live\/wp-content\/uploads\/2025\/01\/PetzlPhoto3.jpg?w=392&amp;ssl=1 392w, https:\/\/i2.wp.com\/batimedianews.com\/live\/wp-content\/uploads\/2025\/01\/PetzlPhoto3.jpg?resize=768%2C1328&amp;ssl=1 768w\" sizes=\"(max-width: 600px) 91vw, (max-width: 900px) 600px, (max-width: 1060px) 50vw, (max-width: 1200px) 520px, (max-width: 1400px) 43vw, 600px\" data-recalc-dims=\"1\" \/><\/figure><\/li><li class=\"blocks-gallery-item\"><figure><img loading=\"lazy\" width=\"392\" height=\"678\" src=\"https:\/\/i0.wp.com\/batimedianews.com\/live\/wp-content\/uploads\/2025\/01\/PetzlPhoto4.jpg?resize=392%2C678\" alt=\"\" data-id=\"41981\" data-full-url=\"https:\/\/i0.wp.com\/batimedianews.com\/live\/wp-content\/uploads\/2025\/01\/PetzlPhoto4.jpg?resize=392%2C678\" data-link=\"http:\/\/batimedianews.com\/live\/?attachment_id=41981\" class=\"wp-image-41981\" srcset=\"https:\/\/i0.wp.com\/batimedianews.com\/live\/wp-content\/uploads\/2025\/01\/PetzlPhoto4.jpg?w=392&amp;ssl=1 392w, https:\/\/i0.wp.com\/batimedianews.com\/live\/wp-content\/uploads\/2025\/01\/PetzlPhoto4.jpg?resize=768%2C1328&amp;ssl=1 768w\" sizes=\"(max-width: 600px) 91vw, (max-width: 900px) 600px, (max-width: 1060px) 50vw, (max-width: 1200px) 520px, (max-width: 1400px) 43vw, 600px\" data-recalc-dims=\"1\" \/><\/figure><\/li><\/ul><\/figure>\n\n\n\n<p class=\"has-medium-font-size\">AVAO\u00ae, confort et aspects pratiques au quotidien<\/p>\n\n\n\n<p><strong>Construction confortable<\/strong><\/p>\n\n\n\n<div class=\"wp-block-media-text alignwide is-stacked-on-mobile\" style=\"grid-template-columns:20% auto\"><figure class=\"wp-block-media-text__media\"><img loading=\"lazy\" width=\"366\" height=\"266\" src=\"https:\/\/i2.wp.com\/batimedianews.com\/live\/wp-content\/uploads\/2025\/01\/image-7.png?resize=366%2C266\" alt=\"\" class=\"wp-image-41982 size-full\" srcset=\"https:\/\/i2.wp.com\/batimedianews.com\/live\/wp-content\/uploads\/2025\/01\/image-7.png?w=366&amp;ssl=1 366w, https:\/\/i2.wp.com\/batimedianews.com\/live\/wp-content\/uploads\/2025\/01\/image-7.png?resize=768%2C558&amp;ssl=1 768w\" sizes=\"(max-width: 600px) 91vw, (max-width: 900px) 600px, (max-width: 1060px) 50vw, (max-width: 1200px) 520px, (max-width: 1400px) 43vw, 600px\" data-recalc-dims=\"1\" \/><\/figure><div class=\"wp-block-media-text__content\">\n<p>Toutes les zones de contact, bretelles, ceinture et tours de cuisse sont en mousse pr\u00e9form\u00e9e doubl\u00e9e de tissu respirant et permettent aux professionnels de travailler confortablement. Le bon placement et le maintien du harnais sur l\u2019utilisateur sont optimums, gr\u00e2ce \u00e0 la ceinture et aux tours de cuisse semi-rigides.<\/p>\n<\/div><\/div>\n\n\n\n<p><strong>Organisation du mat\u00e9riel<\/strong><\/p>\n\n\n\n<div class=\"wp-block-media-text alignwide is-stacked-on-mobile\" style=\"grid-template-columns:20% auto\"><figure class=\"wp-block-media-text__media\"><img loading=\"lazy\" width=\"366\" height=\"266\" src=\"https:\/\/i2.wp.com\/batimedianews.com\/live\/wp-content\/uploads\/2025\/01\/image-8.png?resize=366%2C266\" alt=\"\" class=\"wp-image-41983 size-full\" srcset=\"https:\/\/i2.wp.com\/batimedianews.com\/live\/wp-content\/uploads\/2025\/01\/image-8.png?w=366&amp;ssl=1 366w, https:\/\/i2.wp.com\/batimedianews.com\/live\/wp-content\/uploads\/2025\/01\/image-8.png?resize=768%2C558&amp;ssl=1 768w\" sizes=\"(max-width: 600px) 91vw, (max-width: 900px) 600px, (max-width: 1060px) 50vw, (max-width: 1200px) 520px, (max-width: 1400px) 43vw, 600px\" data-recalc-dims=\"1\" \/><\/figure><div class=\"wp-block-media-text__content\">\n<p>\u2022 Int\u00e9gration des \u00e9quipements<\/p>\n\n\n\n<p>Le point de connexion ventral se compose d\u2019un passant textile et d\u2019un D m\u00e9tallique pour l\u2019int\u00e9gration d\u2019une longe de positionnement, d\u2019un descendeur et d\u2019une sellette PODIUM ou LITEPOD.<\/p>\n<\/div><\/div>\n\n\n\n<div class=\"wp-block-media-text alignwide is-stacked-on-mobile\" style=\"grid-template-columns:20% auto\"><figure class=\"wp-block-media-text__media\"><img loading=\"lazy\" width=\"720\" height=\"720\" src=\"https:\/\/i0.wp.com\/batimedianews.com\/live\/wp-content\/uploads\/2025\/01\/image-9.png?resize=720%2C720\" alt=\"\" class=\"wp-image-41984 size-full\" srcset=\"https:\/\/i0.wp.com\/batimedianews.com\/live\/wp-content\/uploads\/2025\/01\/image-9.png?resize=1024%2C1024&amp;ssl=1 1024w, https:\/\/i0.wp.com\/batimedianews.com\/live\/wp-content\/uploads\/2025\/01\/image-9.png?resize=600%2C600&amp;ssl=1 600w, https:\/\/i0.wp.com\/batimedianews.com\/live\/wp-content\/uploads\/2025\/01\/image-9.png?resize=300%2C300&amp;ssl=1 300w, https:\/\/i0.wp.com\/batimedianews.com\/live\/wp-content\/uploads\/2025\/01\/image-9.png?resize=1536%2C1536&amp;ssl=1 1536w, https:\/\/i0.wp.com\/batimedianews.com\/live\/wp-content\/uploads\/2025\/01\/image-9.png?resize=2048%2C2048&amp;ssl=1 2048w, https:\/\/i0.wp.com\/batimedianews.com\/live\/wp-content\/uploads\/2025\/01\/image-9.png?resize=10%2C10&amp;ssl=1 10w\" sizes=\"(max-width: 600px) 91vw, (max-width: 900px) 600px, (max-width: 1060px) 50vw, (max-width: 1200px) 520px, (max-width: 1400px) 43vw, 600px\" data-recalc-dims=\"1\" \/><\/figure><div class=\"wp-block-media-text__content\">\n<p>\u2022 Organisation du mat\u00e9riel<\/p>\n\n\n\n<p>La ceinture est \u00e9quip\u00e9e de deux points d\u2019attache m\u00e9talliques pour la connexion d\u2019une longe de maintien \u00e0 double. Les cinq porte-mat\u00e9riel et les deux passants pour porte-outils CARITOOL ou \u00e9l\u00e9ment de connexion INTERFAST, permettent d\u2019organiser tout le mat\u00e9riel n\u00e9cessaire \u00e0 une journ\u00e9e de travail.<\/p>\n<\/div><\/div>\n\n\n\n<p><strong>Mise en place et r\u00e9glage facilit\u00e9<\/strong><\/p>\n\n\n\n<div class=\"wp-block-media-text alignwide is-stacked-on-mobile\" style=\"grid-template-columns:21% auto\"><figure class=\"wp-block-media-text__media\"><img loading=\"lazy\" width=\"366\" height=\"266\" src=\"https:\/\/i2.wp.com\/batimedianews.com\/live\/wp-content\/uploads\/2025\/01\/image-10.png?resize=366%2C266\" alt=\"\" class=\"wp-image-41985 size-full\" srcset=\"https:\/\/i2.wp.com\/batimedianews.com\/live\/wp-content\/uploads\/2025\/01\/image-10.png?w=366&amp;ssl=1 366w, https:\/\/i2.wp.com\/batimedianews.com\/live\/wp-content\/uploads\/2025\/01\/image-10.png?resize=768%2C558&amp;ssl=1 768w\" sizes=\"(max-width: 600px) 91vw, (max-width: 900px) 600px, (max-width: 1060px) 50vw, (max-width: 1200px) 520px, (max-width: 1400px) 43vw, 600px\" data-recalc-dims=\"1\" \/><\/figure><div class=\"wp-block-media-text__content\">\n<p>\u2022 Facile \u00e0 enfiler<\/p>\n\n\n\n<p>Les harnais AVAO FAST et AVAO SIT FAST sont \u00e9quip\u00e9s de boucles ouvrables FAST sur les tours de cuisse, qui facilitent l\u2019enfilage et le d\u00e9senfilage, sans perte de r\u00e9glage, y compris avec des gants.<\/p>\n<\/div><\/div>\n\n\n\n<div class=\"wp-block-media-text alignwide is-stacked-on-mobile\" style=\"grid-template-columns:21% auto\"><figure class=\"wp-block-media-text__media\"><img loading=\"lazy\" width=\"366\" height=\"266\" src=\"https:\/\/i1.wp.com\/batimedianews.com\/live\/wp-content\/uploads\/2025\/01\/image-11.png?resize=366%2C266\" alt=\"\" class=\"wp-image-41986 size-full\" srcset=\"https:\/\/i1.wp.com\/batimedianews.com\/live\/wp-content\/uploads\/2025\/01\/image-11.png?w=366&amp;ssl=1 366w, https:\/\/i1.wp.com\/batimedianews.com\/live\/wp-content\/uploads\/2025\/01\/image-11.png?resize=768%2C558&amp;ssl=1 768w\" sizes=\"(max-width: 600px) 91vw, (max-width: 900px) 600px, (max-width: 1060px) 50vw, (max-width: 1200px) 520px, (max-width: 1400px) 43vw, 600px\" data-recalc-dims=\"1\" \/><\/figure><div class=\"wp-block-media-text__content\">\n<p>\u2022 Facile \u00e0 ajuster<\/p>\n\n\n\n<p>Le r\u00e9glage du harnais est facilit\u00e9, gr\u00e2ce aux boucles autobloquantes DOUBLEBACK.<\/p>\n\n\n\n<p>Elles sont \u00e9quip\u00e9es d\u2019un syst\u00e8me anti-glissement, qui permet de conserver le bon r\u00e9glage tout au long des phases de travail.<\/p>\n<\/div><\/div>\n\n\n\n<p class=\"has-medium-font-size\">Une gamme compl\u00e8te pour r\u00e9pondre aux attentes de tous les professionnels<\/p>\n\n\n\n<figure class=\"wp-block-image size-full\"><img loading=\"lazy\" width=\"720\" height=\"341\" src=\"https:\/\/i1.wp.com\/batimedianews.com\/live\/wp-content\/uploads\/2025\/01\/image-12.png?resize=720%2C341\" alt=\"\" class=\"wp-image-41987\" srcset=\"https:\/\/i1.wp.com\/batimedianews.com\/live\/wp-content\/uploads\/2025\/01\/image-12.png?w=1506&amp;ssl=1 1506w, https:\/\/i1.wp.com\/batimedianews.com\/live\/wp-content\/uploads\/2025\/01\/image-12.png?resize=768%2C364&amp;ssl=1 768w, https:\/\/i1.wp.com\/batimedianews.com\/live\/wp-content\/uploads\/2025\/01\/image-12.png?resize=432%2C205&amp;ssl=1 432w, https:\/\/i1.wp.com\/batimedianews.com\/live\/wp-content\/uploads\/2025\/01\/image-12.png?resize=396%2C188&amp;ssl=1 396w, https:\/\/i1.wp.com\/batimedianews.com\/live\/wp-content\/uploads\/2025\/01\/image-12.png?resize=1120%2C531&amp;ssl=1 1120w, https:\/\/i1.wp.com\/batimedianews.com\/live\/wp-content\/uploads\/2025\/01\/image-12.png?resize=660%2C313&amp;ssl=1 660w, https:\/\/i1.wp.com\/batimedianews.com\/live\/wp-content\/uploads\/2025\/01\/image-12.png?w=1440 1440w\" sizes=\"(max-width: 600px) 91vw, (max-width: 900px) 600px, (max-width: 1060px) 50vw, (max-width: 1200px) 520px, (max-width: 1400px) 43vw, 600px\" data-recalc-dims=\"1\" \/><\/figure>\n\n\n\n<div class=\"wp-block-columns\">\n<div class=\"wp-block-column\">\n<p>AVAO, ce n\u2019est pas qu\u2019un seul harnais, mais une gamme compl\u00e8te de cinq mod\u00e8les et d\u2019accessoires associ\u00e9s. AVAO est ainsi disponible en version standard avec des boucles de serrage autobloquantes DOUBLEBACK ou en version FAST avec des boucles de serrage ouvrables FAST.<\/p>\n\n\n\n<p>Chacune de ces deux versions existe en version europ\u00e9enne (certifications CE EN 361, EN 358, EN 813) et en version internationale (certifications ANSI Z359.11, ANSI Z459.1, NFPA 1983 class III, CSA Z259.10, CE EN 361, EN 358, EN 813, GB 6095: Q-W-Z) avec syst\u00e8me de rangement des connecteurs de longe d\u2019antichute sur les bretelles, pour permettre \u00e0 l\u2019utilisateur de ne pas \u00eatre g\u00ean\u00e9 par la longe et de garder les connecteurs \u00e0 port\u00e9e de main.<\/p>\n<\/div>\n\n\n\n<div class=\"wp-block-column\">\n<p>Enfin, une version en harnais cuissard AVAO SIT existe \u00e9galement, pour les travailleurs en hauteur qui recherchent une solution l\u00e9g\u00e8re et modulable. Il se transforme en harnais complet d\u2019antichute en connectant un torse TOP ou TOP CROLL, disponibles en accessoire.<\/p>\n\n\n\n<p>Tous ces harnais sont compatibles avec les sellettes PODIUM et LITEPOD, pour ceux qui passent leurs journ\u00e9es suspendus en milieu vertical et savent l\u2019int\u00e9r\u00eat de disposer d\u2019une sellette efficace.<\/p>\n<\/div>\n<\/div>\n\n\n\n<div class=\"wp-block-media-text alignwide has-media-on-the-right is-stacked-on-mobile\" style=\"grid-template-columns:auto 25%\"><figure class=\"wp-block-media-text__media\"><img loading=\"lazy\" width=\"396\" height=\"440\" src=\"https:\/\/i2.wp.com\/batimedianews.com\/live\/wp-content\/uploads\/2025\/01\/image-13.png?resize=396%2C440\" alt=\"\" class=\"wp-image-41988 size-full\" srcset=\"https:\/\/i2.wp.com\/batimedianews.com\/live\/wp-content\/uploads\/2025\/01\/image-13.png?w=396&amp;ssl=1 396w, https:\/\/i2.wp.com\/batimedianews.com\/live\/wp-content\/uploads\/2025\/01\/image-13.png?resize=768%2C853&amp;ssl=1 768w, https:\/\/i2.wp.com\/batimedianews.com\/live\/wp-content\/uploads\/2025\/01\/image-13.png?resize=10%2C10&amp;ssl=1 10w\" sizes=\"(max-width: 600px) 91vw, (max-width: 900px) 600px, (max-width: 1060px) 50vw, (max-width: 1200px) 520px, (max-width: 1400px) 43vw, 600px\" data-recalc-dims=\"1\" \/><\/figure><div class=\"wp-block-media-text__content\">\n<div class=\"wp-block-group has-background\" style=\"background-color:#fed402\"><div class=\"wp-block-group__inner-container\">\n<p class=\"has-small-font-size\"><strong>\u2022 Disponibilit\u00e9 et prix de la gamme AVAO :<\/strong><\/p>\n\n\n\n<p class=\"has-small-font-size\">tous les harnais et accessoires de la gamme AVAO sont disponibles d\u00e8s le mois de d\u00e9cembre 2024.<\/p>\n\n\n\n<p class=\"has-small-font-size\">Pour les harnais, les tarifs vont de 175 \u20ac HT (AVAO SIT) \u00e0 320 \u20ac HT (AVAO FAST version internationale), selon les mod\u00e8les.<\/p>\n<\/div><\/div>\n<\/div><\/div>\n\n\n\n<p><\/p>\n","protected":false},"excerpt":{"rendered":"<p>Parce que le travail en hauteur impose de souvent faire face \u00e0 des situations tr\u00e8s diff\u00e9rentes, Petzl a imagin\u00e9 un harnais qui permette de s\u2019y adapter : AVAO. Avec ce harnais, il sera possible d\u2019effectuer ses missions dans les meilleures conditions, que ce soit en antichute, en maintien au travail ou encore en suspension. Que [&hellip;]<\/p>\n","protected":false},"author":41,"featured_media":41989,"comment_status":"open","ping_status":"open","sticky":true,"template":"","format":"standard","meta":{"spay_email":""},"categories":[4],"tags":[1248,2585],"jetpack_featured_media_url":"https:\/\/i0.wp.com\/batimedianews.com\/live\/wp-content\/uploads\/2025\/01\/Petzl-articles-.jpg?fit=1513%2C825&ssl=1","jetpack_sharing_enabled":true,"jetpack_likes_enabled":true,"jetpack-related-posts":[{"id":25969,"url":"https:\/\/batimedianews.com\/live\/index.php\/2023\/02\/02\/protection-individuelle-en-environnement-de-travail-champion-place-lunivers-des-epi-au-coeur-de-son-parcours-client\/","url_meta":{"origin":41977,"position":0},"title":"Protection individuelle en environnement de travail: CHAMPION place l\u2019univers des EPI au coeur de son parcours client","date":"2 f\u00e9vrier 2023","format":false,"excerpt":"Chantiers en milieux extr\u00eames, laboratoires, intervention en hauteur, travail aupr\u00e8s de machines bruyantes\u2026, porter des \u00e9quipements de protection individuelle (EPI) sur le lieu professionnel est obligatoire afin de se pr\u00e9munir des risques biologiques, m\u00e9caniques, \u00e9lectriques, chimiques ou encore thermiques. A l\u2019\u00e9coute des besoins de ses clients et du march\u00e9, le\u2026","rel":"","context":"Dans &quot;Actualit\u00e9 Entreprises&quot;","img":{"alt_text":"","src":"https:\/\/i1.wp.com\/batimedianews.com\/live\/wp-content\/uploads\/2023\/02\/Champion-Article.jpg?fit=1080%2C1080&ssl=1&resize=350%2C200","width":350,"height":200},"classes":[]},{"id":30458,"url":"https:\/\/batimedianews.com\/live\/index.php\/2023\/09\/07\/milwaukee-lance-deux-nouveaux-outils-m18-fuel-dans-sa-gamme-dediee-aux-exterieurs-et-espaces-verts-lelagueuse-hatchet-20-cm-m18-fhs20-et-la-debroussailleuse-m18-fbcu\/","url_meta":{"origin":41977,"position":1},"title":"MILWAUKEE\u00ae lance deux nouveaux outils M18 FUEL\u2122 dans sa gamme d\u00e9di\u00e9e aux ext\u00e9rieurs et espaces verts : l\u2019\u00e9lagueuse HATCHET\u00ae 20 cm M18 FHS20 et la d\u00e9broussailleuse M18 FBCU","date":"7 septembre 2023","format":false,"excerpt":"\u00a0Ces deux outils M18 FUEL\u2122 compl\u00e8tent l\u2019offre d\u00e9j\u00e0 existante et ont \u00e9t\u00e9 sp\u00e9cialement d\u00e9velopp\u00e9s pour r\u00e9pondre aux besoins du march\u00e9 professionnel. Avec ces nouveaut\u00e9s, la plateforme universelle M18\u2122 compte d\u00e9sormais plus de 255 outils aliment\u00e9s par une m\u00eame typologie de batterie 100 % compatible et r\u00e9trocompatible. Une m\u00eame batterie pour\u2026","rel":"","context":"Dans &quot;Actualit\u00e9 Entreprises&quot;","img":{"alt_text":"","src":"https:\/\/i2.wp.com\/batimedianews.com\/live\/wp-content\/uploads\/2023\/07\/Milwaukee-article.jpg?fit=1080%2C1080&ssl=1&resize=350%2C200","width":350,"height":200},"classes":[]},{"id":32197,"url":"https:\/\/batimedianews.com\/live\/index.php\/2023\/10\/10\/campus-formation-sur-artibat-un-parcours-dateliers-techniques-dedies-a-la-formation-pour-deployer-les-bonnes-pratiques\/","url_meta":{"origin":41977,"position":2},"title":"CAMPUS FORMATION sur ARTIBAT, un parcours d\u2019ateliers techniques d\u00e9di\u00e9s \u00e0 la formation pour d\u00e9ployer les bonnes pratiques","date":"10 octobre 2023","format":false,"excerpt":"\u00a0Revendiquant une formidable proximit\u00e9 avec les professionnels du b\u00e2timent puisqu\u2019en prise directe avec l\u2019ensemble de la fili\u00e8re, le salon de r\u00e9f\u00e9rence Artibat initie, au sein du Hall 2\/3, durant toute la dur\u00e9e d\u2019\u00e9dition 2023 (18 au 20 octobre), un parcours Campus Formations baptis\u00e9 \"10 mn pour comprendre\".\u00a0 \u00a0Val\u00e9rie Sfartz, directrice\u2026","rel":"","context":"Dans &quot;Actualit\u00e9s salons&quot;","img":{"alt_text":"","src":"https:\/\/i0.wp.com\/batimedianews.com\/live\/wp-content\/uploads\/2023\/10\/artibat-Article-scaled.jpg?fit=1200%2C1200&ssl=1&resize=350%2C200","width":350,"height":200},"classes":[]},{"id":31371,"url":"https:\/\/batimedianews.com\/live\/index.php\/2023\/09\/15\/deux-nouveaux-outils-sur-batterie-font-leur-entree-dans-la-gamme-dentretien-du-jardin-ryobi-le-souffleur-ry18blxd-et-le-tout-premier-elagueur-sur-perche-ry36pp25a-de-la-plateforme-36v\/","url_meta":{"origin":41977,"position":3},"title":"Deux nouveaux outils sur batterie font leur entr\u00e9e dans la gamme d\u2019entretien du jardin Ryobi\u00ae : le souffleur RY18BLXD et le tout premier \u00e9lagueur sur perche RY36PP25A de la plateforme 36V MAX POWER.","date":"15 septembre 2023","format":false,"excerpt":"\u00a0Avec ces deux nouveaut\u00e9s, Ryobi\u00ae poursuit le d\u00e9veloppement de ses solutions sur batterie adapt\u00e9es \u00e0 toutes les tailles de jardins et toutes les configurations. Chaque outil est \u00e9quip\u00e9 du meilleur de la technologie Ryobi\u00ae en termes de motorisation, d\u2019ergonomie, de confort d\u2019utilisation et de performances pour accompagner et r\u00e9pondre aux\u2026","rel":"","context":"Dans &quot;Actualit\u00e9 Entreprises&quot;","img":{"alt_text":"","src":"https:\/\/i1.wp.com\/batimedianews.com\/live\/wp-content\/uploads\/2023\/09\/Ryobi-articles-1.jpg?fit=825%2C825&ssl=1&resize=350%2C200","width":350,"height":200},"classes":[]},{"id":45938,"url":"https:\/\/batimedianews.com\/live\/index.php\/2025\/07\/17\/entretien-paysager-et-forestier-dewalt-renforce-sa-presence-sur-le-marche-de-loutdoor-professionnel\/","url_meta":{"origin":41977,"position":4},"title":"Entretien paysager et forestier &#8211; DEWALT renforce sa pr\u00e9sence sur le march\u00e9 de l\u2019outdoor professionnel","date":"17 juillet 2025","format":false,"excerpt":"Pionni\u00e8re de l\u2019outillage \u00e9lectroportatif professionnel du groupe Stanley Black & Decker, la marque DEWALT met son expertise en mati\u00e8re de batterie haute performance au service des m\u00e9tiers de l\u2019environnement avec le lancement d\u2019une nouvelle gamme. Con\u00e7ue pour r\u00e9pondre aux exigences des professionnels de l\u2019am\u00e9nagement paysager et forestier, la nouvelle gamme\u2026","rel":"","context":"Dans &quot;Actualit\u00e9 Entreprises&quot;","img":{"alt_text":"","src":"https:\/\/i0.wp.com\/batimedianews.com\/live\/wp-content\/uploads\/2025\/07\/DeWalt.jpg?fit=825%2C825&ssl=1&resize=350%2C200","width":350,"height":200},"classes":[]},{"id":4063,"url":"https:\/\/batimedianews.com\/live\/index.php\/2020\/04\/16\/milwaukee-continue-detoffer-son-systeme-modulaire-packout-pour-le-rangement-et-le-transport-de-loutillage-des-professionnels\/","url_meta":{"origin":41977,"position":5},"title":"MILWAUKEE\u00ae continue d\u2019\u00e9toffer son syst\u00e8me modulaire PACKOUT\u2122 pour le rangement et le transport de l\u2019outillage des professionnels","date":"16 avril 2020","format":false,"excerpt":"La gamme PACKOUT\u2122 s\u2019agrandit et compte maintenant 19 r\u00e9f\u00e9rences pour un maximum de polyvalence. Cet \u00e9quipement ultra-pratique est d\u00e9di\u00e9 aux artisans pour les aider, au quotidien, \u00e0 stocker, organiser, transporter leurs outils sur les chantiers et les avoir en permanence \u00e0 port\u00e9e de main. Parmi les nouveaut\u00e9s, la gamme propose\u2026","rel":"","context":"Dans &quot;Actualit\u00e9 Entreprises&quot;","img":{"alt_text":"","src":"https:\/\/i1.wp.com\/batimedianews.com\/live\/wp-content\/uploads\/2020\/04\/milwaukee1.jpg?fit=873%2C873&ssl=1&resize=350%2C200","width":350,"height":200},"classes":[]}],"_links":{"self":[{"href":"https:\/\/batimedianews.com\/live\/index.php\/wp-json\/wp\/v2\/posts\/41977"}],"collection":[{"href":"https:\/\/batimedianews.com\/live\/index.php\/wp-json\/wp\/v2\/posts"}],"about":[{"href":"https:\/\/batimedianews.com\/live\/index.php\/wp-json\/wp\/v2\/types\/post"}],"author":[{"embeddable":true,"href":"https:\/\/batimedianews.com\/live\/index.php\/wp-json\/wp\/v2\/users\/41"}],"replies":[{"embeddable":true,"href":"https:\/\/batimedianews.com\/live\/index.php\/wp-json\/wp\/v2\/comments?post=41977"}],"version-history":[{"count":2,"href":"https:\/\/batimedianews.com\/live\/index.php\/wp-json\/wp\/v2\/posts\/41977\/revisions"}],"predecessor-version":[{"id":42007,"href":"https:\/\/batimedianews.com\/live\/index.php\/wp-json\/wp\/v2\/posts\/41977\/revisions\/42007"}],"wp:featuredmedia":[{"embeddable":true,"href":"https:\/\/batimedianews.com\/live\/index.php\/wp-json\/wp\/v2\/media\/41989"}],"wp:attachment":[{"href":"https:\/\/batimedianews.com\/live\/index.php\/wp-json\/wp\/v2\/media?parent=41977"}],"wp:term":[{"taxonomy":"category","embeddable":true,"href":"https:\/\/batimedianews.com\/live\/index.php\/wp-json\/wp\/v2\/categories?post=41977"},{"taxonomy":"post_tag","embeddable":true,"href":"https:\/\/batimedianews.com\/live\/index.php\/wp-json\/wp\/v2\/tags?post=41977"}],"curies":[{"name":"wp","href":"https:\/\/api.w.org\/{rel}","templated":true}]}}