{"id":42126,"date":"2025-01-14T09:31:01","date_gmt":"2025-01-14T08:31:01","guid":{"rendered":"http:\/\/batimedianews.com\/live\/?p=42126"},"modified":"2025-01-14T09:31:04","modified_gmt":"2025-01-14T08:31:04","slug":"domial-et-qualibat-sassocient-pour-renforcer-la-qualite-des-projets-de-construction-et-de-renovation-en-alsace","status":"publish","type":"post","link":"https:\/\/batimedianews.com\/live\/index.php\/2025\/01\/14\/domial-et-qualibat-sassocient-pour-renforcer-la-qualite-des-projets-de-construction-et-de-renovation-en-alsace\/","title":{"rendered":"Domial et Qualibat s\u2019associent pour renforcer la qualit\u00e9 des projets de construction et de r\u00e9novation en Alsace"},"content":{"rendered":"\n<p><strong>Paris, le 13 janvier 2025 <\/strong>\u2013 <strong>Domial, acteur majeur de l\u2019habitat et du logement en Alsace, filiale du Groupe Action Logement, annonce un partenariat strat\u00e9gique avec Qualibat, organisme de r\u00e9f\u00e9rence en mati\u00e8re de qualifications et certifications des entreprises du secteur de la construction. Cette collaboration vise \u00e0 garantir des projets de construction et de r\u00e9novation respectant les normes les plus exigeantes, en r\u00e9pondant aux attentes des prescripteurs, des ma\u00eetres d\u2019ouvrage et des habitants.&nbsp;<\/strong><\/p>\n\n\n\n<p class=\"has-medium-font-size\">&nbsp;<strong>Une alliance au service d\u2019un habitat de qualit\u00e9&nbsp;<\/strong><\/p>\n\n\n\n<p>Avec un patrimoine locatif de plus de 13 600 logements et une expertise couvrant tous les m\u00e9tiers de l\u2019habitat, Domial s\u2019engage \u00e0 proposer des solutions innovantes et durables en mati\u00e8re de logement. Ce partenariat avec Qualibat s\u2019inscrit dans une d\u00e9marche de qualit\u00e9 et de responsabilit\u00e9, en s\u2019appuyant sur les 75 ans d\u2019exp\u00e9rience de cet organisme, reconnu pour son processus rigoureux de qualification des entreprises du b\u00e2timent.&nbsp;<\/p>\n\n\n\n<p class=\"has-medium-font-size\">&nbsp;<strong>Une vision commune : des logements plus durables et performants&nbsp;<\/strong><\/p>\n\n\n\n<p>Ce partenariat repose \u00e9galement sur un engagement commun pour relever les d\u00e9fis environnementaux. Dans le cadre des objectifs du Grenelle de l\u2019Environnement, Qualibat apporte une expertise essentielle dans la mise en \u0153uvre de solutions visant \u00e0 r\u00e9duire les consommations d\u2019\u00e9nergie, promouvoir les \u00e9nergies renouvelables et am\u00e9liorer les performances des b\u00e2timents.\u00a0<\/p>\n\n\n\n<p>En collaborant avec Qualibat, Domial renforce ses ambitions de proposer des logements durables et accessibles tout en garantissant une qualit\u00e9 irr\u00e9prochable. Cette d\u00e9marche permet \u00e9galement d\u2019accompagner les artisans et entreprises locales pour qu\u2019ils r\u00e9pondent aux nouvelles exigences des projets de construction et de r\u00e9novation.&nbsp;<\/p>\n\n\n\n<p class=\"has-medium-font-size\">&nbsp;<strong>Qualibat : un gage de confiance pour les professionnels et les particuliers&nbsp;<\/strong><\/p>\n\n\n\n<p>Cr\u00e9\u00e9e en 1949, Qualibat a pour mission d\u2019\u00e9valuer les comp\u00e9tences techniques et la fiabilit\u00e9 des entreprises de construction. \u00c0 ce jour, plus de 52 000 entreprises ou artisans d\u00e9tiennent une ou plusieurs qualifications d\u00e9livr\u00e9es par Qualibat, dont 40 000 professionnels titulaires&nbsp;de la mention RGE (Reconnu Garant de l\u2019Environnement). Ces qualifications permettent d\u2019assurer une transparence totale et de guider les ma\u00eetres d\u2019ouvrage dans leur choix de partenaires pour leurs travaux.&nbsp;<\/p>\n\n\n\n<p>Les qualifications Qualibat sont attribu\u00e9es via un processus impartial, garantissant une \u00e9valuation objective par des commissions compos\u00e9es d\u2019experts ind\u00e9pendants.&nbsp;<\/p>\n\n\n\n<p class=\"has-medium-font-size\"><strong>Une collaboration tourn\u00e9e vers l\u2019avenir&nbsp;<\/strong><\/p>\n\n\n\n<p>En unissant leurs expertises, Domial et Qualibat contribuent activement \u00e0 la construction d\u2019un habitat plus qualitatif, durable et performant en Alsace. Ce partenariat strat\u00e9gique incarne une vision partag\u00e9e de l\u2019innovation et de la responsabilit\u00e9, tout en accompagnant les professionnels du b\u00e2timent vers l\u2019excellence. \u00c0 travers cette alliance, les deux acteurs renforcent leur engagement envers les prescripteurs, les ma\u00eetres d\u2019ouvrage et les habitants, tout en pla\u00e7ant l\u2019environnement et la qualit\u00e9 de vie au c\u0153ur de leurs priorit\u00e9s.\u00a0<\/p>\n\n\n\n<p><\/p>\n","protected":false},"excerpt":{"rendered":"<p>Paris, le 13 janvier 2025 \u2013 Domial, acteur majeur de l\u2019habitat et du logement en Alsace, filiale du Groupe Action Logement, annonce un partenariat strat\u00e9gique avec Qualibat, organisme de r\u00e9f\u00e9rence en mati\u00e8re de qualifications et certifications des entreprises du secteur de la construction. Cette collaboration vise \u00e0 garantir des projets de construction et de r\u00e9novation [&hellip;]<\/p>\n","protected":false},"author":41,"featured_media":42127,"comment_status":"open","ping_status":"open","sticky":true,"template":"","format":"standard","meta":{"spay_email":""},"categories":[4,14,20,73],"tags":[2587],"jetpack_featured_media_url":"https:\/\/i1.wp.com\/batimedianews.com\/live\/wp-content\/uploads\/2025\/01\/Qualibat.jpg?fit=1513%2C825&ssl=1","jetpack_sharing_enabled":true,"jetpack_likes_enabled":true,"jetpack-related-posts":[{"id":12130,"url":"https:\/\/batimedianews.com\/live\/index.php\/2021\/09\/20\/cyme-propulse-lhabitat-durable-dans-le-monde-dapres\/","url_meta":{"origin":42126,"position":0},"title":"CYME propulse l&rsquo;habitat durable dans le monde d&rsquo;apr\u00e8s !","date":"20 septembre 2021","format":false,"excerpt":"Tout \u00e0 la fois concepteur et constructeur, parfois m\u00eame promoteur, CYME arrive dans l'univers du b\u00e2timent avec une proposition singuli\u00e8re. Sa vision de l'habitat durable d\u00e9tonne, tant d'un point de vue structurel qu'esth\u00e9tique. Son concept balaie les id\u00e9es re\u00e7ues autour de la conception modulaire et ouvre de nouveaux champs des\u2026","rel":"","context":"Dans &quot;Actualit\u00e9 Entreprises&quot;","img":{"alt_text":"","src":"https:\/\/i1.wp.com\/batimedianews.com\/live\/wp-content\/uploads\/2021\/09\/Cyme-Article.jpg?fit=512%2C512&ssl=1&resize=350%2C200","width":350,"height":200},"classes":[]},{"id":47363,"url":"https:\/\/batimedianews.com\/live\/index.php\/2025\/10\/14\/a-caen-linkcity-realise-avec-cdc-habitat-grand-ouest-et-3f-normanvie-un-projet-a-haute-ambition-environnementale-dans-le-quartier-de-la-folie-couvrechef\/","url_meta":{"origin":42126,"position":1},"title":"\u00c0 Caen, Linkcity r\u00e9alise avec CDC Habitat Grand Ouest et 3F Normanvie un projet \u00e0 haute ambition environnementale dans le quartier de la Folie Couvrechef","date":"14 octobre 2025","format":false,"excerpt":"Dans le quartier de La Folie Couvrechef \u00e0 Caen, Linkcity d\u00e9veloppe avec CDC Habitat Grand Ouest et 3F Normanvie un projet immobilier exemplaire qui place le bois au coeur de sa conception. Pens\u00e9 comme un v\u00e9ritable d\u00e9monstrateur, ce programme mixte \u00e0 vocation sociale et locale de 90 logements illustre la\u2026","rel":"","context":"Dans &quot;Actualit\u00e9 Entreprises&quot;","img":{"alt_text":"","src":"https:\/\/i2.wp.com\/batimedianews.com\/live\/wp-content\/uploads\/2025\/10\/Linkcity_cdchabitat.jpg?fit=825%2C825&ssl=1&resize=350%2C200","width":350,"height":200},"classes":[]},{"id":14133,"url":"https:\/\/batimedianews.com\/live\/index.php\/2021\/12\/06\/palmares-du-challenge-de-lhabitat-innovant-2022\/","url_meta":{"origin":42126,"position":2},"title":"PALMAR\u00c8S DU CHALLENGE DE L\u2019HABITAT INNOVANT 2022","date":"6 d\u00e9cembre 2021","format":false,"excerpt":"\u00a0\u00c0 l\u2019occasion de son S\u00e9minaire Technique qui s\u2019est d\u00e9roul\u00e9 du 25 au 28 novembre \u00e0 Lisbonne, le P\u00f4le Habitat FFB a d\u00e9voil\u00e9 le palmar\u00e8s de son Challenge de l\u2019Habitat Innovant 2022, auquel seize adh\u00e9rents ont particip\u00e9 tout au long de l\u2019ann\u00e9e. Autant de dossiers qui refl\u00e8tent tant le go\u00fbt d\u2019entreprendre\u2026","rel":"","context":"Dans &quot;Actualit\u00e9 Entreprises&quot;","img":{"alt_text":"","src":"https:\/\/i1.wp.com\/batimedianews.com\/live\/wp-content\/uploads\/2021\/12\/PoleHabitat-Article.jpg?fit=512%2C512&ssl=1&resize=350%2C200","width":350,"height":200},"classes":[]},{"id":12956,"url":"https:\/\/batimedianews.com\/live\/index.php\/2021\/10\/20\/habiter-la-france-de-demain-comment-depasser-les-contradictions\/","url_meta":{"origin":42126,"position":3},"title":"HABITER LA FRANCE DE DEMAIN : COMMENT D\u00c9PASSER LES CONTRADICTIONS ?","date":"20 octobre 2021","format":false,"excerpt":"La ministre en charge du Logement, Emmanuelle Wargon, a conclu ce 14 octobre les huit mois d\u2019\u00e9changes de la d\u00e9marche \u00ab Habiter la France de demain \u00bb en avan\u00e7ant dix pistes de r\u00e9flexions et de propositions sur la densification, le foncier, le logement abordable, la qualit\u00e9 des logements, la r\u00e9novation\u2026","rel":"","context":"Dans &quot;Actualit\u00e9 Entreprises&quot;","img":{"alt_text":"","src":"https:\/\/i1.wp.com\/batimedianews.com\/live\/wp-content\/uploads\/2021\/10\/Pole-HabitatFFB-Article.jpg?fit=512%2C512&ssl=1&resize=350%2C200","width":350,"height":200},"classes":[]},{"id":21494,"url":"https:\/\/batimedianews.com\/live\/index.php\/2022\/07\/04\/rehabilitation-du-quartier-baltiss-a-voiron-38\/","url_meta":{"origin":42126,"position":4},"title":"R\u00e9habilitation du quartier Baltiss \u00e0 Voiron (38)","date":"4 juillet 2022","format":false,"excerpt":"5 b\u00e2timents font peau neuve avec du b\u00e9ton cellulaire Ytong, une solution constructive parfaite\u00a0pour la r\u00e9novation \u00e9nerg\u00e9tique La loi \u00e9nergie-climat, qui fixe l\u2019objectif de neutralit\u00e9 carbone des b\u00e2timents d\u2019ici 2050, acc\u00e9l\u00e8re la r\u00e9novation des logements \u00e9nergivores en France. De nombreuses communes, comme Voiron dans l\u2019Is\u00e8re, engagent des travaux de r\u00e9habilitation\u2026","rel":"","context":"Dans &quot;Actualit\u00e9 Entreprises&quot;","img":{"alt_text":"","src":"https:\/\/i0.wp.com\/batimedianews.com\/live\/wp-content\/uploads\/2022\/06\/Xella-Article.jpg?fit=1080%2C1080&ssl=1&resize=350%2C200","width":350,"height":200},"classes":[]},{"id":15108,"url":"https:\/\/batimedianews.com\/live\/index.php\/2022\/01\/26\/gregory-monod-reelu-president-du-pole-habitat-ffb\/","url_meta":{"origin":42126,"position":5},"title":"GR\u00c9GORY MONOD R\u00c9\u00c9LU PR\u00c9SIDENT DU P\u00d4LE HABITAT FFB","date":"26 janvier 2022","format":false,"excerpt":"Gr\u00e9gory Monod est r\u00e9\u00e9lu Pr\u00e9sident national du P\u00f4le Habitat FFB pour trois ans.\u00a0Cr\u00e9dit photo : \u00a9 P\u00f4le Habitat FFB\/Philippe Jacob\u00a0 Au cours du Conseil d\u2019Administration de ce jour, Gr\u00e9gory Monod a \u00e9t\u00e9 r\u00e9\u00e9lu \u00e0 la pr\u00e9sidence du P\u00f4le Habitat FFB, premi\u00e8re organisation repr\u00e9sentative de la construction immobili\u00e8re priv\u00e9e qui rassemble\u2026","rel":"","context":"Dans &quot;Actualit\u00e9 Entreprises&quot;","img":{"alt_text":"","src":"https:\/\/i2.wp.com\/batimedianews.com\/live\/wp-content\/uploads\/2022\/01\/PoleHabitat-Article.jpg?fit=512%2C512&ssl=1&resize=350%2C200","width":350,"height":200},"classes":[]}],"_links":{"self":[{"href":"https:\/\/batimedianews.com\/live\/index.php\/wp-json\/wp\/v2\/posts\/42126"}],"collection":[{"href":"https:\/\/batimedianews.com\/live\/index.php\/wp-json\/wp\/v2\/posts"}],"about":[{"href":"https:\/\/batimedianews.com\/live\/index.php\/wp-json\/wp\/v2\/types\/post"}],"author":[{"embeddable":true,"href":"https:\/\/batimedianews.com\/live\/index.php\/wp-json\/wp\/v2\/users\/41"}],"replies":[{"embeddable":true,"href":"https:\/\/batimedianews.com\/live\/index.php\/wp-json\/wp\/v2\/comments?post=42126"}],"version-history":[{"count":2,"href":"https:\/\/batimedianews.com\/live\/index.php\/wp-json\/wp\/v2\/posts\/42126\/revisions"}],"predecessor-version":[{"id":42137,"href":"https:\/\/batimedianews.com\/live\/index.php\/wp-json\/wp\/v2\/posts\/42126\/revisions\/42137"}],"wp:featuredmedia":[{"embeddable":true,"href":"https:\/\/batimedianews.com\/live\/index.php\/wp-json\/wp\/v2\/media\/42127"}],"wp:attachment":[{"href":"https:\/\/batimedianews.com\/live\/index.php\/wp-json\/wp\/v2\/media?parent=42126"}],"wp:term":[{"taxonomy":"category","embeddable":true,"href":"https:\/\/batimedianews.com\/live\/index.php\/wp-json\/wp\/v2\/categories?post=42126"},{"taxonomy":"post_tag","embeddable":true,"href":"https:\/\/batimedianews.com\/live\/index.php\/wp-json\/wp\/v2\/tags?post=42126"}],"curies":[{"name":"wp","href":"https:\/\/api.w.org\/{rel}","templated":true}]}}