{"id":42185,"date":"2025-01-17T09:17:12","date_gmt":"2025-01-17T08:17:12","guid":{"rendered":"http:\/\/batimedianews.com\/live\/?p=42185"},"modified":"2025-01-17T09:17:14","modified_gmt":"2025-01-17T08:17:14","slug":"rehau-window-solutions-france-une-rentree-2025-sous-le-signe-de-linnovation-et-de-la-durabilite","status":"publish","type":"post","link":"https:\/\/batimedianews.com\/live\/index.php\/2025\/01\/17\/rehau-window-solutions-france-une-rentree-2025-sous-le-signe-de-linnovation-et-de-la-durabilite\/","title":{"rendered":"REHAU WINDOW SOLUTIONS FRANCE : Une rentr\u00e9e 2025 sous le signe de l&rsquo;innovation et de la durabilit\u00e9"},"content":{"rendered":"\n<figure class=\"wp-block-image size-large\"><img loading=\"lazy\" width=\"720\" height=\"720\" src=\"https:\/\/i0.wp.com\/batimedianews.com\/live\/wp-content\/uploads\/2025\/01\/@buildup_1.jpg?resize=720%2C720\" alt=\"\" class=\"wp-image-42186\" srcset=\"https:\/\/i2.wp.com\/batimedianews.com\/live\/wp-content\/uploads\/2025\/01\/@buildup_1-scaled.jpg?resize=1024%2C1024&amp;ssl=1 1024w, https:\/\/i2.wp.com\/batimedianews.com\/live\/wp-content\/uploads\/2025\/01\/@buildup_1-scaled.jpg?resize=600%2C600&amp;ssl=1 600w, https:\/\/i2.wp.com\/batimedianews.com\/live\/wp-content\/uploads\/2025\/01\/@buildup_1-scaled.jpg?resize=300%2C300&amp;ssl=1 300w, https:\/\/i2.wp.com\/batimedianews.com\/live\/wp-content\/uploads\/2025\/01\/@buildup_1-scaled.jpg?resize=1536%2C1536&amp;ssl=1 1536w, https:\/\/i2.wp.com\/batimedianews.com\/live\/wp-content\/uploads\/2025\/01\/@buildup_1-scaled.jpg?resize=2048%2C2048&amp;ssl=1 2048w, https:\/\/i2.wp.com\/batimedianews.com\/live\/wp-content\/uploads\/2025\/01\/@buildup_1-scaled.jpg?resize=10%2C10&amp;ssl=1 10w, https:\/\/i2.wp.com\/batimedianews.com\/live\/wp-content\/uploads\/2025\/01\/@buildup_1-scaled.jpg?w=1440 1440w, https:\/\/i2.wp.com\/batimedianews.com\/live\/wp-content\/uploads\/2025\/01\/@buildup_1-scaled.jpg?w=2160 2160w\" sizes=\"(max-width: 600px) 91vw, (max-width: 900px) 600px, (max-width: 1060px) 50vw, (max-width: 1200px) 520px, (max-width: 1400px) 43vw, 600px\" data-recalc-dims=\"1\" \/><\/figure>\n\n\n\n<p><strong>REHAU Window Solutions<\/strong>, leader fran\u00e7ais dans la conception de profil\u00e9s pour fen\u00eatres en PVC recycl\u00e9 et&nbsp;<strong>RAUFIPRO\u00ae<\/strong>, ouvre l&rsquo;ann\u00e9e 2025 avec ambition et innovation afin d&rsquo;apporter des solutions toujours plus repr\u00e9sentatives des engagements de la marque.<\/p>\n\n\n\n<p><em>\u00ab Nous entamons cette nouvelle ann\u00e9e avec enthousiasme et d\u00e9termination, port\u00e9s par notre d\u00e9marche IMPACT. 100% d\u00e9di\u00e9e aux architectes et bureaux d&rsquo;\u00e9tudes engag\u00e9s pour l&rsquo;habitat de demain, elle vise \u00e0 fournir des solutions performantes, esth\u00e9tiques et durables, ainsi que des outils adapt\u00e9s aux besoins du march\u00e9 pour prendre aujourd&rsquo;hui les d\u00e9cisions \u00e9clair\u00e9es qui influenceront demain.\u202f\u00bb<\/em>&nbsp;\u2013&nbsp;<strong>Bruno Bednarczyk, Directeur de la Division Fen\u00eatre France.<\/strong><\/p>\n\n\n\n<p class=\"has-text-align-center\"><strong>L&rsquo;impact du service Prescription&nbsp;<\/strong><br><strong>de REHAU Window Solutions<\/strong><\/p>\n\n\n\n<p>Depuis 2020,&nbsp;<strong>REHAU Window Solutions&nbsp;<\/strong>a fait \u00e9voluer sa strat\u00e9gie avec la cr\u00e9ation d&rsquo;un service Prescription avec un objectif clair : offrir aux acteurs du logement collectif \u2013 bailleurs sociaux, promoteurs, architectes, bureaux d&rsquo;\u00e9tudes et \u00e9conomistes de la construction les outils adapt\u00e9s pour relever les d\u00e9fis de demain.Cette d\u00e9marche innovante, baptis\u00e9e&nbsp;<strong>IMPACT<\/strong>&nbsp;\u00ab\u00a0Agir maintenant pour l&rsquo;habitat de demain\u00a0\u00bb, accompagne les professionnels dans leurs choix strat\u00e9giques, aujourd&rsquo;hui et pour l&rsquo;avenir.&nbsp;<\/p>\n\n\n\n<p class=\"has-text-align-center\"><strong>IMPACT : un territoire d&rsquo;expression unique<\/strong><\/p>\n\n\n\n<p>La strat\u00e9gie&nbsp;<strong>IMPACT<\/strong>&nbsp;s&rsquo;appuie sur une charte de prescription pour permettre aux maitres d&rsquo;\u0153uvres, maitres d&rsquo;ouvrages de rencontrer les partenaires locaux s\u00e9lectionn\u00e9s par REHAU France.<\/p>\n\n\n\n<p>Aussi&nbsp;<strong>REHAU Window Solutions<\/strong>&nbsp;propose aux architectes, une plateforme exclusive d\u00e9di\u00e9e aux prescripteurs, offrant des outils tels que :<\/p>\n\n\n\n<p>\u2022 Un blog avec de nombreux interviews et contenus sp\u00e9cialis\u00e9s&nbsp;<br>\u2022 Deux livres blanc \u00ab\u00a0\u00c9conomie circulaire\u00a0\u00bb et \u00ab\u00a0L&rsquo;habitat durable et vertueux\u00a0\u00bb&nbsp;<br>\u2022 Un outil de commande d&rsquo;\u00e9chantillons&nbsp;<br>\u2022&nbsp;<strong>NOUVEAUT\u00c9, FDES&nbsp;<\/strong>des menuiseries en PVC et RAUFIPRO\u00aeCes ressources abordent des th\u00e9matiques prioritaires comme l&rsquo;\u00e9conomie circulaire, la r\u00e9glementation RE2020 et la r\u00e9habilitation. \u00c0 d\u00e9couvrir sur la plateforme REHAU &#8211; Impact.<\/p>\n\n\n\n<figure class=\"wp-block-image size-full\"><img loading=\"lazy\" width=\"720\" height=\"513\" src=\"https:\/\/i1.wp.com\/batimedianews.com\/live\/wp-content\/uploads\/2025\/01\/mockup_antiseche-int-1.png?resize=720%2C513\" alt=\"\" class=\"wp-image-42187\" srcset=\"https:\/\/i1.wp.com\/batimedianews.com\/live\/wp-content\/uploads\/2025\/01\/mockup_antiseche-int-1.png?w=1921&amp;ssl=1 1921w, https:\/\/i1.wp.com\/batimedianews.com\/live\/wp-content\/uploads\/2025\/01\/mockup_antiseche-int-1.png?resize=768%2C547&amp;ssl=1 768w, https:\/\/i1.wp.com\/batimedianews.com\/live\/wp-content\/uploads\/2025\/01\/mockup_antiseche-int-1.png?resize=432%2C308&amp;ssl=1 432w, https:\/\/i1.wp.com\/batimedianews.com\/live\/wp-content\/uploads\/2025\/01\/mockup_antiseche-int-1.png?resize=396%2C282&amp;ssl=1 396w, https:\/\/i1.wp.com\/batimedianews.com\/live\/wp-content\/uploads\/2025\/01\/mockup_antiseche-int-1.png?resize=1120%2C799&amp;ssl=1 1120w, https:\/\/i1.wp.com\/batimedianews.com\/live\/wp-content\/uploads\/2025\/01\/mockup_antiseche-int-1.png?resize=660%2C471&amp;ssl=1 660w, https:\/\/i1.wp.com\/batimedianews.com\/live\/wp-content\/uploads\/2025\/01\/mockup_antiseche-int-1.png?w=1440 1440w\" sizes=\"(max-width: 600px) 91vw, (max-width: 900px) 600px, (max-width: 1060px) 50vw, (max-width: 1200px) 520px, (max-width: 1400px) 43vw, 600px\" data-recalc-dims=\"1\" \/><\/figure>\n\n\n\n<p class=\"has-text-align-center\"><strong>Une \u00e9quipe d&rsquo;experts prescripteurs<\/strong><\/p>\n\n\n\n<p>Pour soutenir ses partenaires,&nbsp;<strong>REHAU Window Solutions<\/strong>&nbsp;dispose sur le march\u00e9 Fran\u00e7ais d&rsquo;une \u00e9quipe d&rsquo;experts prescripteurs r\u00e9gionaux :\u2022&nbsp;<strong>Kevin Hamel<\/strong>, prescripteur pour la r\u00e9gion Sud<br>\u2022&nbsp;<strong>Boris Goreczny<\/strong>, prescripteur pour la r\u00e9gion Ouest<br>\u2022&nbsp;<strong>Benjamin Marin<\/strong>, nouveau prescripteur pour la r\u00e9gion Est (depuis 2024)<br>\u2022&nbsp;<strong>Sandy Scaglione<\/strong>, attach\u00e9e technique sp\u00e9cialis\u00e9e (depuis 2024).<\/p>\n\n\n\n<figure class=\"wp-block-image size-full\"><img loading=\"lazy\" width=\"720\" height=\"720\" src=\"https:\/\/i0.wp.com\/batimedianews.com\/live\/wp-content\/uploads\/2025\/01\/B2B_REHAU-Window-Solutions_Carte-de-France-des-secteurs-commerciaux-et-prescripteurs_01-2025_Page_2-scaled.jpg?resize=720%2C720\" alt=\"\" class=\"wp-image-42188\" srcset=\"https:\/\/i0.wp.com\/batimedianews.com\/live\/wp-content\/uploads\/2025\/01\/B2B_REHAU-Window-Solutions_Carte-de-France-des-secteurs-commerciaux-et-prescripteurs_01-2025_Page_2-scaled.jpg?w=2560&amp;ssl=1 2560w, https:\/\/i0.wp.com\/batimedianews.com\/live\/wp-content\/uploads\/2025\/01\/B2B_REHAU-Window-Solutions_Carte-de-France-des-secteurs-commerciaux-et-prescripteurs_01-2025_Page_2-scaled.jpg?resize=600%2C600&amp;ssl=1 600w, https:\/\/i0.wp.com\/batimedianews.com\/live\/wp-content\/uploads\/2025\/01\/B2B_REHAU-Window-Solutions_Carte-de-France-des-secteurs-commerciaux-et-prescripteurs_01-2025_Page_2-scaled.jpg?resize=1024%2C1024&amp;ssl=1 1024w, https:\/\/i0.wp.com\/batimedianews.com\/live\/wp-content\/uploads\/2025\/01\/B2B_REHAU-Window-Solutions_Carte-de-France-des-secteurs-commerciaux-et-prescripteurs_01-2025_Page_2-scaled.jpg?resize=300%2C300&amp;ssl=1 300w, https:\/\/i0.wp.com\/batimedianews.com\/live\/wp-content\/uploads\/2025\/01\/B2B_REHAU-Window-Solutions_Carte-de-France-des-secteurs-commerciaux-et-prescripteurs_01-2025_Page_2-scaled.jpg?resize=1536%2C1536&amp;ssl=1 1536w, https:\/\/i0.wp.com\/batimedianews.com\/live\/wp-content\/uploads\/2025\/01\/B2B_REHAU-Window-Solutions_Carte-de-France-des-secteurs-commerciaux-et-prescripteurs_01-2025_Page_2-scaled.jpg?resize=2048%2C2048&amp;ssl=1 2048w, https:\/\/i0.wp.com\/batimedianews.com\/live\/wp-content\/uploads\/2025\/01\/B2B_REHAU-Window-Solutions_Carte-de-France-des-secteurs-commerciaux-et-prescripteurs_01-2025_Page_2-scaled.jpg?resize=10%2C10&amp;ssl=1 10w, https:\/\/i0.wp.com\/batimedianews.com\/live\/wp-content\/uploads\/2025\/01\/B2B_REHAU-Window-Solutions_Carte-de-France-des-secteurs-commerciaux-et-prescripteurs_01-2025_Page_2-scaled.jpg?w=1440 1440w, https:\/\/i0.wp.com\/batimedianews.com\/live\/wp-content\/uploads\/2025\/01\/B2B_REHAU-Window-Solutions_Carte-de-France-des-secteurs-commerciaux-et-prescripteurs_01-2025_Page_2-scaled.jpg?w=2160 2160w\" sizes=\"(max-width: 600px) 91vw, (max-width: 900px) 600px, (max-width: 1060px) 50vw, (max-width: 1200px) 520px, (max-width: 1400px) 43vw, 600px\" data-recalc-dims=\"1\" \/><\/figure>\n\n\n\n<figure class=\"wp-block-table\"><table><tbody><tr><td><strong>En 2025, l&rsquo;\u00e9quipe accueillera un nouveau prescripteur qui viendra renforcer l&rsquo;\u00e9quipe et r\u00e9pondre encore mieux aux besoins du march\u00e9.&nbsp;<\/strong><\/td><\/tr><\/tbody><\/table><\/figure>\n\n\n\n<p class=\"has-text-align-center\"><strong>Gamme KALEIDO Color :&nbsp;<\/strong><br><strong>Cr\u00e9ativit\u00e9 et durabilit\u00e9<\/strong><\/p>\n\n\n\n<p><strong>REHAU Window Solutions&nbsp;<\/strong>pr\u00e9sente sa nouvelle offre&nbsp;<strong>KALEIDO Color 2025\/2026<\/strong>, avec 48 coloris et des finitions adapt\u00e9es \u00e0 tous les styles : aspect bois, mats, m\u00e9tallis\u00e9es ou encore des finitions lisses et vein\u00e9s. &nbsp;<\/p>\n\n\n\n<p>Les nouvelles teintes tendance de l&rsquo;ann\u00e9e 2025 :<\/p>\n\n\n\n<div class=\"wp-block-image\"><figure class=\"aligncenter size-full is-resized\"><img loading=\"lazy\" src=\"https:\/\/i0.wp.com\/batimedianews.com\/live\/wp-content\/uploads\/2025\/01\/image-88.png?resize=473%2C118\" alt=\"\" class=\"wp-image-42189\" width=\"473\" height=\"118\" srcset=\"https:\/\/i0.wp.com\/batimedianews.com\/live\/wp-content\/uploads\/2025\/01\/image-88.png?w=616&amp;ssl=1 616w, https:\/\/i0.wp.com\/batimedianews.com\/live\/wp-content\/uploads\/2025\/01\/image-88.png?resize=768%2C192&amp;ssl=1 768w, https:\/\/i0.wp.com\/batimedianews.com\/live\/wp-content\/uploads\/2025\/01\/image-88.png?resize=432%2C108&amp;ssl=1 432w, https:\/\/i0.wp.com\/batimedianews.com\/live\/wp-content\/uploads\/2025\/01\/image-88.png?resize=396%2C99&amp;ssl=1 396w\" sizes=\"(max-width: 600px) 91vw, (max-width: 900px) 600px, (max-width: 1060px) 50vw, (max-width: 1200px) 520px, (max-width: 1400px) 43vw, 600px\" data-recalc-dims=\"1\" \/><figcaption><strong>Gris quartz mat&nbsp;<\/strong><br><strong>RAL 7039 (REHAU 1556L)&nbsp;<\/strong><br><strong>Gris terre d&rsquo;ombre mat&nbsp;<\/strong><br><strong>RAL 7022 (REHAU 3232L)<\/strong><\/figcaption><\/figure><\/div>\n\n\n\n<p><strong>Inspir\u00e9es par la nature, ces teintes mates, r\u00e9solument tendances, offrent une esth\u00e9tique intemporelle. R\u00e9sistantes aux UV et intemp\u00e9ries, elles b\u00e9n\u00e9ficient de garanties allant jusqu&rsquo;\u00e0 20 ans. Les professionnels peuvent commander des \u00e9chantillons directement depuis le site web.&nbsp;<\/strong><\/p>\n\n\n\n<p class=\"has-text-align-center\"><strong>Des r\u00e9sultats concrets<\/strong><\/p>\n\n\n\n<p>En 2024,&nbsp;<strong>REHAU Window Solutions<\/strong>&nbsp;a r\u00e9alis\u00e9&nbsp;<strong>98 000<\/strong>&nbsp;menuiseries en collaboration avec 25 partenaires strat\u00e9giques. Ces r\u00e9sultats refl\u00e8tent l&rsquo;efficacit\u00e9 de sa strat\u00e9gie et son engagement envers la performance, l&rsquo;esth\u00e9tique et la durabilit\u00e9.&nbsp;<\/p>\n\n\n\n<div class=\"wp-block-image\"><figure class=\"aligncenter size-full is-resized\"><img loading=\"lazy\" src=\"https:\/\/i0.wp.com\/batimedianews.com\/live\/wp-content\/uploads\/2025\/01\/image-89.png?resize=654%2C199\" alt=\"\" class=\"wp-image-42190\" width=\"654\" height=\"199\" srcset=\"https:\/\/i0.wp.com\/batimedianews.com\/live\/wp-content\/uploads\/2025\/01\/image-89.png?w=762&amp;ssl=1 762w, https:\/\/i0.wp.com\/batimedianews.com\/live\/wp-content\/uploads\/2025\/01\/image-89.png?resize=768%2C233&amp;ssl=1 768w, https:\/\/i0.wp.com\/batimedianews.com\/live\/wp-content\/uploads\/2025\/01\/image-89.png?resize=432%2C132&amp;ssl=1 432w, https:\/\/i0.wp.com\/batimedianews.com\/live\/wp-content\/uploads\/2025\/01\/image-89.png?resize=396%2C121&amp;ssl=1 396w, https:\/\/i0.wp.com\/batimedianews.com\/live\/wp-content\/uploads\/2025\/01\/image-89.png?resize=660%2C201&amp;ssl=1 660w\" sizes=\"(max-width: 600px) 91vw, (max-width: 900px) 600px, (max-width: 1060px) 50vw, (max-width: 1200px) 520px, (max-width: 1400px) 43vw, 600px\" data-recalc-dims=\"1\" \/><\/figure><\/div>\n\n\n\n<p><strong>REHAU Window Solutions<\/strong>&nbsp;participera au salon&nbsp;<strong>EnerJ-meeting le 11 f\u00e9vrier 2025<\/strong>, au Carrousel du Louvre \u00e0 Paris. Cet \u00e9v\u00e9nement, consacr\u00e9 \u00e0 l&rsquo;efficacit\u00e9 \u00e9nerg\u00e9tique et environnementale, sera l&rsquo;occasion de pr\u00e9senter ses solutions pour relever les d\u00e9fis de la RE2020.<\/p>\n\n\n\n<figure class=\"wp-block-image size-full\"><img loading=\"lazy\" width=\"720\" height=\"720\" src=\"https:\/\/i2.wp.com\/batimedianews.com\/live\/wp-content\/uploads\/2025\/01\/REHAU_01-scaled.jpg?resize=720%2C720\" alt=\"\" class=\"wp-image-42191\" srcset=\"https:\/\/i2.wp.com\/batimedianews.com\/live\/wp-content\/uploads\/2025\/01\/REHAU_01-scaled.jpg?w=2560&amp;ssl=1 2560w, https:\/\/i2.wp.com\/batimedianews.com\/live\/wp-content\/uploads\/2025\/01\/REHAU_01-scaled.jpg?resize=600%2C600&amp;ssl=1 600w, https:\/\/i2.wp.com\/batimedianews.com\/live\/wp-content\/uploads\/2025\/01\/REHAU_01-scaled.jpg?resize=1024%2C1024&amp;ssl=1 1024w, https:\/\/i2.wp.com\/batimedianews.com\/live\/wp-content\/uploads\/2025\/01\/REHAU_01-scaled.jpg?resize=300%2C300&amp;ssl=1 300w, https:\/\/i2.wp.com\/batimedianews.com\/live\/wp-content\/uploads\/2025\/01\/REHAU_01-scaled.jpg?resize=1536%2C1536&amp;ssl=1 1536w, https:\/\/i2.wp.com\/batimedianews.com\/live\/wp-content\/uploads\/2025\/01\/REHAU_01-scaled.jpg?resize=2048%2C2048&amp;ssl=1 2048w, https:\/\/i2.wp.com\/batimedianews.com\/live\/wp-content\/uploads\/2025\/01\/REHAU_01-scaled.jpg?resize=10%2C10&amp;ssl=1 10w, https:\/\/i2.wp.com\/batimedianews.com\/live\/wp-content\/uploads\/2025\/01\/REHAU_01-scaled.jpg?w=1440 1440w, https:\/\/i2.wp.com\/batimedianews.com\/live\/wp-content\/uploads\/2025\/01\/REHAU_01-scaled.jpg?w=2160 2160w\" sizes=\"(max-width: 600px) 91vw, (max-width: 900px) 600px, (max-width: 1060px) 50vw, (max-width: 1200px) 520px, (max-width: 1400px) 43vw, 600px\" data-recalc-dims=\"1\" \/><\/figure>\n\n\n\n<p><strong>REHAU Window Solutions<\/strong>&nbsp;animera \u00e9galement une conf\u00e9rence sur le th\u00e8me : \u00ab RE2020, la fen\u00eatre en PVC recycl\u00e9, un alli\u00e9 de choix pour la baisse des \u00e9missions de CO\u2082&nbsp;? \u00bb avec une \u00e9tude de cas d&rsquo;un chantier situ\u00e9 \u00e0 Wattignies.<\/p>\n\n\n\n<p class=\"has-text-align-center has-text-color\" style=\"color:#f7a936\"><strong>REHAU Window Solutions&nbsp;<\/strong><br><strong>stand n\u00b024<\/strong><\/p>\n\n\n\n<p class=\"has-small-font-size\"><strong><em>\u00c0 propos de REHAU<\/em><\/strong><\/p>\n\n\n\n<p class=\"has-small-font-size\"><em>REHAU. Nos avanc\u00e9es technologiques. Votre confort au quotidien. <\/em><\/p>\n\n\n\n<p class=\"has-small-font-size\"><em>La division Window Solutions de REHAU Industries r\u00e9invente les fen\u00eatres, les portes et les volets chaque jour. Pour une vie meilleure. Leur approche unique de recyclage lab\u00e9lis\u00e9e EcoPuls repr\u00e9sente un concept de durabilit\u00e9 in\u00e9gal\u00e9 dans l&rsquo;industrie. En tant que pionnier et moteur de solutions industrielles orient\u00e9es vers l&rsquo;avenir, REHAU Window Solutions cr\u00e9\u00e9 des fen\u00eatres, portes et volets en int\u00e9grant l&rsquo;ensemble de la cha\u00eene de valeur : Les fen\u00eatres. R\u00e9invent\u00e9es pour la vie moderne. Le groupe REHAU r\u00e9alise un chiffre d&rsquo;affaires annuel de plus de quatre milliards d&rsquo;euros avec des solutions \u00e0 base de polym\u00e8res. Il regroupe sous le m\u00eame toit plusieurs soci\u00e9t\u00e9s, REHAU Industries, Meraxis, New Ventures, RAUMEDIC et REHAU Automotive. REHAU Industries est une entreprise ind\u00e9pendante et regroupe les divisions Building Solutions, Window Solutions, Furniture Solutions et Industrial Solutions. Plus de 12 000 employ\u00e9s r\u00e9partis sur plus de 150 sites dans le monde dont deux en France travaillent ensemble pour am\u00e9liorer continuellement la vie des usagers gr\u00e2ce \u00e0 l&rsquo;utilisation de technologies innovantes et durables pour les secteurs de la construction, des fen\u00eatres, du mobilier et de l&rsquo;industrie. &nbsp;<\/em><\/p>\n","protected":false},"excerpt":{"rendered":"<p>REHAU Window Solutions, leader fran\u00e7ais dans la conception de profil\u00e9s pour fen\u00eatres en PVC recycl\u00e9 et&nbsp;RAUFIPRO\u00ae, ouvre l&rsquo;ann\u00e9e 2025 avec ambition et innovation afin d&rsquo;apporter des solutions toujours plus repr\u00e9sentatives des engagements de la marque. \u00ab Nous entamons cette nouvelle ann\u00e9e avec enthousiasme et d\u00e9termination, port\u00e9s par notre d\u00e9marche IMPACT. 100% d\u00e9di\u00e9e aux architectes et [&hellip;]<\/p>\n","protected":false},"author":41,"featured_media":42193,"comment_status":"open","ping_status":"open","sticky":false,"template":"","format":"standard","meta":{"spay_email":""},"categories":[4,531,77],"tags":[],"jetpack_featured_media_url":"https:\/\/i1.wp.com\/batimedianews.com\/live\/wp-content\/uploads\/2025\/01\/Rehau-articles-.jpg?fit=1513%2C825&ssl=1","jetpack_sharing_enabled":true,"jetpack_likes_enabled":true,"jetpack-related-posts":[{"id":47541,"url":"https:\/\/batimedianews.com\/live\/index.php\/2025\/10\/24\/rehau-window-solutions-nouveautes-2025\/","url_meta":{"origin":42185,"position":0},"title":"REHAU Window Solutions &#8211; Nouveaut\u00e9s 2025","date":"24 octobre 2025","format":false,"excerpt":"\u00c0 l'occasion du\u00a0Salon Artibat \u00e9dition 2025,\u00a0rendez-vous incontournable des professionnels du b\u00e2timent,\u00a0REHAU Window Solutions\u00a0d\u00e9voile ses derni\u00e8res innovations pens\u00e9es pour r\u00e9pondre aux enjeux d'aujourd'hui et de demain. Fid\u00e8le \u00e0 son ambition d'offrir des solutions \u00e0 la fois performantes, durables et esth\u00e9tiques,\u00a0REHAU\u00a0met en lumi\u00e8re deux nouveaut\u00e9s,\u00a0ARTHEMIS et KALEIDO Cover, con\u00e7us pour allier confort,\u2026","rel":"","context":"Dans &quot;Actualit\u00e9 Entreprises&quot;","img":{"alt_text":"","src":"https:\/\/i2.wp.com\/batimedianews.com\/live\/wp-content\/uploads\/2025\/10\/REHAU.jpg?fit=825%2C825&ssl=1&resize=350%2C200","width":350,"height":200},"classes":[]},{"id":47014,"url":"https:\/\/batimedianews.com\/live\/index.php\/2025\/09\/30\/rehau-devoile-arthemis-le-coffre-de-volet-roulant-interieur-qui-revolutionne-la-pose-et-la-performance\/","url_meta":{"origin":42185,"position":1},"title":"REHAU d\u00e9voile ARTHEMIS : le coffre de volet roulant int\u00e9rieur qui r\u00e9volutionne la pose et la performance","date":"30 septembre 2025","format":false,"excerpt":"Une innovation \u00e9co-con\u00e7ue, pens\u00e9e pour simplifier la vie des fabricants et des installateurs En avant-premi\u00e8re de salon ARTIBAT qui se tiendra du 22 au 24 octobre 2025 \u00e0 Rennes, REHAU Window Solutions l\u00e8ve le voile sur ARTHEMIS, son nouveau coffre de volet roulant int\u00e9rieur. Un rupture technologique, industrielle et esth\u00e9tique,\u2026","rel":"","context":"Dans &quot;Actualit\u00e9 Entreprises&quot;","img":{"alt_text":"","src":"https:\/\/i2.wp.com\/batimedianews.com\/live\/wp-content\/uploads\/2025\/09\/REHAU.jpg?fit=825%2C825&ssl=1&resize=350%2C200","width":350,"height":200},"classes":[]},{"id":36158,"url":"https:\/\/batimedianews.com\/live\/index.php\/2024\/03\/13\/double-nomination-a-lufme-maxime-boileau-et-jacky-le-calvez-aux-manettes-de-la-commission-communication\/","url_meta":{"origin":42185,"position":2},"title":"Double nomination \u00e0 l\u2019UFME : Maxime Boileau et Jacky Le Calvez aux manettes de la Commission Communication","date":"13 mars 2024","format":false,"excerpt":"\u00a0L\u2019Union des Fabricants de MEnuiseries (UFME) vient de nommer deux de ses adh\u00e9rents \u00e0 la t\u00eate de la Commission Communication. Maxime Boileau et Jacky Le Calvez co-pr\u00e9sideront cette instance dans la lign\u00e9e de leur pr\u00e9d\u00e9cesseur Patrick Sage. In\u00e9dit dans l\u2019histoire de l\u2019UFME, ce double pilotage permet de croiser les visions\u2026","rel":"","context":"Dans &quot;Actualit\u00e9 Entreprises&quot;","img":{"alt_text":"","src":"https:\/\/i1.wp.com\/batimedianews.com\/live\/wp-content\/uploads\/2024\/03\/ufme.jpg?fit=825%2C825&ssl=1&resize=350%2C200","width":350,"height":200},"classes":[]},{"id":28164,"url":"https:\/\/batimedianews.com\/live\/index.php\/2023\/04\/25\/une-dynamique-retrouvee-sur-cette-edition-2023\/","url_meta":{"origin":42185,"position":3},"title":"Une dynamique retrouv\u00e9e sur cette \u00e9dition 2023 !","date":"25 avril 2023","format":false,"excerpt":"\u00a0Photo \u00a9Nicolas Rodet\u00a0 \u00a0C\u2019est une \u00e9dition couronn\u00e9e de succ\u00e8s qui s\u2019est d\u00e9roul\u00e9e \u00e0 Eurexpo Lyon du 21 au 23 mars. L\u2019effervescence observ\u00e9e sur le salon signe son grand retour et d\u00e9montre l\u2019attachement des participants \u00e0 ce rendez-vous incontournable ainsi que leur engagement pour la transition \u00e9nerg\u00e9tique !\u00a0 Les nombreux temps\u2026","rel":"","context":"Dans &quot;Be positive 2023&quot;","img":{"alt_text":"","src":"https:\/\/i2.wp.com\/batimedianews.com\/live\/wp-content\/uploads\/2023\/04\/BePositive-Article.jpg?fit=1080%2C1080&ssl=1&resize=350%2C200","width":350,"height":200},"classes":[]},{"id":43651,"url":"https:\/\/batimedianews.com\/live\/index.php\/2025\/03\/17\/renouvellement-du-partenariat-entre-la-capeb-et-isover-et-placo-une-collaboration-renforcee-pour-accompagner-les-artisans-du-batiment\/","url_meta":{"origin":42185,"position":4},"title":"Renouvellement du partenariat entre la CAPEB et Isover et Placo : une collaboration renforc\u00e9e pour accompagner les artisans du b\u00e2timent","date":"17 mars 2025","format":false,"excerpt":"La CAPEB et Isover et Placo annoncent le renouvellement de leur partenariat. Cette collaboration, initi\u00e9e depuis plusieurs ann\u00e9es, vise \u00e0 renforcer les \u00e9changes entre les artisans du b\u00e2timent et les industriels pour d\u00e9velopper des solutions innovantes, am\u00e9liorer les conditions de travail et promouvoir les m\u00e9tiers du secteur. Des actions concr\u00e8tes\u2026","rel":"","context":"Dans &quot;Placo&quot;","img":{"alt_text":"","src":"https:\/\/i1.wp.com\/batimedianews.com\/live\/wp-content\/uploads\/2025\/03\/CAPEB_PLACO-articles-.jpg?fit=825%2C825&ssl=1&resize=350%2C200","width":350,"height":200},"classes":[]},{"id":47446,"url":"https:\/\/batimedianews.com\/live\/index.php\/2025\/10\/20\/luxwall-et-saint-gobain-glass-france-sassocient-pour-commercialiser-insio-une-nouvelle-generation-de-vitrage-ultra-performant-pour-le-marche-francais\/","url_meta":{"origin":42185,"position":5},"title":"LUXWALL et SAINT-GOBAIN GLASS FRANCE s\u2019associent pour commercialiser INSIO\u00ae, une nouvelle g\u00e9n\u00e9ration de vitrage ultra performant pour le march\u00e9 fran\u00e7ais","date":"20 octobre 2025","format":false,"excerpt":"Dans le cadre d\u2019un partenariat strat\u00e9gique en Europe entre Saint-Gobain Glass et LuxWall, Saint-Gobain Glass France int\u00e9grera, de fa\u00e7on exclusive, la technologie d\u2019isolation transparente d\u00e9velopp\u00e9e par LuxWall \u00e0 sa solution innovante INSIO\u00ae. Cette alliance marque une \u00e9tape majeure dans la transition vers des b\u00e2timents \u00e0 haute efficacit\u00e9 \u00e9nerg\u00e9tique.\u00a0 \u00a0Dans le\u2026","rel":"","context":"Dans &quot;Actualit\u00e9 Entreprises&quot;","img":{"alt_text":"","src":"https:\/\/i0.wp.com\/batimedianews.com\/live\/wp-content\/uploads\/2025\/10\/Saint-gobain.jpg?fit=825%2C825&ssl=1&resize=350%2C200","width":350,"height":200},"classes":[]}],"_links":{"self":[{"href":"https:\/\/batimedianews.com\/live\/index.php\/wp-json\/wp\/v2\/posts\/42185"}],"collection":[{"href":"https:\/\/batimedianews.com\/live\/index.php\/wp-json\/wp\/v2\/posts"}],"about":[{"href":"https:\/\/batimedianews.com\/live\/index.php\/wp-json\/wp\/v2\/types\/post"}],"author":[{"embeddable":true,"href":"https:\/\/batimedianews.com\/live\/index.php\/wp-json\/wp\/v2\/users\/41"}],"replies":[{"embeddable":true,"href":"https:\/\/batimedianews.com\/live\/index.php\/wp-json\/wp\/v2\/comments?post=42185"}],"version-history":[{"count":2,"href":"https:\/\/batimedianews.com\/live\/index.php\/wp-json\/wp\/v2\/posts\/42185\/revisions"}],"predecessor-version":[{"id":42206,"href":"https:\/\/batimedianews.com\/live\/index.php\/wp-json\/wp\/v2\/posts\/42185\/revisions\/42206"}],"wp:featuredmedia":[{"embeddable":true,"href":"https:\/\/batimedianews.com\/live\/index.php\/wp-json\/wp\/v2\/media\/42193"}],"wp:attachment":[{"href":"https:\/\/batimedianews.com\/live\/index.php\/wp-json\/wp\/v2\/media?parent=42185"}],"wp:term":[{"taxonomy":"category","embeddable":true,"href":"https:\/\/batimedianews.com\/live\/index.php\/wp-json\/wp\/v2\/categories?post=42185"},{"taxonomy":"post_tag","embeddable":true,"href":"https:\/\/batimedianews.com\/live\/index.php\/wp-json\/wp\/v2\/tags?post=42185"}],"curies":[{"name":"wp","href":"https:\/\/api.w.org\/{rel}","templated":true}]}}