{"id":42596,"date":"2025-02-04T08:23:34","date_gmt":"2025-02-04T07:23:34","guid":{"rendered":"http:\/\/batimedianews.com\/live\/?p=42596"},"modified":"2025-02-04T08:23:36","modified_gmt":"2025-02-04T07:23:36","slug":"le-centre-dusinage-de-barres-sbz-145-star-du-salon-bau","status":"publish","type":"post","link":"https:\/\/batimedianews.com\/live\/index.php\/2025\/02\/04\/le-centre-dusinage-de-barres-sbz-145-star-du-salon-bau\/","title":{"rendered":"Le centre d\u2019usinage de barres SBZ 145, star du salon BAU !"},"content":{"rendered":"\n<p>Pour la premi\u00e8re fois, le centre d\u2019usinage de barres SBZ 145 a \u00e9t\u00e9 expos\u00e9 sur le salon professionnel BAU \u00e0 Munich. Il a \u00e9t\u00e9 l\u2019objet de toutes les attentions du public gr\u00e2ce \u00e0 ses caract\u00e9ristiques hors du commun.<\/p>\n\n\n\n<figure class=\"wp-block-image size-full\"><img loading=\"lazy\" width=\"720\" height=\"405\" src=\"https:\/\/i2.wp.com\/batimedianews.com\/live\/wp-content\/uploads\/2025\/02\/elm-BAU-2025-SBZ-145-003.jpg?resize=720%2C405\" alt=\"\" class=\"wp-image-42597\" srcset=\"https:\/\/i2.wp.com\/batimedianews.com\/live\/wp-content\/uploads\/2025\/02\/elm-BAU-2025-SBZ-145-003.jpg?w=886&amp;ssl=1 886w, https:\/\/i2.wp.com\/batimedianews.com\/live\/wp-content\/uploads\/2025\/02\/elm-BAU-2025-SBZ-145-003.jpg?resize=768%2C431&amp;ssl=1 768w, https:\/\/i2.wp.com\/batimedianews.com\/live\/wp-content\/uploads\/2025\/02\/elm-BAU-2025-SBZ-145-003.jpg?resize=432%2C243&amp;ssl=1 432w, https:\/\/i2.wp.com\/batimedianews.com\/live\/wp-content\/uploads\/2025\/02\/elm-BAU-2025-SBZ-145-003.jpg?resize=396%2C223&amp;ssl=1 396w, https:\/\/i2.wp.com\/batimedianews.com\/live\/wp-content\/uploads\/2025\/02\/elm-BAU-2025-SBZ-145-003.jpg?resize=660%2C371&amp;ssl=1 660w\" sizes=\"(max-width: 600px) 91vw, (max-width: 900px) 600px, (max-width: 1060px) 50vw, (max-width: 1200px) 520px, (max-width: 1400px) 43vw, 600px\" data-recalc-dims=\"1\" \/><\/figure>\n\n\n\n<p>Con\u00e7u pour les exigences de la construction m\u00e9tallique et aluminium \u00e0 usage industriel, le SBZ 145 \u00e0 5 axes offre une surface d&rsquo;usinage de 560 mm x 320 mm x 7 500 mm. \u00c9quip\u00e9 d&rsquo;un axe de serrage autonome et d&rsquo;un magasin riche en outils parfaitement dimensionn\u00e9s et adapt\u00e9s pour le fraisage, taraudage, sciage\u2026 Le SBZ 145 dispose de nombreuses possibilit\u00e9s d&rsquo;usinage pour la d\u00e9coupe de profil\u00e9s et en option, du mode pendulaire pour usinage de pi\u00e8ces pr\u00e9d\u00e9coup\u00e9es. La t\u00eate angulaire optionnelle permet par ailleurs un usinage \u00e0 6 c\u00f4t\u00e9s des profil\u00e9s. Pour r\u00e9pondre \u00e0 d&rsquo;autres exigences d\u00e9di\u00e9es, l\u2019installation peut adjoindre un dispositif de serrage suppl\u00e9mentaire, un palpeur de mesure, de mesures d&rsquo;outils et longueurs de profil\u00e9s, offrant ainsi un spectre plus large et compl\u00e9mentaire d&rsquo;usinages.<\/p>\n\n\n\n<p><strong>\u00c9quipement standard :<\/strong><\/p>\n\n\n\n<ul><li>\u2022 Centre d&rsquo;usinage de barres \u00e0 5 axes dans une conception pendulaire robuste et stable<\/li><li>\u2022 Con\u00e7u pour un usinage et traitement flexible et efficace de profil\u00e9s aluminium et acier avec masse vue fine<\/li><li>\u2022 Toutes les op\u00e9rations telles que le fraisage, per\u00e7age, taraudage, filetage, cliquet et sciage s&rsquo;effectuent avec la barre profil\u00e9e en position immobile pour prot\u00e9ger la surface du profil<\/li><li>\u2022 Positionnement rapide de l&rsquo;unit\u00e9 de traitement jusqu&rsquo;\u00e0 75 m\/min. gr\u00e2ce \u00e0 des servomoteurs dynamiques<\/li><li>\u2022 Usinage 6 faces par le bas avec t\u00eate angulaire (option)<\/li><li>\u2022 Le magasin d&rsquo;outils mobiles, dispos\u00e9 verticalement, assure un temps de changement court et rapide des outils et donc un cycle d&rsquo;usinage optimal<\/li><li>\u2022 Le magasin d&rsquo;outils peut \u00eatre \u00e9quip\u00e9 de 12 outils standards, ainsi que de 6 outils sp\u00e9ciaux (t\u00eate de fraise angulaire et fraises sp\u00e9ciales). Il est possible en outre d\u2019utiliser des lames de scie de D=500 mm et D=254 mm&nbsp;<\/li><li>\u2022 Positionnement autonome du tendeur avec axe V<\/li><li>\u2022 Les deux zones de traitement s\u00e9par\u00e9es permettent un usinage en mode pendulaire optionnel. L&rsquo;acc\u00e8s est s\u00e9curis\u00e9 par des barri\u00e8res de protection lat\u00e9rales, lumineuses et, en option, une s\u00e9curisation de la zone centrale par lasers pour un fonctionnement pendulaire utilisant les deux zones de serrage<\/li><li>\u2022 Commande CNC 5 axes<\/li><li>\u2022 Aucun r\u00e9f\u00e9rencement des axes requis gr\u00e2ce \u00e0 l&rsquo;utilisation d&rsquo;un syst\u00e8me de codeurs absolus&nbsp;<\/li><li>\u2022 Connexion r\u00e9seau et interface USB<\/li><li>\u2022 Terminal de commande avec syst\u00e8me d&rsquo;exploitation Windows et \u00e9cran plat 21,6&Prime;<\/li><li>\u2022 T\u00e9l\u00e9maintenance via Internet<\/li><li>\u2022 eluCloud Ready<\/li><\/ul>\n\n\n\n<figure class=\"wp-block-image size-full\"><img loading=\"lazy\" width=\"720\" height=\"405\" src=\"https:\/\/i2.wp.com\/batimedianews.com\/live\/wp-content\/uploads\/2025\/02\/SBZ145_001.jpg?resize=720%2C405\" alt=\"\" class=\"wp-image-42598\" srcset=\"https:\/\/i2.wp.com\/batimedianews.com\/live\/wp-content\/uploads\/2025\/02\/SBZ145_001.jpg?w=886&amp;ssl=1 886w, https:\/\/i2.wp.com\/batimedianews.com\/live\/wp-content\/uploads\/2025\/02\/SBZ145_001.jpg?resize=768%2C431&amp;ssl=1 768w, https:\/\/i2.wp.com\/batimedianews.com\/live\/wp-content\/uploads\/2025\/02\/SBZ145_001.jpg?resize=432%2C243&amp;ssl=1 432w, https:\/\/i2.wp.com\/batimedianews.com\/live\/wp-content\/uploads\/2025\/02\/SBZ145_001.jpg?resize=396%2C223&amp;ssl=1 396w, https:\/\/i2.wp.com\/batimedianews.com\/live\/wp-content\/uploads\/2025\/02\/SBZ145_001.jpg?resize=660%2C371&amp;ssl=1 660w\" sizes=\"(max-width: 600px) 91vw, (max-width: 900px) 600px, (max-width: 1060px) 50vw, (max-width: 1200px) 520px, (max-width: 1400px) 43vw, 600px\" data-recalc-dims=\"1\" \/><\/figure>\n","protected":false},"excerpt":{"rendered":"<p>Pour la premi\u00e8re fois, le centre d\u2019usinage de barres SBZ 145 a \u00e9t\u00e9 expos\u00e9 sur le salon professionnel BAU \u00e0 Munich. Il a \u00e9t\u00e9 l\u2019objet de toutes les attentions du public gr\u00e2ce \u00e0 ses caract\u00e9ristiques hors du commun. Con\u00e7u pour les exigences de la construction m\u00e9tallique et aluminium \u00e0 usage industriel, le SBZ 145 \u00e0 [&hellip;]<\/p>\n","protected":false},"author":41,"featured_media":42599,"comment_status":"open","ping_status":"open","sticky":true,"template":"","format":"standard","meta":{"spay_email":""},"categories":[4,7,718],"tags":[2583],"jetpack_featured_media_url":"https:\/\/i1.wp.com\/batimedianews.com\/live\/wp-content\/uploads\/2025\/02\/elm-articles-.jpg?fit=1513%2C825&ssl=1","jetpack_sharing_enabled":true,"jetpack_likes_enabled":true,"jetpack-related-posts":[{"id":23266,"url":"https:\/\/batimedianews.com\/live\/index.php\/2022\/09\/19\/nouveautes-batimat-le-centre-dusinage-sbz-125-85-et-le-centre-dusinage-sbz-155\/","url_meta":{"origin":42596,"position":0},"title":"Nouveaut\u00e9s BATIMAT : Le Centre d&rsquo;usinage SBZ 125\/85 et le Centre d\u2019usinage SBZ 155","date":"19 septembre 2022","format":false,"excerpt":"Deux machines en une : elumatec SBZ 125\/85 convainc par son mode pendulaire qui fait gagner du temps et par sa conception compacte\u00a0 La machine \u00e0 cabine rend l\u2019usinage des profil\u00e9s en aluminium, en PVC et en acier \u00e0 paroi mince encore plus rentable \/ Le fraisage et l\u2019insertion parall\u00e8les\u2026","rel":"","context":"Dans &quot;Actualit\u00e9 Entreprises&quot;","img":{"alt_text":"","src":"https:\/\/i0.wp.com\/batimedianews.com\/live\/wp-content\/uploads\/2022\/09\/elumatec-Article.jpg?fit=1080%2C1080&ssl=1&resize=350%2C200","width":350,"height":200},"classes":[]},{"id":27947,"url":"https:\/\/batimedianews.com\/live\/index.php\/2023\/04\/17\/fenetres-et-facades-en-acier-et-en-aluminium-a-bau2023\/","url_meta":{"origin":42596,"position":1},"title":"Fen\u00eatres et fa\u00e7ades en acier et en aluminium \u00e0 BAU2023","date":"17 avril 2023","format":false,"excerpt":"Hueck, Jansen, Foster, Heroal, Secco, \u2026 les principaux industriels de profil\u00e9s en acier et en aluminium sont \u00e0 BAU 2023 et affichent \u00e0 la fois leur gigantisme et leurs subtilit\u00e9s. Pascal Poggi pour le fil d'actu BAU 2023 de Batim\u00e9dia Hydro, le conglom\u00e9rat norv\u00e9gien, int\u00e9gr\u00e9 de l\u2019amont \u00e0 l\u2019aval de\u2026","rel":"","context":"Dans &quot;Articles et analyses&quot;","img":{"alt_text":"","src":"https:\/\/i0.wp.com\/batimedianews.com\/live\/wp-content\/uploads\/2023\/04\/bau2-image-1-2.jpeg?fit=1172%2C1172&ssl=1&resize=350%2C200","width":350,"height":200},"classes":[]},{"id":40313,"url":"https:\/\/batimedianews.com\/live\/index.php\/2024\/10\/07\/wibaie-annonce-deux-nouvelles-gammes-de-portes-dentree-alu-85-et-acier-85-mm-coplanaires-dormant-ouvrant-affleurants-dotees-dun-cadre-douvrant-composite-eco-concu\/","url_meta":{"origin":42596,"position":2},"title":"WIBAIE annonce deux nouvelles gammes de portes d\u2019entr\u00e9e ALU 85 et ACIER 85 mm coplanaires (dormant\/ouvrant affleurants) dot\u00e9es d\u2019un cadre d\u2019ouvrant composite \u00e9co-con\u00e7u","date":"7 octobre 2024","format":false,"excerpt":"https:\/\/www.youtube.com\/watch?v=KSD-gRZCiqI&t=212s WIBAIE (Groupe Li\u00e9bot) annonce deux nouvelles gammes de portes d\u2019entr\u00e9e coplanaires (dormant\/ouvrant affleurants) de 85 mm d\u2019\u00e9paisseur, l\u2019une en ALU et l\u2019autre en ACIER. Dot\u00e9es d\u2019un tout nouveau cadre d\u2019ouvrant en mat\u00e9riau composite, ces portes \u00e9co-con\u00e7ues limitent l\u2019impact carbone dans leur process de fabrication.\u00a0 L\u2019offre de portes ALU et\u2026","rel":"","context":"Dans &quot;Actualit\u00e9 Entreprises&quot;","img":{"alt_text":"","src":"https:\/\/i2.wp.com\/batimedianews.com\/live\/wp-content\/uploads\/2024\/10\/Wibaie-articles-.jpg?fit=825%2C825&ssl=1&resize=350%2C200","width":350,"height":200},"classes":[]},{"id":42292,"url":"https:\/\/batimedianews.com\/live\/index.php\/2025\/01\/22\/au-salon-bau-2025-de-munich-wicona-et-hueck-ont-presente-des-concepts-innovants-et-des-solutions-numeriques-pour-une-construction-circulaire\/","url_meta":{"origin":42596,"position":3},"title":"Au salon BAU 2025 de Munich, WICONA et HUECK ont pr\u00e9sent\u00e9 des concepts innovants et des solutions num\u00e9riques pour une construction circulaire","date":"22 janvier 2025","format":false,"excerpt":"Le salon BAU s\u2019est tenu du 13 au 17 janvier 2025 \u00e0 Munich Suite \u00e0 l'int\u00e9gration de la marque Hueck dans Hydro Building Systems l\u2019ann\u00e9e derni\u00e8re, WICONA et Hueck se sont pr\u00e9sent\u00e9s \u00e0 BAU sur un stand commun, arborant le slogan \u00ab Trust in One \u00bb. Ce leitmotiv met en\u2026","rel":"","context":"Dans &quot;Actualit\u00e9 Entreprises&quot;","img":{"alt_text":"","src":"https:\/\/i2.wp.com\/batimedianews.com\/live\/wp-content\/uploads\/2025\/01\/Wicona.jpg?fit=825%2C825&ssl=1&resize=350%2C200","width":350,"height":200},"classes":[]},{"id":27935,"url":"https:\/\/batimedianews.com\/live\/index.php\/2023\/04\/17\/a-bau-wicona-devoile-le-premier-projet-mondial-de-facade-realisee-en-aluminium-recycle-hydro-circal-100r\/","url_meta":{"origin":42596,"position":4},"title":"A BAU, WICONA d\u00e9voile le premier projet mondial de fa\u00e7ade r\u00e9alis\u00e9e en aluminium recycl\u00e9 Hydro CIRCAL 100R","date":"17 avril 2023","format":false,"excerpt":"RDV du 17 au 22 avril 2023, Munich, Hall C1 - stand WICONA 338 WICONA annon\u00e7ait il y a quelques semaines, la fabrication des premiers profil\u00e9s constitu\u00e9s exclusivement avec de l\u2019aluminium recycl\u00e9 post-consommation provenant \u00e0 100% de fa\u00e7ades et menuiseries de b\u00e2timents d\u00e9mont\u00e9es et recycl\u00e9es. L\u2019av\u00e8nement de l\u2019Hydro CIRCAL 100R\u2026","rel":"","context":"Dans &quot;Actualit\u00e9 Entreprises&quot;","img":{"alt_text":"","src":"https:\/\/i2.wp.com\/batimedianews.com\/live\/wp-content\/uploads\/2023\/04\/Wicona-Article.jpg?fit=1080%2C1080&ssl=1&resize=350%2C200","width":350,"height":200},"classes":[]},{"id":29583,"url":"https:\/\/batimedianews.com\/live\/index.php\/2023\/06\/21\/performance-autonomie-demarche-rse-boutte-investit-pour-repondre-a-ces-enjeux-et-affiche-ses-perspectives-dici-a-5-ans\/","url_meta":{"origin":42596,"position":5},"title":"Performance , autonomie , d\u00e9marche RSE :  : BOUTT\u00c9 investit pour r\u00e9pondre \u00e0 ces enjeux et affiche ses perspectives d&rsquo;ici \u00e0 5 ans","date":"21 juin 2023","format":false,"excerpt":"Entreprise familiale de plus de 150 ans, BOUTT\u00c9 est un des acteurs industriels fran\u00e7ais qui comptent dans le d\u00e9colletage. Pour ses deux activit\u00e9s - sous-traitance industrielle et distribution de produits d\u2019arrosage et de plomberie -, BOUTT\u00c9 n\u2019a cess\u00e9 d\u2019innover et de se lancer de nouveaux d\u00e9fis pour demeurer \u00e0 la\u2026","rel":"","context":"Dans &quot;Actualit\u00e9 Entreprises&quot;","img":{"alt_text":"","src":"https:\/\/i1.wp.com\/batimedianews.com\/live\/wp-content\/uploads\/2023\/06\/Boutte-Article.jpg?fit=1080%2C1080&ssl=1&resize=350%2C200","width":350,"height":200},"classes":[]}],"_links":{"self":[{"href":"https:\/\/batimedianews.com\/live\/index.php\/wp-json\/wp\/v2\/posts\/42596"}],"collection":[{"href":"https:\/\/batimedianews.com\/live\/index.php\/wp-json\/wp\/v2\/posts"}],"about":[{"href":"https:\/\/batimedianews.com\/live\/index.php\/wp-json\/wp\/v2\/types\/post"}],"author":[{"embeddable":true,"href":"https:\/\/batimedianews.com\/live\/index.php\/wp-json\/wp\/v2\/users\/41"}],"replies":[{"embeddable":true,"href":"https:\/\/batimedianews.com\/live\/index.php\/wp-json\/wp\/v2\/comments?post=42596"}],"version-history":[{"count":2,"href":"https:\/\/batimedianews.com\/live\/index.php\/wp-json\/wp\/v2\/posts\/42596\/revisions"}],"predecessor-version":[{"id":42640,"href":"https:\/\/batimedianews.com\/live\/index.php\/wp-json\/wp\/v2\/posts\/42596\/revisions\/42640"}],"wp:featuredmedia":[{"embeddable":true,"href":"https:\/\/batimedianews.com\/live\/index.php\/wp-json\/wp\/v2\/media\/42599"}],"wp:attachment":[{"href":"https:\/\/batimedianews.com\/live\/index.php\/wp-json\/wp\/v2\/media?parent=42596"}],"wp:term":[{"taxonomy":"category","embeddable":true,"href":"https:\/\/batimedianews.com\/live\/index.php\/wp-json\/wp\/v2\/categories?post=42596"},{"taxonomy":"post_tag","embeddable":true,"href":"https:\/\/batimedianews.com\/live\/index.php\/wp-json\/wp\/v2\/tags?post=42596"}],"curies":[{"name":"wp","href":"https:\/\/api.w.org\/{rel}","templated":true}]}}