{"id":42601,"date":"2025-02-04T08:26:37","date_gmt":"2025-02-04T07:26:37","guid":{"rendered":"http:\/\/batimedianews.com\/live\/?p=42601"},"modified":"2025-02-04T08:26:40","modified_gmt":"2025-02-04T07:26:40","slug":"conjoncture-et-perspectives-des-industries-des-produits-de-construction-les-resultats-de-lenquete-de-tendances-de-laimcc-2","status":"publish","type":"post","link":"https:\/\/batimedianews.com\/live\/index.php\/2025\/02\/04\/conjoncture-et-perspectives-des-industries-des-produits-de-construction-les-resultats-de-lenquete-de-tendances-de-laimcc-2\/","title":{"rendered":"Conjoncture et perspectives des industries des produits de construction : les r\u00e9sultats de l\u2019enqu\u00eate de tendances de l\u2019AIMCC"},"content":{"rendered":"\n<p><strong>L\u2019AIMCC a organis\u00e9 le 30 janvier une conf\u00e9rence pour pr\u00e9senter les r\u00e9sultats de son enqu\u00eate annuelle de tendances.&nbsp;<\/strong>Les pr\u00e9sidents de l\u2019ensemble des organisations professionnelles, membres de l\u2019AIMCC, fabricants de produits de gros \u0153uvre, second \u0153uvre et \u00e9quipements ont \u00e9t\u00e9 invit\u00e9s \u00e0 y r\u00e9pondre en ligne en d\u00e9cembre 2024.&nbsp;<strong>24 des 39 organisations professionnelles interrog\u00e9es ont r\u00e9pondu, soit un taux de r\u00e9ponse de 62 %&nbsp;r\u00e9partis de la mani\u00e8re suivante : 46 % gros \u0153uvre, 42 % second \u0153uvre et 13 % \u00e9quipements.&nbsp;<\/strong><\/p>\n\n\n\n<figure class=\"wp-block-image size-large\"><img loading=\"lazy\" width=\"720\" height=\"720\" src=\"https:\/\/i2.wp.com\/batimedianews.com\/live\/wp-content\/uploads\/2025\/02\/image-1.png?resize=720%2C720\" alt=\"\" class=\"wp-image-42617\" srcset=\"https:\/\/i2.wp.com\/batimedianews.com\/live\/wp-content\/uploads\/2025\/02\/image-1.png?resize=1024%2C1024&amp;ssl=1 1024w, https:\/\/i2.wp.com\/batimedianews.com\/live\/wp-content\/uploads\/2025\/02\/image-1.png?resize=600%2C600&amp;ssl=1 600w, https:\/\/i2.wp.com\/batimedianews.com\/live\/wp-content\/uploads\/2025\/02\/image-1.png?resize=300%2C300&amp;ssl=1 300w, https:\/\/i2.wp.com\/batimedianews.com\/live\/wp-content\/uploads\/2025\/02\/image-1.png?resize=1536%2C1536&amp;ssl=1 1536w, https:\/\/i2.wp.com\/batimedianews.com\/live\/wp-content\/uploads\/2025\/02\/image-1.png?resize=2048%2C2048&amp;ssl=1 2048w, https:\/\/i2.wp.com\/batimedianews.com\/live\/wp-content\/uploads\/2025\/02\/image-1.png?resize=10%2C10&amp;ssl=1 10w\" sizes=\"(max-width: 600px) 91vw, (max-width: 900px) 600px, (max-width: 1060px) 50vw, (max-width: 1200px) 520px, (max-width: 1400px) 43vw, 600px\" data-recalc-dims=\"1\" \/><\/figure>\n\n\n\n<p><strong>Bilan de l\u2019ann\u00e9e 2024&nbsp;:&nbsp;<\/strong><strong>principaux r\u00e9sultats de l\u2019enqu\u00eate<\/strong><\/p>\n\n\n\n<p>Concernant le volume d\u2019activit\u00e9 en 2024 (production vendue et non CA) pour les produits entrant dans la construction, par rapport \u00e0 2023&nbsp;:&nbsp;<strong>96 % des r\u00e9pondants ont connu une baisse d\u2019activit\u00e9 en volume<\/strong>.<strong>&nbsp;55 % d\u2019entre eux estiment la baisse sup\u00e9rieure \u00e0 -10 %.&nbsp;&nbsp;<\/strong>Le gros \u0153uvre subit de fortes baisses. Le secteur des \u00e9quipementiers conna\u00eet des baisses par tiers dans 3 segments de -1 % \u00e0 -20 % et 2\/3 du second \u0153uvre subit des baisses comprises entre -1 % et -10 %.&nbsp;<strong><\/strong><\/p>\n\n\n\n<p>Les principaux&nbsp;freins \u00e0 l\u2019activit\u00e9 des entreprises en 2024 sont dus&nbsp;\u00e0&nbsp;<strong>l\u2019insuffisance de la demande mais aussi aux cons\u00e9quences de l\u2019augmentation des co\u00fbts, dont salariaux issus de l\u2019inflation.&nbsp;<\/strong><\/p>\n\n\n\n<p><strong>En termes d\u2019effectifs, malgr\u00e9 la baisse d\u2019activit\u00e9, 64% des industriels ont&nbsp;<em>a minima<\/em>&nbsp;maintenu le nombre de collaborateurs.<\/strong>&nbsp;Le second \u0153uvre a tr\u00e8s majoritairement maintenu ses effectifs.&nbsp;Le gros \u0153uvre s\u2019est quasi partag\u00e9 entre r\u00e9duction (55 %) et stagnation des effectifs, alors que les \u00e9quipements se r\u00e9partissent par tiers (progression \/ stabilisation \/ r\u00e9duction) en fonction de leurs activit\u00e9s.<\/p>\n\n\n\n<p><strong>Enjeux et perspectives pour 2025&nbsp;:&nbsp;<\/strong><strong>principaux r\u00e9sultats de l\u2019enqu\u00eate&nbsp;<\/strong><\/p>\n\n\n\n<p>Concernant l\u2019opinion sur le volume d\u2019activit\u00e9 (production vendue et non CA) en 2025 par rapport \u00e0 2024 pour les produits entrant dans la construction,&nbsp;<strong>79 % des<\/strong><strong>&nbsp;<\/strong><strong>industriels anticipent une ann\u00e9e de crise avec des baisses d\u2019activit\u00e9 significatives dans les trois secteurs.<\/strong>&nbsp;&nbsp;Le gros \u0153uvre ayant subi une tr\u00e8s forte baisse en 2024 anticipe de continuer dans cette voie.&nbsp;&nbsp;Le second \u0153uvre qui a \u00e9t\u00e9 moins impact\u00e9 en 2024 pr\u00e9voit de tr\u00e8s fortes baisses en 2025. Les pr\u00e9visions&nbsp;pour les \u00e9quipements sont disparates, en fonction de leur nature.<\/p>\n\n\n\n<p><strong>Pour 35 % des r\u00e9pondants, le principal frein \u00e0 l\u2019activit\u00e9 en 2025 est toujours la demande insuffisante,&nbsp;<\/strong>alors que les craintes pour 2024 portaient autant sur les contraintes financi\u00e8res que sur la baisse de la demande.&nbsp;<\/p>\n\n\n\n<p>\u00c0 la question quelle est votre opinion sur l\u2019\u00e9volution des effectifs des entreprises de votre f\u00e9d\u00e9ration en 2025&nbsp;:&nbsp;<strong>la moiti\u00e9 des r\u00e9pondants envisage de r\u00e9duire leurs effectifs.<\/strong>&nbsp;Pour la premi\u00e8re fois depuis de nombreuses ann\u00e9es, au-del\u00e0 de l\u2019arr\u00eat de contrats d\u2019int\u00e9rim et de l\u2019utilisation l\u2019activit\u00e9 partielle,&nbsp;<strong>des industries envisagent le recours \u00e0 la mise en place de plans sociaux<\/strong>. Les profils d\u2019emploi les plus recherch\u00e9s en 2025 sont pour pr\u00e8s de la moiti\u00e9 des r\u00e9pondants ceux des techniciens, comme en 2024.&nbsp;<\/p>\n\n\n\n<p>Les principaux leviers cit\u00e9s pour d\u00e9velopper l\u2019\u00e9conomie circulaire sont le recyclage puis la valorisation des d\u00e9chets, suivis de pr\u00e8s par les \u00e9conomies de ressources. En termes de comp\u00e9titivit\u00e9, deux-tiers des industriels consid\u00e8rent leur secteur comme comp\u00e9titif.&nbsp;<\/p>\n\n\n\n<p>Il est int\u00e9ressant de constater que les contraintes environnementales sont plus souvent cit\u00e9es comme frein \u00e0 la comp\u00e9titivit\u00e9 hors UE, mais que ce sont les co\u00fbts fiscaux et la r\u00e9glementation qui nuisent \u00e0 la comp\u00e9titivit\u00e9 intra UE.<\/p>\n\n\n\n<p>Les 5 principales attentes des entreprises de la fili\u00e8re construction pour 2025 sont&nbsp;<em>(par ordre d\u00e9croissant)&nbsp;:&nbsp;<\/em><strong>la maitrise des co\u00fbts, la propri\u00e9t\u00e9 des donn\u00e9es et leur exploitation, la d\u00e9carbonation, la formation des collaborateurs, la transformation num\u00e9rique.<\/strong><\/p>\n\n\n\n<p><strong>Les priorit\u00e9s et propositions de l\u2019AIMCC pour 2025<\/strong><\/p>\n\n\n\n<p>L\u2019AIMCC appelle \u00e0 la mise en \u0153uvre des annonces de la ministre du Logement&nbsp;<strong>:&nbsp;<\/strong>le pr\u00eat \u00e0 taux z\u00e9ro sur tout le territoire pour les primo-acc\u00e9dants, le lancement du travail de diminution des co\u00fbts en simplifiant les normes urbanistiques et de construction, l\u2019adaptation du cadre du ZAN, la confirmation du budget de MaPrimeR\u00e9nov&rsquo; en 2025 (2,3 milliards d&rsquo;euros), les r\u00e9sultats de la mission flash pour cr\u00e9er une banque de la r\u00e9novation et de la copropri\u00e9t\u00e9 et une enveloppe de 200 millions d&rsquo;euros pour les bailleurs sociaux<strong>.<\/strong><\/p>\n\n\n\n<p>L\u2019AIMCC appelle aussi \u00e0<strong>&nbsp;<\/strong>l\u2019application du taux de TVA r\u00e9duit (5,5%) \u00e0 tous les travaux, la mise en \u0153uvre des moyens budg\u00e9taires et techniques plus importants pour d\u00e9velopper les r\u00e9novations performantes en coh\u00e9rence avec la SNBC, l\u2019\u00e9largissement sans condition de dur\u00e9e ni de ressources du pr\u00eat avance mutation \u00e0 taux z\u00e9ro (\u00e9galement appel\u00e9 Pr\u00eat avance r\u00e9novation &#8211; PAR +)&nbsp;exigible au moment de la vente du bien ou du r\u00e8glement de la succession et la r\u00e9forme de la fiscalit\u00e9 pour rendre l\u2019investissement locatif plus attractif.<\/p>\n\n\n\n<p>Les industries de produits de construction investissent massivement depuis plusieurs ann\u00e9es et innovent, tant en termes de produits et de proc\u00e9d\u00e9s, que d\u2019organisations pour amener la fili\u00e8re \u00e0 r\u00e9ussir ses mutations par la d\u00e9carbonation des produits, des ouvrages et des usages, l\u2019adaptation des b\u00e2timents et des quartiers au changement climatique, le d\u00e9veloppement de l\u2019\u00e9conomie circulaire et l\u2019optimisation des co\u00fbts de construction.<\/p>\n\n\n\n<p><strong>Les d\u00e9fis \u00e9conomiques et \u00e9cologiques de la fili\u00e8re ne pourront toutefois \u00eatre efficacement relev\u00e9s qu\u2019avec l\u2019appui des pouvoirs publics dans un certain nombre de domaines essentiels.&nbsp;<\/strong>L\u2019AIMCC est d\u00e9j\u00e0 tr\u00e8s mobilis\u00e9 sur ce sujet dans un contexte o\u00f9 l\u2019application du nouveau R\u00e8glement Produit Construction va g\u00e9n\u00e9rer des surco\u00fbts avec des questions toujours en suspens. L\u2019organisation professionnelle propose&nbsp;:&nbsp;<\/p>\n\n\n\n<ul><li><strong>Loger&nbsp;<\/strong>: d\u00e9velopper une vision partag\u00e9e des besoins territoriaux de logements et mettre en \u0153uvre un plan pluriannuel.<strong><\/strong><\/li><li><strong>R\u00e9nover&nbsp;<\/strong>: \u00e9laborer un plan pluriannuel de r\u00e9novation \u00e9nerg\u00e9tique des b\u00e2timents.<strong><\/strong><\/li><li><strong>R\u00e9alisme&nbsp;<\/strong>: adopter des r\u00e9glementations r\u00e9alistes.<strong><\/strong><\/li><li><strong>Investissement&nbsp;<\/strong>: poursuivre le soutien aux investissements de d\u00e9carbonation, et mettre \u00e0 disposition une \u00e9lectricit\u00e9 et des \u00e9nergies d\u00e9carbon\u00e9es \u00e0 des prix comp\u00e9titifs.<strong><\/strong><\/li><li><strong>Souverainet\u00e9&nbsp;<\/strong>: renforcer la souverainet\u00e9 industrielle de la France avec une fronti\u00e8re carbone europ\u00e9enne.<strong><\/strong><\/li><li><strong>Former&nbsp;<\/strong>: promouvoir les opportunit\u00e9s et les carri\u00e8res et d\u00e9velopper des formations.<strong><\/strong><\/li><li><strong>Coconstruire&nbsp;<\/strong>: permettre l\u2019intensification des programmes de recherche.<strong><\/strong><\/li><li><strong>Innover<\/strong>&nbsp;: soutenir les projets d\u2019innovation du Comit\u00e9 Strat\u00e9gique de Fili\u00e8re (CSF).<\/li><\/ul>\n\n\n\n<p><strong>Avec l\u2019apport du CSF Industries pour la construction&nbsp;<\/strong><\/p>\n\n\n\n<p><strong>Le CSF IPC souhaite qu\u2019en 2025 l\u2019\u00c9tat puisse s\u2019engager \u00e0 ses c\u00f4t\u00e9s dans la mise en \u0153uvre du programme RENOBATI et plus largement dans celle de sa feuille de route de R&amp;D et d\u2019Innovation,<\/strong>&nbsp;qui&nbsp;en cours de r\u00e9daction, mobilise plus de 50 acteurs de la fili\u00e8re&nbsp;: industries, organismes de recherche, architectes, grandes entreprises de construction.&nbsp;<\/p>\n\n\n\n<p>Cette feuille de route vise \u00e0 d\u00e9finir des priorit\u00e9s d\u2019innovation, tout en contribuant \u00e0 de grands objectifs nationaux : souverainet\u00e9 industrielle, environnement, cadre de vie et habitat. Avec trois ambitions pour la fili\u00e8re&nbsp;: d\u00e9velopper une industrie d\u00e9carbon\u00e9e \u00e0 co\u00fbts ma\u00eetris\u00e9s, am\u00e9liorer la performance \u00e9nerg\u00e9tique et la r\u00e9silience des b\u00e2timents, r\u00e9duire l\u2019empreinte mati\u00e8re avec une conception frugale et en int\u00e9grant l\u2019\u00e9conomie circulaire.<\/p>\n\n\n\n<p>Le programme RENOBATI vise \u00e0<strong>&nbsp;<\/strong>massifier la r\u00e9novation globale et performante des b\u00e2timents et structurer des fili\u00e8res de r\u00e9novation performante, par des strat\u00e9gies d\u2019agr\u00e9gation territoriales de b\u00e2timents \u00e0 r\u00e9nover, \u00e0 travers la mobilisation de collectivit\u00e9s (intercommunalit\u00e9s) et l\u2019appui des R\u00e9gions, en commen\u00e7ant par les R\u00e9gions Occitanie et Grand-Est, et un soutien \u00e0 l\u2019ing\u00e9nierie des projets de r\u00e9novation, \u00e0 la formation des acteurs professionnels et aux exp\u00e9rimentations d\u2019innovations techniques et organisationnelle.<\/p>\n\n\n\n<div class=\"wp-block-media-text alignwide is-stacked-on-mobile\" style=\"grid-template-columns:15% auto\"><figure class=\"wp-block-media-text__media\"><img loading=\"lazy\" width=\"112\" height=\"168\" src=\"https:\/\/i0.wp.com\/batimedianews.com\/live\/wp-content\/uploads\/2025\/02\/image.png?resize=112%2C168\" alt=\"\" class=\"wp-image-42616 size-full\" srcset=\"https:\/\/i0.wp.com\/batimedianews.com\/live\/wp-content\/uploads\/2025\/02\/image.png?w=112&amp;ssl=1 112w, https:\/\/i0.wp.com\/batimedianews.com\/live\/wp-content\/uploads\/2025\/02\/image.png?resize=768%2C1152&amp;ssl=1 768w\" sizes=\"(max-width: 600px) 91vw, (max-width: 900px) 600px, (max-width: 1060px) 50vw, (max-width: 1200px) 520px, (max-width: 1400px) 43vw, 600px\" data-recalc-dims=\"1\" \/><\/figure><div class=\"wp-block-media-text__content\">\n<p class=\"has-normal-font-size\"><strong>Le mot de Philippe Gruat, pr\u00e9sident de l\u2019AIMCC&nbsp;:<\/strong><em>&nbsp;Face \u00e0 la nouvelle baisse d\u2019activit\u00e9 et aux multiples d\u00e9fis auxquels les industriels vont \u00eatre encore confront\u00e9s en 2025, notre premi\u00e8re priorit\u00e9 sera de soutenir leur activit\u00e9, en exigeant des pouvoirs publics la mise en \u0153uvre de ses annonces pour favoriser une politique de relance du neuf et la massification&nbsp;des r\u00e9novations d\u2019ampleur permettant des gains significatifs de performance des b\u00e2timents.&nbsp;Nous appelons de nos v\u0153ux la&nbsp;solidarit\u00e9 de l\u2019ensemble de la fili\u00e8re car c\u2019est par le dialogue et les \u00e9changes que notre secteur pourra traverser cette p\u00e9riode difficile.&nbsp;Notre deuxi\u00e8me priorit\u00e9 sera de continuer \u00e0 d\u00e9velopper la&nbsp;comp\u00e9titivit\u00e9 et l\u2019autonomie strat\u00e9gique des industriels, dans un contexte o\u00f9 les craintes portent autant sur les contraintes financi\u00e8res que sur la baisse de la demande.&nbsp;&nbsp;Notre ambition en 2025 sera \u00e9galement&nbsp;de poursuivre l\u2019acc\u00e9l\u00e9ration de la transition \u00e9cologique, de l\u2019\u00e9conomie circulaire et de la transformation num\u00e9rique de la fili\u00e8re et d\u2019accompagner, aux c\u00f4t\u00e9s du CSF IPC, la&nbsp;feuille de route de R&amp;D et d\u2019Innovation, pour d\u00e9velopper une industrie d\u00e9carbon\u00e9e \u00e0 co\u00fbts ma\u00eetris\u00e9s, et le programme RENOBATI, pour massifier les r\u00e9novation globale et performante des b\u00e2timents.&nbsp;<\/em><\/p>\n<\/div><\/div>\n\n\n\n<p><strong>L\u2019AIMCC<\/strong>,&nbsp;<strong>Association des industries des produits de construction,&nbsp;<\/strong>regroupe les organisations professionnelles des fabricants de produits (mat\u00e9riaux, composants et \u00e9quipements et syst\u00e8mes) entrant dans la construction. Elle repr\u00e9sente aujourd\u2019hui plus de 7&nbsp;000 entreprises de plus de 20 salari\u00e9s, regroup\u00e9es dans les 39 organisations professionnelles adh\u00e9rentes, 430&nbsp;000 emplois et 60 milliards d\u2019euros de chiffre d\u2019affaires sur le march\u00e9 fran\u00e7ais.<\/p>\n","protected":false},"excerpt":{"rendered":"<p>L\u2019AIMCC a organis\u00e9 le 30 janvier une conf\u00e9rence pour pr\u00e9senter les r\u00e9sultats de son enqu\u00eate annuelle de tendances.&nbsp;Les pr\u00e9sidents de l\u2019ensemble des organisations professionnelles, membres de l\u2019AIMCC, fabricants de produits de gros \u0153uvre, second \u0153uvre et \u00e9quipements ont \u00e9t\u00e9 invit\u00e9s \u00e0 y r\u00e9pondre en ligne en d\u00e9cembre 2024.&nbsp;24 des 39 organisations professionnelles interrog\u00e9es ont r\u00e9pondu, [&hellip;]<\/p>\n","protected":false},"author":41,"featured_media":42618,"comment_status":"open","ping_status":"open","sticky":true,"template":"","format":"standard","meta":{"spay_email":""},"categories":[4],"tags":[],"jetpack_featured_media_url":"https:\/\/i1.wp.com\/batimedianews.com\/live\/wp-content\/uploads\/2025\/02\/AIMCC-articles-.jpg?fit=1513%2C825&ssl=1","jetpack_sharing_enabled":true,"jetpack_likes_enabled":true,"jetpack-related-posts":[{"id":35079,"url":"https:\/\/batimedianews.com\/live\/index.php\/2024\/02\/13\/conjoncture-et-perspectives-des-industries-des-produits-de-construction-les-resultats-de-lenquete-de-tendances-de-laimcc\/","url_meta":{"origin":42601,"position":0},"title":"Conjoncture et perspectives des industries des produits de construction : les r\u00e9sultats de l\u2019enqu\u00eate de tendances de l\u2019AIMCC","date":"13 f\u00e9vrier 2024","format":false,"excerpt":"L\u2019AIMCC a organis\u00e9 le 31 janvier une conf\u00e9rence pour pr\u00e9senter les r\u00e9sultats de son enqu\u00eate annuelle de tendances. Les pr\u00e9sidents de l\u2019ensemble des organisations professionnelles, membres de l\u2019AIMCC, fabricants de produits de gros \u0153uvre, second \u0153uvre et \u00e9quipements ont \u00e9t\u00e9 invit\u00e9s \u00e0 y r\u00e9pondre en ligne entre d\u00e9cembre et janvier.\u2026","rel":"","context":"Dans &quot;Actualit\u00e9 Entreprises&quot;","img":{"alt_text":"","src":"https:\/\/i0.wp.com\/batimedianews.com\/live\/wp-content\/uploads\/2024\/02\/AIMCC.articlejpg.jpg?fit=825%2C825&ssl=1&resize=350%2C200","width":350,"height":200},"classes":[]},{"id":49137,"url":"https:\/\/batimedianews.com\/live\/index.php\/2026\/01\/29\/conjoncture-et-perspectives-des-industries-des-produits-de-construction-les-resultats-de-lenquete-dopinion-de-laimcc\/","url_meta":{"origin":42601,"position":1},"title":"Conjoncture et perspectives des industries des produits de construction : les r\u00e9sultats de l\u2019enqu\u00eate d\u2019opinion de l\u2019AIMCC","date":"29 janvier 2026","format":false,"excerpt":"L\u2019AIMCC a organis\u00e9 le 28 janvier une conf\u00e9rence pour pr\u00e9senter les r\u00e9sultats de son enqu\u00eate annuelle d\u2019opinion.\u00a0Les pr\u00e9sidents de l\u2019ensemble des organisations professionnelles, membres de l\u2019AIMCC, fabricants de produits de gros \u0153uvre, second \u0153uvre et \u00e9quipements ont \u00e9t\u00e9 invit\u00e9s \u00e0 y r\u00e9pondre en ligne en d\u00e9cembre 2025.\u00a021 des 36 organisations\u2026","rel":"","context":"Dans &quot;Actualit\u00e9 Entreprises&quot;","img":{"alt_text":"","src":"https:\/\/i0.wp.com\/batimedianews.com\/live\/wp-content\/uploads\/2026\/01\/AIMCC.jpg?fit=825%2C825&ssl=1&resize=350%2C200","width":350,"height":200},"classes":[]},{"id":15297,"url":"https:\/\/batimedianews.com\/live\/index.php\/2022\/01\/27\/bilan-2021-et-perspectives-2022-du-marche-francais-des-produits-de-construction\/","url_meta":{"origin":42601,"position":2},"title":"Bilan 2021 et perspectives 2022 du march\u00e9 fran\u00e7ais des produits de construction","date":"27 janvier 2022","format":false,"excerpt":"Mardi 25 janvier 2022, Philippe GRUAT, Pr\u00e9sident de l\u2019Association fran\u00e7aise des Industries des Mat\u00e9riaux et produits de Construction (AIMCC) a pr\u00e9sent\u00e9 les conclusions de la cinqui\u00e8me \u00e9dition de l\u2019enqu\u00eate d\u2019opinion \u00ab Tendances Conjoncture AIMCC \u00bb. Cette \u00e9tude men\u00e9e aupr\u00e8s des 80 organisations professionnelles membres de l\u2019association permet de dresser un\u2026","rel":"","context":"Dans &quot;Construction&quot;","img":{"alt_text":"","src":"https:\/\/i0.wp.com\/batimedianews.com\/live\/wp-content\/uploads\/2022\/01\/AIMCC-Article.jpg?fit=512%2C512&ssl=1&resize=350%2C200","width":350,"height":200},"classes":[]},{"id":9327,"url":"https:\/\/batimedianews.com\/live\/index.php\/2021\/04\/27\/nomination-philippe-gruat-elu-president-de-laimcc\/","url_meta":{"origin":42601,"position":3},"title":"Nomination Philippe Gruat \u00e9lu Pr\u00e9sident de l&rsquo;AIMCC","date":"27 avril 2021","format":false,"excerpt":"Le vendredi 16 avril 2021, Philippe Gruat a \u00e9t\u00e9 \u00e9lu \u00e0 la pr\u00e9sidence de l'AIMCC (Association fran\u00e7aise des industries des produits de construction). Il succ\u00e8de ainsi \u00e0 Herv\u00e9 De Maistre, \u00e9lu en 2015, qu'il remercie pour ses 6 ann\u00e9es de pr\u00e9sidence. Philippe Gruat a un parcours riche dans le secteur\u2026","rel":"","context":"Dans &quot;Actualit\u00e9 Entreprises&quot;","img":{"alt_text":"","src":"https:\/\/i0.wp.com\/batimedianews.com\/live\/wp-content\/uploads\/2021\/04\/image-174.png?fit=550%2C732&ssl=1&resize=350%2C200","width":350,"height":200},"classes":[]},{"id":8189,"url":"https:\/\/batimedianews.com\/live\/index.php\/2021\/01\/28\/position-de-laimcc-lors-du-vote-du-cscee-du-26-janvier-2021\/","url_meta":{"origin":42601,"position":4},"title":"Position de l\u2019AIMCC lors du vote du CSCEE du 26 janvier 2021","date":"28 janvier 2021","format":false,"excerpt":"L\u2019AIMCC \u00e9met un vote positif pour le texte de l\u2019avis tel que propos\u00e9 en s\u00e9ance.\u00a0Cet avis est le fruit d\u2019un consensus.\u00a0\u00a0 L\u2019AIMCC rappelle\u00a0que de nombreux \u00e9changes ont eu lieu entre les acteurs, et m\u00eame si toutes les r\u00e9serves formul\u00e9es ne donnent pas satisfaction,\u00a0l\u2019Association\u00a0consid\u00e8re\u00a0l\u2019avis comme globalement \u00e9quilibr\u00e9. L\u2019AIMCC\u00a0signale, \u00e9galement,\u00a0qu\u2019il ne s\u2019agit\u2026","rel":"","context":"Dans &quot;RE 2020&quot;","img":{"alt_text":"","src":"","width":0,"height":0},"classes":[]},{"id":40890,"url":"https:\/\/batimedianews.com\/live\/index.php\/2024\/10\/25\/artibat-deja-un-nouveau-record-annonce-pour-la-20e-edition-qui-se-tiendra-les-22-23-et-24-octobre-2025\/","url_meta":{"origin":42601,"position":5},"title":"ARTIBAT : d\u00e9j\u00e0 un nouveau record annonc\u00e9 pour la 20e \u00e9dition qui se tiendra les 22, 23 et 24 octobre 2025","date":"25 octobre 2024","format":false,"excerpt":"\u00a0En d\u00e9pit des nouveaux d\u00e9fis \u00e0 relever pour les acteurs de la construction, ARTIBAT, r\u00e9v\u00e9lateur des tendances du b\u00e2timent organis\u00e9 par la CAPEB Pays-de-Loire, confirme s\u2019imposer en valeur s\u00fbre alliant, comme toujours, business, rencontres qualitatives et sensibilisation aux grandes tendances \u00e0 venir.\u00a0 Rendez-vous d\u2019affaires incontournable des professionnels fran\u00e7ais du BTP\u2026","rel":"","context":"Dans &quot;Actualit\u00e9 Entreprises&quot;","img":{"alt_text":"","src":"https:\/\/i0.wp.com\/batimedianews.com\/live\/wp-content\/uploads\/2024\/10\/Artibat.jpg?fit=825%2C825&ssl=1&resize=350%2C200","width":350,"height":200},"classes":[]}],"_links":{"self":[{"href":"https:\/\/batimedianews.com\/live\/index.php\/wp-json\/wp\/v2\/posts\/42601"}],"collection":[{"href":"https:\/\/batimedianews.com\/live\/index.php\/wp-json\/wp\/v2\/posts"}],"about":[{"href":"https:\/\/batimedianews.com\/live\/index.php\/wp-json\/wp\/v2\/types\/post"}],"author":[{"embeddable":true,"href":"https:\/\/batimedianews.com\/live\/index.php\/wp-json\/wp\/v2\/users\/41"}],"replies":[{"embeddable":true,"href":"https:\/\/batimedianews.com\/live\/index.php\/wp-json\/wp\/v2\/comments?post=42601"}],"version-history":[{"count":2,"href":"https:\/\/batimedianews.com\/live\/index.php\/wp-json\/wp\/v2\/posts\/42601\/revisions"}],"predecessor-version":[{"id":42642,"href":"https:\/\/batimedianews.com\/live\/index.php\/wp-json\/wp\/v2\/posts\/42601\/revisions\/42642"}],"wp:featuredmedia":[{"embeddable":true,"href":"https:\/\/batimedianews.com\/live\/index.php\/wp-json\/wp\/v2\/media\/42618"}],"wp:attachment":[{"href":"https:\/\/batimedianews.com\/live\/index.php\/wp-json\/wp\/v2\/media?parent=42601"}],"wp:term":[{"taxonomy":"category","embeddable":true,"href":"https:\/\/batimedianews.com\/live\/index.php\/wp-json\/wp\/v2\/categories?post=42601"},{"taxonomy":"post_tag","embeddable":true,"href":"https:\/\/batimedianews.com\/live\/index.php\/wp-json\/wp\/v2\/tags?post=42601"}],"curies":[{"name":"wp","href":"https:\/\/api.w.org\/{rel}","templated":true}]}}