{"id":42646,"date":"2025-02-05T09:18:26","date_gmt":"2025-02-05T08:18:26","guid":{"rendered":"http:\/\/batimedianews.com\/live\/?p=42646"},"modified":"2025-02-05T09:18:28","modified_gmt":"2025-02-05T08:18:28","slug":"le-cticm-le-scmf-et-la-maison-de-la-construction-metallique-se-mobilisent-pour-transformer-les-entreprises-de-la-filiere-face-au-defi-de-la-decarbonation","status":"publish","type":"post","link":"https:\/\/batimedianews.com\/live\/index.php\/2025\/02\/05\/le-cticm-le-scmf-et-la-maison-de-la-construction-metallique-se-mobilisent-pour-transformer-les-entreprises-de-la-filiere-face-au-defi-de-la-decarbonation\/","title":{"rendered":"Le CTICM, le SCMF et la Maison de la Construction M\u00e9tallique, se mobilisent pour transformer les entreprises de la fili\u00e8re face au d\u00e9fi de la d\u00e9carbonation"},"content":{"rendered":"\n<p><strong>Le Centre Technique Industriel de la Construction M\u00e9tallique (CTICM), acteur cl\u00e9 dans la recherche et l&rsquo;innovation pour la fili\u00e8re m\u00e9tallique, le Syndicat de la Construction M\u00e9tallique de France (SCMF) et la Maison de la Construction M\u00e9tallique (MCM), intensifient leurs efforts pour accompagner le secteur de la construction dans sa transition environnementale. Face aux objectifs ambitieux fix\u00e9s par les Accords de Paris, le SCMF s&rsquo;engage pleinement dans la d\u00e9carbonation des pratiques d&rsquo;ici 2030. \u00c0 travers des initiatives novatrices telles que la d\u00e9marche IMP\u2019ACT A et des programmes de soutien \u00e0 la Responsabilit\u00e9 Soci\u00e9tale des Entreprises (RSE), le CTICM offre des solutions concr\u00e8tes et op\u00e9rationnelles pour transformer durablement les modes de construction.&nbsp;<\/strong><\/p>\n\n\n\n<p class=\"has-medium-font-size\"><strong>La d\u00e9marche IMP\u2019ACT A : une r\u00e9ponse aux besoins de d\u00e9carbonation du secteur&nbsp;<\/strong><\/p>\n\n\n\n<div class=\"wp-block-media-text alignwide is-stacked-on-mobile\" style=\"grid-template-columns:36% auto\"><figure class=\"wp-block-media-text__media\"><img loading=\"lazy\" width=\"594\" height=\"594\" src=\"https:\/\/i0.wp.com\/batimedianews.com\/live\/wp-content\/uploads\/2025\/02\/image-9.png?resize=594%2C594\" alt=\"\" class=\"wp-image-42647 size-full\" srcset=\"https:\/\/i0.wp.com\/batimedianews.com\/live\/wp-content\/uploads\/2025\/02\/image-9.png?w=594&amp;ssl=1 594w, https:\/\/i0.wp.com\/batimedianews.com\/live\/wp-content\/uploads\/2025\/02\/image-9.png?resize=600%2C600&amp;ssl=1 600w, https:\/\/i0.wp.com\/batimedianews.com\/live\/wp-content\/uploads\/2025\/02\/image-9.png?resize=1024%2C1024&amp;ssl=1 1024w, https:\/\/i0.wp.com\/batimedianews.com\/live\/wp-content\/uploads\/2025\/02\/image-9.png?resize=300%2C300&amp;ssl=1 300w, https:\/\/i0.wp.com\/batimedianews.com\/live\/wp-content\/uploads\/2025\/02\/image-9.png?resize=768%2C768&amp;ssl=1 768w, https:\/\/i0.wp.com\/batimedianews.com\/live\/wp-content\/uploads\/2025\/02\/image-9.png?resize=1536%2C1536&amp;ssl=1 1536w, https:\/\/i0.wp.com\/batimedianews.com\/live\/wp-content\/uploads\/2025\/02\/image-9.png?resize=2048%2C2048&amp;ssl=1 2048w, https:\/\/i0.wp.com\/batimedianews.com\/live\/wp-content\/uploads\/2025\/02\/image-9.png?resize=10%2C10&amp;ssl=1 10w, https:\/\/i0.wp.com\/batimedianews.com\/live\/wp-content\/uploads\/2025\/02\/image-9.png?resize=432%2C432&amp;ssl=1 432w, https:\/\/i0.wp.com\/batimedianews.com\/live\/wp-content\/uploads\/2025\/02\/image-9.png?resize=396%2C396&amp;ssl=1 396w\" sizes=\"(max-width: 600px) 91vw, (max-width: 900px) 600px, (max-width: 1060px) 50vw, (max-width: 1200px) 520px, (max-width: 1400px) 43vw, 600px\" data-recalc-dims=\"1\" \/><\/figure><div class=\"wp-block-media-text__content\">\n<ul><li><strong>Phase 1 : Former et r\u00e9aliser son Bilan Carbone&nbsp;<\/strong><\/li><\/ul>\n\n\n\n<p>\u00c9valuation compl\u00e8te des \u00e9missions de gaz \u00e0 effet de serre pour comprendre l&#8217;empreinte carbone de l&rsquo;entreprise.&nbsp;<\/p>\n\n\n\n<ul><li><strong>Phase 2 : Accompagnement strat\u00e9gie bas carbone&nbsp;<\/strong><\/li><\/ul>\n\n\n\n<p>\u00c9laboration d&rsquo;une feuille de route personnalis\u00e9e align\u00e9e avec les objectifs de l&rsquo;Accord de Paris, d\u00e9finissant des actions concr\u00e8tes de r\u00e9duction des \u00e9missions.&nbsp;<\/p>\n\n\n\n<ul><li><strong>Phase 3 : Mise en oeuvre de la strat\u00e9gie bas carbone&nbsp;<\/strong><\/li><\/ul>\n\n\n\n<p>Soutien dans la r\u00e9alisation des actions planifi\u00e9es, suivi r\u00e9gulier des progr\u00e8s et acc\u00e8s \u00e0 des financements pour faciliter la transition.&nbsp;<\/p>\n<\/div><\/div>\n\n\n\n<p>Cette d\u00e9marche permet aux entreprises d&rsquo;int\u00e9grer le r\u00e9emploi des mat\u00e9riaux, notamment l&rsquo;acier, au coeur de leurs projets, contribuant ainsi \u00e0 une \u00e9conomie circulaire et \u00e0 la r\u00e9duction significative de leur empreinte carbone.&nbsp;<\/p>\n\n\n\n<p><strong>&nbsp;Le CTICM accompagne les entreprises pour l\u2019obtention du label AFNOR \u2013 RSE Engag\u00e9s&nbsp;<\/strong><\/p>\n\n\n\n<p>Au-del\u00e0 de la d\u00e9carbonation, le CTICM soutient les entreprises dans leur d\u00e9marche de Responsabilit\u00e9 Soci\u00e9tale des Entreprises (RSE). Gr\u00e2ce \u00e0 son expertise, il facilite l&rsquo;obtention du label AFNOR \u2013 RSE Engag\u00e9s, une reconnaissance valorisant les pratiques responsables et durables des organisations. Cet accompagnement comprend :&nbsp;<\/p>\n\n\n\n<ul><li><strong>Diagnostic initial<\/strong> pour \u00e9valuer les pratiques actuelles.&nbsp;<\/li><li><strong>Formation et sensibilisation<\/strong> des \u00e9quipes aux enjeux RSE.&nbsp;<\/li><li><strong>Mise en place d&rsquo;un plan d&rsquo;action<\/strong> adapt\u00e9 aux sp\u00e9cificit\u00e9s de l&rsquo;entreprise.&nbsp;<\/li><li><strong>Suivi et \u00e9valuation<\/strong> des progr\u00e8s r\u00e9alis\u00e9s.&nbsp;<\/li><\/ul>\n\n\n\n<p>Obtenir ce label permet aux entreprises de r\u00e9pondre aux attentes croissantes des ma\u00eetres d&rsquo;ouvrage et de se positionner comme des acteurs engag\u00e9s dans la transformation \u00e9cologique du secteur.&nbsp;<\/p>\n\n\n\n<p><em>\u00ab L&rsquo;urgence climatique impose une transformation profonde de nos pratiques. Avec des initiatives comme la d\u00e9marche IMP\u2019ACT A et nos accompagnements vers le label RSE Engag\u00e9s, le CTICM s&rsquo;engage \u00e0 fournir aux acteurs de la construction les outils et l&rsquo;expertise n\u00e9cessaires pour r\u00e9duire leur empreinte carbone.\u00bb, <\/em><strong>d\u00e9clare Philippe Hostal\u00e9ry, Directeur G\u00e9n\u00e9ral du CTICM.&nbsp;<\/strong><\/p>\n\n\n\n<p><strong>Les entreprises de la fili\u00e8re se transforment pour r\u00e9ussir la d\u00e9carbonation du secteur !&nbsp;<\/strong><\/p>\n\n\n\n<div class=\"wp-block-media-text alignwide is-stacked-on-mobile\" style=\"grid-template-columns:34% auto\"><figure class=\"wp-block-media-text__media\"><img loading=\"lazy\" width=\"539\" height=\"539\" src=\"https:\/\/i2.wp.com\/batimedianews.com\/live\/wp-content\/uploads\/2025\/02\/image-10.png?resize=539%2C539\" alt=\"\" class=\"wp-image-42648 size-full\" srcset=\"https:\/\/i2.wp.com\/batimedianews.com\/live\/wp-content\/uploads\/2025\/02\/image-10.png?w=539&amp;ssl=1 539w, https:\/\/i2.wp.com\/batimedianews.com\/live\/wp-content\/uploads\/2025\/02\/image-10.png?resize=600%2C600&amp;ssl=1 600w, https:\/\/i2.wp.com\/batimedianews.com\/live\/wp-content\/uploads\/2025\/02\/image-10.png?resize=1024%2C1024&amp;ssl=1 1024w, https:\/\/i2.wp.com\/batimedianews.com\/live\/wp-content\/uploads\/2025\/02\/image-10.png?resize=300%2C300&amp;ssl=1 300w, https:\/\/i2.wp.com\/batimedianews.com\/live\/wp-content\/uploads\/2025\/02\/image-10.png?resize=768%2C768&amp;ssl=1 768w, https:\/\/i2.wp.com\/batimedianews.com\/live\/wp-content\/uploads\/2025\/02\/image-10.png?resize=1536%2C1536&amp;ssl=1 1536w, https:\/\/i2.wp.com\/batimedianews.com\/live\/wp-content\/uploads\/2025\/02\/image-10.png?resize=2048%2C2048&amp;ssl=1 2048w, https:\/\/i2.wp.com\/batimedianews.com\/live\/wp-content\/uploads\/2025\/02\/image-10.png?resize=10%2C10&amp;ssl=1 10w, https:\/\/i2.wp.com\/batimedianews.com\/live\/wp-content\/uploads\/2025\/02\/image-10.png?resize=432%2C432&amp;ssl=1 432w, https:\/\/i2.wp.com\/batimedianews.com\/live\/wp-content\/uploads\/2025\/02\/image-10.png?resize=396%2C396&amp;ssl=1 396w\" sizes=\"(max-width: 600px) 91vw, (max-width: 900px) 600px, (max-width: 1060px) 50vw, (max-width: 1200px) 520px, (max-width: 1400px) 43vw, 600px\" data-recalc-dims=\"1\" \/><\/figure><div class=\"wp-block-media-text__content\">\n<p>Pour atteindre les objectifs de neutralit\u00e9 carbone \u00e0 l&rsquo;horizon 2030, une transformation des pratiques des entreprises est essentielle et doit se r\u00e9aliser au niveau de la fili\u00e8re. Il s\u2019agit de :&nbsp;<\/p>\n\n\n\n<ul><li><strong>mutualiser les bonnes pratiques<\/strong> et les innovations technologiques&nbsp;<\/li><li><strong>d\u00e9velopper des r\u00e9f\u00e9rentiels techniques communs<\/strong> pour le r\u00e9emploi des mat\u00e9riaux&nbsp;<\/li><li><strong>collecter des donn\u00e9es<\/strong> fiables pour les besoins r\u00e8glementaires&nbsp;<\/li><li><strong>cr\u00e9er des plateformes num\u00e9riques<\/strong> facilitant la mise en relation des acteurs et le partage de ressources&nbsp;<\/li><\/ul>\n<\/div><\/div>\n\n\n\n<p>La MCM a d\u00e9j\u00e0 mis en place des outils tels que la plateforme M\u00e9tal R\u00e9emploi, servant de salle de march\u00e9 virtuelle pour faciliter le r\u00e9emploi des produits m\u00e9talliques issus de la d\u00e9construction.&nbsp;<\/p>\n\n\n\n<p>Ensemble, ces actions visent \u00e0 transformer les modes de construction, en privil\u00e9giant des approches durables et respectueuses de l&rsquo;environnement. Le CTICM,le SCMF et la Maison invitent l&rsquo;ensemble des acteurs du secteur \u00e0 rejoindre ce mouvement pour b\u00e2tir les infrastructures de demain, en harmonie avec les imp\u00e9ratifs \u00e9cologiques.&nbsp;<\/p>\n\n\n\n<p><em>\u00abFace aux enjeux environnementaux majeurs qui nous attendent, la construction m\u00e9tallique a un r\u00f4le cl\u00e9 \u00e0 jouer dans la transition vers un mod\u00e8le plus durable. Aujourd\u2019hui, nous devons repenser nos pratiques, optimiser nos ressources et acc\u00e9l\u00e9rer l\u2019innovation pour r\u00e9duire l\u2019empreinte carbone du secteur du b\u00e2timent. C\u2019est une responsabilit\u00e9 collective, le SCMF, le CTICM et la MCM, sont pleinement mobilis\u00e9s pour relever ce d\u00e9fi ; Notre horizon est ambitieux, mais la construction m\u00e9tallique a toujours su se r\u00e9inventer. Ensemble, faisons de cette transition une opportunit\u00e9 pour construire demain, plus durablement. \u00bb, <\/em><strong>ajoute Herv\u00e9 Gastaud, D\u00e9l\u00e9gu\u00e9 G\u00e9n\u00e9ral du SCMF.&nbsp;<\/strong><\/p>\n\n\n\n<p class=\"has-small-font-size\"><strong>A propos du SCMF&nbsp;<\/strong><\/p>\n\n\n\n<p class=\"has-small-font-size\">La fili\u00e8re de la construction m\u00e9tallique fran\u00e7aise repr\u00e9sente plus de 850 entreprises r\u00e9parties sur le territoire fran\u00e7ais, principalement des PME, ETI, \u00e0 structures familiales qui poursuivent leur politique d\u2019investissements dans leur outil de production dans un souci permanent de modernisation et d\u2019innovation, indispensable pour maintenir leur comp\u00e9titivit\u00e9. La fili\u00e8re de la construction m\u00e9tallique est reconnue comme l\u2019unique fili\u00e8re 100 % d\u00e9veloppement durable gr\u00e2ce au recyclage infini des aciers et l\u2019utilisation du r\u00e9emploi des constructions. Nos entreprises emploient plus de 30 000 collaborateurs hautement qualifi\u00e9s et r\u00e9alisent un chiffre d\u2019affaires de plus de 5 milliards d\u2019euros.&nbsp;<\/p>\n\n\n\n<p><strong>A propos du CTICM&nbsp;<\/strong><\/p>\n\n\n\n<p class=\"has-small-font-size\">Le CTICM (Centre Technique Industriel de la Construction M\u00e9tallique) est un organisme priv\u00e9 fran\u00e7ais cr\u00e9\u00e9 en 1962 par l\u2019Etat \u00e0 la demande du Syndicat Fran\u00e7ais de la Construction m\u00e9tallique. Il est financ\u00e9 par les constructeurs m\u00e9talliques et par des prestations commerciales (\u00e9tudes, certifications, etc.) et oeuvre pour le d\u00e9veloppement et la promotion de la construction m\u00e9tallique \u00e0 travers la recherche, la normalisation, la certification et l&rsquo;assistance aux entreprises.&nbsp;<\/p>\n\n\n\n<p class=\"has-small-font-size\"><strong>A propos de la MCM&nbsp;<\/strong><\/p>\n\n\n\n<p class=\"has-small-font-size\">La Maison de la Construction M\u00e9tallique est une association construite \u00e0 l\u2019initiative de cinq membres fondateurs, le Syndicat de la Construction M\u00e9tallique Fran\u00e7aise, l\u2019Union des M\u00e9talliers, l\u2019Enveloppe M\u00e9tallique du B\u00e2timent, le r\u00e9seau ESA et le CTICM.&nbsp;<\/p>\n\n\n\n<p class=\"has-small-font-size\">L\u2019objectif de l\u2019association est d\u2019unir les voix des acteurs et partenaires de la fili\u00e8re de la construction m\u00e9tallique, de la m\u00e9tallerie, de la serrurerie et de l\u2019enveloppe m\u00e9tallique afin de r\u00e9pondre aux grands enjeux et aux transformations \u00e0 venir.&nbsp;<\/p>\n\n\n\n<p class=\"has-small-font-size\">La Maison de la Construction M\u00e9tallique se concentre prioritairement sur cinq th\u00e9matiques de travail, qui sont :&nbsp;<\/p>\n\n\n\n<ul class=\"has-small-font-size\"><li>\u2022 Le d\u00e9veloppement durable : r\u00e9emploi, mixit\u00e9, optimisation des structures, acier bas carbone&nbsp;<\/li><li>\u2022 La comp\u00e9titivit\u00e9 de la fili\u00e8re et les nouveaux march\u00e9s \u00e0 d\u00e9velopper&nbsp;<\/li><li>\u2022 Les nouvelles normes et r\u00e9glementations : anticiper, agir collectivement&nbsp;<\/li><li>\u2022 La communication et valorisation de la fili\u00e8re : vitrine technologique, \u00e9v\u00e8nements f\u00e9d\u00e9rateurs, veille&nbsp;<\/li><li>\u2022 La formation&nbsp;<\/li><\/ul>\n","protected":false},"excerpt":{"rendered":"<p>Le Centre Technique Industriel de la Construction M\u00e9tallique (CTICM), acteur cl\u00e9 dans la recherche et l&rsquo;innovation pour la fili\u00e8re m\u00e9tallique, le Syndicat de la Construction M\u00e9tallique de France (SCMF) et la Maison de la Construction M\u00e9tallique (MCM), intensifient leurs efforts pour accompagner le secteur de la construction dans sa transition environnementale. Face aux objectifs ambitieux [&hellip;]<\/p>\n","protected":false},"author":41,"featured_media":42649,"comment_status":"open","ping_status":"open","sticky":true,"template":"","format":"standard","meta":{"spay_email":""},"categories":[4,16,39,866,733],"tags":[],"jetpack_featured_media_url":"https:\/\/i1.wp.com\/batimedianews.com\/live\/wp-content\/uploads\/2025\/02\/CTICM-articles-.jpg?fit=1513%2C825&ssl=1","jetpack_sharing_enabled":true,"jetpack_likes_enabled":true,"jetpack-related-posts":[{"id":45700,"url":"https:\/\/batimedianews.com\/live\/index.php\/2025\/06\/30\/le-scmf-syndicat-de-la-construction-metallique-de-france-se-mobilise-pour-la-defense-de-lindustrie-francaise\/","url_meta":{"origin":42646,"position":0},"title":"Le SCMF (Syndicat de la Construction M\u00e9tallique de France) se mobilise pour la d\u00e9fense de l\u2019industrie fran\u00e7aise","date":"30 juin 2025","format":false,"excerpt":"\u00a0Le chef de l\u2019Etat, Emmanuel Macron, a r\u00e9affirm\u00e9 lors de son allocution t\u00e9l\u00e9vis\u00e9e du 13 mai dernier, son ambition d\u2019\u00e9tablir \u00ab une politique qui prot\u00e8ge notre acier \u00bb. Les industriels fran\u00e7ais de la construction m\u00e9tallique, f\u00e9d\u00e9r\u00e9s au sein du Syndicat de la Construction M\u00e9tallique de France (SCMF) saluent cet engagement\u2026","rel":"","context":"Dans &quot;Actualit\u00e9 Entreprises&quot;","img":{"alt_text":"","src":"https:\/\/i1.wp.com\/batimedianews.com\/live\/wp-content\/uploads\/2025\/06\/SCMF.jpg?fit=825%2C825&ssl=1&resize=350%2C200","width":350,"height":200},"classes":[]},{"id":48286,"url":"https:\/\/batimedianews.com\/live\/index.php\/2025\/12\/11\/belle-mobilisation-pour-le-colloque-ambition-france-acier-construction-organise-par-le-scmf\/","url_meta":{"origin":42646,"position":1},"title":"Belle mobilisation pour le Colloque Ambition France Acier Construction organis\u00e9 par le SCMF","date":"11 d\u00e9cembre 2025","format":false,"excerpt":"Herv\u00e9 Gastaud, D\u00e9l\u00e9gu\u00e9 g\u00e9n\u00e9ral du SCMF, Alexandra Emery, pr\u00e9sidente PROPLINK et animatrice du colloque, S\u00e9bastien Martin Ministre d\u00e9l\u00e9gu\u00e9 en charge de l\u2019Industrie, Clarisse Maillet, Pr\u00e9sidente Section Industrie de la CPME et Pr\u00e9sidente CPME 71, Emmanuel de Laage, Pr\u00e9sident du SCMF.\u00a0 Le SCMF (Syndicat de la Construction M\u00e9tallique de France) confirme\u2026","rel":"","context":"Dans &quot;Actualit\u00e9 Entreprises&quot;","img":{"alt_text":"","src":"https:\/\/i2.wp.com\/batimedianews.com\/live\/wp-content\/uploads\/2025\/12\/SCMF.jpg?fit=825%2C825&ssl=1&resize=350%2C200","width":350,"height":200},"classes":[]},{"id":49339,"url":"https:\/\/batimedianews.com\/live\/index.php\/2026\/02\/19\/le-syndicat-de-la-construction-metallique-de-france-scmf-dresse-son-point-de-conjoncture-annuel-et-organise-la-celebration-de-ses-140-ans\/","url_meta":{"origin":42646,"position":2},"title":"Le Syndicat de la Construction M\u00e9tallique de France (SCMF) dresse son point de conjoncture annuel et organise la c\u00e9l\u00e9bration de ses 140 ans","date":"19 f\u00e9vrier 2026","format":false,"excerpt":"B\u00e2timent prim\u00e9 Prix Versailles 2025, Le Colis\u00e9e \u00e0 Chartres, complexe culturel et sportif (ma\u00eetrise d\u2019ouvrage Chartres M\u00e9tropole, architecte Groupe-6 architectes).\u00a0 Gare de Villejuif Institut Gustave Roussy (ma\u00eetrise d\u2019ouvrage Soci\u00e9t\u00e9 du Grand Paris, Dominique Perrault Architecture).\u00a0 Ch\u00e2teau Lynch-Bages, constructeur SMB Constructions m\u00e9talliques - Chien Chung Pei - Pei Partnership Architects (New\u2026","rel":"","context":"Dans &quot;Actualit\u00e9 Entreprises&quot;","img":{"alt_text":"","src":"https:\/\/i1.wp.com\/batimedianews.com\/live\/wp-content\/uploads\/2026\/02\/1-SCMF-Michel-Denance-scaled.jpg?resize=350%2C200&ssl=1","width":350,"height":200},"classes":[]},{"id":40014,"url":"https:\/\/batimedianews.com\/live\/index.php\/2024\/09\/26\/awards-de-linnovation-du-mondial-du-batiment-le-cticm-laureat-de-laward-dor-dans-la-categorie-formation-et-services\/","url_meta":{"origin":42646,"position":3},"title":"Awards de l\u2019Innovation du Mondial du B\u00e2timent : le CTICM laur\u00e9at de l\u2019Award d\u2019Or dans la cat\u00e9gorie Formation et Services","date":"26 septembre 2024","format":false,"excerpt":"https:\/\/www.youtube.com\/watch?v=FX2n1nnVCvY R\u00e9cemment mis en ligne sur le site Internet du Centre Technique Industriel de la Construction M\u00e9tallique, le r\u00e9f\u00e9rentiel pour favoriser le r\u00e9emploi de mat\u00e9riaux en acier vient de remporter un Award d\u2019Or aux Awards de l\u2019Innovation du Mondial du B\u00e2timent dans la cat\u00e9gorie Formation et Services. Au-del\u00e0 du r\u00e9f\u00e9rentiel,\u2026","rel":"","context":"Dans &quot;Actualit\u00e9 Entreprises&quot;","img":{"alt_text":"","src":"https:\/\/i1.wp.com\/batimedianews.com\/live\/wp-content\/uploads\/2024\/09\/MCM-articles-.jpg?fit=825%2C825&ssl=1&resize=350%2C200","width":350,"height":200},"classes":[]},{"id":35102,"url":"https:\/\/batimedianews.com\/live\/index.php\/2024\/02\/12\/la-construction-metallique-une-dynamique-soutenue-par-les-ouvrages-dart-les-batiments-industriels-et-commerciaux\/","url_meta":{"origin":42646,"position":4},"title":"La construction m\u00e9tallique, une dynamique soutenue par les ouvrages d\u2019art, les b\u00e2timents industriels et commerciaux","date":"12 f\u00e9vrier 2024","format":false,"excerpt":"Doc SCMF Conjoncture et activit\u00e9 des constructeurs m\u00e9talliques\u00a0 \u00a0Un premier bilan des activit\u00e9s 2023 de la construction m\u00e9tallique fran\u00e7aise (25.000 personnes) fait appara\u00eetre des r\u00e9sultats sup\u00e9rieurs \u00e0 l\u2019exercice 2022, avec une croissance attendue de + 3,5 %. Une tendance positive, selon le pr\u00e9sident du SCMF, Roger Briand, qui assure aux\u2026","rel":"","context":"Dans &quot;Actualit\u00e9 Entreprises&quot;","img":{"alt_text":"","src":"https:\/\/i1.wp.com\/batimedianews.com\/live\/wp-content\/uploads\/2024\/02\/SCMF.jpg?fit=825%2C825&ssl=1&resize=350%2C200","width":350,"height":200},"classes":[]},{"id":18126,"url":"https:\/\/batimedianews.com\/live\/index.php\/2022\/04\/04\/la-construction-metallique-en-france-une-activite-soutenue-et-des-besoins-en-recrutement-xxl\/","url_meta":{"origin":42646,"position":5},"title":"La construction m\u00e9tallique en France : une activit\u00e9 soutenue et des besoins en recrutement XXL","date":"4 avril 2022","format":false,"excerpt":"\u00a0Pour sa prise de parole de bilan annuel, Roger Briand, Pr\u00e9sident du SMFC, (Syndicat de la Construction M\u00e9tallique de France) confirme un dynamisme des activit\u00e9s sectorielles qui concluent l\u2019ann\u00e9e 2021 par une progression de + 8 %. Avec un chiffre d\u2019affaires de l\u2019ordre de 4 milliards d\u2019euros (780 000 tonnes\u2026","rel":"","context":"Dans &quot;Actualit\u00e9 Entreprises&quot;","img":{"alt_text":"","src":"https:\/\/i2.wp.com\/batimedianews.com\/live\/wp-content\/uploads\/2022\/03\/SCMF-Article.jpg?fit=512%2C512&ssl=1&resize=350%2C200","width":350,"height":200},"classes":[]}],"_links":{"self":[{"href":"https:\/\/batimedianews.com\/live\/index.php\/wp-json\/wp\/v2\/posts\/42646"}],"collection":[{"href":"https:\/\/batimedianews.com\/live\/index.php\/wp-json\/wp\/v2\/posts"}],"about":[{"href":"https:\/\/batimedianews.com\/live\/index.php\/wp-json\/wp\/v2\/types\/post"}],"author":[{"embeddable":true,"href":"https:\/\/batimedianews.com\/live\/index.php\/wp-json\/wp\/v2\/users\/41"}],"replies":[{"embeddable":true,"href":"https:\/\/batimedianews.com\/live\/index.php\/wp-json\/wp\/v2\/comments?post=42646"}],"version-history":[{"count":2,"href":"https:\/\/batimedianews.com\/live\/index.php\/wp-json\/wp\/v2\/posts\/42646\/revisions"}],"predecessor-version":[{"id":42677,"href":"https:\/\/batimedianews.com\/live\/index.php\/wp-json\/wp\/v2\/posts\/42646\/revisions\/42677"}],"wp:featuredmedia":[{"embeddable":true,"href":"https:\/\/batimedianews.com\/live\/index.php\/wp-json\/wp\/v2\/media\/42649"}],"wp:attachment":[{"href":"https:\/\/batimedianews.com\/live\/index.php\/wp-json\/wp\/v2\/media?parent=42646"}],"wp:term":[{"taxonomy":"category","embeddable":true,"href":"https:\/\/batimedianews.com\/live\/index.php\/wp-json\/wp\/v2\/categories?post=42646"},{"taxonomy":"post_tag","embeddable":true,"href":"https:\/\/batimedianews.com\/live\/index.php\/wp-json\/wp\/v2\/tags?post=42646"}],"curies":[{"name":"wp","href":"https:\/\/api.w.org\/{rel}","templated":true}]}}