{"id":42684,"date":"2025-02-10T09:17:39","date_gmt":"2025-02-10T08:17:39","guid":{"rendered":"http:\/\/batimedianews.com\/live\/?p=42684"},"modified":"2025-02-10T09:17:41","modified_gmt":"2025-02-10T08:17:41","slug":"les-solutions-acoustiques-knauf-ceiling-solutions-font-leurs-classes-au-lycee-international-de-vincennes-94","status":"publish","type":"post","link":"https:\/\/batimedianews.com\/live\/index.php\/2025\/02\/10\/les-solutions-acoustiques-knauf-ceiling-solutions-font-leurs-classes-au-lycee-international-de-vincennes-94\/","title":{"rendered":"Les solutions acoustiques Knauf Ceiling Solutions font leurs classes au Lyc\u00e9e International de Vincennes (94)"},"content":{"rendered":"\n<figure class=\"wp-block-image size-full\"><img loading=\"lazy\" width=\"720\" height=\"509\" src=\"https:\/\/i0.wp.com\/batimedianews.com\/live\/wp-content\/uploads\/2025\/02\/image-24.png?resize=720%2C509\" alt=\"\" class=\"wp-image-42685\" srcset=\"https:\/\/i0.wp.com\/batimedianews.com\/live\/wp-content\/uploads\/2025\/02\/image-24.png?w=1554&amp;ssl=1 1554w, https:\/\/i0.wp.com\/batimedianews.com\/live\/wp-content\/uploads\/2025\/02\/image-24.png?resize=768%2C542&amp;ssl=1 768w, https:\/\/i0.wp.com\/batimedianews.com\/live\/wp-content\/uploads\/2025\/02\/image-24.png?resize=432%2C305&amp;ssl=1 432w, https:\/\/i0.wp.com\/batimedianews.com\/live\/wp-content\/uploads\/2025\/02\/image-24.png?resize=396%2C280&amp;ssl=1 396w, https:\/\/i0.wp.com\/batimedianews.com\/live\/wp-content\/uploads\/2025\/02\/image-24.png?resize=1120%2C791&amp;ssl=1 1120w, https:\/\/i0.wp.com\/batimedianews.com\/live\/wp-content\/uploads\/2025\/02\/image-24.png?resize=660%2C466&amp;ssl=1 660w, https:\/\/i0.wp.com\/batimedianews.com\/live\/wp-content\/uploads\/2025\/02\/image-24.png?w=1440 1440w\" sizes=\"(max-width: 600px) 91vw, (max-width: 900px) 600px, (max-width: 1060px) 50vw, (max-width: 1200px) 520px, (max-width: 1400px) 43vw, 600px\" data-recalc-dims=\"1\" \/><figcaption>Cr\u00e9dit photo Knauf Ceiling Solutions &#8211; Photographe Delphine COUTANT&nbsp;<\/figcaption><\/figure>\n\n\n\n<p>En septembre dernier, 380 \u00e9l\u00e8ves ont int\u00e9gr\u00e9 le nouveau Lyc\u00e9e international de Vincennes, premier \u00e9tablissement de ce type dans le Val-de-Marne et le 8\u00e8me pour la R\u00e9gion \u00cele-de-France (ma\u00eetre d\u2019ouvrage). Construit sur l\u2019ancienne friche industrielle de la Jarry, ce projet, d\u2019une superficie de 9 889 m\u00b2 SDP, s\u2019\u00e9l\u00e8ve entre deux typologies de b\u00e2tis : des logements collectifs des ann\u00e9es 1970 c\u00f4t\u00e9 Ouest et un tissu pavillonnaire \u00e0 l\u2019Est. L\u2019agence d\u2019architecture, d\u2019urbanisme et de paysage Ateliers 2\/3\/4\/, en collaboration avec l\u2019entreprise g\u00e9n\u00e9rale Urbaine de travaux, l\u2019a imagin\u00e9 avec cette volont\u00e9 de garantir la plus douce transition possible entre ces deux environnements. <em>\u00ab Une Cit\u00e9 du savoir, \u00e0 la fois ouverte sur la ville et son voisinage imm\u00e9diat, avec lequel elle dialogue, tout en cr\u00e9ant une int\u00e9riorit\u00e9 indispensable \u00e0 la vie de ce programme. \u00bb<\/em>, explique Jean MAS, Architecte Associ\u00e9, Ateliers 2\/3\/4\/.&nbsp;<\/p>\n\n\n\n<p>S\u2019agissant d\u2019un \u00e9tablissement scolaire, il \u00e9tait \u00e9galement essentiel de porter une attention particuli\u00e8re au <strong>bien-\u00eatre int\u00e9rieur, afin de favoriser la concentration des \u00e9l\u00e8ves et l\u2019intelligibilit\u00e9 pour les professeurs<\/strong>. Les architectes ont orient\u00e9 leur r\u00e9flexion sur la conception d\u2019espaces \u00e0 l\u2019acoustique optimale et inond\u00e9s de lumi\u00e8re naturelle douce. Pour r\u00e9pondre \u00e0 ces enjeux, ils ont prescrit des solutions plafond de couleur blanche Knauf Ceiling Solutions :&nbsp;<\/p>\n\n\n\n<ul><li><strong>188 \u00eelots flottants MINERAL Sonic Element<\/strong>, rectangulaires (2060 x 1180 mm, 1780 x 1180 mm et 2380 x 1180 mm) et carr\u00e9s (1180 x 1180 mm), pour l\u2019ensemble des salles de classe, le CDI et les espaces de d\u00e9tente. Les \u00eelots permettent d\u2019am\u00e9liorer l\u2019absorption acoustique et de r\u00e9duire la r\u00e9verb\u00e9ration.&nbsp;<\/li><li><strong>98 absorbeurs muraux MINERAL Wallcoustic Element<\/strong>, rectangulaires et carr\u00e9s (2060 x 1180 mm et 1180 x 1180 mm) pour compl\u00e9ter l\u2019acoustiques dans certaines salles o\u00f9 les \u00eelots flottants \u00e9taient moins nombreux.&nbsp;<\/li><li><strong>412 m\u00b2 de panneaux F-CLIP ACCESS <\/strong>micro-perfor\u00e9s (Rd 1522) pour les circulations. Au-del\u00e0 du confort acoustique et visuel, ce plafond est gage d\u2019une maintenance ais\u00e9e gr\u00e2ce \u00e0 son syst\u00e8me basculant et d\u00e9montable qui permet d\u2019intervenir facilement sur les r\u00e9seaux.&nbsp;<\/li><\/ul>\n\n\n\n<div class=\"wp-block-group has-sm-light-primary-color has-text-color has-background\" style=\"background-color:#01aff9\"><div class=\"wp-block-group__inner-container\">\n<p><strong>Le [+] thermique <\/strong><\/p>\n\n\n\n<p>La dimension \u00e9nerg\u00e9tique \u00e9tait primordiale pour l\u2019agence Ateliers 2\/3\/4\/, \u00e0 l\u2019image des solutions techniques MINERAL Sonic Element. Ces \u00eelots flottants Knauf Ceiling Solutions <strong>favorisent l\u2019inertie de la structure en b\u00e9ton<\/strong>, un \u00e9l\u00e9ment cl\u00e9 pour optimiser le confort thermique du b\u00e2timent. Leur conception permet d\u2019exploiter la capacit\u00e9 du b\u00e9ton \u00e0 emmagasiner la chaleur accumul\u00e9e durant la journ\u00e9e pour la restituer lentement pendant la nuit. Ce ph\u00e9nom\u00e8ne de r\u00e9gulation naturelle contribue \u00e0 maintenir une temp\u00e9rature int\u00e9rieure stable tout en r\u00e9duisant le recours aux syst\u00e8mes de climatisation ou de chauffage, renfor\u00e7ant ainsi l\u2019efficacit\u00e9 \u00e9nerg\u00e9tique globale du b\u00e2timent.&nbsp;<\/p>\n\n\n\n<p>Les solutions Knauf Ceiling Solutions r\u00e9fl\u00e9chissent \u00e9galement la lumi\u00e8re naturelle \u00e0 hauteur de 65 % (F-CLIP ACCESS) \u00e0 88 % (MINERAL Wallcoustic Element et MINERAL Sonic Element) participant \u00e0 la r\u00e9duction des co\u00fbts \u00e9nerg\u00e9tiques.&nbsp;<\/p>\n<\/div><\/div>\n\n\n\n<figure class=\"wp-block-gallery columns-2 is-cropped\"><ul class=\"blocks-gallery-grid\"><li class=\"blocks-gallery-item\"><figure><img loading=\"lazy\" width=\"720\" height=\"720\" src=\"https:\/\/i1.wp.com\/batimedianews.com\/live\/wp-content\/uploads\/2025\/02\/KnaufPhoto2.jpg?resize=720%2C720\" alt=\"\" data-id=\"42686\" data-full-url=\"http:\/\/batimedianews.com\/live\/wp-content\/uploads\/2025\/02\/KnaufPhoto2.jpg\" data-link=\"http:\/\/batimedianews.com\/live\/?attachment_id=42686\" class=\"wp-image-42686\" srcset=\"https:\/\/i1.wp.com\/batimedianews.com\/live\/wp-content\/uploads\/2025\/02\/KnaufPhoto2.jpg?resize=1024%2C1024&amp;ssl=1 1024w, https:\/\/i1.wp.com\/batimedianews.com\/live\/wp-content\/uploads\/2025\/02\/KnaufPhoto2.jpg?resize=600%2C600&amp;ssl=1 600w, https:\/\/i1.wp.com\/batimedianews.com\/live\/wp-content\/uploads\/2025\/02\/KnaufPhoto2.jpg?resize=300%2C300&amp;ssl=1 300w, https:\/\/i1.wp.com\/batimedianews.com\/live\/wp-content\/uploads\/2025\/02\/KnaufPhoto2.jpg?resize=1536%2C1536&amp;ssl=1 1536w, https:\/\/i1.wp.com\/batimedianews.com\/live\/wp-content\/uploads\/2025\/02\/KnaufPhoto2.jpg?resize=2048%2C2048&amp;ssl=1 2048w, https:\/\/i1.wp.com\/batimedianews.com\/live\/wp-content\/uploads\/2025\/02\/KnaufPhoto2.jpg?resize=10%2C10&amp;ssl=1 10w\" sizes=\"(max-width: 600px) 91vw, (max-width: 900px) 600px, (max-width: 1060px) 50vw, (max-width: 1200px) 520px, (max-width: 1400px) 43vw, 600px\" data-recalc-dims=\"1\" \/><\/figure><\/li><li class=\"blocks-gallery-item\"><figure><img loading=\"lazy\" width=\"720\" height=\"720\" src=\"https:\/\/i0.wp.com\/batimedianews.com\/live\/wp-content\/uploads\/2025\/02\/KnaufPhoto3.jpg?resize=720%2C720\" alt=\"\" data-id=\"42687\" data-full-url=\"http:\/\/batimedianews.com\/live\/wp-content\/uploads\/2025\/02\/KnaufPhoto3.jpg\" data-link=\"http:\/\/batimedianews.com\/live\/?attachment_id=42687\" class=\"wp-image-42687\" srcset=\"https:\/\/i0.wp.com\/batimedianews.com\/live\/wp-content\/uploads\/2025\/02\/KnaufPhoto3.jpg?resize=1024%2C1024&amp;ssl=1 1024w, https:\/\/i0.wp.com\/batimedianews.com\/live\/wp-content\/uploads\/2025\/02\/KnaufPhoto3.jpg?resize=600%2C600&amp;ssl=1 600w, https:\/\/i0.wp.com\/batimedianews.com\/live\/wp-content\/uploads\/2025\/02\/KnaufPhoto3.jpg?resize=300%2C300&amp;ssl=1 300w, https:\/\/i0.wp.com\/batimedianews.com\/live\/wp-content\/uploads\/2025\/02\/KnaufPhoto3.jpg?resize=1536%2C1536&amp;ssl=1 1536w, https:\/\/i0.wp.com\/batimedianews.com\/live\/wp-content\/uploads\/2025\/02\/KnaufPhoto3.jpg?resize=2048%2C2048&amp;ssl=1 2048w, https:\/\/i0.wp.com\/batimedianews.com\/live\/wp-content\/uploads\/2025\/02\/KnaufPhoto3.jpg?resize=10%2C10&amp;ssl=1 10w\" sizes=\"(max-width: 600px) 91vw, (max-width: 900px) 600px, (max-width: 1060px) 50vw, (max-width: 1200px) 520px, (max-width: 1400px) 43vw, 600px\" data-recalc-dims=\"1\" \/><\/figure><\/li><\/ul><figcaption class=\"blocks-gallery-caption\">Cr\u00e9dit photos Knauf Ceiling Solutions &#8211; Photographe Delphine COUTANT&nbsp;<\/figcaption><\/figure>\n\n\n\n<p class=\"has-medium-font-size\"><strong>\u00celots en l\u00e9vitation\u2026&nbsp;<\/strong><\/p>\n\n\n\n<p class=\"has-text-align-center\"><em>\u00ab Les architectes recherchent la simplicit\u00e9 et l\u2019\u00e9vidence des choses. Une sorte d\u2019id\u00e9al o\u00f9 les \u00e9l\u00e9ments sont purs, \u00e9l\u00e9gants, et la complexit\u00e9 technique disparait en apparence. \u00bb, <\/em>souligne Jean MAS, Architecte Associ\u00e9, Ateliers 2\/3\/4\/.&nbsp;<\/p>\n\n\n\n<p>Ici l\u2019agence Ateliers 2\/3\/4\/ a pris le parti de laisser visible la structure b\u00e9ton au plafond dans toutes les salles de classe. Un choix \u00e0 la fois technique pour l\u2019inertie et esth\u00e9tique avec une sensation de hauteur plus importante dans chaque pi\u00e8ce. Les \u00eelots MINERAL Sonic Element sont align\u00e9s. Ils <strong>forment des bandes de mur \u00e0 mur, et alternent jeu de plein et de vide<\/strong>. Ils semblent flotter \u00e9l\u00e9gamment dans l\u2019air, suspendus au plafond \u00e0 l\u2019aide de c\u00e2bles et de crochets discrets. Leur <strong>teinte blanche sur les faces et les bords, et la chaleur de la laine min\u00e9rale, contrastent avec le gris de la dalle en b\u00e9ton brut<\/strong>.&nbsp;<\/p>\n\n\n\n<p>L\u2019oeil est attir\u00e9 naturellement sur ces \u00e9l\u00e9ments pleins, et les r\u00e9seaux, au-dessus et bien que visibles, paraissent dispara\u00eetre du champ de vision. Pas besoin \u00e9galement de pr\u00e9voir l\u2019int\u00e9gration de luminaires dans le plafond. <strong>L\u2019\u00e9clairage artificiel s\u2019installe en toute ind\u00e9pendance entre les rang\u00e9es d\u2019\u00eelots<\/strong>. Un gain de temps pour l\u2019entreprise de pose RGB.&nbsp;<\/p>\n\n\n\n<figure class=\"wp-block-gallery columns-2 is-cropped\"><ul class=\"blocks-gallery-grid\"><li class=\"blocks-gallery-item\"><figure><img loading=\"lazy\" width=\"720\" height=\"500\" src=\"https:\/\/i2.wp.com\/batimedianews.com\/live\/wp-content\/uploads\/2025\/02\/KnaufPhoto4.jpg?resize=720%2C500\" alt=\"\" data-id=\"42688\" data-full-url=\"https:\/\/i2.wp.com\/batimedianews.com\/live\/wp-content\/uploads\/2025\/02\/KnaufPhoto4.jpg?resize=720%2C500\" data-link=\"http:\/\/batimedianews.com\/live\/?attachment_id=42688\" class=\"wp-image-42688\" srcset=\"https:\/\/i2.wp.com\/batimedianews.com\/live\/wp-content\/uploads\/2025\/02\/KnaufPhoto4.jpg?w=746&amp;ssl=1 746w, https:\/\/i2.wp.com\/batimedianews.com\/live\/wp-content\/uploads\/2025\/02\/KnaufPhoto4.jpg?resize=768%2C533&amp;ssl=1 768w, https:\/\/i2.wp.com\/batimedianews.com\/live\/wp-content\/uploads\/2025\/02\/KnaufPhoto4.jpg?resize=432%2C300&amp;ssl=1 432w, https:\/\/i2.wp.com\/batimedianews.com\/live\/wp-content\/uploads\/2025\/02\/KnaufPhoto4.jpg?resize=396%2C275&amp;ssl=1 396w, https:\/\/i2.wp.com\/batimedianews.com\/live\/wp-content\/uploads\/2025\/02\/KnaufPhoto4.jpg?resize=660%2C458&amp;ssl=1 660w\" sizes=\"(max-width: 600px) 91vw, (max-width: 900px) 600px, (max-width: 1060px) 50vw, (max-width: 1200px) 520px, (max-width: 1400px) 43vw, 600px\" data-recalc-dims=\"1\" \/><\/figure><\/li><li class=\"blocks-gallery-item\"><figure><img loading=\"lazy\" width=\"720\" height=\"720\" src=\"https:\/\/i0.wp.com\/batimedianews.com\/live\/wp-content\/uploads\/2025\/02\/KnaufPhoto5.jpg?resize=720%2C720\" alt=\"\" data-id=\"42689\" data-full-url=\"http:\/\/batimedianews.com\/live\/wp-content\/uploads\/2025\/02\/KnaufPhoto5.jpg\" data-link=\"http:\/\/batimedianews.com\/live\/?attachment_id=42689\" class=\"wp-image-42689\" srcset=\"https:\/\/i0.wp.com\/batimedianews.com\/live\/wp-content\/uploads\/2025\/02\/KnaufPhoto5.jpg?resize=1024%2C1024&amp;ssl=1 1024w, https:\/\/i0.wp.com\/batimedianews.com\/live\/wp-content\/uploads\/2025\/02\/KnaufPhoto5.jpg?resize=600%2C600&amp;ssl=1 600w, https:\/\/i0.wp.com\/batimedianews.com\/live\/wp-content\/uploads\/2025\/02\/KnaufPhoto5.jpg?resize=300%2C300&amp;ssl=1 300w, https:\/\/i0.wp.com\/batimedianews.com\/live\/wp-content\/uploads\/2025\/02\/KnaufPhoto5.jpg?resize=1536%2C1536&amp;ssl=1 1536w, https:\/\/i0.wp.com\/batimedianews.com\/live\/wp-content\/uploads\/2025\/02\/KnaufPhoto5.jpg?resize=2048%2C2048&amp;ssl=1 2048w, https:\/\/i0.wp.com\/batimedianews.com\/live\/wp-content\/uploads\/2025\/02\/KnaufPhoto5.jpg?resize=10%2C10&amp;ssl=1 10w\" sizes=\"(max-width: 600px) 91vw, (max-width: 900px) 600px, (max-width: 1060px) 50vw, (max-width: 1200px) 520px, (max-width: 1400px) 43vw, 600px\" data-recalc-dims=\"1\" \/><\/figure><\/li><\/ul><figcaption class=\"blocks-gallery-caption\">Cr\u00e9dit photos Knauf Ceiling Solutions &#8211; Photographe Delphine COUTANT&nbsp;<\/figcaption><\/figure>\n\n\n\n<p class=\"has-medium-font-size\"><strong>\u2026 versus panneaux au design monolithique&nbsp;<\/strong><\/p>\n\n\n\n<p>Dans les circulations, les panneaux F-CLIP ACCESS conf\u00e8rent un design \u00e9pur\u00e9 aux plafonds gr\u00e2ce \u00e0 leur ossature cach\u00e9e et \u00e0 leur couleur d\u2019un blanc \u00e9clatant. Selon la largeur des couloirs, parfois importante, des formes carr\u00e9es ou rectangulaires viennent habiller les espaces.&nbsp;<\/p>\n\n\n\n<p class=\"has-text-align-center has-sm-light-primary-color has-text-color has-background\" style=\"background-color:#03aef8\"><em>\u00ab Le chantier a dur\u00e9 un peu plus d\u2019un an, avec 4 \u00e0 6 plafistes qui intervenaient quotidiennement. Il s\u2019est termin\u00e9 fin 2023 pour la partie plafonds et \u00eelots acoustiques. Qu\u2019il s\u2019agisse des \u00eelots ou des dalles, la pose \u00e9tait simple et rapide, une fois le calepinage r\u00e9alis\u00e9. Le point fort pour ce type de b\u00e2timent recevant du public, qui plus est jeune, est la simplicit\u00e9 d\u2019entretien et de maintenance. Les r\u00e9seaux sont accessibles entre les \u00eelots et pour les dalles, il suffit de basculer les bacs pour atteindre la technique. La p\u00e9rennit\u00e9 des solutions acoustiques est assur\u00e9e ! \u00bb, <\/em>d\u00e9taille Rapha\u00ebl ADAM, conducteur de travaux chez RGB.&nbsp;<\/p>\n\n\n\n<p><\/p>\n","protected":false},"excerpt":{"rendered":"<p>En septembre dernier, 380 \u00e9l\u00e8ves ont int\u00e9gr\u00e9 le nouveau Lyc\u00e9e international de Vincennes, premier \u00e9tablissement de ce type dans le Val-de-Marne et le 8\u00e8me pour la R\u00e9gion \u00cele-de-France (ma\u00eetre d\u2019ouvrage). Construit sur l\u2019ancienne friche industrielle de la Jarry, ce projet, d\u2019une superficie de 9 889 m\u00b2 SDP, s\u2019\u00e9l\u00e8ve entre deux typologies de b\u00e2tis : des [&hellip;]<\/p>\n","protected":false},"author":41,"featured_media":42691,"comment_status":"open","ping_status":"open","sticky":true,"template":"","format":"standard","meta":{"spay_email":""},"categories":[4,29,1693,862,94],"tags":[],"jetpack_featured_media_url":"https:\/\/i2.wp.com\/batimedianews.com\/live\/wp-content\/uploads\/2025\/02\/KnaufCeiling.jpg?fit=1513%2C825&ssl=1","jetpack_sharing_enabled":true,"jetpack_likes_enabled":true,"jetpack-related-posts":[{"id":38377,"url":"https:\/\/batimedianews.com\/live\/index.php\/2024\/07\/10\/varso-tower-a-varsovie-en-pologne-le-plus-haut-gratte-ciel-de-lunion-europeenne-shabille-de-solutions-acoustiques-sur-mesure-en-metal-knauf-ceiling-solutions\/","url_meta":{"origin":42684,"position":0},"title":"Varso Tower \u00e0 Varsovie en Pologne : Le plus haut gratte-ciel de l\u2019Union Europ\u00e9enne s\u2019habille de solutions acoustiques sur-mesure en m\u00e9tal KNAUF CEILING SOLUTIONS","date":"10 juillet 2024","format":false,"excerpt":"Cr\u00e9dit photo KNAUF CEILING SOLUTIONS - Photographe Szymon Pola\u0144ski\u00a0 Le plus grand gratte-ciel de l\u2019Union Europ\u00e9enne, d\u2019une hauteur de 310 m, s\u2019\u00e9l\u00e8ve au coeur de Varsovie en Pologne. Baptis\u00e9 Varso Tower et imagin\u00e9 par l\u2019agence d\u2019architecture Foster + Partners, ce programme accueille des bureaux sur 53 \u00e9tages. Il a \u00e9t\u00e9\u2026","rel":"","context":"Dans &quot;Acoustique&quot;","img":{"alt_text":"","src":"https:\/\/i0.wp.com\/batimedianews.com\/live\/wp-content\/uploads\/2024\/07\/KnaufCeiling.jpg?fit=1100%2C600&ssl=1&resize=350%2C200","width":350,"height":200},"classes":[]},{"id":31684,"url":"https:\/\/batimedianews.com\/live\/index.php\/2023\/10\/06\/nouveau-programme-de-recyclage-des-dalles-minerales-knauf-ceiling-solutions\/","url_meta":{"origin":42684,"position":1},"title":"Nouveau programme de recyclage des dalles min\u00e9rales KNAUF CEILING SOLUTIONS","date":"6 octobre 2023","format":false,"excerpt":"\u00a0Poursuivant sa strat\u00e9gie de d\u00e9veloppement durable et en accord avec la REP PMCB, KNAUF CEILING SOLUTIONS lance son programme de recyclage pour ses dalles min\u00e9rales*. Le sp\u00e9cialiste des plafonds acoustiques multi-mat\u00e9riaux a investi dans de nouveaux \u00e9quipements sur son site de Pontarlier (25) afin de pouvoir r\u00e9int\u00e9grer dans son processus\u2026","rel":"","context":"Dans &quot;Actualit\u00e9 Entreprises&quot;","img":{"alt_text":"","src":"https:\/\/i0.wp.com\/batimedianews.com\/live\/wp-content\/uploads\/2023\/09\/KnaufCeiling-articles.jpg?fit=825%2C825&ssl=1&resize=350%2C200","width":350,"height":200},"classes":[]},{"id":33237,"url":"https:\/\/batimedianews.com\/live\/index.php\/2023\/11\/22\/knauf-ceiling-solutions-sas-distingue-de-la-medaille-dargent-ecovadis-pour-ses-engagements-en-matiere-de-rse\/","url_meta":{"origin":42684,"position":2},"title":"KNAUF CEILING SOLUTIONS SAS distingu\u00e9 de la m\u00e9daille d\u2019Argent EcoVadis pour ses engagements en mati\u00e8re de RSE","date":"22 novembre 2023","format":false,"excerpt":"\u00a0Pour sa premi\u00e8re participation, KNAUF CEILING SOLUTIONS SAS* s\u2019est vu d\u00e9cerner une m\u00e9daille d\u2019Argent par EcoVadis, plateforme mondiale d\u2019\u00e9valuation des performances RSE des entreprises. Sa note de 66\/100 et son classement au 88\u00e8me percentile de l\u2019ensemble des soci\u00e9t\u00e9s \u00e9valu\u00e9es par EcoVadis soulignent son engagement envers des initiatives durables. \u00c0 3\u2026","rel":"","context":"Dans &quot;Actualit\u00e9 Entreprises&quot;","img":{"alt_text":"","src":"https:\/\/i0.wp.com\/batimedianews.com\/live\/wp-content\/uploads\/2023\/11\/knauf-ceiling-Image-articles-.jpg?fit=825%2C825&ssl=1&resize=350%2C200","width":350,"height":200},"classes":[]},{"id":17016,"url":"https:\/\/batimedianews.com\/live\/index.php\/2022\/03\/08\/knauf-ceiling-solutions-un-acteur-industriel-qui-investit-et-recrute-sur-le-territoire-francais\/","url_meta":{"origin":42684,"position":3},"title":"KNAUF CEILING SOLUTIONS, un acteur industriel qui investit et recrute sur le territoire fran\u00e7ais","date":"8 mars 2022","format":false,"excerpt":"\u00a0Cr\u00e9ation de plus de 30 postes dans le Doubs (25) et l\u2019Eure-et-Loir (28)\u00a0 En haut : Site de Pontarlier ; En bas \u00e0 gauche : Site de Valenciennes ; En bas \u00e0 droite : Site de Dreux\u00a0Cr\u00e9dit photos KNAUF CEILING SOLUTIONS\u00a0 Le recrutement est aujourd\u2019hui un v\u00e9ritable enjeu dans le\u2026","rel":"","context":"Dans &quot;Actualit\u00e9 Entreprises&quot;","img":{"alt_text":"","src":"https:\/\/i0.wp.com\/batimedianews.com\/live\/wp-content\/uploads\/2022\/03\/KnaufCeiling-Article.jpg?fit=512%2C512&ssl=1&resize=350%2C200","width":350,"height":200},"classes":[]},{"id":43037,"url":"https:\/\/batimedianews.com\/live\/index.php\/2025\/02\/19\/topiq-alpha-de-knauf-ceiling-solutions-une-nouvelle-gamme-de-plafonds-acoustiques-plus-blanche-et-plus-lisse\/","url_meta":{"origin":42684,"position":4},"title":"TOPIQ\u00ae Alpha de Knauf Ceiling Solutions : Une nouvelle gamme de plafonds acoustiques plus blanche et plus lisse","date":"19 f\u00e9vrier 2025","format":false,"excerpt":"\u00a0Knauf Ceiling Solutions, sp\u00e9cialiste des plafonds acoustiques, poursuit ses d\u00e9veloppements produits avec le lancement de TOPIQ\u00ae Alpha. Le nom de cette nouvelle gamme min\u00e9rale lamin\u00e9e en laine de roche (soft) fait r\u00e9f\u00e9rence \u00e0 son haut niveau d\u2019absorption acoustique (classe A - coefficient \u03b1w 1.00 en 20 mm et 0.95 en\u2026","rel":"","context":"Dans &quot;Acoustique&quot;","img":{"alt_text":"","src":"https:\/\/i1.wp.com\/batimedianews.com\/live\/wp-content\/uploads\/2025\/02\/KnaufCeiling-1.jpg?fit=825%2C825&ssl=1&resize=350%2C200","width":350,"height":200},"classes":[]},{"id":33880,"url":"https:\/\/batimedianews.com\/live\/index.php\/2023\/12\/14\/knauf-ceiling-solutions-lance-sa-nouvelle-dalle-de-plafond-scalacoustic-quand-economique-rime-avec-acoustique-et-esthetique\/","url_meta":{"origin":42684,"position":5},"title":"KNAUF CEILING SOLUTIONS lance sa nouvelle dalle de plafond SCALACOUSTIC : quand \u00e9conomique rime avec acoustique et esth\u00e9tique","date":"14 d\u00e9cembre 2023","format":false,"excerpt":"\u00a0Qu\u2019il s\u2019agisse de construction ou de r\u00e9novation, lorsqu\u2019il faut entreprendre des travaux, le premier enjeu des ma\u00eetres d\u2019\u0153uvre et d\u2019ouvrage est le respect du budget. D\u2019autant plus vrai dans le public, o\u00f9 les enveloppes tendent \u00e0 se r\u00e9duire. Pour r\u00e9pondre \u00e0 cette probl\u00e9matique du march\u00e9, les industriels doivent imaginer des\u2026","rel":"","context":"Dans &quot;Acoustique&quot;","img":{"alt_text":"","src":"https:\/\/i2.wp.com\/batimedianews.com\/live\/wp-content\/uploads\/2023\/12\/Knauf-Ceiling-Image-articles-.jpg?fit=825%2C825&ssl=1&resize=350%2C200","width":350,"height":200},"classes":[]}],"_links":{"self":[{"href":"https:\/\/batimedianews.com\/live\/index.php\/wp-json\/wp\/v2\/posts\/42684"}],"collection":[{"href":"https:\/\/batimedianews.com\/live\/index.php\/wp-json\/wp\/v2\/posts"}],"about":[{"href":"https:\/\/batimedianews.com\/live\/index.php\/wp-json\/wp\/v2\/types\/post"}],"author":[{"embeddable":true,"href":"https:\/\/batimedianews.com\/live\/index.php\/wp-json\/wp\/v2\/users\/41"}],"replies":[{"embeddable":true,"href":"https:\/\/batimedianews.com\/live\/index.php\/wp-json\/wp\/v2\/comments?post=42684"}],"version-history":[{"count":2,"href":"https:\/\/batimedianews.com\/live\/index.php\/wp-json\/wp\/v2\/posts\/42684\/revisions"}],"predecessor-version":[{"id":42826,"href":"https:\/\/batimedianews.com\/live\/index.php\/wp-json\/wp\/v2\/posts\/42684\/revisions\/42826"}],"wp:featuredmedia":[{"embeddable":true,"href":"https:\/\/batimedianews.com\/live\/index.php\/wp-json\/wp\/v2\/media\/42691"}],"wp:attachment":[{"href":"https:\/\/batimedianews.com\/live\/index.php\/wp-json\/wp\/v2\/media?parent=42684"}],"wp:term":[{"taxonomy":"category","embeddable":true,"href":"https:\/\/batimedianews.com\/live\/index.php\/wp-json\/wp\/v2\/categories?post=42684"},{"taxonomy":"post_tag","embeddable":true,"href":"https:\/\/batimedianews.com\/live\/index.php\/wp-json\/wp\/v2\/tags?post=42684"}],"curies":[{"name":"wp","href":"https:\/\/api.w.org\/{rel}","templated":true}]}}