{"id":42898,"date":"2025-02-13T11:39:53","date_gmt":"2025-02-13T10:39:53","guid":{"rendered":"http:\/\/batimedianews.com\/live\/?p=42898"},"modified":"2025-02-13T11:39:55","modified_gmt":"2025-02-13T10:39:55","slug":"les-laureats-des-jeunes-talents-cfai-2025","status":"publish","type":"post","link":"https:\/\/batimedianews.com\/live\/index.php\/2025\/02\/13\/les-laureats-des-jeunes-talents-cfai-2025\/","title":{"rendered":"Les Laur\u00e9ats des jeunes talents CFAI &#8211; 2025"},"content":{"rendered":"\n<h1 class=\"has-text-align-center\">LE CONCOURS<\/h1>\n\n\n\n<p><strong>Le CFAI<\/strong>&nbsp;\u2013 Conseil Fran\u00e7ais des Architectes d&rsquo;int\u00e9rieur \u2013 a organis\u00e9 &#8211; afin de valoriser les talents de demain et la formation de qualit\u00e9 en France &#8211; son premier concours d&rsquo;architecture int\u00e9rieure ouvert aux \u00e9tudiants dipl\u00f4m\u00e9s laur\u00e9ats des \u00e9coles reconnues par le CFAI.<\/p>\n\n\n\n<p>Pour participer au&nbsp;<strong>CONCOURS DES JEUNES TALENTS CFAI \u2013 2025<\/strong>, chaque candidat devait remettre leur projet en traitant prioritairement de la th\u00e9matique de l&rsquo;architecture int\u00e9rieure. En ce sens, le projet devrait faire la d\u00e9monstration d&rsquo;un savoir-faire en termes d&rsquo;analyse du cadre b\u00e2ti, de la gestion des volumes et des espaces, de la prise en compte des pr\u00e9occupations ergonomiques, acoustiques, d&rsquo;\u00e9clairage, des enjeux r\u00e9glementaires ou normatifs, du souci des d\u00e9tails techniques et esth\u00e9tiques, et cela tant du point de vue de la cr\u00e9ativit\u00e9 que de la d\u00e9marche prospective, technique et de la communication notamment.<\/p>\n\n\n\n<p>Le jury a \u00e9t\u00e9 constitu\u00e9 de Lucas MADANI de l&rsquo;agence Hauvette &amp; Madani, Pr\u00e9sident du Jury, de Richard BAGUR, Pr\u00e9sident du CFAI, de Guillaume Grange de l&rsquo;agence AAGROUP, de Sophie GREEN, architecte d&rsquo;int\u00e9rieur europ\u00e9en membre de l&rsquo;ECIA, de Marie Noel Blanjot, Pr\u00e9sidente de l&rsquo;UNAID, de Jean &#8211; Fran\u00e7ois Gacogne, Pr\u00e9sident de la commission reconnaissance de comp\u00e9tence, d&rsquo;Arnaud Lenoir de l&rsquo;agence Black Stones, de Nathalie Degardin, r\u00e9dactrice en chef de la revue A VIVRE ARCHITECTURE.<\/p>\n\n\n\n<p>Les projets s\u00e9lectionn\u00e9s ont \u00e9t\u00e9 soumis au jury qui a d\u00e9sign\u00e9 et a r\u00e9compens\u00e9 les dipl\u00f4mes laur\u00e9ats du concours d\u00e9sign\u00e9s comme \u00ab<strong>&nbsp;JEUNES TALENTS CFAI 2025<\/strong>&nbsp;\u00bb pour la qualit\u00e9 globale de leur d\u00e9marche cr\u00e9ative et technique et, pour leur repr\u00e9sentativit\u00e9 de la profession d&rsquo;architecte d&rsquo;int\u00e9rieur.<\/p>\n\n\n\n<h1 class=\"has-text-align-center\">LES LAUR\u00c9ATS<\/h1>\n\n\n\n<h2 class=\"has-text-align-center\"><strong>1<sup>ER<\/sup> PRIX &#8211; MATHILDE DEGONZAGUE <\/strong><\/h2>\n\n\n\n<p class=\"has-text-align-center\">ECOLE PENNINGHEN &#8211; PARIS 2024<\/p>\n\n\n\n<div class=\"wp-block-image\"><figure class=\"aligncenter size-full\"><img loading=\"lazy\" width=\"336\" height=\"388\" src=\"https:\/\/i2.wp.com\/batimedianews.com\/live\/wp-content\/uploads\/2025\/02\/image-96.png?resize=336%2C388\" alt=\"\" class=\"wp-image-42899\" srcset=\"https:\/\/i2.wp.com\/batimedianews.com\/live\/wp-content\/uploads\/2025\/02\/image-96.png?w=336&amp;ssl=1 336w, https:\/\/i2.wp.com\/batimedianews.com\/live\/wp-content\/uploads\/2025\/02\/image-96.png?resize=768%2C886&amp;ssl=1 768w\" sizes=\"(max-width: 600px) 91vw, (max-width: 900px) 600px, (max-width: 1060px) 50vw, (max-width: 1200px) 520px, (max-width: 1400px) 43vw, 600px\" data-recalc-dims=\"1\" \/><\/figure><\/div>\n\n\n\n<p><strong>PYROTH\u00c8QUE<\/strong><\/p>\n\n\n\n<p><em>M\u00e9moire d&rsquo;\u00e9difices consum\u00e9s.<\/em><\/p>\n\n\n\n<p>15 avril 2024. Un virage, et les couleurs changeaient : ocre, orange, rouge \u00e0 perte de vue. Le bois noirci, la terre br\u00fbl\u00e9e. Ce virage marquait la limite. C&rsquo;est ici que l&rsquo;incendie avait commenc\u00e9 ou, peut-\u00eatre, s&rsquo;\u00e9tait arr\u00eat\u00e9. L&rsquo;\u00e9t\u00e9 2022, sur cette montagne en feu, miraculeusement, les flammes s&rsquo;\u00e9taient arr\u00eat\u00e9es exactement \u00e0 l&rsquo;entr\u00e9e de la petite chapelle. C&rsquo;est ici, dans les Monts d&rsquo;Arr\u00e9e, que je veux rendre hommage aux \u00e9difices consum\u00e9s. Le projet Pyroth\u00e8que na\u00eet sur cette terre br\u00fbl\u00e9e, au pied de la chapelle sauv\u00e9e. Il r\u00e9pertorie le patrimoine touch\u00e9 par le feu, rassemblant leurs vestiges jusqu&rsquo;alors jamais montr\u00e9s, voire cach\u00e9s. Ce projet honore nos architectures parties dans les flammes. Car, au sein de celui-ci, le feu poss\u00e8de une m\u00e9moire.<\/p>\n\n\n\n<div class=\"wp-block-image\"><figure class=\"aligncenter size-full\"><img loading=\"lazy\" width=\"572\" height=\"658\" src=\"https:\/\/i1.wp.com\/batimedianews.com\/live\/wp-content\/uploads\/2025\/02\/image-97.png?resize=572%2C658\" alt=\"\" class=\"wp-image-42900\" srcset=\"https:\/\/i1.wp.com\/batimedianews.com\/live\/wp-content\/uploads\/2025\/02\/image-97.png?w=572&amp;ssl=1 572w, https:\/\/i1.wp.com\/batimedianews.com\/live\/wp-content\/uploads\/2025\/02\/image-97.png?resize=768%2C883&amp;ssl=1 768w, https:\/\/i1.wp.com\/batimedianews.com\/live\/wp-content\/uploads\/2025\/02\/image-97.png?resize=432%2C497&amp;ssl=1 432w, https:\/\/i1.wp.com\/batimedianews.com\/live\/wp-content\/uploads\/2025\/02\/image-97.png?resize=396%2C456&amp;ssl=1 396w\" sizes=\"(max-width: 600px) 91vw, (max-width: 900px) 600px, (max-width: 1060px) 50vw, (max-width: 1200px) 520px, (max-width: 1400px) 43vw, 600px\" data-recalc-dims=\"1\" \/><\/figure><\/div>\n\n\n\n<h2 class=\"has-text-align-center\"><strong>2<sup>E<\/sup> PRIX &#8211; CHLO\u00c9 GAMS<\/strong><\/h2>\n\n\n\n<p class=\"has-text-align-center\">ECOLE BLEUE &#8211; PARIS 2024<\/p>\n\n\n\n<div class=\"wp-block-image\"><figure class=\"aligncenter size-full\"><img loading=\"lazy\" width=\"336\" height=\"384\" src=\"https:\/\/i2.wp.com\/batimedianews.com\/live\/wp-content\/uploads\/2025\/02\/image-98.png?resize=336%2C384\" alt=\"\" class=\"wp-image-42901\" srcset=\"https:\/\/i2.wp.com\/batimedianews.com\/live\/wp-content\/uploads\/2025\/02\/image-98.png?w=336&amp;ssl=1 336w, https:\/\/i2.wp.com\/batimedianews.com\/live\/wp-content\/uploads\/2025\/02\/image-98.png?resize=768%2C877&amp;ssl=1 768w, https:\/\/i2.wp.com\/batimedianews.com\/live\/wp-content\/uploads\/2025\/02\/image-98.png?resize=10%2C10&amp;ssl=1 10w\" sizes=\"(max-width: 600px) 91vw, (max-width: 900px) 600px, (max-width: 1060px) 50vw, (max-width: 1200px) 520px, (max-width: 1400px) 43vw, 600px\" data-recalc-dims=\"1\" \/><\/figure><\/div>\n\n\n\n<p><strong>ALLURE<\/strong><\/p>\n\n\n\n<p>L&rsquo;h\u00f4tel \u00e9questre Allure est un lieu exceptionnel en communion avec la nature et ce qui l&rsquo;entoure. Cet \u00e9tablissement haut de gamme saura recevoir tous les amoureux du monde \u00e9questre au Domaine du Valvion. Des suites spacieuses sont install\u00e9es au plus proche des pensionnaires, enveloppantes et chaleureuses La charpente d&rsquo;origine, exceptionnelle par sa finesse et sa continuit\u00e9, n\u00e9cessitera une attention toute particuli\u00e8re. Les briques rouges typiques du nord de la France seront mises en valeur et contribueront au charme du lieu.<\/p>\n\n\n\n<p>Des lignes contemporaines se r\u00e9v\u00e8leront au c\u0153ur de ce fer \u00e0 cheval, cr\u00e9ant diff\u00e9rents espaces et ambiances. L&rsquo;enjeu dans ce projet est de tisser un lien esth\u00e9tique et \u00e9motionnel entre l&rsquo;h\u00f4tel et le centre \u00e9questre, tout en maintenant une barri\u00e8re physique qui prot\u00e8ge les nuisances olfactives ou auditives afin de pr\u00e9server le confort et le bien-\u00eatre des clients.<\/p>\n\n\n\n<div class=\"wp-block-image\"><figure class=\"aligncenter size-full\"><img loading=\"lazy\" width=\"568\" height=\"658\" src=\"https:\/\/i0.wp.com\/batimedianews.com\/live\/wp-content\/uploads\/2025\/02\/image-99.png?resize=568%2C658\" alt=\"\" class=\"wp-image-42902\" srcset=\"https:\/\/i0.wp.com\/batimedianews.com\/live\/wp-content\/uploads\/2025\/02\/image-99.png?w=568&amp;ssl=1 568w, https:\/\/i0.wp.com\/batimedianews.com\/live\/wp-content\/uploads\/2025\/02\/image-99.png?resize=768%2C889&amp;ssl=1 768w, https:\/\/i0.wp.com\/batimedianews.com\/live\/wp-content\/uploads\/2025\/02\/image-99.png?resize=432%2C500&amp;ssl=1 432w, https:\/\/i0.wp.com\/batimedianews.com\/live\/wp-content\/uploads\/2025\/02\/image-99.png?resize=396%2C459&amp;ssl=1 396w\" sizes=\"(max-width: 600px) 91vw, (max-width: 900px) 600px, (max-width: 1060px) 50vw, (max-width: 1200px) 520px, (max-width: 1400px) 43vw, 600px\" data-recalc-dims=\"1\" \/><\/figure><\/div>\n\n\n\n<h2 class=\"has-text-align-center\"><strong>3<sup>E<\/sup> PRIX &#8211; NATACHA LEBRETON<\/strong><\/h2>\n\n\n\n<p class=\"has-text-align-center\">ECOLE ESAM DESIGN &#8211; PARIS 2024<\/p>\n\n\n\n<div class=\"wp-block-image\"><figure class=\"aligncenter size-full\"><img loading=\"lazy\" width=\"336\" height=\"386\" src=\"https:\/\/i2.wp.com\/batimedianews.com\/live\/wp-content\/uploads\/2025\/02\/image-100.png?resize=336%2C386\" alt=\"\" class=\"wp-image-42903\" srcset=\"https:\/\/i2.wp.com\/batimedianews.com\/live\/wp-content\/uploads\/2025\/02\/image-100.png?w=336&amp;ssl=1 336w, https:\/\/i2.wp.com\/batimedianews.com\/live\/wp-content\/uploads\/2025\/02\/image-100.png?resize=768%2C882&amp;ssl=1 768w, https:\/\/i2.wp.com\/batimedianews.com\/live\/wp-content\/uploads\/2025\/02\/image-100.png?resize=10%2C10&amp;ssl=1 10w\" sizes=\"(max-width: 600px) 91vw, (max-width: 900px) 600px, (max-width: 1060px) 50vw, (max-width: 1200px) 520px, (max-width: 1400px) 43vw, 600px\" data-recalc-dims=\"1\" \/><\/figure><\/div>\n\n\n\n<p><strong>COSMOS<\/strong><\/p>\n\n\n\n<p>Le projet Cosmos, un espace enti\u00e8rement d\u00e9di\u00e9 \u00e0 l&rsquo;astronomie s&rsquo;inscrit dans une d\u00e9marche de reconnexion avec le ciel nocturne. L&rsquo;architecture int\u00e9rieure du lieu est repens\u00e9e afin de permettre de nous reconnecter avec le ciel profond. Centr\u00e9 sur la compr\u00e9hension, l&rsquo;exploration et l&rsquo;observation de la vo\u00fbte c\u00e9leste en zone p\u00e9riurbaine, le projet r\u00e9invente les espaces d&rsquo;observation traditionnels (plan\u00e9tarium et observatoire) afin de cr\u00e9er de nouveaux espaces de partages et d&rsquo;\u00e9changes \u00e0 l&rsquo;\u00e9coute de la nuit. L&rsquo;architecture int\u00e9rieure sculpte les espaces en s&rsquo;inspirant de concepts cl\u00e9s de la cosmologie : le vide, l&rsquo;infini, l&rsquo;espace-temps, les notions de taille et distances ou encore les objets cosmologiques (trou de ver \/ trou noir).<\/p>\n\n\n\n<p>Avec le Plan\u00e9torium, le parcours se cl\u00f4ture dans l&rsquo;une des 5 chambres du Cosmos H\u00f4tel, permettant de se plonger dans les profondeurs de la nuit. L&rsquo;objet central de chacune des chambres est le ciel qui, gr\u00e2ce aux oculi, devient le point de gravit\u00e9 des diff\u00e9rents \u00e9l\u00e9ments de mobilier. Les espaces ouverts et l&rsquo;environnement feutr\u00e9 suscitent une sensation d&rsquo;intimit\u00e9 et de tranquillit\u00e9.<\/p>\n\n\n\n<div class=\"wp-block-image\"><figure class=\"aligncenter size-full\"><img loading=\"lazy\" width=\"570\" height=\"656\" src=\"https:\/\/i1.wp.com\/batimedianews.com\/live\/wp-content\/uploads\/2025\/02\/image-101.png?resize=570%2C656\" alt=\"\" class=\"wp-image-42904\" srcset=\"https:\/\/i1.wp.com\/batimedianews.com\/live\/wp-content\/uploads\/2025\/02\/image-101.png?w=570&amp;ssl=1 570w, https:\/\/i1.wp.com\/batimedianews.com\/live\/wp-content\/uploads\/2025\/02\/image-101.png?resize=768%2C883&amp;ssl=1 768w, https:\/\/i1.wp.com\/batimedianews.com\/live\/wp-content\/uploads\/2025\/02\/image-101.png?resize=432%2C497&amp;ssl=1 432w, https:\/\/i1.wp.com\/batimedianews.com\/live\/wp-content\/uploads\/2025\/02\/image-101.png?resize=396%2C456&amp;ssl=1 396w\" sizes=\"(max-width: 600px) 91vw, (max-width: 900px) 600px, (max-width: 1060px) 50vw, (max-width: 1200px) 520px, (max-width: 1400px) 43vw, 600px\" data-recalc-dims=\"1\" \/><\/figure><\/div>\n\n\n\n<h2 class=\"has-text-align-center\"><strong>PRIX COUP DE COEUR &#8211; ALICE LOUAULT<\/strong><\/h2>\n\n\n\n<p class=\"has-text-align-center\">IFAP &#8211; PLESCOP &#8211; 2024<\/p>\n\n\n\n<div class=\"wp-block-image\"><figure class=\"aligncenter size-full\"><img loading=\"lazy\" width=\"336\" height=\"386\" src=\"https:\/\/i1.wp.com\/batimedianews.com\/live\/wp-content\/uploads\/2025\/02\/image-102.png?resize=336%2C386\" alt=\"\" class=\"wp-image-42905\" srcset=\"https:\/\/i1.wp.com\/batimedianews.com\/live\/wp-content\/uploads\/2025\/02\/image-102.png?w=336&amp;ssl=1 336w, https:\/\/i1.wp.com\/batimedianews.com\/live\/wp-content\/uploads\/2025\/02\/image-102.png?resize=768%2C882&amp;ssl=1 768w, https:\/\/i1.wp.com\/batimedianews.com\/live\/wp-content\/uploads\/2025\/02\/image-102.png?resize=10%2C10&amp;ssl=1 10w\" sizes=\"(max-width: 600px) 91vw, (max-width: 900px) 600px, (max-width: 1060px) 50vw, (max-width: 1200px) 520px, (max-width: 1400px) 43vw, 600px\" data-recalc-dims=\"1\" \/><\/figure><\/div>\n\n\n\n<p><strong>LA REINETTE &#8211; Une maison d&rsquo;h\u00f4tes \u00e0 la campagne.<\/strong><\/p>\n\n\n\n<p>Le projet consiste \u00e0 r\u00e9habiliter un corps de ferme situ\u00e9 dans un \u00e9crin de verdure au c\u0153ur du parc de la Bri\u00e8re. Cette b\u00e2tisse accueille une maison d&rsquo;h\u00f4tes int\u00e9gr\u00e9e dans le contexte du site. Alice Louault a mis un point d&rsquo;honneur \u00e0 la valorisation du patrimoine, du terroir et au respect de l&rsquo;histoire du lieu. Ainsi, chaque intervention architecturale imagin\u00e9e a \u00e9t\u00e9 faite en corr\u00e9lation avec le b\u00e2ti d&rsquo;origine.<\/p>\n\n\n\n<p>L&rsquo;intention du projet, c&rsquo;est l&rsquo;art de vivre, de recevoir dans un espace convivial et transmettre une \u00e9motion entre l&rsquo;environnement et le moment pass\u00e9 au sein du site. La vie \u00e0 la campagne, les traditions ont \u00e9t\u00e9 ses inspirations. C&rsquo;est un projet ancr\u00e9 dans une dualit\u00e9 entre ruralit\u00e9 et contemporain, des mati\u00e8res et des formes feront \u00e9cho \u00e0 la nature environnante. Une \u00e9picerie aux allures de garde-manger compl\u00e9tera l&rsquo;exp\u00e9rience des h\u00f4tes. Un lieu de vie o\u00f9 qui rassemble et f\u00e9d\u00e8re. \u00ab La reinette \u00bb est le nom donn\u00e9 en r\u00e9f\u00e9rence aux grenouilles qui viennent se fondre d\u00e9licatement dans la verdure.<\/p>\n\n\n\n<figure class=\"wp-block-image size-full\"><img loading=\"lazy\" width=\"572\" height=\"940\" src=\"https:\/\/i0.wp.com\/batimedianews.com\/live\/wp-content\/uploads\/2025\/02\/image-103.png?resize=572%2C940\" alt=\"\" class=\"wp-image-42906\" srcset=\"https:\/\/i0.wp.com\/batimedianews.com\/live\/wp-content\/uploads\/2025\/02\/image-103.png?w=572&amp;ssl=1 572w, https:\/\/i0.wp.com\/batimedianews.com\/live\/wp-content\/uploads\/2025\/02\/image-103.png?resize=768%2C1262&amp;ssl=1 768w, https:\/\/i0.wp.com\/batimedianews.com\/live\/wp-content\/uploads\/2025\/02\/image-103.png?resize=432%2C710&amp;ssl=1 432w, https:\/\/i0.wp.com\/batimedianews.com\/live\/wp-content\/uploads\/2025\/02\/image-103.png?resize=396%2C651&amp;ssl=1 396w\" sizes=\"(max-width: 600px) 91vw, (max-width: 900px) 600px, (max-width: 1060px) 50vw, (max-width: 1200px) 520px, (max-width: 1400px) 43vw, 600px\" data-recalc-dims=\"1\" \/><\/figure>\n\n\n\n<p><\/p>\n","protected":false},"excerpt":{"rendered":"<p>LE CONCOURS Le CFAI&nbsp;\u2013 Conseil Fran\u00e7ais des Architectes d&rsquo;int\u00e9rieur \u2013 a organis\u00e9 &#8211; afin de valoriser les talents de demain et la formation de qualit\u00e9 en France &#8211; son premier concours d&rsquo;architecture int\u00e9rieure ouvert aux \u00e9tudiants dipl\u00f4m\u00e9s laur\u00e9ats des \u00e9coles reconnues par le CFAI. Pour participer au&nbsp;CONCOURS DES JEUNES TALENTS CFAI \u2013 2025, chaque candidat [&hellip;]<\/p>\n","protected":false},"author":41,"featured_media":42907,"comment_status":"open","ping_status":"open","sticky":true,"template":"","format":"standard","meta":{"spay_email":""},"categories":[4,1256,1862],"tags":[],"jetpack_featured_media_url":"https:\/\/i0.wp.com\/batimedianews.com\/live\/wp-content\/uploads\/2025\/02\/CFAI-articles-.jpg?fit=1513%2C825&ssl=1","jetpack_sharing_enabled":true,"jetpack_likes_enabled":true,"jetpack-related-posts":[{"id":43384,"url":"https:\/\/batimedianews.com\/live\/index.php\/2025\/03\/06\/ynov-et-formica-lancent-le-concours-national-darchitecture-dinterieur-talents-darchi\/","url_meta":{"origin":42898,"position":0},"title":"YNOV et FORMICA\u00ae lancent le concours national d\u2019architecture d\u2019int\u00e9rieur \u00ab talents d\u2019archi \u00bb","date":"6 mars 2025","format":false,"excerpt":"Ynov et Formica Group, premier fabricant mondial de stratifi\u00e9s haute pression, annoncent le lancement de \"Talents d\u2019Archi \", un concours national d\u2019architecture d\u2019int\u00e9rieur destin\u00e9 aux lyc\u00e9ens de Terminale et aux \u00e9tudiants en architecture d\u2019int\u00e9rieur d\u2019Ynov. La finale de cet \u00e9v\u00e9nement se tiendra le 16 mai 2025 au Couvent des R\u00e9collets,\u2026","rel":"","context":"Dans &quot;Actualit\u00e9 Entreprises&quot;","img":{"alt_text":"","src":"https:\/\/i1.wp.com\/batimedianews.com\/live\/wp-content\/uploads\/2025\/03\/Ynov-articles-.jpg?fit=825%2C825&ssl=1&resize=350%2C200","width":350,"height":200},"classes":[]},{"id":35617,"url":"https:\/\/batimedianews.com\/live\/index.php\/2024\/02\/27\/forbo-flooring-et-dezeen-lancent-un-concours-international-de-design-le-marmoleum-design-challenge-appel-a-candidatures\/","url_meta":{"origin":42898,"position":1},"title":"FORBO FLOORING et DEZEEN lancent un concours international de design, le Marmoleum design challenge appel \u00e0 candidatures !","date":"27 f\u00e9vrier 2024","format":false,"excerpt":"Forbo Flooring, expert en rev\u00eatements de sol souples, et Dezeen1, magazine en ligne d\u2019architecture, d\u2019agencement int\u00e9rieur et de design, comptant plus de 3 millions de lecteurs mensuels et 7 millions d\u2019abonn\u00e9s sur les r\u00e9seaux sociaux, s\u2019associent pour le lancement d\u2019un concours international. Ce Marmoleum Design Challenge s\u2019adresse aux cr\u00e9ateurs (\u00e0\u2026","rel":"","context":"Dans &quot;Actualit\u00e9 Entreprises&quot;","img":{"alt_text":"","src":"https:\/\/i1.wp.com\/batimedianews.com\/live\/wp-content\/uploads\/2024\/02\/forbo-1.jpg?fit=825%2C825&ssl=1&resize=350%2C200","width":350,"height":200},"classes":[]},{"id":1182,"url":"https:\/\/batimedianews.com\/live\/index.php\/2019\/04\/23\/le-concours-bim-2019-au-coeur-des-pyramides-devry-courcouronnes\/","url_meta":{"origin":42898,"position":2},"title":"Le Concours BIM 2019, au c\u0153ur des Pyramides d\u2019\u00c9vry-Courcouronnes","date":"23 avril 2019","format":false,"excerpt":"Pour la quatri\u00e8me \u00e9dition du Concours BIM, Polantis s\u2019est associ\u00e9 \u00e0 \u00c9vry-Courcouronnes et situe le projet sur lequel les candidats du concours devront plancher au c\u0153ur du mythique quartier des Pyramides. Cette \u00e9dition soul\u00e8ve plus fortement que pr\u00e9c\u00e9demment la question du contexte urbain et social : quelle architecture pour quel\u2026","rel":"","context":"Dans &quot;Actualit\u00e9 Entreprises&quot;","img":{"alt_text":"","src":"https:\/\/i0.wp.com\/batimedianews.com\/live\/wp-content\/uploads\/2019\/08\/concours.jpg?fit=721%2C359&ssl=1&resize=350%2C200","width":350,"height":200},"classes":[]},{"id":29079,"url":"https:\/\/batimedianews.com\/live\/index.php\/2023\/06\/05\/parcours-atypiques-generation-z-ouverture-sur-le-territoire-zoom-sur-les-tendances-emploi-qui-seront-decryptees-a-paysalia-2023\/","url_meta":{"origin":42898,"position":3},"title":"Parcours atypiques , g\u00e9n\u00e9ration Z ,  ouverture sur le territoire &#8230; zoom sur les tendances  \u201cemploi\u201d qui seront d\u00e9crypt\u00e9es \u00e0 PAYSALIA 2023 !","date":"5 juin 2023","format":false,"excerpt":"Jardinier-paysagiste, paysagiste-concepteur, ma\u00eetre d\u2019oeuvre, dessinateur, installateur de bassins, reboiseur\u2026 La fili\u00e8re du paysage rassemble plus de 100 000 actifs aux expertises tr\u00e8s vari\u00e9es, \u00e0 travers la France enti\u00e8re. Un secteur dynamique, port\u00e9 par des passionn\u00e9s de nature et de cr\u00e9ation, mais qui doit renforcer son attractivit\u00e9. Selon la derni\u00e8re \u00e9tude\u2026","rel":"","context":"Dans &quot;Actualit\u00e9s salons&quot;","img":{"alt_text":"","src":"https:\/\/i0.wp.com\/batimedianews.com\/live\/wp-content\/uploads\/2023\/06\/Paysalia-Article.jpg?fit=1080%2C1080&ssl=1&resize=350%2C200","width":350,"height":200},"classes":[]},{"id":263,"url":"https:\/\/batimedianews.com\/live\/index.php\/2018\/10\/12\/resultats-de-la-17eme-edition-du-palmares-architecture-aluminium-technal\/","url_meta":{"origin":42898,"position":4},"title":"R\u00c9SULTATS DE LA 17\u00e8me \u00c9DITION DU PALMAR\u00c8S ARCHITECTURE ALUMINIUM TECHNAL","date":"12 octobre 2018","format":false,"excerpt":"\u00ab Au sein d\u2019une \u00e9quipe \u00e9clair\u00e9e, bien entour\u00e9e, nous devenons des r\u00e9cepteurs d\u2019\u00e9motions. Le panel des\u00a0projets pr\u00e9sent\u00e9s est vaste, \u00e9clectique, riche, dense, pluriel... concentr\u00e9s, nous recevons les vibrations. Car apr\u00e8s tout, n\u2019est-ce pas aussi une des attentes de l\u2019Architecture, que de nous \u00e9mouvoir ? On peut avoir\u00a0des \u00e9motions d\u2019originalit\u00e9, d\u2019harmonie,\u2026","rel":"","context":"Dans &quot;fermetures&quot;","img":{"alt_text":"","src":"https:\/\/i1.wp.com\/batimedianews.com\/live\/wp-content\/uploads\/2018\/10\/tech4.jpg?fit=1000%2C489&ssl=1&resize=350%2C200","width":350,"height":200},"classes":[]},{"id":48307,"url":"https:\/\/batimedianews.com\/live\/index.php\/2025\/12\/11\/trophees-3-diamants-2025-decouvrez-les-laureats-pionniers-de-limmobilier-durable\/","url_meta":{"origin":42898,"position":5},"title":"Troph\u00e9es 3 Diamants 2025 : d\u00e9couvrez les laur\u00e9ats, pionniers de l\u2019immobilier durable","date":"11 d\u00e9cembre 2025","format":false,"excerpt":"Le concours des Troph\u00e9es 3 Diamants de Mitsubishi Electric r\u00e9compense les projets immobiliers tertiaires qui r\u00e9pondent le mieux aux crit\u00e8res de performance \u00e9nerg\u00e9tique, d\u2019innovation, de design et de bien-\u00eatre des occupants. L\u2019objectif est de valoriser les bonnes pratiques dans un secteur engag\u00e9 \u00e0 relever le d\u00e9fi de l\u2019adaptation climatique.\u00a0 Neufs\u2026","rel":"","context":"Dans &quot;Actualit\u00e9 Entreprises&quot;","img":{"alt_text":"","src":"https:\/\/i2.wp.com\/batimedianews.com\/live\/wp-content\/uploads\/2025\/12\/Mitzubishi.jpg?fit=788%2C788&ssl=1&resize=350%2C200","width":350,"height":200},"classes":[]}],"_links":{"self":[{"href":"https:\/\/batimedianews.com\/live\/index.php\/wp-json\/wp\/v2\/posts\/42898"}],"collection":[{"href":"https:\/\/batimedianews.com\/live\/index.php\/wp-json\/wp\/v2\/posts"}],"about":[{"href":"https:\/\/batimedianews.com\/live\/index.php\/wp-json\/wp\/v2\/types\/post"}],"author":[{"embeddable":true,"href":"https:\/\/batimedianews.com\/live\/index.php\/wp-json\/wp\/v2\/users\/41"}],"replies":[{"embeddable":true,"href":"https:\/\/batimedianews.com\/live\/index.php\/wp-json\/wp\/v2\/comments?post=42898"}],"version-history":[{"count":2,"href":"https:\/\/batimedianews.com\/live\/index.php\/wp-json\/wp\/v2\/posts\/42898\/revisions"}],"predecessor-version":[{"id":42993,"href":"https:\/\/batimedianews.com\/live\/index.php\/wp-json\/wp\/v2\/posts\/42898\/revisions\/42993"}],"wp:featuredmedia":[{"embeddable":true,"href":"https:\/\/batimedianews.com\/live\/index.php\/wp-json\/wp\/v2\/media\/42907"}],"wp:attachment":[{"href":"https:\/\/batimedianews.com\/live\/index.php\/wp-json\/wp\/v2\/media?parent=42898"}],"wp:term":[{"taxonomy":"category","embeddable":true,"href":"https:\/\/batimedianews.com\/live\/index.php\/wp-json\/wp\/v2\/categories?post=42898"},{"taxonomy":"post_tag","embeddable":true,"href":"https:\/\/batimedianews.com\/live\/index.php\/wp-json\/wp\/v2\/tags?post=42898"}],"curies":[{"name":"wp","href":"https:\/\/api.w.org\/{rel}","templated":true}]}}