{"id":43115,"date":"2025-02-20T14:28:52","date_gmt":"2025-02-20T13:28:52","guid":{"rendered":"https:\/\/batimedianews.com\/live\/?p=43115"},"modified":"2025-02-22T09:54:47","modified_gmt":"2025-02-22T08:54:47","slug":"en-direct-dart-capital-du-19-au-22-fevrier-2025-de-retour-au-grand-palais-historique","status":"publish","type":"post","link":"https:\/\/batimedianews.com\/live\/index.php\/2025\/02\/20\/en-direct-dart-capital-du-19-au-22-fevrier-2025-de-retour-au-grand-palais-historique\/","title":{"rendered":"En direct d&rsquo;Art Capital du 19 au 22 f\u00e9vrier 2025, de retour au Grand Palais historique"},"content":{"rendered":"\n<h2><strong>Pour les artistes et une arm\u00e9e de b\u00e9n\u00e9voles, ART CAPITAL demeure un tremplin indispensable au c\u0153ur de Paris et du Monde de l\u2019art<\/strong><\/h2>\n\n\n\n<p class=\"is-style-lead\">C\u2019est une fiert\u00e9 in\u00e9gal\u00e9e pour les artistes ( plus de 3000 pour cette \u00e9dition ), d\u2019attirer depuis 2 jours l\u2019attention du Public. Grand Public, Officiels, C\u00e9l\u00e9brit\u00e9s, \u00c9tudiants en Art se c\u00f4toient dans les all\u00e9es pour se familiariser \u00e0 la philosophie d\u2019Art Capital en visitant Le \u00ab Salon des Artistes Fran\u00e7ais \u00bb, celui de \u00ab Comparaisons \u00bb, du \u00ab Dessin Peinture \u00e0 l\u2019eau \u00bb, sans oublier celui des \u00ab Artistes Ind\u00e9pendants \u00bb et surtout rencontrer sans barri\u00e8res les artistes et les Pr\u00e9sidents de Salon.&nbsp;<br>Plus de 15 000 visiteurs pour le vernissage le 18 f\u00e9vrier, une affluence record.<\/p>\n\n\n\n<p class=\"is-style-lead has-sm-dark-primary-color has-text-color\"><strong>Ce salon va attirer particuli\u00e8rement nos abonn\u00e9s, architectes, architectes d&rsquo;int\u00e9rieur, et de fa\u00e7on plus g\u00e9n\u00e9rale  les entreprises du b\u00e2timent toujours int\u00e9ress\u00e9es par la cr\u00e9ation.<\/strong><\/p>\n\n\n\n<h2><strong>Les points cl\u00e9s de l\u2019\u00e9dition 2025 \u00e0 retenir :<\/strong><\/h2>\n\n\n\n<p class=\"is-style-lead\">\u2022&nbsp;<strong>La Pr\u00e9sence de l\u2019Intelligence Artificielle<\/strong>&nbsp;avec des Artistes r\u00e9solument inventifs.\u2022&nbsp;<strong>Plus de 3000 artistes repr\u00e9sent\u00e9s pour la premi\u00e8re fois<\/strong><br>\u2022&nbsp;<strong>Des d\u00e9l\u00e9gations \u00e9trang\u00e8res<\/strong>&nbsp;de plus en plus pr\u00e9sentes marquent la diversit\u00e9 de la cr\u00e9ation (Cor\u00e9e, Japon, Chine, Am\u00e9rique Latine,\u2026 et tant d\u2019autres)&nbsp;&nbsp;<\/p>\n\n\n\n<p class=\"is-style-lead\"><strong>LES SALONS QUI COMPOSENT ART CAPITAL EN QUELQUES LIGNES<\/strong>&nbsp;<\/p>\n\n\n\n<blockquote class=\"wp-block-quote\"><p><strong>Daniel Gallais membre fondateur d\u2019Art Capital est \u00e9galement l\u2019actuel Pr\u00e9sident tout en pr\u00e9sident le Salon Dessin Peinture \u00e0 l\u2019eau.<\/strong>&nbsp;\u00ab Le Grand Palais est h\u00f4te depuis plus d\u2019un si\u00e8cle d\u2019expositions majeures, de grands \u00e9v\u00e9nements, de foires et de salons internationaux. Art Capital c\u2019est accompagner les Artistes, qui contribuent chaque ann\u00e9e \u00e0 se r\u00e9inventer et \u00e9crire l\u2019Histoire de l\u2019Art entre les murs du Grand Palais.<br>&nbsp;&#8211;&nbsp;Des Artistes de tous \u00e2ges&nbsp;(le plus jeune a 12 ans et le plus \u00e2g\u00e9 80 ans +)<br>&nbsp;&#8211;&nbsp;La Pr\u00e9sence de l\u2019Intelligence Artificielle&nbsp;avec des Artistes r\u00e9solument inventifs.<br>&nbsp;&#8211;&nbsp;Des d\u00e9l\u00e9gations \u00e9trang\u00e8res&nbsp;de plus en plus pr\u00e9sentes marquent la diversit\u00e9 de la cr\u00e9ation (Cor\u00e9e, Japon, Chine, Am\u00e9rique Latine,\u2026 et tant d\u2019autres)&nbsp;&nbsp;Chaque ann\u00e9e, mon grand plaisir est toujours de mettre en avant de bons et m\u00eame tr\u00e8s bons artistes d\u2019aujourd\u2019hui, poss\u00e9dant de grandes qualit\u00e9s techniques mises au service de leur propre cr\u00e9ativit\u00e9, dans toutes les tendances et toutes les techniques confondues.&nbsp;\u00bb<\/p><\/blockquote>\n\n\n\n<p class=\"is-style-lead\"><\/p>\n\n\n\n<h2>Focus sur kaouther Bouzaiene artiste peintre tunisienne <\/h2>\n\n\n\n<p class=\"is-style-lead\"><\/p>\n\n\n\n<figure class=\"wp-block-embed is-type-video is-provider-youtube wp-block-embed-youtube wp-embed-aspect-16-9 wp-has-aspect-ratio\"><div class=\"wp-block-embed__wrapper\">\n<div class=\"jetpack-video-wrapper\"><iframe loading=\"lazy\" title=\"Kaouther Bouzaiene  artiste peintre est \u00e0 Art Capital 2025\" width=\"720\" height=\"405\" src=\"https:\/\/www.youtube.com\/embed\/W2y24h4tIm4?feature=oembed\" frameborder=\"0\" allow=\"accelerometer; autoplay; clipboard-write; encrypted-media; gyroscope; picture-in-picture; web-share\" referrerpolicy=\"strict-origin-when-cross-origin\" allowfullscreen><\/iframe><\/div>\n<\/div><\/figure>\n\n\n\n<p class=\"is-style-lead\">ET SUR FIGEN BEGEN  ARTISTE PEINTRE TURQUE <\/p>\n\n\n\n<p class=\"is-style-lead\"><\/p>\n\n\n\n<figure class=\"wp-block-embed is-type-video is-provider-youtube wp-block-embed-youtube wp-embed-aspect-16-9 wp-has-aspect-ratio\"><div class=\"wp-block-embed__wrapper\">\n<div class=\"jetpack-video-wrapper\"><iframe loading=\"lazy\" title=\"FIGEN BEGEN EXPOSE A ART CAPITAL\" width=\"720\" height=\"405\" src=\"https:\/\/www.youtube.com\/embed\/uvEW8Jx9Uc0?feature=oembed\" frameborder=\"0\" allow=\"accelerometer; autoplay; clipboard-write; encrypted-media; gyroscope; picture-in-picture; web-share\" referrerpolicy=\"strict-origin-when-cross-origin\" allowfullscreen><\/iframe><\/div>\n<\/div><\/figure>\n\n\n\n<h2>Et pour terminer quelques artistes et leurs tableaux <\/h2>\n\n\n\n<p class=\"is-style-lead\"><\/p>\n\n\n\n<figure class=\"wp-block-image size-large\"><img loading=\"lazy\" width=\"720\" height=\"720\" src=\"https:\/\/i1.wp.com\/batimedianews.com\/live\/wp-content\/uploads\/2025\/02\/PERAZZA-Laurent-Les-bons-vivants--1024x1024.png?resize=720%2C720&#038;ssl=1\" alt=\"\" class=\"wp-image-43120\" srcset=\"https:\/\/i1.wp.com\/batimedianews.com\/live\/wp-content\/uploads\/2025\/02\/PERAZZA-Laurent-Les-bons-vivants-.png?resize=1024%2C1024&amp;ssl=1 1024w, https:\/\/i1.wp.com\/batimedianews.com\/live\/wp-content\/uploads\/2025\/02\/PERAZZA-Laurent-Les-bons-vivants-.png?resize=600%2C600&amp;ssl=1 600w, https:\/\/i1.wp.com\/batimedianews.com\/live\/wp-content\/uploads\/2025\/02\/PERAZZA-Laurent-Les-bons-vivants-.png?resize=300%2C300&amp;ssl=1 300w, https:\/\/i1.wp.com\/batimedianews.com\/live\/wp-content\/uploads\/2025\/02\/PERAZZA-Laurent-Les-bons-vivants-.png?resize=1536%2C1536&amp;ssl=1 1536w, https:\/\/i1.wp.com\/batimedianews.com\/live\/wp-content\/uploads\/2025\/02\/PERAZZA-Laurent-Les-bons-vivants-.png?resize=2048%2C2048&amp;ssl=1 2048w, https:\/\/i1.wp.com\/batimedianews.com\/live\/wp-content\/uploads\/2025\/02\/PERAZZA-Laurent-Les-bons-vivants-.png?resize=10%2C10&amp;ssl=1 10w\" sizes=\"(max-width: 600px) 91vw, (max-width: 900px) 600px, (max-width: 1060px) 50vw, (max-width: 1200px) 520px, (max-width: 1400px) 43vw, 600px\" data-recalc-dims=\"1\" \/><figcaption>PERAZZA Laurent \u00ab Les bons vivants \u00bb \u00e0 ART CAPITAL 2025<\/figcaption><\/figure>\n\n\n\n<p class=\"is-style-lead\"><\/p>\n\n\n\n<figure class=\"wp-block-image size-large\"><img loading=\"lazy\" width=\"720\" height=\"720\" src=\"https:\/\/i0.wp.com\/batimedianews.com\/live\/wp-content\/uploads\/2025\/02\/Capture-de\u0301cran-2025-02-20-a\u0300-14.14.07-1024x1024.png?resize=720%2C720&#038;ssl=1\" alt=\"\" class=\"wp-image-43123\" srcset=\"https:\/\/i2.wp.com\/batimedianews.com\/live\/wp-content\/uploads\/2025\/02\/Capture-de\u0301cran-2025-02-20-a\u0300-14.14.07.png?resize=1024%2C1024&amp;ssl=1 1024w, https:\/\/i2.wp.com\/batimedianews.com\/live\/wp-content\/uploads\/2025\/02\/Capture-de\u0301cran-2025-02-20-a\u0300-14.14.07.png?resize=600%2C600&amp;ssl=1 600w, https:\/\/i2.wp.com\/batimedianews.com\/live\/wp-content\/uploads\/2025\/02\/Capture-de\u0301cran-2025-02-20-a\u0300-14.14.07.png?resize=300%2C300&amp;ssl=1 300w, https:\/\/i2.wp.com\/batimedianews.com\/live\/wp-content\/uploads\/2025\/02\/Capture-de\u0301cran-2025-02-20-a\u0300-14.14.07.png?resize=1536%2C1536&amp;ssl=1 1536w, https:\/\/i2.wp.com\/batimedianews.com\/live\/wp-content\/uploads\/2025\/02\/Capture-de\u0301cran-2025-02-20-a\u0300-14.14.07.png?resize=2048%2C2048&amp;ssl=1 2048w, https:\/\/i2.wp.com\/batimedianews.com\/live\/wp-content\/uploads\/2025\/02\/Capture-de\u0301cran-2025-02-20-a\u0300-14.14.07.png?resize=10%2C10&amp;ssl=1 10w\" sizes=\"(max-width: 600px) 91vw, (max-width: 900px) 600px, (max-width: 1060px) 50vw, (max-width: 1200px) 520px, (max-width: 1400px) 43vw, 600px\" data-recalc-dims=\"1\" \/><figcaption>Michel Delaunay \u00e0 ART CAPITAL 2025<\/figcaption><\/figure>\n\n\n\n<p class=\"is-style-lead\"><\/p>\n\n\n\n<figure class=\"wp-block-image size-large\"><img loading=\"lazy\" width=\"720\" height=\"720\" src=\"https:\/\/i2.wp.com\/batimedianews.com\/live\/wp-content\/uploads\/2025\/02\/YOUNGMI-me\u0301dialle-dargent-2024-le-palais-garnier--1024x1024.png?resize=720%2C720&#038;ssl=1\" alt=\"\" class=\"wp-image-43124\" srcset=\"https:\/\/i1.wp.com\/batimedianews.com\/live\/wp-content\/uploads\/2025\/02\/YOUNGMI-me\u0301dialle-dargent-2024-le-palais-garnier-.png?resize=1024%2C1024&amp;ssl=1 1024w, https:\/\/i1.wp.com\/batimedianews.com\/live\/wp-content\/uploads\/2025\/02\/YOUNGMI-me\u0301dialle-dargent-2024-le-palais-garnier-.png?resize=600%2C600&amp;ssl=1 600w, https:\/\/i1.wp.com\/batimedianews.com\/live\/wp-content\/uploads\/2025\/02\/YOUNGMI-me\u0301dialle-dargent-2024-le-palais-garnier-.png?resize=300%2C300&amp;ssl=1 300w, https:\/\/i1.wp.com\/batimedianews.com\/live\/wp-content\/uploads\/2025\/02\/YOUNGMI-me\u0301dialle-dargent-2024-le-palais-garnier-.png?resize=1536%2C1536&amp;ssl=1 1536w, https:\/\/i1.wp.com\/batimedianews.com\/live\/wp-content\/uploads\/2025\/02\/YOUNGMI-me\u0301dialle-dargent-2024-le-palais-garnier-.png?resize=2048%2C2048&amp;ssl=1 2048w, https:\/\/i1.wp.com\/batimedianews.com\/live\/wp-content\/uploads\/2025\/02\/YOUNGMI-me\u0301dialle-dargent-2024-le-palais-garnier-.png?resize=10%2C10&amp;ssl=1 10w\" sizes=\"(max-width: 600px) 91vw, (max-width: 900px) 600px, (max-width: 1060px) 50vw, (max-width: 1200px) 520px, (max-width: 1400px) 43vw, 600px\" data-recalc-dims=\"1\" \/><figcaption>YOUNGMI m\u00e9daille d&rsquo;argent 2024 ART CAPITAL 2025<\/figcaption><\/figure>\n\n\n\n<p class=\"is-style-lead\">D&rsquo;autres suivront &#8230;. <\/p>\n","protected":false},"excerpt":{"rendered":"<p>Pour les artistes et une arm\u00e9e de b\u00e9n\u00e9voles, ART CAPITAL demeure un tremplin indispensable au c\u0153ur de Paris et du Monde de l\u2019art C\u2019est une fiert\u00e9 in\u00e9gal\u00e9e pour les artistes ( plus de 3000 pour cette \u00e9dition ), d\u2019attirer depuis 2 jours l\u2019attention du Public. Grand Public, Officiels, C\u00e9l\u00e9brit\u00e9s, \u00c9tudiants en Art se c\u00f4toient dans [&hellip;]<\/p>\n","protected":false},"author":1,"featured_media":43116,"comment_status":"open","ping_status":"open","sticky":true,"template":"","format":"standard","meta":{"spay_email":""},"categories":[4,1256,1862],"tags":[],"jetpack_featured_media_url":"https:\/\/i0.wp.com\/batimedianews.com\/live\/wp-content\/uploads\/2025\/02\/Artcapital-article-scaled.jpg?fit=2560%2C1280&ssl=1","jetpack_sharing_enabled":true,"jetpack_likes_enabled":true,"jetpack-related-posts":[{"id":26382,"url":"https:\/\/batimedianews.com\/live\/index.php\/2023\/02\/18\/il-est-encore-temps-daller-se-ressourcer-a-artcapital-2023\/","url_meta":{"origin":43115,"position":0},"title":"Il est encore temps d&rsquo;aller se ressourcer \u00e0 ArtCapital 2023","date":"18 f\u00e9vrier 2023","format":false,"excerpt":"Jusqu'au dimanche 19 F\u00e9vrier 2023 18heures, il est encore temps de visiter les 4 salons qui composent Art Capital au Grand Palais Eph\u00e9m\u00e8re sur le Champs de mars. En effet, ART CAPITAL est LE rendez-vous privil\u00e9gi\u00e9 de plus de 2 000 artistes venus de toutes les r\u00e9gions de France et\u2026","rel":"","context":"Dans &quot;Actualit\u00e9 Entreprises&quot;","img":{"alt_text":"","src":"https:\/\/i2.wp.com\/batimedianews.com\/live\/wp-content\/uploads\/2023\/02\/artcapital-image.jpeg?fit=1200%2C1200&ssl=1&resize=350%2C200","width":350,"height":200},"classes":[]},{"id":26420,"url":"https:\/\/batimedianews.com\/live\/index.php\/2023\/02\/19\/art-capital-2023-focus-sur-4-artistes-kaouther-bouzaiene-nouzha-bennani-antoine-debriva-et-mahmoud-bellili\/","url_meta":{"origin":43115,"position":1},"title":"Art capital 2023 , Focus sur 4 artistes , Kaouther Bouzaiene, Nouzha Bennani, Antoine Debriva  et Mahmoud Bellili","date":"19 f\u00e9vrier 2023","format":false,"excerpt":"Kaouther Bouzaiene : son site : https:\/\/www.kokobouzaiene.com\/ et son email : bouzaiene.kaouther@gmail.com Nouzha Bennani : son site : https:\/\/www.artmajeur.com\/nouzha-bennani\/enet son email : noubennani@yahoo.fr Antoine Debriva : son site : antoinedebriva.comet son email : antoine.debriva@gmail.com Mahmoud Bellili : Instagram : mahmoud.belliliet son email : mahmoud.bellili@orange.fr","rel":"","context":"Dans &quot;Actualit\u00e9 Entreprises&quot;","img":{"alt_text":"","src":"https:\/\/i1.wp.com\/batimedianews.com\/live\/wp-content\/uploads\/2023\/02\/artcapital2.jpeg?fit=1200%2C1200&ssl=1&resize=350%2C200","width":350,"height":200},"classes":[]},{"id":11358,"url":"https:\/\/batimedianews.com\/live\/index.php\/2021\/08\/02\/cemex-partie-prenante-du-parcours-dart-urbain-street-art-avenue\/","url_meta":{"origin":43115,"position":2},"title":"CEMEX, partie prenante du parcours d\u2019art urbain Street Art Avenue\u00ae","date":"2 ao\u00fbt 2021","format":false,"excerpt":"\u00a0Rungis, le 29 juillet 2021 \u2013 CEMEX France renouvelle sa participation \u00e0 la cinqui\u00e8me \u00e9dition de Street Art Avenue\u00ae en mettant \u00e0 disposition de l\u2019artiste Dawal un camion-malaxeur rattach\u00e9 \u00e0 son site d\u2019Aubervilliers. C\u2019est la premi\u00e8re fois dans l\u2019histoire de Street Art Avenue\u00ae qu\u2019un camion fait partie des espaces d\u00e9di\u00e9s\u2026","rel":"","context":"Dans &quot;Actualit\u00e9 Entreprises&quot;","img":{"alt_text":"","src":"https:\/\/i1.wp.com\/batimedianews.com\/live\/wp-content\/uploads\/2021\/07\/CEMEX-Article.jpg?fit=512%2C512&ssl=1&resize=350%2C200","width":350,"height":200},"classes":[]},{"id":17344,"url":"https:\/\/batimedianews.com\/live\/index.php\/2022\/03\/16\/le-centre-national-des-arts-plastiques-sengage-dans-la-restauration-du-cyclop-de-jean-tinguely\/","url_meta":{"origin":43115,"position":3},"title":"Le centre national des arts plastiques s&rsquo;engage dans la restauration du CYCLOP de Jean Tinguely","date":"16 mars 2022","format":false,"excerpt":"Jean Tinguely, Le Cyclop, 1969-1994, FNAC 95419\u2002 Adagp, Paris, 2021 \/ CnapCr\u00e9dit photo : Tadashi Ono Le Centre national des arts plastiques a lanc\u00e9 en mars 2021 le chantier de restauration du Cyclop, \u0153uvre d\u2019art total initi\u00e9e par l\u2019artiste suisse Jean Tinguely au c\u0153ur des bois de Milly-la-For\u00eat dans l\u2019Essonne.\u2026","rel":"","context":"Dans &quot;Actualit\u00e9 Entreprises&quot;","img":{"alt_text":"","src":"https:\/\/i1.wp.com\/batimedianews.com\/live\/wp-content\/uploads\/2022\/03\/CNAP-Article.jpg?fit=512%2C512&ssl=1&resize=350%2C200","width":350,"height":200},"classes":[]},{"id":20609,"url":"https:\/\/batimedianews.com\/live\/index.php\/2022\/05\/31\/des-artistes-du-graffiti-art-creent-des-oeuvres-inedites-pour-la-gamme-virtuose-de-la-cloture-francaise\/","url_meta":{"origin":43115,"position":4},"title":"Des artistes du Graffiti Art cr\u00e9ent des oeuvres in\u00e9dites pour la gamme VIRTUOSE de La Cl\u00f4ture Fran\u00e7aise !","date":"31 mai 2022","format":false,"excerpt":"\u00a0Cr\u00e9ation de Maps\u00a0 \u00a0Sublimez votre espace ext\u00e9rieur avec un vrai tableau d\u2019artiste\u00a0 Lorsqu\u2019on d\u00e9core notre maison, nous recherchons toujours des oeuvres qui refl\u00e8tent notre personnalit\u00e9. L\u2019int\u00e9rieur porte l\u2019empreinte de notre identit\u00e9, pourquoi ne pas faire la m\u00eame chose avec l\u2019ext\u00e9rieur, souvent d\u00e9laiss\u00e9 ? A la recherche d\u2019originalit\u00e9, La Cl\u00f4ture Fran\u00e7aise,\u2026","rel":"","context":"Dans &quot;Actualit\u00e9 Entreprises&quot;","img":{"alt_text":"","src":"https:\/\/i0.wp.com\/batimedianews.com\/live\/wp-content\/uploads\/2022\/05\/LaClotureFrancaise2-Article.jpg?fit=1080%2C1080&ssl=1&resize=350%2C200","width":350,"height":200},"classes":[]},{"id":37655,"url":"https:\/\/batimedianews.com\/live\/index.php\/2024\/05\/28\/une-fresque-marine-sur-etancheite-pvc-en-toiture-terrasse-de-la-nouvelle-capitainerie-de-mauguio-carnon-34-lagence-travaux-soprema-entreprises-montpellier-collabore-avec-un-street-artiste\/","url_meta":{"origin":43115,"position":5},"title":"Une fresque marine sur \u00e9tanch\u00e9it\u00e9 PVC en toiture-terrasse de la nouvelle Capitainerie de Mauguio-Carnon (34) : L\u2019agence travaux SOPREMA Entreprises Montpellier collabore avec un street-artiste local pour signer cette 5\u00e8me fa\u00e7ade originale","date":"28 mai 2024","format":false,"excerpt":"Cr\u00e9dit photo : Julien Thomazo pour SOPREMA Entreprises\u00a0 L\u2019agence travaux SOPREMA Entreprises Montpellier fait partie de l\u2019\u00e9quipage qui a construit la capitainerie de la station baln\u00e9aire de Mauguio-Carnon, en lieu et place de l\u2019ancien b\u00e2timent d\u00e9moli. Situ\u00e9 \u00e0 l\u2019entr\u00e9e du port de plaisance, l\u2019\u00e9difice, imagin\u00e9 par l\u2019agence A+ Architecture et\u2026","rel":"","context":"Dans &quot;Actualit\u00e9 Entreprises&quot;","img":{"alt_text":"","src":"https:\/\/i0.wp.com\/batimedianews.com\/live\/wp-content\/uploads\/2024\/05\/SOPREMA.jpg?fit=825%2C825&ssl=1&resize=350%2C200","width":350,"height":200},"classes":[]}],"_links":{"self":[{"href":"https:\/\/batimedianews.com\/live\/index.php\/wp-json\/wp\/v2\/posts\/43115"}],"collection":[{"href":"https:\/\/batimedianews.com\/live\/index.php\/wp-json\/wp\/v2\/posts"}],"about":[{"href":"https:\/\/batimedianews.com\/live\/index.php\/wp-json\/wp\/v2\/types\/post"}],"author":[{"embeddable":true,"href":"https:\/\/batimedianews.com\/live\/index.php\/wp-json\/wp\/v2\/users\/1"}],"replies":[{"embeddable":true,"href":"https:\/\/batimedianews.com\/live\/index.php\/wp-json\/wp\/v2\/comments?post=43115"}],"version-history":[{"count":5,"href":"https:\/\/batimedianews.com\/live\/index.php\/wp-json\/wp\/v2\/posts\/43115\/revisions"}],"predecessor-version":[{"id":43158,"href":"https:\/\/batimedianews.com\/live\/index.php\/wp-json\/wp\/v2\/posts\/43115\/revisions\/43158"}],"wp:featuredmedia":[{"embeddable":true,"href":"https:\/\/batimedianews.com\/live\/index.php\/wp-json\/wp\/v2\/media\/43116"}],"wp:attachment":[{"href":"https:\/\/batimedianews.com\/live\/index.php\/wp-json\/wp\/v2\/media?parent=43115"}],"wp:term":[{"taxonomy":"category","embeddable":true,"href":"https:\/\/batimedianews.com\/live\/index.php\/wp-json\/wp\/v2\/categories?post=43115"},{"taxonomy":"post_tag","embeddable":true,"href":"https:\/\/batimedianews.com\/live\/index.php\/wp-json\/wp\/v2\/tags?post=43115"}],"curies":[{"name":"wp","href":"https:\/\/api.w.org\/{rel}","templated":true}]}}