{"id":43761,"date":"2025-03-24T09:35:41","date_gmt":"2025-03-24T08:35:41","guid":{"rendered":"http:\/\/batimedianews.com\/live\/?p=43761"},"modified":"2025-03-24T09:35:43","modified_gmt":"2025-03-24T08:35:43","slug":"une-nouvelle-ere-pour-bjelin-group","status":"publish","type":"post","link":"https:\/\/batimedianews.com\/live\/index.php\/2025\/03\/24\/une-nouvelle-ere-pour-bjelin-group\/","title":{"rendered":"Une nouvelle \u00e8re pour Bjelin Group"},"content":{"rendered":"\n<p>Bjelin entame une nouvelle phase de croissance avec un fort accent industriel, marqu\u00e9e par la cr\u00e9ation de Bjelin Group, qui regroupe sept entreprises sous une m\u00eame structure enti\u00e8rement d\u00e9tenue par Pervanovo Invest AB. Ce changement strat\u00e9gique vise \u00e0 rationaliser le d\u00e9veloppement et la production dans trois domaines cl\u00e9s : les rev\u00eatements de sol, le mobilier et les placages \u2013 le placage \u00e9tant l&rsquo;\u00e9l\u00e9ment central aussi bien pour les sols que pour les meubles. Fredrik Alfredsson devient CEO tandis que Magnus Eriksson est nomm\u00e9 CFO.<\/p>\n\n\n\n<p>Apr\u00e8s avoir \u00e9tabli une solide pr\u00e9sence sur le march\u00e9 des rev\u00eatements de sol r\u00e9sidentiels \u2013 notamment avec ses larges lames Woodura des collections Woodura Planks \u2013 Bjelin renforce d\u00e9sormais son engagement envers le secteur commercial \u00e0 l&rsquo;\u00e9chelle mondiale. L&rsquo;entreprise va intensifier ses efforts aupr\u00e8s des promoteurs immobiliers, h\u00f4tels, restaurants, bureaux et espaces de vente au d\u00e9tail, consolidant ainsi sa pr\u00e9sence sur les march\u00e9s scandinave, europ\u00e9en, APAC et dans les Am\u00e9riques.<\/p>\n\n\n\n<p>Pour piloter cette transformation, Fredrik Alfredsson, anciennement Global Head of Sales, a \u00e9t\u00e9 nomm\u00e9 CEO de Bjelin Group. \u00ab C&rsquo;est une opportunit\u00e9 stimulante et unique d&rsquo;appliquer mon exp\u00e9rience, mes id\u00e9es et ma vision \u00e0 une industrie que je connais bien \u00bb, d\u00e9clare-t-il. \u00ab Nous b\u00e2tissons un groupe industriel solide avec un produit innovant. Les investissements sont faits, il est temps de passer \u00e0 l&rsquo;ex\u00e9cution. \u00bb<\/p>\n\n\n\n<figure class=\"wp-block-image size-large\"><img loading=\"lazy\" width=\"720\" height=\"720\" src=\"https:\/\/i0.wp.com\/batimedianews.com\/live\/wp-content\/uploads\/2025\/03\/image-169.png?resize=720%2C720\" alt=\"\" class=\"wp-image-43762\" srcset=\"https:\/\/i0.wp.com\/batimedianews.com\/live\/wp-content\/uploads\/2025\/03\/image-169.png?resize=1024%2C1024&amp;ssl=1 1024w, https:\/\/i0.wp.com\/batimedianews.com\/live\/wp-content\/uploads\/2025\/03\/image-169.png?resize=600%2C600&amp;ssl=1 600w, https:\/\/i0.wp.com\/batimedianews.com\/live\/wp-content\/uploads\/2025\/03\/image-169.png?resize=300%2C300&amp;ssl=1 300w, https:\/\/i0.wp.com\/batimedianews.com\/live\/wp-content\/uploads\/2025\/03\/image-169.png?resize=1536%2C1536&amp;ssl=1 1536w, https:\/\/i0.wp.com\/batimedianews.com\/live\/wp-content\/uploads\/2025\/03\/image-169.png?resize=2048%2C2048&amp;ssl=1 2048w, https:\/\/i0.wp.com\/batimedianews.com\/live\/wp-content\/uploads\/2025\/03\/image-169.png?resize=10%2C10&amp;ssl=1 10w\" sizes=\"(max-width: 600px) 91vw, (max-width: 900px) 600px, (max-width: 1060px) 50vw, (max-width: 1200px) 520px, (max-width: 1400px) 43vw, 600px\" data-recalc-dims=\"1\" \/><\/figure>\n\n\n\n<p>Sebastian Vrbanc, actuellement Head of Industrial Activities, prend le poste de Chief Operating Officer, apportant plus de dix ans d&rsquo;exp\u00e9rience dans la production de rev\u00eatements de sol. Magnus Eriksson, nouveau CFO, rejoint quant \u00e0 lui le groupe apr\u00e8s son passage chez Stommen, un groupe europ\u00e9en de mobilier. Ulrik Petersson int\u00e8gre \u00e9galement l&rsquo;\u00e9quipe en tant que Chief Marketing Officer.<\/p>\n\n\n\n<p>Le fondateur de Bjelin, Darko Pervan, conserve son r\u00f4le de Pr\u00e9sident du Conseil d&rsquo;Administration, aux c\u00f4t\u00e9s de Tony Pervan, Daniel Pervan et Fredrik Alfredsson en tant que membres du conseil. \u00ab Avec nos investissements et notre capacit\u00e9, nous sommes une force avec laquelle il faut compter \u00e0 l&rsquo;\u00e9chelle mondiale \u00bb, affirme Darko Pervan. \u00ab Bjelin s&rsquo;engage \u00e0 proposer des solutions durables, performantes et \u00e9conomiques \u00e0 ses clients. \u00bb<\/p>\n\n\n\n<p>\u00ab Nous avons toutes les conditions r\u00e9unies pour concr\u00e9tiser la vision de Darko Pervan \u00bb, ajoute le nouveau CEO, Fredrik Alfredsson. \u00ab Bjelin a r\u00e9alis\u00e9 d&rsquo;importants investissements en Croatie, garantissant une ma\u00eetrise totale de la cha\u00eene de valeur, des scieries et mati\u00e8res premi\u00e8res aux usines de placage. Cela assure un approvisionnement durable et une capacit\u00e9 de production \u00e0 grande \u00e9chelle, positionnant Bjelin comme un acteur global. L&rsquo;activit\u00e9 de placage a connu une expansion significative, favorisant les ventes \u00e0 l&rsquo;international et renfor\u00e7ant la puissance industrielle de Bjelin. \u00bb<\/p>\n\n\n\n<p>En s&rsquo;appuyant sur son expertise et celle de sa soci\u00e9t\u00e9 s\u0153ur, V\u00e4linge Innovation, avec la technologie Woodura\u00ae et le syst\u00e8me d&rsquo;assemblage par clic, Bjelin se lance \u00e9galement sur le march\u00e9 du mobilier, en commen\u00e7ant par les tables de salle \u00e0 manger. L&rsquo;entreprise appliquera la strat\u00e9gie qui a fait le succ\u00e8s de son activit\u00e9 de rev\u00eatements de sol, en ciblant les segments commerciaux et de distribution. \u00ab Nous allons devenir un acteur commercial majeur, capable de concevoir des solutions de mobilier sur mesure, en parfaite harmonie avec nos rev\u00eatements de sol en termes de design et de durabilit\u00e9 \u00bb, explique Fredrik Alfredsson.<\/p>\n\n\n\n<p>Bjelin Group AB est enti\u00e8rement d\u00e9tenu par la famille Pervan, avec des actifs comprenant une participation de 51 % dans V\u00e4linge Group et la propri\u00e9t\u00e9 \u00e0 100 % de Bjelin Industries. Avec environ 2 000 employ\u00e9s, Bjelin construit une entreprise industrielle solide, reposant sur des produits innovants et des pratiques durables.<br>Bjelin a h\u00e2te de partager d&rsquo;autres actualit\u00e9s au fur et \u00e0 mesure du d\u00e9veloppement de l&rsquo;entreprise.<\/p>\n\n\n\n<p><strong>A propos de Bjelin<\/strong><\/p>\n\n\n\n<p>Bjelin qui appartient au groupe Pervanovo Invest AB, d\u00e9veloppe et fabrique une large gamme de rev\u00eatements de sol en bois et de mobilier, ainsi que des solutions innovantes de rev\u00eatements de sol con\u00e7ues \u00e0 partir de nouveaux mat\u00e9riaux. Ses produits int\u00e8grent des technologies de pointe d\u00e9velopp\u00e9es par sa soci\u00e9t\u00e9 s\u0153ur, V\u00e4linge Innovation AB, inventeur du syst\u00e8me de pose par clic. La production s&rsquo;effectue dans des usines de pointe en Su\u00e8de et en Croatie, o\u00f9 Bjelin utilise des mati\u00e8res premi\u00e8res en bois de haute qualit\u00e9, certifi\u00e9es FSC\u00ae. Des artisans qualifi\u00e9s, riches d&rsquo;un savoir-faire transmis depuis plusieurs g\u00e9n\u00e9rations, affinent le c\u00e9l\u00e8bre ch\u00eane de Slavonie, garantissant une qualit\u00e9 exceptionnelle \u00e0 chaque produit.<\/p>\n","protected":false},"excerpt":{"rendered":"<p>Bjelin entame une nouvelle phase de croissance avec un fort accent industriel, marqu\u00e9e par la cr\u00e9ation de Bjelin Group, qui regroupe sept entreprises sous une m\u00eame structure enti\u00e8rement d\u00e9tenue par Pervanovo Invest AB. Ce changement strat\u00e9gique vise \u00e0 rationaliser le d\u00e9veloppement et la production dans trois domaines cl\u00e9s : les rev\u00eatements de sol, le mobilier [&hellip;]<\/p>\n","protected":false},"author":41,"featured_media":43763,"comment_status":"open","ping_status":"open","sticky":true,"template":"","format":"standard","meta":{"spay_email":""},"categories":[4,441,88,113],"tags":[2622],"jetpack_featured_media_url":"https:\/\/i2.wp.com\/batimedianews.com\/live\/wp-content\/uploads\/2025\/03\/BJELIN-1.jpg?fit=1513%2C825&ssl=1","jetpack_sharing_enabled":true,"jetpack_likes_enabled":true,"jetpack-related-posts":[{"id":44660,"url":"https:\/\/batimedianews.com\/live\/index.php\/2025\/04\/29\/bjelin-restructure-son-usine-ogulin-1\/","url_meta":{"origin":43761,"position":0},"title":"Bjelin restructure son usine Ogulin 1","date":"29 avril 2025","format":false,"excerpt":"L'usine de parquet Ogulin 1 de Bjelin, propri\u00e9t\u00e9 de l'entreprise depuis 2016, va \u00eatre restructur\u00e9e pour accompagner la croissance future. L'objectif est de d\u00e9velopper la production de placage bois utilisant la technologie Woodura\u00ae, une approche plus \u00e9conome en ressources, qui soutiendra en priorit\u00e9 le lancement imminent de la gamme de\u2026","rel":"","context":"Dans &quot;Actualit\u00e9 Entreprises&quot;","img":{"alt_text":"","src":"https:\/\/i0.wp.com\/batimedianews.com\/live\/wp-content\/uploads\/2025\/04\/Bjelin-1.jpg?fit=825%2C825&ssl=1&resize=350%2C200","width":350,"height":200},"classes":[]},{"id":45856,"url":"https:\/\/batimedianews.com\/live\/index.php\/2025\/07\/10\/le-secret-de-fabrication-des-sols-woodura-planks\/","url_meta":{"origin":43761,"position":1},"title":"Le secret de fabrication des sols Woodura Planks","date":"10 juillet 2025","format":false,"excerpt":"Comment cr\u00e9er des sols en bois exceptionnellement durables en n'utilisant qu'un dixi\u00e8me de la mati\u00e8re premi\u00e8re ? Le secret r\u00e9side dans l'alliance d'un savoir-faire ancestral et de la technologie de pointe Woodura\u00ae. D\u00e9couvrez\u00a0les coulisses du processus de fabrication du placage pour sol Woodura de Bjelin. D\u00e8s leur arriv\u00e9e depuis la\u2026","rel":"","context":"Dans &quot;Actualit\u00e9 Entreprises&quot;","img":{"alt_text":"","src":"https:\/\/i0.wp.com\/batimedianews.com\/live\/wp-content\/uploads\/2025\/07\/Bjelin.jpg?fit=825%2C825&ssl=1&resize=350%2C200","width":350,"height":200},"classes":[]},{"id":43695,"url":"https:\/\/batimedianews.com\/live\/index.php\/2025\/03\/20\/bjelin-pourquoi-les-collections-woodura-planks-sont-elles-ideales-pour-lhotellerie-restauration\/","url_meta":{"origin":43761,"position":2},"title":"Bjelin : pourquoi les collections Woodura Planks sont-elles id\u00e9ales pour l&rsquo;h\u00f4tellerie-restauration ?","date":"20 mars 2025","format":false,"excerpt":"Dans le secteur de l'h\u00f4tellerie, les rev\u00eatements de sol doivent offrir durabilit\u00e9, facilit\u00e9 d'entretien et un charme intemporel \u2013 ils doivent r\u00e9sister \u00e0 l'\u00e9preuve du temps. Les collections\u00a0Woodura Planks, d\u00e9velopp\u00e9es par Bjelin gr\u00e2ce \u00e0 la technologie innovante Woodura\u00ae de sa soci\u00e9t\u00e9 s\u0153ur V\u00e4linge Innovation, excellent dans ces domaines, \u00e9tant trois\u2026","rel":"","context":"Dans &quot;Actualit\u00e9 Entreprises&quot;","img":{"alt_text":"","src":"https:\/\/i2.wp.com\/batimedianews.com\/live\/wp-content\/uploads\/2025\/03\/Bjelin.jpg?fit=825%2C825&ssl=1&resize=350%2C200","width":350,"height":200},"classes":[]},{"id":44941,"url":"https:\/\/batimedianews.com\/live\/index.php\/2025\/05\/19\/bjelin-lance-une-gamme-complete-daccessoires-pour-ses-revetements-de-sols\/","url_meta":{"origin":43761,"position":3},"title":"BJELIN lance une gamme compl\u00e8te d\u2019accessoires pour ses rev\u00eatements de sols","date":"19 mai 2025","format":false,"excerpt":"Bjelin a d\u00e9voil\u00e9 une gamme compl\u00e8te d\u2019accessoires con\u00e7us pour accompagner ses collections de rev\u00eatements de sol. D\u00e9velopp\u00e9s en r\u00e9ponse aux besoins du march\u00e9, ces accessoires visent \u00e0 simplifier la pose et \u00e0 garantir une finition parfaite et professionnelle. \u00abNos accessoires sont sp\u00e9cialement con\u00e7us et teint\u00e9s pour s\u2019accorder parfaitement aux produits\u2026","rel":"","context":"Dans &quot;Actualit\u00e9 Entreprises&quot;","img":{"alt_text":"","src":"https:\/\/i1.wp.com\/batimedianews.com\/live\/wp-content\/uploads\/2025\/05\/Bjelin.jpg?fit=825%2C825&ssl=1&resize=350%2C200","width":350,"height":200},"classes":[]},{"id":41859,"url":"https:\/\/batimedianews.com\/live\/index.php\/2024\/12\/16\/des-sols-innovants-pour-des-interieurs-creatifs\/","url_meta":{"origin":43761,"position":4},"title":"Des sols innovants pour des int\u00e9rieurs cr\u00e9atifs","date":"16 d\u00e9cembre 2024","format":false,"excerpt":"\"Pour rester \u00e0 la pointe, il faut prendre des risques et d\u00e9fier l\u2019industrie avec de nouvelles fa\u00e7ons de penser. Nous avons r\u00e9volutionn\u00e9 la fa\u00e7on dont les gens installent et utilisent les rev\u00eatements de sol gr\u00e2ce au premier syst\u00e8me de verrouillage m\u00e9canique, et apr\u00e8s des ann\u00e9es d\u2019efforts soutenus et de co\u00fbts\u2026","rel":"","context":"Dans &quot;Actualit\u00e9 Entreprises&quot;","img":{"alt_text":"","src":"https:\/\/i2.wp.com\/batimedianews.com\/live\/wp-content\/uploads\/2024\/12\/BJELIN.jpg?fit=825%2C825&ssl=1&resize=350%2C200","width":350,"height":200},"classes":[]},{"id":41786,"url":"https:\/\/batimedianews.com\/live\/index.php\/2024\/12\/09\/info-presse-bjelin-presentera-ses-nouveautes-a-bau-2025\/","url_meta":{"origin":43761,"position":5},"title":"INFO PRESSE : Bjelin pr\u00e9sentera ses nouveaut\u00e9s \u00e0 BAU 2025","date":"9 d\u00e9cembre 2024","format":false,"excerpt":"Bjelin se pr\u00e9pare pour le salon BAU \u00e0 Munich, qui se tiendra du 13 au 17 janvier 2025. L'entreprise y pr\u00e9sentera ses derni\u00e8res nouveaut\u00e9s en mati\u00e8re de rev\u00eatements de sol, ainsi que ses collections permanentes, dot\u00e9es de technologies innovantes.En mettant l'accent sur l'architecture, les mat\u00e9riaux et les syst\u00e8mes, BAU est\u2026","rel":"","context":"Dans &quot;Actualit\u00e9 Entreprises&quot;","img":{"alt_text":"","src":"https:\/\/i2.wp.com\/batimedianews.com\/live\/wp-content\/uploads\/2024\/11\/BJELIN-1.jpg?fit=825%2C825&ssl=1&resize=350%2C200","width":350,"height":200},"classes":[]}],"_links":{"self":[{"href":"https:\/\/batimedianews.com\/live\/index.php\/wp-json\/wp\/v2\/posts\/43761"}],"collection":[{"href":"https:\/\/batimedianews.com\/live\/index.php\/wp-json\/wp\/v2\/posts"}],"about":[{"href":"https:\/\/batimedianews.com\/live\/index.php\/wp-json\/wp\/v2\/types\/post"}],"author":[{"embeddable":true,"href":"https:\/\/batimedianews.com\/live\/index.php\/wp-json\/wp\/v2\/users\/41"}],"replies":[{"embeddable":true,"href":"https:\/\/batimedianews.com\/live\/index.php\/wp-json\/wp\/v2\/comments?post=43761"}],"version-history":[{"count":2,"href":"https:\/\/batimedianews.com\/live\/index.php\/wp-json\/wp\/v2\/posts\/43761\/revisions"}],"predecessor-version":[{"id":43778,"href":"https:\/\/batimedianews.com\/live\/index.php\/wp-json\/wp\/v2\/posts\/43761\/revisions\/43778"}],"wp:featuredmedia":[{"embeddable":true,"href":"https:\/\/batimedianews.com\/live\/index.php\/wp-json\/wp\/v2\/media\/43763"}],"wp:attachment":[{"href":"https:\/\/batimedianews.com\/live\/index.php\/wp-json\/wp\/v2\/media?parent=43761"}],"wp:term":[{"taxonomy":"category","embeddable":true,"href":"https:\/\/batimedianews.com\/live\/index.php\/wp-json\/wp\/v2\/categories?post=43761"},{"taxonomy":"post_tag","embeddable":true,"href":"https:\/\/batimedianews.com\/live\/index.php\/wp-json\/wp\/v2\/tags?post=43761"}],"curies":[{"name":"wp","href":"https:\/\/api.w.org\/{rel}","templated":true}]}}