{"id":43765,"date":"2025-03-24T09:38:21","date_gmt":"2025-03-24T08:38:21","guid":{"rendered":"http:\/\/batimedianews.com\/live\/?p=43765"},"modified":"2025-03-24T09:38:23","modified_gmt":"2025-03-24T08:38:23","slug":"viessmann-climate-solutions-presente-sa-strategie-multimarque-pendant-lish-a-francfort","status":"publish","type":"post","link":"https:\/\/batimedianews.com\/live\/index.php\/2025\/03\/24\/viessmann-climate-solutions-presente-sa-strategie-multimarque-pendant-lish-a-francfort\/","title":{"rendered":"Viessmann Climate Solutions pr\u00e9sente sa strat\u00e9gie multimarque pendant l&rsquo;ISH \u00e0 Francfort"},"content":{"rendered":"\n<figure class=\"wp-block-image size-full\"><img loading=\"lazy\" width=\"720\" height=\"720\" src=\"https:\/\/i2.wp.com\/batimedianews.com\/live\/wp-content\/uploads\/2025\/03\/01_Viessmann-Climate-Solutions-scaled.jpg?resize=720%2C720\" alt=\"\" class=\"wp-image-43766\" srcset=\"https:\/\/i2.wp.com\/batimedianews.com\/live\/wp-content\/uploads\/2025\/03\/01_Viessmann-Climate-Solutions-scaled.jpg?w=2560&amp;ssl=1 2560w, https:\/\/i2.wp.com\/batimedianews.com\/live\/wp-content\/uploads\/2025\/03\/01_Viessmann-Climate-Solutions-scaled.jpg?resize=600%2C600&amp;ssl=1 600w, https:\/\/i2.wp.com\/batimedianews.com\/live\/wp-content\/uploads\/2025\/03\/01_Viessmann-Climate-Solutions-scaled.jpg?resize=1024%2C1024&amp;ssl=1 1024w, https:\/\/i2.wp.com\/batimedianews.com\/live\/wp-content\/uploads\/2025\/03\/01_Viessmann-Climate-Solutions-scaled.jpg?resize=300%2C300&amp;ssl=1 300w, https:\/\/i2.wp.com\/batimedianews.com\/live\/wp-content\/uploads\/2025\/03\/01_Viessmann-Climate-Solutions-scaled.jpg?resize=1536%2C1536&amp;ssl=1 1536w, https:\/\/i2.wp.com\/batimedianews.com\/live\/wp-content\/uploads\/2025\/03\/01_Viessmann-Climate-Solutions-scaled.jpg?resize=2048%2C2048&amp;ssl=1 2048w, https:\/\/i2.wp.com\/batimedianews.com\/live\/wp-content\/uploads\/2025\/03\/01_Viessmann-Climate-Solutions-scaled.jpg?resize=10%2C10&amp;ssl=1 10w, https:\/\/i2.wp.com\/batimedianews.com\/live\/wp-content\/uploads\/2025\/03\/01_Viessmann-Climate-Solutions-scaled.jpg?w=1440 1440w, https:\/\/i2.wp.com\/batimedianews.com\/live\/wp-content\/uploads\/2025\/03\/01_Viessmann-Climate-Solutions-scaled.jpg?w=2160 2160w\" sizes=\"(max-width: 600px) 91vw, (max-width: 900px) 600px, (max-width: 1060px) 50vw, (max-width: 1200px) 520px, (max-width: 1400px) 43vw, 600px\" data-recalc-dims=\"1\" \/><figcaption><strong>Photo 1 <\/strong>: Viessmann Climate Solutions fait partie de Carrier Global Corporation, fournisseur leader mondial de solutions dans le domaine de la climatisation et de l\u2019\u00e9nergie.&nbsp;<\/figcaption><\/figure>\n\n\n\n<ul><li><strong>\u25cf Premi\u00e8re mondiale : Viessmann pr\u00e9sente pour la premi\u00e8re fois sa strat\u00e9gie multimarques au salon ISH de Francfort&nbsp;<\/strong><\/li><li><strong>\u25cf Le \u00ab Programme System Profi \u00bb aide les partenaires dans la transition vers des syst\u00e8mes de b\u00e2timents enti\u00e8rement \u00e9lectriques&nbsp;<\/strong><\/li><\/ul>\n\n\n\n<p><strong>Francfort\/Allendorf (Eder), 18 mars 2025 <\/strong>\u2014 \u00ab \u201cPower Play as One Team\u201d \u2014 c&rsquo;est sous ce slogan que nous pr\u00e9sentons pour la premi\u00e8re fois \u00e0 l&rsquo;ISH 2025 notre portefeuille multimarques aux partenaires professionnels du monde entier, dont font partie les marques Viessmann, Carrier, Riello et Beretta \u00bb, a d\u00e9clar\u00e9 aujourd&rsquo;hui (18.03.2025) Thomas Heim devant la presse internationale \u00e0 Francfort, en tant que responsable g\u00e9n\u00e9ral de Viessmann Climate Solutions et, dans sa fonction \u00e9tendue, \u00e9galement en tant que pr\u00e9sident de la Business Unit Residential and Light Commercial pour les r\u00e9gions Europe, Moyen-Orient et Afrique chez Carrier. Viessmann Climate Solutions (VCS) fait partie de Carrier Global Corporation (NYSE : CARR), un fournisseur leader dans le monde connu pour ses solutions intelligentes dans le domaine de l\u2019\u00e9nergie et de la climatisation.&nbsp;<\/p>\n\n\n\n<p>Thomas Heim a ajout\u00e9 : \u00ab Gr\u00e2ce \u00e0 cette association entre Viessmann Climate Solutions et Carrier Global Corporation, nous pouvons proposer \u00e0 nos partenaires professionnels un portefeuille complet de solutions de chauffage, de ventilation et de refroidissement de toutes puissances \u00bb.&nbsp;<\/p>\n\n\n\n<p>Afin de continuer \u00e0 soutenir ses partenaires \u00e0 l\u2019avenir, en particulier en ce qui concerne l\u2019\u00e9lectrification des b\u00e2timents, Viessmann a cr\u00e9\u00e9 le \u00ab Programme System Profi \u00bb. Dans le cadre de ce programme, les partenaires de Viessmann ont \u00e9t\u00e9 form\u00e9s conform\u00e9ment au syst\u00e8me certifi\u00e9 System Profi et proposent, gr\u00e2ce \u00e0 leurs comp\u00e9tences techniques transversales, des solutions personnalis\u00e9es et sur mesure pour l\u2019\u00e9lectrification globale des b\u00e2timents. Le programme est un support pour les partenaires de Viessmann issus de l\u2019artisanat sp\u00e9cialis\u00e9, qui&nbsp;s\u2019\u00e9tend du conseil et de la prospection des clients jusqu\u2019\u00e0 l\u2019installation, la mise en service et l\u2019entretien d\u2019une solution syst\u00e8me compl\u00e8te, dont tous les composants sont coordonn\u00e9s les uns par rapport aux autres de mani\u00e8re id\u00e9ale.&nbsp;<\/p>\n\n\n\n<p>Heim a soulign\u00e9 que l&rsquo;int\u00e9gration de Viessmann Climate Solutions avait \u00e9t\u00e9 men\u00e9e \u00e0 bien l&rsquo;ann\u00e9e derni\u00e8re. L&rsquo;un des moteurs de la croissance de Carrier est l&rsquo;activit\u00e9 de service, qui a enregistr\u00e9 une croissance \u00e0 deux chiffres.&nbsp;<\/p>\n\n\n\n<p><strong>Les activit\u00e9s de services ont progress\u00e9 des deux c\u00f4t\u00e9s de l\u2019Atlantique&nbsp;<\/strong><\/p>\n\n\n\n<div class=\"wp-block-image\"><figure class=\"alignleft size-large is-resized\"><img loading=\"lazy\" src=\"https:\/\/i2.wp.com\/batimedianews.com\/live\/wp-content\/uploads\/2025\/03\/02_Thomas-Heim-1.jpg?resize=324%2C324\" alt=\"\" class=\"wp-image-43769\" width=\"324\" height=\"324\" srcset=\"https:\/\/i2.wp.com\/batimedianews.com\/live\/wp-content\/uploads\/2025\/03\/02_Thomas-Heim-1.jpg?resize=1024%2C1024&amp;ssl=1 1024w, https:\/\/i2.wp.com\/batimedianews.com\/live\/wp-content\/uploads\/2025\/03\/02_Thomas-Heim-1.jpg?resize=600%2C600&amp;ssl=1 600w, https:\/\/i2.wp.com\/batimedianews.com\/live\/wp-content\/uploads\/2025\/03\/02_Thomas-Heim-1.jpg?resize=300%2C300&amp;ssl=1 300w, https:\/\/i2.wp.com\/batimedianews.com\/live\/wp-content\/uploads\/2025\/03\/02_Thomas-Heim-1.jpg?resize=1536%2C1536&amp;ssl=1 1536w, https:\/\/i2.wp.com\/batimedianews.com\/live\/wp-content\/uploads\/2025\/03\/02_Thomas-Heim-1.jpg?resize=2048%2C2048&amp;ssl=1 2048w, https:\/\/i2.wp.com\/batimedianews.com\/live\/wp-content\/uploads\/2025\/03\/02_Thomas-Heim-1.jpg?resize=10%2C10&amp;ssl=1 10w, https:\/\/i2.wp.com\/batimedianews.com\/live\/wp-content\/uploads\/2025\/03\/02_Thomas-Heim-1.jpg?zoom=3&amp;resize=324%2C324 972w\" sizes=\"(max-width: 600px) 91vw, (max-width: 900px) 600px, (max-width: 1060px) 50vw, (max-width: 1200px) 520px, (max-width: 1400px) 43vw, 600px\" data-recalc-dims=\"1\" \/><figcaption><strong>Photo 2: <\/strong>Thomas Heim, President Business Unit RLC EMEA&nbsp;<\/figcaption><\/figure><\/div>\n\n\n\n<p>Thomas Heim a dress\u00e9 un comparatif avec les activit\u00e9s en Europe, dont il est responsable au sein du groupement Carrier. De ce c\u00f4t\u00e9-ci de l&rsquo;Atlantique, l&rsquo;\u00e9quipe de Viessmann Climate Solutions a \u00e9galement r\u00e9ussi \u00e0 augmenter l&rsquo;activit\u00e9 de services avec un pourcentage \u00e0 deux chiffres. Tout aussi r\u00e9jouissant est l\u2019\u00e9volution de la part de march\u00e9 du segment des solutions de climatisation des pompes. L&rsquo;offre de produits innovants, la forte force de vente et le contact de longue date avec les partenaires sp\u00e9cialis\u00e9s dans l&rsquo;artisanat ont \u00e9t\u00e9 d\u00e9montr\u00e9s ici, car Viessmann a augment\u00e9 ses parts de march\u00e9 dans le secteur des pompes \u00e0 chaleur sur tous les principaux march\u00e9s europ\u00e9ens &#8211; avec une croissance d&rsquo;environ 5 % en Allemagne.&nbsp;<\/p>\n\n\n\n<div class=\"wp-block-image\"><figure class=\"alignleft size-full is-resized\"><img loading=\"lazy\" src=\"https:\/\/i1.wp.com\/batimedianews.com\/live\/wp-content\/uploads\/2025\/03\/03_Dr_Markus-Klausner-scaled.jpg?resize=317%2C317\" alt=\"\" class=\"wp-image-43767\" width=\"317\" height=\"317\" srcset=\"https:\/\/i1.wp.com\/batimedianews.com\/live\/wp-content\/uploads\/2025\/03\/03_Dr_Markus-Klausner-scaled.jpg?w=2560&amp;ssl=1 2560w, https:\/\/i1.wp.com\/batimedianews.com\/live\/wp-content\/uploads\/2025\/03\/03_Dr_Markus-Klausner-scaled.jpg?resize=600%2C600&amp;ssl=1 600w, https:\/\/i1.wp.com\/batimedianews.com\/live\/wp-content\/uploads\/2025\/03\/03_Dr_Markus-Klausner-scaled.jpg?resize=1024%2C1024&amp;ssl=1 1024w, https:\/\/i1.wp.com\/batimedianews.com\/live\/wp-content\/uploads\/2025\/03\/03_Dr_Markus-Klausner-scaled.jpg?resize=300%2C300&amp;ssl=1 300w, https:\/\/i1.wp.com\/batimedianews.com\/live\/wp-content\/uploads\/2025\/03\/03_Dr_Markus-Klausner-scaled.jpg?resize=1536%2C1536&amp;ssl=1 1536w, https:\/\/i1.wp.com\/batimedianews.com\/live\/wp-content\/uploads\/2025\/03\/03_Dr_Markus-Klausner-scaled.jpg?resize=2048%2C2048&amp;ssl=1 2048w, https:\/\/i1.wp.com\/batimedianews.com\/live\/wp-content\/uploads\/2025\/03\/03_Dr_Markus-Klausner-scaled.jpg?resize=10%2C10&amp;ssl=1 10w, https:\/\/i1.wp.com\/batimedianews.com\/live\/wp-content\/uploads\/2025\/03\/03_Dr_Markus-Klausner-scaled.jpg?w=1440 1440w, https:\/\/i1.wp.com\/batimedianews.com\/live\/wp-content\/uploads\/2025\/03\/03_Dr_Markus-Klausner-scaled.jpg?w=2160 2160w\" sizes=\"(max-width: 600px) 91vw, (max-width: 900px) 600px, (max-width: 1060px) 50vw, (max-width: 1200px) 520px, (max-width: 1400px) 43vw, 600px\" data-recalc-dims=\"1\" \/><figcaption><strong>Photo 3<\/strong>: Dr Markus Klausner, Chief Technology Officer Business Unit RLC EMEA&nbsp;<\/figcaption><\/figure><\/div>\n\n\n\n<p>Markus Klausner, Chief Technology Officer chez Viessmann Climate Solutions et \u00e9galement responsable de la division RLC EMEA chez Carrier, a ajout\u00e9 : \u00ab Et nous pr\u00e9sentons ici \u00e0 Francfort notre approche de vente de syst\u00e8mes in\u00e9dite. Cette approche permet aux artisans d\u2019installer avec efficacit\u00e9 des solutions climatiques et \u00e9nerg\u00e9tiques bas\u00e9es sur des \u00e9nergies nouvelles dans les b\u00e2timents tout en ouvrant l\u2019opportunit\u00e9 aux utilisateurs d\u2019\u00e9conomiser de l\u2019argent et de devenir plus ind\u00e9pendants du r\u00e9seau d\u2019\u00e9lectricit\u00e9 public. \u00bb Le directeur de la technologie a ajout\u00e9 \u00e0 ce sujet : \u00ab L\u2019ISH \u00e0 Francfort est le lieu id\u00e9al pour pr\u00e9senter ce portefeuille \u00e0 un public mondial. Je me r\u00e9jouis d\u00e9j\u00e0 de retrouver nos partenaires de longue date et d\u2019en rencontrer de nouveaux avec notre fabuleuse \u00e9quipe, apr\u00e8s l\u2019excellente journ\u00e9e d\u2019ouverture d\u2019hier. \u00bb&nbsp;<\/p>\n\n\n\n<p>Thomas Heim a \u00e9galement pr\u00e9sent\u00e9 des perspectives positives pour l&rsquo;ann\u00e9e 2025 en cours : \u00ab Nous allons d\u00e9velopper rapidement notre activit\u00e9 de services et embaucher techniciens suppl\u00e9mentaires. \u00bb \u00c0 l&rsquo;avenir, la Vitocal 250-A Pro, lanc\u00e9e l&rsquo;ann\u00e9e derni\u00e8re sur le march\u00e9 avec beaucoup de succ\u00e8s, continuera \u00e0 contribuer \u00e0 la d\u00e9carbonisation dans le secteur du b\u00e2timent. Cet appareil fonctionnant au r\u00e9frig\u00e9rant naturel, destin\u00e9 aux immeubles d\u2019habitation et aux petites applications commerciales, existe avec des puissances de 20 kW \u00e0 40 kW.&nbsp;<\/p>\n\n\n\n<p><strong>\u00c0 propos de Viessmann Climate Solutions&nbsp;<\/strong><\/p>\n\n\n\n<p>Fond\u00e9e en 1917 en tant que fabricant de techniques de chauffage, Viessmann Climate Solutions est aujourd\u2019hui un fournisseur leader mondial de solutions efficientes et syst\u00e9miques dans le domaine de la climatisation (chauffage, qualit\u00e9 de l\u2019eau et de l\u2019air) et de l\u2019\u00e9nergie. Le portefeuille int\u00e9gr\u00e9 de Viessmann Climate Solutions associe produits et syst\u00e8mes via des plateformes num\u00e9riques et des services continus pour fournir une solution globale de climatisation et \u00e9nerg\u00e9tique, cr\u00e9ant ainsi un environnement fiable, s\u00fbr et de bien-\u00eatre pour les utilisateurs et les utilisatrices. Viessmann Climate Solutions fait partie de Carrier Global Corporation, fournisseur leader mondial de solutions dans le domaine de la climatisation et de l\u2019\u00e9nergie qui sont porteuses de sens pour les individus et notre plan\u00e8te et qui traverseront les g\u00e9n\u00e9rations.&nbsp;<\/p>\n\n\n\n<p><\/p>\n","protected":false},"excerpt":{"rendered":"<p>\u25cf Premi\u00e8re mondiale : Viessmann pr\u00e9sente pour la premi\u00e8re fois sa strat\u00e9gie multimarques au salon ISH de Francfort&nbsp; \u25cf Le \u00ab Programme System Profi \u00bb aide les partenaires dans la transition vers des syst\u00e8mes de b\u00e2timents enti\u00e8rement \u00e9lectriques&nbsp; Francfort\/Allendorf (Eder), 18 mars 2025 \u2014 \u00ab \u201cPower Play as One Team\u201d \u2014 c&rsquo;est sous ce slogan [&hellip;]<\/p>\n","protected":false},"author":41,"featured_media":43771,"comment_status":"open","ping_status":"open","sticky":true,"template":"","format":"standard","meta":{"spay_email":""},"categories":[4,31,134],"tags":[],"jetpack_featured_media_url":"https:\/\/i0.wp.com\/batimedianews.com\/live\/wp-content\/uploads\/2025\/03\/Viessmann-articles-.jpg?fit=1513%2C825&ssl=1","jetpack_sharing_enabled":true,"jetpack_likes_enabled":true,"jetpack-related-posts":[{"id":26923,"url":"https:\/\/batimedianews.com\/live\/index.php\/2023\/03\/21\/groupe-intuis-present-aux-cotes-du-groupe-glen-dimplex-au-salon-ish-a-francfort\/","url_meta":{"origin":43765,"position":0},"title":"Groupe Intuis pr\u00e9sent aux c\u00f4t\u00e9s du Groupe Glen Dimplex au salon ISH \u00e0 Francfort","date":"21 mars 2023","format":false,"excerpt":"N\u00e9 il y a plus de\u00a070 ans, le groupe Intuis s'est construit en cr\u00e9ant et en int\u00e9grant de grandes marques sp\u00e9cialistes du confort thermique multi-\u00e9nergies.\u00a0Filiale du Groupe Glen Dimplex, Intuis est un groupe industriel implant\u00e9 en France dont la plupart des produits sont certifi\u00e9s\u00a0Origine France Garantie. Pour sa premi\u00e8re participation\u2026","rel":"","context":"Dans &quot;Actualit\u00e9 Entreprises&quot;","img":{"alt_text":"","src":"https:\/\/i2.wp.com\/batimedianews.com\/live\/wp-content\/uploads\/2023\/03\/Intuis-Article.jpg?fit=1080%2C1080&ssl=1&resize=350%2C200","width":350,"height":200},"classes":[]},{"id":26865,"url":"https:\/\/batimedianews.com\/live\/index.php\/2023\/03\/11\/le-salon-ish-2023-a-francfort-doit-confirmer-lenorme-developpement-des-pompes-a-chaleur\/","url_meta":{"origin":43765,"position":1},"title":"Le salon ISH 2023 \u00e0 Francfort doit confirmer l\u2019\u00e9norme d\u00e9veloppement des pompes \u00e0 chaleur","date":"11 mars 2023","format":false,"excerpt":"La derni\u00e8re \u00e9dition d\u2019ISH date de 2019. Depuis, sous l\u2019influence de la guerre en Ukraine, du changement climatique et de l\u2019\u00e9volution r\u00e8glementaire, le monde du chauffage a chang\u00e9. Pascal Poggi ISH 2023 sera l\u2019occasion de comprendre comment les industriels europ\u00e9ens ont r\u00e9agi au changement de paradigme \u00e9nerg\u00e9tique depuis l\u2019invasion de\u2026","rel":"","context":"Dans &quot;Articles et analyses&quot;","img":{"alt_text":"","src":"https:\/\/i1.wp.com\/batimedianews.com\/live\/wp-content\/uploads\/2023\/03\/ish-prearticle-1.jpeg?fit=1200%2C1200&ssl=1&resize=350%2C200","width":350,"height":200},"classes":[]},{"id":27033,"url":"https:\/\/batimedianews.com\/live\/index.php\/2023\/03\/15\/au-salon-ish-2023-viessmann-devoile-linvisible\/","url_meta":{"origin":43765,"position":2},"title":"Au salon ISH 2023, Viessmann d\u00e9voile l\u2019invisible","date":"15 mars 2023","format":false,"excerpt":"Viessmann propose une nouvelle configuration de mat\u00e9riels pour traiter les besoins d\u2019\u00e9lectricit\u00e9, de chauffage, de ventilation et d\u2019eau chaude sanitaire en maisons individuelles. Pascal Poggi pour Batim\u00e9dia Viessmann a tenu sa grande conf\u00e9rence de presse mardi 14 mars \u00e0 ISH. Il y a fait une annonce frappante\u00a0: toutes ses nouvelles\u2026","rel":"","context":"Dans &quot;Articles et analyses&quot;","img":{"alt_text":"","src":"https:\/\/i1.wp.com\/batimedianews.com\/live\/wp-content\/uploads\/2023\/03\/ISH3.jpeg?fit=1200%2C1200&ssl=1&resize=350%2C200","width":350,"height":200},"classes":[]},{"id":27060,"url":"https:\/\/batimedianews.com\/live\/index.php\/2023\/03\/17\/vivez-lecolution-au-salon-ish-2023-de-francfort\/","url_meta":{"origin":43765,"position":3},"title":"Vivez l&rsquo;\u00e9colution au salon ISH 2023 de Francfort","date":"17 mars 2023","format":false,"excerpt":"Les pompes sont consid\u00e9r\u00e9es comme une contre-mesure peu co\u00fbteuse \u00e0 l'augmentation des co\u00fbts de l'\u00e9nergie et rapide \u00e0 mettre en place, avec un potentiel d'\u00e9conomies \u00e9lev\u00e9. C'est pour cela que Wilo propose \u00e0 ses clients de miser sur l'efficience \u00e9nerg\u00e9tique et l'innovation et met en avant cette semaine sur le\u2026","rel":"","context":"Dans &quot;Actualit\u00e9 Entreprises&quot;","img":{"alt_text":"","src":"https:\/\/i1.wp.com\/batimedianews.com\/live\/wp-content\/uploads\/2023\/03\/will-Article.jpg?fit=1080%2C1080&ssl=1&resize=350%2C200","width":350,"height":200},"classes":[]},{"id":47628,"url":"https:\/\/batimedianews.com\/live\/index.php\/2025\/10\/29\/viessmann-climate-solutions-france-presente-son-offre-de-services-apres-vente-dediee-au-marche-residentiel-individuel\/","url_meta":{"origin":43765,"position":4},"title":"Viessmann Climate Solutions France pr\u00e9sente son offre de services apr\u00e8s-vente d\u00e9di\u00e9e au march\u00e9 r\u00e9sidentiel individuel.","date":"29 octobre 2025","format":false,"excerpt":"Viessmann Climate Solutions France pr\u00e9sente son offre de services apr\u00e8s-vente d\u00e9di\u00e9e au march\u00e9 r\u00e9sidentiel individuel. Cette initiative vise \u00e0 attirer de nouveaux installateurs et \u00e0 soutenir la performance des membres du r\u00e9seau historique de partenaires Proactif. Rennes Salon Artibat, conf\u00e9rence 22 octobre 2025 \u201c Central dans la satisfaction des clients\u2026","rel":"","context":"Dans &quot;Actualit\u00e9 Entreprises&quot;","img":{"alt_text":"","src":"https:\/\/i1.wp.com\/batimedianews.com\/live\/wp-content\/uploads\/2025\/10\/Viessmann.jpg?fit=825%2C825&ssl=1&resize=350%2C200","width":350,"height":200},"classes":[]},{"id":47121,"url":"https:\/\/batimedianews.com\/live\/index.php\/2025\/09\/30\/preview-des-premieres-nouveautes-viessmann-climate-solutions-a-decouvrir-sur-artibat-hall-7-stand-a12\/","url_meta":{"origin":43765,"position":5},"title":"Preview des premi\u00e8res nouveaut\u00e9s Viessmann Climate Solutions \u00e0 d\u00e9couvrir sur Artibat (Hall 7 stand A12)","date":"30 septembre 2025","format":false,"excerpt":"A l\u2019occasion du salon Artibat 2025, Viessmann Climate Solutions l\u00e8ve le voile sur des innovations parfaitement en phase avec les attentes du march\u00e9 et des professionnels fran\u00e7ais du HAVC (Heating, Ventilation and Air-Conditioning). \u2022 En effet, l\u2019offre d\u00e9volue \u00e0 la production d\u00e9centralis\u00e9e d\u2019\u00e9lectricit\u00e9 se densifie encore avec l\u2019arriv\u00e9e de nouveaux\u2026","rel":"","context":"Dans &quot;Actualit\u00e9 Entreprises&quot;","img":{"alt_text":"","src":"https:\/\/i1.wp.com\/batimedianews.com\/live\/wp-content\/uploads\/2025\/09\/Viessmann-1.jpg?fit=825%2C825&ssl=1&resize=350%2C200","width":350,"height":200},"classes":[]}],"_links":{"self":[{"href":"https:\/\/batimedianews.com\/live\/index.php\/wp-json\/wp\/v2\/posts\/43765"}],"collection":[{"href":"https:\/\/batimedianews.com\/live\/index.php\/wp-json\/wp\/v2\/posts"}],"about":[{"href":"https:\/\/batimedianews.com\/live\/index.php\/wp-json\/wp\/v2\/types\/post"}],"author":[{"embeddable":true,"href":"https:\/\/batimedianews.com\/live\/index.php\/wp-json\/wp\/v2\/users\/41"}],"replies":[{"embeddable":true,"href":"https:\/\/batimedianews.com\/live\/index.php\/wp-json\/wp\/v2\/comments?post=43765"}],"version-history":[{"count":2,"href":"https:\/\/batimedianews.com\/live\/index.php\/wp-json\/wp\/v2\/posts\/43765\/revisions"}],"predecessor-version":[{"id":43780,"href":"https:\/\/batimedianews.com\/live\/index.php\/wp-json\/wp\/v2\/posts\/43765\/revisions\/43780"}],"wp:featuredmedia":[{"embeddable":true,"href":"https:\/\/batimedianews.com\/live\/index.php\/wp-json\/wp\/v2\/media\/43771"}],"wp:attachment":[{"href":"https:\/\/batimedianews.com\/live\/index.php\/wp-json\/wp\/v2\/media?parent=43765"}],"wp:term":[{"taxonomy":"category","embeddable":true,"href":"https:\/\/batimedianews.com\/live\/index.php\/wp-json\/wp\/v2\/categories?post=43765"},{"taxonomy":"post_tag","embeddable":true,"href":"https:\/\/batimedianews.com\/live\/index.php\/wp-json\/wp\/v2\/tags?post=43765"}],"curies":[{"name":"wp","href":"https:\/\/api.w.org\/{rel}","templated":true}]}}