{"id":43801,"date":"2025-03-25T09:30:46","date_gmt":"2025-03-25T08:30:46","guid":{"rendered":"http:\/\/batimedianews.com\/live\/?p=43801"},"modified":"2025-03-25T09:30:49","modified_gmt":"2025-03-25T08:30:49","slug":"alkern-un-large-eventail-de-solutions-dediees-a-lamenagement-urbain-qui-senrichit-cette-annee-encore","status":"publish","type":"post","link":"https:\/\/batimedianews.com\/live\/index.php\/2025\/03\/25\/alkern-un-large-eventail-de-solutions-dediees-a-lamenagement-urbain-qui-senrichit-cette-annee-encore\/","title":{"rendered":"Alkern : un large \u00e9ventail de solutions d\u00e9di\u00e9es \u00e0 l\u2019am\u00e9nagement urbain qui s\u2019enrichit cette ann\u00e9e encore"},"content":{"rendered":"\n<p><strong>Alkern confirme son positionnement d\u2019acteur majeur de la pr\u00e9fabrication d\u2019\u00e9l\u00e9ments b\u00e9ton d\u00e9di\u00e9s \u00e0 l\u2019am\u00e9nagement durable des villes. Son offre est en effet reconnue des acteurs de l\u2019am\u00e9nagement urbain pour ses atouts : r\u00e9sistance aux intemp\u00e9ries comme aux variations de temp\u00e9ratures, antid\u00e9rapant, durable, facile d\u2019entretien, bas carbone\u2026&nbsp;<\/strong><\/p>\n\n\n\n<p>Parant \u00e0 tous les besoins, qu\u2019il s\u2019agisse de voirie, de s\u00e9curit\u00e9 passive ou bien encore mobilier urbain, pr\u00e9cisons que cet \u00e9ventail de solutions Alkern, 100 % recyclables et fabriqu\u00e9es en France, se d\u00e9cline en de multiples finitions (polies, lisses, brutes, d\u00e9sactiv\u00e9es ou sabl\u00e9es) et de nombreuses teintes, parfaitement adapt\u00e9es aux zones urbaines (gris, blanc, beige, anthracite\u2026).&nbsp;<\/p>\n\n\n\n<p>Notons aussi qu&rsquo;Alkern va m\u00eame jusqu\u2019\u00e0 collaborer \u00e9troitement avec les donneurs d\u2019ordres (r\u00e9gions, d\u00e9partements, collectivit\u00e9s territoriales, communes, entreprise, architectes, gestionnaires de ZAC, d\u2019infrastructures sportive, promoteurs immobiliers) pour d\u00e9velopper des am\u00e9nagements urbains uniques et personnalis\u00e9s.&nbsp;<\/p>\n\n\n\n<p>Si le panel Alkern compte une multitude de r\u00e9f\u00e9rences (pav\u00e9s et dalles de voiries, bordures, marches et blocs-marches, massifs d\u2019ancrage pour bornes de recharge et massifs provisoires, murets, murs en L et murs de sout\u00e8nement, \u00eelots et giratoires, bornes et potelets, entourage d\u2019arbres, bassins, bancs, banquettes\u2026), l\u2019industriel se fait fort d\u2019innover r\u00e9guli\u00e8rement comme en attestent ces deux derni\u00e8res nouveaut\u00e9s : l\u2019ensemble pique-nique S\u00e9r\u00e9nit\u00e9 et le muret banc Essentiel.&nbsp;<\/p>\n\n\n\n<figure class=\"wp-block-image size-medium\"><img loading=\"lazy\" width=\"600\" height=\"600\" src=\"https:\/\/i2.wp.com\/batimedianews.com\/live\/wp-content\/uploads\/2025\/03\/image-176.png?resize=600%2C600\" alt=\"\" class=\"wp-image-43802\" srcset=\"https:\/\/i2.wp.com\/batimedianews.com\/live\/wp-content\/uploads\/2025\/03\/image-176.png?resize=600%2C600&amp;ssl=1 600w, https:\/\/i2.wp.com\/batimedianews.com\/live\/wp-content\/uploads\/2025\/03\/image-176.png?resize=1024%2C1024&amp;ssl=1 1024w, https:\/\/i2.wp.com\/batimedianews.com\/live\/wp-content\/uploads\/2025\/03\/image-176.png?resize=300%2C300&amp;ssl=1 300w, https:\/\/i2.wp.com\/batimedianews.com\/live\/wp-content\/uploads\/2025\/03\/image-176.png?resize=1536%2C1536&amp;ssl=1 1536w, https:\/\/i2.wp.com\/batimedianews.com\/live\/wp-content\/uploads\/2025\/03\/image-176.png?resize=2048%2C2048&amp;ssl=1 2048w, https:\/\/i2.wp.com\/batimedianews.com\/live\/wp-content\/uploads\/2025\/03\/image-176.png?resize=10%2C10&amp;ssl=1 10w\" sizes=\"(max-width: 600px) 91vw, (max-width: 900px) 600px, (max-width: 1060px) 50vw, (max-width: 1200px) 520px, (max-width: 1400px) 43vw, 600px\" data-recalc-dims=\"1\" \/><\/figure>\n\n\n\n<p><strong>&nbsp;Ensemble pique-nique S\u00e9r\u00e9nit\u00e9 : id\u00e9al pour les parcs, aires de loisirs et zones de d\u00e9tente&nbsp;<\/strong><\/p>\n\n\n\n<p>D\u2019un design moderne, cet ensemble (table et assises) \u00e0 sceller ou \u00e0 poser, est constitu\u00e9 d\u2019une table et de bancs \u00e9pur\u00e9s pouvant accueillir jusqu\u2019\u00e0 6 personnes. Le plateau poli de la table offre une finition esth\u00e9tique parfaite, tout en assurant un confort optimal lors de son utilisation. Si les arr\u00eates s\u2019av\u00e8rent chanfrein\u00e9es et que ses angles sont arrondis, notons qu\u2019Alkern propose m\u00eame une variante avec des si\u00e8ges individuels permettant de personnaliser le nombre de places et faciliter l\u2019acc\u00e8s aux Personnes \u00e0 Mobilit\u00e9 R\u00e9duite (PMR) gr\u00e2ce \u00e0 une hauteur \u00e9tudi\u00e9e de 72 cm sous le plateau. L\u2019ensemble pique-nique S\u00e9r\u00e9nit\u00e9 est rev\u00eatu d\u2019un traitement de surface hydrofuge, ol\u00e9ofuge, anti-t\u00e2ches et anti-graffitis, appliqu\u00e9 en usine, pour garantir une utilisation sur le long terme. S\u00e9r\u00e9nit\u00e9 est disponible en Beige nuanc\u00e9, Quartz blanc et Gris \u00e9clat d\u2019onyx. Dimensions de la table : 235 x 90 de large x 82 cm de haut pour un poids de 1055 kg, du banc : 200 x 50 x 45 cm pour un poids de 391 kg, et des si\u00e8ges individuels : 50 x 50 x 45 cm pour un poids de 141 kg.&nbsp;<\/p>\n\n\n\n<figure class=\"wp-block-image size-large\"><img loading=\"lazy\" width=\"720\" height=\"720\" src=\"https:\/\/i2.wp.com\/batimedianews.com\/live\/wp-content\/uploads\/2025\/03\/image-177.png?resize=720%2C720\" alt=\"\" class=\"wp-image-43803\" srcset=\"https:\/\/i2.wp.com\/batimedianews.com\/live\/wp-content\/uploads\/2025\/03\/image-177.png?resize=1024%2C1024&amp;ssl=1 1024w, https:\/\/i2.wp.com\/batimedianews.com\/live\/wp-content\/uploads\/2025\/03\/image-177.png?resize=600%2C600&amp;ssl=1 600w, https:\/\/i2.wp.com\/batimedianews.com\/live\/wp-content\/uploads\/2025\/03\/image-177.png?resize=300%2C300&amp;ssl=1 300w, https:\/\/i2.wp.com\/batimedianews.com\/live\/wp-content\/uploads\/2025\/03\/image-177.png?resize=1536%2C1536&amp;ssl=1 1536w, https:\/\/i2.wp.com\/batimedianews.com\/live\/wp-content\/uploads\/2025\/03\/image-177.png?resize=2048%2C2048&amp;ssl=1 2048w, https:\/\/i2.wp.com\/batimedianews.com\/live\/wp-content\/uploads\/2025\/03\/image-177.png?resize=10%2C10&amp;ssl=1 10w, https:\/\/i2.wp.com\/batimedianews.com\/live\/wp-content\/uploads\/2025\/03\/image-177.png?zoom=3&amp;resize=1024%2C1024 3072w\" sizes=\"(max-width: 600px) 91vw, (max-width: 900px) 600px, (max-width: 1060px) 50vw, (max-width: 1200px) 520px, (max-width: 1400px) 43vw, 600px\" data-recalc-dims=\"1\" \/><\/figure>\n\n\n\n<p><strong>&nbsp;Muret banc Essentiel : la combinaison parfaite entre fonctionnalit\u00e9 et esth\u00e9tisme&nbsp;<\/strong><\/p>\n\n\n\n<p>Le muret banc Essentiel est adapt\u00e9 \u00e0 tous types d&rsquo;am\u00e9nagements, avec une longueur ajustable en fonction des demandes, allant de 50 x 50 x 50 cm \u00e0 250 x 50 x 50 cm (poids de 300 \u00e0 1500 kg). En fonction de la dimension, il offre un espace pour s\u2019assoir mais aussi la possibilit\u00e9 de cr\u00e9er des espaces ou d\u00e9limiter des zones. Disposant de chanfreins de 2 cm, le banc muret Essentiel s\u2019av\u00e8re conforme \u00e0 la norme anti-renversement des bancs NF99-610, tant par sa robustesse, sa stabilit\u00e9 que ses angles non saillants. Essentiel est d\u00e9clin\u00e9 en version sabl\u00e9e (Gris, Blanc, Vanille et Anthracite) et aspect lisse (blanc et gris).&nbsp;<\/p>\n\n\n\n<p class=\"has-sm-light-tertiary-background-color has-background\">&nbsp;Le groupe Alkern est un des leaders fran\u00e7ais de la pr\u00e9fabrication d\u2019\u00e9l\u00e9ments en b\u00e9ton permettant des modes constructifs peu carbon\u00e9s pour le b\u00e2timent, offrant des solutions d\u2019am\u00e9nagement durable des villes, ayant la capacit\u00e9 d\u2019infiltrer les eaux de surface et proposant des produits d\u2019embellissement des espaces ext\u00e9rieurs (jardins, piscines, voiries). En apportant des r\u00e9ponses concr\u00e8tes aux enjeux majeurs du r\u00e9chauffement climatique et de ses effets, le Groupe Alkern revendique ainsi des solutions durables \u00e0 l\u2019am\u00e9nagement des territoires, aux besoins d\u2019un habitat sain, confortable, esth\u00e9tique, respectueux de l\u2019environnement et patrimonial. Avec environ 250 millions d\u2019euros de chiffre d\u2019affaires en 2024 et 1 000 collaborateurs, engag\u00e9 dans une d\u00e9marche RSE pragmatique, le Groupe se d\u00e9veloppe gr\u00e2ce \u00e0 des \u00e9quipes responsables, mobilis\u00e9es sur les enjeux soci\u00e9taux, la s\u00e9curit\u00e9 au travail et la ma\u00eetrise de l\u2019impact environnemental de son activit\u00e9 et de ses produits. Le renouvellement de la m\u00e9daille d\u2019Or Ecovadis en 2024, avec un score la classant parmi les 2 % les plus vertueuses, en constitue une parfaite illustration !<\/p>\n","protected":false},"excerpt":{"rendered":"<p>Alkern confirme son positionnement d\u2019acteur majeur de la pr\u00e9fabrication d\u2019\u00e9l\u00e9ments b\u00e9ton d\u00e9di\u00e9s \u00e0 l\u2019am\u00e9nagement durable des villes. Son offre est en effet reconnue des acteurs de l\u2019am\u00e9nagement urbain pour ses atouts : r\u00e9sistance aux intemp\u00e9ries comme aux variations de temp\u00e9ratures, antid\u00e9rapant, durable, facile d\u2019entretien, bas carbone\u2026&nbsp; Parant \u00e0 tous les besoins, qu\u2019il s\u2019agisse de voirie, [&hellip;]<\/p>\n","protected":false},"author":41,"featured_media":43805,"comment_status":"open","ping_status":"open","sticky":true,"template":"","format":"standard","meta":{"spay_email":""},"categories":[4,792,1223,8,21],"tags":[],"jetpack_featured_media_url":"https:\/\/i2.wp.com\/batimedianews.com\/live\/wp-content\/uploads\/2025\/03\/Alkern.jpg?fit=1513%2C825&ssl=1","jetpack_sharing_enabled":true,"jetpack_likes_enabled":true,"jetpack-related-posts":[{"id":12675,"url":"https:\/\/batimedianews.com\/live\/index.php\/2021\/10\/08\/lamenagement-urbain-sous-toutes-ses-facettes-avec-alkern\/","url_meta":{"origin":43801,"position":0},"title":"L\u2019am\u00e9nagement urbain sous toutes ses facettes avec Alkern","date":"8 octobre 2021","format":false,"excerpt":"Parce que nos villes ont plus que jamais besoin d\u2019\u00eatre tout \u00e0 la fois accueillantes, s\u00fbres, durables et faciles \u00e0 vivre, Alkern propose depuis 50 ans, \u00e0 l\u2019attention des collectivit\u00e9s, une gamme compl\u00e8te destin\u00e9e \u00e0 l\u2019am\u00e9nagement urbain et est fier de pr\u00e9senter son nouveau catalogue. \u00a0Qu\u2019il s\u2019agisse de r\u00e9ponses pour\u2026","rel":"","context":"Dans &quot;Actualit\u00e9 Entreprises&quot;","img":{"alt_text":"","src":"https:\/\/i1.wp.com\/batimedianews.com\/live\/wp-content\/uploads\/2021\/10\/Alkern-Article.jpg?fit=512%2C512&ssl=1&resize=350%2C200","width":350,"height":200},"classes":[]},{"id":45272,"url":"https:\/\/batimedianews.com\/live\/index.php\/2025\/06\/12\/alkern-confirme-son-developpement-et-envisage-de-doubler-de-taille-dici-2030\/","url_meta":{"origin":43801,"position":1},"title":"ALKERN confirme son d\u00e9veloppement et envisage de doubler de taille d\u2019ici 2030","date":"12 juin 2025","format":false,"excerpt":"Alkern dispose d\u2019un large \u00e9ventail d\u2019offres d\u00e9di\u00e9es tant aux modes constructifs peu carbon\u00e9s pour le b\u00e2timent, que des solutions d\u2019am\u00e9nagement durables des villes ou encore des produits d\u2019embellissement des espaces ext\u00e9rieurs. Proposant des solutions adapt\u00e9es au changement climatique, notamment au c\u0153ur de l\u2019am\u00e9nagement des villes et de leurs infrastructures, Alkern\u2026","rel":"","context":"Dans &quot;Actualit\u00e9 Entreprises&quot;","img":{"alt_text":"","src":"https:\/\/i0.wp.com\/batimedianews.com\/live\/wp-content\/uploads\/2025\/06\/Alkern.jpg?fit=825%2C825&ssl=1&resize=350%2C200","width":350,"height":200},"classes":[]},{"id":8050,"url":"https:\/\/batimedianews.com\/live\/index.php\/2021\/01\/28\/nouveau-catalogue-2021-des-solutions-amenagement-exterieur-alkern\/","url_meta":{"origin":43801,"position":2},"title":"Nouveau catalogue 2021 des solutions Am\u00e9nagement Ext\u00e9rieur Alkern","date":"28 janvier 2021","format":false,"excerpt":"Nouvelle bible sign\u00e9e du leader fran\u00e7ais des produits pr\u00e9fabriqu\u00e9s en b\u00e9ton, le catalogue ALKERN 2021 propose de donner mati\u00e8re \u00e0 tous les projets d\u2019am\u00e9nagement ext\u00e9rieur. Sur 140 pages richement illustr\u00e9es pour se projeter ais\u00e9ment, chacun y trouvera, \u00e0 coup s\u00fbr, les r\u00e9ponses \u00e0 ses souhaits parmi la largeur de gamme\u2026","rel":"","context":"Dans &quot;Actualit\u00e9 Entreprises&quot;","img":{"alt_text":"","src":"https:\/\/i0.wp.com\/batimedianews.com\/live\/wp-content\/uploads\/2021\/01\/alkern.jpg?fit=506%2C374&ssl=1&resize=350%2C200","width":350,"height":200},"classes":[]},{"id":31609,"url":"https:\/\/batimedianews.com\/live\/index.php\/2023\/09\/22\/le-groupe-alkern-confirme-son-ambition-rse-en-procedant-a-la-mise-en-place-dun-sustainability-linked-loan-ou-pret-lie-a-des-objectifs-durables\/","url_meta":{"origin":43801,"position":3},"title":"Le groupe Alkern confirme son ambition RSE en proc\u00e9dant \u00e0 la mise en place d&rsquo;un Sustainability-Linked Loan, ou pr\u00eat li\u00e9 \u00e0 des objectifs durables","date":"22 septembre 2023","format":false,"excerpt":"Depuis 2021, Alkern poursuit sa croissance dans le cadre de son plan strat\u00e9gique, qui vise essentiellement \u00e0 :\u00a0 \u2022 piloter ses activit\u00e9s, principalement industrielles, de mani\u00e8re responsable au niveau de la s\u00e9curit\u00e9 de ses \u00e9quipes et de leur bien-\u00eatre tout en ma\u00eetrisant son impact environnemental, \u2022 apporter au march\u00e9 de\u2026","rel":"","context":"Dans &quot;Alkern&quot;","img":{"alt_text":"","src":"https:\/\/i0.wp.com\/batimedianews.com\/live\/wp-content\/uploads\/2023\/09\/Alkern-articles.jpg?fit=825%2C825&ssl=1&resize=350%2C200","width":350,"height":200},"classes":[]},{"id":48123,"url":"https:\/\/batimedianews.com\/live\/index.php\/2025\/11\/25\/dalles-drainantes-en-beton-alkern-les-seules-du-marche-a-etre-couvertes-par-des-fdes\/","url_meta":{"origin":43801,"position":4},"title":"Dalles drainantes en b\u00e9ton Alkern : les seules du march\u00e9 \u00e0 \u00eatre couvertes par des FDES","date":"25 novembre 2025","format":false,"excerpt":"La gestion des pluies a chang\u00e9 avec des p\u00e9riodes de s\u00e9cheresse longues qui alternent avec des p\u00e9riodes de pluie plus intenses que par le pass\u00e9. Fort de ce constat, Alkern a d\u00e9velopp\u00e9 une gamme de solutions drainantes qui permet d'adapter les infrastructures aux effets du changement climatique.\u00a0 Apr\u00e8s avoir enrichi\u2026","rel":"","context":"Dans &quot;Actualit\u00e9 Entreprises&quot;","img":{"alt_text":"","src":"https:\/\/i2.wp.com\/batimedianews.com\/live\/wp-content\/uploads\/2025\/11\/Alkern.jpg?fit=825%2C825&ssl=1&resize=350%2C200","width":350,"height":200},"classes":[]},{"id":2901,"url":"https:\/\/batimedianews.com\/live\/index.php\/2019\/09\/04\/special-amenagement-exterieur-toutes-les-solutions-alkern-dans-ses-nouvelles-editions-2019\/","url_meta":{"origin":43801,"position":5},"title":"Sp\u00e9cial Am\u00e9nagement ext\u00e9rieur : toutes les solutions Alkern dans ses nouvelles \u00e9ditions 2019","date":"4 septembre 2019","format":false,"excerpt":"Premier fabricant ind\u00e9pendant de produits pr\u00e9fabriqu\u00e9s en b\u00e9ton en France, le Groupe Alkern impose son expertise en am\u00e9nagement ext\u00e9rieur avec de nombreuses solutions en pierre reconstitu\u00e9e et b\u00e9ton press\u00e9. Permettant d\u2019am\u00e9nager, structurer et d\u00e9corer terrasse, plage de piscine, all\u00e9e de jardin et m\u00eame habiller ses murs int\u00e9rieurs, les r\u00e9f\u00e9rences Alkern\u2026","rel":"","context":"Dans &quot;B\u00e9ton&quot;","img":{"alt_text":"","src":"https:\/\/i1.wp.com\/batimedianews.com\/live\/wp-content\/uploads\/2019\/09\/alkern5image.jpg?fit=995%2C995&ssl=1&resize=350%2C200","width":350,"height":200},"classes":[]}],"_links":{"self":[{"href":"https:\/\/batimedianews.com\/live\/index.php\/wp-json\/wp\/v2\/posts\/43801"}],"collection":[{"href":"https:\/\/batimedianews.com\/live\/index.php\/wp-json\/wp\/v2\/posts"}],"about":[{"href":"https:\/\/batimedianews.com\/live\/index.php\/wp-json\/wp\/v2\/types\/post"}],"author":[{"embeddable":true,"href":"https:\/\/batimedianews.com\/live\/index.php\/wp-json\/wp\/v2\/users\/41"}],"replies":[{"embeddable":true,"href":"https:\/\/batimedianews.com\/live\/index.php\/wp-json\/wp\/v2\/comments?post=43801"}],"version-history":[{"count":2,"href":"https:\/\/batimedianews.com\/live\/index.php\/wp-json\/wp\/v2\/posts\/43801\/revisions"}],"predecessor-version":[{"id":43815,"href":"https:\/\/batimedianews.com\/live\/index.php\/wp-json\/wp\/v2\/posts\/43801\/revisions\/43815"}],"wp:featuredmedia":[{"embeddable":true,"href":"https:\/\/batimedianews.com\/live\/index.php\/wp-json\/wp\/v2\/media\/43805"}],"wp:attachment":[{"href":"https:\/\/batimedianews.com\/live\/index.php\/wp-json\/wp\/v2\/media?parent=43801"}],"wp:term":[{"taxonomy":"category","embeddable":true,"href":"https:\/\/batimedianews.com\/live\/index.php\/wp-json\/wp\/v2\/categories?post=43801"},{"taxonomy":"post_tag","embeddable":true,"href":"https:\/\/batimedianews.com\/live\/index.php\/wp-json\/wp\/v2\/tags?post=43801"}],"curies":[{"name":"wp","href":"https:\/\/api.w.org\/{rel}","templated":true}]}}