{"id":44044,"date":"2025-04-02T09:25:59","date_gmt":"2025-04-02T07:25:59","guid":{"rendered":"http:\/\/batimedianews.com\/live\/?p=44044"},"modified":"2025-04-02T09:26:02","modified_gmt":"2025-04-02T07:26:02","slug":"profils-systemes-presente-eclats-bruts-sa-nouvelle-collection-de-laquage-haute-durabilite-inspiree-des-metaux-originels","status":"publish","type":"post","link":"https:\/\/batimedianews.com\/live\/index.php\/2025\/04\/02\/profils-systemes-presente-eclats-bruts-sa-nouvelle-collection-de-laquage-haute-durabilite-inspiree-des-metaux-originels\/","title":{"rendered":"PROFILS SYST\u00c8MES pr\u00e9sente \u00c9clats Bruts\u00ae, sa nouvelle collection de laquage haute durabilit\u00e9 inspir\u00e9e des m\u00e9taux originels"},"content":{"rendered":"\n<p><strong>Sp\u00e9cialiste de la menuiserie aluminium, Profils Syst\u00e8mes allie ma\u00eetrise technique et expertise esth\u00e9tique pour sublimer les am\u00e9nagements ext\u00e9rieurs. Innovant et visionnaire, il a \u00e9t\u00e9 le premier gammiste fran\u00e7ais \u00e0 introduire le design fusel\u00e9 sur ce march\u00e9, avant de proposer des finitions sabl\u00e9es, satin\u00e9es, givr\u00e9es, ainsi que des effets bois, min\u00e9raux et m\u00e9talliques.&nbsp;<\/strong><\/p>\n\n\n\n<p><strong>Toujours en phase avec les tendances, Profils Syst\u00e8mes enrichit aujourd\u2019hui encore son offre avec \u00c9clats Bruts\u00ae, une nouvelle gamme de laquage haute durabilit\u00e9 destin\u00e9e aux architectes, cr\u00e9ateurs et professionnels du b\u00e2timent en qu\u00eate d&rsquo;originalit\u00e9 comme de performance.&nbsp;<\/strong><\/p>\n\n\n\n<figure class=\"wp-block-image size-full\"><img loading=\"lazy\" width=\"720\" height=\"403\" src=\"https:\/\/i1.wp.com\/batimedianews.com\/live\/wp-content\/uploads\/2025\/04\/image-3.png?resize=720%2C403\" alt=\"\" class=\"wp-image-44045\" srcset=\"https:\/\/i1.wp.com\/batimedianews.com\/live\/wp-content\/uploads\/2025\/04\/image-3.png?w=1100&amp;ssl=1 1100w, https:\/\/i1.wp.com\/batimedianews.com\/live\/wp-content\/uploads\/2025\/04\/image-3.png?resize=768%2C430&amp;ssl=1 768w, https:\/\/i1.wp.com\/batimedianews.com\/live\/wp-content\/uploads\/2025\/04\/image-3.png?resize=432%2C242&amp;ssl=1 432w, https:\/\/i1.wp.com\/batimedianews.com\/live\/wp-content\/uploads\/2025\/04\/image-3.png?resize=396%2C222&amp;ssl=1 396w, https:\/\/i1.wp.com\/batimedianews.com\/live\/wp-content\/uploads\/2025\/04\/image-3.png?resize=660%2C370&amp;ssl=1 660w\" sizes=\"(max-width: 600px) 91vw, (max-width: 900px) 600px, (max-width: 1060px) 50vw, (max-width: 1200px) 520px, (max-width: 1400px) 43vw, 600px\" data-recalc-dims=\"1\" \/><\/figure>\n\n\n\n<div class=\"wp-block-media-text alignwide is-stacked-on-mobile\" style=\"grid-template-columns:16% auto\"><figure class=\"wp-block-media-text__media\"><img loading=\"lazy\" width=\"184\" height=\"464\" src=\"https:\/\/i0.wp.com\/batimedianews.com\/live\/wp-content\/uploads\/2025\/04\/image-4.png?resize=184%2C464\" alt=\"\" class=\"wp-image-44046 size-full\" srcset=\"https:\/\/i0.wp.com\/batimedianews.com\/live\/wp-content\/uploads\/2025\/04\/image-4.png?w=184&amp;ssl=1 184w, https:\/\/i0.wp.com\/batimedianews.com\/live\/wp-content\/uploads\/2025\/04\/image-4.png?resize=768%2C1936&amp;ssl=1 768w\" sizes=\"(max-width: 600px) 91vw, (max-width: 900px) 600px, (max-width: 1060px) 50vw, (max-width: 1200px) 520px, (max-width: 1400px) 43vw, 600px\" data-recalc-dims=\"1\" \/><\/figure><div class=\"wp-block-media-text__content\">\n<p>Inspir\u00e9e des m\u00e9taux bruts tels que l&rsquo;acier, la fonte, le titane, l&rsquo;argent, l&rsquo;or, le nickel, le laiton et le cuivre, la collection <strong>\u00c9clats Bruts<\/strong><strong>\u00ae <\/strong>de Profils Syst\u00e8mes sublime la mati\u00e8re en captant et en r\u00e9fl\u00e9chissant subtilement la lumi\u00e8re. Les projets sont ainsi magnifi\u00e9s, qu\u2019il s\u2019agisse de mur-rideau, brise-soleil ou encore garde-corps&#8230;&nbsp;<\/p>\n\n\n\n<p>Disponible en <strong>12 teintes<\/strong>, mentionnons que trois d\u2019entre elles \u2013 \u00c9clats Dor\u00e9s, \u00c9clats Cuivr\u00e9s Bruns et \u00c9clats Cuivr\u00e9s Rouges \u2013 formul\u00e9es dans une technologie brevet\u00e9e permettent une finition m\u00e9tallis\u00e9e plus intense.&nbsp;<\/p>\n\n\n\n<p>Rappelons que l&rsquo;ensemble des profil\u00e9s aluminium Profils Syst\u00e8mes est extrud\u00e9 et laqu\u00e9 en France, au sein de son usine h\u00e9raultaise. \u00c9clats Bruts\u00ae affiche une <strong>haute durabilit\u00e9 classe 2<\/strong>, avec une r\u00e9sistance optimale aux UV et un maintien de la brillance sur le long terme. La tenue de la teinte est ainsi garantie pendant 25 ans, b\u00e9n\u00e9ficiant des labels de certification de laquage Qualicoat seaside, Qualilaquage, Qualimarine.&nbsp;<\/p>\n<\/div><\/div>\n\n\n\n<div class=\"wp-block-media-text alignwide is-stacked-on-mobile\" style=\"grid-template-columns:28% auto\"><figure class=\"wp-block-media-text__media\"><img loading=\"lazy\" width=\"294\" height=\"256\" src=\"https:\/\/i1.wp.com\/batimedianews.com\/live\/wp-content\/uploads\/2025\/04\/image-5.png?resize=294%2C256\" alt=\"\" class=\"wp-image-44047 size-full\" srcset=\"https:\/\/i1.wp.com\/batimedianews.com\/live\/wp-content\/uploads\/2025\/04\/image-5.png?w=294&amp;ssl=1 294w, https:\/\/i1.wp.com\/batimedianews.com\/live\/wp-content\/uploads\/2025\/04\/image-5.png?resize=768%2C668&amp;ssl=1 768w, https:\/\/i1.wp.com\/batimedianews.com\/live\/wp-content\/uploads\/2025\/04\/image-5.png?resize=10%2C10&amp;ssl=1 10w\" sizes=\"(max-width: 600px) 91vw, (max-width: 900px) 600px, (max-width: 1060px) 50vw, (max-width: 1200px) 520px, (max-width: 1400px) 43vw, 600px\" data-recalc-dims=\"1\" \/><\/figure><div class=\"wp-block-media-text__content\">\n<p>Pour accompagner le lancement de cette nouvelle collection, Profils Syst\u00e8mes d\u00e9ploie divers supports de communication. Deux vid\u00e9os, une version teaser de 15 secondes et une pr\u00e9sentation plus d\u00e9taill\u00e9e de 30 secondes, sont disponibles sur sa cha\u00eene YouTube. En compl\u00e9ment, des outils marketing sont mis \u00e0 disposition, notamment un d\u00e9pliant nuancier (r\u00e9f. 094-549), un nuancier avec anneau (r\u00e9f. 094-548), un pr\u00e9sentoir de couleurs destin\u00e9 aux showrooms dimensions 1 164 x 476 mm (r\u00e9f. 094-476) ainsi qu\u2019un kit de goodies, stylo, carnet de note, porte-cl\u00e9s sigl\u00e9s \u00e0 l\u2019effigie de la marque. <\/p>\n\n\n\n<p>Avec <strong>\u00c9clats Bruts\u00ae<\/strong>, Profils Syst\u00e8mes repousse les limites du laquage aluminium en alliant esth\u00e9tique, innovation et performance pour des projets architecturaux audacieux et intemporels.&nbsp;<\/p>\n<\/div><\/div>\n\n\n\n<figure class=\"wp-block-image size-full\"><img loading=\"lazy\" width=\"720\" height=\"491\" src=\"https:\/\/i1.wp.com\/batimedianews.com\/live\/wp-content\/uploads\/2025\/04\/image-6.png?resize=720%2C491\" alt=\"\" class=\"wp-image-44048\" srcset=\"https:\/\/i1.wp.com\/batimedianews.com\/live\/wp-content\/uploads\/2025\/04\/image-6.png?w=3222&amp;ssl=1 3222w, https:\/\/i1.wp.com\/batimedianews.com\/live\/wp-content\/uploads\/2025\/04\/image-6.png?resize=768%2C523&amp;ssl=1 768w, https:\/\/i1.wp.com\/batimedianews.com\/live\/wp-content\/uploads\/2025\/04\/image-6.png?resize=432%2C295&amp;ssl=1 432w, https:\/\/i1.wp.com\/batimedianews.com\/live\/wp-content\/uploads\/2025\/04\/image-6.png?resize=396%2C270&amp;ssl=1 396w, https:\/\/i1.wp.com\/batimedianews.com\/live\/wp-content\/uploads\/2025\/04\/image-6.png?resize=1120%2C764&amp;ssl=1 1120w, https:\/\/i1.wp.com\/batimedianews.com\/live\/wp-content\/uploads\/2025\/04\/image-6.png?resize=660%2C450&amp;ssl=1 660w, https:\/\/i1.wp.com\/batimedianews.com\/live\/wp-content\/uploads\/2025\/04\/image-6.png?w=1440 1440w, https:\/\/i1.wp.com\/batimedianews.com\/live\/wp-content\/uploads\/2025\/04\/image-6.png?w=2160 2160w\" sizes=\"(max-width: 600px) 91vw, (max-width: 900px) 600px, (max-width: 1060px) 50vw, (max-width: 1200px) 520px, (max-width: 1400px) 43vw, 600px\" data-recalc-dims=\"1\" \/><\/figure>\n","protected":false},"excerpt":{"rendered":"<p>Sp\u00e9cialiste de la menuiserie aluminium, Profils Syst\u00e8mes allie ma\u00eetrise technique et expertise esth\u00e9tique pour sublimer les am\u00e9nagements ext\u00e9rieurs. Innovant et visionnaire, il a \u00e9t\u00e9 le premier gammiste fran\u00e7ais \u00e0 introduire le design fusel\u00e9 sur ce march\u00e9, avant de proposer des finitions sabl\u00e9es, satin\u00e9es, givr\u00e9es, ainsi que des effets bois, min\u00e9raux et m\u00e9talliques.&nbsp; Toujours en phase [&hellip;]<\/p>\n","protected":false},"author":41,"featured_media":44049,"comment_status":"open","ping_status":"open","sticky":true,"template":"","format":"standard","meta":{"spay_email":""},"categories":[4,718,2092],"tags":[],"jetpack_featured_media_url":"https:\/\/i1.wp.com\/batimedianews.com\/live\/wp-content\/uploads\/2025\/04\/ProfilsSysteme.jpg?fit=1513%2C825&ssl=1","jetpack_sharing_enabled":true,"jetpack_likes_enabled":true,"jetpack-related-posts":[{"id":46115,"url":"https:\/\/batimedianews.com\/live\/index.php\/2025\/07\/29\/profils-systemes-en-force-a-artibat-2025-avec-trois-de-ses-fabricants-certifies\/","url_meta":{"origin":44044,"position":0},"title":"Profils Syst\u00e8mes en force \u00e0 Artibat 2025 avec trois de ses Fabricants Certifi\u00e9s","date":"29 juillet 2025","format":false,"excerpt":"\u00c0 l\u2019occasion du prochain salon Artibat (22 au 24 octobre), Profils Syst\u00e8mes met en lumi\u00e8re le dynamisme et l\u2019expertise de trois membres de son r\u00e9seau Fabricants Certifi\u00e9s : Aluglass, Goplast et Menuiseries Helleux. Ces partenaires de confiance valoriseront, sur leur stand respectif, des solutions innovantes et sur-mesure con\u00e7ues \u00e0 partir\u2026","rel":"","context":"Dans &quot;Actualit\u00e9 Entreprises&quot;","img":{"alt_text":"","src":"https:\/\/i2.wp.com\/batimedianews.com\/live\/wp-content\/uploads\/2025\/07\/Profils.jpg?fit=825%2C825&ssl=1&resize=350%2C200","width":350,"height":200},"classes":[]},{"id":46821,"url":"https:\/\/batimedianews.com\/live\/index.php\/2025\/09\/25\/profils-systemes-en-force-a-artibat-2025-avec-trois-de-ses-fabricants-certifies-2\/","url_meta":{"origin":44044,"position":1},"title":"Profils Syst\u00e8mes en force \u00e0 Artibat 2025 avec trois de ses Fabricants Certifi\u00e9s","date":"25 septembre 2025","format":false,"excerpt":"\u00c0 l\u2019occasion du prochain salon Artibat (22 au 24 octobre), Profils Syst\u00e8mes met en lumi\u00e8re le dynamisme et l\u2019expertise de trois membres de son r\u00e9seau Fabricants Certifi\u00e9s : Aluglass, Goplast et Menuiseries Helleux. Ces partenaires de confiance valoriseront, sur leur stand respectif, des solutions innovantes et sur-mesure con\u00e7ues \u00e0 partir\u2026","rel":"","context":"Dans &quot;Actualit\u00e9 Entreprises&quot;","img":{"alt_text":"","src":"https:\/\/i2.wp.com\/batimedianews.com\/live\/wp-content\/uploads\/2025\/09\/ProfilsSysteme.jpg?fit=825%2C825&ssl=1&resize=350%2C200","width":350,"height":200},"classes":[]},{"id":36072,"url":"https:\/\/batimedianews.com\/live\/index.php\/2024\/03\/10\/les-mots-de-profils-system\/","url_meta":{"origin":44044,"position":2},"title":"Les mots de Profils syst\u00e8mes","date":"10 mars 2024","format":false,"excerpt":"Empreinte carbone, Couverture photovoltaique, extrusion, fili\u00e8res, subblimation, barretage, laquage vertical et horizontal , logistique, portails, pergolas, RSE, Alu, Frappe, parachevement, prte lourde, seuil d\u00e9montable PMR, Coulissant, gorge europ\u00e9enne, poign\u00e9es sans embases, paumelle, outdoor, carport, bardage murray, mur rideau, brises soleil, ... Voici les mots de Profils syst\u00e8mes, derri\u00e8re chaque mot\u2026","rel":"","context":"Dans &quot;Actualit\u00e9 Entreprises&quot;","img":{"alt_text":"","src":"https:\/\/i2.wp.com\/batimedianews.com\/live\/wp-content\/uploads\/2024\/03\/Image-profils-systems-.jpeg?fit=675%2C675&ssl=1&resize=350%2C200","width":350,"height":200},"classes":[]},{"id":49732,"url":"https:\/\/batimedianews.com\/live\/index.php\/2026\/03\/17\/eclats-bruts-la-matiere-inspire-trois-nouvelles-pergolas-wallis-et-outdoor-signees-profils-systemes-et-dank-architectes\/","url_meta":{"origin":44044,"position":3},"title":"\u00c9CLATS BRUTS\u00ae : la mati\u00e8re inspire trois nouvelles pergolas Wallis et Outdoor\u00ae sign\u00e9es Profils Syst\u00e8mes et DANK Architectes","date":"17 mars 2026","format":false,"excerpt":"Apr\u00e8s le succ\u00e8s des r\u00e9f\u00e9rences Shine, Canyon ou encore Graphite, cr\u00e9\u00e9es avec la gamme Terra Cigala\u00ae, Profils Syst\u00e8mes et l\u2019agence lyonnaise Dank Architectes poursuivent leur exploration cr\u00e9ative et esth\u00e9tique. Cette ann\u00e9e, la collection de pergolas Wallis&Outdoor\u00ae s\u2019enrichit de trois nouveaux mod\u00e8les exclusifs, Copper, Golden et Interstellar, issus de la toute\u2026","rel":"","context":"Dans &quot;Actualit\u00e9s salons&quot;","img":{"alt_text":"","src":"https:\/\/i0.wp.com\/batimedianews.com\/live\/wp-content\/uploads\/2026\/03\/Profils.jpg?fit=825%2C825&ssl=1&resize=350%2C200","width":350,"height":200},"classes":[]},{"id":37607,"url":"https:\/\/batimedianews.com\/live\/index.php\/2024\/05\/29\/technal-acteur-precurseur-et-leader-de-la-decarbonation\/","url_meta":{"origin":44044,"position":4},"title":"TECHNAL, acteur pr\u00e9curseur et leader de la d\u00e9carbonation","date":"29 mai 2024","format":false,"excerpt":"Conscient des enjeux environnementaux actuels et futurs, TECHNAL a la conviction qu\u2019il est de sa responsabilit\u00e9 de participer activement au changement du march\u00e9 de la construction et de la r\u00e9novation. Pr\u00e9curseur avec la commercialisation d\u00e8s 2019 de ses gammes en aluminium recycl\u00e9 post-consommation Hydro CIRCAL 75R, la marque n\u2019a cess\u00e9\u2026","rel":"","context":"Dans &quot;D\u00e9carbonation&quot;","img":{"alt_text":"","src":"https:\/\/i0.wp.com\/batimedianews.com\/live\/wp-content\/uploads\/2024\/05\/Technal-articles-.jpg?fit=825%2C825&ssl=1&resize=350%2C200","width":350,"height":200},"classes":[]},{"id":38641,"url":"https:\/\/batimedianews.com\/live\/index.php\/2024\/07\/09\/veka-aluconnect-un-concept-de-menuiserie-aluminium-et-pvc-signe-veka-a-decouvrir-au-salon-equipbaie-metalexpo-by-batimat\/","url_meta":{"origin":44044,"position":5},"title":"VEKA AluConnect, un concept de menuiserie aluminium et PVC sign\u00e9 VEKA \u00e0 d\u00e9couvrir au Salon Equipbaie-MetalExpo by Batimat","date":"9 juillet 2024","format":false,"excerpt":"VEKA d\u00e9voilera pour la premi\u00e8re fois en France sur le salon Equipbaie du Mondial du B\u00e2timent 2024 (Hall 6 - stand E014), VEKA AluConnect, un concept in\u00e9dit de menuiserie alliant le meilleur de deux mat\u00e9riaux, l\u2019aluminium et le PVC. Un mariage heureux donc qui conjugue toute l\u2019\u00e9l\u00e9gance des fen\u00eatres aluminium\u2026","rel":"","context":"Dans &quot;Actualit\u00e9 Entreprises&quot;","img":{"alt_text":"","src":"https:\/\/i1.wp.com\/batimedianews.com\/live\/wp-content\/uploads\/2024\/07\/Veka-articles-.jpg?fit=825%2C825&ssl=1&resize=350%2C200","width":350,"height":200},"classes":[]}],"_links":{"self":[{"href":"https:\/\/batimedianews.com\/live\/index.php\/wp-json\/wp\/v2\/posts\/44044"}],"collection":[{"href":"https:\/\/batimedianews.com\/live\/index.php\/wp-json\/wp\/v2\/posts"}],"about":[{"href":"https:\/\/batimedianews.com\/live\/index.php\/wp-json\/wp\/v2\/types\/post"}],"author":[{"embeddable":true,"href":"https:\/\/batimedianews.com\/live\/index.php\/wp-json\/wp\/v2\/users\/41"}],"replies":[{"embeddable":true,"href":"https:\/\/batimedianews.com\/live\/index.php\/wp-json\/wp\/v2\/comments?post=44044"}],"version-history":[{"count":2,"href":"https:\/\/batimedianews.com\/live\/index.php\/wp-json\/wp\/v2\/posts\/44044\/revisions"}],"predecessor-version":[{"id":44053,"href":"https:\/\/batimedianews.com\/live\/index.php\/wp-json\/wp\/v2\/posts\/44044\/revisions\/44053"}],"wp:featuredmedia":[{"embeddable":true,"href":"https:\/\/batimedianews.com\/live\/index.php\/wp-json\/wp\/v2\/media\/44049"}],"wp:attachment":[{"href":"https:\/\/batimedianews.com\/live\/index.php\/wp-json\/wp\/v2\/media?parent=44044"}],"wp:term":[{"taxonomy":"category","embeddable":true,"href":"https:\/\/batimedianews.com\/live\/index.php\/wp-json\/wp\/v2\/categories?post=44044"},{"taxonomy":"post_tag","embeddable":true,"href":"https:\/\/batimedianews.com\/live\/index.php\/wp-json\/wp\/v2\/tags?post=44044"}],"curies":[{"name":"wp","href":"https:\/\/api.w.org\/{rel}","templated":true}]}}