{"id":44111,"date":"2025-04-10T10:02:38","date_gmt":"2025-04-10T08:02:38","guid":{"rendered":"http:\/\/batimedianews.com\/live\/?p=44111"},"modified":"2025-04-10T10:02:40","modified_gmt":"2025-04-10T08:02:40","slug":"midi-les-nouveautes-interieurs-exterieurs","status":"publish","type":"post","link":"https:\/\/batimedianews.com\/live\/index.php\/2025\/04\/10\/midi-les-nouveautes-interieurs-exterieurs\/","title":{"rendered":"MIDI les nouveaut\u00e9s \/ int\u00e9rieurs &#8211; ext\u00e9rieurs"},"content":{"rendered":"\n<h2>Provence<\/h2>\n\n\n\n<p>Des contreforts de l\u2019Italie aux bords de la M\u00e9diterran\u00e9e, des Alpes de Haute-Provence aux Marais Camarguais, des vallons calcaires des Alpilles aux oliveraies de l\u2019arri\u00e8re-pays, des for\u00eats de pins, de la garrigue, des champs de fleurs \u00e0 parfum, les plages or de la C\u00f4te, les calanques&#8230;<\/p>\n\n\n\n<p>Une terre plurielle.<\/p>\n\n\n\n<h2>Art de vivre<\/h2>\n\n\n\n<p>Si inspirant qu\u2019il chante dans les mots de Jean Giono, se distille dans les photographies de Willy Ronis, se diffracte dans les peintures de C\u00e9zanne, annihile les perspectives dans celles de Bonnard, s\u2019\u00e9tire sous les pinceaux de Matisse\u2026<\/p>\n\n\n\n<p>\u00c0 l\u2019infini cin\u00e9matographique.<\/p>\n\n\n\n<h2>Artisanat<\/h2>\n\n\n\n<p><em>Quand l\u2019esprit commence et finit au bout des doigts <\/em><\/p>\n\n\n\n<p><strong>Paul Val\u00e9ry<\/strong><\/p>\n\n\n\n<p>Au plus pr\u00e8s des ressources des territoires, les artisans travaillent les riches mati\u00e8res naturelles aussi diverses que les paysages : la pierre de Cassis, la terre de Salernes, la paille, le bois d\u2019olivier, le paillage, le verre de Biot, la fa\u00efence de Varages et de Moustier\u2026<\/p>\n\n\n\n<figure class=\"wp-block-image size-full\"><img loading=\"lazy\" width=\"720\" height=\"589\" src=\"https:\/\/i0.wp.com\/batimedianews.com\/live\/wp-content\/uploads\/2025\/04\/image-34.png?resize=720%2C589\" alt=\"\" class=\"wp-image-44114\" srcset=\"https:\/\/i0.wp.com\/batimedianews.com\/live\/wp-content\/uploads\/2025\/04\/image-34.png?w=1150&amp;ssl=1 1150w, https:\/\/i0.wp.com\/batimedianews.com\/live\/wp-content\/uploads\/2025\/04\/image-34.png?resize=768%2C627&amp;ssl=1 768w, https:\/\/i0.wp.com\/batimedianews.com\/live\/wp-content\/uploads\/2025\/04\/image-34.png?resize=432%2C353&amp;ssl=1 432w, https:\/\/i0.wp.com\/batimedianews.com\/live\/wp-content\/uploads\/2025\/04\/image-34.png?resize=396%2C324&amp;ssl=1 396w, https:\/\/i0.wp.com\/batimedianews.com\/live\/wp-content\/uploads\/2025\/04\/image-34.png?resize=1120%2C915&amp;ssl=1 1120w, https:\/\/i0.wp.com\/batimedianews.com\/live\/wp-content\/uploads\/2025\/04\/image-34.png?resize=660%2C539&amp;ssl=1 660w\" sizes=\"(max-width: 600px) 91vw, (max-width: 900px) 600px, (max-width: 1060px) 50vw, (max-width: 1200px) 520px, (max-width: 1400px) 43vw, 600px\" data-recalc-dims=\"1\" \/><\/figure>\n\n\n\n<figure class=\"wp-block-image size-full\"><img loading=\"lazy\" width=\"720\" height=\"881\" src=\"https:\/\/i1.wp.com\/batimedianews.com\/live\/wp-content\/uploads\/2025\/04\/image-35.png?resize=720%2C881\" alt=\"\" class=\"wp-image-44117\" srcset=\"https:\/\/i1.wp.com\/batimedianews.com\/live\/wp-content\/uploads\/2025\/04\/image-35.png?w=906&amp;ssl=1 906w, https:\/\/i1.wp.com\/batimedianews.com\/live\/wp-content\/uploads\/2025\/04\/image-35.png?resize=768%2C939&amp;ssl=1 768w, https:\/\/i1.wp.com\/batimedianews.com\/live\/wp-content\/uploads\/2025\/04\/image-35.png?resize=432%2C528&amp;ssl=1 432w, https:\/\/i1.wp.com\/batimedianews.com\/live\/wp-content\/uploads\/2025\/04\/image-35.png?resize=396%2C484&amp;ssl=1 396w, https:\/\/i1.wp.com\/batimedianews.com\/live\/wp-content\/uploads\/2025\/04\/image-35.png?resize=660%2C807&amp;ssl=1 660w\" sizes=\"(max-width: 600px) 91vw, (max-width: 900px) 600px, (max-width: 1060px) 50vw, (max-width: 1200px) 520px, (max-width: 1400px) 43vw, 600px\" data-recalc-dims=\"1\" \/><\/figure>\n\n\n\n<p class=\"has-medium-font-size\"><strong><em>Midi, une provence contemporaine<\/em><\/strong><\/p>\n\n\n\n<p>Architecte d\u2019int\u00e9rieur, dipl\u00f4m\u00e9 de Penninghen, signant le design de nombreuses boutiques et vaisseaux amiraux internationaux de grandes Maisons de luxe, J\u00e9r\u00e9mie du Chaffaut n\u2019oublie jamais sa Provence natale. Issu d\u2019une longue lign\u00e9e de Haute-Provence datant du xve si\u00e8cle, l\u2019oeil aiguis\u00e9 par ses parents antiquaires \u00e0 leurs heures perdues, J\u00e9r\u00e9mie du Chaffaut se forge une aptitude : <em>\u00ab Au beau, \u00e0 cultiver. Au patrimoine, \u00e0 conserver. \u00bb<\/em> Alors quand la d\u00e9cision d\u2019acqu\u00e9rir une maison familiale \u00e0 la Sainte-Baume, se conjugue \u00e0 l\u2019envie de l\u2019habiller de meubles proven\u00e7aux. Ils cherchent mais ne trouvent pas.<\/p>\n\n\n\n<p>Il ressent, avec sa femme, la n\u00e9cessit\u00e9 de les cr\u00e9er, dans le respect des savoir-faire r\u00e9gionaux, soulign\u00e9s par son \u00e9criture d\u2019architecte. Un autre \u00e9v\u00e9nement les incite \u00e0 se lancer : la disparition apr\u00e8s plusieurs g\u00e9n\u00e9rations d\u2019un c\u00e9ramiste marseillais, labellis\u00e9 entreprise du Patrimoine vivant. <em>\u00ab De ce constat, notre projet est n\u00e9 en 2019 d\u2019une envie profonde de r\u00e9v\u00e9ler dans une vision contemporaine les artisanats d\u2019exception, de sublimer les traditions. \u00bb<\/em><\/p>\n\n\n\n<div class=\"wp-block-media-text alignwide has-media-on-the-right is-stacked-on-mobile\" style=\"grid-template-columns:auto 44%\"><figure class=\"wp-block-media-text__media\"><img loading=\"lazy\" width=\"720\" height=\"647\" src=\"https:\/\/i1.wp.com\/batimedianews.com\/live\/wp-content\/uploads\/2025\/04\/image-36.png?resize=720%2C647\" alt=\"\" class=\"wp-image-44124 size-full\" srcset=\"https:\/\/i1.wp.com\/batimedianews.com\/live\/wp-content\/uploads\/2025\/04\/image-36.png?w=1144&amp;ssl=1 1144w, https:\/\/i1.wp.com\/batimedianews.com\/live\/wp-content\/uploads\/2025\/04\/image-36.png?resize=768%2C690&amp;ssl=1 768w, https:\/\/i1.wp.com\/batimedianews.com\/live\/wp-content\/uploads\/2025\/04\/image-36.png?resize=10%2C10&amp;ssl=1 10w, https:\/\/i1.wp.com\/batimedianews.com\/live\/wp-content\/uploads\/2025\/04\/image-36.png?resize=432%2C388&amp;ssl=1 432w, https:\/\/i1.wp.com\/batimedianews.com\/live\/wp-content\/uploads\/2025\/04\/image-36.png?resize=396%2C356&amp;ssl=1 396w, https:\/\/i1.wp.com\/batimedianews.com\/live\/wp-content\/uploads\/2025\/04\/image-36.png?resize=1120%2C1006&amp;ssl=1 1120w, https:\/\/i1.wp.com\/batimedianews.com\/live\/wp-content\/uploads\/2025\/04\/image-36.png?resize=660%2C593&amp;ssl=1 660w\" sizes=\"(max-width: 600px) 91vw, (max-width: 900px) 600px, (max-width: 1060px) 50vw, (max-width: 1200px) 520px, (max-width: 1400px) 43vw, 600px\" data-recalc-dims=\"1\" \/><\/figure><div class=\"wp-block-media-text__content\">\n<p class=\"has-medium-font-size\"><strong><em>Midi, \u00e0 l\u2019heure des artisans<\/em><\/strong><\/p>\n\n\n\n<p>Apr\u00e8s un tour de Provence de plus d\u2019un an, J\u00e9r\u00e9mie du Chaffaut s\u2019allie \u00e0 de rares artisans, ayant l\u2019envie de travailler de nouvelles formes, de pousser plus loin leur savoir-faire : un c\u00e9ramiste proche d\u2019Aix-en-Provence, fils et petit-fils de potier, magicien de la terre ou encore le dernier chaisier de Camargue, cinqui\u00e8me g\u00e9n\u00e9ration d\u2019\u00e9b\u00e9niste . De ces associations, naissent des meubles et objets, faits de mains d\u2019homme, dans les plus belles mati\u00e8res, d\u00e9nu\u00e9s de superflu, dessin\u00e9s avec radicalit\u00e9, avec le souci du d\u00e9tail et de la perfection. Des pi\u00e8ces uniques narrant un autre luxe, pla\u00e7ant l\u2019homme au centre.<\/p>\n\n\n\n<p>Le Radassi\u00e9 &#8211; radassa en proven\u00e7al signifie paresser, s\u2019\u00e9tire en une longue banquette de ch\u00eane, le Fautuei ou le Cadiero, affichent leurs assises de sagne, un jonc des bords du Rh\u00f4ne. Quant aux c\u00e9ramiques, elles r\u00e9interpr\u00e8tent les usages d\u2019autrefois. Le Bugadiero est un tian tourn\u00e9 \u00e0 la main, le Counsci\u00e8nci rappelle les contenants transportant l\u2019huile d\u2019olive, aux nombreuses encoches laissant passer les cordes qui la retenaient aux \u00e2nes.<\/p>\n<\/div><\/div>\n\n\n\n<div class=\"wp-block-media-text alignwide is-stacked-on-mobile\" style=\"grid-template-columns:41% auto\"><figure class=\"wp-block-media-text__media\"><img loading=\"lazy\" width=\"720\" height=\"685\" src=\"https:\/\/i0.wp.com\/batimedianews.com\/live\/wp-content\/uploads\/2025\/04\/image-37.png?resize=720%2C685\" alt=\"\" class=\"wp-image-44125 size-full\" srcset=\"https:\/\/i0.wp.com\/batimedianews.com\/live\/wp-content\/uploads\/2025\/04\/image-37.png?w=1144&amp;ssl=1 1144w, https:\/\/i0.wp.com\/batimedianews.com\/live\/wp-content\/uploads\/2025\/04\/image-37.png?resize=768%2C730&amp;ssl=1 768w, https:\/\/i0.wp.com\/batimedianews.com\/live\/wp-content\/uploads\/2025\/04\/image-37.png?resize=10%2C10&amp;ssl=1 10w, https:\/\/i0.wp.com\/batimedianews.com\/live\/wp-content\/uploads\/2025\/04\/image-37.png?resize=432%2C411&amp;ssl=1 432w, https:\/\/i0.wp.com\/batimedianews.com\/live\/wp-content\/uploads\/2025\/04\/image-37.png?resize=396%2C377&amp;ssl=1 396w, https:\/\/i0.wp.com\/batimedianews.com\/live\/wp-content\/uploads\/2025\/04\/image-37.png?resize=1120%2C1065&amp;ssl=1 1120w, https:\/\/i0.wp.com\/batimedianews.com\/live\/wp-content\/uploads\/2025\/04\/image-37.png?resize=660%2C628&amp;ssl=1 660w\" sizes=\"(max-width: 600px) 91vw, (max-width: 900px) 600px, (max-width: 1060px) 50vw, (max-width: 1200px) 520px, (max-width: 1400px) 43vw, 600px\" data-recalc-dims=\"1\" \/><\/figure><div class=\"wp-block-media-text__content\">\n<p class=\"has-medium-font-size\"><strong><em>Midi, \u00e0 la lumi\u00e8re d\u2019une d\u00e9marche durable<\/em><\/strong><\/p>\n\n\n\n<p>\u00ab<em> Midi n\u2019est pas qu\u2019une maison d\u2019\u00e9dition. C\u2019est une id\u00e9e, celle de vouloir revisiter et r\u00e9inventer les modes de fabrication ancestraux pour cr\u00e9er des exp\u00e9riences : un \u00e9quilibre parfait entre folklore, savoir-faire d\u2019excellence, innovation dans les formes et les motifs. \u00bb <\/em>Il ne s\u2019agit pas d\u2019\u00e9diter un meuble de plus, un objet de trop. Mais de renouer avec l\u2019artisanat, dans la sauvegarde et la transmission des savoir-faire.<\/p>\n\n\n\n<p>Toutes les mati\u00e8res matricielles viennent de la nature, de for\u00eats de ch\u00eane en gestion durable ou des bords du Rh\u00f4ne pour la paille. <em>\u00ab Aujourd\u2019hui on appelle cela de l\u2019\u00e9coconception mais je veux simplement revenir \u00e0 ce que faisaient nos anciens. C\u2019est juste du bon sens et apr\u00e8s des d\u00e9cennies d\u2019exc\u00e8s, cette d\u00e9marche locale est en train de s\u2019imposer dans de nombreux domaines : nourriture, habillement&#8230; Midi est l\u2019anti-meuble jetable, qui finit sur le trottoir quelques ann\u00e9es apr\u00e8s, car pass\u00e9 de mode ou cass\u00e9. Par exemple, tout meuble Midi ab\u00eem\u00e9 par quelques dents de chien ou\u2026, je le r\u00e9pare. \u00bb<\/em><\/p>\n\n\n\n<p>Un studio de cr\u00e9ation se destine aussi \u00e0 des projets surmesure.<\/p>\n\n\n\n<p>Imaginer ensemble, autour d\u2019une table, est aussi intrins\u00e8que \u00e0 Midi.<\/p>\n<\/div><\/div>\n\n\n\n<div class=\"wp-block-media-text alignwide has-media-on-the-right is-stacked-on-mobile\" style=\"grid-template-columns:auto 45%\"><figure class=\"wp-block-media-text__media\"><img loading=\"lazy\" width=\"720\" height=\"720\" src=\"https:\/\/i0.wp.com\/batimedianews.com\/live\/wp-content\/uploads\/2025\/04\/image-38.png?resize=720%2C720\" alt=\"\" class=\"wp-image-44126 size-full\" srcset=\"https:\/\/i0.wp.com\/batimedianews.com\/live\/wp-content\/uploads\/2025\/04\/image-38.png?resize=1024%2C1024&amp;ssl=1 1024w, https:\/\/i0.wp.com\/batimedianews.com\/live\/wp-content\/uploads\/2025\/04\/image-38.png?resize=600%2C600&amp;ssl=1 600w, https:\/\/i0.wp.com\/batimedianews.com\/live\/wp-content\/uploads\/2025\/04\/image-38.png?resize=300%2C300&amp;ssl=1 300w, https:\/\/i0.wp.com\/batimedianews.com\/live\/wp-content\/uploads\/2025\/04\/image-38.png?resize=1536%2C1536&amp;ssl=1 1536w, https:\/\/i0.wp.com\/batimedianews.com\/live\/wp-content\/uploads\/2025\/04\/image-38.png?resize=2048%2C2048&amp;ssl=1 2048w, https:\/\/i0.wp.com\/batimedianews.com\/live\/wp-content\/uploads\/2025\/04\/image-38.png?resize=10%2C10&amp;ssl=1 10w\" sizes=\"(max-width: 600px) 91vw, (max-width: 900px) 600px, (max-width: 1060px) 50vw, (max-width: 1200px) 520px, (max-width: 1400px) 43vw, 600px\" data-recalc-dims=\"1\" \/><\/figure><div class=\"wp-block-media-text__content\">\n<p class=\"has-medium-font-size\"><strong><em>Midi, l\u2019histoire continue<\/em><\/strong><\/p>\n\n\n\n<p>Quatre ans se sont \u00e9coul\u00e9s depuis la naissance de Midi. Notre mission reste inchang\u00e9e, ressusciter le riche catalogue du patrimoine r\u00e9gional proven\u00e7ale en l\u2019adaptant aux modes de vie contemporains, pr\u00e9servant ainsi des si\u00e8cles de savoir-faire.<\/p>\n\n\n\n<p>Nous visons \u00e0 offrir des produits durables et respectueux de l\u2019environnement, tout en r\u00e9pondant aux attentes de nos clients. Notre engagement durable se traduit par :<\/p>\n\n\n\n<ul><li>Un design intemporel, qui traverse les modes et perdure dans le temps<\/li><li>Peu de nouveaut\u00e9 afin de limiter l\u2019impact environnemental de notre production et de favoriser une consommation responsable.<\/li><li>Des mati\u00e8res naturelles, locales, choisies pour leur durabilit\u00e9 et leur impact \u00e9cologique<\/li><li>La r\u00e9parabilit\u00e9, pour \u00e9viter le gaspillage de la mati\u00e8re<\/li><\/ul>\n<\/div><\/div>\n\n\n\n<figure class=\"wp-block-image size-large\"><img loading=\"lazy\" width=\"720\" height=\"720\" src=\"https:\/\/i0.wp.com\/batimedianews.com\/live\/wp-content\/uploads\/2025\/04\/image-39.png?resize=720%2C720\" alt=\"\" class=\"wp-image-44127\" srcset=\"https:\/\/i0.wp.com\/batimedianews.com\/live\/wp-content\/uploads\/2025\/04\/image-39.png?resize=1024%2C1024&amp;ssl=1 1024w, https:\/\/i0.wp.com\/batimedianews.com\/live\/wp-content\/uploads\/2025\/04\/image-39.png?resize=600%2C600&amp;ssl=1 600w, https:\/\/i0.wp.com\/batimedianews.com\/live\/wp-content\/uploads\/2025\/04\/image-39.png?resize=300%2C300&amp;ssl=1 300w, https:\/\/i0.wp.com\/batimedianews.com\/live\/wp-content\/uploads\/2025\/04\/image-39.png?resize=1536%2C1536&amp;ssl=1 1536w, https:\/\/i0.wp.com\/batimedianews.com\/live\/wp-content\/uploads\/2025\/04\/image-39.png?resize=2048%2C2048&amp;ssl=1 2048w, https:\/\/i0.wp.com\/batimedianews.com\/live\/wp-content\/uploads\/2025\/04\/image-39.png?resize=10%2C10&amp;ssl=1 10w\" sizes=\"(max-width: 600px) 91vw, (max-width: 900px) 600px, (max-width: 1060px) 50vw, (max-width: 1200px) 520px, (max-width: 1400px) 43vw, 600px\" data-recalc-dims=\"1\" \/><\/figure>\n\n\n\n<p class=\"has-medium-font-size\"><strong><em>Roujo<\/em><\/strong><\/p>\n\n\n\n<p>Pour cette table basse, nous avons s\u00e9lectionn\u00e9 l\u2019un des derniers joyaux de Provence : le Rouge de Vitrolles, aussi appel\u00e9 \u00ab Rouge \u00c9trusque \u00bb. Ce marbre aux veines flamboyantes a embelli de prestigieux \u00e9difices, notamment la basilique Notre-Dame de la Garde, qui surplombe Marseille avec majest\u00e9. Sa teinte rouge, profonde comme un coucher de soleil proven\u00e7al, et sa texture distinctive se r\u00e9v\u00e8lent au toucher. Le plateau en marbre repose d\u00e9licatement sur une structure en ch\u00eane massif, unissant \u00e9l\u00e9gance et robustesse dans un mariage harmonieux, reflet d\u2019un savoir-faire d\u2019exception.<\/p>\n\n\n\n<p><strong>Finitions<\/strong> : Ch\u00eane massif et marbre Rouge de Vitrolles<\/p>\n\n\n\n<p><strong>Dimensions<\/strong> : L. 115 cm x prof. 60 cm x H. 32 cm<\/p>\n\n\n\n<p><strong>Prix<\/strong> : 2 750 \u20ac<\/p>\n\n\n\n<figure class=\"wp-block-image size-full\"><img loading=\"lazy\" width=\"720\" height=\"766\" src=\"https:\/\/i1.wp.com\/batimedianews.com\/live\/wp-content\/uploads\/2025\/04\/image-40.png?resize=720%2C766\" alt=\"\" class=\"wp-image-44128\" srcset=\"https:\/\/i1.wp.com\/batimedianews.com\/live\/wp-content\/uploads\/2025\/04\/image-40.png?w=1146&amp;ssl=1 1146w, https:\/\/i1.wp.com\/batimedianews.com\/live\/wp-content\/uploads\/2025\/04\/image-40.png?resize=768%2C817&amp;ssl=1 768w, https:\/\/i1.wp.com\/batimedianews.com\/live\/wp-content\/uploads\/2025\/04\/image-40.png?resize=10%2C10&amp;ssl=1 10w, https:\/\/i1.wp.com\/batimedianews.com\/live\/wp-content\/uploads\/2025\/04\/image-40.png?resize=432%2C460&amp;ssl=1 432w, https:\/\/i1.wp.com\/batimedianews.com\/live\/wp-content\/uploads\/2025\/04\/image-40.png?resize=396%2C422&amp;ssl=1 396w, https:\/\/i1.wp.com\/batimedianews.com\/live\/wp-content\/uploads\/2025\/04\/image-40.png?resize=1120%2C1192&amp;ssl=1 1120w, https:\/\/i1.wp.com\/batimedianews.com\/live\/wp-content\/uploads\/2025\/04\/image-40.png?resize=660%2C703&amp;ssl=1 660w\" sizes=\"(max-width: 600px) 91vw, (max-width: 900px) 600px, (max-width: 1060px) 50vw, (max-width: 1200px) 520px, (max-width: 1400px) 43vw, 600px\" data-recalc-dims=\"1\" \/><\/figure>\n\n\n\n<p class=\"has-medium-font-size\"><strong><em>Penequet<\/em><\/strong><\/p>\n\n\n\n<p>Le Radassi\u00e9 a \u00e9t\u00e9 sublim\u00e9 dans cette version tapiss\u00e9e, un canap\u00e9 aux dimensions g\u00e9n\u00e9reuses, tr\u00e8s confortable, garni de nombreux coussins. Fa\u00e7onn\u00e9 artisanalement en Provence, un superbe travail d\u2019assemblage en ch\u00eane naturel tapiss\u00e9 ici d\u2019un magnifique tissu de chez Pierre Frey de couleur tomette. Une invitation \u00e0 la sieste, un Penequet en proven\u00e7al.<\/p>\n\n\n\n<p><strong>Finitions<\/strong> : Ch\u00eane massif et tissu Pierre Frey<\/p>\n\n\n\n<p><strong>Dimensions<\/strong> : L. 253 cm x prof. 90 cm x H. 65 cm, assise : H. 38 cm<\/p>\n\n\n\n<p><strong>Prix<\/strong> : 7 700 \u20ac<\/p>\n\n\n\n<figure class=\"wp-block-image size-full\"><img loading=\"lazy\" width=\"720\" height=\"766\" src=\"https:\/\/i1.wp.com\/batimedianews.com\/live\/wp-content\/uploads\/2025\/04\/image-41.png?resize=720%2C766\" alt=\"\" class=\"wp-image-44129\" srcset=\"https:\/\/i1.wp.com\/batimedianews.com\/live\/wp-content\/uploads\/2025\/04\/image-41.png?w=1146&amp;ssl=1 1146w, https:\/\/i1.wp.com\/batimedianews.com\/live\/wp-content\/uploads\/2025\/04\/image-41.png?resize=768%2C817&amp;ssl=1 768w, https:\/\/i1.wp.com\/batimedianews.com\/live\/wp-content\/uploads\/2025\/04\/image-41.png?resize=10%2C10&amp;ssl=1 10w, https:\/\/i1.wp.com\/batimedianews.com\/live\/wp-content\/uploads\/2025\/04\/image-41.png?resize=432%2C460&amp;ssl=1 432w, https:\/\/i1.wp.com\/batimedianews.com\/live\/wp-content\/uploads\/2025\/04\/image-41.png?resize=396%2C422&amp;ssl=1 396w, https:\/\/i1.wp.com\/batimedianews.com\/live\/wp-content\/uploads\/2025\/04\/image-41.png?resize=1120%2C1192&amp;ssl=1 1120w, https:\/\/i1.wp.com\/batimedianews.com\/live\/wp-content\/uploads\/2025\/04\/image-41.png?resize=660%2C703&amp;ssl=1 660w\" sizes=\"(max-width: 600px) 91vw, (max-width: 900px) 600px, (max-width: 1060px) 50vw, (max-width: 1200px) 520px, (max-width: 1400px) 43vw, 600px\" data-recalc-dims=\"1\" \/><\/figure>\n\n\n\n<p class=\"has-medium-font-size\"><strong><em>Radassi\u00e9<\/em><\/strong><\/p>\n\n\n\n<p><em>Radassi\u00e9<\/em>, de \u00ab radassa \u00bb en proven\u00e7al signifiant paresser, se pr\u00e9lasser. Pi\u00e8ce embl\u00e9matique du mobilier de Provence, le Radassi\u00e9 MIDI privil\u00e9gie la puret\u00e9 des lignes et une harmonie des tons. R\u00e9alis\u00e9 en ch\u00eane naturel issu de for\u00eat en gestion durable, sa structure est compos\u00e9e de plus de 40 pi\u00e8ces de bois mont\u00e9es chevill\u00e9es \u00e0 la main, de plusieurs assises accol\u00e9es \u00e0 un seul dossier en paille tress\u00e9e des bords du Rh\u00f4ne, toujours \u00e0 la main.<\/p>\n\n\n\n<p><strong>Finitions<\/strong> : Ch\u00eane massif et paille naturelle<\/p>\n\n\n\n<p><strong>Dimensions<\/strong> : L. 192,5 cm x prof. 68 cm x H. 65 cm, assise : H. 36 cm<\/p>\n\n\n\n<p><strong>Prix<\/strong> : 5 250 \u20ac<\/p>\n\n\n\n<figure class=\"wp-block-image size-full\"><img loading=\"lazy\" width=\"720\" height=\"766\" src=\"https:\/\/i1.wp.com\/batimedianews.com\/live\/wp-content\/uploads\/2025\/04\/image-42.png?resize=720%2C766\" alt=\"\" class=\"wp-image-44130\" srcset=\"https:\/\/i1.wp.com\/batimedianews.com\/live\/wp-content\/uploads\/2025\/04\/image-42.png?w=1146&amp;ssl=1 1146w, https:\/\/i1.wp.com\/batimedianews.com\/live\/wp-content\/uploads\/2025\/04\/image-42.png?resize=768%2C817&amp;ssl=1 768w, https:\/\/i1.wp.com\/batimedianews.com\/live\/wp-content\/uploads\/2025\/04\/image-42.png?resize=10%2C10&amp;ssl=1 10w, https:\/\/i1.wp.com\/batimedianews.com\/live\/wp-content\/uploads\/2025\/04\/image-42.png?resize=432%2C460&amp;ssl=1 432w, https:\/\/i1.wp.com\/batimedianews.com\/live\/wp-content\/uploads\/2025\/04\/image-42.png?resize=396%2C422&amp;ssl=1 396w, https:\/\/i1.wp.com\/batimedianews.com\/live\/wp-content\/uploads\/2025\/04\/image-42.png?resize=1120%2C1192&amp;ssl=1 1120w, https:\/\/i1.wp.com\/batimedianews.com\/live\/wp-content\/uploads\/2025\/04\/image-42.png?resize=660%2C703&amp;ssl=1 660w\" sizes=\"(max-width: 600px) 91vw, (max-width: 900px) 600px, (max-width: 1060px) 50vw, (max-width: 1200px) 520px, (max-width: 1400px) 43vw, 600px\" data-recalc-dims=\"1\" \/><\/figure>\n\n\n\n<div class=\"wp-block-media-text alignwide is-stacked-on-mobile\"><figure class=\"wp-block-media-text__media\"><img loading=\"lazy\" width=\"720\" height=\"813\" src=\"https:\/\/i0.wp.com\/batimedianews.com\/live\/wp-content\/uploads\/2025\/04\/image-43.png?resize=720%2C813\" alt=\"\" class=\"wp-image-44131 size-full\" srcset=\"https:\/\/i0.wp.com\/batimedianews.com\/live\/wp-content\/uploads\/2025\/04\/image-43.png?w=1080&amp;ssl=1 1080w, https:\/\/i0.wp.com\/batimedianews.com\/live\/wp-content\/uploads\/2025\/04\/image-43.png?resize=768%2C867&amp;ssl=1 768w, https:\/\/i0.wp.com\/batimedianews.com\/live\/wp-content\/uploads\/2025\/04\/image-43.png?resize=10%2C10&amp;ssl=1 10w, https:\/\/i0.wp.com\/batimedianews.com\/live\/wp-content\/uploads\/2025\/04\/image-43.png?resize=432%2C488&amp;ssl=1 432w, https:\/\/i0.wp.com\/batimedianews.com\/live\/wp-content\/uploads\/2025\/04\/image-43.png?resize=396%2C447&amp;ssl=1 396w, https:\/\/i0.wp.com\/batimedianews.com\/live\/wp-content\/uploads\/2025\/04\/image-43.png?resize=660%2C746&amp;ssl=1 660w\" sizes=\"(max-width: 600px) 91vw, (max-width: 900px) 600px, (max-width: 1060px) 50vw, (max-width: 1200px) 520px, (max-width: 1400px) 43vw, 600px\" data-recalc-dims=\"1\" \/><\/figure><div class=\"wp-block-media-text__content\">\n<p class=\"has-medium-font-size\"><strong><em>Cadiero<\/em><\/strong><\/p>\n\n\n\n<p><em>Cadiero<\/em>, chaise en proven\u00e7al. Le si\u00e8ge est la pi\u00e8ce maitresse de l\u2019ameublement proven\u00e7al. Il se distingue des mod\u00e8les des autres r\u00e9gions notamment gr\u00e2ce \u00e0 son assise en paille de seigle, nomm\u00e9e sagne, un jonc des bords du Rh\u00f4ne et son dossier en accord.<\/p>\n\n\n\n<p>Remarquable travail artisanal d\u2019assemblage de la paille qui vient se fixer sur le bois.<\/p>\n\n\n\n<p><strong>Finitions<\/strong> : Ch\u00eane massif et paille naturelle<\/p>\n\n\n\n<p><strong>Dimensions<\/strong> : L. 48 cm x prof. 42 cm x H. 80 cm, <strong>assise<\/strong> : H. 45 cm<\/p>\n\n\n\n<p><strong>Prix<\/strong> : 715 \u20ac<\/p>\n<\/div><\/div>\n\n\n\n<div class=\"wp-block-media-text alignwide has-media-on-the-right is-stacked-on-mobile\"><figure class=\"wp-block-media-text__media\"><img loading=\"lazy\" width=\"720\" height=\"765\" src=\"https:\/\/i1.wp.com\/batimedianews.com\/live\/wp-content\/uploads\/2025\/04\/image-44.png?resize=720%2C765\" alt=\"\" class=\"wp-image-44132 size-full\" srcset=\"https:\/\/i1.wp.com\/batimedianews.com\/live\/wp-content\/uploads\/2025\/04\/image-44.png?w=1148&amp;ssl=1 1148w, https:\/\/i1.wp.com\/batimedianews.com\/live\/wp-content\/uploads\/2025\/04\/image-44.png?resize=768%2C816&amp;ssl=1 768w, https:\/\/i1.wp.com\/batimedianews.com\/live\/wp-content\/uploads\/2025\/04\/image-44.png?resize=10%2C10&amp;ssl=1 10w, https:\/\/i1.wp.com\/batimedianews.com\/live\/wp-content\/uploads\/2025\/04\/image-44.png?resize=432%2C459&amp;ssl=1 432w, https:\/\/i1.wp.com\/batimedianews.com\/live\/wp-content\/uploads\/2025\/04\/image-44.png?resize=396%2C421&amp;ssl=1 396w, https:\/\/i1.wp.com\/batimedianews.com\/live\/wp-content\/uploads\/2025\/04\/image-44.png?resize=1120%2C1190&amp;ssl=1 1120w, https:\/\/i1.wp.com\/batimedianews.com\/live\/wp-content\/uploads\/2025\/04\/image-44.png?resize=660%2C701&amp;ssl=1 660w\" sizes=\"(max-width: 600px) 91vw, (max-width: 900px) 600px, (max-width: 1060px) 50vw, (max-width: 1200px) 520px, (max-width: 1400px) 43vw, 600px\" data-recalc-dims=\"1\" \/><\/figure><div class=\"wp-block-media-text__content\">\n<p class=\"has-medium-font-size\"><strong><em>Cadieras<\/em><\/strong><\/p>\n\n\n\n<p>Le si\u00e8ge <em>Cadieras<\/em>, est une r\u00e9interpr\u00e9tation de la chaise proven\u00e7ale. Entre lignes r\u00e9tro et \u00e9pure contemporaine, un assemblage subtil de ch\u00eane et de paillage.<\/p>\n\n\n\n<p>Son dossier et ses accoudoirs offrent un v\u00e9ritable confort.<\/p>\n\n\n\n<p>Fabriqu\u00e9 artisanalement, il est le fruit d\u2019un savoir-faire exceptionnel par un derniers chaisiers en Provence.<\/p>\n\n\n\n<p>Autour d\u2019une table, le si\u00e8ge Cadieras sera le compagnon des longs repas conviviaux.<\/p>\n\n\n\n<p><strong>Finitions<\/strong> : Ch\u00eane massif et paille naturelle<\/p>\n\n\n\n<p><strong>Dimensions<\/strong> : L. 55 cm x prof. 53 cm x H. 80 cm, <strong>assise<\/strong> : H. 45 cm, accoudoir : H. 67 cm<\/p>\n\n\n\n<p><strong>Prix<\/strong> : 825 \u20ac<\/p>\n<\/div><\/div>\n\n\n\n<div class=\"wp-block-media-text alignwide is-stacked-on-mobile\"><figure class=\"wp-block-media-text__media\"><img loading=\"lazy\" width=\"720\" height=\"815\" src=\"https:\/\/i1.wp.com\/batimedianews.com\/live\/wp-content\/uploads\/2025\/04\/image-45.png?resize=720%2C815\" alt=\"\" class=\"wp-image-44133 size-full\" srcset=\"https:\/\/i1.wp.com\/batimedianews.com\/live\/wp-content\/uploads\/2025\/04\/image-45.png?w=1078&amp;ssl=1 1078w, https:\/\/i1.wp.com\/batimedianews.com\/live\/wp-content\/uploads\/2025\/04\/image-45.png?resize=768%2C869&amp;ssl=1 768w, https:\/\/i1.wp.com\/batimedianews.com\/live\/wp-content\/uploads\/2025\/04\/image-45.png?resize=10%2C10&amp;ssl=1 10w, https:\/\/i1.wp.com\/batimedianews.com\/live\/wp-content\/uploads\/2025\/04\/image-45.png?resize=432%2C489&amp;ssl=1 432w, https:\/\/i1.wp.com\/batimedianews.com\/live\/wp-content\/uploads\/2025\/04\/image-45.png?resize=396%2C448&amp;ssl=1 396w, https:\/\/i1.wp.com\/batimedianews.com\/live\/wp-content\/uploads\/2025\/04\/image-45.png?resize=660%2C747&amp;ssl=1 660w\" sizes=\"(max-width: 600px) 91vw, (max-width: 900px) 600px, (max-width: 1060px) 50vw, (max-width: 1200px) 520px, (max-width: 1400px) 43vw, 600px\" data-recalc-dims=\"1\" \/><\/figure><div class=\"wp-block-media-text__content\">\n<p class=\"has-medium-font-size\"><strong><em>Ageinouiadou<\/em><\/strong><\/p>\n\n\n\n<p>Ce mod\u00e8le est inspir\u00e9 de la chaise de nourrice qui se caract\u00e9rise par une assise tr\u00e8s basse et un dossier tr\u00e8s haut. Jadis, la nourrice utilisait cette chaise pour nourrir l\u2019enfant au coin du feu ou d\u2019une fa\u00e7on plus g\u00e9n\u00e9rale, pour \u00eatre \u00e0 sa hauteur. Certaines de ces chaises pouvaient \u00e9galement servir de Prie Dieu.<\/p>\n\n\n\n<p>Ses nombreux barreaux permettent de suspendre et d\u2019organiser vos v\u00eatements ou serviettes. L\u2019ageinouiadou, Prie Dieu en proven\u00e7al, peut se placer pr\u00e8s de son lit ou dans la salle de bain.<\/p>\n\n\n\n<p><strong>Finitions<\/strong> : Ch\u00eane massif et paille naturelle<\/p>\n\n\n\n<p><strong>Dimensions<\/strong> : L. 55 cm x prof. 53 cm x H. 100 cm, <strong>assise<\/strong> : H. 38 cm<\/p>\n\n\n\n<p><strong>Prix<\/strong> : 1 150 \u20ac<\/p>\n<\/div><\/div>\n\n\n\n<div class=\"wp-block-media-text alignwide has-media-on-the-right is-stacked-on-mobile\"><figure class=\"wp-block-media-text__media\"><img loading=\"lazy\" width=\"720\" height=\"888\" src=\"https:\/\/i1.wp.com\/batimedianews.com\/live\/wp-content\/uploads\/2025\/04\/image-46.png?resize=720%2C888\" alt=\"\" class=\"wp-image-44134 size-full\" srcset=\"https:\/\/i1.wp.com\/batimedianews.com\/live\/wp-content\/uploads\/2025\/04\/image-46.png?w=1000&amp;ssl=1 1000w, https:\/\/i1.wp.com\/batimedianews.com\/live\/wp-content\/uploads\/2025\/04\/image-46.png?resize=768%2C947&amp;ssl=1 768w, https:\/\/i1.wp.com\/batimedianews.com\/live\/wp-content\/uploads\/2025\/04\/image-46.png?resize=432%2C533&amp;ssl=1 432w, https:\/\/i1.wp.com\/batimedianews.com\/live\/wp-content\/uploads\/2025\/04\/image-46.png?resize=396%2C489&amp;ssl=1 396w, https:\/\/i1.wp.com\/batimedianews.com\/live\/wp-content\/uploads\/2025\/04\/image-46.png?resize=660%2C814&amp;ssl=1 660w\" sizes=\"(max-width: 600px) 91vw, (max-width: 900px) 600px, (max-width: 1060px) 50vw, (max-width: 1200px) 520px, (max-width: 1400px) 43vw, 600px\" data-recalc-dims=\"1\" \/><\/figure><div class=\"wp-block-media-text__content\">\n<p class=\"has-medium-font-size\"><strong><em>Bergierio<\/em><\/strong><\/p>\n\n\n\n<p>Bergierio, berg\u00e8re en proven\u00e7al, dessine un \u00e9quilibre parfait entre pass\u00e9 et futur, une vision expressive et moderne de l\u2019antique berg\u00e8re. Sa silhouette basse et ouverte offre une assise confortable avec un large dossier inclin\u00e9 paill\u00e9. La structure en bois sculpt\u00e9 est r\u00e9alis\u00e9e \u00e0 partir de 16 pi\u00e8ces de bois, finies et assembl\u00e9es \u00e0 la main. La sp\u00e9cificit\u00e9 du paillage tournant autour des cadres en ch\u00eane assembl\u00e9s \u00e0 la main, rend hommage au patrimoine proven\u00e7al.<\/p>\n\n\n\n<p><strong>Finitions<\/strong> : Ch\u00eane massif et paille naturelle<\/p>\n\n\n\n<p><strong>Dimensions<\/strong> : L. 64 cm x prof. 64 cm x H. 76 cm, <strong>assise<\/strong> : H. 40 cm<\/p>\n\n\n\n<p><strong>Prix<\/strong> : 2 250 \u20ac<\/p>\n<\/div><\/div>\n\n\n\n<div class=\"wp-block-media-text alignwide is-stacked-on-mobile\"><figure class=\"wp-block-media-text__media\"><img loading=\"lazy\" width=\"720\" height=\"768\" src=\"https:\/\/i2.wp.com\/batimedianews.com\/live\/wp-content\/uploads\/2025\/04\/image-47.png?resize=720%2C768\" alt=\"\" class=\"wp-image-44135 size-full\" srcset=\"https:\/\/i2.wp.com\/batimedianews.com\/live\/wp-content\/uploads\/2025\/04\/image-47.png?w=1150&amp;ssl=1 1150w, https:\/\/i2.wp.com\/batimedianews.com\/live\/wp-content\/uploads\/2025\/04\/image-47.png?resize=768%2C818&amp;ssl=1 768w, https:\/\/i2.wp.com\/batimedianews.com\/live\/wp-content\/uploads\/2025\/04\/image-47.png?resize=10%2C10&amp;ssl=1 10w, https:\/\/i2.wp.com\/batimedianews.com\/live\/wp-content\/uploads\/2025\/04\/image-47.png?resize=432%2C461&amp;ssl=1 432w, https:\/\/i2.wp.com\/batimedianews.com\/live\/wp-content\/uploads\/2025\/04\/image-47.png?resize=396%2C422&amp;ssl=1 396w, https:\/\/i2.wp.com\/batimedianews.com\/live\/wp-content\/uploads\/2025\/04\/image-47.png?resize=1120%2C1194&amp;ssl=1 1120w, https:\/\/i2.wp.com\/batimedianews.com\/live\/wp-content\/uploads\/2025\/04\/image-47.png?resize=660%2C704&amp;ssl=1 660w\" sizes=\"(max-width: 600px) 91vw, (max-width: 900px) 600px, (max-width: 1060px) 50vw, (max-width: 1200px) 520px, (max-width: 1400px) 43vw, 600px\" data-recalc-dims=\"1\" \/><\/figure><div class=\"wp-block-media-text__content\">\n<p class=\"has-medium-font-size\"><strong><em>Chamin\u00e8io<\/em><\/strong><\/p>\n\n\n\n<p><em>Chamin\u00e8io<\/em>, fauteuil dit au coin du feu, se caract\u00e9rise par son dossier d\u2019angle, structure en ch\u00eane issu de for\u00eats en gestion durable, assise et dossier en paille tress\u00e9e \u00e0 la main.<\/p>\n\n\n\n<p>Fabrication artisanale avec tenons et mortaises r\u00e9alis\u00e9e en Camargue par le dernier chaisier proven\u00e7al.<\/p>\n\n\n\n<p><strong>Finitions<\/strong> : Ch\u00eane massif et paille naturelle<\/p>\n\n\n\n<p><strong>Dimensions<\/strong> : L. 65 cm x prof. 68 cm x H. 65 cm, <strong>assise<\/strong> : H. 36 cm<\/p>\n\n\n\n<p><strong>Prix<\/strong> : 2 150 \u20ac<\/p>\n<\/div><\/div>\n\n\n\n<div class=\"wp-block-media-text alignwide has-media-on-the-right is-stacked-on-mobile\"><figure class=\"wp-block-media-text__media\"><img loading=\"lazy\" width=\"720\" height=\"845\" src=\"https:\/\/i0.wp.com\/batimedianews.com\/live\/wp-content\/uploads\/2025\/04\/image-48.png?resize=720%2C845\" alt=\"\" class=\"wp-image-44136 size-full\" srcset=\"https:\/\/i0.wp.com\/batimedianews.com\/live\/wp-content\/uploads\/2025\/04\/image-48.png?w=1026&amp;ssl=1 1026w, https:\/\/i0.wp.com\/batimedianews.com\/live\/wp-content\/uploads\/2025\/04\/image-48.png?resize=768%2C901&amp;ssl=1 768w, https:\/\/i0.wp.com\/batimedianews.com\/live\/wp-content\/uploads\/2025\/04\/image-48.png?resize=432%2C507&amp;ssl=1 432w, https:\/\/i0.wp.com\/batimedianews.com\/live\/wp-content\/uploads\/2025\/04\/image-48.png?resize=396%2C465&amp;ssl=1 396w, https:\/\/i0.wp.com\/batimedianews.com\/live\/wp-content\/uploads\/2025\/04\/image-48.png?resize=660%2C775&amp;ssl=1 660w\" sizes=\"(max-width: 600px) 91vw, (max-width: 900px) 600px, (max-width: 1060px) 50vw, (max-width: 1200px) 520px, (max-width: 1400px) 43vw, 600px\" data-recalc-dims=\"1\" \/><\/figure><div class=\"wp-block-media-text__content\">\n<p class=\"has-medium-font-size\"><strong><em>Fautuei<\/em><\/strong><\/p>\n\n\n\n<p><em>Fautuei<\/em>, fauteuil en proven\u00e7al, se d\u00e9cline du radassi\u00e9.<\/p>\n\n\n\n<p>Le fautuei MIDI associe les techniques artisanales ancestrales : structure en ch\u00eane, issu de for\u00eat en gestion durable, mont\u00e9e, chevill\u00e9e, et assise de paille tress\u00e9e \u00e0 la main par le dernier chaisier de Camargue, \u00e0 un design innovant et moderne.<\/p>\n\n\n\n<p><strong>Finitions<\/strong> : Ch\u00eane massif et paille naturelle<\/p>\n\n\n\n<p><strong>Dimensions<\/strong> : L. 83 cm x prof. 68 cm x H. 65 cm, <strong>assise<\/strong> : H. 36 cm<\/p>\n\n\n\n<p><strong>Prix<\/strong> : 2 350\u20ac<\/p>\n<\/div><\/div>\n\n\n\n<div class=\"wp-block-media-text alignwide is-stacked-on-mobile\"><figure class=\"wp-block-media-text__media\"><img loading=\"lazy\" width=\"720\" height=\"714\" src=\"https:\/\/i1.wp.com\/batimedianews.com\/live\/wp-content\/uploads\/2025\/04\/image-49.png?resize=720%2C714\" alt=\"\" class=\"wp-image-44137 size-full\" srcset=\"https:\/\/i1.wp.com\/batimedianews.com\/live\/wp-content\/uploads\/2025\/04\/image-49.png?w=1148&amp;ssl=1 1148w, https:\/\/i1.wp.com\/batimedianews.com\/live\/wp-content\/uploads\/2025\/04\/image-49.png?resize=768%2C761&amp;ssl=1 768w, https:\/\/i1.wp.com\/batimedianews.com\/live\/wp-content\/uploads\/2025\/04\/image-49.png?resize=10%2C10&amp;ssl=1 10w, https:\/\/i1.wp.com\/batimedianews.com\/live\/wp-content\/uploads\/2025\/04\/image-49.png?resize=432%2C428&amp;ssl=1 432w, https:\/\/i1.wp.com\/batimedianews.com\/live\/wp-content\/uploads\/2025\/04\/image-49.png?resize=396%2C393&amp;ssl=1 396w, https:\/\/i1.wp.com\/batimedianews.com\/live\/wp-content\/uploads\/2025\/04\/image-49.png?resize=1120%2C1110&amp;ssl=1 1120w, https:\/\/i1.wp.com\/batimedianews.com\/live\/wp-content\/uploads\/2025\/04\/image-49.png?resize=660%2C654&amp;ssl=1 660w\" sizes=\"(max-width: 600px) 91vw, (max-width: 900px) 600px, (max-width: 1060px) 50vw, (max-width: 1200px) 520px, (max-width: 1400px) 43vw, 600px\" data-recalc-dims=\"1\" \/><\/figure><div class=\"wp-block-media-text__content\">\n<p class=\"has-medium-font-size\"><strong><em>Tabourets<\/em><\/strong><\/p>\n\n\n\n<p>Chaque tabouret MIDI est r\u00e9alis\u00e9 en ch\u00eane naturel non trait\u00e9 laissant appara\u00eetre le magnifique grain du bois.<\/p>\n\n\n\n<p>Les lignes \u00e9pur\u00e9es contemporaines procurent une grande stabilit\u00e9 tout en gardant un style classique superbement rustique. Plusieurs hauteurs sont propos\u00e9es.<\/p>\n\n\n\n<p>Le C\u00e9sar, tabouret haut, parfait autour d\u2019une table haute, le Ferdinand, tabouret classique et le P\u00e9n\u00e9lope, tabouret bas avec une hauteur proche du sol pour se blottir aupr\u00e8s d\u2019un feu.<\/p>\n\n\n\n<p><strong>Finitions<\/strong> : Ch\u00eane massif et paille naturelle<\/p>\n\n\n\n<p><strong>Dimensions<\/strong> :<\/p>\n\n\n\n<p><strong>C\u00e9sar<\/strong> : L. 35 cm x prof. 35 cm x H. 65 cm. <strong>Prix<\/strong> : 550 \u20ac<\/p>\n\n\n\n<p><strong>Ferdinand<\/strong> : L. 35 cm x prof. 35 cm x H. 38 cm. <strong>Prix<\/strong> : 450 \u20ac<\/p>\n\n\n\n<p><strong>P\u00e9n\u00e9lope<\/strong> : L. 35 cm x prof. 35 cm x H. 23 cm. <strong>Prix<\/strong> : 350 \u20ac<\/p>\n<\/div><\/div>\n\n\n\n<div class=\"wp-block-media-text alignwide has-media-on-the-right is-stacked-on-mobile\"><figure class=\"wp-block-media-text__media\"><img loading=\"lazy\" width=\"720\" height=\"714\" src=\"https:\/\/i0.wp.com\/batimedianews.com\/live\/wp-content\/uploads\/2025\/04\/image-50.png?resize=720%2C714\" alt=\"\" class=\"wp-image-44138 size-full\" srcset=\"https:\/\/i0.wp.com\/batimedianews.com\/live\/wp-content\/uploads\/2025\/04\/image-50.png?w=1148&amp;ssl=1 1148w, https:\/\/i0.wp.com\/batimedianews.com\/live\/wp-content\/uploads\/2025\/04\/image-50.png?resize=768%2C761&amp;ssl=1 768w, https:\/\/i0.wp.com\/batimedianews.com\/live\/wp-content\/uploads\/2025\/04\/image-50.png?resize=10%2C10&amp;ssl=1 10w, https:\/\/i0.wp.com\/batimedianews.com\/live\/wp-content\/uploads\/2025\/04\/image-50.png?resize=432%2C428&amp;ssl=1 432w, https:\/\/i0.wp.com\/batimedianews.com\/live\/wp-content\/uploads\/2025\/04\/image-50.png?resize=396%2C393&amp;ssl=1 396w, https:\/\/i0.wp.com\/batimedianews.com\/live\/wp-content\/uploads\/2025\/04\/image-50.png?resize=1120%2C1110&amp;ssl=1 1120w, https:\/\/i0.wp.com\/batimedianews.com\/live\/wp-content\/uploads\/2025\/04\/image-50.png?resize=660%2C654&amp;ssl=1 660w\" sizes=\"(max-width: 600px) 91vw, (max-width: 900px) 600px, (max-width: 1060px) 50vw, (max-width: 1200px) 520px, (max-width: 1400px) 43vw, 600px\" data-recalc-dims=\"1\" \/><\/figure><div class=\"wp-block-media-text__content\">\n<p class=\"has-medium-font-size\"><strong><em>Bur\u00e8u<\/em><\/strong><\/p>\n\n\n\n<p>Le <em>Bur\u00e8u<\/em>, reprend les codes du bureau d\u2019antant entre modernit\u00e9 et tradition, une association de ch\u00eane naturelle, de cuir et de vannerie.<\/p>\n\n\n\n<p>Vous profiterez d\u2019une belle surface de travail recouvert d\u2019un grand sous-main en cuir de veau ainsi qu\u2019un joli tiroir en osier naturel, id\u00e9als pour ranger feuilles, cahier, stylos et autres accessoires. Placez-le dans votre salon ou votre chambre.<\/p>\n\n\n\n<p><strong>Finitions<\/strong> : Ch\u00eane massif, cuir de veau et osier<\/p>\n\n\n\n<p><strong>Dimensions<\/strong> : L. 154 cm x prof. 64 cm x H. 75 cm<\/p>\n\n\n\n<p><strong>Prix<\/strong> : 2 705 \u20ac<\/p>\n<\/div><\/div>\n\n\n\n<div class=\"wp-block-media-text alignwide is-stacked-on-mobile\"><figure class=\"wp-block-media-text__media\"><img loading=\"lazy\" width=\"720\" height=\"768\" src=\"https:\/\/i1.wp.com\/batimedianews.com\/live\/wp-content\/uploads\/2025\/04\/image-51.png?resize=720%2C768\" alt=\"\" class=\"wp-image-44139 size-full\" srcset=\"https:\/\/i1.wp.com\/batimedianews.com\/live\/wp-content\/uploads\/2025\/04\/image-51.png?w=1148&amp;ssl=1 1148w, https:\/\/i1.wp.com\/batimedianews.com\/live\/wp-content\/uploads\/2025\/04\/image-51.png?resize=768%2C818&amp;ssl=1 768w, https:\/\/i1.wp.com\/batimedianews.com\/live\/wp-content\/uploads\/2025\/04\/image-51.png?resize=10%2C10&amp;ssl=1 10w, https:\/\/i1.wp.com\/batimedianews.com\/live\/wp-content\/uploads\/2025\/04\/image-51.png?resize=432%2C461&amp;ssl=1 432w, https:\/\/i1.wp.com\/batimedianews.com\/live\/wp-content\/uploads\/2025\/04\/image-51.png?resize=396%2C422&amp;ssl=1 396w, https:\/\/i1.wp.com\/batimedianews.com\/live\/wp-content\/uploads\/2025\/04\/image-51.png?resize=1120%2C1194&amp;ssl=1 1120w, https:\/\/i1.wp.com\/batimedianews.com\/live\/wp-content\/uploads\/2025\/04\/image-51.png?resize=660%2C704&amp;ssl=1 660w\" sizes=\"(max-width: 600px) 91vw, (max-width: 900px) 600px, (max-width: 1060px) 50vw, (max-width: 1200px) 520px, (max-width: 1400px) 43vw, 600px\" data-recalc-dims=\"1\" \/><\/figure><div class=\"wp-block-media-text__content\">\n<p class=\"has-medium-font-size\"><strong><em>Taulo<\/em><\/strong><\/p>\n\n\n\n<p><em>Taulo<\/em>, table en proven\u00e7al, reprend la tradition des grandes tables de ferme. Les angles biseaut\u00e9s de son \u00e9pais plateau, les 5 pieds longilignes en ch\u00eane r\u00e9alis\u00e9s au tour par un maitre \u00e9b\u00e9niste conf\u00e8rent sa ligne claire et puissante.<\/p>\n\n\n\n<p>Sur mesure sur demande.<\/p>\n\n\n\n<p><strong>Finition<\/strong> : Ch\u00eane teint\u00e9 brun fonc\u00e9<\/p>\n\n\n\n<p><strong>Dimensions<\/strong> : L. 400 cm x prof. 100 cm x H. 75 cm<\/p>\n\n\n\n<p><strong>Prix<\/strong> : Sur demande<\/p>\n<\/div><\/div>\n\n\n\n<div class=\"wp-block-media-text alignwide has-media-on-the-right is-stacked-on-mobile\"><figure class=\"wp-block-media-text__media\"><img loading=\"lazy\" width=\"720\" height=\"986\" src=\"https:\/\/i1.wp.com\/batimedianews.com\/live\/wp-content\/uploads\/2025\/04\/image-52.png?resize=720%2C986\" alt=\"\" class=\"wp-image-44140 size-full\" srcset=\"https:\/\/i1.wp.com\/batimedianews.com\/live\/wp-content\/uploads\/2025\/04\/image-52.png?w=894&amp;ssl=1 894w, https:\/\/i1.wp.com\/batimedianews.com\/live\/wp-content\/uploads\/2025\/04\/image-52.png?resize=768%2C1051&amp;ssl=1 768w, https:\/\/i1.wp.com\/batimedianews.com\/live\/wp-content\/uploads\/2025\/04\/image-52.png?resize=432%2C591&amp;ssl=1 432w, https:\/\/i1.wp.com\/batimedianews.com\/live\/wp-content\/uploads\/2025\/04\/image-52.png?resize=396%2C542&amp;ssl=1 396w, https:\/\/i1.wp.com\/batimedianews.com\/live\/wp-content\/uploads\/2025\/04\/image-52.png?resize=660%2C904&amp;ssl=1 660w\" sizes=\"(max-width: 600px) 91vw, (max-width: 900px) 600px, (max-width: 1060px) 50vw, (max-width: 1200px) 520px, (max-width: 1400px) 43vw, 600px\" data-recalc-dims=\"1\" \/><\/figure><div class=\"wp-block-media-text__content\">\n<p class=\"has-medium-font-size\"><strong><em>Bancounet<\/em><\/strong><\/p>\n\n\n\n<p><em>Bancounet<\/em>, le petit banc en proven\u00e7al, est fa\u00e7onn\u00e9 en ch\u00eane issu de for\u00eat en gestion durable et paille.<\/p>\n\n\n\n<p>\u00c0 double usage, joue aussi les repose-pieds. La puret\u00e9 des formes et des lignes, souligne le magnifique travail r\u00e9alis\u00e9 par l\u2019un des derniers chaisiers de Provence.<\/p>\n\n\n\n<p><strong>Finitions<\/strong> : Ch\u00eane massif et paille naturelle<\/p>\n\n\n\n<p><strong>Dimensions<\/strong> : L. 64 cm x prof. 35 cm x H. 38 cm<\/p>\n\n\n\n<p><strong>Prix<\/strong> : 475 \u20ac<\/p>\n<\/div><\/div>\n\n\n\n<div class=\"wp-block-media-text alignwide is-stacked-on-mobile\"><figure class=\"wp-block-media-text__media\"><img loading=\"lazy\" width=\"720\" height=\"873\" src=\"https:\/\/i1.wp.com\/batimedianews.com\/live\/wp-content\/uploads\/2025\/04\/image-53.png?resize=720%2C873\" alt=\"\" class=\"wp-image-44141 size-full\" srcset=\"https:\/\/i1.wp.com\/batimedianews.com\/live\/wp-content\/uploads\/2025\/04\/image-53.png?w=1010&amp;ssl=1 1010w, https:\/\/i1.wp.com\/batimedianews.com\/live\/wp-content\/uploads\/2025\/04\/image-53.png?resize=768%2C930&amp;ssl=1 768w, https:\/\/i1.wp.com\/batimedianews.com\/live\/wp-content\/uploads\/2025\/04\/image-53.png?resize=432%2C524&amp;ssl=1 432w, https:\/\/i1.wp.com\/batimedianews.com\/live\/wp-content\/uploads\/2025\/04\/image-53.png?resize=396%2C480&amp;ssl=1 396w, https:\/\/i1.wp.com\/batimedianews.com\/live\/wp-content\/uploads\/2025\/04\/image-53.png?resize=660%2C800&amp;ssl=1 660w\" sizes=\"(max-width: 600px) 91vw, (max-width: 900px) 600px, (max-width: 1060px) 50vw, (max-width: 1200px) 520px, (max-width: 1400px) 43vw, 600px\" data-recalc-dims=\"1\" \/><\/figure><div class=\"wp-block-media-text__content\">\n<p class=\"has-medium-font-size\"><strong><em>Bancoun<\/em><\/strong><\/p>\n\n\n\n<p>Le <em>bancoun<\/em>, banc, r\u00e9alis\u00e9 en ch\u00eane naturel, avec ses lignes claires et \u00e9pur\u00e9es, met en lumi\u00e8re le travail exceptionnel du bois issu de for\u00eat en gestion durable et de la paille des bords du Rh\u00f4ne. Les jonctions entre les diff\u00e9rentes parties sont extr\u00eamement soign\u00e9es par l\u2019un des derniers chaisiers de Provence.<\/p>\n\n\n\n<p><strong>Finitions<\/strong> : Ch\u00eane massif et paille naturelle<\/p>\n\n\n\n<p><strong>Dimensions<\/strong> : L. 124 cm x prof. 35 cm x H. 38 cm<\/p>\n\n\n\n<p><strong>Prix<\/strong> : 775 \u20ac<\/p>\n<\/div><\/div>\n\n\n\n<div class=\"wp-block-media-text alignwide has-media-on-the-right is-stacked-on-mobile\"><figure class=\"wp-block-media-text__media\"><img loading=\"lazy\" width=\"720\" height=\"862\" src=\"https:\/\/i2.wp.com\/batimedianews.com\/live\/wp-content\/uploads\/2025\/04\/image-54.png?resize=720%2C862\" alt=\"\" class=\"wp-image-44142 size-full\" srcset=\"https:\/\/i2.wp.com\/batimedianews.com\/live\/wp-content\/uploads\/2025\/04\/image-54.png?w=1022&amp;ssl=1 1022w, https:\/\/i2.wp.com\/batimedianews.com\/live\/wp-content\/uploads\/2025\/04\/image-54.png?resize=768%2C919&amp;ssl=1 768w, https:\/\/i2.wp.com\/batimedianews.com\/live\/wp-content\/uploads\/2025\/04\/image-54.png?resize=432%2C517&amp;ssl=1 432w, https:\/\/i2.wp.com\/batimedianews.com\/live\/wp-content\/uploads\/2025\/04\/image-54.png?resize=396%2C474&amp;ssl=1 396w, https:\/\/i2.wp.com\/batimedianews.com\/live\/wp-content\/uploads\/2025\/04\/image-54.png?resize=660%2C790&amp;ssl=1 660w\" sizes=\"(max-width: 600px) 91vw, (max-width: 900px) 600px, (max-width: 1060px) 50vw, (max-width: 1200px) 520px, (max-width: 1400px) 43vw, 600px\" data-recalc-dims=\"1\" \/><\/figure><div class=\"wp-block-media-text__content\">\n<p class=\"has-medium-font-size\"><strong><em>Banc<\/em><\/strong><\/p>\n\n\n\n<p>Pour compl\u00e9ter la gamme des bancs, Bancoun 2 places et Bancounet 1 place, un mod\u00e8le 3 places, a \u00e9t\u00e9 ajout\u00e9.<\/p>\n\n\n\n<p>Autour d\u2019une table, dans une entr\u00e9e, en pied de lit, ce grand banc sublimera votre int\u00e9rieur. Ses longues lignes claires et \u00e9pur\u00e9es, mettent en lumi\u00e8re le travail exceptionnel du bois issu de for\u00eat en gestion durable et de la paille des bords du Rh\u00f4ne. Son confort d\u2019assise de hauteur 45 cm vous permettra d\u2019en profiter pleinement.<\/p>\n\n\n\n<p><strong>Finitions<\/strong> : Ch\u00eane massif et paille naturelle<\/p>\n\n\n\n<p><strong>Dimensions<\/strong> : L. 184cm x prof. 53 cm x H. 45 cm,<\/p>\n\n\n\n<p><strong>Prix<\/strong> : 1 405 \u20ac<\/p>\n<\/div><\/div>\n\n\n\n<div class=\"wp-block-media-text alignwide is-stacked-on-mobile\"><figure class=\"wp-block-media-text__media\"><img loading=\"lazy\" width=\"720\" height=\"766\" src=\"https:\/\/i1.wp.com\/batimedianews.com\/live\/wp-content\/uploads\/2025\/04\/image-55.png?resize=720%2C766\" alt=\"\" class=\"wp-image-44143 size-full\" srcset=\"https:\/\/i1.wp.com\/batimedianews.com\/live\/wp-content\/uploads\/2025\/04\/image-55.png?w=1150&amp;ssl=1 1150w, https:\/\/i1.wp.com\/batimedianews.com\/live\/wp-content\/uploads\/2025\/04\/image-55.png?resize=768%2C817&amp;ssl=1 768w, https:\/\/i1.wp.com\/batimedianews.com\/live\/wp-content\/uploads\/2025\/04\/image-55.png?resize=10%2C10&amp;ssl=1 10w, https:\/\/i1.wp.com\/batimedianews.com\/live\/wp-content\/uploads\/2025\/04\/image-55.png?resize=432%2C460&amp;ssl=1 432w, https:\/\/i1.wp.com\/batimedianews.com\/live\/wp-content\/uploads\/2025\/04\/image-55.png?resize=396%2C421&amp;ssl=1 396w, https:\/\/i1.wp.com\/batimedianews.com\/live\/wp-content\/uploads\/2025\/04\/image-55.png?resize=1120%2C1192&amp;ssl=1 1120w, https:\/\/i1.wp.com\/batimedianews.com\/live\/wp-content\/uploads\/2025\/04\/image-55.png?resize=660%2C702&amp;ssl=1 660w\" sizes=\"(max-width: 600px) 91vw, (max-width: 900px) 600px, (max-width: 1060px) 50vw, (max-width: 1200px) 520px, (max-width: 1400px) 43vw, 600px\" data-recalc-dims=\"1\" \/><\/figure><div class=\"wp-block-media-text__content\">\n<p class=\"has-medium-font-size\"><strong><em>Maloun<\/em><\/strong><\/p>\n\n\n\n<p>Les carreaux en terre cuite \u00e9maill\u00e9 servaient \u00e0 \u00e9tanch\u00e9iser les anciens cuviers \u00e0 vin de Provence. Ce rev\u00eatement permettait un meilleur nettoyage et \u00e9viter l\u2019attaque du mortier par l\u2019acidit\u00e9 du vin. Ils \u00e9taient \u00e9galement plac\u00e9s autour des entr\u00e9es de pigeonniers pour projeter de l\u2019invasion des rongeurs. Nous avons voulu rendre un hommage \u00e0 ces carreaux en les r\u00e9\u00e9ditant par un des derniers maitres c\u00e9ramistes dans le Var. Il se d\u00e9cline sous 7 finitions de couleurs jaune, vert ou rouge brique en 20x 20.<\/p>\n\n\n\n<p><strong>Finitions<\/strong> : Terre cuite \u00e9maill\u00e9, 7 finitions<\/p>\n\n\n\n<p><strong>Dimensions<\/strong> : L. 20 cm x prof. 20 cm x H. 1 cm<\/p>\n\n\n\n<p><strong>Prix<\/strong> : Sur demande<\/p>\n<\/div><\/div>\n\n\n\n<div class=\"wp-block-media-text alignwide has-media-on-the-right is-stacked-on-mobile\"><figure class=\"wp-block-media-text__media\"><img loading=\"lazy\" width=\"720\" height=\"720\" src=\"https:\/\/i1.wp.com\/batimedianews.com\/live\/wp-content\/uploads\/2025\/04\/image-56.png?resize=720%2C720\" alt=\"\" class=\"wp-image-44144 size-full\" srcset=\"https:\/\/i1.wp.com\/batimedianews.com\/live\/wp-content\/uploads\/2025\/04\/image-56.png?resize=1024%2C1024&amp;ssl=1 1024w, https:\/\/i1.wp.com\/batimedianews.com\/live\/wp-content\/uploads\/2025\/04\/image-56.png?resize=600%2C600&amp;ssl=1 600w, https:\/\/i1.wp.com\/batimedianews.com\/live\/wp-content\/uploads\/2025\/04\/image-56.png?resize=300%2C300&amp;ssl=1 300w, https:\/\/i1.wp.com\/batimedianews.com\/live\/wp-content\/uploads\/2025\/04\/image-56.png?resize=1536%2C1536&amp;ssl=1 1536w, https:\/\/i1.wp.com\/batimedianews.com\/live\/wp-content\/uploads\/2025\/04\/image-56.png?resize=2048%2C2048&amp;ssl=1 2048w, https:\/\/i1.wp.com\/batimedianews.com\/live\/wp-content\/uploads\/2025\/04\/image-56.png?resize=10%2C10&amp;ssl=1 10w\" sizes=\"(max-width: 600px) 91vw, (max-width: 900px) 600px, (max-width: 1060px) 50vw, (max-width: 1200px) 520px, (max-width: 1400px) 43vw, 600px\" data-recalc-dims=\"1\" \/><\/figure><div class=\"wp-block-media-text__content\">\n<p class=\"has-medium-font-size\"><strong><em>Al\u00f2ngui p\u00e8r un<\/em><\/strong><\/p>\n\n\n\n<p>Le transat est apparu sur les plages au XIX de la C\u00f4te d\u2019Azur. Il a \u00e9t\u00e9 sublim\u00e9 par Robert Mallet-Stevens pour la piscine de la villa du Vicomte de Noailles \u00e0 Hy\u00e8res. Ici, il a \u00e9t\u00e9 repens\u00e9 pour offrir le meilleur confort. Fa\u00e7onn\u00e9 en ch\u00eane huil\u00e9 et teint\u00e9, habill\u00e9 d\u2019une grande toile de coton, de type voile de bateau, rembord\u00e9 de cuir r\u00e9alis\u00e9 par une maitre voili\u00e8re. Avec son long coussin, vous pourrez vous pr\u00e9lasser \u00e0 l\u2019ombre ou en plein cagnard, soleil.<\/p>\n\n\n\n<p><strong>Finition<\/strong> : Ch\u00eane massif teint\u00e9 avec huile protectrice et toile coton<\/p>\n\n\n\n<p><strong>Dimensions<\/strong> : L. 70 cm x prof. 80 cm x H. 82 cm<\/p>\n\n\n\n<p><strong>Prix<\/strong> : 1 905 \u20ac<\/p>\n<\/div><\/div>\n\n\n\n<div class=\"wp-block-media-text alignwide is-stacked-on-mobile\" style=\"grid-template-columns:49% auto\"><figure class=\"wp-block-media-text__media\"><img loading=\"lazy\" width=\"720\" height=\"765\" src=\"https:\/\/i1.wp.com\/batimedianews.com\/live\/wp-content\/uploads\/2025\/04\/image-57.png?resize=720%2C765\" alt=\"\" class=\"wp-image-44145 size-full\" srcset=\"https:\/\/i1.wp.com\/batimedianews.com\/live\/wp-content\/uploads\/2025\/04\/image-57.png?w=1152&amp;ssl=1 1152w, https:\/\/i1.wp.com\/batimedianews.com\/live\/wp-content\/uploads\/2025\/04\/image-57.png?resize=768%2C816&amp;ssl=1 768w, https:\/\/i1.wp.com\/batimedianews.com\/live\/wp-content\/uploads\/2025\/04\/image-57.png?resize=10%2C10&amp;ssl=1 10w, https:\/\/i1.wp.com\/batimedianews.com\/live\/wp-content\/uploads\/2025\/04\/image-57.png?resize=432%2C459&amp;ssl=1 432w, https:\/\/i1.wp.com\/batimedianews.com\/live\/wp-content\/uploads\/2025\/04\/image-57.png?resize=396%2C421&amp;ssl=1 396w, https:\/\/i1.wp.com\/batimedianews.com\/live\/wp-content\/uploads\/2025\/04\/image-57.png?resize=1120%2C1190&amp;ssl=1 1120w, https:\/\/i1.wp.com\/batimedianews.com\/live\/wp-content\/uploads\/2025\/04\/image-57.png?resize=660%2C701&amp;ssl=1 660w\" sizes=\"(max-width: 600px) 91vw, (max-width: 900px) 600px, (max-width: 1060px) 50vw, (max-width: 1200px) 520px, (max-width: 1400px) 43vw, 600px\" data-recalc-dims=\"1\" \/><\/figure><div class=\"wp-block-media-text__content\">\n<p class=\"has-medium-font-size\"><em><strong>Al\u00f2ngui p\u00e8r dous<\/strong><\/em><\/p>\n\n\n\n<p>Cette version du transat en deux places est fa\u00e7onn\u00e9e en ch\u00eane teint\u00e9 et huil\u00e9 et habill\u00e9 d\u2019une grande toile de coton, de type voile de bateau, rembord\u00e9 de cuir par une maitre voili\u00e8re. Apparu sur les plages au XIX de la C\u00f4te d\u2019Azur, le transat \u00e9t\u00e9 sublim\u00e9 par Robert Mallet-Stevens pour la piscine de la villa du Vicomte de Noailles \u00e0 Hy\u00e8res. Cette version 2 places vous permettra de vous pr\u00e9lasser.<\/p>\n\n\n\n<p><strong>Finition<\/strong> : Ch\u00eane massif teint\u00e9 avec huile protectrice et toile coton<\/p>\n\n\n\n<p><strong>Dimensions<\/strong> : L. 134 cm x prof. 80 cm x H. 82 cm<\/p>\n\n\n\n<p><strong>Prix<\/strong> : 2 850 \u20ac<\/p>\n<\/div><\/div>\n\n\n\n<figure class=\"wp-block-image size-full\"><img loading=\"lazy\" width=\"720\" height=\"765\" src=\"https:\/\/i2.wp.com\/batimedianews.com\/live\/wp-content\/uploads\/2025\/04\/image-58.png?resize=720%2C765\" alt=\"\" class=\"wp-image-44146\" srcset=\"https:\/\/i2.wp.com\/batimedianews.com\/live\/wp-content\/uploads\/2025\/04\/image-58.png?w=1152&amp;ssl=1 1152w, https:\/\/i2.wp.com\/batimedianews.com\/live\/wp-content\/uploads\/2025\/04\/image-58.png?resize=768%2C816&amp;ssl=1 768w, https:\/\/i2.wp.com\/batimedianews.com\/live\/wp-content\/uploads\/2025\/04\/image-58.png?resize=10%2C10&amp;ssl=1 10w, https:\/\/i2.wp.com\/batimedianews.com\/live\/wp-content\/uploads\/2025\/04\/image-58.png?resize=432%2C459&amp;ssl=1 432w, https:\/\/i2.wp.com\/batimedianews.com\/live\/wp-content\/uploads\/2025\/04\/image-58.png?resize=396%2C421&amp;ssl=1 396w, https:\/\/i2.wp.com\/batimedianews.com\/live\/wp-content\/uploads\/2025\/04\/image-58.png?resize=1120%2C1190&amp;ssl=1 1120w, https:\/\/i2.wp.com\/batimedianews.com\/live\/wp-content\/uploads\/2025\/04\/image-58.png?resize=660%2C701&amp;ssl=1 660w\" sizes=\"(max-width: 600px) 91vw, (max-width: 900px) 600px, (max-width: 1060px) 50vw, (max-width: 1200px) 520px, (max-width: 1400px) 43vw, 600px\" data-recalc-dims=\"1\" \/><\/figure>\n\n\n\n<div class=\"wp-block-media-text alignwide is-stacked-on-mobile\"><figure class=\"wp-block-media-text__media\"><img loading=\"lazy\" width=\"720\" height=\"720\" src=\"https:\/\/i2.wp.com\/batimedianews.com\/live\/wp-content\/uploads\/2025\/04\/image-59.png?resize=720%2C720\" alt=\"\" class=\"wp-image-44147 size-full\" srcset=\"https:\/\/i2.wp.com\/batimedianews.com\/live\/wp-content\/uploads\/2025\/04\/image-59.png?resize=1024%2C1024&amp;ssl=1 1024w, https:\/\/i2.wp.com\/batimedianews.com\/live\/wp-content\/uploads\/2025\/04\/image-59.png?resize=600%2C600&amp;ssl=1 600w, https:\/\/i2.wp.com\/batimedianews.com\/live\/wp-content\/uploads\/2025\/04\/image-59.png?resize=300%2C300&amp;ssl=1 300w, https:\/\/i2.wp.com\/batimedianews.com\/live\/wp-content\/uploads\/2025\/04\/image-59.png?resize=1536%2C1536&amp;ssl=1 1536w, https:\/\/i2.wp.com\/batimedianews.com\/live\/wp-content\/uploads\/2025\/04\/image-59.png?resize=2048%2C2048&amp;ssl=1 2048w, https:\/\/i2.wp.com\/batimedianews.com\/live\/wp-content\/uploads\/2025\/04\/image-59.png?resize=10%2C10&amp;ssl=1 10w\" sizes=\"(max-width: 600px) 91vw, (max-width: 900px) 600px, (max-width: 1060px) 50vw, (max-width: 1200px) 520px, (max-width: 1400px) 43vw, 600px\" data-recalc-dims=\"1\" \/><\/figure><div class=\"wp-block-media-text__content\">\n<p class=\"has-medium-font-size\"><strong><em>Ramo<\/em><\/strong><\/p>\n\n\n\n<p>Le gueridon <em>Ramo<\/em>, branchage en proven\u00e7al, est en b\u00e9ton fa\u00e7onn\u00e9 par un des derniers rocailleurs en France \u00e0 Marseille. Imitant la nature, cet art na\u00eff, tr\u00e8s en vogue dans les maisons proven\u00e7ales fin XIXe, un peu oubli\u00e9, est ici remis \u00e0 l\u2019honneur. Sous une approche contemporaine, sa ligne \u00e9pur\u00e9e est une r\u00e9interpr\u00e9tation de la rocaille.<\/p>\n\n\n\n<p>Meuble d\u2019appoint, tabouret, cette pi\u00e8ce de caract\u00e8re trouvera sa place aussi bien en int\u00e9rieur qu\u2019en ext\u00e9rieur.<\/p>\n\n\n\n<p><strong>Finition<\/strong> : Rocaille en b\u00e9ton<\/p>\n\n\n\n<p><strong>Dimensions<\/strong> : 0 30 cm x H. 45 cm<\/p>\n\n\n\n<p><strong>Prix<\/strong> : 1 250 \u20ac<\/p>\n<\/div><\/div>\n\n\n\n<div class=\"wp-block-media-text alignwide has-media-on-the-right is-stacked-on-mobile\"><figure class=\"wp-block-media-text__media\"><img loading=\"lazy\" width=\"720\" height=\"816\" src=\"https:\/\/i1.wp.com\/batimedianews.com\/live\/wp-content\/uploads\/2025\/04\/image-60.png?resize=720%2C816\" alt=\"\" class=\"wp-image-44148 size-full\" srcset=\"https:\/\/i1.wp.com\/batimedianews.com\/live\/wp-content\/uploads\/2025\/04\/image-60.png?w=1080&amp;ssl=1 1080w, https:\/\/i1.wp.com\/batimedianews.com\/live\/wp-content\/uploads\/2025\/04\/image-60.png?resize=768%2C870&amp;ssl=1 768w, https:\/\/i1.wp.com\/batimedianews.com\/live\/wp-content\/uploads\/2025\/04\/image-60.png?resize=10%2C10&amp;ssl=1 10w, https:\/\/i1.wp.com\/batimedianews.com\/live\/wp-content\/uploads\/2025\/04\/image-60.png?resize=432%2C490&amp;ssl=1 432w, https:\/\/i1.wp.com\/batimedianews.com\/live\/wp-content\/uploads\/2025\/04\/image-60.png?resize=396%2C449&amp;ssl=1 396w, https:\/\/i1.wp.com\/batimedianews.com\/live\/wp-content\/uploads\/2025\/04\/image-60.png?resize=660%2C748&amp;ssl=1 660w\" sizes=\"(max-width: 600px) 91vw, (max-width: 900px) 600px, (max-width: 1060px) 50vw, (max-width: 1200px) 520px, (max-width: 1400px) 43vw, 600px\" data-recalc-dims=\"1\" \/><\/figure><div class=\"wp-block-media-text__content\">\n<p class=\"has-medium-font-size\"><em><strong>Roucaio<\/strong><\/em><\/p>\n\n\n\n<p>Au XIXe, les ma\u00e7ons italiens venus s\u2019installer en Provence ont import\u00e9 la technique de la rocaille, dit faux bois.<\/p>\n\n\n\n<p>Cet art de l\u2019ornementation de la nature en b\u00e9ton, art na\u00eff et rustique, ajouta un grain de folie dans les jardins proven\u00e7aux. La table <em>Roucaio<\/em>, rocaille en proven\u00e7al, revisite la rocaille avec son plateau en rondin et ses branches entrelac\u00e9es pour les pieds. R\u00e9alis\u00e9 par un des derniers rocailleurs en Provence.<\/p>\n\n\n\n<p><strong>Finition<\/strong> : Rocaille en b\u00e9ton<\/p>\n\n\n\n<p><strong>Dimensions<\/strong> : 0 80 cm x H. 30 cm<\/p>\n\n\n\n<p><strong>Prix<\/strong> : 2 280 \u20ac<\/p>\n<\/div><\/div>\n\n\n\n<div class=\"wp-block-media-text alignwide is-stacked-on-mobile\"><figure class=\"wp-block-media-text__media\"><img loading=\"lazy\" width=\"720\" height=\"898\" src=\"https:\/\/i1.wp.com\/batimedianews.com\/live\/wp-content\/uploads\/2025\/04\/image-61.png?resize=720%2C898\" alt=\"\" class=\"wp-image-44149 size-full\" srcset=\"https:\/\/i1.wp.com\/batimedianews.com\/live\/wp-content\/uploads\/2025\/04\/image-61.png?w=970&amp;ssl=1 970w, https:\/\/i1.wp.com\/batimedianews.com\/live\/wp-content\/uploads\/2025\/04\/image-61.png?resize=768%2C958&amp;ssl=1 768w, https:\/\/i1.wp.com\/batimedianews.com\/live\/wp-content\/uploads\/2025\/04\/image-61.png?resize=432%2C539&amp;ssl=1 432w, https:\/\/i1.wp.com\/batimedianews.com\/live\/wp-content\/uploads\/2025\/04\/image-61.png?resize=396%2C494&amp;ssl=1 396w, https:\/\/i1.wp.com\/batimedianews.com\/live\/wp-content\/uploads\/2025\/04\/image-61.png?resize=660%2C823&amp;ssl=1 660w\" sizes=\"(max-width: 600px) 91vw, (max-width: 900px) 600px, (max-width: 1060px) 50vw, (max-width: 1200px) 520px, (max-width: 1400px) 43vw, 600px\" data-recalc-dims=\"1\" \/><\/figure><div class=\"wp-block-media-text__content\">\n<p class=\"has-medium-font-size\"><em><strong>Bugadiero<\/strong><\/em><\/p>\n\n\n\n<p>La bugadi\u00e8re, tr\u00e8s ancienne poterie populaire proven\u00e7ale, avait plusieurs usages, du transport de linge au lavoir jusqu\u2019au bain de b\u00e9b\u00e9. Ici la simplicit\u00e9 des lignes met en lumi\u00e8re la coupe \u00e9maill\u00e9e reposant sur une base en terre cuite. Son \u00e9mail vert traditionnel proven\u00e7al inscrit cette pi\u00e8ce dans sa r\u00e9gion. R\u00e9alis\u00e9e par un ma\u00eetre c\u00e9ramiste dans la r\u00e9gion d\u2019Aix-en-Provence.<\/p>\n\n\n\n<p><strong>Finition<\/strong> : Terre verniss\u00e9e<\/p>\n\n\n\n<p><strong>Dimensions<\/strong> : 0 36 cm x H. 13 cm<\/p>\n\n\n\n<p><strong>Prix<\/strong> : 430 \u20ac<\/p>\n<\/div><\/div>\n\n\n\n<div class=\"wp-block-media-text alignwide has-media-on-the-right is-stacked-on-mobile\"><figure class=\"wp-block-media-text__media\"><img loading=\"lazy\" width=\"720\" height=\"928\" src=\"https:\/\/i2.wp.com\/batimedianews.com\/live\/wp-content\/uploads\/2025\/04\/image-62.png?resize=720%2C928\" alt=\"\" class=\"wp-image-44150 size-full\" srcset=\"https:\/\/i2.wp.com\/batimedianews.com\/live\/wp-content\/uploads\/2025\/04\/image-62.png?w=892&amp;ssl=1 892w, https:\/\/i2.wp.com\/batimedianews.com\/live\/wp-content\/uploads\/2025\/04\/image-62.png?resize=768%2C990&amp;ssl=1 768w, https:\/\/i2.wp.com\/batimedianews.com\/live\/wp-content\/uploads\/2025\/04\/image-62.png?resize=432%2C557&amp;ssl=1 432w, https:\/\/i2.wp.com\/batimedianews.com\/live\/wp-content\/uploads\/2025\/04\/image-62.png?resize=396%2C511&amp;ssl=1 396w, https:\/\/i2.wp.com\/batimedianews.com\/live\/wp-content\/uploads\/2025\/04\/image-62.png?resize=660%2C851&amp;ssl=1 660w\" sizes=\"(max-width: 600px) 91vw, (max-width: 900px) 600px, (max-width: 1060px) 50vw, (max-width: 1200px) 520px, (max-width: 1400px) 43vw, 600px\" data-recalc-dims=\"1\" \/><\/figure><div class=\"wp-block-media-text__content\">\n<p class=\"is-style-default has-medium-font-size\"><em><strong>Counsci\u00e8nci<\/strong><\/em><\/p>\n\n\n\n<p>Les consciences \u00e9taient utilis\u00e9es pour stocker et transporter l\u2019huile d\u2019olive. Elles \u00e9taient fabriqu\u00e9es vers 1850 \u00e0 Aubagne. Remplies d\u2019huile, elles \u00e9taient remises aux ouvriers en fin de r\u00e9colte des olives et \u00e9galement donn\u00e9es aux mendiants qui passaient dans les villages, d\u2019o\u00f9 \u00ab bonne conscience \u00bb. Ici la forme a \u00e9t\u00e9 all\u00e9g\u00e9e, les anneaux d\u2019attaches d\u00e9multipli\u00e9s donne une relecture contemporaine de cette pi\u00e8ce centenaire. Sa silhouette \u00e9lanc\u00e9e demande plusieurs heures de fa\u00e7onnage au tour par un ma\u00eetre c\u00e9ramiste.<\/p>\n\n\n\n<p><strong>Finition<\/strong> : Terre verniss\u00e9e<\/p>\n\n\n\n<p><strong>Dimensions<\/strong> : 0 14 cm x H. 36 cm<\/p>\n\n\n\n<p><strong>Prix<\/strong> : 490 \u20ac<\/p>\n<\/div><\/div>\n\n\n\n<div class=\"wp-block-media-text alignwide is-stacked-on-mobile\"><figure class=\"wp-block-media-text__media\"><img loading=\"lazy\" width=\"720\" height=\"771\" src=\"https:\/\/i2.wp.com\/batimedianews.com\/live\/wp-content\/uploads\/2025\/04\/image-63.png?resize=720%2C771\" alt=\"\" class=\"wp-image-44151 size-full\" srcset=\"https:\/\/i2.wp.com\/batimedianews.com\/live\/wp-content\/uploads\/2025\/04\/image-63.png?w=1148&amp;ssl=1 1148w, https:\/\/i2.wp.com\/batimedianews.com\/live\/wp-content\/uploads\/2025\/04\/image-63.png?resize=768%2C822&amp;ssl=1 768w, https:\/\/i2.wp.com\/batimedianews.com\/live\/wp-content\/uploads\/2025\/04\/image-63.png?resize=10%2C10&amp;ssl=1 10w, https:\/\/i2.wp.com\/batimedianews.com\/live\/wp-content\/uploads\/2025\/04\/image-63.png?resize=432%2C463&amp;ssl=1 432w, https:\/\/i2.wp.com\/batimedianews.com\/live\/wp-content\/uploads\/2025\/04\/image-63.png?resize=396%2C424&amp;ssl=1 396w, https:\/\/i2.wp.com\/batimedianews.com\/live\/wp-content\/uploads\/2025\/04\/image-63.png?resize=1120%2C1200&amp;ssl=1 1120w, https:\/\/i2.wp.com\/batimedianews.com\/live\/wp-content\/uploads\/2025\/04\/image-63.png?resize=660%2C707&amp;ssl=1 660w\" sizes=\"(max-width: 600px) 91vw, (max-width: 900px) 600px, (max-width: 1060px) 50vw, (max-width: 1200px) 520px, (max-width: 1400px) 43vw, 600px\" data-recalc-dims=\"1\" \/><\/figure><div class=\"wp-block-media-text__content\">\n<p class=\"has-medium-font-size\"><em><strong>Gargouleto<\/strong><\/em><\/p>\n\n\n\n<p>Cette cruche est tr\u00e8s embl\u00e9matique du Sud de la France.<\/p>\n\n\n\n<p>De grands noms tels que Matisse, Van Gogh, C\u00e9zanne l\u2019ont incluse dans leurs oeuvres. R\u00e9alis\u00e9e en argile, la gargoulette ne poss\u00e8de du vernis que sur le haut du corps, rendant les surfaces imperm\u00e9ables. \u00c9pur\u00e9e, elle garde la grande anse et les deux orifices si caract\u00e9ristiques de sa silhouette. Plusieurs heures de travail sont n\u00e9cessaires pour magnifier cette pi\u00e8ce. Son vert \u00e9maill\u00e9, inscrit cette pi\u00e8ce dans sa Provence natale.<\/p>\n\n\n\n<p><strong>Finition<\/strong> : Terre verniss\u00e9e<\/p>\n\n\n\n<p><strong>Dimensions<\/strong> : 0 14 cm x H. 41 cm<\/p>\n\n\n\n<p><strong>Prix<\/strong> : 450 \u20ac<\/p>\n<\/div><\/div>\n\n\n\n<p><\/p>\n","protected":false},"excerpt":{"rendered":"<p>Provence Des contreforts de l\u2019Italie aux bords de la M\u00e9diterran\u00e9e, des Alpes de Haute-Provence aux Marais Camarguais, des vallons calcaires des Alpilles aux oliveraies de l\u2019arri\u00e8re-pays, des for\u00eats de pins, de la garrigue, des champs de fleurs \u00e0 parfum, les plages or de la C\u00f4te, les calanques&#8230; Une terre plurielle. Art de vivre Si inspirant [&hellip;]<\/p>\n","protected":false},"author":41,"featured_media":44153,"comment_status":"open","ping_status":"open","sticky":true,"template":"","format":"standard","meta":{"spay_email":""},"categories":[4,676,868,802],"tags":[],"jetpack_featured_media_url":"https:\/\/i2.wp.com\/batimedianews.com\/live\/wp-content\/uploads\/2025\/04\/Midi-articles-.jpg?fit=1513%2C825&ssl=1","jetpack_sharing_enabled":true,"jetpack_likes_enabled":true,"jetpack-related-posts":[{"id":27302,"url":"https:\/\/batimedianews.com\/live\/index.php\/2023\/03\/28\/les-trophees-reno-copro-de-la-metropole-aix-marseille-provence\/","url_meta":{"origin":44111,"position":0},"title":"Les troph\u00e9es  R\u00c9NO COPRO&rsquo; de la m\u00e9tropole AIX-MARSEILLE-PROVENCE","date":"28 mars 2023","format":false,"excerpt":"Les copropri\u00e9t\u00e9s laur\u00e9ates d\u00e9voil\u00e9es ! Deux copropri\u00e9t\u00e9s ont \u00e9t\u00e9 prim\u00e9es lors de la remise des Troph\u00e9es R\u00e9no Copro\u2019 de la M\u00e9tropole Aix-Marseille-Provence : la R\u00e9sidence Les Cypr\u00e8s, situ\u00e9e \u00e0 Salon-de-Provence, et la R\u00e9sidence La Madeleine, situ\u00e9e \u00e0 Aix-en-Provence. La c\u00e9r\u00e9monie s'est tenue \u00e0 l\u2019occasion de la 10\u00e8me \u00e9dition du salon\u2026","rel":"","context":"Dans &quot;Actualit\u00e9 Entreprises&quot;","img":{"alt_text":"","src":"https:\/\/i2.wp.com\/batimedianews.com\/live\/wp-content\/uploads\/2023\/03\/Construction21-Article.jpg?fit=1080%2C1080&ssl=1&resize=350%2C200","width":350,"height":200},"classes":[]},{"id":11911,"url":"https:\/\/batimedianews.com\/live\/index.php\/2021\/09\/13\/aurea-selectionne-par-le-museum-dhistoire-naturelle-daix-en-provence-pour-ses-solutions-innovantes-de-demercurisation\/","url_meta":{"origin":44111,"position":1},"title":"AUREA s\u00e9lectionn\u00e9 par le Mus\u00e9um d\u2019Histoire Naturelle d\u2019Aix- en-Provence pour ses solutions innovantes de d\u00e9mercurisation","date":"13 septembre 2021","format":false,"excerpt":"AUREA (Code ISIN : FR0000039232, Code Mn\u00e9mo : AURE), l\u2019un des premiers acteurs industriels europ\u00e9ens dans la r\u00e9g\u00e9n\u00e9ration des d\u00e9chets, est fier d\u2019annoncer que sa filiale META REGENERATION, seul sp\u00e9cialiste fran\u00e7ais du traitement du mercure, a \u00e9t\u00e9 s\u00e9lectionn\u00e9e par le Mus\u00e9um d\u2019Histoire Naturelle d\u2019Aix-en-Provence dans le cadre de la d\u00e9pollution\u2026","rel":"","context":"Dans &quot;Actualit\u00e9 Entreprises&quot;","img":{"alt_text":"","src":"https:\/\/i2.wp.com\/batimedianews.com\/live\/wp-content\/uploads\/2021\/09\/Aurea-Article.jpg?fit=512%2C512&ssl=1&resize=350%2C200","width":350,"height":200},"classes":[]},{"id":27683,"url":"https:\/\/batimedianews.com\/live\/index.php\/2023\/04\/11\/architect-meets-innovation-a-architectwork-marseille-les-24-et-25-mai-2023\/","url_meta":{"origin":44111,"position":2},"title":"Architect meets innovation \u00e0 Architect@work Marseille les 24 et 25 mai 2023","date":"11 avril 2023","format":false,"excerpt":"Th\u00e8me de l'\u00e9dition 2023 : ARCHITECTURES VIVANTES ARCHITECT@WORK Marseille ouvrira ses portes, pour la 5e fois, les 24 et 25 mai 2023 au Parc Chanot.Cet \u00e9v\u00e9nement atypique, r\u00e9serv\u00e9 aux architectes et autres prescripteurs, proposera une s\u00e9lection de plus de 350 nouveaux produits, pr\u00e9sent\u00e9s par non moins de 120 industriels.Un programme\u2026","rel":"","context":"Dans &quot;Actualit\u00e9 Entreprises&quot;","img":{"alt_text":"","src":"https:\/\/i0.wp.com\/batimedianews.com\/live\/wp-content\/uploads\/2023\/04\/architect@work_article.jpeg?fit=1050%2C1050&ssl=1&resize=350%2C200","width":350,"height":200},"classes":[]},{"id":47293,"url":"https:\/\/batimedianews.com\/live\/index.php\/2025\/10\/09\/loutre-le-bouclier-anti-fraude-du-service-public-vise-un-deploiement-national-pour-securiser-la-renovation-energetique-des-menages\/","url_meta":{"origin":44111,"position":3},"title":"LOUTRE, le bouclier anti-fraude du service public, vise un d\u00e9ploiement national pour s\u00e9curiser la r\u00e9novation \u00e9nerg\u00e9tique des m\u00e9nages","date":"9 octobre 2025","format":false,"excerpt":"Marseille, le 7 octobre 2025. \u00c0 l\u2019heure o\u00f9 les dispositifs d\u2019aide \u00e0 la r\u00e9novation \u00e9nerg\u00e9tique, et en particulier MaPrimeR\u00e9nov\u2019, font l\u2019objet de critiques sur leur complexit\u00e9 et les risques de fraude, la plateforme du service public LOUTRE s\u2019impose comme une solution cr\u00e9dible, d\u00e9j\u00e0 test\u00e9e et valid\u00e9e sur le terrain. Cofinanc\u00e9e\u2026","rel":"","context":"Dans &quot;Actualit\u00e9 Entreprises&quot;","img":{"alt_text":"","src":"https:\/\/i0.wp.com\/batimedianews.com\/live\/wp-content\/uploads\/2025\/10\/Loutre.jpg?fit=825%2C825&ssl=1&resize=350%2C200","width":350,"height":200},"classes":[]},{"id":16600,"url":"https:\/\/batimedianews.com\/live\/index.php\/2022\/03\/02\/ecophon-et-plafometal-equipent-laeroport-de-marseille\/","url_meta":{"origin":44111,"position":4},"title":"ECOPHON ET PLAFOMETAL \u00e9quipent l&rsquo;a\u00e9roport de Marseille","date":"2 mars 2022","format":false,"excerpt":"L\u2019a\u00e9roport de Marseille-Provence a entam\u00e9 en 2019 une s\u00e9rie de grands travaux destin\u00e9s \u00e0 am\u00e9liorer l\u2019accueil des voyageurs. Dans le cadre de cette r\u00e9habilitation, les marques Saint-Gobain Ecophon et Plafometal ont \u00e9t\u00e9 choisies pour \u00e9quiper les zones de d\u00e9barquement et de r\u00e9cup\u00e9ration des bagages du Terminal 1.\u00a0 L\u2019a\u00e9roport de Marseille-Provence\u2026","rel":"","context":"Dans &quot;Acoustique&quot;","img":{"alt_text":"","src":"https:\/\/i1.wp.com\/batimedianews.com\/live\/wp-content\/uploads\/2022\/02\/Plafometal_Ecophon-Article.jpg?fit=512%2C512&ssl=1&resize=350%2C200","width":350,"height":200},"classes":[]},{"id":14133,"url":"https:\/\/batimedianews.com\/live\/index.php\/2021\/12\/06\/palmares-du-challenge-de-lhabitat-innovant-2022\/","url_meta":{"origin":44111,"position":5},"title":"PALMAR\u00c8S DU CHALLENGE DE L\u2019HABITAT INNOVANT 2022","date":"6 d\u00e9cembre 2021","format":false,"excerpt":"\u00a0\u00c0 l\u2019occasion de son S\u00e9minaire Technique qui s\u2019est d\u00e9roul\u00e9 du 25 au 28 novembre \u00e0 Lisbonne, le P\u00f4le Habitat FFB a d\u00e9voil\u00e9 le palmar\u00e8s de son Challenge de l\u2019Habitat Innovant 2022, auquel seize adh\u00e9rents ont particip\u00e9 tout au long de l\u2019ann\u00e9e. Autant de dossiers qui refl\u00e8tent tant le go\u00fbt d\u2019entreprendre\u2026","rel":"","context":"Dans &quot;Actualit\u00e9 Entreprises&quot;","img":{"alt_text":"","src":"https:\/\/i1.wp.com\/batimedianews.com\/live\/wp-content\/uploads\/2021\/12\/PoleHabitat-Article.jpg?fit=512%2C512&ssl=1&resize=350%2C200","width":350,"height":200},"classes":[]}],"_links":{"self":[{"href":"https:\/\/batimedianews.com\/live\/index.php\/wp-json\/wp\/v2\/posts\/44111"}],"collection":[{"href":"https:\/\/batimedianews.com\/live\/index.php\/wp-json\/wp\/v2\/posts"}],"about":[{"href":"https:\/\/batimedianews.com\/live\/index.php\/wp-json\/wp\/v2\/types\/post"}],"author":[{"embeddable":true,"href":"https:\/\/batimedianews.com\/live\/index.php\/wp-json\/wp\/v2\/users\/41"}],"replies":[{"embeddable":true,"href":"https:\/\/batimedianews.com\/live\/index.php\/wp-json\/wp\/v2\/comments?post=44111"}],"version-history":[{"count":3,"href":"https:\/\/batimedianews.com\/live\/index.php\/wp-json\/wp\/v2\/posts\/44111\/revisions"}],"predecessor-version":[{"id":44364,"href":"https:\/\/batimedianews.com\/live\/index.php\/wp-json\/wp\/v2\/posts\/44111\/revisions\/44364"}],"wp:featuredmedia":[{"embeddable":true,"href":"https:\/\/batimedianews.com\/live\/index.php\/wp-json\/wp\/v2\/media\/44153"}],"wp:attachment":[{"href":"https:\/\/batimedianews.com\/live\/index.php\/wp-json\/wp\/v2\/media?parent=44111"}],"wp:term":[{"taxonomy":"category","embeddable":true,"href":"https:\/\/batimedianews.com\/live\/index.php\/wp-json\/wp\/v2\/categories?post=44111"},{"taxonomy":"post_tag","embeddable":true,"href":"https:\/\/batimedianews.com\/live\/index.php\/wp-json\/wp\/v2\/tags?post=44111"}],"curies":[{"name":"wp","href":"https:\/\/api.w.org\/{rel}","templated":true}]}}