{"id":44271,"date":"2025-04-09T10:03:43","date_gmt":"2025-04-09T08:03:43","guid":{"rendered":"http:\/\/batimedianews.com\/live\/?p=44271"},"modified":"2025-04-09T10:03:45","modified_gmt":"2025-04-09T08:03:45","slug":"alkern-devoile-son-guide-de-performances-au-feu-des-maconneries","status":"publish","type":"post","link":"https:\/\/batimedianews.com\/live\/index.php\/2025\/04\/09\/alkern-devoile-son-guide-de-performances-au-feu-des-maconneries\/","title":{"rendered":"Alkern d\u00e9voile son Guide de performances au feu des ma\u00e7onneries"},"content":{"rendered":"\n<figure class=\"wp-block-image size-full\"><img loading=\"lazy\" width=\"720\" height=\"998\" src=\"https:\/\/i1.wp.com\/batimedianews.com\/live\/wp-content\/uploads\/2025\/04\/image-125.png?resize=720%2C998\" alt=\"\" class=\"wp-image-44272\" srcset=\"https:\/\/i1.wp.com\/batimedianews.com\/live\/wp-content\/uploads\/2025\/04\/image-125.png?w=2480&amp;ssl=1 2480w, https:\/\/i1.wp.com\/batimedianews.com\/live\/wp-content\/uploads\/2025\/04\/image-125.png?resize=768%2C1064&amp;ssl=1 768w, https:\/\/i1.wp.com\/batimedianews.com\/live\/wp-content\/uploads\/2025\/04\/image-125.png?resize=432%2C599&amp;ssl=1 432w, https:\/\/i1.wp.com\/batimedianews.com\/live\/wp-content\/uploads\/2025\/04\/image-125.png?resize=396%2C549&amp;ssl=1 396w, https:\/\/i1.wp.com\/batimedianews.com\/live\/wp-content\/uploads\/2025\/04\/image-125.png?resize=1120%2C1553&amp;ssl=1 1120w, https:\/\/i1.wp.com\/batimedianews.com\/live\/wp-content\/uploads\/2025\/04\/image-125.png?resize=660%2C915&amp;ssl=1 660w, https:\/\/i1.wp.com\/batimedianews.com\/live\/wp-content\/uploads\/2025\/04\/image-125.png?w=1440 1440w, https:\/\/i1.wp.com\/batimedianews.com\/live\/wp-content\/uploads\/2025\/04\/image-125.png?w=2160 2160w\" sizes=\"(max-width: 600px) 91vw, (max-width: 900px) 600px, (max-width: 1060px) 50vw, (max-width: 1200px) 520px, (max-width: 1400px) 43vw, 600px\" data-recalc-dims=\"1\" \/><\/figure>\n\n\n\n<p>Chaque ann\u00e9e en France, on recense quelque 25 000 incendies, engendrant plus de 10 000 victimes et 250 d\u00e9c\u00e8s. Dans ce contexte, limiter la propagation du feu et des fum\u00e9es en cas d\u2019incendie et garantir la stabilit\u00e9 des \u00e9l\u00e9ments porteurs pour s\u00e9curiser l\u2019acc\u00e8s comme l\u2019intervention des services de secours constituent des imp\u00e9ratifs et une priorit\u00e9 absolue de l\u2019acte de concevoir et de construire un b\u00e2timent.<\/p>\n\n\n\n<p>Industriel fran\u00e7ais majeur dans la pr\u00e9fabrication d\u2019\u00e9l\u00e9ments b\u00e9ton pour une construction d\u00e9carbon\u00e9e, Alkern joue encore une fois pleinement son r\u00f4le en \u00e9ditant son Guide des performances au feu des ma\u00e7onneries. Une \u00e9dition qui vient d\u2019ailleurs judicieusement compl\u00e9ter l\u2019offre de services Alkern, riche d\u2019une aide \u00e0 360\u00b0 pour tous les professionnels de la construction (documentation, configurateur CCTP, calcul de psi, \u00e9tudes planchers, conseils de pose, \u2026).<\/p>\n\n\n\n<p>Le <strong>Guide des performances au feu des ma\u00e7onneries <\/strong>d\u2019Alkern vise \u00e0 accompagner les acteurs de la construction dans le choix de solutions conformes aux r\u00e9glementations en vigueur, tout en int\u00e9grant ses innovations techniques (R+MuR, Kosmo R1, Natur R1&#8230;) pour optimiser la performance et le co\u00fbt des b\u00e2timents.<\/p>\n\n\n\n<figure class=\"wp-block-image size-full\"><img loading=\"lazy\" width=\"720\" height=\"509\" src=\"https:\/\/i2.wp.com\/batimedianews.com\/live\/wp-content\/uploads\/2025\/04\/image-126.png?resize=720%2C509\" alt=\"\" class=\"wp-image-44273\" srcset=\"https:\/\/i2.wp.com\/batimedianews.com\/live\/wp-content\/uploads\/2025\/04\/image-126.png?w=4961&amp;ssl=1 4961w, https:\/\/i2.wp.com\/batimedianews.com\/live\/wp-content\/uploads\/2025\/04\/image-126.png?resize=768%2C543&amp;ssl=1 768w, https:\/\/i2.wp.com\/batimedianews.com\/live\/wp-content\/uploads\/2025\/04\/image-126.png?resize=432%2C305&amp;ssl=1 432w, https:\/\/i2.wp.com\/batimedianews.com\/live\/wp-content\/uploads\/2025\/04\/image-126.png?resize=396%2C280&amp;ssl=1 396w, https:\/\/i2.wp.com\/batimedianews.com\/live\/wp-content\/uploads\/2025\/04\/image-126.png?resize=1120%2C792&amp;ssl=1 1120w, https:\/\/i2.wp.com\/batimedianews.com\/live\/wp-content\/uploads\/2025\/04\/image-126.png?resize=660%2C467&amp;ssl=1 660w, https:\/\/i2.wp.com\/batimedianews.com\/live\/wp-content\/uploads\/2025\/04\/image-126.png?w=1440 1440w, https:\/\/i2.wp.com\/batimedianews.com\/live\/wp-content\/uploads\/2025\/04\/image-126.png?w=2160 2160w\" sizes=\"(max-width: 600px) 91vw, (max-width: 900px) 600px, (max-width: 1060px) 50vw, (max-width: 1200px) 520px, (max-width: 1400px) 43vw, 600px\" data-recalc-dims=\"1\" \/><\/figure>\n\n\n\n<p>D\u00e9volu \u00e0 l\u2019accompagnement des prescripteurs du b\u00e2timent, cet ouvrage didactique de 32 pages leur permet en effet d\u2019appr\u00e9hender parfaitement la r\u00e9glementation en vigueur, tout en pr\u00e9conisant la solution Alkern la plus pertinente, quelle que soit la typologie de leur projet : b\u00e2timent d\u2019habitation premi\u00e8re, deuxi\u00e8me, troisi\u00e8me et quatri\u00e8me famille, b\u00e2timents \u00e0 usage professionnel ou encore ERP.<\/p>\n\n\n\n<p>Apr\u00e8s un rappel fourni des textes r\u00e9glementaires, ce guide Alkern aborde les notions de r\u00e9action et r\u00e9sistance au feu, avant de s\u2019int\u00e9resser au dimensionnement des murs porteurs comme \u00e0 la r\u00e9sistance \u00e0 la propagation du feu par les fa\u00e7ades. Il d\u00e9taille ensuite les solutions Alkern pour murs enduits avec doublage et pour murs nus (s\u00e9paratifs coupe-feu, de compartiment feu en b\u00e2timent de stockage, commerce, hypermarch\u00e9s, ERP, &#8230;) pour lesquels les professionnels peuvent ainsi retrouver tr\u00e8s facilement les informations n\u00e9cessaires (doublages \u00e9ventuels, charges admissibles, hauteurs maximales&#8230;) class\u00e9es par REI\/EI dans des tableaux de synth\u00e8se. <\/p>\n\n\n\n<p>Notons enfin qu\u2019avec ce guide, disponible sur demande et en simple t\u00e9l\u00e9chargement sur le site www.alkern.fr, Alkern ambitionne aussi de d\u00e9montrer toute la force du b\u00e9ton pr\u00e9fabriqu\u00e9 face aux autres mat\u00e9riaux.<\/p>\n\n\n\n<p class=\"has-background has-small-font-size\" style=\"background-color:#d2d4d6\">Le groupe Alkern est un des leaders fran\u00e7ais de la pr\u00e9fabrication d\u2019\u00e9l\u00e9ments en b\u00e9ton permettant des modes constructifs peu carbon\u00e9s pour le b\u00e2timent, offrant des solutions d\u2019am\u00e9nagement durable des villes, ayant la capacit\u00e9 d\u2019infiltrer les eaux de surface et proposant des produits d\u2019embellissement des espaces ext\u00e9rieurs (jardins, piscines, voiries). En apportant des r\u00e9ponses concr\u00e8tes aux enjeux majeurs du r\u00e9chauffement climatique et de ses effets, le Groupe Alkern revendique ainsi des solutions durables \u00e0 l\u2019am\u00e9nagement des territoires, aux besoins d\u2019un habitat sain, confortable, esth\u00e9tique, respectueux de l\u2019environnement et patrimonial. Avec environ 250 millions d\u2019euros de chiffre d\u2019affaires en 2024 et 1 000 collaborateurs, engag\u00e9 dans une d\u00e9marche RSE pragmatique, le Groupe se d\u00e9veloppe gr\u00e2ce \u00e0 des \u00e9quipes responsables, mobilis\u00e9es sur les enjeux soci\u00e9taux, la s\u00e9curit\u00e9 au travail et la ma\u00eetrise de l\u2019impact environnemental de son activit\u00e9 et de ses produits. Le renouvellement de la m\u00e9daille d\u2019Or Ecovadis en 2024, avec un score la classant parmi les 2 % les plus vertueuses, en constitue une parfaite illustration !<\/p>\n","protected":false},"excerpt":{"rendered":"<p>Chaque ann\u00e9e en France, on recense quelque 25 000 incendies, engendrant plus de 10 000 victimes et 250 d\u00e9c\u00e8s. Dans ce contexte, limiter la propagation du feu et des fum\u00e9es en cas d\u2019incendie et garantir la stabilit\u00e9 des \u00e9l\u00e9ments porteurs pour s\u00e9curiser l\u2019acc\u00e8s comme l\u2019intervention des services de secours constituent des imp\u00e9ratifs et une priorit\u00e9 [&hellip;]<\/p>\n","protected":false},"author":41,"featured_media":44275,"comment_status":"open","ping_status":"open","sticky":true,"template":"","format":"standard","meta":{"spay_email":""},"categories":[4,792,923],"tags":[],"jetpack_featured_media_url":"https:\/\/i1.wp.com\/batimedianews.com\/live\/wp-content\/uploads\/2025\/04\/Alkern.jpg?fit=1513%2C825&ssl=1","jetpack_sharing_enabled":true,"jetpack_likes_enabled":true,"jetpack-related-posts":[{"id":3789,"url":"https:\/\/batimedianews.com\/live\/index.php\/2020\/02\/09\/avec-rmur-alkern-lance-une-solution-de-paroi-complete-economique-et-bas-carbone\/","url_meta":{"origin":44271,"position":0},"title":"Avec R+MuR, Alkern lance une solution de paroi compl\u00e8te, \u00e9conomique et bas carbone","date":"9 f\u00e9vrier 2020","format":false,"excerpt":"Objectif : R\u00e9pondre au besoin du march\u00e9 des b\u00e2timents \u00e0 \u00e9tage (toutes familles) et notamment du petit collectif (jusqu\u2019\u00e0 R+4) Repenser la conception des parois verticales pour des b\u00e2timents \u00e0 \u00e9tages performants \u00e0 tous points de vue, tout en conservant une mise en oeuvre traditionnelle ma\u00eetris\u00e9e par les entreprises :\u2026","rel":"","context":"Dans &quot;Actualit\u00e9 Entreprises&quot;","img":{"alt_text":"","src":"https:\/\/i2.wp.com\/batimedianews.com\/live\/wp-content\/uploads\/2020\/02\/alkern1_image.jpg?fit=952%2C952&ssl=1&resize=350%2C200","width":350,"height":200},"classes":[]},{"id":14030,"url":"https:\/\/batimedianews.com\/live\/index.php\/2021\/11\/29\/paysalia-alkern-devoile-en-avant-premiere-ses-nouveaux-catalogues-2022-et-une-offre-dediee-aux-professionnels-de-la-piscine\/","url_meta":{"origin":44271,"position":1},"title":"Paysalia : Alkern d\u00e9voile en avant-premi\u00e8re ses nouveaux catalogues 2022 et une offre d\u00e9di\u00e9e aux professionnels de la piscine","date":"29 novembre 2021","format":false,"excerpt":"EUREXPO Lyon Stand 6A102 Paysalia 2021 constitue, pour ALKERN, une occasion privil\u00e9gi\u00e9e de d\u00e9voiler, en avant-premi\u00e8re, ses nouvelles \u00e9ditions de catalogues r\u00e9gionaux 2022. Une bonne nouvelle n\u2019arrivant jamais seule, ALKERN en profitera pour mettre en lumi\u00e8re une offre d\u00e9volue aux professionnels avec ses Kits Piscine : des solutions en pierre\u2026","rel":"","context":"Dans &quot;Actualit\u00e9 Entreprises&quot;","img":{"alt_text":"","src":"https:\/\/i2.wp.com\/batimedianews.com\/live\/wp-content\/uploads\/2021\/11\/Alkern-Article.jpg?fit=512%2C512&ssl=1&resize=350%2C200","width":350,"height":200},"classes":[]},{"id":38404,"url":"https:\/\/batimedianews.com\/live\/index.php\/2024\/07\/09\/piece-de-raccordement-une-innovation-brevetee-alkern-pour-les-tp\/","url_meta":{"origin":44271,"position":2},"title":"Pi\u00e8ce de raccordement, guide racinaire, pav\u00e9s Signature, E-massif, Bloc Natur R1 et Isopanel Max : un floril\u00e8ge d&rsquo;innovations sign\u00e9es Alkern","date":"9 juillet 2024","format":false,"excerpt":"https:\/\/www.youtube.com\/watch?v=BlcFKAMU9C4 Interview Alkern La solution E-Massif d'ALKERN, d\u00e9di\u00e9e \u00e0 l'ancrage des bornes de recharge \u00e9lectrique jusqu'\u00e0 22 kW. \u00a0ALKERN innove aussi c\u00f4t\u00e9 TP avec une nouveaut\u00e9 d\u00e9di\u00e9e aux r\u00e9seaux d\u2019assainissement : la pi\u00e8ce de raccordement. V\u00e9ritable garantie de disposer de raccords durablement \u00e9tanches (gr\u00e2ce \u00e0 un double joint \u00e9lastom\u00e8re et\u2026","rel":"","context":"Dans &quot;Actualit\u00e9 Entreprises&quot;","img":{"alt_text":"","src":"https:\/\/i2.wp.com\/batimedianews.com\/live\/wp-content\/uploads\/2024\/06\/Alkern.jpg?fit=825%2C825&ssl=1&resize=350%2C200","width":350,"height":200},"classes":[]},{"id":16805,"url":"https:\/\/batimedianews.com\/live\/index.php\/2022\/03\/04\/engie-green-et-alkern-signent-un-partenariat-pour-developper-30-mwc-de-projets-solaires\/","url_meta":{"origin":44271,"position":3},"title":"ENGIE Green et ALKERN signent un partenariat pour d\u00e9velopper 30 MWc de projets solaires","date":"4 mars 2022","format":false,"excerpt":"ALKERN, n\u00b01 des produits pr\u00e9fabriqu\u00e9s b\u00e9ton, a choisi ENGIE Green pour concevoir des centrales solaires en ombri\u00e8res qui abriteront les zones de stockage d\u2019une s\u00e9lection de ses sites de production en France. Une surface globale d\u2019environ 150 000 m2 sera ainsi valoris\u00e9e en installations d\u2019\u00e9nergie renouvelable dont la production \u00e9lectrique\u2026","rel":"","context":"Dans &quot;Actualit\u00e9 Entreprises&quot;","img":{"alt_text":"","src":"https:\/\/i0.wp.com\/batimedianews.com\/live\/wp-content\/uploads\/2022\/03\/Alkern-Article.jpg?fit=512%2C512&ssl=1&resize=350%2C200","width":350,"height":200},"classes":[]},{"id":49397,"url":"https:\/\/batimedianews.com\/live\/index.php\/2026\/03\/05\/amenagement-exterieur-alkern-devoile-ses-catalogues-regionaux-2026-des-editions-engagees-et-resolument-locales\/","url_meta":{"origin":44271,"position":4},"title":"Am\u00e9nagement ext\u00e9rieur : Alkern d\u00e9voile ses catalogues r\u00e9gionaux 2026, des \u00e9ditions engag\u00e9es et r\u00e9solument locales","date":"5 mars 2026","format":false,"excerpt":"Alkern confirme en 2026 son statut d\u2019acteur de r\u00e9f\u00e9rence de l\u2019am\u00e9nagement ext\u00e9rieur avec la sortie de ses trois nouveaux catalogues r\u00e9gionaux : Nord Centre Est, Grand Ouest, Sud Est. R\u00e9pondant aux sp\u00e9cificit\u00e9s architecturales, climatiques comme esth\u00e9tiques de chaque territoire, ces \u00e9ditions valorisent \u00e0 la fois la richesse des gammes Alkern\u2026","rel":"","context":"Dans &quot;Actualit\u00e9 Entreprises&quot;","img":{"alt_text":"","src":"https:\/\/i0.wp.com\/batimedianews.com\/live\/wp-content\/uploads\/2026\/02\/Alkern.jpg?fit=825%2C825&ssl=1&resize=350%2C200","width":350,"height":200},"classes":[]},{"id":48178,"url":"https:\/\/batimedianews.com\/live\/index.php\/2025\/11\/26\/alkern-annonce-des-fdes-pour-lensemble-de-son-offre-de-planelles\/","url_meta":{"origin":44271,"position":5},"title":"Alkern annonce des FDES pour l\u2019ensemble de son offre de planelles","date":"26 novembre 2025","format":false,"excerpt":"L\u2019acteur majeur du b\u00e9ton pr\u00e9fabriqu\u00e9 en France, Alkern, continue le d\u00e9ploiement de sa strat\u00e9gie de couverture de FDES certifi\u00e9es, individuelles ou collectives, pour l\u2019int\u00e9gralit\u00e9 de son offre. Apr\u00e8s s\u2019\u00eatre impos\u00e9 comme le premier fabricant fran\u00e7ais \u00e0 proposer des FDES v\u00e9rifi\u00e9es pour ses r\u00e9f\u00e9rences de dalles drainantes en b\u00e9ton, Alkern persiste\u2026","rel":"","context":"Dans &quot;Actualit\u00e9 Entreprises&quot;","img":{"alt_text":"","src":"https:\/\/i2.wp.com\/batimedianews.com\/live\/wp-content\/uploads\/2025\/11\/Alkern-1.jpg?fit=825%2C825&ssl=1&resize=350%2C200","width":350,"height":200},"classes":[]}],"_links":{"self":[{"href":"https:\/\/batimedianews.com\/live\/index.php\/wp-json\/wp\/v2\/posts\/44271"}],"collection":[{"href":"https:\/\/batimedianews.com\/live\/index.php\/wp-json\/wp\/v2\/posts"}],"about":[{"href":"https:\/\/batimedianews.com\/live\/index.php\/wp-json\/wp\/v2\/types\/post"}],"author":[{"embeddable":true,"href":"https:\/\/batimedianews.com\/live\/index.php\/wp-json\/wp\/v2\/users\/41"}],"replies":[{"embeddable":true,"href":"https:\/\/batimedianews.com\/live\/index.php\/wp-json\/wp\/v2\/comments?post=44271"}],"version-history":[{"count":2,"href":"https:\/\/batimedianews.com\/live\/index.php\/wp-json\/wp\/v2\/posts\/44271\/revisions"}],"predecessor-version":[{"id":44326,"href":"https:\/\/batimedianews.com\/live\/index.php\/wp-json\/wp\/v2\/posts\/44271\/revisions\/44326"}],"wp:featuredmedia":[{"embeddable":true,"href":"https:\/\/batimedianews.com\/live\/index.php\/wp-json\/wp\/v2\/media\/44275"}],"wp:attachment":[{"href":"https:\/\/batimedianews.com\/live\/index.php\/wp-json\/wp\/v2\/media?parent=44271"}],"wp:term":[{"taxonomy":"category","embeddable":true,"href":"https:\/\/batimedianews.com\/live\/index.php\/wp-json\/wp\/v2\/categories?post=44271"},{"taxonomy":"post_tag","embeddable":true,"href":"https:\/\/batimedianews.com\/live\/index.php\/wp-json\/wp\/v2\/tags?post=44271"}],"curies":[{"name":"wp","href":"https:\/\/api.w.org\/{rel}","templated":true}]}}