{"id":44286,"date":"2025-04-09T09:52:20","date_gmt":"2025-04-09T07:52:20","guid":{"rendered":"http:\/\/batimedianews.com\/live\/?p=44286"},"modified":"2025-04-09T09:52:22","modified_gmt":"2025-04-09T07:52:22","slug":"placo-enrichit-sa-gamme-de-plafonds-et-solutions-murales-en-laine-de-bois-silvatone-trois-nouveaux-designs-uniques-pour-une-signature-visuelle-forte","status":"publish","type":"post","link":"https:\/\/batimedianews.com\/live\/index.php\/2025\/04\/09\/placo-enrichit-sa-gamme-de-plafonds-et-solutions-murales-en-laine-de-bois-silvatone-trois-nouveaux-designs-uniques-pour-une-signature-visuelle-forte\/","title":{"rendered":"Placo\u00ae enrichit sa gamme de plafonds et solutions murales en laine de bois Silvatone\u00ae : trois nouveaux designs uniques pour une signature visuelle forte"},"content":{"rendered":"\n<div class=\"wp-block-media-text alignwide has-media-on-the-right is-stacked-on-mobile\" style=\"grid-template-columns:auto 40%\"><figure class=\"wp-block-media-text__media\"><img loading=\"lazy\" width=\"720\" height=\"810\" src=\"https:\/\/i1.wp.com\/batimedianews.com\/live\/wp-content\/uploads\/2025\/04\/image-131.png?resize=720%2C810\" alt=\"\" class=\"wp-image-44287 size-full\" srcset=\"https:\/\/i1.wp.com\/batimedianews.com\/live\/wp-content\/uploads\/2025\/04\/image-131.png?w=756&amp;ssl=1 756w, https:\/\/i1.wp.com\/batimedianews.com\/live\/wp-content\/uploads\/2025\/04\/image-131.png?resize=768%2C863&amp;ssl=1 768w, https:\/\/i1.wp.com\/batimedianews.com\/live\/wp-content\/uploads\/2025\/04\/image-131.png?resize=10%2C10&amp;ssl=1 10w, https:\/\/i1.wp.com\/batimedianews.com\/live\/wp-content\/uploads\/2025\/04\/image-131.png?resize=432%2C486&amp;ssl=1 432w, https:\/\/i1.wp.com\/batimedianews.com\/live\/wp-content\/uploads\/2025\/04\/image-131.png?resize=396%2C445&amp;ssl=1 396w, https:\/\/i1.wp.com\/batimedianews.com\/live\/wp-content\/uploads\/2025\/04\/image-131.png?resize=660%2C742&amp;ssl=1 660w\" sizes=\"(max-width: 600px) 91vw, (max-width: 900px) 600px, (max-width: 1060px) 50vw, (max-width: 1200px) 520px, (max-width: 1400px) 43vw, 600px\" data-recalc-dims=\"1\" \/><\/figure><div class=\"wp-block-media-text__content\">\n<p>&nbsp;Les plafonds et les murs sont devenus les terrains de jeu de l\u2019expression architecturale d\u2019un lieu. Afin de d\u00e9multiplier les possibilit\u00e9s cr\u00e9atives des prescripteurs (architectes, architectes d\u2019int\u00e9rieurs, agenceurs et ma\u00eetres d\u2019ouvrages), Placo\u00ae enrichit sa gamme en laine de bois Silvatone\u00ae*, <strong>qui combine esth\u00e9tique contemporaine et performance acoustique<\/strong>. La marque propose ainsi <strong>trois nouveaux motifs uniques sur le march\u00e9 <\/strong>pour toujours plus de personnalisation des espaces :&nbsp;<\/p>\n\n\n\n<ul><li><strong>Silvatone<\/strong><strong>\u00ae <\/strong><strong>Crossline arborant des lignes d\u00e9structur\u00e9es <\/strong>pour donner aux espaces un caract\u00e8re moderne et graphique.&nbsp;<\/li><\/ul>\n\n\n\n<ul><li><strong>Silvatone<\/strong><strong>\u00ae <\/strong><strong>Curveline qui affiche des courbes rainur\u00e9es <\/strong>fluides et harmonieuses.&nbsp;<\/li><\/ul>\n\n\n\n<ul><li><strong>Silvatone<\/strong><strong>\u00ae <\/strong><strong>Decoline avec quatre diff\u00e9rents choix d\u2019intervalles de lignes<\/strong>, \u00e0 combiner ou non, pour dynamiser les espaces et apporter une touche d\u2019originalit\u00e9.&nbsp;<\/li><\/ul>\n\n\n\n<p class=\"has-small-font-size\"><em>&nbsp;Silvatone\u00ae Crossline &#8211; Cr\u00e9dit photo Helene H\u00f8yer Mikkelsen, architecte&nbsp;<\/em><\/p>\n<\/div><\/div>\n\n\n\n<figure class=\"wp-block-image size-full\"><img loading=\"lazy\" width=\"720\" height=\"309\" src=\"https:\/\/i2.wp.com\/batimedianews.com\/live\/wp-content\/uploads\/2025\/04\/image-132.png?resize=720%2C309\" alt=\"\" class=\"wp-image-44288\" srcset=\"https:\/\/i2.wp.com\/batimedianews.com\/live\/wp-content\/uploads\/2025\/04\/image-132.png?w=1554&amp;ssl=1 1554w, https:\/\/i2.wp.com\/batimedianews.com\/live\/wp-content\/uploads\/2025\/04\/image-132.png?resize=768%2C330&amp;ssl=1 768w, https:\/\/i2.wp.com\/batimedianews.com\/live\/wp-content\/uploads\/2025\/04\/image-132.png?resize=432%2C186&amp;ssl=1 432w, https:\/\/i2.wp.com\/batimedianews.com\/live\/wp-content\/uploads\/2025\/04\/image-132.png?resize=396%2C170&amp;ssl=1 396w, https:\/\/i2.wp.com\/batimedianews.com\/live\/wp-content\/uploads\/2025\/04\/image-132.png?resize=1120%2C481&amp;ssl=1 1120w, https:\/\/i2.wp.com\/batimedianews.com\/live\/wp-content\/uploads\/2025\/04\/image-132.png?resize=660%2C284&amp;ssl=1 660w, https:\/\/i2.wp.com\/batimedianews.com\/live\/wp-content\/uploads\/2025\/04\/image-132.png?w=1440 1440w\" sizes=\"(max-width: 600px) 91vw, (max-width: 900px) 600px, (max-width: 1060px) 50vw, (max-width: 1200px) 520px, (max-width: 1400px) 43vw, 600px\" data-recalc-dims=\"1\" \/><\/figure>\n\n\n\n<p>&nbsp;Mis en oeuvre \u00e0 l\u2019horizontale ou \u00e0 la verticale, ces panneaux d\u00e9coratifs en laine de bois (\u00e9pic\u00e9a) sont pl\u00e9biscit\u00e9s pour leur <strong>aspect naturel et textur\u00e9 tendance<\/strong>. Ils magnifient les halls de r\u00e9ception, salles de restaurant, lobbies d\u2019h\u00f4tels, bureaux, salles de r\u00e9union, espaces de coworking\u2026 Ils apportent du cachet et de la singularit\u00e9, permettant d&rsquo;insuffler une identit\u00e9 forte aux b\u00e2timents. Les motifs Silvatone\u00ae Crossline, Curveline et Decoline se d\u00e9clinent en <strong>cinq teintes intemporelles <\/strong>&#8211; bois naturel, blanc, gris clair, gris fonc\u00e9 et noir &#8211; selon le style recherch\u00e9. Ils b\u00e9n\u00e9ficient du classement <strong>A+ pour la Qualit\u00e9 de l\u2019Air Int\u00e9rieur.&nbsp;<\/strong><\/p>\n\n\n\n<p class=\"has-small-font-size\"><em>* La gamme Silvatone\u00ae \u00e9tait d\u00e9j\u00e0 compos\u00e9e du motif Line.&nbsp;<\/em><\/p>\n\n\n\n<p class=\"has-text-color has-medium-font-size\" style=\"color:#1074c6\"><strong>La performance acoustique au rendez-vous&nbsp;<\/strong><\/p>\n\n\n\n<p>Le bruit influence le bien-\u00eatre et l\u2019humeur. En offrant une correction acoustique optimale, avec des valeurs d\u2019absorption acoustiques \u03b1w comprises entre 0,65 et 0,95, les nouveaux designs Silvatone\u00ae garantissent un confort quotidien aux occupants. La r\u00e9verb\u00e9ration sera fortement r\u00e9duite favorisant \u00e9galement une meilleure intelligibilit\u00e9 au niveau des conversations et une meilleure concentration.&nbsp;<\/p>\n\n\n\n<figure class=\"wp-block-image size-full\"><img loading=\"lazy\" width=\"720\" height=\"348\" src=\"https:\/\/i1.wp.com\/batimedianews.com\/live\/wp-content\/uploads\/2025\/04\/image-133.png?resize=720%2C348\" alt=\"\" class=\"wp-image-44289\" srcset=\"https:\/\/i1.wp.com\/batimedianews.com\/live\/wp-content\/uploads\/2025\/04\/image-133.png?w=1554&amp;ssl=1 1554w, https:\/\/i1.wp.com\/batimedianews.com\/live\/wp-content\/uploads\/2025\/04\/image-133.png?resize=768%2C371&amp;ssl=1 768w, https:\/\/i1.wp.com\/batimedianews.com\/live\/wp-content\/uploads\/2025\/04\/image-133.png?resize=432%2C209&amp;ssl=1 432w, https:\/\/i1.wp.com\/batimedianews.com\/live\/wp-content\/uploads\/2025\/04\/image-133.png?resize=396%2C192&amp;ssl=1 396w, https:\/\/i1.wp.com\/batimedianews.com\/live\/wp-content\/uploads\/2025\/04\/image-133.png?resize=1120%2C542&amp;ssl=1 1120w, https:\/\/i1.wp.com\/batimedianews.com\/live\/wp-content\/uploads\/2025\/04\/image-133.png?resize=660%2C319&amp;ssl=1 660w, https:\/\/i1.wp.com\/batimedianews.com\/live\/wp-content\/uploads\/2025\/04\/image-133.png?w=1440 1440w\" sizes=\"(max-width: 600px) 91vw, (max-width: 900px) 600px, (max-width: 1060px) 50vw, (max-width: 1200px) 520px, (max-width: 1400px) 43vw, 600px\" data-recalc-dims=\"1\" \/><figcaption>Silvatone\u00ae Decoline &#8211; Cr\u00e9dit photo Helene H\u00f8yer Mikkelsen, architecte&nbsp;<\/figcaption><\/figure>\n\n\n\n<div class=\"wp-block-media-text alignwide has-media-on-the-right is-stacked-on-mobile\" style=\"grid-template-columns:auto 34%\"><figure class=\"wp-block-media-text__media\"><img loading=\"lazy\" width=\"720\" height=\"534\" src=\"https:\/\/i2.wp.com\/batimedianews.com\/live\/wp-content\/uploads\/2025\/04\/image-134.png?resize=720%2C534\" alt=\"\" class=\"wp-image-44290 size-full\" srcset=\"https:\/\/i2.wp.com\/batimedianews.com\/live\/wp-content\/uploads\/2025\/04\/image-134.png?w=952&amp;ssl=1 952w, https:\/\/i2.wp.com\/batimedianews.com\/live\/wp-content\/uploads\/2025\/04\/image-134.png?resize=768%2C569&amp;ssl=1 768w, https:\/\/i2.wp.com\/batimedianews.com\/live\/wp-content\/uploads\/2025\/04\/image-134.png?resize=432%2C320&amp;ssl=1 432w, https:\/\/i2.wp.com\/batimedianews.com\/live\/wp-content\/uploads\/2025\/04\/image-134.png?resize=396%2C294&amp;ssl=1 396w, https:\/\/i2.wp.com\/batimedianews.com\/live\/wp-content\/uploads\/2025\/04\/image-134.png?resize=660%2C489&amp;ssl=1 660w\" sizes=\"(max-width: 600px) 91vw, (max-width: 900px) 600px, (max-width: 1060px) 50vw, (max-width: 1200px) 520px, (max-width: 1400px) 43vw, 600px\" data-recalc-dims=\"1\" \/><\/figure><div class=\"wp-block-media-text__content\">\n<p class=\"has-text-color has-medium-font-size\" style=\"color:#1074c6\"><strong>Une aisance d\u2019installation&nbsp;<\/strong><\/p>\n\n\n\n<p>Les panneaux sont en bord B, c&rsquo;est \u00e0 dire qu&rsquo;ils se fixent m\u00e9caniquement \u00e0 l&rsquo;aide de vis. Ce type de mise en \u0153uvre permet d&rsquo;avoir un plafond sans ossature visible et sans discontinuit\u00e9 visuelle.\u00a0<\/p>\n<\/div><\/div>\n\n\n\n<p><\/p>\n","protected":false},"excerpt":{"rendered":"<p>&nbsp;Les plafonds et les murs sont devenus les terrains de jeu de l\u2019expression architecturale d\u2019un lieu. Afin de d\u00e9multiplier les possibilit\u00e9s cr\u00e9atives des prescripteurs (architectes, architectes d\u2019int\u00e9rieurs, agenceurs et ma\u00eetres d\u2019ouvrages), Placo\u00ae enrichit sa gamme en laine de bois Silvatone\u00ae*, qui combine esth\u00e9tique contemporaine et performance acoustique. La marque propose ainsi trois nouveaux motifs uniques [&hellip;]<\/p>\n","protected":false},"author":41,"featured_media":44291,"comment_status":"open","ping_status":"open","sticky":true,"template":"","format":"standard","meta":{"spay_email":""},"categories":[3,4,744,94],"tags":[2070],"jetpack_featured_media_url":"https:\/\/i1.wp.com\/batimedianews.com\/live\/wp-content\/uploads\/2025\/04\/Placo_isover.jpg?fit=1513%2C825&ssl=1","jetpack_sharing_enabled":true,"jetpack_likes_enabled":true,"jetpack-related-posts":[{"id":48043,"url":"https:\/\/batimedianews.com\/live\/index.php\/2025\/11\/24\/placo-enrichit-sa-gamme-de-plafonds-rigitone-edge-trois-nouveaux-motifs-celestes-uniques-pour-des-plafonds-inspirants\/","url_meta":{"origin":44286,"position":0},"title":"Placo\u00ae enrichit sa gamme de plafonds Rigitone\u00ae Edge : trois nouveaux motifs c\u00e9lestes uniques pour des plafonds inspirants","date":"24 novembre 2025","format":false,"excerpt":"Au-del\u00e0 de leurs performances techniques, les plafonds sont devenus des \u00e9l\u00e9ments d\u2019expression architecturale \u00e0 part enti\u00e8re, participant \u00e0 l\u2019identit\u00e9 de chaque espace. Pour accompagner les architectes, ma\u00eetres d\u2019ouvrage et entreprises dans leurs projets, Placo\u00ae \u00e9toffe sa gamme Rigitone\u00ae Edge de trois nouveaux motifs uniques inspir\u00e9s des astres : Astra, Nebula\u2026","rel":"","context":"Dans &quot;Actualit\u00e9 Entreprises&quot;","img":{"alt_text":"","src":"https:\/\/i2.wp.com\/batimedianews.com\/live\/wp-content\/uploads\/2025\/11\/placo.jpg?fit=825%2C825&ssl=1&resize=350%2C200","width":350,"height":200},"classes":[]},{"id":10559,"url":"https:\/\/batimedianews.com\/live\/index.php\/2021\/06\/21\/placo-presente-sa-nouvelle-gamme-silvatone-line-des-plafonds-decoratifs-et-acoustiques-pour-embellir-les-espaces\/","url_meta":{"origin":44286,"position":1},"title":"PLACO\u00ae PR\u00c9SENTE SA NOUVELLE GAMME SILVATONE\u00ae LINE : DES PLAFONDS D\u00c9CORATIFS ET ACOUSTIQUES POUR EMBELLIR LES ESPACES !","date":"21 juin 2021","format":false,"excerpt":"Les plafonds sont devenus le th\u00e9\u00e2tre de l\u2019expression architecturale d\u2019un lieu. La nouvelle gamme SILVATONE\u00ae LINE de PLACO\u00ae est imagin\u00e9e pour cr\u00e9er des int\u00e9rieurs graphiques et po\u00e9tiques dans les halls de r\u00e9ception, salles de restaurant, lobbies d\u2019h\u00f4tels, bureaux, salles de r\u00e9unions, espaces de coworking, et m\u00eame dans les logements individuels\u2026","rel":"","context":"Dans &quot;Acoustique&quot;","img":{"alt_text":"","src":"https:\/\/i1.wp.com\/batimedianews.com\/live\/wp-content\/uploads\/2021\/06\/Placo-Article.jpg?fit=512%2C512&ssl=1&resize=350%2C200","width":350,"height":200},"classes":[]},{"id":11209,"url":"https:\/\/batimedianews.com\/live\/index.php\/2021\/07\/26\/isover-placo-et-isonat-associent-leurs-expertises-pour-accompagner-le-developpement-de-la-construction-bois\/","url_meta":{"origin":44286,"position":2},"title":"ISOVER, PLACO\u00ae ET ISONAT ASSOCIENT LEURS EXPERTISES POUR ACCOMPAGNER LE D\u00c9VELOPPEMENT DE LA CONSTRUCTION BOIS","date":"26 juillet 2021","format":false,"excerpt":"\u00a0 \u00a0\u00c0 propos d\u2019ISOVER\u00a0 ISOVER, marque du groupe Saint-Gobain, est le leader mondial des solutions d\u2019isolation durable. Depuis plus de 80 ans, ISOVER porte l\u2019innovation sur l\u2019ensemble de ses march\u00e9s, et d\u00e9veloppe des isolants multi-mat\u00e9riaux pour r\u00e9pondre aux enjeux croissants de bien-\u00eatre, et d\u2019efficacit\u00e9 thermique et acoustique de ses clients.\u2026","rel":"","context":"Dans &quot;Actualit\u00e9 Entreprises&quot;","img":{"alt_text":"","src":"https:\/\/i2.wp.com\/batimedianews.com\/live\/wp-content\/uploads\/2021\/07\/Isover_Placo_Isonat-Article.jpg?fit=512%2C512&ssl=1&resize=350%2C200","width":350,"height":200},"classes":[]},{"id":19059,"url":"https:\/\/batimedianews.com\/live\/index.php\/2022\/04\/15\/placo-et-mathis-presentent-le-systeme-de-plancher-prefabrique-azurtec-et-placo\/","url_meta":{"origin":44286,"position":3},"title":"PLACO et MATHIS pr\u00e9sentent le syst\u00e8me de plancher pr\u00e9fabriqu\u00e9  AZURTEC et PLACO","date":"15 avril 2022","format":false,"excerpt":"\u00a0\u00a0UNE INNOVATION POUR RELEVER LES D\u00c9FIS DE LA CONSTRUCTION BOIS\u00a0 Placo\u00ae ambitionne de devenir un industriel partenaire des nouveaux modes constructifs durables, en s\u2019associant aux comp\u00e9tences d\u2019autres acteurs majeurs de l\u2019\u00e9cosyst\u00e8me du b\u00e2timent. Le pr\u00e9-assemblage hors-site permet d\u2019imaginer des syst\u00e8mes innovants. Sa collaboration avec Mathis, constructeur leader d\u2019ouvrages en bois,\u2026","rel":"","context":"Dans &quot;Actualit\u00e9 Entreprises&quot;","img":{"alt_text":"","src":"https:\/\/i0.wp.com\/batimedianews.com\/live\/wp-content\/uploads\/2022\/04\/Placo-Article.jpg?fit=1080%2C1080&ssl=1&resize=350%2C200","width":350,"height":200},"classes":[]},{"id":7596,"url":"https:\/\/batimedianews.com\/live\/index.php\/2021\/01\/01\/nouvelle-gamme-rigitone-design-pour-des-plafonds-acoustiques-et-esthetiques-en-erp\/","url_meta":{"origin":44286,"position":4},"title":"NOUVELLE GAMME RIGITONE\u00ae DESIGN : POUR DES PLAFONDS ACOUSTIQUES ET ESTH\u00c9TIQUES EN ERP","date":"1 janvier 2021","format":false,"excerpt":"UN SYST\u00c8ME PR\u00caT-\u00c0-POSER POUR L\u2019INSTALLATEUR,\u00a0LIB\u00c9RATEUR DE CR\u00c9ATIVIT\u00c9 POUR L\u2019ARCHITECTE !\u00a0 Cr\u00e9er des espaces agr\u00e9ables dans les bureaux, les open-spaces, les h\u00f4tels, les lieux de restauration, les \u00e9tablissements scolaires, les h\u00f4pitaux, les a\u00e9roports, les gares, les centres commerciaux\u2026, et personnaliser les halls d\u2019accueil de ces ERP, constituent des enjeux cl\u00e9s tant\u2026","rel":"","context":"Dans &quot;Acoustique&quot;","img":{"alt_text":"","src":"https:\/\/i0.wp.com\/batimedianews.com\/live\/wp-content\/uploads\/2020\/12\/image-206.png?fit=652%2C448&ssl=1&resize=350%2C200","width":350,"height":200},"classes":[]},{"id":10075,"url":"https:\/\/batimedianews.com\/live\/index.php\/2021\/05\/27\/placo-enrichit-sa-gamme-de-cloisons-mobiles-placo-modulo-intimite-et-confort-pour-retrouver-la-liberte\/","url_meta":{"origin":44286,"position":5},"title":"PLACO\u00ae ENRICHIT SA GAMME DE CLOISONS MOBILES PLACO\u00ae MODULO : INTIMIT\u00c9 ET CONFORT POUR RETROUVER LA LIBERT\u00c9","date":"27 mai 2021","format":false,"excerpt":"En 2020, PLACO\u00ae \u00e9largissait son champ de comp\u00e9tences en proposant sa premi\u00e8re gamme de cloisons mobiles, PLACO\u00ae MODULO. D\u00e9velopp\u00e9e en r\u00e9action au contexte sanitaire, cette solution est \u00e9galement adapt\u00e9e \u00e0 d\u2019autres besoins. Elle permet de d\u00e9limiter et moduler \u00e0 souhait tous les espaces int\u00e9rieurs, afin de pr\u00e9server l\u2019intimit\u00e9 dans les\u2026","rel":"","context":"Dans &quot;Acoustique&quot;","img":{"alt_text":"","src":"https:\/\/i0.wp.com\/batimedianews.com\/live\/wp-content\/uploads\/2021\/05\/Placo-Article-1.jpg?fit=512%2C512&ssl=1&resize=350%2C200","width":350,"height":200},"classes":[]}],"_links":{"self":[{"href":"https:\/\/batimedianews.com\/live\/index.php\/wp-json\/wp\/v2\/posts\/44286"}],"collection":[{"href":"https:\/\/batimedianews.com\/live\/index.php\/wp-json\/wp\/v2\/posts"}],"about":[{"href":"https:\/\/batimedianews.com\/live\/index.php\/wp-json\/wp\/v2\/types\/post"}],"author":[{"embeddable":true,"href":"https:\/\/batimedianews.com\/live\/index.php\/wp-json\/wp\/v2\/users\/41"}],"replies":[{"embeddable":true,"href":"https:\/\/batimedianews.com\/live\/index.php\/wp-json\/wp\/v2\/comments?post=44286"}],"version-history":[{"count":2,"href":"https:\/\/batimedianews.com\/live\/index.php\/wp-json\/wp\/v2\/posts\/44286\/revisions"}],"predecessor-version":[{"id":44322,"href":"https:\/\/batimedianews.com\/live\/index.php\/wp-json\/wp\/v2\/posts\/44286\/revisions\/44322"}],"wp:featuredmedia":[{"embeddable":true,"href":"https:\/\/batimedianews.com\/live\/index.php\/wp-json\/wp\/v2\/media\/44291"}],"wp:attachment":[{"href":"https:\/\/batimedianews.com\/live\/index.php\/wp-json\/wp\/v2\/media?parent=44286"}],"wp:term":[{"taxonomy":"category","embeddable":true,"href":"https:\/\/batimedianews.com\/live\/index.php\/wp-json\/wp\/v2\/categories?post=44286"},{"taxonomy":"post_tag","embeddable":true,"href":"https:\/\/batimedianews.com\/live\/index.php\/wp-json\/wp\/v2\/tags?post=44286"}],"curies":[{"name":"wp","href":"https:\/\/api.w.org\/{rel}","templated":true}]}}