{"id":44474,"date":"2025-04-17T08:50:45","date_gmt":"2025-04-17T06:50:45","guid":{"rendered":"http:\/\/batimedianews.com\/live\/?p=44474"},"modified":"2025-04-17T08:50:47","modified_gmt":"2025-04-17T06:50:47","slug":"artibat-2025-pleins-phares-sur-les-premieres-tendances-et-les-animations-technologiques-au-service-des-professionnels-du-batiment","status":"publish","type":"post","link":"https:\/\/batimedianews.com\/live\/index.php\/2025\/04\/17\/artibat-2025-pleins-phares-sur-les-premieres-tendances-et-les-animations-technologiques-au-service-des-professionnels-du-batiment\/","title":{"rendered":"ARTIBAT 2025, Pleins phares sur les premi\u00e8res tendances et les animations technologiques au service des professionnels du b\u00e2timent"},"content":{"rendered":"\n<figure class=\"wp-block-image size-full\"><img loading=\"lazy\" width=\"720\" height=\"479\" src=\"https:\/\/i0.wp.com\/batimedianews.com\/live\/wp-content\/uploads\/2025\/04\/image-194.png?resize=720%2C479\" alt=\"\" class=\"wp-image-44475\" srcset=\"https:\/\/i0.wp.com\/batimedianews.com\/live\/wp-content\/uploads\/2025\/04\/image-194.png?w=1296&amp;ssl=1 1296w, https:\/\/i0.wp.com\/batimedianews.com\/live\/wp-content\/uploads\/2025\/04\/image-194.png?resize=768%2C510&amp;ssl=1 768w, https:\/\/i0.wp.com\/batimedianews.com\/live\/wp-content\/uploads\/2025\/04\/image-194.png?resize=432%2C287&amp;ssl=1 432w, https:\/\/i0.wp.com\/batimedianews.com\/live\/wp-content\/uploads\/2025\/04\/image-194.png?resize=396%2C263&amp;ssl=1 396w, https:\/\/i0.wp.com\/batimedianews.com\/live\/wp-content\/uploads\/2025\/04\/image-194.png?resize=1120%2C745&amp;ssl=1 1120w, https:\/\/i0.wp.com\/batimedianews.com\/live\/wp-content\/uploads\/2025\/04\/image-194.png?resize=660%2C439&amp;ssl=1 660w\" sizes=\"(max-width: 600px) 91vw, (max-width: 900px) 600px, (max-width: 1060px) 50vw, (max-width: 1200px) 520px, (max-width: 1400px) 43vw, 600px\" data-recalc-dims=\"1\" \/><\/figure>\n\n\n\n<div class=\"wp-block-group has-background\" style=\"background-color:#e7f3f8\"><div class=\"wp-block-group__inner-container\">\n<p><strong>Plus grand \u00e9v\u00e8nement de la fili\u00e8re construction en 2025, Artibat tiendra sa 20\u00e8me \u00e9dition au Parc des Expositions de Rennes, du 22 au 24 octobre prochains. Malgr\u00e9 un contexte \u00e9conomique incertain, l\u2019incontournable rendez-vous d\u2019affaires des professionnels du BTP (1 000 exposants et 40 000 visiteurs) affiche d\u00e9j\u00e0 plus de 95% de sa surface d\u2019exposition r\u00e9serv\u00e9s \u00e0 6 mois du salon.<\/strong><\/p>\n\n\n\n<p><strong>Le salon de r\u00e9f\u00e9rence Artibat jouera, comme de tradition, pleinement son r\u00f4le de r\u00e9v\u00e9lateur des tendances du b\u00e2timent. Ainsi, les organisateurs d\u2019Artibat annoncent avoir d\u2019ores et d\u00e9j\u00e0 concoct\u00e9 de beaux temps forts pour offrir aux visiteurs en qu\u00eate d\u2019innovations et de prospectives un large panel de solutions pragmatiques.<\/strong><\/p>\n<\/div><\/div>\n\n\n\n<p>En effet, en nouant de multiples partenariats avec des acteurs dont la vision prospective est reconnue et incontest\u00e9e, Artibat s\u2019inscrira une fois de plus au coeur des enjeux des professionnels.<\/p>\n\n\n\n<p>Val\u00e9rie Sfartz, Directrice G\u00e9n\u00e9rale du salon Artibat, le confirme : <em>\u00ab Le monde \u00e9volue. Les technologies, IA et robotique en t\u00eate, ne vont pas remplacer la main de l\u2019homme qui construit, mais certainement s\u2019imposer pour l\u2019accompagner au quotidien, r\u00e9duire la p\u00e9nibilit\u00e9 ou encore permettre de trouver de nouveaux axes de d\u00e9veloppement. L\u2019enjeu de ces animations est d\u2019informer, de sensibiliser les professionnels sur les technologies \u00e0 leur service, pour une profession en lien avec le monde qui l\u2019entoure. \u00bb<\/em><\/p>\n\n\n\n<div class=\"wp-block-image\"><figure class=\"alignleft size-full is-resized\"><img loading=\"lazy\" src=\"https:\/\/i1.wp.com\/batimedianews.com\/live\/wp-content\/uploads\/2025\/04\/image-195.png?resize=172%2C161\" alt=\"\" class=\"wp-image-44476\" width=\"172\" height=\"161\" srcset=\"https:\/\/i1.wp.com\/batimedianews.com\/live\/wp-content\/uploads\/2025\/04\/image-195.png?w=346&amp;ssl=1 346w, https:\/\/i1.wp.com\/batimedianews.com\/live\/wp-content\/uploads\/2025\/04\/image-195.png?resize=768%2C719&amp;ssl=1 768w, https:\/\/i1.wp.com\/batimedianews.com\/live\/wp-content\/uploads\/2025\/04\/image-195.png?resize=10%2C10&amp;ssl=1 10w\" sizes=\"(max-width: 600px) 91vw, (max-width: 900px) 600px, (max-width: 1060px) 50vw, (max-width: 1200px) 520px, (max-width: 1400px) 43vw, 600px\" data-recalc-dims=\"1\" \/><\/figure><\/div>\n\n\n\n<p>Pour ce faire, rendez-vous est donc donn\u00e9 sur la Collab\u2019Zone, un espace immersif de 400 m<sup>2<\/sup> Hall 2\/3, impulsant une vision du b\u00e2timent et du geste, accompagn\u00e9e par des technologies de pointe o\u00f9 robots, intelligence artificielle au service de la fili\u00e8re seront pr\u00e9sent\u00e9s.<\/p>\n\n\n\n<p>De quoi \u00e9veiller et questionner les professionnels sur les usages et d\u00e9bouch\u00e9s actuels comme ceux \u00e0 venir.<\/p>\n\n\n\n<p class=\"has-text-color has-medium-font-size\" style=\"color:#0285bd\"><strong>1- La Collab\u2019Zone : un espace prospectif au service de l\u2019innovation dans le BTP<\/strong><\/p>\n\n\n\n<p>Pour imaginer et structurer ce laboratoire d\u2019id\u00e9es au sein du salon, Artibat s\u2019est tourn\u00e9 vers des partenaires de confiance : Nantes Universit\u00e9 et L\u2019\u00c9cole de design Nantes Atlantique Cette collaboration entre expertises universitaires et cr\u00e9ativit\u00e9 permet d\u2019explorer des approches novatrices pour r\u00e9pondre aux enjeux du BTP.<\/p>\n\n\n\n<p>Un workshop a ainsi \u00e9t\u00e9 organis\u00e9 en immersion avec les \u00e9tudiants en cycle master Digital Design de L\u2019\u00c9cole de design Nantes Atlantique pour explorer des solutions innovantes et accompagner la transition du secteur du BTP dans le digital et la robotique. Apr\u00e8s une phase de r\u00e9flexion approfondie et la s\u00e9lection d\u2019un concept prometteur d\u00e9di\u00e9 \u00e0 la s\u00e9curisation des professionnels en milieu urbain, nomm\u00e9 Plot Safevest, les \u00e9tudiants de l\u2019IUT de Nantes Universit\u00e9 en ont assur\u00e9 l\u2019ing\u00e9nierie.<\/p>\n\n\n\n<figure class=\"wp-block-image size-full is-resized\"><img loading=\"lazy\" src=\"https:\/\/i2.wp.com\/batimedianews.com\/live\/wp-content\/uploads\/2025\/04\/image-196.png?resize=447%2C351\" alt=\"\" class=\"wp-image-44477\" width=\"447\" height=\"351\" srcset=\"https:\/\/i2.wp.com\/batimedianews.com\/live\/wp-content\/uploads\/2025\/04\/image-196.png?w=6754&amp;ssl=1 6754w, https:\/\/i2.wp.com\/batimedianews.com\/live\/wp-content\/uploads\/2025\/04\/image-196.png?resize=768%2C605&amp;ssl=1 768w, https:\/\/i2.wp.com\/batimedianews.com\/live\/wp-content\/uploads\/2025\/04\/image-196.png?resize=432%2C340&amp;ssl=1 432w, https:\/\/i2.wp.com\/batimedianews.com\/live\/wp-content\/uploads\/2025\/04\/image-196.png?resize=396%2C312&amp;ssl=1 396w, https:\/\/i2.wp.com\/batimedianews.com\/live\/wp-content\/uploads\/2025\/04\/image-196.png?resize=1120%2C882&amp;ssl=1 1120w, https:\/\/i2.wp.com\/batimedianews.com\/live\/wp-content\/uploads\/2025\/04\/image-196.png?resize=660%2C520&amp;ssl=1 660w, https:\/\/i2.wp.com\/batimedianews.com\/live\/wp-content\/uploads\/2025\/04\/image-196.png?w=1440 1440w, https:\/\/i2.wp.com\/batimedianews.com\/live\/wp-content\/uploads\/2025\/04\/image-196.png?w=2160 2160w\" sizes=\"(max-width: 600px) 91vw, (max-width: 900px) 600px, (max-width: 1060px) 50vw, (max-width: 1200px) 520px, (max-width: 1400px) 43vw, 600px\" data-recalc-dims=\"1\" \/><\/figure>\n\n\n\n<p>D\u00e9velopp\u00e9 \u00e0 la Halle 6 Ouest, p\u00f4le d\u2019exp\u00e9rimentation d\u00e9di\u00e9 \u00e0 l\u2019innovation, ce projet repose sur un dispositif intelligent associant capteurs et \u00e9quipements de protection. Int\u00e9gr\u00e9s aux plots de chantier, ces capteurs d\u00e9tectent tout mouvement \u00e0 proximit\u00e9 et alertent instantan\u00e9ment les professionnels via des vibrations sur leur gilet. Une solution simple et efficace pour limiter les risques li\u00e9s \u00e0 la cohabitation entre chantiers, pi\u00e9tons et modes de transport doux.<\/p>\n\n\n\n<p>Ce projet a b\u00e9n\u00e9fici\u00e9 de l\u2019expertise technologique de Nantes Universit\u00e9, \u00e9tablissement au c\u0153ur de la recherche d\u2019excellence r\u00e9unissant des acteurs du territoire de renom en innovation et industrie. Les supports de capteurs, con\u00e7us par les \u00e9tudiants en G\u00e9nie M\u00e9canique et Productique \u00e0 l\u2019aide d\u2019un logiciel de CAO, ont \u00e9t\u00e9 imprim\u00e9s en 3D gr\u00e2ce aux technologies de frittage de poudre et de r\u00e9sine, assurant ainsi une adaptation optimale aux environnements urbains et aux chantiers.<\/p>\n\n\n\n<p>Une innovation qui sera d\u00e9voil\u00e9e en avant-premi\u00e8re et qui illustre pleinement le r\u00f4le de catalyseur d\u2019expertises du salon Artibat. Les organisateurs se r\u00e9jouissent que deux grandes institutions, Nantes Universit\u00e9 et L\u2019\u00c9cole de design Nantes Atlantique aient investi du temps et apport\u00e9 leur savoir-faire \u00e0 la r\u00e9solution d\u2019une probl\u00e9matique sp\u00e9cifique \u00e0 la fili\u00e8re du b\u00e2timent sur un enjeu aussi fort que celui de la s\u00e9curit\u00e9 des professionnels.<\/p>\n\n\n\n<figure class=\"wp-block-image size-full\"><img loading=\"lazy\" width=\"720\" height=\"328\" src=\"https:\/\/i2.wp.com\/batimedianews.com\/live\/wp-content\/uploads\/2025\/04\/image-197.png?resize=720%2C328\" alt=\"\" class=\"wp-image-44478\" srcset=\"https:\/\/i2.wp.com\/batimedianews.com\/live\/wp-content\/uploads\/2025\/04\/image-197.png?w=2321&amp;ssl=1 2321w, https:\/\/i2.wp.com\/batimedianews.com\/live\/wp-content\/uploads\/2025\/04\/image-197.png?resize=768%2C350&amp;ssl=1 768w, https:\/\/i2.wp.com\/batimedianews.com\/live\/wp-content\/uploads\/2025\/04\/image-197.png?resize=432%2C197&amp;ssl=1 432w, https:\/\/i2.wp.com\/batimedianews.com\/live\/wp-content\/uploads\/2025\/04\/image-197.png?resize=396%2C181&amp;ssl=1 396w, https:\/\/i2.wp.com\/batimedianews.com\/live\/wp-content\/uploads\/2025\/04\/image-197.png?resize=1120%2C511&amp;ssl=1 1120w, https:\/\/i2.wp.com\/batimedianews.com\/live\/wp-content\/uploads\/2025\/04\/image-197.png?resize=660%2C301&amp;ssl=1 660w, https:\/\/i2.wp.com\/batimedianews.com\/live\/wp-content\/uploads\/2025\/04\/image-197.png?w=1440 1440w, https:\/\/i2.wp.com\/batimedianews.com\/live\/wp-content\/uploads\/2025\/04\/image-197.png?w=2160 2160w\" sizes=\"(max-width: 600px) 91vw, (max-width: 900px) 600px, (max-width: 1060px) 50vw, (max-width: 1200px) 520px, (max-width: 1400px) 43vw, 600px\" data-recalc-dims=\"1\" \/><figcaption>Dispositif Plot Safevest<\/figcaption><\/figure>\n\n\n\n<div class=\"wp-block-group has-background\" style=\"background-color:#fdeee3\"><div class=\"wp-block-group__inner-container\">\n<div class=\"wp-block-image\"><figure class=\"alignleft size-full is-resized\"><img loading=\"lazy\" src=\"https:\/\/i0.wp.com\/batimedianews.com\/live\/wp-content\/uploads\/2025\/04\/image-198.png?resize=206%2C185\" alt=\"\" class=\"wp-image-44479\" width=\"206\" height=\"185\" srcset=\"https:\/\/i0.wp.com\/batimedianews.com\/live\/wp-content\/uploads\/2025\/04\/image-198.png?w=534&amp;ssl=1 534w, https:\/\/i0.wp.com\/batimedianews.com\/live\/wp-content\/uploads\/2025\/04\/image-198.png?resize=768%2C690&amp;ssl=1 768w, https:\/\/i0.wp.com\/batimedianews.com\/live\/wp-content\/uploads\/2025\/04\/image-198.png?resize=10%2C10&amp;ssl=1 10w, https:\/\/i0.wp.com\/batimedianews.com\/live\/wp-content\/uploads\/2025\/04\/image-198.png?resize=432%2C388&amp;ssl=1 432w, https:\/\/i0.wp.com\/batimedianews.com\/live\/wp-content\/uploads\/2025\/04\/image-198.png?resize=396%2C356&amp;ssl=1 396w\" sizes=\"(max-width: 600px) 91vw, (max-width: 900px) 600px, (max-width: 1060px) 50vw, (max-width: 1200px) 520px, (max-width: 1400px) 43vw, 600px\" data-recalc-dims=\"1\" \/><\/figure><\/div>\n\n\n\n<p>Christophe Binetruy, Vice-Pr\u00e9sident Halle 6 Ouest &#8211; Nantes Universit\u00e9 : <em>\u00ab Par sa participation au salon ARTIBAT, Nantes Universit\u00e9 souhaite mettre en lumi\u00e8re l\u2019excellence de la recherche men\u00e9e en g\u00e9nie civil et construction. \u00c0 travers ces projets collaboratifs innovants impliquant \u00e9tudiants et partenaires locaux, et ces projets de recherche au rayonnement international pr\u00e9sent\u00e9s sur le salon, Nantes Universit\u00e9 soutient son territoire et accompagne les professionnels dans l\u2019\u00e9volution de leurs m\u00e9tiers, notamment en mati\u00e8re de transition vers le digital, d\u2019accessibilit\u00e9, d\u2019inclusivit\u00e9 et de d\u00e9veloppement durable. \u00bb<\/em><\/p>\n<\/div><\/div>\n\n\n\n<div class=\"wp-block-group has-background\" style=\"background-color:#fdeee3\"><div class=\"wp-block-group__inner-container\">\n<div class=\"wp-block-image\"><figure class=\"alignleft size-full is-resized\"><img loading=\"lazy\" src=\"https:\/\/i0.wp.com\/batimedianews.com\/live\/wp-content\/uploads\/2025\/04\/image-199.png?resize=209%2C139\" alt=\"\" class=\"wp-image-44481\" width=\"209\" height=\"139\" srcset=\"https:\/\/i0.wp.com\/batimedianews.com\/live\/wp-content\/uploads\/2025\/04\/image-199.png?w=601&amp;ssl=1 601w, https:\/\/i0.wp.com\/batimedianews.com\/live\/wp-content\/uploads\/2025\/04\/image-199.png?resize=768%2C511&amp;ssl=1 768w, https:\/\/i0.wp.com\/batimedianews.com\/live\/wp-content\/uploads\/2025\/04\/image-199.png?resize=432%2C288&amp;ssl=1 432w, https:\/\/i0.wp.com\/batimedianews.com\/live\/wp-content\/uploads\/2025\/04\/image-199.png?resize=396%2C264&amp;ssl=1 396w\" sizes=\"(max-width: 600px) 91vw, (max-width: 900px) 600px, (max-width: 1060px) 50vw, (max-width: 1200px) 520px, (max-width: 1400px) 43vw, 600px\" data-recalc-dims=\"1\" \/><\/figure><\/div>\n\n\n\n<p>Florent Orsoni, Directeur Prospective et Professionnalisation \u00e0 L\u2019\u00c9cole de design Nantes Atlantique, souligne :<em> \u00ab Ce projet illustre parfaitement le r\u00f4le du design dans l\u2019innovation technologique. En associant une approche centr\u00e9e sur l\u2019utilisateur aux possibilit\u00e9s offertes par la robotique et la fabrication num\u00e9rique, les \u00e9tudiants ont con\u00e7u une solution pragmatique et imm\u00e9diatement applicable. C\u2019est une d\u00e9monstration concr\u00e8te de la mani\u00e8re dont le design peut accompagner la transformation des m\u00e9tiers du b\u00e2timent. \u00bb<\/em><\/p>\n<\/div><\/div>\n\n\n\n<p>Ainsi, dans la Collab\u2019Zone, les visiteurs auront l\u2019opportunit\u00e9 d\u2019explorer les derni\u00e8res avanc\u00e9es technologiques alliant robotique et mat\u00e9riaux biosourc\u00e9s. Ces innovations, issues des laboratoires de Nantes Universit\u00e9, refl\u00e8tent tout le dynamisme de la recherche dans ces domaines :<\/p>\n\n\n\n<ul><li>Un robot capable d\u2019imprimer de la terre crue, adapt\u00e9e aux exigences de la construction, d\u00e9velopp\u00e9 en partie \u00e0 la Halle 6 Ouest par le laboratoire LS2N et l\u2019IRDL, dans le cadre du projet ITA (Inclusivit\u00e9 en Terre Additive) avec la soci\u00e9t\u00e9 SAPRENA. (1)<\/li><\/ul>\n\n\n\n<figure class=\"wp-block-image size-full is-resized\"><img loading=\"lazy\" src=\"https:\/\/i0.wp.com\/batimedianews.com\/live\/wp-content\/uploads\/2025\/04\/image-200.png?resize=486%2C301\" alt=\"\" class=\"wp-image-44482\" width=\"486\" height=\"301\" srcset=\"https:\/\/i0.wp.com\/batimedianews.com\/live\/wp-content\/uploads\/2025\/04\/image-200.png?w=766&amp;ssl=1 766w, https:\/\/i0.wp.com\/batimedianews.com\/live\/wp-content\/uploads\/2025\/04\/image-200.png?resize=768%2C475&amp;ssl=1 768w, https:\/\/i0.wp.com\/batimedianews.com\/live\/wp-content\/uploads\/2025\/04\/image-200.png?resize=432%2C267&amp;ssl=1 432w, https:\/\/i0.wp.com\/batimedianews.com\/live\/wp-content\/uploads\/2025\/04\/image-200.png?resize=396%2C245&amp;ssl=1 396w, https:\/\/i0.wp.com\/batimedianews.com\/live\/wp-content\/uploads\/2025\/04\/image-200.png?resize=660%2C408&amp;ssl=1 660w\" sizes=\"(max-width: 600px) 91vw, (max-width: 900px) 600px, (max-width: 1060px) 50vw, (max-width: 1200px) 520px, (max-width: 1400px) 43vw, 600px\" data-recalc-dims=\"1\" \/><\/figure>\n\n\n\n<ul><li>Un robot \u00e0 c\u00e2ble poseur de briques, illustrant l\u2019automatisation avanc\u00e9e du b\u00e2timent, d\u00e9velopp\u00e9 par le laboratoire LS2N et l\u2019Ecole Centrale de Nantes. (2)<\/li><\/ul>\n\n\n\n<figure class=\"wp-block-image size-full is-resized\"><img loading=\"lazy\" src=\"https:\/\/i2.wp.com\/batimedianews.com\/live\/wp-content\/uploads\/2025\/04\/image-201.png?resize=483%2C580\" alt=\"\" class=\"wp-image-44483\" width=\"483\" height=\"580\" srcset=\"https:\/\/i2.wp.com\/batimedianews.com\/live\/wp-content\/uploads\/2025\/04\/image-201.png?w=766&amp;ssl=1 766w, https:\/\/i2.wp.com\/batimedianews.com\/live\/wp-content\/uploads\/2025\/04\/image-201.png?resize=768%2C922&amp;ssl=1 768w, https:\/\/i2.wp.com\/batimedianews.com\/live\/wp-content\/uploads\/2025\/04\/image-201.png?resize=432%2C519&amp;ssl=1 432w, https:\/\/i2.wp.com\/batimedianews.com\/live\/wp-content\/uploads\/2025\/04\/image-201.png?resize=396%2C476&amp;ssl=1 396w, https:\/\/i2.wp.com\/batimedianews.com\/live\/wp-content\/uploads\/2025\/04\/image-201.png?resize=660%2C793&amp;ssl=1 660w\" sizes=\"(max-width: 600px) 91vw, (max-width: 900px) 600px, (max-width: 1060px) 50vw, (max-width: 1200px) 520px, (max-width: 1400px) 43vw, 600px\" data-recalc-dims=\"1\" \/><\/figure>\n\n\n\n<p>Ces deux animations, pr\u00e9sent\u00e9es par des chercheurs sp\u00e9cialis\u00e9s de Nantes Universit\u00e9 permettront aux visiteurs d\u2019\u00e9changer sur le concept, la r\u00e9alisation et l\u2019ing\u00e9nierie des projets, ainsi que sur leurs domaines d\u2019application.<\/p>\n\n\n\n<div class=\"wp-block-group has-background\" style=\"background-color:#e2f0f6\"><div class=\"wp-block-group__inner-container\">\n<p>Dans une volont\u00e9 d\u2019enrichir l\u2019offre pr\u00e9sent\u00e9e aux visiteurs, les organisateurs du salon ont d\u00e9cid\u00e9 d\u2019int\u00e9grer non seulement des projets innovants en phase de conception, mais \u00e9galement des solutions d\u00e9j\u00e0 commercialis\u00e9es. Cette approche vise \u00e0 proposer un \u00e9ventail plus large d\u2019options aux professionnels en qu\u00eate de solutions concr\u00e8tes et imm\u00e9diatement exploitables.<\/p>\n\n\n\n<p class=\"has-text-color has-medium-font-size\" style=\"color:#0285bd\"><strong>2- La Collab\u2019Zone : des solutions cl\u00e9 en main autour de l\u2019IA et des technologies \u00e9mergentes<\/strong><\/p>\n\n\n\n<p>7 entreprises partenaires viendront pr\u00e9senter leurs solutions innovantes visant \u00e0 am\u00e9liorer la s\u00e9curit\u00e9 des professionnels, r\u00e9duire la p\u00e9nibilit\u00e9 des t\u00e2ches, accro\u00eetre la productivit\u00e9 ou proposer de nouvelles offres \u00e0 leurs clients.<\/p>\n\n\n\n<ul><li><strong>ATOMPEINT: l\u2019imprimante de peinture murale<\/strong><\/li><\/ul>\n\n\n\n<p>ATOMPEINT pr\u00e9sentera son imprimante robotis\u00e9e capable de peindre des motifs g\u00e9n\u00e9r\u00e9s par intelligence artificielle directement sur les murs. Cette technologie permet d\u2019offrir une prestation suppl\u00e9mentaire aux clients, tout en optimisant le travail des professionnels du secteur. <\/p>\n\n\n\n<p><a href=\"https:\/\/www.atompeint.com\/\">https:\/\/www.atompeint.com\/<\/a><\/p>\n\n\n\n<figure class=\"wp-block-image size-full\"><img loading=\"lazy\" width=\"696\" height=\"776\" src=\"https:\/\/i1.wp.com\/batimedianews.com\/live\/wp-content\/uploads\/2025\/04\/image-202.png?resize=696%2C776\" alt=\"\" class=\"wp-image-44484\" srcset=\"https:\/\/i1.wp.com\/batimedianews.com\/live\/wp-content\/uploads\/2025\/04\/image-202.png?w=696&amp;ssl=1 696w, https:\/\/i1.wp.com\/batimedianews.com\/live\/wp-content\/uploads\/2025\/04\/image-202.png?resize=768%2C856&amp;ssl=1 768w, https:\/\/i1.wp.com\/batimedianews.com\/live\/wp-content\/uploads\/2025\/04\/image-202.png?resize=10%2C10&amp;ssl=1 10w, https:\/\/i1.wp.com\/batimedianews.com\/live\/wp-content\/uploads\/2025\/04\/image-202.png?resize=432%2C482&amp;ssl=1 432w, https:\/\/i1.wp.com\/batimedianews.com\/live\/wp-content\/uploads\/2025\/04\/image-202.png?resize=396%2C442&amp;ssl=1 396w, https:\/\/i1.wp.com\/batimedianews.com\/live\/wp-content\/uploads\/2025\/04\/image-202.png?resize=660%2C736&amp;ssl=1 660w\" sizes=\"(max-width: 600px) 91vw, (max-width: 900px) 600px, (max-width: 1060px) 50vw, (max-width: 1200px) 520px, (max-width: 1400px) 43vw, 600px\" data-recalc-dims=\"1\" \/><\/figure>\n<\/div><\/div>\n\n\n\n<div class=\"wp-block-group has-background\" style=\"background-color:#e2f1f8\"><div class=\"wp-block-group__inner-container\">\n<ul><li><strong>LA VITRE : la visioconf\u00e9rence immersive<\/strong><\/li><\/ul>\n\n\n\n<p>Avec son \u00e9cran interactif de taille humaine, les visiteurs pourront tester La Vitre qui facilite la communication \u00e0 distance en offrant une exp\u00e9rience immersive et fluide.<\/p>\n\n\n\n<p>Cette solution a pour but de favoriser la collaboration entre les chantiers et les bureaux d\u2019\u00e9tudes pour r\u00e9duire les d\u00e9placements et optimiser la gestion des projets.<\/p>\n\n\n\n<p><a href=\"https:\/\/lavitre.fr\/\">https:\/\/lavitre.fr\/<\/a><\/p>\n\n\n\n<figure class=\"wp-block-image size-full\"><img loading=\"lazy\" width=\"720\" height=\"384\" src=\"https:\/\/i0.wp.com\/batimedianews.com\/live\/wp-content\/uploads\/2025\/04\/image-203.png?resize=720%2C384\" alt=\"\" class=\"wp-image-44485\" srcset=\"https:\/\/i0.wp.com\/batimedianews.com\/live\/wp-content\/uploads\/2025\/04\/image-203.png?w=1772&amp;ssl=1 1772w, https:\/\/i0.wp.com\/batimedianews.com\/live\/wp-content\/uploads\/2025\/04\/image-203.png?resize=768%2C410&amp;ssl=1 768w, https:\/\/i0.wp.com\/batimedianews.com\/live\/wp-content\/uploads\/2025\/04\/image-203.png?resize=432%2C231&amp;ssl=1 432w, https:\/\/i0.wp.com\/batimedianews.com\/live\/wp-content\/uploads\/2025\/04\/image-203.png?resize=396%2C211&amp;ssl=1 396w, https:\/\/i0.wp.com\/batimedianews.com\/live\/wp-content\/uploads\/2025\/04\/image-203.png?resize=1120%2C598&amp;ssl=1 1120w, https:\/\/i0.wp.com\/batimedianews.com\/live\/wp-content\/uploads\/2025\/04\/image-203.png?resize=660%2C352&amp;ssl=1 660w, https:\/\/i0.wp.com\/batimedianews.com\/live\/wp-content\/uploads\/2025\/04\/image-203.png?w=1440 1440w\" sizes=\"(max-width: 600px) 91vw, (max-width: 900px) 600px, (max-width: 1060px) 50vw, (max-width: 1200px) 520px, (max-width: 1400px) 43vw, 600px\" data-recalc-dims=\"1\" \/><\/figure>\n<\/div><\/div>\n\n\n\n<div class=\"wp-block-group has-background\" style=\"background-color:#e1f2f9\"><div class=\"wp-block-group__inner-container\">\n<ul><li><strong>BPARTNERS IA : l\u2019IA au service de l\u2019entretien des toitures<\/strong><\/li><\/ul>\n\n\n\n<p>\u00c0 destination des couvreurs et des collectivit\u00e9s, ce proc\u00e9d\u00e9 utilise l\u2019intelligence artificielle qui permet d\u2019analyser des images a\u00e9riennes \u00e0 haute r\u00e9solution, notamment dans le domaine de l\u2019entretien et de la r\u00e9paration des toitures. Cette technologie d\u2019analyse d\u2019images a\u00e9riennes orthorectifi\u00e9es permet d\u2019\u00e9valuer l\u2019\u00e9tat des toitures avec une pr\u00e9cision de 5 cm. Cette solution engendre un gain de temps pr\u00e9cieux aux couvreurs en automatisant les diagnostics et en optimisant les devis, tout en \u00e9largissant leur capacit\u00e9 d\u2019intervention.<\/p>\n\n\n\n<p><a href=\"https:\/\/www.bpartners.app\/home\">https:\/\/www.bpartners.app\/home<\/a><\/p>\n\n\n\n<figure class=\"wp-block-image size-full\"><img loading=\"lazy\" width=\"720\" height=\"431\" src=\"https:\/\/i1.wp.com\/batimedianews.com\/live\/wp-content\/uploads\/2025\/04\/image-204.png?resize=720%2C431\" alt=\"\" class=\"wp-image-44486\" srcset=\"https:\/\/i1.wp.com\/batimedianews.com\/live\/wp-content\/uploads\/2025\/04\/image-204.png?w=1772&amp;ssl=1 1772w, https:\/\/i1.wp.com\/batimedianews.com\/live\/wp-content\/uploads\/2025\/04\/image-204.png?resize=768%2C459&amp;ssl=1 768w, https:\/\/i1.wp.com\/batimedianews.com\/live\/wp-content\/uploads\/2025\/04\/image-204.png?resize=432%2C259&amp;ssl=1 432w, https:\/\/i1.wp.com\/batimedianews.com\/live\/wp-content\/uploads\/2025\/04\/image-204.png?resize=396%2C237&amp;ssl=1 396w, https:\/\/i1.wp.com\/batimedianews.com\/live\/wp-content\/uploads\/2025\/04\/image-204.png?resize=1120%2C671&amp;ssl=1 1120w, https:\/\/i1.wp.com\/batimedianews.com\/live\/wp-content\/uploads\/2025\/04\/image-204.png?resize=660%2C395&amp;ssl=1 660w, https:\/\/i1.wp.com\/batimedianews.com\/live\/wp-content\/uploads\/2025\/04\/image-204.png?w=1440 1440w\" sizes=\"(max-width: 600px) 91vw, (max-width: 900px) 600px, (max-width: 1060px) 50vw, (max-width: 1200px) 520px, (max-width: 1400px) 43vw, 600px\" data-recalc-dims=\"1\" \/><\/figure>\n<\/div><\/div>\n\n\n\n<div class=\"wp-block-group has-background\" style=\"background-color:#e4f4fb\"><div class=\"wp-block-group__inner-container\">\n<ul><li><strong>CARLITA : r\u00e9duire la p\u00e9nibilit\u00e9 de la pose de carrelage<\/strong><\/li><\/ul>\n\n\n\n<p>La start-up ROBOTILE pr\u00e9sentera ses \u00e9quipements visant \u00e0 r\u00e9duire la p\u00e9nibilit\u00e9 des travaux de pose de carrelage, notamment en grands formats. Elle d\u00e9voilera sur le salon Carlita, un \u00a0\u00bb compagnon carreleur \u00a0\u00bb capable de manipuler et poser des carreaux de mani\u00e8re plus efficace, en am\u00e9liorant le rendement sur chantier tout en limitant les risques de troubles musculo-squelettiques des professionnels.<\/p>\n\n\n\n<p><a href=\"https:\/\/www.robotile.fr\">https:\/\/www.robotile.fr<\/a><\/p>\n\n\n\n<figure class=\"wp-block-image size-large\"><img loading=\"lazy\" width=\"720\" height=\"720\" src=\"https:\/\/i1.wp.com\/batimedianews.com\/live\/wp-content\/uploads\/2025\/04\/image-205.png?resize=720%2C720\" alt=\"\" class=\"wp-image-44487\" srcset=\"https:\/\/i1.wp.com\/batimedianews.com\/live\/wp-content\/uploads\/2025\/04\/image-205.png?resize=1024%2C1024&amp;ssl=1 1024w, https:\/\/i1.wp.com\/batimedianews.com\/live\/wp-content\/uploads\/2025\/04\/image-205.png?resize=600%2C600&amp;ssl=1 600w, https:\/\/i1.wp.com\/batimedianews.com\/live\/wp-content\/uploads\/2025\/04\/image-205.png?resize=300%2C300&amp;ssl=1 300w, https:\/\/i1.wp.com\/batimedianews.com\/live\/wp-content\/uploads\/2025\/04\/image-205.png?resize=1536%2C1536&amp;ssl=1 1536w, https:\/\/i1.wp.com\/batimedianews.com\/live\/wp-content\/uploads\/2025\/04\/image-205.png?resize=2048%2C2048&amp;ssl=1 2048w, https:\/\/i1.wp.com\/batimedianews.com\/live\/wp-content\/uploads\/2025\/04\/image-205.png?resize=10%2C10&amp;ssl=1 10w\" sizes=\"(max-width: 600px) 91vw, (max-width: 900px) 600px, (max-width: 1060px) 50vw, (max-width: 1200px) 520px, (max-width: 1400px) 43vw, 600px\" data-recalc-dims=\"1\" \/><\/figure>\n<\/div><\/div>\n\n\n\n<ul><li><strong>PACO : le robot assistant des peintres professionnels<\/strong><\/li><\/ul>\n\n\n\n<p>PACO, un robot au service des peintres. Une innovation \u00e0 d\u00e9couvrir qui a pour ambition de r\u00e9duire la charge physique des artisans peintres tout en am\u00e9liorant leur productivit\u00e9. Con\u00e7u par Les Companions, ce robot, au bras articul\u00e9 atteignant 3,5 m\u00e8tres, automatise jusqu\u2019\u00e0 85 % des travaux de peinture en r\u00e9novation. Une premi\u00e8re \u00e9tape pour cette Startup qui lance son premier financement participatif et qui projette de perfectionner son robot vers les travaux de pon\u00e7age et de finition.<\/p>\n\n\n\n<figure class=\"wp-block-embed is-type-wp-embed is-provider-les-companions wp-block-embed-les-companions\"><div class=\"wp-block-embed__wrapper\">\n<blockquote class=\"wp-embedded-content\" data-secret=\"bvmpxEMvyh\"><a href=\"https:\/\/lescompanions.com\/\">HOME<\/a><\/blockquote><iframe class=\"wp-embedded-content\" sandbox=\"allow-scripts\" security=\"restricted\" style=\"position: absolute; clip: rect(1px, 1px, 1px, 1px);\" title=\"&#8220;HOME&#8221; &#8212; Les Companions\" src=\"https:\/\/lescompanions.com\/embed\/#?secret=NouYfKKjoR#?secret=bvmpxEMvyh\" data-secret=\"bvmpxEMvyh\" width=\"600\" height=\"338\" frameborder=\"0\" marginwidth=\"0\" marginheight=\"0\" scrolling=\"no\"><\/iframe>\n<\/div><\/figure>\n\n\n\n<figure class=\"wp-block-image size-full\"><img loading=\"lazy\" width=\"720\" height=\"701\" src=\"https:\/\/i0.wp.com\/batimedianews.com\/live\/wp-content\/uploads\/2025\/04\/image-207.png?resize=720%2C701\" alt=\"\" class=\"wp-image-44489\" srcset=\"https:\/\/i0.wp.com\/batimedianews.com\/live\/wp-content\/uploads\/2025\/04\/image-207.png?w=946&amp;ssl=1 946w, https:\/\/i0.wp.com\/batimedianews.com\/live\/wp-content\/uploads\/2025\/04\/image-207.png?resize=768%2C747&amp;ssl=1 768w, https:\/\/i0.wp.com\/batimedianews.com\/live\/wp-content\/uploads\/2025\/04\/image-207.png?resize=10%2C10&amp;ssl=1 10w, https:\/\/i0.wp.com\/batimedianews.com\/live\/wp-content\/uploads\/2025\/04\/image-207.png?resize=432%2C421&amp;ssl=1 432w, https:\/\/i0.wp.com\/batimedianews.com\/live\/wp-content\/uploads\/2025\/04\/image-207.png?resize=396%2C386&amp;ssl=1 396w, https:\/\/i0.wp.com\/batimedianews.com\/live\/wp-content\/uploads\/2025\/04\/image-207.png?resize=660%2C643&amp;ssl=1 660w\" sizes=\"(max-width: 600px) 91vw, (max-width: 900px) 600px, (max-width: 1060px) 50vw, (max-width: 1200px) 520px, (max-width: 1400px) 43vw, 600px\" data-recalc-dims=\"1\" \/><\/figure>\n\n\n\n<div class=\"wp-block-group has-background\" style=\"background-color:#e6f3f9\"><div class=\"wp-block-group__inner-container\">\n<ul><li><strong>SISYFBOTS : porte-outils pour robots collaboratifs<\/strong><\/li><\/ul>\n\n\n\n<p>\u00c0 tester sur le salon, un porte-outil destin\u00e9 aux robots collaboratifs. Le porte-outil est utilis\u00e9 pour attacher et adapter des outils sp\u00e9cifiques aux bras robotiques pour faciliter des t\u00e2ches comme l\u2019assemblage, le vissage ou encore la manutention.<\/p>\n\n\n\n<p>Ce porte-outil compatible avec les Robots Universal Robots permet une flexibilit\u00e9 dans les usages au gr\u00e9 des t\u00e2ches p\u00e9nibles ou r\u00e9p\u00e9titives \u00e0 ex\u00e9cuter.<\/p>\n\n\n\n<p><a href=\"https:\/\/www.sisyfbots.co\/\">https:\/\/www.sisyfbots.co\/<\/a><\/p>\n\n\n\n<figure class=\"wp-block-image size-full\"><img loading=\"lazy\" width=\"720\" height=\"401\" src=\"https:\/\/i0.wp.com\/batimedianews.com\/live\/wp-content\/uploads\/2025\/04\/image-208.png?resize=720%2C401\" alt=\"\" class=\"wp-image-44490\" srcset=\"https:\/\/i0.wp.com\/batimedianews.com\/live\/wp-content\/uploads\/2025\/04\/image-208.png?w=1772&amp;ssl=1 1772w, https:\/\/i0.wp.com\/batimedianews.com\/live\/wp-content\/uploads\/2025\/04\/image-208.png?resize=768%2C428&amp;ssl=1 768w, https:\/\/i0.wp.com\/batimedianews.com\/live\/wp-content\/uploads\/2025\/04\/image-208.png?resize=432%2C241&amp;ssl=1 432w, https:\/\/i0.wp.com\/batimedianews.com\/live\/wp-content\/uploads\/2025\/04\/image-208.png?resize=396%2C221&amp;ssl=1 396w, https:\/\/i0.wp.com\/batimedianews.com\/live\/wp-content\/uploads\/2025\/04\/image-208.png?resize=1120%2C624&amp;ssl=1 1120w, https:\/\/i0.wp.com\/batimedianews.com\/live\/wp-content\/uploads\/2025\/04\/image-208.png?resize=660%2C368&amp;ssl=1 660w, https:\/\/i0.wp.com\/batimedianews.com\/live\/wp-content\/uploads\/2025\/04\/image-208.png?w=1440 1440w\" sizes=\"(max-width: 600px) 91vw, (max-width: 900px) 600px, (max-width: 1060px) 50vw, (max-width: 1200px) 520px, (max-width: 1400px) 43vw, 600px\" data-recalc-dims=\"1\" \/><\/figure>\n<\/div><\/div>\n\n\n\n<ul><li><strong>SECURISPOT : d\u00e9tection des situations \u00e0 risque<\/strong><\/li><\/ul>\n\n\n\n<p>L\u2019intelligence artificielle se met au service de la pr\u00e9vention, voici ce que FastPoint viendra pr\u00e9senter aux visiteurs curieux de tester cette innovation.<\/p>\n\n\n\n<p>Ce syst\u00e8me d\u2019alerte pour pr\u00e9venir les accidents sur les chantiers d\u00e9tecte les situations dangereuses (non-port du casque, homme \u00e0 terre, intrusions, etc.) et g\u00e9n\u00e8re des alertes en temps r\u00e9el pour am\u00e9liorer la s\u00e9curit\u00e9 des travailleurs.<\/p>\n\n\n\n<p><a href=\"https:\/\/www.fast-point.net\/fr\">https:\/\/www.fast-point.net\/fr<\/a><\/p>\n\n\n\n<figure class=\"wp-block-image size-full\"><img loading=\"lazy\" width=\"720\" height=\"480\" src=\"https:\/\/i1.wp.com\/batimedianews.com\/live\/wp-content\/uploads\/2025\/04\/image-209.png?resize=720%2C480\" alt=\"\" class=\"wp-image-44491\" srcset=\"https:\/\/i1.wp.com\/batimedianews.com\/live\/wp-content\/uploads\/2025\/04\/image-209.png?w=2400&amp;ssl=1 2400w, https:\/\/i1.wp.com\/batimedianews.com\/live\/wp-content\/uploads\/2025\/04\/image-209.png?resize=768%2C512&amp;ssl=1 768w, https:\/\/i1.wp.com\/batimedianews.com\/live\/wp-content\/uploads\/2025\/04\/image-209.png?resize=432%2C288&amp;ssl=1 432w, https:\/\/i1.wp.com\/batimedianews.com\/live\/wp-content\/uploads\/2025\/04\/image-209.png?resize=396%2C264&amp;ssl=1 396w, https:\/\/i1.wp.com\/batimedianews.com\/live\/wp-content\/uploads\/2025\/04\/image-209.png?resize=1120%2C747&amp;ssl=1 1120w, https:\/\/i1.wp.com\/batimedianews.com\/live\/wp-content\/uploads\/2025\/04\/image-209.png?resize=660%2C440&amp;ssl=1 660w, https:\/\/i1.wp.com\/batimedianews.com\/live\/wp-content\/uploads\/2025\/04\/image-209.png?w=1440 1440w, https:\/\/i1.wp.com\/batimedianews.com\/live\/wp-content\/uploads\/2025\/04\/image-209.png?w=2160 2160w\" sizes=\"(max-width: 600px) 91vw, (max-width: 900px) 600px, (max-width: 1060px) 50vw, (max-width: 1200px) 520px, (max-width: 1400px) 43vw, 600px\" data-recalc-dims=\"1\" \/><\/figure>\n\n\n\n<p><strong>\u00c0 suivre<\/strong> : une oeuvre majeure, sous le pilotage de Nantes Universit\u00e9 et de ses nombreux partenaires viendra compl\u00e9ter la Collab\u2019Zone. Un symbole o\u00f9 la puissance du travailler ensemble permet la r\u00e9alisation de projets d\u2019envergure&#8230;<\/p>\n","protected":false},"excerpt":{"rendered":"<p>En effet, en nouant de multiples partenariats avec des acteurs dont la vision prospective est reconnue et incontest\u00e9e, Artibat s\u2019inscrira une fois de plus au coeur des enjeux des professionnels. Val\u00e9rie Sfartz, Directrice G\u00e9n\u00e9rale du salon Artibat, le confirme : \u00ab Le monde \u00e9volue. Les technologies, IA et robotique en t\u00eate, ne vont pas remplacer [&hellip;]<\/p>\n","protected":false},"author":41,"featured_media":44493,"comment_status":"open","ping_status":"open","sticky":true,"template":"","format":"standard","meta":{"spay_email":""},"categories":[4,5],"tags":[2635],"jetpack_featured_media_url":"https:\/\/i0.wp.com\/batimedianews.com\/live\/wp-content\/uploads\/2025\/04\/Artibat.jpg?fit=1513%2C825&ssl=1","jetpack_sharing_enabled":true,"jetpack_likes_enabled":true,"jetpack-related-posts":[{"id":24832,"url":"https:\/\/batimedianews.com\/live\/index.php\/2022\/11\/16\/artibat-2023-un-millesime-tres-prometteur-et-au-plus-proche-des-professionnels\/","url_meta":{"origin":44474,"position":0},"title":"ARTIBAT 2023 : un mill\u00e9sime tr\u00e8s prometteur et au plus proche des professionnels","date":"16 novembre 2022","format":false,"excerpt":"Avec 80 % de la surface d\u2019exposition occup\u00e9e \u00e0 un an de sa 18\u00e8me \u00e9dition et des secteurs d\u2019ores et d\u00e9j\u00e0 quasi complets, le salon des territoires ARTIBAT, port\u2002 par la CAPEB Pays de La Loire, confirme sa vocation de v\u00e9ritable plate-forme d\u2019\u00e9changes et d\u2019affaires, en prise directe avec les\u2026","rel":"","context":"Dans &quot;accessibilit\u00e9 Universelle&quot;","img":{"alt_text":"","src":"https:\/\/i1.wp.com\/batimedianews.com\/live\/wp-content\/uploads\/2022\/11\/Artibat-Article.jpg?fit=1080%2C1080&ssl=1&resize=350%2C200","width":350,"height":200},"classes":[]},{"id":40890,"url":"https:\/\/batimedianews.com\/live\/index.php\/2024\/10\/25\/artibat-deja-un-nouveau-record-annonce-pour-la-20e-edition-qui-se-tiendra-les-22-23-et-24-octobre-2025\/","url_meta":{"origin":44474,"position":1},"title":"ARTIBAT : d\u00e9j\u00e0 un nouveau record annonc\u00e9 pour la 20e \u00e9dition qui se tiendra les 22, 23 et 24 octobre 2025","date":"25 octobre 2024","format":false,"excerpt":"\u00a0En d\u00e9pit des nouveaux d\u00e9fis \u00e0 relever pour les acteurs de la construction, ARTIBAT, r\u00e9v\u00e9lateur des tendances du b\u00e2timent organis\u00e9 par la CAPEB Pays-de-Loire, confirme s\u2019imposer en valeur s\u00fbre alliant, comme toujours, business, rencontres qualitatives et sensibilisation aux grandes tendances \u00e0 venir.\u00a0 Rendez-vous d\u2019affaires incontournable des professionnels fran\u00e7ais du BTP\u2026","rel":"","context":"Dans &quot;Actualit\u00e9 Entreprises&quot;","img":{"alt_text":"","src":"https:\/\/i0.wp.com\/batimedianews.com\/live\/wp-content\/uploads\/2024\/10\/Artibat.jpg?fit=825%2C825&ssl=1&resize=350%2C200","width":350,"height":200},"classes":[]},{"id":2842,"url":"https:\/\/batimedianews.com\/live\/index.php\/2019\/09\/26\/17eme-edition-du-salon-artibat-les-21-22-23-octobre-2020\/","url_meta":{"origin":44474,"position":2},"title":"17\u00e8me \u00e9dition du Salon ARTIBAT, les 21\/22\/23 octobre 2020","date":"26 septembre 2019","format":false,"excerpt":"Dynamique confirm\u00e9e pour l\u2019\u00e9v\u00e9nement f\u00e9d\u00e9rateur national de la fili\u00e8re BTP en 2020 Salon de r\u00e9f\u00e9rence et d\u2019affaires f\u00e9d\u00e9rant tous les deux ans les acteurs de la fili\u00e8re BTP, ARTIBAT s\u2019impose autant par sa dimension nationale due \u00e0 la pluralit\u00e9 et l\u2019envergure de ses exposants, que par les affaires g\u00e9n\u00e9r\u00e9es et\u2026","rel":"","context":"Dans &quot;Artibat 2020&quot;","img":{"alt_text":"","src":"https:\/\/i1.wp.com\/batimedianews.com\/live\/wp-content\/uploads\/2019\/09\/artibat6.jpg?fit=937%2C937&ssl=1&resize=350%2C200","width":350,"height":200},"classes":[]},{"id":12700,"url":"https:\/\/batimedianews.com\/live\/index.php\/2021\/10\/08\/sto-present-au-salon-artibat\/","url_meta":{"origin":44474,"position":3},"title":"Sto pr\u00e9sent au salon Artibat","date":"8 octobre 2021","format":false,"excerpt":"Rendez-vous Hall 10B - stand G21 pour parler \u00e9l\u00e9ments d\u00e9coratifs de fa\u00e7ade et formation des artisans La 17\u00e8me\u00a0\u00e9dition du Salon ARTIBAT, Salon de la Construction et des Travaux Publics approche \u00e0 grands pas\u00a0! Elle se tiendra Parc des Expositions de Rennes du 13 au 15 octobre 2021.Organis\u00e9 par la \u00a0CAPEB\u2026","rel":"","context":"Dans &quot;Actualit\u00e9 Entreprises&quot;","img":{"alt_text":"","src":"https:\/\/i2.wp.com\/batimedianews.com\/live\/wp-content\/uploads\/2021\/10\/sto-Article.jpg?fit=512%2C512&ssl=1&resize=350%2C200","width":350,"height":200},"classes":[]},{"id":11670,"url":"https:\/\/batimedianews.com\/live\/index.php\/2021\/09\/01\/la-filiere-btp-se-donne-rendez-vous-sur-artibat-en-octobre\/","url_meta":{"origin":44474,"position":4},"title":"La fili\u00e8re BTP se donne rendez-vous sur ARTIBAT en octobre","date":"1 septembre 2021","format":false,"excerpt":"\u00a0Ev\u00e9nement majeur de la rentr\u00e9e pour tous les acteurs de la fili\u00e8re BTP, la 17\u00e8me \u00e9dition du Salon ARTIBAT, qui se tiendra \u00e0 Rennes les 13, 14 et 15 octobre prochains, s\u2019annonce d\u2019ores et d\u00e9j\u00e0 exceptionnelle. Synonyme de rencontres et d\u2019affaires, ARTIBAT, le salon des territoires, s\u2019impose \u00e9galement comme une\u2026","rel":"","context":"Dans &quot;Actualit\u00e9 Entreprises&quot;","img":{"alt_text":"","src":"https:\/\/i2.wp.com\/batimedianews.com\/live\/wp-content\/uploads\/2021\/09\/1-ARTIBAT-2021_Nouveautes.jpg?fit=849%2C567&ssl=1&resize=350%2C200","width":350,"height":200},"classes":[]},{"id":47301,"url":"https:\/\/batimedianews.com\/live\/index.php\/2025\/10\/09\/heidelberg-materials-expose-au-salon-artibat-2025-des-solutions-innovantes-pour-une-construction-plus-durable\/","url_meta":{"origin":44474,"position":5},"title":"Heidelberg Materials expose au Salon Artibat 2025 : des solutions innovantes pour une construction plus durable","date":"9 octobre 2025","format":false,"excerpt":"Heidelberg Materials participera au Salon Artibat 2025, qui se tiendra \u00e0 Rennes du 22 au 24 octobre prochains. Sur son espace situ\u00e9 Hall 10 A, Stand D41, l\u2019industriel pr\u00e9sentera trois offres phares incarnant son engagement pour une construction durable :la gamme evoBuild, regroupant des solutions \u00e0 faible empreinte carbone et\/ou\u2026","rel":"","context":"Dans &quot;Actualit\u00e9 Entreprises&quot;","img":{"alt_text":"","src":"https:\/\/i0.wp.com\/batimedianews.com\/live\/wp-content\/uploads\/2025\/10\/heidelberg.jpg?fit=825%2C825&ssl=1&resize=350%2C200","width":350,"height":200},"classes":[]}],"_links":{"self":[{"href":"https:\/\/batimedianews.com\/live\/index.php\/wp-json\/wp\/v2\/posts\/44474"}],"collection":[{"href":"https:\/\/batimedianews.com\/live\/index.php\/wp-json\/wp\/v2\/posts"}],"about":[{"href":"https:\/\/batimedianews.com\/live\/index.php\/wp-json\/wp\/v2\/types\/post"}],"author":[{"embeddable":true,"href":"https:\/\/batimedianews.com\/live\/index.php\/wp-json\/wp\/v2\/users\/41"}],"replies":[{"embeddable":true,"href":"https:\/\/batimedianews.com\/live\/index.php\/wp-json\/wp\/v2\/comments?post=44474"}],"version-history":[{"count":3,"href":"https:\/\/batimedianews.com\/live\/index.php\/wp-json\/wp\/v2\/posts\/44474\/revisions"}],"predecessor-version":[{"id":44555,"href":"https:\/\/batimedianews.com\/live\/index.php\/wp-json\/wp\/v2\/posts\/44474\/revisions\/44555"}],"wp:featuredmedia":[{"embeddable":true,"href":"https:\/\/batimedianews.com\/live\/index.php\/wp-json\/wp\/v2\/media\/44493"}],"wp:attachment":[{"href":"https:\/\/batimedianews.com\/live\/index.php\/wp-json\/wp\/v2\/media?parent=44474"}],"wp:term":[{"taxonomy":"category","embeddable":true,"href":"https:\/\/batimedianews.com\/live\/index.php\/wp-json\/wp\/v2\/categories?post=44474"},{"taxonomy":"post_tag","embeddable":true,"href":"https:\/\/batimedianews.com\/live\/index.php\/wp-json\/wp\/v2\/tags?post=44474"}],"curies":[{"name":"wp","href":"https:\/\/api.w.org\/{rel}","templated":true}]}}