{"id":44534,"date":"2025-04-17T08:29:02","date_gmt":"2025-04-17T06:29:02","guid":{"rendered":"http:\/\/batimedianews.com\/live\/?p=44534"},"modified":"2025-04-17T08:29:05","modified_gmt":"2025-04-17T06:29:05","slug":"avec-sa-nouvelle-plateforme-logistique-edilians-tech-deploie-une-panoplie-de-services-pour-les-negoces-et-les-professionnels","status":"publish","type":"post","link":"https:\/\/batimedianews.com\/live\/index.php\/2025\/04\/17\/avec-sa-nouvelle-plateforme-logistique-edilians-tech-deploie-une-panoplie-de-services-pour-les-negoces-et-les-professionnels\/","title":{"rendered":"Avec sa nouvelle plateforme logistique, EDILIANS TECH d\u00e9ploie une panoplie de services pour les n\u00e9goces et les professionnels"},"content":{"rendered":"\n<div class=\"wp-block-group\"><div class=\"wp-block-group__inner-container\">\n<div class=\"wp-block-group has-sm-light-primary-color has-text-color has-background\" style=\"background-color:#5231bd\"><div class=\"wp-block-group__inner-container\">\n<p>S\u2019appuyant sur son savoir-faire historique dans le profilage et le pliage \u00e0 fa\u00e7on, EDILIANS TECH, la filiale solaire et composants d\u2019Edilians, propose une large gamme de produits et syst\u00e8mes pour l\u2019enveloppe du b\u00e2timent.&nbsp;<\/p>\n\n\n\n<p>Outre son activit\u00e9 industrielle, son site de La Talaudi\u00e8re (42) se distingue par une toute nouvelle plateforme logistique sur laquelle transitent ses plus de 5.000 r\u00e9f\u00e9rences sur 4 gammes de produits : accessoires techniques de toiture, profil\u00e9s de fa\u00e7ade pour bardage, sous enduit hydraulique et ITE, eaux pluviales et \u00e9tanch\u00e9it\u00e9 \u00e0 l\u2019air.&nbsp;<\/p>\n\n\n\n<p>EDILIANS TECH d\u00e9ploie une offre de service unique pour un industriel, destin\u00e9e aux n\u00e9goces et aux artisans.&nbsp;<\/p>\n<\/div><\/div>\n\n\n\n<figure class=\"wp-block-image size-full\"><img loading=\"lazy\" width=\"720\" height=\"406\" src=\"https:\/\/i0.wp.com\/batimedianews.com\/live\/wp-content\/uploads\/2025\/04\/image-237.png?resize=720%2C406\" alt=\"\" class=\"wp-image-44535\" srcset=\"https:\/\/i0.wp.com\/batimedianews.com\/live\/wp-content\/uploads\/2025\/04\/image-237.png?w=1206&amp;ssl=1 1206w, https:\/\/i0.wp.com\/batimedianews.com\/live\/wp-content\/uploads\/2025\/04\/image-237.png?resize=768%2C433&amp;ssl=1 768w, https:\/\/i0.wp.com\/batimedianews.com\/live\/wp-content\/uploads\/2025\/04\/image-237.png?resize=432%2C244&amp;ssl=1 432w, https:\/\/i0.wp.com\/batimedianews.com\/live\/wp-content\/uploads\/2025\/04\/image-237.png?resize=396%2C223&amp;ssl=1 396w, https:\/\/i0.wp.com\/batimedianews.com\/live\/wp-content\/uploads\/2025\/04\/image-237.png?resize=1120%2C632&amp;ssl=1 1120w, https:\/\/i0.wp.com\/batimedianews.com\/live\/wp-content\/uploads\/2025\/04\/image-237.png?resize=660%2C372&amp;ssl=1 660w\" sizes=\"(max-width: 600px) 91vw, (max-width: 900px) 600px, (max-width: 1060px) 50vw, (max-width: 1200px) 520px, (max-width: 1400px) 43vw, 600px\" data-recalc-dims=\"1\" \/><\/figure>\n\n\n\n<p class=\"has-text-color has-medium-font-size\" style=\"color:#588fa6\">Un investissement de 2 millions d\u2019euros pour une logistique am\u00e9lior\u00e9e<\/p>\n<\/div><\/div>\n\n\n\n<p>Avec une surface logistique augment\u00e9e de 2.000 m<sup>2<\/sup>, des emplacements additionnels de stockage une vaste zone de picking, ainsi que 4 quais de chargement suppl\u00e9mentaires, la nouvelle plateforme d\u2019EDILIANS TECH a n\u00e9cessit\u00e9 un investissement de 2 millions d\u2019euros. Op\u00e9rationnelle depuis le 1er janvier 2025, elle vise \u00e0 am\u00e9liorer la qualit\u00e9 de service et \u00e0 renforcer la satisfaction des professionnels gr\u00e2ce \u00e0 :<\/p>\n\n\n\n<ul><li>3 nouvelles gammes stock\u00e9es et d\u00e9sormais centralis\u00e9es sur le site de La Talaudi\u00e8re : Fixation (crochets) et s\u00e9curit\u00e9, Ventilation de l\u2019habitat (mangoustes) et Etanch\u00e9it\u00e9 \u00e0 l\u2019air, incluant les solutions Edilians, DuPontTM Tyvek\u00ae et AirGuard\u00ae,<\/li><li>la possibilit\u00e9 de se faire livrer des commandes panach\u00e9es parmi des milliers de r\u00e9f\u00e9rence en stock,&nbsp;<\/li><\/ul>\n\n\n\n<ul><li>un franco de port comp\u00e9titif (sup\u00e9rieur \u00e0 1.200 ou 3.000 \u20ac HT selon la typologie de produit), avec des produits exp\u00e9di\u00e9s dans un conditionnement de qualit\u00e9.<\/li><\/ul>\n\n\n\n<p>Cet investissement illustre la volont\u00e9 d\u2019EDILIANS TECH de toujours mieux accompagner et r\u00e9pondre pleinement aux attentes des professionnels, notamment celles des distributeurs aupr\u00e8s desquels EDILIANS TECH fait la promotion de sa plateforme \u00e0 l\u2019occasion d\u2019une op\u00e9ration sp\u00e9ciale composants.<\/p>\n\n\n\n<figure class=\"wp-block-image size-full\"><img loading=\"lazy\" width=\"720\" height=\"205\" src=\"https:\/\/i2.wp.com\/batimedianews.com\/live\/wp-content\/uploads\/2025\/04\/image-238.png?resize=720%2C205\" alt=\"\" class=\"wp-image-44536\" srcset=\"https:\/\/i2.wp.com\/batimedianews.com\/live\/wp-content\/uploads\/2025\/04\/image-238.png?w=1598&amp;ssl=1 1598w, https:\/\/i2.wp.com\/batimedianews.com\/live\/wp-content\/uploads\/2025\/04\/image-238.png?resize=768%2C218&amp;ssl=1 768w, https:\/\/i2.wp.com\/batimedianews.com\/live\/wp-content\/uploads\/2025\/04\/image-238.png?resize=432%2C123&amp;ssl=1 432w, https:\/\/i2.wp.com\/batimedianews.com\/live\/wp-content\/uploads\/2025\/04\/image-238.png?resize=396%2C113&amp;ssl=1 396w, https:\/\/i2.wp.com\/batimedianews.com\/live\/wp-content\/uploads\/2025\/04\/image-238.png?resize=1120%2C318&amp;ssl=1 1120w, https:\/\/i2.wp.com\/batimedianews.com\/live\/wp-content\/uploads\/2025\/04\/image-238.png?resize=660%2C188&amp;ssl=1 660w, https:\/\/i2.wp.com\/batimedianews.com\/live\/wp-content\/uploads\/2025\/04\/image-238.png?w=1440 1440w\" sizes=\"(max-width: 600px) 91vw, (max-width: 900px) 600px, (max-width: 1060px) 50vw, (max-width: 1200px) 520px, (max-width: 1400px) 43vw, 600px\" data-recalc-dims=\"1\" \/><\/figure>\n\n\n\n<p class=\"has-text-color has-medium-font-size\" style=\"color:#588fa6\">\u00ab Vous avez la r\u00e9f\u2019 ? \u00bb, une op\u00e9ration commerciale \u00e0 destination des n\u00e9goces<\/p>\n\n\n\n<p>Depuis le 1er avril et jusqu\u2019au 30 juin 2025, EDILIANS TECH lance un grand concours d\u00e9di\u00e9 aux n\u00e9goces afin de valoriser sa nouvelle plateforme logistique et leur faire d\u00e9couvrir l\u2019\u00e9tendue des r\u00e9f\u00e9rences qui y sont disponibles. Intitul\u00e9 \u00ab Vous avez la r\u00e9f\u2019 ? \u00bb, ce fil rouge fait non seulement le parall\u00e8le \u00e0 EDILIANS comme marque incontournable mais aussi \u00e0 la largeur de l\u2019offre du site de La Talaudi\u00e8re et de la facilit\u00e9 de grouper ses achats de composants de toiture et fa\u00e7ade.<\/p>\n\n\n\n<p>Pour toute commande de produits \u00e9ligibles \u00e0 l\u2019op\u00e9ration (accessoires techniques de toiture, fa\u00e7ade, eaux pluviales, \u00e9tanch\u00e9it\u00e9 \u00e0 l\u2019air), les trois points de vente n\u00e9goce r\u00e9alisant les chiffres d\u2019affaires les plus \u00e9lev\u00e9s, sur la p\u00e9riode, gagneront une animation food truck. Deux autres agences, parmi celles ayant atteint le seuil de chiffre d\u2019affaire qualificatif, seront tir\u00e9es au sort pour remporter \u00e9galement ce lot. Du 15 septembre au 31 octobre, les n\u00e9goces laur\u00e9ats pourront ainsi partager avec leurs clients un moment convivial sign\u00e9 EDILIANS TECH.<\/p>\n\n\n\n<p class=\"has-text-color has-medium-font-size\" style=\"color:#588fa6\">D\u00e9pann\u2019Tech : un service de livraison en 48 \u00e0 72 heures !<\/p>\n\n\n\n<p>Pour les professionnels ayant besoin d\u2019un d\u00e9pannage rapide, EDILIANS TECH lance D\u00e9pann\u2019Tech, un service de livraison rapide pour toutes les r\u00e9f\u00e9rences tenues en stock sur le site de La Talaudi\u00e8re et r\u00e9pondant aux exigences de la livraison par messagerie express. Simple et efficace pour ne jamais \u00eatre \u00e0 court de mat\u00e9riaux, D\u00e9pann\u2019Tech se d\u00e9cline en deux options :<\/p>\n\n\n\n<p>. un colis standard avec trois paliers de poids (10, 20 et 30 kg) et un volume de colis limit\u00e9, \u00e0 un tarif comp\u00e9titif allant de 15 \u00e0 25\u20ac,<\/p>\n\n\n\n<p>. un colis sp\u00e9cial ou multi-colis avec un poids pouvant aller jusqu\u2019\u00e0 100 kg au prix attractif de 60\u20ac.<\/p>\n\n\n\n<p>Une seule condition : envoyer la commande avant 12h00 avec la mention D\u00e9pann\u2019Tech en objet du mail pour se faire livrer de 48 \u00e0 72h apr\u00e8s validation.<\/p>\n\n\n\n<p class=\"has-text-color\" style=\"color:#588fa6\"><em><strong>Avec un grand nombre de r\u00e9f\u00e9rences, une mixit\u00e9 de produits sans \u00e9quivalence et une offre logistique am\u00e9lior\u00e9e pour tous les professionnels du b\u00e2timent, EDILIANS TECH b\u00e9n\u00e9ficie d\u2019un positionnement unique sur le march\u00e9.<\/strong><\/em><\/p>\n\n\n\n<p class=\"has-text-color has-small-font-size\" style=\"color:#588fa6\"><em><strong>A propos d\u2019EDILIANS TECH :&nbsp;<\/strong><\/em><\/p>\n\n\n\n<p class=\"has-small-font-size\">EDILIANS TECH, filiale solaire et composants d\u2019Edilians.<\/p>\n\n\n\n<p class=\"has-text-color has-small-font-size\" style=\"color:#588fa6\"><em><strong>A propos d\u2019EDILIANS :&nbsp;<\/strong><\/em><\/p>\n\n\n\n<p class=\"has-small-font-size\">Edilians est une marque de r\u00e9f\u00e9rence pour les toitures en terre cuite, la r\u00e9novation \u00e9nerg\u00e9tique et le solaire photovolta\u00efque. Expert de la toiture en France au travers de ses 9 appellations de terroirs depuis 1811, et pionnier de la tuile solaire photovolta\u00efque universelle depuis 2002, Edilians cr\u00e9e aujourd\u2019hui des solutions de toitures innovantes et durables au coeur de l\u2019\u00e9co-habitat.<\/p>\n\n\n\n<p class=\"has-small-font-size\">Edilians fait partie d\u2019EDILIANS GROUP<\/p>\n\n\n\n<p class=\"has-small-font-size\">Acteur europ\u00e9en de r\u00e9f\u00e9rence dans la construction et la r\u00e9novation des enveloppes du b\u00e2timent, EDILIANS Group s\u2019appuie sur 4 marques leaders dans les solutions de toitures innovantes et le solaire photovolta\u00efque au coeur de l\u2019\u00e9co-habitat : EDILIANS, LA ESCANDELLA, UMBELINO MONTEIRO et TEJAS BORJA.<\/p>\n\n\n\n<p class=\"has-small-font-size\">Fort de son ancrage local en France, EDILIANS GROUP rayonne \u00e9galement en Espagne et au Portugal, distribuant ainsi ses produits dans plus de 100 pays.<\/p>\n\n\n\n<p class=\"has-small-font-size\">Chiffres clefs Edilians Group :<\/p>\n\n\n\n<ul class=\"has-small-font-size\"><li>\u2022 1700 collaborateurs<\/li><li>\u2022 +500 M\u20ac de CA en 2024<\/li><li>\u2022 17 sites industriels<\/li><li>\u2022 4 marques commerciales<\/li><\/ul>\n","protected":false},"excerpt":{"rendered":"<p>Avec une surface logistique augment\u00e9e de 2.000 m2, des emplacements additionnels de stockage une vaste zone de picking, ainsi que 4 quais de chargement suppl\u00e9mentaires, la nouvelle plateforme d\u2019EDILIANS TECH a n\u00e9cessit\u00e9 un investissement de 2 millions d\u2019euros. Op\u00e9rationnelle depuis le 1er janvier 2025, elle vise \u00e0 am\u00e9liorer la qualit\u00e9 de service et \u00e0 renforcer [&hellip;]<\/p>\n","protected":false},"author":41,"featured_media":44537,"comment_status":"open","ping_status":"open","sticky":true,"template":"","format":"standard","meta":{"spay_email":""},"categories":[4,80,1304],"tags":[],"jetpack_featured_media_url":"https:\/\/i0.wp.com\/batimedianews.com\/live\/wp-content\/uploads\/2025\/04\/Edilians.jpg?fit=1513%2C825&ssl=1","jetpack_sharing_enabled":true,"jetpack_likes_enabled":true,"jetpack-related-posts":[{"id":32949,"url":"https:\/\/batimedianews.com\/live\/index.php\/2023\/11\/14\/engage-pour-un-avenir-durable-edilians-group-publie-la-2eme-edition-de-son-rapport-rse-aux-couleurs-de-sa-nouvelle-identite-visuelle\/","url_meta":{"origin":44534,"position":0},"title":"Engag\u00e9 pour un avenir durable, EDILIANS Group publie la 2\u00e8me \u00e9dition de son rapport RSE aux couleurs de sa nouvelle identit\u00e9 visuelle","date":"14 novembre 2023","format":false,"excerpt":"Hier leader de la tuile terre cuite en France et pionnier de la tuile photovolta\u00efque, Edilians Group poursuit son d\u00e9veloppement. Au fil de ses diff\u00e9rentes acquisitions en France, en Espagne et au Portugal, il est devenu un acteur europ\u00e9en de l\u2019\u00e9co-habitat qui se donne pour mission de d\u00e9velopper des solutions\u2026","rel":"","context":"Dans &quot;Actualit\u00e9 Entreprises&quot;","img":{"alt_text":"","src":"https:\/\/i2.wp.com\/batimedianews.com\/live\/wp-content\/uploads\/2023\/11\/Edilians-Image-articles-.jpg?fit=825%2C825&ssl=1&resize=350%2C200","width":350,"height":200},"classes":[]},{"id":29159,"url":"https:\/\/batimedianews.com\/live\/index.php\/2023\/06\/10\/pour-venir-en-aide-aux-particuliers-sinistres-par-les-intemperies-edilians-lance-sos-toiture\/","url_meta":{"origin":44534,"position":1},"title":"Pour venir en aide aux particuliers sinistr\u00e9s par les intemp\u00e9ries, EDILIANS lance \u00ab SOS Toiture \u00bb","date":"10 juin 2023","format":false,"excerpt":"Fortement ancr\u00e9 sur le territoire au travers de ses 14 usines qui ma\u00eetrisent parfaitement les singularit\u00e9s de chaque r\u00e9gion, c\u2019est tout naturellement qu\u2019EDILIANS a souhait\u00e9 accompagner ses partenaires couvreurs et leurs clients particuliers touch\u00e9s par ces catastrophes naturelles. Apr\u00e8s avoir test\u00e9 et approuv\u00e9 le dispositif dans les d\u00e9partements les plus\u2026","rel":"","context":"Dans &quot;Batimaison&quot;","img":{"alt_text":"","src":"https:\/\/i1.wp.com\/batimedianews.com\/live\/wp-content\/uploads\/2023\/06\/image-edilians-.png?fit=1200%2C1200&ssl=1&resize=350%2C200","width":350,"height":200},"classes":[]},{"id":45215,"url":"https:\/\/batimedianews.com\/live\/index.php\/2025\/06\/02\/edilians-complete-sa-gamme-daccessoires-pour-tuiles-plates-avec-deux-nouvelles-lanternes-ideales-pour-allier-rapidite-de-pose-et-elegance-sur-les-chantiers\/","url_meta":{"origin":44534,"position":2},"title":"EDILIANS compl\u00e8te sa gamme d\u2019accessoires pour tuiles plates avec deux nouvelles lanternes, id\u00e9ales pour allier rapidit\u00e9 de pose et \u00e9l\u00e9gance sur les chantiers","date":"2 juin 2025","format":false,"excerpt":"\u00a0S\u2019attachant \u00e0 porter une attention particuli\u00e8re \u00e0 l\u2019esth\u00e9tique d\u2019une toiture jusque dans les moindres d\u00e9tails, EDILIANS a \u00e0 c\u0153ur de d\u00e9velopper des produits vari\u00e9s pour r\u00e9aliser des finitions toujours plus abouties. Marque de r\u00e9f\u00e9rence de la toiture terre cuite en France, elle enrichit aujourd\u2019hui sa gamme d\u2019accessoires et de lanternes\u2026","rel":"","context":"Dans &quot;Actualit\u00e9 Entreprises&quot;","img":{"alt_text":"","src":"https:\/\/i1.wp.com\/batimedianews.com\/live\/wp-content\/uploads\/2025\/05\/Edilians.jpg?fit=825%2C825&ssl=1&resize=350%2C200","width":350,"height":200},"classes":[]},{"id":34480,"url":"https:\/\/batimedianews.com\/live\/index.php\/2024\/01\/23\/pour-aider-les-couvreurs-a-developper-leur-activite-et-conquerir-le-marche-du-photovoltaique-edilians-signe-un-partenariat-inedit-avec-april-construction\/","url_meta":{"origin":44534,"position":3},"title":"Pour aider les couvreurs \u00e0 d\u00e9velopper leur activit\u00e9 et conqu\u00e9rir le march\u00e9 du photovolta\u00efque,  EDILIANS signe un partenariat in\u00e9dit avec APRIL Construction","date":"23 janvier 2024","format":false,"excerpt":"Pour faire face \u00e0 l\u2019inflation et r\u00e9aliser des \u00e9conomies d\u2019\u00e9nergie sur leur facture d\u2019\u00e9lectricit\u00e9, les particuliers se tournent de plus en plus vers l\u2019\u00e9nergie solaire. Cet engouement devrait se traduire par de nouvelles installations photovolta\u00efques, jusqu\u2019\u00e0 207.000 par an d\u2019ici 2030 dans le r\u00e9sidentiel*.\u00a0 Disposant d\u2019une large gamme solaire photovolta\u00efque,\u2026","rel":"","context":"Dans &quot;Actualit\u00e9 Entreprises&quot;","img":{"alt_text":"","src":"https:\/\/i1.wp.com\/batimedianews.com\/live\/wp-content\/uploads\/2024\/01\/Edilians.jpg?fit=825%2C825&ssl=1&resize=350%2C200","width":350,"height":200},"classes":[]},{"id":38205,"url":"https:\/\/batimedianews.com\/live\/index.php\/2024\/06\/18\/lors-de-batimat-2024-doremi-et-edilians-sassocient-une-nouvelle-fois-pour-promouvoir-les-bonnes-pratiques-de-renovation-performante-des-toitures\/","url_meta":{"origin":44534,"position":4},"title":"Lors de BATIMAT 2024, Dor\u00e9mi et Edilians s\u2019associent une nouvelle fois pour promouvoir les bonnes pratiques de r\u00e9novation performante des toitures","date":"18 juin 2024","format":false,"excerpt":"Face \u00e0 un cadre r\u00e9glementaire ind\u00e9cis quant au dispositif MaPrimeR\u00e9nov, le nombre de r\u00e9novations \u00e9nerg\u00e9tiques r\u00e9alis\u00e9es a baiss\u00e9 de 43 % par rapport \u00e0 la m\u00eame p\u00e9riode en 2023, selon les donn\u00e9es de l\u2019ANAH. M\u00eame si les conditions d\u2019\u00e9ligibilit\u00e9 ont \u00e9t\u00e9 assouplies depuis le 15 mai dernier, celles-ci n\u2019\u00e9tant en\u2026","rel":"","context":"Dans &quot;Actualit\u00e9 Entreprises&quot;","img":{"alt_text":"","src":"https:\/\/i1.wp.com\/batimedianews.com\/live\/wp-content\/uploads\/2024\/06\/Edilians-articles-.jpg?fit=825%2C825&ssl=1&resize=350%2C200","width":350,"height":200},"classes":[]},{"id":14511,"url":"https:\/\/batimedianews.com\/live\/index.php\/2021\/12\/20\/bouyer-leroux-edilians-et-terreal-sallient-pour-la-valorisation-des-terres-de-chantier-du-metro-de-toulouse\/","url_meta":{"origin":44534,"position":5},"title":"BOUYER LEROUX, EDILIANS et TERREAL s\u2019allient pour la valorisation des terres de chantier du m\u00e9tro de Toulouse","date":"20 d\u00e9cembre 2021","format":false,"excerpt":"Les entreprises BOUYER LEROUX, EDILIANS et TERREAL, leaders de la terre cuite en France, ont r\u00e9pondu \u00e0 un Appel \u00e0 Manifestation d\u2019Int\u00e9r\u00eat lanc\u00e9 par TISSEO-INGENIERIE pour la valorisation des d\u00e9blais de chantier issus de la troisi\u00e8me ligne du m\u00e9tro toulousain et de sa connexion \u00e0 la Ligne B. Poss\u00e9dant des\u2026","rel":"","context":"Dans &quot;Actualit\u00e9 Entreprises&quot;","img":{"alt_text":"","src":"https:\/\/i2.wp.com\/batimedianews.com\/live\/wp-content\/uploads\/2021\/12\/Terreal-Article.jpg?fit=512%2C512&ssl=1&resize=350%2C200","width":350,"height":200},"classes":[]}],"_links":{"self":[{"href":"https:\/\/batimedianews.com\/live\/index.php\/wp-json\/wp\/v2\/posts\/44534"}],"collection":[{"href":"https:\/\/batimedianews.com\/live\/index.php\/wp-json\/wp\/v2\/posts"}],"about":[{"href":"https:\/\/batimedianews.com\/live\/index.php\/wp-json\/wp\/v2\/types\/post"}],"author":[{"embeddable":true,"href":"https:\/\/batimedianews.com\/live\/index.php\/wp-json\/wp\/v2\/users\/41"}],"replies":[{"embeddable":true,"href":"https:\/\/batimedianews.com\/live\/index.php\/wp-json\/wp\/v2\/comments?post=44534"}],"version-history":[{"count":2,"href":"https:\/\/batimedianews.com\/live\/index.php\/wp-json\/wp\/v2\/posts\/44534\/revisions"}],"predecessor-version":[{"id":44547,"href":"https:\/\/batimedianews.com\/live\/index.php\/wp-json\/wp\/v2\/posts\/44534\/revisions\/44547"}],"wp:featuredmedia":[{"embeddable":true,"href":"https:\/\/batimedianews.com\/live\/index.php\/wp-json\/wp\/v2\/media\/44537"}],"wp:attachment":[{"href":"https:\/\/batimedianews.com\/live\/index.php\/wp-json\/wp\/v2\/media?parent=44534"}],"wp:term":[{"taxonomy":"category","embeddable":true,"href":"https:\/\/batimedianews.com\/live\/index.php\/wp-json\/wp\/v2\/categories?post=44534"},{"taxonomy":"post_tag","embeddable":true,"href":"https:\/\/batimedianews.com\/live\/index.php\/wp-json\/wp\/v2\/tags?post=44534"}],"curies":[{"name":"wp","href":"https:\/\/api.w.org\/{rel}","templated":true}]}}