{"id":44539,"date":"2025-04-17T08:22:17","date_gmt":"2025-04-17T06:22:17","guid":{"rendered":"http:\/\/batimedianews.com\/live\/?p=44539"},"modified":"2025-04-17T08:22:19","modified_gmt":"2025-04-17T06:22:19","slug":"lancement-de-la-nouvelle-application-bosch-easyscan-trouver-et-acheter-ses-pieces-detachees-bosch-et-elm-leblanc-en-quelques-clics","status":"publish","type":"post","link":"https:\/\/batimedianews.com\/live\/index.php\/2025\/04\/17\/lancement-de-la-nouvelle-application-bosch-easyscan-trouver-et-acheter-ses-pieces-detachees-bosch-et-elm-leblanc-en-quelques-clics\/","title":{"rendered":"Lancement de la nouvelle application Bosch EasyScan : Trouver et acheter ses pi\u00e8ces d\u00e9tach\u00e9es Bosch et elm.leblanc en quelques clics !"},"content":{"rendered":"\n<p>La proximit\u00e9 client est une force historique de Bosch Home Comfort (marques Bosch et elm.leblanc). Sp\u00e9cialiste du confort thermique, l\u2019entreprise renforce ses engagements aupr\u00e8s des artisans installateurs et des distributeurs en poursuivant le d\u00e9veloppement de ses outils digitaux. La nouvelle application Bosch EasyScan, d\u00e9velopp\u00e9e en interne par le groupe, en est une illustration concr\u00e8te. Elle est t\u00e9l\u00e9chargeable sur App Store et Google Play. <strong>Gratuite et accessible sans cr\u00e9ation de compte<\/strong>, elle permet de <strong>trouver facilement des pi\u00e8ces de rechange, d\u2019acc\u00e9der \u00e0 une mine d\u2019informations sur celles-ci, et de passer commande rapidement<\/strong>.&nbsp;<\/p>\n\n\n\n<div class=\"wp-block-media-text alignwide has-media-on-the-right is-stacked-on-mobile\" style=\"grid-template-columns:auto 26%\"><figure class=\"wp-block-media-text__media\"><img loading=\"lazy\" width=\"700\" height=\"1514\" src=\"https:\/\/i0.wp.com\/batimedianews.com\/live\/wp-content\/uploads\/2025\/04\/image-239.png?resize=700%2C1514\" alt=\"\" class=\"wp-image-44540 size-full\" srcset=\"https:\/\/i0.wp.com\/batimedianews.com\/live\/wp-content\/uploads\/2025\/04\/image-239.png?w=700&amp;ssl=1 700w, https:\/\/i0.wp.com\/batimedianews.com\/live\/wp-content\/uploads\/2025\/04\/image-239.png?resize=768%2C1661&amp;ssl=1 768w, https:\/\/i0.wp.com\/batimedianews.com\/live\/wp-content\/uploads\/2025\/04\/image-239.png?resize=432%2C934&amp;ssl=1 432w, https:\/\/i0.wp.com\/batimedianews.com\/live\/wp-content\/uploads\/2025\/04\/image-239.png?resize=396%2C856&amp;ssl=1 396w, https:\/\/i0.wp.com\/batimedianews.com\/live\/wp-content\/uploads\/2025\/04\/image-239.png?resize=660%2C1427&amp;ssl=1 660w\" sizes=\"(max-width: 600px) 91vw, (max-width: 900px) 600px, (max-width: 1060px) 50vw, (max-width: 1200px) 520px, (max-width: 1400px) 43vw, 600px\" data-recalc-dims=\"1\" \/><\/figure><div class=\"wp-block-media-text__content\">\n<p class=\"has-sm-color-tertiary-color has-text-color has-medium-font-size\"><strong>Une recherche simple et compl\u00e8te&nbsp;<\/strong><\/p>\n\n\n\n<p>La recherche s\u2019effectue simplement depuis la page d\u2019accueil, soit en indiquant le nom de la pi\u00e8ce ou le num\u00e9ro de la r\u00e9f\u00e9rence, soit en scannant le QR code appos\u00e9 sur l\u2019appareil (chaudi\u00e8re, PAC\u2026) ou le code-barre inscrit sur la pi\u00e8ce \u00e0 remplacer. Une fois la pi\u00e8ce s\u00e9lectionn\u00e9e, le professionnel a acc\u00e8s \u00e0 une multitude d\u2019informations : <strong>code article, prix, photo du produit, cas d\u2019emploi, notices d\u2019installation, r\u00e9paration et entretien, poids, r\u00e9f\u00e9rence de remplacement si celle-ci n\u2019est plus commercialis\u00e9e\u2026 <\/strong>Il obtient \u00e9galement une <strong>vue \u00e9clat\u00e9e de l\u2019appareil int\u00e9grant la pi\u00e8ce d\u00e9tach\u00e9e demand\u00e9e<\/strong>.&nbsp;<\/p>\n\n\n\n<p>Avec l\u2019application Bosch EasyScan, l\u2019artisan ou le distributeur a tout \u00e0 port\u00e9e de main. Il peut consulter le catalogue interactif, cr\u00e9er des listes \u00ab Favoris \u00bb et visualiser son historique de recherche, toujours dans cette volont\u00e9 de faciliter au maximum le quotidien des professionnels.&nbsp;<\/p>\n<\/div><\/div>\n\n\n\n<div class=\"wp-block-media-text alignwide has-media-on-the-right is-stacked-on-mobile\" style=\"grid-template-columns:auto 26%\"><figure class=\"wp-block-media-text__media\"><img loading=\"lazy\" width=\"454\" height=\"1000\" src=\"https:\/\/i1.wp.com\/batimedianews.com\/live\/wp-content\/uploads\/2025\/04\/image-240.png?resize=454%2C1000\" alt=\"\" class=\"wp-image-44541 size-full\" srcset=\"https:\/\/i1.wp.com\/batimedianews.com\/live\/wp-content\/uploads\/2025\/04\/image-240.png?w=454&amp;ssl=1 454w, https:\/\/i1.wp.com\/batimedianews.com\/live\/wp-content\/uploads\/2025\/04\/image-240.png?resize=768%2C1691&amp;ssl=1 768w, https:\/\/i1.wp.com\/batimedianews.com\/live\/wp-content\/uploads\/2025\/04\/image-240.png?resize=432%2C952&amp;ssl=1 432w, https:\/\/i1.wp.com\/batimedianews.com\/live\/wp-content\/uploads\/2025\/04\/image-240.png?resize=396%2C872&amp;ssl=1 396w\" sizes=\"(max-width: 600px) 91vw, (max-width: 900px) 600px, (max-width: 1060px) 50vw, (max-width: 1200px) 520px, (max-width: 1400px) 43vw, 600px\" data-recalc-dims=\"1\" \/><\/figure><div class=\"wp-block-media-text__content\">\n<p class=\"has-sm-color-tertiary-color has-text-color has-medium-font-size\"><strong>Une commande en quelques clics&nbsp;<\/strong><\/p>\n\n\n\n<p>Une fois toutes les r\u00e9f\u00e9rences ajout\u00e9es \u00e0 son panier, le professionnel dispose de trois options pour passer sa commande :&nbsp;<\/p>\n\n\n\n<ul><li><strong>par e-mail <\/strong>en envoyant son panier au service commandes de Bosch Home Comfort \u00e0 l\u2019adresse elm.commandes@fr.bosch.com,&nbsp;<\/li><li><strong>par t\u00e9l\u00e9phone <\/strong>en contactant le service commandes de Bosch Home Comfort au 0 820 00 3000 (0,12\u20ac\/minute + prix de l\u2019appel),&nbsp;<\/li><li><strong>en ligne <\/strong>en se connectant \u00e0 son compte sur elmLeCube.fr. En 2024, plus de 9 000 commandes de pi\u00e8ces d\u00e9tach\u00e9es ont \u00e9t\u00e9 pass\u00e9es via elmLeCube.fr.&nbsp;<\/li><\/ul>\n\n\n\n<p><strong>Nouveau ! Pour toute commande de pi\u00e8ce d\u00e9tach\u00e9e pass\u00e9e avant 18h00, contre 16h00 auparavant, Bosch Home Comfort garantit la livraison d\u00e8s le lendemain partout en France<\/strong>. Pour les artisans franciliens, une option \u00ab Click &amp; Collect \u00bb permet \u00e9galement de r\u00e9cup\u00e9rer une commande en moins d\u2019une heure au showroom Paris Bastille de Bosch Home Comfort.&nbsp;<\/p>\n<\/div><\/div>\n","protected":false},"excerpt":{"rendered":"<p>La proximit\u00e9 client est une force historique de Bosch Home Comfort (marques Bosch et elm.leblanc). Sp\u00e9cialiste du confort thermique, l\u2019entreprise renforce ses engagements aupr\u00e8s des artisans installateurs et des distributeurs en poursuivant le d\u00e9veloppement de ses outils digitaux. La nouvelle application Bosch EasyScan, d\u00e9velopp\u00e9e en interne par le groupe, en est une illustration concr\u00e8te. Elle [&hellip;]<\/p>\n","protected":false},"author":41,"featured_media":44542,"comment_status":"open","ping_status":"open","sticky":true,"template":"","format":"standard","meta":{"spay_email":""},"categories":[4,1692],"tags":[],"jetpack_featured_media_url":"https:\/\/i2.wp.com\/batimedianews.com\/live\/wp-content\/uploads\/2025\/04\/Bosch.jpg?fit=1513%2C825&ssl=1","jetpack_sharing_enabled":true,"jetpack_likes_enabled":true,"jetpack-related-posts":[{"id":37714,"url":"https:\/\/batimedianews.com\/live\/index.php\/2024\/05\/29\/bosch-home-comfort-ouvre-les-portes-du-campus-x-sur-son-site-de-drancy-93\/","url_meta":{"origin":44539,"position":0},"title":"Bosch Home Comfort ouvre les portes du Campus X sur son site de Drancy (93)","date":"29 mai 2024","format":false,"excerpt":"\u00a0Un nouvel \u00e9crin 3 en 1 hybride de 1 200 m2\u00a0 qui offre une eXp\u00e9rience client personnalis\u00e9e\u00a0 \u00a0Campus X elm.leblanc Bosch, Drancy \u2013 Cr\u00e9dit photos Stefan Meyer\u00a0 \u00a0Pour une visite virtuelle du Campus X : https:\/\/youtu.be\/yu_a8r9XW80\u00a0 Bosch Home Comfort Group est l'un des principaux fabricants europ\u00e9ens de solutions \u00e9co-performantes de\u2026","rel":"","context":"Dans &quot;Actualit\u00e9 Entreprises&quot;","img":{"alt_text":"","src":"https:\/\/i1.wp.com\/batimedianews.com\/live\/wp-content\/uploads\/2024\/05\/Bosch-1.jpg?fit=825%2C825&ssl=1&resize=350%2C200","width":350,"height":200},"classes":[]},{"id":36202,"url":"https:\/\/batimedianews.com\/live\/index.php\/2024\/03\/15\/bosch-home-comfort-mise-sur-une-approche-pedagogique-pour-la-formation-des-installateurs-et-entreprises-de-maintenance\/","url_meta":{"origin":44539,"position":1},"title":"Bosch Home Comfort mise sur une approche p\u00e9dagogique pour la formation des installateurs et entreprises de maintenance","date":"15 mars 2024","format":false,"excerpt":"\u00a0Une nouvelle dynamique en marche\u00a0 pour accompagner les professionnels vers les produits d\u2019avenir\u00a0 Monter en comp\u00e9tences, gagner du temps, fid\u00e9liser ses collaborateurs, garantir aux clients une qualit\u00e9 de service, ou encore acc\u00e9der \u00e0 de nouveaux march\u00e9s en ma\u00eetrisant les \u00e9nergies et les technologies d\u2019avenir, tels sont les objectifs fondamentaux de\u2026","rel":"","context":"Dans &quot;Actualit\u00e9 Entreprises&quot;","img":{"alt_text":"","src":"https:\/\/i0.wp.com\/batimedianews.com\/live\/wp-content\/uploads\/2024\/03\/Bosch.jpg?fit=825%2C825&ssl=1&resize=350%2C200","width":350,"height":200},"classes":[]},{"id":26545,"url":"https:\/\/batimedianews.com\/live\/index.php\/2023\/03\/02\/nouveaux-catalogues-tarifs-2023-bosch-et-elm-leblanc-une-annee-prometteuse-en-lancements\/","url_meta":{"origin":44539,"position":2},"title":"Nouveaux Catalogues Tarifs 2023 Bosch et elm.leblanc : une ann\u00e9e prometteuse en lancements !","date":"2 mars 2023","format":false,"excerpt":"Les Catalogues Tarifs 2023 de Bosch et elm.leblanc font le plein de nouveaut\u00e9s ! Pour commencer, du nouveau c\u00f4t\u00e9 contenu. Pour la premi\u00e8re fois, Bosch \u00e9dite un Catalogue sp\u00e9cial d\u00e9di\u00e9 100 % \u00e0 la climatisation r\u00e9versible air\/air. Une mani\u00e8re de confirmer ses ambitions sur ce march\u00e9, avec notamment l\u2019enrichissement des\u2026","rel":"","context":"Dans &quot;Actualit\u00e9 Entreprises&quot;","img":{"alt_text":"","src":"https:\/\/i2.wp.com\/batimedianews.com\/live\/wp-content\/uploads\/2023\/02\/Bosch-Article.jpg?fit=1080%2C1080&ssl=1&resize=350%2C200","width":350,"height":200},"classes":[]},{"id":43617,"url":"https:\/\/batimedianews.com\/live\/index.php\/2025\/03\/17\/soraya-arrar-nommee-directrice-marketing-et-communication-de-bosch-home-comfort-france\/","url_meta":{"origin":44539,"position":3},"title":"Soraya ARRAR nomm\u00e9e Directrice Marketing et Communication de Bosch Home Comfort France","date":"17 mars 2025","format":false,"excerpt":"Depuis le 3 f\u00e9vrier dernier, Soraya ARRAR a \u00e9t\u00e9 nomm\u00e9e Directrice Marketing & Communication de Bosch Home Comfort France. Forte d\u2019une expertise de plus de 15 ans dans la transformation digitale, et le d\u00e9veloppement de strat\u00e9gies marketing et communication innovantes, elle ambitionne de renforcer la notori\u00e9t\u00e9 et l\u2019image de marque\u2026","rel":"","context":"Dans &quot;Actualit\u00e9 Entreprises&quot;","img":{"alt_text":"","src":"https:\/\/i1.wp.com\/batimedianews.com\/live\/wp-content\/uploads\/2025\/03\/Bosch.jpg?fit=825%2C825&ssl=1&resize=350%2C200","width":350,"height":200},"classes":[]},{"id":21813,"url":"https:\/\/batimedianews.com\/live\/index.php\/2022\/07\/12\/transformation-du-site-industriel-de-saint-thegonnec-29-et-developpement-de-nouvelles-solutions-pac-climatisation-et-hydrogene-bosch-thermotechnologie-poursuit-ses-ambitions\/","url_meta":{"origin":44539,"position":4},"title":"Transformation du site industriel de Saint-Th\u00e9gonnec (29) et d\u00e9veloppement de nouvelles solutions PAC, climatisation et hydrog\u00e8ne : Bosch Thermotechnologie poursuit ses ambitions","date":"12 juillet 2022","format":false,"excerpt":"Cr\u00e9dit photo Bosch Thermotechnologie\u00a0 Le site industriel de Saint-Th\u00e9gonnec d\u00e9die son savoir-faire au ballon inox\u00a0 L\u2019usine Bosch Thermo technologie de Saint-Th\u00e9gonnec, sur une surface de 23 000 m2, vit sa plus importante transformation, devenant exclusivement un Centre de comp\u00e9tence ballon inox. Avec l\u2019arr\u00eat des chaudi\u00e8res fioul et gaz \u00e0 fin\u2026","rel":"","context":"Dans &quot;Climatisation&quot;","img":{"alt_text":"","src":"https:\/\/i0.wp.com\/batimedianews.com\/live\/wp-content\/uploads\/2022\/07\/Bosch-Article.jpg?fit=1080%2C1080&ssl=1&resize=350%2C200","width":350,"height":200},"classes":[]},{"id":24135,"url":"https:\/\/batimedianews.com\/live\/index.php\/2022\/10\/14\/bosch-thermotechnologie-et-elm-leblanc-preparent-les-energies-davenir\/","url_meta":{"origin":44539,"position":5},"title":"Bosch Thermotechnologie et Elm.leblanc pr\u00e9parent les \u00e9nergies d\u2019avenir","date":"14 octobre 2022","format":false,"excerpt":"\u00a0Nouvelles solutions pompes \u00e0 chaleur,\u00a0climatisation et hydrog\u00e8ne\u00a0 PAC Compress 5800 AW\u00a0Cr\u00e9dit photo Bosch Thermotechnologie\u00a0 Bosch Thermotechnologie :\u00a0 CAP vers l\u2019\u00e9lectrification\u00a0 Dans une ambiance industrielle, le stand de Bosch Thermotechnologie s\u2019articule autour de trois p\u00f4les qui mettent \u00e0 l\u2019honneur l\u2019offre \u00e9lectrification : PAC Air\/Eau, PAC Air\/Air et p\u00f4le tertiaire, compl\u00e9t\u00e9s par\u2026","rel":"","context":"Dans &quot;Actualit\u00e9 Entreprises&quot;","img":{"alt_text":"","src":"https:\/\/i2.wp.com\/batimedianews.com\/live\/wp-content\/uploads\/2022\/10\/Bosch-Article.jpg?fit=1080%2C1080&ssl=1&resize=350%2C200","width":350,"height":200},"classes":[]}],"_links":{"self":[{"href":"https:\/\/batimedianews.com\/live\/index.php\/wp-json\/wp\/v2\/posts\/44539"}],"collection":[{"href":"https:\/\/batimedianews.com\/live\/index.php\/wp-json\/wp\/v2\/posts"}],"about":[{"href":"https:\/\/batimedianews.com\/live\/index.php\/wp-json\/wp\/v2\/types\/post"}],"author":[{"embeddable":true,"href":"https:\/\/batimedianews.com\/live\/index.php\/wp-json\/wp\/v2\/users\/41"}],"replies":[{"embeddable":true,"href":"https:\/\/batimedianews.com\/live\/index.php\/wp-json\/wp\/v2\/comments?post=44539"}],"version-history":[{"count":2,"href":"https:\/\/batimedianews.com\/live\/index.php\/wp-json\/wp\/v2\/posts\/44539\/revisions"}],"predecessor-version":[{"id":44544,"href":"https:\/\/batimedianews.com\/live\/index.php\/wp-json\/wp\/v2\/posts\/44539\/revisions\/44544"}],"wp:featuredmedia":[{"embeddable":true,"href":"https:\/\/batimedianews.com\/live\/index.php\/wp-json\/wp\/v2\/media\/44542"}],"wp:attachment":[{"href":"https:\/\/batimedianews.com\/live\/index.php\/wp-json\/wp\/v2\/media?parent=44539"}],"wp:term":[{"taxonomy":"category","embeddable":true,"href":"https:\/\/batimedianews.com\/live\/index.php\/wp-json\/wp\/v2\/categories?post=44539"},{"taxonomy":"post_tag","embeddable":true,"href":"https:\/\/batimedianews.com\/live\/index.php\/wp-json\/wp\/v2\/tags?post=44539"}],"curies":[{"name":"wp","href":"https:\/\/api.w.org\/{rel}","templated":true}]}}