{"id":45893,"date":"2025-07-11T08:54:18","date_gmt":"2025-07-11T06:54:18","guid":{"rendered":"http:\/\/batimedianews.com\/live\/?p=45893"},"modified":"2025-07-11T08:54:20","modified_gmt":"2025-07-11T06:54:20","slug":"wienerberger-celebre-30-ans-dancrage-en-france-portes-par-une-histoire-de-croissance-durable-et-engagee","status":"publish","type":"post","link":"https:\/\/batimedianews.com\/live\/index.php\/2025\/07\/11\/wienerberger-celebre-30-ans-dancrage-en-france-portes-par-une-histoire-de-croissance-durable-et-engagee\/","title":{"rendered":"wienerberger c\u00e9l\u00e8bre 30 ans d&rsquo;ancrage en France port\u00e9s par une histoire de croissance durable et engag\u00e9e"},"content":{"rendered":"\n<p class=\"has-text-align-justify\"><strong>wienerberger, leader mondial des solutions en terre cuite, c\u00e9l\u00e8bre cette ann\u00e9e ses 30 ans de pr\u00e9sence en France. Ce jalon important marque son ancrage territorial et le prolongement d\u2019une histoire riche en innovation. Depuis 1995, wienerberger a su tisser des liens forts avec les territoires fran\u00e7ais, mettant \u00e0 profit son r\u00e9seau industriel de 25 usines r\u00e9parties sur l&rsquo;ensemble du territoire, et soutenant activement les dynamiques \u00e9conomiques locales. Avec l\u2019acquisition de Terreal en 2024, l\u2019entreprise a commenc\u00e9 \u00e0 \u00e9crire une nouvelle page de son histoire, avec de grandes ambitions pour les ann\u00e9es \u00e0 venir. Ce trenti\u00e8me anniversaire repr\u00e9sente le d\u00e9but d\u2019une nouvelle \u00e8re o\u00f9 wienerberger, plus ambitieux que jamais, poursuit son projet de construire un avenir durable.&nbsp;<\/strong><\/p>\n\n\n\n<p class=\"has-text-color\" style=\"color:#89a37e\">&nbsp;<strong>Un ancrage historique et territorial fort en France&nbsp;<\/strong><\/p>\n\n\n\n<p class=\"has-text-align-justify\">Pr\u00e9sent en France depuis 1995, ann\u00e9e du rachat du fabricant de briques et de tuiles en terre cuite alsacien Sturm, wienerberger y d\u00e9ploie une strat\u00e9gie fond\u00e9e sur l\u2019ancrage territorial, la proximit\u00e9 des ressources et l\u2019industrialisation locale. La filiale fran\u00e7aise du leader mondial de la terre cuite s\u2019est d\u00e9velopp\u00e9e au fil de ces trente derni\u00e8res ann\u00e9es pour r\u00e9pondre aux d\u00e9fis modernes du secteur de la construction, tout en conservant un savoir-faire ancestral. Des sites historiques comme l\u2019usine de Betschdorf, fond\u00e9e au XVIe si\u00e8cle, ou la tuilerie Al\u00e9onard cr\u00e9\u00e9e \u00e0 Pontigny en 1872, incarnent cette transmission de savoir-faire et cette expertise dans la fabrication de briques et de tuiles en terre cuite. De la toiture \u00e0 la structure, en passant par la fa\u00e7ade, l\u2019entreprise propose ainsi la gamme de produits la plus large du march\u00e9, fa\u00e7onn\u00e9s \u00e0 partir de mati\u00e8res premi\u00e8res naturelles et d\u00e9velopp\u00e9s pour r\u00e9pondre \u00e0 toutes les sp\u00e9cificit\u00e9s r\u00e9gionales.&nbsp;<\/p>\n\n\n\n<p class=\"has-text-color\" style=\"color:#89a37e\"><strong>L\u2019acquisition de Terreal, un tournant strat\u00e9gique majeur&nbsp;<\/strong><\/p>\n\n\n\n<p class=\"has-text-align-justify\">L\u2019acquisition de Terreal en mars 2024 a marqu\u00e9 un tournant d\u00e9cisif dans l\u2019\u00e9volution strat\u00e9gique de wienerberger en France. Ce rapprochement renforce non seulement la position de l\u2019entreprise sur l\u2019ensemble de l\u2019enveloppe du b\u00e2timent, mais permet \u00e9galement d&rsquo;\u00e9tendre sa pr\u00e9sence territoriale, avec des implantations compl\u00e9mentaires, notamment dans le sud de la France.&nbsp;<\/p>\n\n\n\n<p class=\"has-text-align-justify\">Aujourd\u2019hui, wienerberger emploie 2 300 collaborateurs en France et dispose de 25 usines, 34 carri\u00e8res et 2 centres de R&amp;D r\u00e9partis sur l\u2019ensemble du territoire. Ces implantations lui permettent de ma\u00eetriser l\u2019ensemble de sa cha\u00eene de valeur, de contribuer activement \u00e0 l\u2019\u00e9conomie locale avec des emplois non d\u00e9localisables, et de rester proche de ses clients et de ses partenaires, en assurant une distribution en circuit court et un service de proximit\u00e9.&nbsp;<\/p>\n\n\n\n<p>Cette acquisition marque l\u2019ambition de wienerberger de consolider sa position de leader sur les quatre march\u00e9s structurants pour la transition environnementale du secteur de la construction en France : la toiture, le solaire, la structure et la fa\u00e7ade.&nbsp;<\/p>\n\n\n\n<p class=\"has-text-color\" style=\"color:#89a37e\"><strong>Un acteur engag\u00e9 pour la transition \u00e9nerg\u00e9tique, au service d\u2019un habitat sain et durable&nbsp;<\/strong><\/p>\n\n\n\n<p class=\"has-text-align-justify\">Soucieux de r\u00e9pondre aux enjeux de d\u00e9veloppement durable, wienerberger s\u2019appuie sur une feuille de route de d\u00e9carbonation ambitieuse. L\u2019entreprise s\u2019est fix\u00e9e des objectifs environnementaux cl\u00e9s pour accompagner sa transformation vers un mod\u00e8le d\u2019entreprise toujours plus durable. \u00c0 l\u2019horizon 2026, le groupe vise une r\u00e9duction de 25 % de ses \u00e9missions de CO2 par rapport \u00e0 2020 sur les scopes 1 et 2 (\u00e9missions directes de gaz \u00e0 effet de serre et \u00e9missions li\u00e9es \u00e0 la consommation d\u2019\u00e9lectricit\u00e9), puis de 40 % \u00e0 l\u2019horizon 2030, pour atteindre la neutralit\u00e9 carbone d\u2019ici 2050.&nbsp;<\/p>\n\n\n\n<p class=\"has-text-align-justify\">Pour ce faire, <strong>wienerberger est engag\u00e9 dans un plan d\u2019investissements important afin de transformer son outil industriel<\/strong>, en s\u2019appuyant sur diff\u00e9rents leviers : la r\u00e9cup\u00e9ration de chaleur (notamment via la technologie Eco-Tech Ceram qui permet de capter, stocker et r\u00e9utiliser la chaleur r\u00e9siduelle des fours pour alimenter les s\u00e9choirs), une consommation \u00e9lectrique issue d\u2019\u00e9nergies renouvelables (parcs \u00e9oliens, photovolta\u00efque, hydraulique\u2026), l\u2019int\u00e9gration de mati\u00e8res premi\u00e8res alternatives, la biomasse, l\u2019utilisation de pompes \u00e0 chaleur, la m\u00e9thanisation de mati\u00e8res organiques, ou encore l\u2019\u00e9lectrification des process.&nbsp;<\/p>\n\n\n\n<p class=\"has-text-align-justify\">Par ailleurs, dans un contexte o\u00f9 la construction durable est devenue une priorit\u00e9 pour r\u00e9pondre aux enjeux environnementaux actuels, <strong>wienerberger s\u2019appuie sur une d\u00e9marche d\u2019innovation permanente, au service d\u2019un habitat sain et durable<\/strong>. Outre l\u2019utilisation de la terre cuite qui garantit une dur\u00e9e de vie de plus de 100 ans, l\u2019entreprise d\u00e9veloppe de nouvelles solutions permettant de r\u00e9duire l\u2019empreinte carbone des b\u00e2timents. A titre d\u2019exemple, les gammes de briques 20 cm bas carbone de Porotherm et de Terreal disposent de Fiches de D\u00e9claration Environnementale et Sanitaire (FDES) affichant un poids carbone \u00e0 18,3 kg CO2 \/m\u00b2. ISObric\u00ae, la premi\u00e8re brique de 20 cm nouvelle g\u00e9n\u00e9ration \u00e0 isolation int\u00e9gr\u00e9e de la marque Porotherm, pr\u00e9sente quant \u00e0 elle la meilleure performance thermique en ma\u00e7onnerie terre cuite d\u2019\u00e9paisseur 20 cm. V\u00e9ritable r\u00e9ponse hautes performances \u00e0 la RE 2020, elle assure 30 \u00e0 45 % de la performance thermique de la paroi.&nbsp;<\/p>\n\n\n\n<p class=\"has-text-color\" style=\"color:#89a37e\"><strong>Une strat\u00e9gie tourn\u00e9e vers l\u2019avenir&nbsp;<\/strong><\/p>\n\n\n\n<p class=\"has-text-align-justify\">L\u2019acquisition de Terreal a consid\u00e9rablement renforc\u00e9 la position de wienerberger dans l\u2019hexagone : la France est devenue un pays de d\u00e9veloppement strat\u00e9gique pour le groupe, repr\u00e9sentant d\u00e9sormais environ 10 % de son chiffre d\u2019affaires global. Afin de poursuivre sur cette dynamique, la strat\u00e9gie de wienerberger en France repose sur quatre piliers cl\u00e9s :&nbsp;<\/p>\n\n\n\n<ul><li><strong>L\u2019excellence op\u00e9rationnelle <\/strong>: pour maintenir sa position de leader sur le march\u00e9, tout en garantissant une bonne comp\u00e9titivit\u00e9, l\u2019industriel entend maintenir une excellence op\u00e9rationnelle gr\u00e2ce \u00e0 l\u2019optimisation continue de ses process et de son r\u00e9seau industriel ainsi qu\u2019une gestion efficace des co\u00fbts. Pour cela, l&rsquo;entreprise s&rsquo;appuie sur la digitalisation pour moderniser ses syst\u00e8mes industriels, commerciaux et financiers, en int\u00e9grant des technologies de pointe comme l\u2019intelligence artificielle. Cette transformation num\u00e9rique vise \u00e0 am\u00e9liorer l\u2019efficacit\u00e9, \u00e0 optimiser les processus internes et \u00e0 renforcer la r\u00e9activit\u00e9 aux besoins du march\u00e9, tout en soutenant l&rsquo;innovation continue au sein de l&rsquo;entreprise.&nbsp;<\/li><\/ul>\n\n\n\n<ul><li><strong>La croissance organique <\/strong>: Le d\u00e9veloppement de nouveaux produits et la mat\u00e9rialisation des synergies entre les activit\u00e9s de Terreal et de wienerberger permettent d\u2019\u00e9largir l\u2019offre de l\u2019entreprise, notamment dans les domaines du solaire int\u00e9gr\u00e9 et des accessoires fonctionnels de toiture.&nbsp;<\/li><li><strong>La croissance externe : <\/strong>De nouvelles opportunit\u00e9s de croissance externe potentielles sont envisageables, notamment dans des domaines comme le solaire ou la gestion de l\u2019eau. Au 1er juillet 2025, wienerberger a augment\u00e9 \u00e0 100 % sa participation dans la soci\u00e9t\u00e9 fran\u00e7aise GSEi, fournisseur fran\u00e7ais de solutions photovolta\u00efques int\u00e9gr\u00e9es aux toitures occupant une position de leader sur le march\u00e9 europ\u00e9en des toitures photovolta\u00efques. Cette nouvelle \u00e9tape permettra d\u2019acc\u00e9l\u00e9rer la croissance de wienerberger en Europe sur ce march\u00e9 du solaire r\u00e9sidentiel \u00e0 fort potentiel, tant pour les constructions neuves que pour la r\u00e9novation.&nbsp;<\/li><li><strong>La transition \u00e9nerg\u00e9tique <\/strong>: wienerberger poursuit ses efforts pour r\u00e9duire son empreinte carbone en d\u00e9carbonant ses usines, tout en favorisant la biodiversit\u00e9 dans ses carri\u00e8res et en soutenant l\u2019\u00e9conomie circulaire. En parall\u00e8le, l\u2019entreprise continue de mettre son engagement environnemental au coeur de sa strat\u00e9gie, en en faisant une r\u00e9elle opportunit\u00e9 de croissance en participant activement \u00e0 la r\u00e9novation \u00e9nerg\u00e9tique des b\u00e2timents gr\u00e2ce \u00e0 des solutions r\u00e9pondant aux exigences thermiques, acoustiques et environnementales des constructions modernes. L\u2019acc\u00e9l\u00e9ration du d\u00e9veloppement des solutions solaires en constitue un axe majeur.&nbsp;<\/li><\/ul>\n\n\n\n<div class=\"wp-block-media-text alignwide is-stacked-on-mobile\" style=\"grid-template-columns:31% auto\"><figure class=\"wp-block-media-text__media\"><img loading=\"lazy\" width=\"314\" height=\"322\" src=\"https:\/\/i1.wp.com\/batimedianews.com\/live\/wp-content\/uploads\/2025\/07\/image-59.png?resize=314%2C322\" alt=\"\" class=\"wp-image-45894 size-full\" srcset=\"https:\/\/i1.wp.com\/batimedianews.com\/live\/wp-content\/uploads\/2025\/07\/image-59.png?w=314&amp;ssl=1 314w, https:\/\/i1.wp.com\/batimedianews.com\/live\/wp-content\/uploads\/2025\/07\/image-59.png?resize=768%2C787&amp;ssl=1 768w, https:\/\/i1.wp.com\/batimedianews.com\/live\/wp-content\/uploads\/2025\/07\/image-59.png?resize=10%2C10&amp;ssl=1 10w\" sizes=\"(max-width: 600px) 91vw, (max-width: 900px) 600px, (max-width: 1060px) 50vw, (max-width: 1200px) 520px, (max-width: 1400px) 43vw, 600px\" data-recalc-dims=\"1\" \/><\/figure><div class=\"wp-block-media-text__content\">\n<p class=\"has-text-align-justify has-normal-font-size\"><em>\u00ab Depuis 30 ans, wienerberger \u00e9crit en France une histoire en perp\u00e9tuel mouvement, marqu\u00e9e par un ancrage profond dans les territoires et une volont\u00e9 constante d\u2019innovation. De notre premi\u00e8re implantation \u00e0 la conqu\u00eate de nouveaux march\u00e9s, chaque \u00e9tape a \u00e9t\u00e9 pens\u00e9e pour r\u00e9pondre aux d\u00e9fis \u00e9conomiques locaux comme aux enjeux globaux du secteur de la construction. Aujourd\u2019hui, cette belle histoire se poursuit. L\u2019acquisition de Terreal a marqu\u00e9 un tournant d\u00e9cisif dans notre histoire, et nous invite \u00e0 aller encore plus loin dans nos ambitions. Avec un avenir tourn\u00e9 vers l\u2019innovation durable, la transition \u00e9nerg\u00e9tique et la diversification de notre offre, nous sommes pr\u00eats \u00e0 relever les d\u00e9fis de demain. \u00bb <\/em>Fr\u00e9d\u00e9ric Didier, Directeur g\u00e9n\u00e9ral de wienerberger en France.&nbsp;<\/p>\n<\/div><\/div>\n\n\n\n<p class=\"has-text-align-center has-text-color\" style=\"color:#89a37e\"><strong>wienerberger France, une croissance soutenue depuis 30 ans&nbsp;<\/strong><\/p>\n\n\n\n<figure class=\"wp-block-image size-full\"><img loading=\"lazy\" width=\"720\" height=\"195\" src=\"https:\/\/i2.wp.com\/batimedianews.com\/live\/wp-content\/uploads\/2025\/07\/image-60.png?resize=720%2C195\" alt=\"\" class=\"wp-image-45895\" srcset=\"https:\/\/i2.wp.com\/batimedianews.com\/live\/wp-content\/uploads\/2025\/07\/image-60.png?w=1268&amp;ssl=1 1268w, https:\/\/i2.wp.com\/batimedianews.com\/live\/wp-content\/uploads\/2025\/07\/image-60.png?resize=768%2C208&amp;ssl=1 768w, https:\/\/i2.wp.com\/batimedianews.com\/live\/wp-content\/uploads\/2025\/07\/image-60.png?resize=432%2C117&amp;ssl=1 432w, https:\/\/i2.wp.com\/batimedianews.com\/live\/wp-content\/uploads\/2025\/07\/image-60.png?resize=396%2C107&amp;ssl=1 396w, https:\/\/i2.wp.com\/batimedianews.com\/live\/wp-content\/uploads\/2025\/07\/image-60.png?resize=1120%2C304&amp;ssl=1 1120w, https:\/\/i2.wp.com\/batimedianews.com\/live\/wp-content\/uploads\/2025\/07\/image-60.png?resize=660%2C179&amp;ssl=1 660w\" sizes=\"(max-width: 600px) 91vw, (max-width: 900px) 600px, (max-width: 1060px) 50vw, (max-width: 1200px) 520px, (max-width: 1400px) 43vw, 600px\" data-recalc-dims=\"1\" \/><\/figure>\n\n\n\n<p class=\"has-sm-dark-tertiary-color has-text-color\"><strong>A propos&nbsp;<\/strong><\/p>\n\n\n\n<p class=\"has-sm-dark-tertiary-color has-text-color has-small-font-size\"><strong>wienerberger est un fournisseur international de premier plan de solutions innovantes et \u00e9cologiques pour l&rsquo;ensemble de l\u2019enveloppe du b\u00e2timent, dans les domaines de la construction neuve et de la r\u00e9novation, ainsi que des infrastructures de gestion de l&rsquo;eau et de l&rsquo;\u00e9nergie. <\/strong>Avec plus de 20 000 employ\u00e9s dans le monde, les solutions de wienerberger permettent un logement \u00e9conome en \u00e9nergie, sain, respectueux du climat et abordable. wienerberger est le plus grand producteur mondial de briques et le leader du march\u00e9 des tuiles en terre cuite en Europe ainsi que des pav\u00e9s en b\u00e9ton en Europe de l&rsquo;Est. Dans le domaine des syst\u00e8mes de canalisations (tuyaux en c\u00e9ramique et en plastique), l&rsquo;entreprise est l&rsquo;un des principaux fournisseurs en Europe et l&rsquo;un des principaux fournisseurs de produits de fa\u00e7ade en Am\u00e9rique du Nord. D\u00e9but 2024, wienerberger a finalis\u00e9 avec succ\u00e8s l&rsquo;acquisition de Terreal, devenant ainsi le premier fournisseur europ\u00e9en de solutions innovantes tout-en-un pour la toiture et l&rsquo;\u00e9nergie solaire, ainsi que de solutions pour l&rsquo;ensemble de l\u2019enveloppe du b\u00e2timent en Europe et en Am\u00e9rique du Nord. Avec ses plus de 200 sites de production, wienerberger a g\u00e9n\u00e9r\u00e9 un chiffre d&rsquo;affaires d&rsquo;environ 4,5 milliards d&rsquo;euros et un EBITDA op\u00e9rationnel de 760 millions d&rsquo;euros en 2024.&nbsp;<\/p>\n\n\n\n<p class=\"has-sm-dark-tertiary-color has-text-color\"><strong>A propos de Terreal et wienerberger en France&nbsp;<\/strong><\/p>\n\n\n\n<p class=\"has-sm-dark-tertiary-color has-text-color has-small-font-size\">En France, wienerberger compte, en 2024, 796 collaborateurs travaillant dans les 8 usines de tuiles et de briques de wienerberger en France. Le chiffre d\u2019affaires de wienerberger France atteint 187 millions d\u2019euros en 2024. Terreal compte 17 sites en France et emploie 1 359 collaborateurs pour un chiffre d\u2019affaires de 400 millions d\u2019euros en 2024.&nbsp;<\/p>\n","protected":false},"excerpt":{"rendered":"<p>wienerberger, leader mondial des solutions en terre cuite, c\u00e9l\u00e8bre cette ann\u00e9e ses 30 ans de pr\u00e9sence en France. Ce jalon important marque son ancrage territorial et le prolongement d\u2019une histoire riche en innovation. Depuis 1995, wienerberger a su tisser des liens forts avec les territoires fran\u00e7ais, mettant \u00e0 profit son r\u00e9seau industriel de 25 usines [&hellip;]<\/p>\n","protected":false},"author":41,"featured_media":45896,"comment_status":"open","ping_status":"open","sticky":true,"template":"","format":"standard","meta":{"spay_email":""},"categories":[4,586],"tags":[],"jetpack_featured_media_url":"https:\/\/i0.wp.com\/batimedianews.com\/live\/wp-content\/uploads\/2025\/07\/wienerberger.jpg?fit=1513%2C825&ssl=1","jetpack_sharing_enabled":true,"jetpack_likes_enabled":true,"jetpack-related-posts":[{"id":36648,"url":"https:\/\/batimedianews.com\/live\/index.php\/2024\/04\/01\/nouvelles-fdes-briques-bas-carbone-de-20cm-porotherm-a-183-kg-co2-m\/","url_meta":{"origin":45893,"position":0},"title":"Nouvelles FDES briques bas carbone de 20cm Porotherm \u00e0 18,3 kg CO2 \/m\u00b2","date":"1 avril 2024","format":false,"excerpt":"La nouvelle Fiche de D\u00e9claration Environnementale et Sanitaire (FDES) des briques de structure de 20 cm pos\u00e9es \u00e0 joints minces Porotherm, marque de wienerberger, est en ligne sur la base INIES. Calcul\u00e9e sur l\u2019Analyse du Cycle de Vie des produits, celle-ci affiche une r\u00e9duction significative de l\u2019impact carbone de ces\u2026","rel":"","context":"Dans &quot;Actualit\u00e9 Entreprises&quot;","img":{"alt_text":"","src":"https:\/\/i2.wp.com\/batimedianews.com\/live\/wp-content\/uploads\/2024\/03\/Wienerberger.jpg?fit=825%2C825&ssl=1&resize=350%2C200","width":350,"height":200},"classes":[]},{"id":29211,"url":"https:\/\/batimedianews.com\/live\/index.php\/2023\/06\/09\/wienerberger-innove-avec-isobric-deporotherm-la-brique-de-20-cm-nouvelle-generation\/","url_meta":{"origin":45893,"position":1},"title":"WIENERBERGER INNOVE AVEC ISObric\u00ae DEPOROTHERM &#8211; LA BRIQUE DE 20 CM, NOUVELLE G\u00c9N\u00c9RATION","date":"9 juin 2023","format":false,"excerpt":"\u00a0Leader mondial de la brique en terre cuite, Wienerberger n\u2019a cess\u00e9 de d\u00e9montrer sa capacit\u00e9 \u00e0 proposer des innovations cr\u00e9atives, r\u00e9volutionnant r\u00e9guli\u00e8rement le march\u00e9 de la construction (la premi\u00e8re brique mono mur, le liant de mise en \u0153uvre Dryfix\u00ae, la brique auto-isolante Climamur\u00ae\u2026). Aujourd\u2019hui, Wienerberger prouve une nouvelle fois sa\u2026","rel":"","context":"Dans &quot;Actualit\u00e9 Entreprises&quot;","img":{"alt_text":"","src":"https:\/\/i2.wp.com\/batimedianews.com\/live\/wp-content\/uploads\/2023\/06\/Capture-de\u0301cran-2023-06-09-a\u0300-11.12.55.png?fit=782%2C782&ssl=1&resize=350%2C200","width":350,"height":200},"classes":[]},{"id":42297,"url":"https:\/\/batimedianews.com\/live\/index.php\/2025\/01\/22\/a-lantenne-vertiere-25-un-groupe-scolaire-qui-se-fond-naturellement-dans-son-environnement\/","url_meta":{"origin":45893,"position":2},"title":"A Lantenne-Verti\u00e8re (25), un groupe scolaire qui se fond naturellement dans son environnement","date":"22 janvier 2025","format":false,"excerpt":"\u00a0Construit \u00e0 l'entr\u00e9e du village de Lantenne-Verti\u00e8re (25), le nouveau groupe scolaire est enti\u00e8rement habill\u00e9 de tuiles en terre cuite Al\u00e9onard. Il arbore une architecture sobre, \u00e9pur\u00e9e, et inspir\u00e9e par les fermes traditionnelles de Franche-Comt\u00e9. La conception du b\u00e2timent privil\u00e9gie \u00e9galement les circuits courts, soulignant son engagement en faveur de\u2026","rel":"","context":"Dans &quot;Actualit\u00e9 Entreprises&quot;","img":{"alt_text":"","src":"https:\/\/i2.wp.com\/batimedianews.com\/live\/wp-content\/uploads\/2025\/01\/Wienerberger.jpg?fit=825%2C825&ssl=1&resize=350%2C200","width":350,"height":200},"classes":[]},{"id":39859,"url":"https:\/\/batimedianews.com\/live\/index.php\/2024\/09\/23\/terreal-et-wienerberger-a-batimat-2024-ensemble-pour-partager-les-cles-du-futur\/","url_meta":{"origin":45893,"position":3},"title":"Terreal et wienerberger \u00e0 Batimat 2024 &#8211; Ensemble pour partager les cl\u00e9s du futur","date":"23 septembre 2024","format":false,"excerpt":"\u00a0En mars dernier, wienerberger officialisait l\u2019acquisition de Terreal et affichait l\u2019ambition du nouvel ensemble : occuper pleinement la place de leader de l\u2019enveloppe du b\u00e2timent sur ses 4 march\u00e9s : toiture, solaire, structure et fa\u00e7ade. La pr\u00e9sence \u00e0 la prochaine \u00e9dition de Batimat 2024, qui se tiendra du 30 septembre\u2026","rel":"","context":"Dans &quot;Actualit\u00e9 Entreprises&quot;","img":{"alt_text":"","src":"https:\/\/i1.wp.com\/batimedianews.com\/live\/wp-content\/uploads\/2024\/09\/WienerbergerTerreal-.jpg?fit=825%2C825&ssl=1&resize=350%2C200","width":350,"height":200},"classes":[]},{"id":49590,"url":"https:\/\/batimedianews.com\/live\/index.php\/2026\/03\/10\/wienerberger-lance-essentielle-20x30-une-tuile-plate-au-format-optimise-qui-conserve-lesthetique-traditionnelle\/","url_meta":{"origin":45893,"position":4},"title":"wienerberger lance Essentielle 20&#215;30, une tuile plate au format optimis\u00e9 qui conserve l\u2019esth\u00e9tique traditionnelle","date":"10 mars 2026","format":false,"excerpt":"\u00a0wienerberger, \u00e0 travers sa marque Terreal, lance Essentielle 20x30, une nouvelle tuile plate pens\u00e9e pour offrir une alternative \u00e9conomique \u00e0 la tuile plate traditionnelle, sans compromis esth\u00e9tique. Fabriqu\u00e9e \u00e0 l\u2019usine de Bavent (Calvados), la tuile Essentielle 20x30 s\u2019adresse aux acteurs du b\u00e2timent confront\u00e9s \u00e0 une double exigence : respecter les\u2026","rel":"","context":"Dans &quot;Actualit\u00e9 Entreprises&quot;","img":{"alt_text":"","src":"https:\/\/i2.wp.com\/batimedianews.com\/live\/wp-content\/uploads\/2026\/03\/Wienerberger_Terreal.jpg?fit=825%2C825&ssl=1&resize=350%2C200","width":350,"height":200},"classes":[]},{"id":34731,"url":"https:\/\/batimedianews.com\/live\/index.php\/2024\/01\/29\/wienerberger-presente-ses-dernieres-solutions-re2020-a-enerj-meeting-le-mardi-6-fevrier-2024-au-carrousel-du-louvre-stand-20\/","url_meta":{"origin":45893,"position":5},"title":"WIENERBERGER pr\u00e9sente ses derni\u00e8res solutions re2020 \u00e0 enerj meeting &#8211; le mardi 6 f\u00e9vrier 2024 au carrousel du louvre &#8211; stand 20","date":"29 janvier 2024","format":false,"excerpt":"Wienerberger France renouvelle sa pr\u00e9sence au salon EnerJ Meeting, organis\u00e9 le 6 f\u00e9vrier 2024 au Carrousel du Louvre. A cette occasion, le leader mondial de la terre cuite pr\u00e9sentera ses solutions particuli\u00e8rement adapt\u00e9es \u00e0 l\u2019habitat sain et \u00e9cologique. L\u2019industriel partagera \u00e9galement son retour d\u2019exp\u00e9rience sur une op\u00e9ration de logements collectifs\u2026","rel":"","context":"Dans &quot;Actualit\u00e9 Entreprises&quot;","img":{"alt_text":"","src":"https:\/\/i0.wp.com\/batimedianews.com\/live\/wp-content\/uploads\/2024\/01\/Image-articles-1-2.jpg?fit=825%2C825&ssl=1&resize=350%2C200","width":350,"height":200},"classes":[]}],"_links":{"self":[{"href":"https:\/\/batimedianews.com\/live\/index.php\/wp-json\/wp\/v2\/posts\/45893"}],"collection":[{"href":"https:\/\/batimedianews.com\/live\/index.php\/wp-json\/wp\/v2\/posts"}],"about":[{"href":"https:\/\/batimedianews.com\/live\/index.php\/wp-json\/wp\/v2\/types\/post"}],"author":[{"embeddable":true,"href":"https:\/\/batimedianews.com\/live\/index.php\/wp-json\/wp\/v2\/users\/41"}],"replies":[{"embeddable":true,"href":"https:\/\/batimedianews.com\/live\/index.php\/wp-json\/wp\/v2\/comments?post=45893"}],"version-history":[{"count":2,"href":"https:\/\/batimedianews.com\/live\/index.php\/wp-json\/wp\/v2\/posts\/45893\/revisions"}],"predecessor-version":[{"id":45898,"href":"https:\/\/batimedianews.com\/live\/index.php\/wp-json\/wp\/v2\/posts\/45893\/revisions\/45898"}],"wp:featuredmedia":[{"embeddable":true,"href":"https:\/\/batimedianews.com\/live\/index.php\/wp-json\/wp\/v2\/media\/45896"}],"wp:attachment":[{"href":"https:\/\/batimedianews.com\/live\/index.php\/wp-json\/wp\/v2\/media?parent=45893"}],"wp:term":[{"taxonomy":"category","embeddable":true,"href":"https:\/\/batimedianews.com\/live\/index.php\/wp-json\/wp\/v2\/categories?post=45893"},{"taxonomy":"post_tag","embeddable":true,"href":"https:\/\/batimedianews.com\/live\/index.php\/wp-json\/wp\/v2\/tags?post=45893"}],"curies":[{"name":"wp","href":"https:\/\/api.w.org\/{rel}","templated":true}]}}