{"id":45919,"date":"2025-07-16T07:51:56","date_gmt":"2025-07-16T05:51:56","guid":{"rendered":"http:\/\/batimedianews.com\/live\/?p=45919"},"modified":"2025-07-16T07:51:58","modified_gmt":"2025-07-16T05:51:58","slug":"france-ciment-rappelle-son-engagement-a-la-decarbonation-du-secteur-et-appelle-de-ses-voeux-la-publication-au-plus-vite-de-la-revision-de-la-norme-beton","status":"publish","type":"post","link":"https:\/\/batimedianews.com\/live\/index.php\/2025\/07\/16\/france-ciment-rappelle-son-engagement-a-la-decarbonation-du-secteur-et-appelle-de-ses-voeux-la-publication-au-plus-vite-de-la-revision-de-la-norme-beton\/","title":{"rendered":"France Ciment rappelle son engagement \u00e0 la d\u00e9carbonation du secteur et appelle de ses v\u0153ux la publication au plus vite de la r\u00e9vision de la norme b\u00e9ton"},"content":{"rendered":"\n<p class=\"has-text-align-justify\"><strong>Apr\u00e8s avoir collabor\u00e9 activement \u00e0 la r\u00e9vision de la norme B\u00e9ton (NF EN 206+A2\/CN), la fili\u00e8re cimenti\u00e8re s&rsquo;inqui\u00e8te du d\u00e9lai anormalement long pour sa publication. Cela contribue \u00e0 augmenter le retard dans la d\u00e9carbonation du secteur.&nbsp;<\/strong><\/p>\n\n\n\n<p class=\"has-text-align-justify\"><strong>France Ciment souhaite la publication de la norme&nbsp;en l&rsquo;\u00e9tat le plus rapidement possible et l&rsquo;organisation d&rsquo;une concertation sp\u00e9cifique sur les produits dits \u00ab&nbsp;hors normes&nbsp;\u00bb d\u00e8s la rentr\u00e9e.&nbsp;<\/strong><\/p>\n\n\n\n<p class=\"has-text-color\" style=\"color:#4682cc\"><strong>Une norme r\u00e9vis\u00e9e avec un large consensus d&rsquo;experts&nbsp;<\/strong><\/p>\n\n\n\n<p class=\"has-text-align-justify\">Apr\u00e8s trois ann\u00e9es de travaux, les experts r\u00e9unis dans le cadre de la commission AFNOR ont abouti \u00e0 un projet de norme int\u00e9grant deux avanc\u00e9es majeures : la cr\u00e9ation d&rsquo;une classification des b\u00e9tons en fonction de leur impact carbone pour un usage donn\u00e9, et des \u00e9largissements de compositions, sur la base de dossiers techniques minutieusement examin\u00e9s et faisant consensus.&nbsp;<\/p>\n\n\n\n<p class=\"has-text-align-justify\">Des \u00e9volutions qui r\u00e9pondent \u00e0 une attente forte des acteurs de la fili\u00e8re et s&rsquo;inscrivent dans la trajectoire de d\u00e9carbonation du secteur.<\/p>\n\n\n\n<p class=\"has-text-align-justify\">Alors que l&rsquo;enqu\u00eate publique est close depuis le mois de mars, l&rsquo;Industrie Cimenti\u00e8re s&rsquo;inqui\u00e8te du d\u00e9lai anormalement long pour la publication du nouveau texte.<\/p>\n\n\n\n<p class=\"has-text-color\" style=\"color:#4682cc\"><strong>France Ciment appelle \u00e0 une publication rapide de la norme et souhaite une concertation sp\u00e9cifique pour l&rsquo;int\u00e9gration des futurs produits innovants<\/strong><\/p>\n\n\n\n<p class=\"has-text-align-justify\"><strong>Bruno Pillon, pr\u00e9sident de France Ciment : \u00ab&nbsp;<em>Nous regrettons le retard dans la sortie de la norme B\u00e9ton avec les nombreux \u00e9l\u00e9ments ajout\u00e9s et faisant consensus. Cette situation freine la d\u00e9carbonation du secteur et le recours \u00e0 des classifications et des moyens s\u00fbrs.<\/em><\/strong><\/p>\n\n\n\n<p class=\"has-text-align-justify\"><strong><em>C&rsquo;est pourquoi, comme nous l&rsquo;avons exprim\u00e9 \u00e0 plusieurs reprises, nous appelons \u00e0 une publication rapide de la norme avec les \u00e9l\u00e9ments faisant consensus, dans le respect des r\u00e8gles de normalisation, afin de poursuivre la dynamique de d\u00e9carbonation.&nbsp;\u00bb<\/em><\/strong><\/p>\n\n\n\n<p class=\"has-text-align-justify\">L&rsquo;industrie cimenti\u00e8re soutient le d\u00e9veloppement de nouveaux liants bas carbone. La fili\u00e8re ambitionne d&rsquo;acc\u00e9l\u00e9rer leur mise sur le march\u00e9 gr\u00e2ce aux nombreux programmes de recherche d\u00e9di\u00e9s permettant leur mise en conformit\u00e9, dans le respect des normes de s\u00e9curit\u00e9, de performance de durabilit\u00e9. Ces innovations ouvrent la voie \u00e0 une industrie cimenti\u00e8re moins carbon\u00e9e, sans compromettre la qualit\u00e9, l&rsquo;int\u00e9grit\u00e9 et donc la durabilit\u00e9 des constructionsFrance Ciment plaide pour une concertation sp\u00e9cifique sur l&rsquo;utilisation s\u00e9curis\u00e9e de futurs produits ou proc\u00e9d\u00e9s hors normes dans le secteur de la construction.&nbsp;Cette concertation pourra \u00eatre l&rsquo;occasion de partager les pratiques et obligations actuelles tant au niveau fran\u00e7ais qu&rsquo;europ\u00e9en, les retours d&rsquo;exp\u00e9rience, d&rsquo;identifier les freins ou les faiblesses \u00e9ventuels et, le cas \u00e9ch\u00e9ant, de proposer des solutions qui puissent garantir la p\u00e9rennit\u00e9 et l&rsquo;assurabilit\u00e9 des constructions et la s\u00e9curit\u00e9 des personnes et des ouvrages futurs.<\/p>\n\n\n\n<p class=\"has-small-font-size\"><strong>\u00c0 propos de FRANCE CIMENT&nbsp;<\/strong><\/p>\n\n\n\n<p class=\"has-text-align-justify has-small-font-size\">FRANCE CIMENT est l&rsquo;organisation professionnelle regroupant les industriels producteurs de clinker et de liants hydrauliques : ciments, chaux hydrauliques et liants routiers. Pr\u00e9sentes en France au travers d&rsquo;une quarantaine de sites industriels, les entreprises regroup\u00e9es au sein de FRANCE CIMENT emploient pr\u00e8s de 4 500 personnes et g\u00e9n\u00e8rent un chiffre d&rsquo;affaires annuel de 2,4 milliards d&rsquo;euros. L&rsquo;industrie cimenti\u00e8re fran\u00e7aise regroupe cinq soci\u00e9t\u00e9s productrices de ciment : Heidelberg Materials, Imerys SA (Imerys Group), Lafarge France (Membre du groupe Holcim), Eqiom (CRH Company) et Vicat.<\/p>\n","protected":false},"excerpt":{"rendered":"<p>Apr\u00e8s avoir collabor\u00e9 activement \u00e0 la r\u00e9vision de la norme B\u00e9ton (NF EN 206+A2\/CN), la fili\u00e8re cimenti\u00e8re s&rsquo;inqui\u00e8te du d\u00e9lai anormalement long pour sa publication. Cela contribue \u00e0 augmenter le retard dans la d\u00e9carbonation du secteur.&nbsp; France Ciment souhaite la publication de la norme&nbsp;en l&rsquo;\u00e9tat le plus rapidement possible et l&rsquo;organisation d&rsquo;une concertation sp\u00e9cifique sur [&hellip;]<\/p>\n","protected":false},"author":41,"featured_media":45922,"comment_status":"open","ping_status":"open","sticky":true,"template":"","format":"standard","meta":{"spay_email":""},"categories":[4,33,866],"tags":[],"jetpack_featured_media_url":"https:\/\/i1.wp.com\/batimedianews.com\/live\/wp-content\/uploads\/2025\/07\/FranceCiment-copie.jpg?fit=1513%2C825&ssl=1","jetpack_sharing_enabled":true,"jetpack_likes_enabled":true,"jetpack-related-posts":[{"id":13229,"url":"https:\/\/batimedianews.com\/live\/index.php\/2021\/10\/28\/nouveaux-ciments-bas-carbone-la-norme-europeenne-nf-en-197-5-enfin-disponible\/","url_meta":{"origin":45919,"position":0},"title":"Nouveaux ciments \u00ab bas-carbone \u00bb : la norme europ\u00e9enne NF EN 197-5 enfin disponible","date":"28 octobre 2021","format":false,"excerpt":"Longtemps attendue par les professionnels de l\u2019industrie cimenti\u00e8re, la norme europ\u00e9enne NF EN 197-5 devient enfin une r\u00e9alit\u00e9 avec sa publication, le 1er octobre 2021. Cette norme va permettre d'\u00e9largir les offres de ciment bas carbone des entreprises cimenti\u00e8res car elle permet de nouvelles combinaisons d'ajouts bas carbone dans la\u2026","rel":"","context":"Dans &quot;Actualit\u00e9 Entreprises&quot;","img":{"alt_text":"","src":"https:\/\/i0.wp.com\/batimedianews.com\/live\/wp-content\/uploads\/2021\/10\/SFIC-Article.jpg?fit=512%2C512&ssl=1&resize=350%2C200","width":350,"height":200},"classes":[]},{"id":38339,"url":"https:\/\/batimedianews.com\/live\/index.php\/2024\/07\/01\/lafarge-lance-son-nouveau-ciment-ecoplanet-cem-iv-a-base-dargiles-activees-pour-decarboner-le-secteur-de-la-prefabrication\/","url_meta":{"origin":45919,"position":1},"title":"Lafarge lance son nouveau ciment ECOPlanet CEM IV \u00e0 base d\u2019argiles activ\u00e9es pour d\u00e9carboner le secteur de la pr\u00e9fabrication","date":"1 juillet 2024","format":false,"excerpt":"\u25cf Le ciment ECOPlanet CEM IV PMES \u201cpr\u00e9fa\u201d \u00e0 base d\u2019argiles activ\u00e9es, est fabriqu\u00e9 en Mayenne et disponible pour toute la fa\u00e7ade Ouest et la r\u00e9gion parisienne.\u25cf Il offre une r\u00e9duction carbone de 30% par rapport au ciment de r\u00e9f\u00e9rence CEM I*, une performance in\u00e9dite pour le secteur.\u25cf Sa classe\u2026","rel":"","context":"Dans &quot;Actualit\u00e9 Entreprises&quot;","img":{"alt_text":"","src":"https:\/\/i0.wp.com\/batimedianews.com\/live\/wp-content\/uploads\/2024\/06\/larfarge-articles-.jpg?fit=825%2C825&ssl=1&resize=350%2C200","width":350,"height":200},"classes":[]},{"id":45471,"url":"https:\/\/batimedianews.com\/live\/index.php\/2025\/06\/24\/point-p-et-carbicrete-lancent-les-premiers-blocs-beton-sans-ciment-en-france\/","url_meta":{"origin":45919,"position":2},"title":"POINT.P et CarbiCrete lancent les premiers blocs b\u00e9ton sans ciment en France","date":"24 juin 2025","format":false,"excerpt":"POINT.P, marque du groupe Saint-Gobain, et la soci\u00e9t\u00e9 canadienne CarbiCrete annoncent une premi\u00e8re en France : le d\u00e9marrage, au premier trimestre 2026, d'une ligne de production de plots de b\u00e9ton sans ciment dans les Hauts-de-France. Une ligne de production au service de la construction durable Deux ans apr\u00e8s la signature\u2026","rel":"","context":"Dans &quot;Actualit\u00e9 Entreprises&quot;","img":{"alt_text":"","src":"https:\/\/i1.wp.com\/batimedianews.com\/live\/wp-content\/uploads\/2025\/06\/POINT.P_CarbiCrete.jpg?fit=825%2C825&ssl=1&resize=350%2C200","width":350,"height":200},"classes":[]},{"id":6049,"url":"https:\/\/batimedianews.com\/live\/index.php\/2020\/09\/24\/kp1-signe-un-partenariat-exclusif-avec-hoffmann-green-cement-technologies-pour-des-systemes-prefabriques-en-beton-decarbone\/","url_meta":{"origin":45919,"position":3},"title":"KP1 signe un partenariat exclusif avec Hoffmann Green Cement Technologies pour des syst\u00e8mes pr\u00e9fabriqu\u00e9s en b\u00e9ton d\u00e9carbon\u00e9","date":"24 septembre 2020","format":false,"excerpt":"KP1, leader fran\u00e7ais des syst\u00e8mes constructifs pr\u00e9fabriqu\u00e9s, annonce la signature d\u2019un contrat exclusif sur 5 ans avec Hoffmann Green Cement Technologies, pionnier du ciment d\u00e9carbon\u00e9, pour le d\u00e9veloppement d\u2019une offre de syst\u00e8mes pr\u00e9fabriqu\u00e9s en b\u00e9ton d\u00e9carbon\u00e9.\u00a0 Cette collaboration est officialis\u00e9e apr\u00e8s le succ\u00e8s des premiers travaux men\u00e9s en laboratoires depuis\u2026","rel":"","context":"Dans &quot;Actualit\u00e9 Entreprises&quot;","img":{"alt_text":"","src":"https:\/\/i2.wp.com\/batimedianews.com\/live\/wp-content\/uploads\/2020\/09\/kp111.jpg?fit=942%2C408&ssl=1&resize=350%2C200","width":350,"height":200},"classes":[]},{"id":40342,"url":"https:\/\/batimedianews.com\/live\/index.php\/2024\/10\/07\/des-adjuvants-innovants-et-sur-mesure-pour-ouvrir-la-voie-vers-lutilisation-de-ciments-a-base-dargiles-calcinees-et-accelerer-la-decarbonation\/","url_meta":{"origin":45919,"position":4},"title":"Des adjuvants innovants et sur mesure pour ouvrir la voie vers l\u2019utilisation de ciments \u00e0 base d\u2019argiles calcin\u00e9es et acc\u00e9l\u00e9rer la d\u00e9carbonation","date":"7 octobre 2024","format":false,"excerpt":"https:\/\/www.youtube.com\/watch?v=TwyJLNxmwlA&t=163s \u00a0Le secteur de la construction conna\u00eet une transformation majeure en lien avec le d\u00e9veloppement durable et son ambition de r\u00e9duction de ses \u00e9missions de carbone pour un meilleur impact environnemental. Pour atteindre cet objectif, Chryso, marque phare de Saint-Gobain Chimie de la Construction, est fier de pr\u00e9senter EnviroMix\u00ae C-Clay,\u2026","rel":"","context":"Dans &quot;Actualit\u00e9 Entreprises&quot;","img":{"alt_text":"","src":"https:\/\/i0.wp.com\/batimedianews.com\/live\/wp-content\/uploads\/2024\/10\/Chryso-articles-.jpg?fit=825%2C825&ssl=1&resize=350%2C200","width":350,"height":200},"classes":[]},{"id":25984,"url":"https:\/\/batimedianews.com\/live\/index.php\/2023\/02\/02\/hoffmann-et-vm-materiaux-premier-accord-de-distribution-en-france-metropolitaine-pour-la-distribution-de-sacs-de-ciment-decarbone-h-iona\/","url_meta":{"origin":45919,"position":5},"title":"Hoffmann et VM Mat\u00e9riaux : Premier accord de distribution en France m\u00e9tropolitaine pour la distribution de sacs de ciment d\u00e9carbon\u00e9 H-IONA","date":"2 f\u00e9vrier 2023","format":false,"excerpt":"\u00a0Une acc\u00e9l\u00e9ration concr\u00e8te vers la d\u00e9carbonation de la construction.\u00a0 Chaill\u00e9-sous-les-Ormeaux, le 31 janvier 2023 \u2013 18h00 CET : Hoffmann Green Cement Technologies (ISIN : FR0013451044, Mn\u00e9mo : ALHGR) (\u00ab Hoffmann Green Cement \u00bb ou la \u00ab Soci\u00e9t\u00e9 \u00bb), acteur industriel engag\u00e9 dans la d\u00e9carbonation du secteur de la construction qui\u2026","rel":"","context":"Dans &quot;Actualit\u00e9 Entreprises&quot;","img":{"alt_text":"","src":"https:\/\/i1.wp.com\/batimedianews.com\/live\/wp-content\/uploads\/2023\/02\/Hoffmann-Article.jpg?fit=1080%2C1080&ssl=1&resize=350%2C200","width":350,"height":200},"classes":[]}],"_links":{"self":[{"href":"https:\/\/batimedianews.com\/live\/index.php\/wp-json\/wp\/v2\/posts\/45919"}],"collection":[{"href":"https:\/\/batimedianews.com\/live\/index.php\/wp-json\/wp\/v2\/posts"}],"about":[{"href":"https:\/\/batimedianews.com\/live\/index.php\/wp-json\/wp\/v2\/types\/post"}],"author":[{"embeddable":true,"href":"https:\/\/batimedianews.com\/live\/index.php\/wp-json\/wp\/v2\/users\/41"}],"replies":[{"embeddable":true,"href":"https:\/\/batimedianews.com\/live\/index.php\/wp-json\/wp\/v2\/comments?post=45919"}],"version-history":[{"count":2,"href":"https:\/\/batimedianews.com\/live\/index.php\/wp-json\/wp\/v2\/posts\/45919\/revisions"}],"predecessor-version":[{"id":45923,"href":"https:\/\/batimedianews.com\/live\/index.php\/wp-json\/wp\/v2\/posts\/45919\/revisions\/45923"}],"wp:featuredmedia":[{"embeddable":true,"href":"https:\/\/batimedianews.com\/live\/index.php\/wp-json\/wp\/v2\/media\/45922"}],"wp:attachment":[{"href":"https:\/\/batimedianews.com\/live\/index.php\/wp-json\/wp\/v2\/media?parent=45919"}],"wp:term":[{"taxonomy":"category","embeddable":true,"href":"https:\/\/batimedianews.com\/live\/index.php\/wp-json\/wp\/v2\/categories?post=45919"},{"taxonomy":"post_tag","embeddable":true,"href":"https:\/\/batimedianews.com\/live\/index.php\/wp-json\/wp\/v2\/tags?post=45919"}],"curies":[{"name":"wp","href":"https:\/\/api.w.org\/{rel}","templated":true}]}}