{"id":45929,"date":"2025-07-17T15:46:11","date_gmt":"2025-07-17T13:46:11","guid":{"rendered":"https:\/\/batimedianews.com\/live\/?p=45929"},"modified":"2025-07-17T15:46:14","modified_gmt":"2025-07-17T13:46:14","slug":"lexposition-universelle-2025-a-osaka-japon-vue-par-jean-pierre-laherre","status":"publish","type":"post","link":"https:\/\/batimedianews.com\/live\/index.php\/2025\/07\/17\/lexposition-universelle-2025-a-osaka-japon-vue-par-jean-pierre-laherre\/","title":{"rendered":"L&rsquo;Exposition Universelle 2025 \u00e0 Osaka (Japon) vue par Jean-Pierre Laherre"},"content":{"rendered":"\n<p class=\"is-style-lead\">L\u2019<strong>Exposition universelle de 2025 \u00e0 Osaka<\/strong> (Japon) s\u2019est donn\u00e9e pour mission de <strong>\u00ab concevoir la soci\u00e9t\u00e9 du futur, imaginer nos vies de demain \u00bb<\/strong>, avec un accent sur le d\u00e9veloppement durable et l\u2019innovation sociale. Sur l\u2019\u00eele artificielle de Yumeshima dans la baie d\u2019Osaka, plus de 150 pays et organisations pr\u00e9sentent jusqu\u2019en octobre 2025 leurs visions du monde de demain.<\/p>\n\n\n\n<p class=\"is-style-lead\"><\/p>\n\n\n\n<figure class=\"wp-block-image size-full\"><img loading=\"lazy\" width=\"720\" height=\"405\" src=\"https:\/\/i1.wp.com\/batimedianews.com\/live\/wp-content\/uploads\/2025\/07\/1751795964983.jpeg?resize=720%2C405&#038;ssl=1\" alt=\"\" class=\"wp-image-45953\" srcset=\"https:\/\/i1.wp.com\/batimedianews.com\/live\/wp-content\/uploads\/2025\/07\/1751795964983.jpeg?w=752&amp;ssl=1 752w, https:\/\/i1.wp.com\/batimedianews.com\/live\/wp-content\/uploads\/2025\/07\/1751795964983.jpeg?resize=768%2C432&amp;ssl=1 768w, https:\/\/i1.wp.com\/batimedianews.com\/live\/wp-content\/uploads\/2025\/07\/1751795964983.jpeg?resize=432%2C243&amp;ssl=1 432w, https:\/\/i1.wp.com\/batimedianews.com\/live\/wp-content\/uploads\/2025\/07\/1751795964983.jpeg?resize=396%2C223&amp;ssl=1 396w, https:\/\/i1.wp.com\/batimedianews.com\/live\/wp-content\/uploads\/2025\/07\/1751795964983.jpeg?resize=660%2C371&amp;ssl=1 660w\" sizes=\"(max-width: 600px) 91vw, (max-width: 900px) 600px, (max-width: 1060px) 50vw, (max-width: 1200px) 520px, (max-width: 1400px) 43vw, 600px\" data-recalc-dims=\"1\" \/><\/figure>\n\n\n\n<p>Cette Expo, v\u00e9ritable <strong>laboratoire vivant<\/strong>, s\u2019inscrit dans la lign\u00e9e des objectifs de d\u00e9veloppement durable de l\u2019ONU et de la strat\u00e9gie japonaise \u00ab Society 5.0 \u00bb visant \u00e0 int\u00e9grer les technologies au service de la soci\u00e9t\u00e9. Au programme : des pavillons futuristes, des d\u00e9monstrations technologiques et culturelles spectaculaires, et de multiples exp\u00e9riences immersives invitant les visiteurs (attendus au nombre de 28 millions) \u00e0 r\u00e9fl\u00e9chir de mani\u00e8re ludique aux enjeux de la plan\u00e8te et de la vie de demain.<\/p>\n\n\n\n<p><em>Le \u00ab Grand Ring \u00bb, gigantesque structure circulaire en bois de 2 km de circonf\u00e9rence, ceinture l\u2019ensemble du site de l\u2019Expo 2025. <\/em>Cet anneau de 20 m de haut, con\u00e7u par l\u2019architecte japonais <strong>Sou Fujimoto<\/strong>, est constitu\u00e9 de bois local (c\u00e8dre, cypr\u00e8s\u2026) assembl\u00e9 par des joints traditionnels sans clous. Symbole d\u2019<strong>unit\u00e9 dans la diversit\u00e9<\/strong>, il sert \u00e0 la fois de promenade panoramique et d\u2019abri climatique pour les visiteurs, offrant une vue imprenable sur les pavillons nationaux tout en les prot\u00e9geant du soleil et de la pluie. Officiellement reconnue comme <em>la plus grande structure en bois au monde<\/em> par le Guinness des records, cette prouesse d\u2019ing\u00e9nierie t\u00e9moigne de l\u2019engagement de l\u2019Expo envers l\u2019<strong>architecture durable<\/strong> \u2013 son toit verdoyant accueille fleurs et jardins, et son mat\u00e9riau principal, le bois, \u00e9voque le \u00ab beau cycle \u00bb naturel de captation du CO\u2082, comme l\u2019a soulign\u00e9 Fujimoto. \u00c0 l\u2019instar de la tour Eiffel (vestige de l\u2019Expo 1889) con\u00e7ue initialement pour \u00eatre \u00e9ph\u00e9m\u00e8re, le Grand Ring \u00e9tait cens\u00e9 \u00eatre d\u00e9mont\u00e9 apr\u00e8s l\u2019\u00e9v\u00e9nement, mais son succ\u00e8s est tel que le Japon envisage d\u00e9sormais de le conserver pour l\u2019h\u00e9ritage futur du site.<\/p>\n\n\n\n<h2><strong>Des pavillons visionnaires autour des villes de demain<\/strong><\/h2>\n\n\n\n<p>Autour de ce vaste anneau s\u2019organise un v\u00e9ritable \u00ab village global \u00bb de pavillons rivalisant de cr\u00e9ativit\u00e9 pour illustrer la <strong>ville et la soci\u00e9t\u00e9 de demain<\/strong>. Chaque pays interpr\u00e8te le th\u00e8me futuriste \u00e0 sa mani\u00e8re, mettant en sc\u00e8ne culture et technologies dans une optique de <strong>d\u00e9veloppement durable<\/strong>.<\/p>\n\n\n\n<p>&nbsp;Par exemple, l\u2019<strong>Allemagne<\/strong> explore la <strong>transformation \u00e9cologique et num\u00e9rique<\/strong> avec son projet \u00ab Wa! Germany \u00bb, ax\u00e9 sur l\u2019\u00e9conomie circulaire et les innovations en recyclage, \u00e9nergie propre ou mobilit\u00e9 verte.<\/p>\n\n\n\n<p>&nbsp;L\u2019<strong>Espagne<\/strong> propose une exp\u00e9rience multisensorielle tourn\u00e9e vers les oc\u00e9ans, la biodiversit\u00e9 marine et la lutte contre le changement climatique.<\/p>\n\n\n\n<p>&nbsp;Les <strong>\u00c9mirats arabes unis<\/strong> misent sur le concept de <strong>ville intelligente<\/strong> avec un pavillon au design futuriste pr\u00e9sentant leur vision avant-gardiste de l\u2019urbanisme durable. De son c\u00f4t\u00e9, l\u2019<strong>Italie<\/strong> marie art et technologie verte sous le th\u00e8me <em>\u00ab L\u2019art r\u00e9g\u00e9n\u00e8re la vie \u00bb<\/em>, s\u2019inspirant de la Renaissance pour imaginer un espace m\u00ealant \u0153uvres d\u2019art, jardins suspendus et solutions \u00e9cologiques du XXIe si\u00e8cle.<\/p>\n\n\n\n<p>De nombreuses autres nations \u2013 de la <strong>Belgique<\/strong> (avec un po\u00e9tique voyage \u00e0 travers les trois \u00e9tats de l\u2019eau) au <strong>Bahre\u00efn<\/strong> (th\u00e8me <em>\u00ab Connecting Seas \u00bb<\/em> valorisant l\u2019h\u00e9ritage maritime) \u2013 contribuent ainsi \u00e0 un panorama mondial des id\u00e9es pour un avenir meilleur.<\/p>\n\n\n\n<p>Cette diversit\u00e9 se retrouve \u00e9galement dans les <strong>pavillons th\u00e9matiques<\/strong> mis en place par l\u2019organisation de l\u2019Expo. Huit \u00ab signature pavillons \u00bb proposent des <strong>exp\u00e9riences immersives<\/strong> autour des grands d\u00e9fis de la vie future (sant\u00e9, alimentation, environnement\u2026).<\/p>\n\n\n\n<p>&nbsp;Par exemple, le pavillon <strong>Earth Mart<\/strong> se pr\u00e9sente comme un <strong>supermarch\u00e9 du futur<\/strong> explorant l\u2019alimentation durable et l\u2019\u00e9conomie circulaire, \u00e0 travers des installations ludiques et \u00e9ducatives.<\/p>\n\n\n\n<p>Un autre, nomm\u00e9 <strong>Better Co-Being<\/strong> (<em>\u00ab Mieux vivre ensemble \u00bb<\/em>), interroge les visiteurs sur la mani\u00e8re de construire une soci\u00e9t\u00e9 plus inclusive et collaborative.<\/p>\n\n\n\n<h2><strong>Le Japon : l\u2019innovation verte \u00e0 l\u2019honneur<\/strong><\/h2>\n\n\n\n<p>Pays h\u00f4te oblige, le <strong>Japon<\/strong> tient la vedette avec un pavillon national exemplaire en mati\u00e8re d\u2019<strong>innovation durable<\/strong>. Fid\u00e8le \u00e0 sa r\u00e9putation de haute technologie m\u00eal\u00e9e de po\u00e9sie et de tradition, le <strong>Pavillon du Japon<\/strong> incarne le concept des \u00ab circulations diversifi\u00e9es de la vie \u00bb et fonctionne lui-m\u00eame comme une infrastructure \u00e9cologique.<\/p>\n\n\n\n<p>&nbsp;Sa structure en bois lamell\u00e9-crois\u00e9 (CLT) d\u00e9montable et son design circulaire s\u2019inspirent directement du Grand Ring. Ce pavillon int\u00e8gre une v\u00e9ritable usine de recyclage : chaque jour, environ une tonne de d\u00e9chets organiques g\u00e9n\u00e9r\u00e9s sur le site de l\u2019Expo y est collect\u00e9e et trait\u00e9e sur place.<\/p>\n\n\n\n<p>&nbsp;Dans la <strong>Zone \u201cPlant\u201d<\/strong>, les visiteurs peuvent observer un <strong>bior\u00e9acteur op\u00e9rationnel<\/strong> qui <strong>m\u00e9thanise les d\u00e9chets alimentaires<\/strong> pour produire du biogaz et de l\u2019\u00e9lectricit\u00e9.<\/p>\n\n\n\n<p>Le parcours se prolonge dans la <strong>Zone \u201cFarm\u201d<\/strong>, o\u00f9 ce sont les <strong>algues<\/strong> qui volent la vedette.<\/p>\n\n\n\n<p>Le pavillon pr\u00e9sente <strong>32 vari\u00e9t\u00e9s d\u2019algues<\/strong> personnifi\u00e9es par Hello Kitty \u2013 chaque personnage repr\u00e9sentant une esp\u00e8ce. Les visiteurs d\u00e9couvrent dans un d\u00e9cor f\u00e9erique le potentiel de ces micro-organismes : fabrication de bioplastiques, r\u00f4le dans l\u2019alimentation et l\u2019\u00e9nergie.<\/p>\n\n\n\n<p>Enfin, la <strong>Zone \u201cFactory\u201d<\/strong> montre comment ces biomat\u00e9riaux peuvent donner naissance \u00e0 des objets du quotidien : des tabourets imprim\u00e9s en 3D \u00e0 partir de bioplastique de spiruline, ou encore des bras robotis\u00e9s simulant la fabrication en temps r\u00e9el.<\/p>\n\n\n\n<p><strong>La France : l\u2019art de vivre durable attire les foules<\/strong> Le pavillon fran\u00e7ais, intitul\u00e9 <em>\u00ab Un Hymne \u00e0 l\u2019amour \u00bb<\/em>, se pr\u00e9sente comme un espace <strong>po\u00e9tique et \u00e9l\u00e9gant<\/strong>, con\u00e7u par les architectes Thomas Coldefy et Carlo Ratti. Sa sc\u00e9nographie immersive, sign\u00e9e Justine Emard, fait vibrer les visiteurs autour des th\u00e8mes de l\u2019amour de soi, des autres et de la nature. Le <strong>succ\u00e8s est au rendez-vous<\/strong> : plus d\u2019un million de visiteurs en seulement 40 jours, ce qui en fait l\u2019un des pavillons les plus fr\u00e9quent\u00e9s de l\u2019Expo.<\/p>\n\n\n\n<figure class=\"wp-block-image size-large is-resized\"><img loading=\"lazy\" src=\"https:\/\/i1.wp.com\/batimedianews.com\/live\/wp-content\/uploads\/2025\/07\/Image1-1024x1024.jpg?resize=649%2C649&#038;ssl=1\" alt=\"\" class=\"wp-image-45930\" width=\"649\" height=\"649\" srcset=\"https:\/\/i2.wp.com\/batimedianews.com\/live\/wp-content\/uploads\/2025\/07\/Image1.jpg?resize=1024%2C1024&amp;ssl=1 1024w, https:\/\/i2.wp.com\/batimedianews.com\/live\/wp-content\/uploads\/2025\/07\/Image1.jpg?resize=600%2C600&amp;ssl=1 600w, https:\/\/i2.wp.com\/batimedianews.com\/live\/wp-content\/uploads\/2025\/07\/Image1.jpg?resize=300%2C300&amp;ssl=1 300w, https:\/\/i2.wp.com\/batimedianews.com\/live\/wp-content\/uploads\/2025\/07\/Image1.jpg?resize=1536%2C1536&amp;ssl=1 1536w, https:\/\/i2.wp.com\/batimedianews.com\/live\/wp-content\/uploads\/2025\/07\/Image1.jpg?resize=2048%2C2048&amp;ssl=1 2048w, https:\/\/i2.wp.com\/batimedianews.com\/live\/wp-content\/uploads\/2025\/07\/Image1.jpg?resize=10%2C10&amp;ssl=1 10w\" sizes=\"(max-width: 600px) 91vw, (max-width: 900px) 600px, (max-width: 1060px) 50vw, (max-width: 1200px) 520px, (max-width: 1400px) 43vw, 600px\" data-recalc-dims=\"1\" \/><\/figure>\n\n\n\n<p>La France y met en avant plusieurs de ses <strong>secteurs d\u2019excellence<\/strong> :<\/p>\n\n\n\n<ul><li>Le <strong>luxe et la haute couture<\/strong>, avec Dior ou Louis Vuitton partenaires du pavillon.<\/li><li>La <strong>gastronomie et les vins <\/strong>(du terroir alsacien) avec une offre culinaire \u00e9coresponsable mettant \u00e0 l\u2019honneur les terroirs fran\u00e7ais.<\/li><li>Les <strong>arts et la culture<\/strong>, avec des \u0153uvres de Rodin, une tapisserie d\u2019Aubusson inspir\u00e9e de Miyazaki et une gargouille rescap\u00e9e de Notre-Dame.<\/li><\/ul>\n\n\n\n<p>Le b\u00e2timent lui-m\u00eame est un mod\u00e8le de <strong>construction \u00e9ph\u00e9m\u00e8re durable<\/strong> : charpentes d\u00e9montables, double peau ext\u00e9rieure isolante, toiture v\u00e9g\u00e9talis\u00e9e. Le jardin suspendu autour d\u2019un olivier mill\u00e9naire symbolise cette alliance entre tradition et modernit\u00e9.<\/p>\n\n\n\n<figure class=\"wp-block-image size-full is-resized is-style-default\"><img loading=\"lazy\" src=\"https:\/\/i2.wp.com\/batimedianews.com\/live\/wp-content\/uploads\/2025\/07\/Image2.jpg?resize=615%2C817&#038;ssl=1\" alt=\"\" class=\"wp-image-45931\" width=\"615\" height=\"817\" srcset=\"https:\/\/i2.wp.com\/batimedianews.com\/live\/wp-content\/uploads\/2025\/07\/Image2.jpg?zoom=2&amp;resize=615%2C817 1230w, https:\/\/i2.wp.com\/batimedianews.com\/live\/wp-content\/uploads\/2025\/07\/Image2.jpg?zoom=3&amp;resize=615%2C817 1845w\" sizes=\"(max-width: 600px) 91vw, (max-width: 900px) 600px, (max-width: 1060px) 50vw, (max-width: 1200px) 520px, (max-width: 1400px) 43vw, 600px\" data-recalc-dims=\"1\" \/><\/figure>\n\n\n\n<h2><strong>R\u00eaver pour la plan\u00e8te : l\u2019onirisme comme moteur de sensibilisation<\/strong><\/h2>\n\n\n\n<p>Le <strong>Br\u00e9sil<\/strong> propose une immersion sensorielle \u00e0 travers un parcours en cinq actes, de la naissance \u00e0 la r\u00e9g\u00e9n\u00e9ration de la nature. Sculptures gonflables, lumi\u00e8res, sons, parfums\u2026 chaque \u00e9tape est con\u00e7ue pour \u00e9mouvoir et alerter. Le message est clair : prot\u00e9ger la bioiversit\u00e9 est un devoir sacr\u00e9.<\/p>\n\n\n\n<figure class=\"wp-block-image size-full is-style-default\"><img loading=\"lazy\" width=\"536\" height=\"714\" src=\"https:\/\/i1.wp.com\/batimedianews.com\/live\/wp-content\/uploads\/2025\/07\/Image3.jpg?resize=536%2C714&#038;ssl=1\" alt=\"\" class=\"wp-image-45932\" srcset=\"https:\/\/i1.wp.com\/batimedianews.com\/live\/wp-content\/uploads\/2025\/07\/Image3.jpg?w=536&amp;ssl=1 536w, https:\/\/i1.wp.com\/batimedianews.com\/live\/wp-content\/uploads\/2025\/07\/Image3.jpg?resize=768%2C1023&amp;ssl=1 768w, https:\/\/i1.wp.com\/batimedianews.com\/live\/wp-content\/uploads\/2025\/07\/Image3.jpg?resize=432%2C575&amp;ssl=1 432w, https:\/\/i1.wp.com\/batimedianews.com\/live\/wp-content\/uploads\/2025\/07\/Image3.jpg?resize=396%2C528&amp;ssl=1 396w\" sizes=\"(max-width: 600px) 91vw, (max-width: 900px) 600px, (max-width: 1060px) 50vw, (max-width: 1200px) 520px, (max-width: 1400px) 43vw, 600px\" data-recalc-dims=\"1\" \/><\/figure>\n\n\n\n<p>L\u2019<strong>Australie<\/strong> quant \u00e0 elle mise sur la narration solaire avec \u00ab Chasing the Sun \u00bb. Ce parcours du lever au coucher du soleil c\u00e9l\u00e8bre la beaut\u00e9 du paysage australien, les \u00e9nergies renouvelables et la sagesse aborig\u00e8ne. Ce pavillon rappelle que <strong>r\u00eaver le futur<\/strong> est une mani\u00e8re d\u2019en prendre soin.<\/p>\n\n\n\n<h2><strong>Un h\u00e9ritage d\u2019id\u00e9es pour le secteur du BTP<\/strong><\/h2>\n\n\n\n<p>Expo 2025 Osaka est une <strong>source d\u2019inspiration majeure pour les acteurs du BTP<\/strong>. Elle met en lumi\u00e8re :<\/p>\n\n\n\n<ul><li>L\u2019usage de <strong>mat\u00e9riaux durables<\/strong>, comme le bois lamell\u00e9 ou les bioplastiques.<\/li><li>L\u2019int\u00e9gration de <strong>boucles locales de recyclage et d\u2019\u00e9nergie<\/strong>.<\/li><li>La conception de <strong>b\u00e2timents modulaires, d\u00e9montables et r\u00e9utilisables<\/strong>.<\/li><li>L\u2019importance de <strong>l\u2019\u00e9motion et de la culture<\/strong> dans les projets urbains.<\/li><\/ul>\n\n\n\n<p>Le BTP de demain sera n\u00e9cessairement plus sobre, plus intelligent, plus int\u00e9gr\u00e9. L\u2019Expo d\u2019Osaka nous montre que l\u2019innovation architecturale, la technologie et la durabilit\u00e9 peuvent cohabiter harmonieusement. Il revient d\u00e9sormais aux b\u00e2tisseurs de transformer ces id\u00e9es en r\u00e9alit\u00e9s.<\/p>\n\n\n\n<p class=\"is-style-lead\"><a href=\"https:\/\/www.linkedin.com\/in\/jean-pierre-laherre\/\"><strong>Jean-Pierre LAHERRE<\/strong><\/a><br>Au coeur du BTP<br><\/p>\n\n\n\n<figure class=\"wp-block-image size-large is-resized\"><img loading=\"lazy\" src=\"https:\/\/i0.wp.com\/batimedianews.com\/live\/wp-content\/uploads\/2025\/07\/Capture-de\u0301cran-2025-07-17-a\u0300-14.25.57-1024x1024.png?resize=168%2C168&#038;ssl=1\" alt=\"\" class=\"wp-image-45956\" width=\"168\" height=\"168\" srcset=\"https:\/\/i2.wp.com\/batimedianews.com\/live\/wp-content\/uploads\/2025\/07\/Capture-de\u0301cran-2025-07-17-a\u0300-14.25.57.png?resize=1024%2C1024&amp;ssl=1 1024w, https:\/\/i2.wp.com\/batimedianews.com\/live\/wp-content\/uploads\/2025\/07\/Capture-de\u0301cran-2025-07-17-a\u0300-14.25.57.png?resize=600%2C600&amp;ssl=1 600w, https:\/\/i2.wp.com\/batimedianews.com\/live\/wp-content\/uploads\/2025\/07\/Capture-de\u0301cran-2025-07-17-a\u0300-14.25.57.png?resize=300%2C300&amp;ssl=1 300w, https:\/\/i2.wp.com\/batimedianews.com\/live\/wp-content\/uploads\/2025\/07\/Capture-de\u0301cran-2025-07-17-a\u0300-14.25.57.png?resize=1536%2C1536&amp;ssl=1 1536w, https:\/\/i2.wp.com\/batimedianews.com\/live\/wp-content\/uploads\/2025\/07\/Capture-de\u0301cran-2025-07-17-a\u0300-14.25.57.png?resize=2048%2C2048&amp;ssl=1 2048w, https:\/\/i2.wp.com\/batimedianews.com\/live\/wp-content\/uploads\/2025\/07\/Capture-de\u0301cran-2025-07-17-a\u0300-14.25.57.png?resize=10%2C10&amp;ssl=1 10w\" sizes=\"(max-width: 600px) 91vw, (max-width: 900px) 600px, (max-width: 1060px) 50vw, (max-width: 1200px) 520px, (max-width: 1400px) 43vw, 600px\" data-recalc-dims=\"1\" \/><\/figure>\n\n\n\n<p><\/p>\n\n\n\n<p><strong>R\u00e9f\u00e9rences<\/strong> :<\/p>\n\n\n\n<ol type=\"1\"><li><a href=\"https:\/\/www.euronews.com\/culture\/2025\/04\/12\/world-expo-2025-opens-in-osaka-themed-designing-future-society-for-our-lives\" target=\"_blank\" rel=\"noreferrer noopener\"><strong>https:\/\/www.euronews.com\/culture\/2025\/04\/12\/world-expo-2025-opens-in-osaka-themed-designing-future-society-for-our-lives<\/strong><\/a><\/li><li><a href=\"https:\/\/fr.insidetaiwan.net\/expo-2025-osaka-un-tour-du-monde-futuriste-a-ne-pas-manquer\/\"><strong>https:\/\/fr.insideTaiwan.net\/expo-2025-osaka-un-tour-du-monde-futuriste-a-ne-pas-manquer\/<\/strong><\/a><\/li><li><a href=\"https:\/\/newatlas.com\/architecture\/worlds-largest-wooden-structure-sou-fujimoto-expo-2025\/\"><strong>https:\/\/newatlas.com\/architecture\/worlds-largest-wooden-structure-sou-fujimoto-expo-2025\/<\/strong><\/a><\/li><li><a href=\"https:\/\/www.batinfo.com\/actualites\/expo-2025-le-grand-ring-symbole-dunite-et-record-en-bois_27769\"><strong>https:\/\/www.batinfo.com\/actualites\/expo-2025-le-grand-ring-symbole-dunite-et-record-en-bois_27769<\/strong><\/a><\/li><li><a href=\"https:\/\/www.circulareconomy.tokyo\/articles\/expo-2025-japan-pavilion-deep-dive\"><strong>https:\/\/www.circulareconomy.tokyo\/articles\/expo-2025-japan-pavilion-deep-dive<\/strong><\/a><\/li><li><a href=\"https:\/\/www.foodandsens.com\/non-classe\/osaka-2025-lexposition-universelle-qui-reve-a-haute-voix\/\"><strong>https:\/\/www.foodandsens.com\/non-classe\/osaka-2025-lexposition-universelle-qui-reve-a-haute-voix\/<\/strong><\/a><\/li><li><a href=\"https:\/\/www.batinfo.com\/actualites\/la-france-place-son-pavillon-sous-le-signe-de-lamour_27772\"><strong>https:\/\/www.batinfo.com\/actualites\/la-france-place-son-pavillon-sous-le-signe-de-lamour_27772<\/strong><\/a><\/li><li><a href=\"https:\/\/luxus-plus.com\/luxury-and-french-gastronomy-in-the-spotlight-at-osaka-world-expo-2025\/\"><strong>https:\/\/luxus-plus.com\/luxury-and-french-gastronomy-in-the-spotlight-at-osaka-world-expo-2025\/<\/strong><\/a><\/li><li><a href=\"https:\/\/www.apexbrasil.com.br\/brasil-na-expo-2025-osaka\"><strong>https:\/\/www.apexbrasil.com.br\/brasil-na-expo-2025-osaka<\/strong><\/a><\/li><li><a href=\"https:\/\/www.archdaily.com\/1007884\/buchan-designs-australian-pavilion-at-expo-2025\"><strong>https:\/\/www.archdaily.com\/1007884\/buchan-designs-australian-pavilion-at-expo-2025<\/strong><\/a><\/li><li><a href=\"https:\/\/fr.insidetaiwan.net\/expo-2025-osaka-un-tour-du-monde-futuriste-a-ne-pas-manquer\/\"><strong>https:\/\/fr.insideTaiwan.net\/expo-2025-osaka-un-tour-du-monde-futuriste-a-ne-pas-manquer\/<\/strong><\/a><\/li><li><a href=\"https:\/\/www.foodandsens.com\/non-classe\/osaka-2025-lexposition-universelle-qui-reve-a-haute-voix\/\"><strong>https:\/\/www.foodandsens.com\/non-classe\/osaka-2025-lexposition-universelle-qui-reve-a-haute-voix\/<\/strong><\/a><\/li><\/ol>\n","protected":false},"excerpt":{"rendered":"<p>L\u2019Exposition universelle de 2025 \u00e0 Osaka (Japon) s\u2019est donn\u00e9e pour mission de \u00ab concevoir la soci\u00e9t\u00e9 du futur, imaginer nos vies de demain \u00bb, avec un accent sur le d\u00e9veloppement durable et l\u2019innovation sociale. Sur l\u2019\u00eele artificielle de Yumeshima dans la baie d\u2019Osaka, plus de 150 pays et organisations pr\u00e9sentent jusqu\u2019en octobre 2025 leurs visions [&hellip;]<\/p>\n","protected":false},"author":1,"featured_media":45954,"comment_status":"open","ping_status":"open","sticky":true,"template":"","format":"standard","meta":{"spay_email":""},"categories":[4,77],"tags":[],"jetpack_featured_media_url":"https:\/\/i1.wp.com\/batimedianews.com\/live\/wp-content\/uploads\/2025\/07\/jp.jpg?fit=1031%2C562&ssl=1","jetpack_sharing_enabled":true,"jetpack_likes_enabled":true,"jetpack-related-posts":[{"id":13490,"url":"https:\/\/batimedianews.com\/live\/index.php\/2021\/11\/02\/terres-rares\/","url_meta":{"origin":45929,"position":0},"title":"TERRES RARES","date":"2 novembre 2021","format":false,"excerpt":"DAIKIN ANNONCE LE RETRAIT DES TERRES RARES DE SES POMPES \u00c0 CHALEUR D'ICI 2025\u00a0 \u00a0Daikin, acteur majeur sur le march\u00e9 mondial des solutions de climatisation, de chauffage et de purification de l'air, a communiqu\u00e9 l'arriv\u00e9e d'une nouvelle g\u00e9n\u00e9ration de pompes \u00e0 chaleur \u00e9co-\u00e9nerg\u00e9tiques, qui se passera des terres rares \u00e0\u2026","rel":"","context":"Dans &quot;Actualit\u00e9 Entreprises&quot;","img":{"alt_text":"","src":"https:\/\/i0.wp.com\/batimedianews.com\/live\/wp-content\/uploads\/2021\/10\/Daikin-Article-2.jpg?fit=512%2C512&ssl=1&resize=350%2C200","width":350,"height":200},"classes":[]},{"id":47803,"url":"https:\/\/batimedianews.com\/live\/index.php\/2025\/11\/05\/la-performance-au-service-des-pros-innovation-connectivite-et-ergonomie-sur-les-chantiers-de-demain-avec-stanley\/","url_meta":{"origin":45929,"position":1},"title":"\u201cLa performance au service des pros : innovation, connectivit\u00e9 et ergonomie sur les chantiers de demain.\u201d Avec STANLEY","date":"5 novembre 2025","format":false,"excerpt":"Rencontres avec les acteurs de l\u2019innovation et de la construction durable avec Lafarge durant le salon Artibat 2025 Reportage r\u00e9alis\u00e9 en Octobre 2025 par Batim\u00e9dia \u00c0 l\u2019occasion d\u2019Artibat 2025, Batim\u00e9dia Live part \u00e0 la rencontre des industriels, fabricants et acteurs cl\u00e9s du b\u00e2timent pour une s\u00e9rie d\u2019interviews et de reportages\u2026","rel":"","context":"Dans &quot;__Vid\u00e9os et Tutos&quot;","img":{"alt_text":"","src":"https:\/\/i2.wp.com\/batimedianews.com\/live\/wp-content\/uploads\/2025\/11\/STANLEY-1.png?fit=1080%2C1080&ssl=1&resize=350%2C200","width":350,"height":200},"classes":[]},{"id":45526,"url":"https:\/\/batimedianews.com\/live\/index.php\/2025\/06\/25\/nantes-universite-sexpose-au-salon-artibat-2025-un-pont-de-talents-symbole-dunion-des-savoir-faire\/","url_meta":{"origin":45929,"position":2},"title":"Nantes Universit\u00e9 s\u2019expose au salon ARTIBAT 2025 &#8211; Un pont de talents, symbole d\u2019union des savoir-faire","date":"25 juin 2025","format":false,"excerpt":"Artibat, l\u2019incontournable rendez-vous de la fili\u00e8re construction se tiendra \u00e0 Rennes, sur le Parc des Expositions, du 22 au 24 octobre prochains. Revendiquant la totalit\u00e9 de sa surface d\u2019exposition r\u00e9serv\u00e9e ( 65.000 m2 ), le Salon devrait accueillir, durant ces trois jours, plus de 40.000 visiteurs professionnels.\u00a0 Une occasion privil\u00e9gi\u00e9e,\u2026","rel":"","context":"Dans &quot;Actualit\u00e9s salons&quot;","img":{"alt_text":"","src":"https:\/\/i0.wp.com\/batimedianews.com\/live\/wp-content\/uploads\/2025\/06\/Artibat.jpg?fit=825%2C825&ssl=1&resize=350%2C200","width":350,"height":200},"classes":[]},{"id":14415,"url":"https:\/\/batimedianews.com\/live\/index.php\/2021\/12\/14\/expo-2020-de-dubai-siemens-propose-sa-vision-des-villes-de-demain-grace-a-la-digitalisation-des-infrastructures\/","url_meta":{"origin":45929,"position":3},"title":"Expo 2020 de Duba\u00ef : Siemens propose sa vision des villes de demain gr\u00e2ce \u00e0 la digitalisation des infrastructures","date":"14 d\u00e9cembre 2021","format":false,"excerpt":"Le site de l\u2019Expo 2020 de Duba\u00ef, avec une infrastructure connect\u00e9e par la technologie digitale Siemens, fournit un mod\u00e8le pour les villes intelligentes \u00e0 travers le monde\u00a0 Siemens a con\u00e7u une application Web de ville intelligente pour les responsables du site afin d\u2019optimiser l\u2019efficacit\u00e9, d\u2019\u00e9conomiser de l\u2019\u00e9nergie, de r\u00e9duire les\u2026","rel":"","context":"Dans &quot;Actualit\u00e9 Entreprises&quot;","img":{"alt_text":"","src":"https:\/\/i1.wp.com\/batimedianews.com\/live\/wp-content\/uploads\/2021\/12\/Siemens-Article.jpg?fit=512%2C512&ssl=1&resize=350%2C200","width":350,"height":200},"classes":[]},{"id":46155,"url":"https:\/\/batimedianews.com\/live\/index.php\/2025\/07\/30\/une-toiture-vegetalisee-aux-allures-de-prairie-fleurie-a-biarritz\/","url_meta":{"origin":45929,"position":4},"title":"Une toiture v\u00e9g\u00e9talis\u00e9e aux allures de prairie fleurie \u00e0 Biarritz","date":"30 juillet 2025","format":false,"excerpt":"Nich\u00e9e dans les hauteurs verdoyantes de Biarritz, cette maison contemporaine s\u2019est r\u00e9cemment dot\u00e9e d\u2019un nouvel atout \u00e9cologique et esth\u00e9tique : une toiture v\u00e9g\u00e9talis\u00e9e de 47 m\u00b2 sur le pool house, r\u00e9alis\u00e9e avec le syst\u00e8me prairie fleurie par ECOVEGETAL.\u00a0 Avec sa couverture en pleine floraison, ce toit vivant s\u2019int\u00e8gre harmonieusement \u00e0\u2026","rel":"","context":"Dans &quot;Actualit\u00e9 Entreprises&quot;","img":{"alt_text":"","src":"https:\/\/i1.wp.com\/batimedianews.com\/live\/wp-content\/uploads\/2025\/07\/ecovegetal.jpg?fit=825%2C825&ssl=1&resize=350%2C200","width":350,"height":200},"classes":[]},{"id":47301,"url":"https:\/\/batimedianews.com\/live\/index.php\/2025\/10\/09\/heidelberg-materials-expose-au-salon-artibat-2025-des-solutions-innovantes-pour-une-construction-plus-durable\/","url_meta":{"origin":45929,"position":5},"title":"Heidelberg Materials expose au Salon Artibat 2025 : des solutions innovantes pour une construction plus durable","date":"9 octobre 2025","format":false,"excerpt":"Heidelberg Materials participera au Salon Artibat 2025, qui se tiendra \u00e0 Rennes du 22 au 24 octobre prochains. Sur son espace situ\u00e9 Hall 10 A, Stand D41, l\u2019industriel pr\u00e9sentera trois offres phares incarnant son engagement pour une construction durable :la gamme evoBuild, regroupant des solutions \u00e0 faible empreinte carbone et\/ou\u2026","rel":"","context":"Dans &quot;Actualit\u00e9 Entreprises&quot;","img":{"alt_text":"","src":"https:\/\/i0.wp.com\/batimedianews.com\/live\/wp-content\/uploads\/2025\/10\/heidelberg.jpg?fit=825%2C825&ssl=1&resize=350%2C200","width":350,"height":200},"classes":[]}],"_links":{"self":[{"href":"https:\/\/batimedianews.com\/live\/index.php\/wp-json\/wp\/v2\/posts\/45929"}],"collection":[{"href":"https:\/\/batimedianews.com\/live\/index.php\/wp-json\/wp\/v2\/posts"}],"about":[{"href":"https:\/\/batimedianews.com\/live\/index.php\/wp-json\/wp\/v2\/types\/post"}],"author":[{"embeddable":true,"href":"https:\/\/batimedianews.com\/live\/index.php\/wp-json\/wp\/v2\/users\/1"}],"replies":[{"embeddable":true,"href":"https:\/\/batimedianews.com\/live\/index.php\/wp-json\/wp\/v2\/comments?post=45929"}],"version-history":[{"count":5,"href":"https:\/\/batimedianews.com\/live\/index.php\/wp-json\/wp\/v2\/posts\/45929\/revisions"}],"predecessor-version":[{"id":45962,"href":"https:\/\/batimedianews.com\/live\/index.php\/wp-json\/wp\/v2\/posts\/45929\/revisions\/45962"}],"wp:featuredmedia":[{"embeddable":true,"href":"https:\/\/batimedianews.com\/live\/index.php\/wp-json\/wp\/v2\/media\/45954"}],"wp:attachment":[{"href":"https:\/\/batimedianews.com\/live\/index.php\/wp-json\/wp\/v2\/media?parent=45929"}],"wp:term":[{"taxonomy":"category","embeddable":true,"href":"https:\/\/batimedianews.com\/live\/index.php\/wp-json\/wp\/v2\/categories?post=45929"},{"taxonomy":"post_tag","embeddable":true,"href":"https:\/\/batimedianews.com\/live\/index.php\/wp-json\/wp\/v2\/tags?post=45929"}],"curies":[{"name":"wp","href":"https:\/\/api.w.org\/{rel}","templated":true}]}}