{"id":45938,"date":"2025-07-17T09:21:20","date_gmt":"2025-07-17T07:21:20","guid":{"rendered":"http:\/\/batimedianews.com\/live\/?p=45938"},"modified":"2025-07-17T09:21:23","modified_gmt":"2025-07-17T07:21:23","slug":"entretien-paysager-et-forestier-dewalt-renforce-sa-presence-sur-le-marche-de-loutdoor-professionnel","status":"publish","type":"post","link":"https:\/\/batimedianews.com\/live\/index.php\/2025\/07\/17\/entretien-paysager-et-forestier-dewalt-renforce-sa-presence-sur-le-marche-de-loutdoor-professionnel\/","title":{"rendered":"Entretien paysager et forestier &#8211; DEWALT renforce sa pr\u00e9sence sur le march\u00e9 de l\u2019outdoor professionnel"},"content":{"rendered":"\n<p class=\"has-text-align-justify has-background\" style=\"background-color:#f9b804\"><strong>Pionni\u00e8re de l\u2019outillage \u00e9lectroportatif professionnel du groupe Stanley Black &amp; Decker, la marque DEWALT met son expertise en mati\u00e8re de batterie haute performance au service des m\u00e9tiers de l\u2019environnement avec le lancement d\u2019une nouvelle gamme. Con\u00e7ue pour r\u00e9pondre aux exigences des professionnels de l\u2019am\u00e9nagement paysager et forestier, la nouvelle gamme sans-fil DEWALT offre une alternative performante et fiable aux outils thermiques, avec une grande autonomie et une compatibilit\u00e9 totale avec son \u00e9cosyst\u00e8me de batteries ultra performantes.<\/strong><\/p>\n\n\n\n<figure class=\"wp-block-image size-full\"><img loading=\"lazy\" width=\"720\" height=\"416\" src=\"https:\/\/i1.wp.com\/batimedianews.com\/live\/wp-content\/uploads\/2025\/07\/image-65.png?resize=720%2C416\" alt=\"\" class=\"wp-image-45939\" srcset=\"https:\/\/i1.wp.com\/batimedianews.com\/live\/wp-content\/uploads\/2025\/07\/image-65.png?w=1816&amp;ssl=1 1816w, https:\/\/i1.wp.com\/batimedianews.com\/live\/wp-content\/uploads\/2025\/07\/image-65.png?resize=768%2C444&amp;ssl=1 768w, https:\/\/i1.wp.com\/batimedianews.com\/live\/wp-content\/uploads\/2025\/07\/image-65.png?resize=432%2C250&amp;ssl=1 432w, https:\/\/i1.wp.com\/batimedianews.com\/live\/wp-content\/uploads\/2025\/07\/image-65.png?resize=396%2C229&amp;ssl=1 396w, https:\/\/i1.wp.com\/batimedianews.com\/live\/wp-content\/uploads\/2025\/07\/image-65.png?resize=1120%2C648&amp;ssl=1 1120w, https:\/\/i1.wp.com\/batimedianews.com\/live\/wp-content\/uploads\/2025\/07\/image-65.png?resize=660%2C382&amp;ssl=1 660w, https:\/\/i1.wp.com\/batimedianews.com\/live\/wp-content\/uploads\/2025\/07\/image-65.png?w=1440 1440w\" sizes=\"(max-width: 600px) 91vw, (max-width: 900px) 600px, (max-width: 1060px) 50vw, (max-width: 1200px) 520px, (max-width: 1400px) 43vw, 600px\" data-recalc-dims=\"1\" \/><\/figure>\n\n\n\n<p class=\"has-text-color\" style=\"color:#f9b804\"><strong>SE POSITIONNER COMME UN ACTEUR DE R\u00c9F\u00c9RENCE AUPR\u00c8S DES PROFESSIONNELS DE L\u2019ENVIRONNEMENT<\/strong><\/p>\n\n\n\n<p class=\"has-text-align-justify\">En 2024, \u00e0 l\u2019occasion de son centenaire, DEWALT a r\u00e9affirm\u00e9 sa volont\u00e9 de consolider sa pr\u00e9sence en France en tirant partie de sa position dominante en Europe et de sa capacit\u00e9 \u00e0 placer l\u2019utilisateur final au coeur de sa strat\u00e9gie d\u2019entreprise. Historiquement reconnue dans les secteurs du b\u00e2timent\/construction et de l\u2019industrie, la marque acc\u00e9l\u00e8re en 2025 le <strong>d\u00e9veloppement de l\u2019un de ses secteurs strat\u00e9giques, l\u2019am\u00e9nagement et l\u2019entretien paysager et forestier<\/strong>, en pr\u00e9sentant aux professionnels de l\u2019environnement (paysagistes, \u00e9lagueurs ou encore agents municipaux) une <strong>nouvelle gamme sans-fil pens\u00e9e pour r\u00e9pondre \u00e0 leurs exigences et leurs besoins sur le terrain<\/strong>.<\/p>\n\n\n\n<p class=\"has-text-align-justify\">Si DEWALT propose d\u00e9j\u00e0 <strong>plus de 300 r\u00e9f\u00e9rences sur leurs plateformes de batterie \u2013 dont 250 en 18V et une centaine en FLEXVOLT<\/strong> \u2013 principalement utilis\u00e9es par les professionnels de la construction et de l\u2019industrie (BTP, maintenance,\u2026), l\u2019objectif est d\u00e9sormais de faire du sans-fil une v\u00e9ritable alternative aux outils thermiques pour les professionnels des espaces verts. En s\u2019appuyant sur sa <strong>ma\u00eetrise des syst\u00e8mes de batteries haute performance, DEWALT entend rivaliser avec les marques historiques du secteur, en offrant des solutions aussi puissantes que durables, avec une autonomie in\u00e9gal\u00e9e et un rapport qualit\u00e9-prix particuli\u00e8rement comp\u00e9titif.<\/strong><\/p>\n\n\n\n<div class=\"wp-block-media-text alignwide is-stacked-on-mobile\" style=\"grid-template-columns:15% auto\"><figure class=\"wp-block-media-text__media\"><img loading=\"lazy\" width=\"144\" height=\"158\" src=\"https:\/\/i1.wp.com\/batimedianews.com\/live\/wp-content\/uploads\/2025\/07\/image-66.png?resize=144%2C158\" alt=\"\" class=\"wp-image-45940 size-full\" srcset=\"https:\/\/i1.wp.com\/batimedianews.com\/live\/wp-content\/uploads\/2025\/07\/image-66.png?w=144&amp;ssl=1 144w, https:\/\/i1.wp.com\/batimedianews.com\/live\/wp-content\/uploads\/2025\/07\/image-66.png?resize=768%2C842&amp;ssl=1 768w, https:\/\/i1.wp.com\/batimedianews.com\/live\/wp-content\/uploads\/2025\/07\/image-66.png?resize=10%2C10&amp;ssl=1 10w\" sizes=\"(max-width: 600px) 91vw, (max-width: 900px) 600px, (max-width: 1060px) 50vw, (max-width: 1200px) 520px, (max-width: 1400px) 43vw, 600px\" data-recalc-dims=\"1\" \/><\/figure><div class=\"wp-block-media-text__content\">\n<p class=\"has-text-align-justify\">\u00a0\u00bb <em>Notre objectif est clair : offrir aux professionnels de l\u2019am\u00e9nagement et de l\u2019entretien paysager et forestier une solution capable de remplacer efficacement le thermique en supprimant ses contraintes. Gr\u00e2ce \u00e0 la puissance et \u00e0 l\u2019autonomie de notre \u00e9cosyst\u00e8me sans-fil, nous pla\u00e7ons DEWALT comme une alternative cr\u00e9dible et durable sur ce march\u00e9. Avec cette nouvelle gamme, nous voulons convaincre les professionnels de l\u2019environnement et faire de DEWALT une marque de r\u00e9f\u00e9rence comme elle l\u2019est d\u00e9j\u00e0 dans d\u2019autres secteurs.<\/em>\u00ab\u00a0<\/p>\n\n\n\n<p><strong>Antoine Champinot, Directeur g\u00e9n\u00e9ral Stanley Black &amp; Decker France.<\/strong><\/p>\n<\/div><\/div>\n\n\n\n<div class=\"wp-block-media-text alignwide has-media-on-the-right is-stacked-on-mobile\" style=\"grid-template-columns:auto 28%\"><figure class=\"wp-block-media-text__media\"><img loading=\"lazy\" width=\"588\" height=\"1194\" src=\"https:\/\/i1.wp.com\/batimedianews.com\/live\/wp-content\/uploads\/2025\/07\/image-67.png?resize=588%2C1194\" alt=\"\" class=\"wp-image-45941 size-full\" srcset=\"https:\/\/i1.wp.com\/batimedianews.com\/live\/wp-content\/uploads\/2025\/07\/image-67.png?w=588&amp;ssl=1 588w, https:\/\/i1.wp.com\/batimedianews.com\/live\/wp-content\/uploads\/2025\/07\/image-67.png?resize=768%2C1559&amp;ssl=1 768w, https:\/\/i1.wp.com\/batimedianews.com\/live\/wp-content\/uploads\/2025\/07\/image-67.png?resize=432%2C877&amp;ssl=1 432w, https:\/\/i1.wp.com\/batimedianews.com\/live\/wp-content\/uploads\/2025\/07\/image-67.png?resize=396%2C804&amp;ssl=1 396w\" sizes=\"(max-width: 600px) 91vw, (max-width: 900px) 600px, (max-width: 1060px) 50vw, (max-width: 1200px) 520px, (max-width: 1400px) 43vw, 600px\" data-recalc-dims=\"1\" \/><\/figure><div class=\"wp-block-media-text__content\">\n<p class=\"has-text-color has-medium-font-size\" style=\"color:#f9b804\"><strong>Une nouvelle gamme de produits qui r\u00e9pondent aux besoins du secteur<\/strong><\/p>\n\n\n\n<p class=\"has-text-align-justify\">Avec cette nouvelle gamme outdoor con\u00e7ue pour un usage intensif au quotidien (tron\u00e7onnage, soufflage, d\u00e9broussaillage, coupe en hauteur\u2026), <strong>DEWALT propose une offre fiable, s\u00e9curis\u00e9e et enti\u00e8rement compatible avec son \u00e9cosyst\u00e8me de batteries existant.<\/strong> V\u00e9ritables alternatives aux outils thermiques, ces \u00e9quipements se distinguent par : un <strong>niveau sonore faible<\/strong>, un d\u00e9marrage instantan\u00e9 et un <strong>entretien limit\u00e9<\/strong>, l\u2019<strong>absence d\u2019\u00e9mission nocive<\/strong> et leur <strong>parfaite conformit\u00e9 aux r\u00e9glementations de plus en plus strictes<\/strong>.<\/p>\n\n\n\n<p class=\"has-text-align-justify\"><strong>D\u00e9j\u00e0 pr\u00e9sente dans 100 points de vente sp\u00e9cialis\u00e9s, cette gamme b\u00e9n\u00e9ficiera d\u2019un d\u00e9veloppement ambitieux avec un objectif de 400 revendeurs d\u2019ici fin 2026.<\/strong><\/p>\n\n\n\n<p class=\"has-text-align-justify\">Ce d\u00e9ploiement sera compl\u00e9t\u00e9 par le lancement progressif de nouveaux produits : <strong>sept r\u00e9f\u00e9rences sont d\u2019ores et d\u00e9j\u00e0 disponibles et dix autres viendront \u00e9toffer la gamme dans les deux prochaines ann\u00e9es.<\/strong><\/p>\n\n\n\n<p class=\"has-text-align-justify\">En outre, pour r\u00e9pondre aux enjeux des professionnels, tous les produits de cette gamme ont \u00e9t\u00e9 con\u00e7us pour <strong>r\u00e9sister \u00e0 toutes les conditions climatiques et aux projections d\u2019eau et affichent une autonomie parmi les plus \u00e9lev\u00e9es du march\u00e9. <\/strong>Les packs de d\u00e9marrage comprennent l\u2019outil, une batterie FLEXVOLT \u2013 seule batterie du march\u00e9 compatible avec les outils 18V et 54V DEWALT \u2013 ainsi qu\u2019un chargeur.<\/p>\n\n\n\n<p>L\u2019ensemble est propos\u00e9 avec une garantie de trois ans.<\/p>\n<\/div><\/div>\n\n\n\n<h2><strong>LES PRODUITS PHARES DE LA GAMME :<\/strong><\/h2>\n\n\n\n<div class=\"wp-block-media-text alignwide is-stacked-on-mobile\" style=\"grid-template-columns:43% auto\"><figure class=\"wp-block-media-text__media\"><img loading=\"lazy\" width=\"720\" height=\"269\" src=\"https:\/\/i0.wp.com\/batimedianews.com\/live\/wp-content\/uploads\/2025\/07\/image-68.png?resize=720%2C269\" alt=\"\" class=\"wp-image-45942 size-full\" srcset=\"https:\/\/i0.wp.com\/batimedianews.com\/live\/wp-content\/uploads\/2025\/07\/image-68.png?w=782&amp;ssl=1 782w, https:\/\/i0.wp.com\/batimedianews.com\/live\/wp-content\/uploads\/2025\/07\/image-68.png?resize=768%2C286&amp;ssl=1 768w, https:\/\/i0.wp.com\/batimedianews.com\/live\/wp-content\/uploads\/2025\/07\/image-68.png?resize=432%2C161&amp;ssl=1 432w, https:\/\/i0.wp.com\/batimedianews.com\/live\/wp-content\/uploads\/2025\/07\/image-68.png?resize=396%2C148&amp;ssl=1 396w, https:\/\/i0.wp.com\/batimedianews.com\/live\/wp-content\/uploads\/2025\/07\/image-68.png?resize=660%2C246&amp;ssl=1 660w\" sizes=\"(max-width: 600px) 91vw, (max-width: 900px) 600px, (max-width: 1060px) 50vw, (max-width: 1200px) 520px, (max-width: 1400px) 43vw, 600px\" data-recalc-dims=\"1\" \/><\/figure><div class=\"wp-block-media-text__content\">\n<p class=\"has-text-align-justify\">La DCMST922, une d\u00e9broussailleuse 54V pens\u00e9e pour les travaux de fauche les plus exigeants. Elle est \u00e9quip\u00e9e d\u2019un harnais ergonomique, de lames interchangeables et d\u2019une t\u00eate \u00e0 rechargement rapide.<\/p>\n<\/div><\/div>\n\n\n\n<div class=\"wp-block-media-text alignwide has-media-on-the-right is-stacked-on-mobile\"><figure class=\"wp-block-media-text__media\"><img loading=\"lazy\" width=\"720\" height=\"224\" src=\"https:\/\/i2.wp.com\/batimedianews.com\/live\/wp-content\/uploads\/2025\/07\/image-69.png?resize=720%2C224\" alt=\"\" class=\"wp-image-45943 size-full\" srcset=\"https:\/\/i2.wp.com\/batimedianews.com\/live\/wp-content\/uploads\/2025\/07\/image-69.png?w=958&amp;ssl=1 958w, https:\/\/i2.wp.com\/batimedianews.com\/live\/wp-content\/uploads\/2025\/07\/image-69.png?resize=768%2C238&amp;ssl=1 768w, https:\/\/i2.wp.com\/batimedianews.com\/live\/wp-content\/uploads\/2025\/07\/image-69.png?resize=432%2C134&amp;ssl=1 432w, https:\/\/i2.wp.com\/batimedianews.com\/live\/wp-content\/uploads\/2025\/07\/image-69.png?resize=396%2C123&amp;ssl=1 396w, https:\/\/i2.wp.com\/batimedianews.com\/live\/wp-content\/uploads\/2025\/07\/image-69.png?resize=660%2C205&amp;ssl=1 660w, https:\/\/i2.wp.com\/batimedianews.com\/live\/wp-content\/uploads\/2025\/07\/image-69.png?resize=710%2C220&amp;ssl=1 710w\" sizes=\"(max-width: 600px) 91vw, (max-width: 900px) 600px, (max-width: 1060px) 50vw, (max-width: 1200px) 520px, (max-width: 1400px) 43vw, 600px\" data-recalc-dims=\"1\" \/><\/figure><div class=\"wp-block-media-text__content\">\n<p class=\"has-text-align-justify\">La tron\u00e7onneuse DCMCST635 se distingue par sa maniabilit\u00e9 et son format compact, avec plusieurs longueurs de guide disponibles (de 25 \u00e0 40 cm), id\u00e9ale pour les interventions rapides ou le d\u00e9montage d\u2019arbres.<\/p>\n<\/div><\/div>\n\n\n\n<div class=\"wp-block-media-text alignwide is-stacked-on-mobile\"><figure class=\"wp-block-media-text__media\"><img loading=\"lazy\" width=\"720\" height=\"222\" src=\"https:\/\/i2.wp.com\/batimedianews.com\/live\/wp-content\/uploads\/2025\/07\/image-70.png?resize=720%2C222\" alt=\"\" class=\"wp-image-45944 size-full\" srcset=\"https:\/\/i2.wp.com\/batimedianews.com\/live\/wp-content\/uploads\/2025\/07\/image-70.png?w=772&amp;ssl=1 772w, https:\/\/i2.wp.com\/batimedianews.com\/live\/wp-content\/uploads\/2025\/07\/image-70.png?resize=768%2C236&amp;ssl=1 768w, https:\/\/i2.wp.com\/batimedianews.com\/live\/wp-content\/uploads\/2025\/07\/image-70.png?resize=432%2C133&amp;ssl=1 432w, https:\/\/i2.wp.com\/batimedianews.com\/live\/wp-content\/uploads\/2025\/07\/image-70.png?resize=396%2C122&amp;ssl=1 396w, https:\/\/i2.wp.com\/batimedianews.com\/live\/wp-content\/uploads\/2025\/07\/image-70.png?resize=660%2C203&amp;ssl=1 660w, https:\/\/i2.wp.com\/batimedianews.com\/live\/wp-content\/uploads\/2025\/07\/image-70.png?resize=710%2C220&amp;ssl=1 710w\" sizes=\"(max-width: 600px) 91vw, (max-width: 900px) 600px, (max-width: 1060px) 50vw, (max-width: 1200px) 520px, (max-width: 1400px) 43vw, 600px\" data-recalc-dims=\"1\" \/><\/figure><div class=\"wp-block-media-text__content\">\n<p class=\"has-text-align-justify\">L\u2019\u00e9lagueuse sur perche DCMPS640 permet d\u2019atteindre plus de 4 m\u00e8tres de hauteur sans nacelle, facilitant ainsi les travaux en hauteur.<\/p>\n<\/div><\/div>\n\n\n\n<p><strong>\u00c0 propos de DEWALT<\/strong><\/p>\n\n\n\n<p class=\"has-text-align-justify has-small-font-size\">Depuis 100 ans, DEWALT s\u2019est taill\u00e9 une r\u00e9putation mondiale en concevant, fabriquant et commercialisant des machines particuli\u00e8rement robustes et puissantes. La combinaison des couleurs noire et jaune est d\u00e9pos\u00e9e pour les outils et accessoires de la marque qui devient rapidement une r\u00e9f\u00e9rence pour tous les professionnels du b\u00e2ment. Aujourd\u2019hui, DEWALT offre \u00e0 ses utilisateurs une gamme compl\u00e8te d\u2019outils \u00e9lectroportatifs et d\u2019accessoires hautement performants : perforateurs, scies, ponceuses, meuleuses etc. que ce soit pour le travail du m\u00e9tal, du b\u00e9ton, du bois ou autre. Avec POWERSHIFT, gamme lanc\u00e9e en 2024, DEWALT annonce clairement sa volont\u00e9 d\u2019\u00e9lectrifier les applications m\u00eame les plus complexes pour r\u00e9pondre aux enjeux du b\u00e2timent performant.<\/p>\n","protected":false},"excerpt":{"rendered":"<p>Pionni\u00e8re de l\u2019outillage \u00e9lectroportatif professionnel du groupe Stanley Black &amp; Decker, la marque DEWALT met son expertise en mati\u00e8re de batterie haute performance au service des m\u00e9tiers de l\u2019environnement avec le lancement d\u2019une nouvelle gamme. Con\u00e7ue pour r\u00e9pondre aux exigences des professionnels de l\u2019am\u00e9nagement paysager et forestier, la nouvelle gamme sans-fil DEWALT offre une alternative [&hellip;]<\/p>\n","protected":false},"author":41,"featured_media":45945,"comment_status":"open","ping_status":"open","sticky":true,"template":"","format":"standard","meta":{"spay_email":""},"categories":[4,1106,89],"tags":[],"jetpack_featured_media_url":"https:\/\/i0.wp.com\/batimedianews.com\/live\/wp-content\/uploads\/2025\/07\/DeWalt.jpg?fit=1513%2C825&ssl=1","jetpack_sharing_enabled":true,"jetpack_likes_enabled":true,"jetpack-related-posts":[{"id":36653,"url":"https:\/\/batimedianews.com\/live\/index.php\/2024\/04\/03\/dewalt-une-marque-centenaire-aux-ambitions-sans-limite\/","url_meta":{"origin":45938,"position":0},"title":"DEWALT, une marque centenaire aux ambitions sans limite","date":"3 avril 2024","format":false,"excerpt":"DEWALT, pionni\u00e8re de l\u2019outillage \u00e9lectroportatif, a c\u00e9l\u00e9br\u00e9 ses 100 ans au Matmut Stadium de Lyon, le 26 mars dernier. \u00c0 cette occasion, la marque phare du Groupe mondial Stanley Black & Decker a r\u00e9affirm\u00e9 ses ambitions pour renforcer sa pr\u00e9sence en France, l\u2019un de ses march\u00e9s prioritaires. Pour r\u00e9pondre \u00e0\u2026","rel":"","context":"Dans &quot;Actualit\u00e9 Entreprises&quot;","img":{"alt_text":"","src":"https:\/\/i1.wp.com\/batimedianews.com\/live\/wp-content\/uploads\/2024\/04\/DEWALT.jpg?fit=825%2C825&ssl=1&resize=350%2C200","width":350,"height":200},"classes":[]},{"id":47268,"url":"https:\/\/batimedianews.com\/live\/index.php\/2025\/10\/07\/worldskills-competition-nationale-des-metiers-2025-dewalt-accelere-son-engagement-en-faveur-de-la-nouvelle-generation-de-professionnels\/","url_meta":{"origin":45938,"position":1},"title":"WORLDSKILLS comp\u00e9tition nationale des m\u00e9tiers 2025 &#8211; DEWALT acc\u00e9l\u00e8re son engagement en faveur de la nouvelle g\u00e9n\u00e9ration de professionnels","date":"7 octobre 2025","format":false,"excerpt":"Marque r\u00e9f\u00e9rente de l\u2019outillage \u00e9lectroportatif en France, DEWALT (groupe mondial Stanley Black&Decker) s\u2019engage toujours plus aux c\u00f4t\u00e9s de la jeunesse et de la fili\u00e8re du b\u00e2timent. Du 16 au 18 octobre prochains, la 48e \u00e9dition des WorldSkills r\u00e9unit au Parc Chanot \u00e0 Marseille 800 jeunes talents dans pr\u00e8s de 70\u2026","rel":"","context":"Dans &quot;Actualit\u00e9 Entreprises&quot;","img":{"alt_text":"","src":"https:\/\/i2.wp.com\/batimedianews.com\/live\/wp-content\/uploads\/2025\/10\/DeWalt.jpg?fit=825%2C825&ssl=1&resize=350%2C200","width":350,"height":200},"classes":[]},{"id":40969,"url":"https:\/\/batimedianews.com\/live\/index.php\/2024\/10\/30\/dewalt-presente-ses-innovations-au-salon-batimat-2024\/","url_meta":{"origin":45938,"position":2},"title":"DEWALT pr\u00e9sente ses innovations au salon BATIMAT 2024","date":"30 octobre 2024","format":false,"excerpt":"30 sept - 3 oct \u23d0 Paris Porte de Versailles\u23d0Stands H7.2-K053 et H7.2-EXT03 Bonjour, DEWALT, pionni\u00e8re de l\u2019outillage \u00e9lectroportatif et marque phare du groupe mondial Stanley Black & Decker, sera pr\u00e9sente sur le salon BATIMAT, organis\u00e9 du 30 septembre au 3 octobre prochains \u00e0 Paris Porte de Versailles. Ce temps\u2026","rel":"","context":"Dans &quot;Actualit\u00e9 Entreprises&quot;","img":{"alt_text":"","src":"https:\/\/i1.wp.com\/batimedianews.com\/live\/wp-content\/uploads\/2024\/10\/DEWALT.jpg?fit=825%2C825&ssl=1&resize=350%2C200","width":350,"height":200},"classes":[]},{"id":160,"url":"https:\/\/batimedianews.com\/live\/index.php\/2018\/10\/03\/dewalt-nouvel-outil-xr-flexvolt-un-malaxeur-sans-fil\/","url_meta":{"origin":45938,"position":3},"title":"Dewalt : Nouvel outil XR FLEXVOLT : un malaxeur sans fil","date":"3 octobre 2018","format":false,"excerpt":"La puissance du filaire pour les m\u00e9langes les plus exigeants Avec le nouveau malaxeur DCD240 XR FLEVOLT 54V, DEWALT poursuit son objectif de simplifier le travail sur les chantiers avec des outils performants, robustes, ergonomiques et pratiques \u00e0 utiliser. Premier malaxeur sur batterie de la marque, la machine apporte \u00e0\u2026","rel":"","context":"Dans &quot;Artibat 2018&quot;","img":{"alt_text":"","src":"https:\/\/i0.wp.com\/batimedianews.com\/live\/wp-content\/uploads\/2018\/10\/dewalt4.jpg?fit=990%2C683&ssl=1&resize=350%2C200","width":350,"height":200},"classes":[]},{"id":47803,"url":"https:\/\/batimedianews.com\/live\/index.php\/2025\/11\/05\/la-performance-au-service-des-pros-innovation-connectivite-et-ergonomie-sur-les-chantiers-de-demain-avec-stanley\/","url_meta":{"origin":45938,"position":4},"title":"\u201cLa performance au service des pros : innovation, connectivit\u00e9 et ergonomie sur les chantiers de demain.\u201d Avec STANLEY","date":"5 novembre 2025","format":false,"excerpt":"Rencontres avec les acteurs de l\u2019innovation et de la construction durable avec Lafarge durant le salon Artibat 2025 Reportage r\u00e9alis\u00e9 en Octobre 2025 par Batim\u00e9dia \u00c0 l\u2019occasion d\u2019Artibat 2025, Batim\u00e9dia Live part \u00e0 la rencontre des industriels, fabricants et acteurs cl\u00e9s du b\u00e2timent pour une s\u00e9rie d\u2019interviews et de reportages\u2026","rel":"","context":"Dans &quot;__Vid\u00e9os et Tutos&quot;","img":{"alt_text":"","src":"https:\/\/i2.wp.com\/batimedianews.com\/live\/wp-content\/uploads\/2025\/11\/STANLEY-1.png?fit=1080%2C1080&ssl=1&resize=350%2C200","width":350,"height":200},"classes":[]},{"id":44083,"url":"https:\/\/batimedianews.com\/live\/index.php\/2025\/04\/03\/einhell-ambitions-et-perspectives-a-5-ans-cap-sur-les-2-milliards-de-chiffre-daffaires\/","url_meta":{"origin":45938,"position":5},"title":"EINHELL, ambitions et perspectives \u00e0 5 ans cap sur les 2 milliards de chiffre d\u2019affaires !","date":"3 avril 2025","format":false,"excerpt":"Depuis sa cr\u00e9ation en 1964, Einhell s\u2019est impos\u00e9 comme un leader de l\u2019outillage \u00e9lectroportatif, offrant des solutions performantes pour le bricolage et le jardinage. 60 ans d\u2019innovation ont permis \u00e0 l\u2019entreprise de b\u00e2tir une gamme de plus de 600 outils, r\u00e9pondant aux besoins de tous, \u00e0 l\u2019int\u00e9rieur comme \u00e0 l\u2019ext\u00e9rieur.\u2026","rel":"","context":"Dans &quot;Actualit\u00e9 Entreprises&quot;","img":{"alt_text":"","src":"https:\/\/i2.wp.com\/batimedianews.com\/live\/wp-content\/uploads\/2025\/04\/Einhell.jpg?fit=825%2C825&ssl=1&resize=350%2C200","width":350,"height":200},"classes":[]}],"_links":{"self":[{"href":"https:\/\/batimedianews.com\/live\/index.php\/wp-json\/wp\/v2\/posts\/45938"}],"collection":[{"href":"https:\/\/batimedianews.com\/live\/index.php\/wp-json\/wp\/v2\/posts"}],"about":[{"href":"https:\/\/batimedianews.com\/live\/index.php\/wp-json\/wp\/v2\/types\/post"}],"author":[{"embeddable":true,"href":"https:\/\/batimedianews.com\/live\/index.php\/wp-json\/wp\/v2\/users\/41"}],"replies":[{"embeddable":true,"href":"https:\/\/batimedianews.com\/live\/index.php\/wp-json\/wp\/v2\/comments?post=45938"}],"version-history":[{"count":2,"href":"https:\/\/batimedianews.com\/live\/index.php\/wp-json\/wp\/v2\/posts\/45938\/revisions"}],"predecessor-version":[{"id":45949,"href":"https:\/\/batimedianews.com\/live\/index.php\/wp-json\/wp\/v2\/posts\/45938\/revisions\/45949"}],"wp:featuredmedia":[{"embeddable":true,"href":"https:\/\/batimedianews.com\/live\/index.php\/wp-json\/wp\/v2\/media\/45945"}],"wp:attachment":[{"href":"https:\/\/batimedianews.com\/live\/index.php\/wp-json\/wp\/v2\/media?parent=45938"}],"wp:term":[{"taxonomy":"category","embeddable":true,"href":"https:\/\/batimedianews.com\/live\/index.php\/wp-json\/wp\/v2\/categories?post=45938"},{"taxonomy":"post_tag","embeddable":true,"href":"https:\/\/batimedianews.com\/live\/index.php\/wp-json\/wp\/v2\/tags?post=45938"}],"curies":[{"name":"wp","href":"https:\/\/api.w.org\/{rel}","templated":true}]}}