{"id":45955,"date":"2025-07-18T09:08:26","date_gmt":"2025-07-18T07:08:26","guid":{"rendered":"http:\/\/batimedianews.com\/live\/?p=45955"},"modified":"2025-07-18T09:08:28","modified_gmt":"2025-07-18T07:08:28","slug":"infobox-revolution-v3-linnovation-connectee-pour-optimiser-a-distance-la-ventilation-des-batiments-et-resister-plus-facilement-aux-pics-de-chaleur-lete","status":"publish","type":"post","link":"https:\/\/batimedianews.com\/live\/index.php\/2025\/07\/18\/infobox-revolution-v3-linnovation-connectee-pour-optimiser-a-distance-la-ventilation-des-batiments-et-resister-plus-facilement-aux-pics-de-chaleur-lete\/","title":{"rendered":"INFOBOX REVOLUTION V3 : l\u2019innovation connect\u00e9e pour optimiser \u00e0 distance la ventilation des b\u00e2timents et r\u00e9sister plus facilement aux pics de chaleur l\u2019\u00e9t\u00e9 !"},"content":{"rendered":"\n<p class=\"has-text-align-justify\"><strong>Alors que les vagues de chaleur estivales deviennent plus fr\u00e9quentes et intenses, assurer un confort thermique optimal tout en limitant le recours \u00e0 la climatisation est un d\u00e9fi pour les gestionnaires de b\u00e2timents. Gr\u00e2ce \u00e0 INFOBOX R\u00c9VOLUTION V3, VTI, leader fran\u00e7ais du march\u00e9 de la ventilation basse pression, propose une solution de ventilation connect\u00e9e qui permet de piloter \u00e0 tout moment et \u00e0 distance la ventilation des b\u00e2timents pour faire des \u00e9conomies d\u2019\u00e9nergie et rendre le quotidien des r\u00e9sidents beaucoup plus confortable lors des \u00e9pisodes caniculaires.&nbsp;<\/strong><\/p>\n\n\n\n<p class=\"has-text-color has-medium-font-size\" style=\"color:#3f72cb\"><strong>Supporter plus facilement la chaleur avec une ventilation performante&nbsp;<\/strong><\/p>\n\n\n\n<p class=\"has-text-align-justify\">L\u2019\u00e9t\u00e9, une ventilation performante permet de maintenir une temp\u00e9rature int\u00e9rieure agr\u00e9able sans surconsommer d\u2019\u00e9nergie. <strong>Les solutions VTI, en basse ou haute pression, assurent un renouvellement d\u2019air continu, favorisant la dissipation de la chaleur accumul\u00e9e<\/strong>. Gr\u00e2ce \u00e0 la sur-ventilation nocturne, l\u2019air chaud est naturellement \u00e9vacu\u00e9, et les b\u00e2timents retrouvent une fra\u00eecheur durable d\u00e8s le matin.&nbsp;<\/p>\n\n\n\n<p class=\"has-text-align-justify\">Gr\u00e2ce aux solutions VTI de type VMC, l\u2019air chaud est \u00e9vacu\u00e9 naturellement, optimisant ainsi le confort thermique.&nbsp;<\/p>\n\n\n\n<p class=\"has-text-align-justify\">Pour aller plus loin encore, et offrir l\u2019opportunit\u00e9 aux gestionnaires de pouvoir r\u00e9guler \u00e0 tout moment la ventilation lors de pics de chaleurs, VTI a con\u00e7u l\u2019innovation INFOBOX REVOLUTION V3.&nbsp;<\/p>\n\n\n\n<p class=\"has-text-color has-medium-font-size\" style=\"color:#3f72cb\"><strong>INFOBOX REVOLUTION V3, l\u2019\u00e9co-ventilation connect\u00e9e pour un rafra\u00eechissement intelligent&nbsp;<\/strong><\/p>\n\n\n\n<figure class=\"wp-block-image size-full\"><img loading=\"lazy\" width=\"720\" height=\"324\" src=\"https:\/\/i2.wp.com\/batimedianews.com\/live\/wp-content\/uploads\/2025\/07\/image-71.png?resize=720%2C324\" alt=\"\" class=\"wp-image-45958\" srcset=\"https:\/\/i2.wp.com\/batimedianews.com\/live\/wp-content\/uploads\/2025\/07\/image-71.png?w=1400&amp;ssl=1 1400w, https:\/\/i2.wp.com\/batimedianews.com\/live\/wp-content\/uploads\/2025\/07\/image-71.png?resize=768%2C345&amp;ssl=1 768w, https:\/\/i2.wp.com\/batimedianews.com\/live\/wp-content\/uploads\/2025\/07\/image-71.png?resize=432%2C194&amp;ssl=1 432w, https:\/\/i2.wp.com\/batimedianews.com\/live\/wp-content\/uploads\/2025\/07\/image-71.png?resize=396%2C178&amp;ssl=1 396w, https:\/\/i2.wp.com\/batimedianews.com\/live\/wp-content\/uploads\/2025\/07\/image-71.png?resize=1120%2C504&amp;ssl=1 1120w, https:\/\/i2.wp.com\/batimedianews.com\/live\/wp-content\/uploads\/2025\/07\/image-71.png?resize=660%2C297&amp;ssl=1 660w\" sizes=\"(max-width: 600px) 91vw, (max-width: 900px) 600px, (max-width: 1060px) 50vw, (max-width: 1200px) 520px, (max-width: 1400px) 43vw, 600px\" data-recalc-dims=\"1\" \/><\/figure>\n\n\n\n<p class=\"has-text-align-justify\">L\u2019innovation INFOBOX R\u00c9VOLUTION V3 permet aux gestionnaires des b\u00e2timents de piloter \u00e0 distance la ventilation, d&rsquo;ajuster automatiquement les d\u00e9bits selon la m\u00e9t\u00e9o, de renforcer la ventilation nocturne ou d\u2019anticiper les \u00e9pisodes de forte chaleur. Le tout, facilement accessible depuis un portail en ligne via ordinateur, tablette ou smartphone.&nbsp;<\/p>\n\n\n\n<p class=\"has-text-align-justify\"><em>\u00ab Infobox Revolution, c\u2019est un pilotage intelligent qui renforce le rafra\u00eechissement passif, r\u00e9duit le recours \u00e0 la climatisation et am\u00e9liore durablement le bien-\u00eatre des occupants. Une solution concr\u00e8te pour faire face aux nouveaux d\u00e9fis climatique \u00bb <\/em>explique Sylvain MONDINA, responsable bureau d&rsquo;\u00e9tudes et R&amp;D de VTI.&nbsp;<\/p>\n\n\n\n<p class=\"has-text-align-justify\">Compatible avec toutes les familles de solutions VTI, INFOBOX REVOLUTION V3 permet de prendre le contr\u00f4le de l\u2019\u00e9cosyst\u00e8me ventilation en toute simplicit\u00e9 avec :&nbsp;<\/p>\n\n\n\n<ul><li><strong>Plus de connectivit\u00e9 <\/strong>pour superviser et contr\u00f4ler la ventilation \u00e0 distance, facilement depuis un ordinateur, une tablette ou un smartphone.&nbsp;<\/li><li><strong>Des \u00e9conomies d\u2019\u00e9nergie <\/strong>gr\u00e2ce \u00e0 une interface intelligente, pour optimiser l\u2019utilisation de son syst\u00e8me de ventilation VTI.&nbsp;<\/li><li><strong>Un suivi pr\u00e9cis et un pilotage \u00e0 distance <\/strong>: \u00e9tat de fonctionnement, param\u00e9trage, historique des alarmes, derni\u00e8res maintenances, consommations d\u2019\u00e9nergies, donn\u00e9es M\u00e9t\u00e9o.&nbsp;<\/li><\/ul>\n\n\n\n<p class=\"has-text-align-justify\">INFOBOX REVOLUTION V3 est la solution id\u00e9ale pour r\u00e9pondre aux besoins des <strong>ma\u00eetres d\u2019ouvrages et entreprises de maintenance<\/strong>, et offrir un air plus sain au quotidien.&nbsp;<\/p>\n\n\n\n<p class=\"has-text-color has-medium-font-size\" style=\"color:#3f72cb\"><strong>Des b\u00e9n\u00e9fices concrets pour les r\u00e9sidents et gestionnaires de b\u00e2timents&nbsp;<\/strong><\/p>\n\n\n\n<p class=\"has-text-align-justify\">Gr\u00e2ce \u00e0 l\u2019interface intuitive et \u00e0 la t\u00e9l\u00e9surveillance en temps r\u00e9el, les responsables de maintenance b\u00e9n\u00e9ficient d\u2019un contr\u00f4le pr\u00e9cis sur l\u2019\u00e9tat des installations, les consommations d\u2019\u00e9nergie et les historiques d\u2019alerte. Les interventions sont anticip\u00e9es, les performances optimis\u00e9es et les \u00e9conomies au rendez-vous.&nbsp;<\/p>\n\n\n\n<p style=\"font-size:15px\"><strong>\u00c0 propos de VTI :&nbsp;<\/strong><\/p>\n\n\n\n<p class=\"has-text-align-justify\" style=\"font-size:15px\">Fond\u00e9e par Jean-Michel et Ghislaine Fraisse, VTI &#8211; Ventilation, Technicit\u00e9, Innovation &#8211; c\u00e9l\u00e8bre avec fiert\u00e9 40 ann\u00e9es d\u2019excellence dans le domaine de la ventilation basse pression, d\u00e9di\u00e9e aux immeubles construits avant 1982. Leader du march\u00e9 avec plus de 23 solutions, la soci\u00e9t\u00e9 s\u2019est aussi lanc\u00e9e en 2024 sur le march\u00e9 de la ventilation Haute Pression, avec sa premi\u00e8re solution VMC Supair\u2019Vent, pour r\u00e9nover \u00e9galement les b\u00e2timents collectifs construits apr\u00e8s 1982.&nbsp;<\/p>\n\n\n\n<p class=\"has-text-align-justify\" style=\"font-size:15px\">Sous la direction actuelle de Eric Fraisse, l\u2019entreprise innove chaque ann\u00e9e pour am\u00e9liorer la qualit\u00e9 de l\u2019air int\u00e9rieur en s\u2019appuyant sur son savoir-faire technologique, son d\u00e9partement R&amp;D et bureau d\u2019\u00e9tude. Toutes les solutions VTI sont con\u00e7ues et fabriqu\u00e9es au sein des 2 usines localis\u00e9es \u00e0 Frontignan. L\u2019entreprise propose \u00e9galement de nombreux services, formations, et outils connect\u00e9s pour appuyer les bureaux d\u2019\u00e9tude, architectes, maitres d\u2019ouvrage et installateurs qui prescrivent les solutions VTI aupr\u00e8s des bailleurs sociaux et syndics de propri\u00e9t\u00e9.&nbsp;<\/p>\n\n\n\n<p><\/p>\n","protected":false},"excerpt":{"rendered":"<p>Alors que les vagues de chaleur estivales deviennent plus fr\u00e9quentes et intenses, assurer un confort thermique optimal tout en limitant le recours \u00e0 la climatisation est un d\u00e9fi pour les gestionnaires de b\u00e2timents. Gr\u00e2ce \u00e0 INFOBOX R\u00c9VOLUTION V3, VTI, leader fran\u00e7ais du march\u00e9 de la ventilation basse pression, propose une solution de ventilation connect\u00e9e qui [&hellip;]<\/p>\n","protected":false},"author":41,"featured_media":45960,"comment_status":"open","ping_status":"open","sticky":true,"template":"","format":"standard","meta":{"spay_email":""},"categories":[4,35,449,134],"tags":[],"jetpack_featured_media_url":"https:\/\/i0.wp.com\/batimedianews.com\/live\/wp-content\/uploads\/2025\/07\/VTI.jpg?fit=1513%2C825&ssl=1","jetpack_sharing_enabled":true,"jetpack_likes_enabled":true,"jetpack-related-posts":[{"id":25847,"url":"https:\/\/batimedianews.com\/live\/index.php\/2023\/02\/01\/la-box-multipack-le-superviseur-le-plus-evolue-du-marche-pour-une-gestion-optimale-des-batiments\/","url_meta":{"origin":45955,"position":0},"title":"LA BOX MULTIPACK, le superviseur le plus \u00e9volu\u00e9 du march\u00e9 pour une gestion optimale des b\u00e2timents.","date":"1 f\u00e9vrier 2023","format":false,"excerpt":"La soci\u00e9t\u00e9 SOUCHIER-BOULLET, qui regroupe trois marques commerciales - SOUCHIER, sp\u00e9cialiste des syst\u00e8mes de d\u00e9senfumage naturel architectural, BOULLET, experte des solutions de compartimentage coupe-feu et GENATIS, sp\u00e9cialis\u00e9e dans la gestion des \u00e9nergies naturelles - pr\u00e9sente sa BOX MULTIPACK, outil de supervision \u00e0 distance le plus complet du march\u00e9 d\u00e9di\u00e9 \u00e0\u2026","rel":"","context":"Dans &quot;Actualit\u00e9 Entreprises&quot;","img":{"alt_text":"","src":"https:\/\/i1.wp.com\/batimedianews.com\/live\/wp-content\/uploads\/2023\/01\/SouchierBoullet-Article.jpg?fit=1080%2C1080&ssl=1&resize=350%2C200","width":350,"height":200},"classes":[]},{"id":2642,"url":"https:\/\/batimedianews.com\/live\/index.php\/2019\/09\/09\/genatis-fortes-chaleurs-et-confort-thermique\/","url_meta":{"origin":45955,"position":1},"title":"Genatis : FORTES CHALEURS ET CONFORT THERMIQUE","date":"9 septembre 2019","format":false,"excerpt":"INSTALLATION ADIABATIQUE PERFORMANTE POUR LE SITE LOGISTIQUE DE DECATHLON A FERRIERES-EN-BRIE (77) La plateforme logistique de D\u00e9cathlon, situ\u00e9e \u00e0 Ferri\u00e8res-en-Brie (77), b\u00e9n\u00e9ficie depuis juillet 2019 d\u2019une installation de rafraichissement adiabatique de Souchier-Boullet, \u00e0 travers sa marque Genatis d\u00e9di\u00e9e au confort thermique et aux syst\u00e8mes de pilotage intelligent. Pour r\u00e9pondre aux\u2026","rel":"","context":"Dans &quot;Climatisation&quot;","img":{"alt_text":"","src":"https:\/\/i0.wp.com\/batimedianews.com\/live\/wp-content\/uploads\/2019\/09\/genatis6.jpg?fit=835%2C835&ssl=1&resize=350%2C200","width":350,"height":200},"classes":[]},{"id":23068,"url":"https:\/\/batimedianews.com\/live\/index.php\/2022\/09\/15\/interclima-2022-venez-decouvrir-et-tester-nos-nouveautes-2022\/","url_meta":{"origin":45955,"position":2},"title":"Interclima 2022 \u2013 Venez d\u00e9couvrir et tester nos nouveaut\u00e9s 2022","date":"15 septembre 2022","format":false,"excerpt":"\u00a0Le sp\u00e9cialiste en mat\u00e9riels\u00a0de ventilation, climatisation,\u00a0et chauffages a\u00e9rauliques\u00a0 Axelair, le sp\u00e9cialiste en mat\u00e9riels de ventilation, climatisation, et chauffages a\u00e9rauliques sera pr\u00e9sent \u00e0 Interclima du 3 au 6 octobre 2022, \u00e0 Paris Expo Porte de Versailles \u2013 Pavillon 3, Stand M090.\u00a0 Notre \u00e9quipe vous accueillera sur notre stand afin de vous\u2026","rel":"","context":"Dans &quot;Actualit\u00e9 Entreprises&quot;","img":{"alt_text":"","src":"https:\/\/i1.wp.com\/batimedianews.com\/live\/wp-content\/uploads\/2022\/09\/Axelair-Article.jpg?fit=1080%2C1080&ssl=1&resize=350%2C200","width":350,"height":200},"classes":[]},{"id":48587,"url":"https:\/\/batimedianews.com\/live\/index.php\/2025\/12\/18\/barometre-sur-la-consommation-energetique-des-batiments-tertiaires\/","url_meta":{"origin":45955,"position":3},"title":"Barom\u00e8tre sur la consommation \u00e9nerg\u00e9tique des b\u00e2timents tertiaires","date":"18 d\u00e9cembre 2025","format":false,"excerpt":"Pour la 1\u00e8re \u00e9dition de ce barom\u00e8tre, Mitsubishi Electric d\u00e9voile des chiffres in\u00e9dits sur la consommation \u00e9nerg\u00e9tique de bureaux, d\u2019h\u00f4tels et d\u2019\u00e9tablissements bancaires, repr\u00e9sentant 34 800 m\u00b2 et 1 600 dispositifs de chauffage\/climatisation (syst\u00e8mes de pompes \u00e0 chaleur), r\u00e9partis sur tout le territoire fran\u00e7ais. Ces donn\u00e9es pr\u00e9cises ont pu \u00eatre\u2026","rel":"","context":"Dans &quot;Actualit\u00e9 Entreprises&quot;","img":{"alt_text":"","src":"https:\/\/i2.wp.com\/batimedianews.com\/live\/wp-content\/uploads\/2025\/12\/barometre-MEL.png?fit=1169%2C638&ssl=1&resize=350%2C200","width":350,"height":200},"classes":[]},{"id":3753,"url":"https:\/\/batimedianews.com\/live\/index.php\/2020\/02\/05\/ventilairsec-group-officialise-la-sortie-de-la-vmi-purevent-sa-nouvelle-vmc-par-insufflation-connectee\/","url_meta":{"origin":45955,"position":4},"title":"VENTILAIRSEC GROUP officialise la sortie de la VMI\u00ae PUREVENT\u00ae , sa nouvelle VMC par insufflation connect\u00e9e","date":"5 f\u00e9vrier 2020","format":false,"excerpt":"La VMI\u00ae PUREVENT\u00ae c\u2019est la ventilation par insufflation connect\u00e9e qui d\u00e9montre qu\u2019elle tient ses promesses en mati\u00e8re de qualit\u00e9 d\u2019air int\u00e9rieur. Elle fait respirer l\u2019habitat en fonction de la pollution r\u00e9elle de l\u2019int\u00e9rieur (pilotage du d\u00e9bit d\u2019air multi-crit\u00e8res humidit\u00e9 et CO2) et participe, par couplage, aux besoins de chauffage et\u2026","rel":"","context":"Dans &quot;Actualit\u00e9 Entreprises&quot;","img":{"alt_text":"","src":"https:\/\/i0.wp.com\/batimedianews.com\/live\/wp-content\/uploads\/2020\/02\/ventilaisec2.jpg?fit=690%2C483&ssl=1&resize=350%2C200","width":350,"height":200},"classes":[]},{"id":11647,"url":"https:\/\/batimedianews.com\/live\/index.php\/2021\/09\/06\/lassociation-du-systeme-verriere-modulaire-velux-et-du-verre-electrochrome-sageglass-fournit-une-solution-ultra-performante-au-siege-social-dactis-en-france\/","url_meta":{"origin":45955,"position":5},"title":"L\u2019association du syst\u00e8me Verri\u00e8re Modulaire VELUX et du verre \u00e9lectrochrome SageGlass fournit une solution ultra-performante au si\u00e8ge social d&rsquo;ACTIS en France","date":"6 septembre 2021","format":false,"excerpt":"\u00a0Si\u00e8ge social d'Actis \u00e0 Limoux, zone climatique H3, 2800 m2Cr\u00e9dit photos Velux Commercial\/SageGlass - Photographe AN PRODUCTIONS VELUX Commercial et SageGlass (Groupe Saint-Gobain)\u00a0se rejoignent autour d\u2019un objectif commun : am\u00e9liorer le bien-\u00eatre\u00a0de chacun, notamment en laissant entrer un maximum de lumi\u00e8re naturelle dans les b\u00e2timents. Leur collaboration au niveau europ\u00e9en\u2026","rel":"","context":"Dans &quot;Actualit\u00e9 Entreprises&quot;","img":{"alt_text":"","src":"https:\/\/i1.wp.com\/batimedianews.com\/live\/wp-content\/uploads\/2021\/08\/VELUX-Article.jpg?fit=512%2C512&ssl=1&resize=350%2C200","width":350,"height":200},"classes":[]}],"_links":{"self":[{"href":"https:\/\/batimedianews.com\/live\/index.php\/wp-json\/wp\/v2\/posts\/45955"}],"collection":[{"href":"https:\/\/batimedianews.com\/live\/index.php\/wp-json\/wp\/v2\/posts"}],"about":[{"href":"https:\/\/batimedianews.com\/live\/index.php\/wp-json\/wp\/v2\/types\/post"}],"author":[{"embeddable":true,"href":"https:\/\/batimedianews.com\/live\/index.php\/wp-json\/wp\/v2\/users\/41"}],"replies":[{"embeddable":true,"href":"https:\/\/batimedianews.com\/live\/index.php\/wp-json\/wp\/v2\/comments?post=45955"}],"version-history":[{"count":2,"href":"https:\/\/batimedianews.com\/live\/index.php\/wp-json\/wp\/v2\/posts\/45955\/revisions"}],"predecessor-version":[{"id":45978,"href":"https:\/\/batimedianews.com\/live\/index.php\/wp-json\/wp\/v2\/posts\/45955\/revisions\/45978"}],"wp:featuredmedia":[{"embeddable":true,"href":"https:\/\/batimedianews.com\/live\/index.php\/wp-json\/wp\/v2\/media\/45960"}],"wp:attachment":[{"href":"https:\/\/batimedianews.com\/live\/index.php\/wp-json\/wp\/v2\/media?parent=45955"}],"wp:term":[{"taxonomy":"category","embeddable":true,"href":"https:\/\/batimedianews.com\/live\/index.php\/wp-json\/wp\/v2\/categories?post=45955"},{"taxonomy":"post_tag","embeddable":true,"href":"https:\/\/batimedianews.com\/live\/index.php\/wp-json\/wp\/v2\/tags?post=45955"}],"curies":[{"name":"wp","href":"https:\/\/api.w.org\/{rel}","templated":true}]}}