{"id":45963,"date":"2025-07-18T09:13:34","date_gmt":"2025-07-18T07:13:34","guid":{"rendered":"http:\/\/batimedianews.com\/live\/?p=45963"},"modified":"2025-07-18T09:13:36","modified_gmt":"2025-07-18T07:13:36","slug":"la-drieat-prend-possession-de-son-nouveau-siege-a-paris-issu-dune-transformation-ambitieuse-du-site-existant","status":"publish","type":"post","link":"https:\/\/batimedianews.com\/live\/index.php\/2025\/07\/18\/la-drieat-prend-possession-de-son-nouveau-siege-a-paris-issu-dune-transformation-ambitieuse-du-site-existant\/","title":{"rendered":"La DRIEAT prend possession de son nouveau si\u00e8ge \u00e0 Paris, issu d\u2019une transformation ambitieuse du site existant"},"content":{"rendered":"\n<figure class=\"wp-block-image size-full\"><img loading=\"lazy\" width=\"720\" height=\"193\" src=\"https:\/\/i0.wp.com\/batimedianews.com\/live\/wp-content\/uploads\/2025\/07\/image-73.png?resize=720%2C193\" alt=\"\" class=\"wp-image-45965\" srcset=\"https:\/\/i0.wp.com\/batimedianews.com\/live\/wp-content\/uploads\/2025\/07\/image-73.png?w=1720&amp;ssl=1 1720w, https:\/\/i0.wp.com\/batimedianews.com\/live\/wp-content\/uploads\/2025\/07\/image-73.png?resize=768%2C205&amp;ssl=1 768w, https:\/\/i0.wp.com\/batimedianews.com\/live\/wp-content\/uploads\/2025\/07\/image-73.png?resize=432%2C116&amp;ssl=1 432w, https:\/\/i0.wp.com\/batimedianews.com\/live\/wp-content\/uploads\/2025\/07\/image-73.png?resize=396%2C106&amp;ssl=1 396w, https:\/\/i0.wp.com\/batimedianews.com\/live\/wp-content\/uploads\/2025\/07\/image-73.png?resize=1120%2C300&amp;ssl=1 1120w, https:\/\/i0.wp.com\/batimedianews.com\/live\/wp-content\/uploads\/2025\/07\/image-73.png?resize=660%2C177&amp;ssl=1 660w, https:\/\/i0.wp.com\/batimedianews.com\/live\/wp-content\/uploads\/2025\/07\/image-73.png?w=1440 1440w\" sizes=\"(max-width: 600px) 91vw, (max-width: 900px) 600px, (max-width: 1060px) 50vw, (max-width: 1200px) 520px, (max-width: 1400px) 43vw, 600px\" data-recalc-dims=\"1\" \/><\/figure>\n\n\n\n<div class=\"wp-block-media-text alignwide has-media-on-the-right is-stacked-on-mobile\" style=\"grid-template-columns:auto 37%\"><figure class=\"wp-block-media-text__media\"><img loading=\"lazy\" width=\"720\" height=\"485\" src=\"https:\/\/i2.wp.com\/batimedianews.com\/live\/wp-content\/uploads\/2025\/07\/image-74.png?resize=720%2C485\" alt=\"\" class=\"wp-image-45966 size-full\" srcset=\"https:\/\/i2.wp.com\/batimedianews.com\/live\/wp-content\/uploads\/2025\/07\/image-74.png?w=748&amp;ssl=1 748w, https:\/\/i2.wp.com\/batimedianews.com\/live\/wp-content\/uploads\/2025\/07\/image-74.png?resize=768%2C517&amp;ssl=1 768w, https:\/\/i2.wp.com\/batimedianews.com\/live\/wp-content\/uploads\/2025\/07\/image-74.png?resize=432%2C291&amp;ssl=1 432w, https:\/\/i2.wp.com\/batimedianews.com\/live\/wp-content\/uploads\/2025\/07\/image-74.png?resize=396%2C267&amp;ssl=1 396w, https:\/\/i2.wp.com\/batimedianews.com\/live\/wp-content\/uploads\/2025\/07\/image-74.png?resize=660%2C445&amp;ssl=1 660w\" sizes=\"(max-width: 600px) 91vw, (max-width: 900px) 600px, (max-width: 1060px) 50vw, (max-width: 1200px) 520px, (max-width: 1400px) 43vw, 600px\" data-recalc-dims=\"1\" \/><\/figure><div class=\"wp-block-media-text__content\">\n<p class=\"has-text-align-justify\">Les \u00e9quipes de Spie batignolles ile-de-france ont officiellement livr\u00e9 cet \u00e9t\u00e9 le nouvel ensemble immobilier de la Direction R\u00e9gionale et Interd\u00e9partementale de l\u2019Environnement, de l\u2019Am\u00e9nagement et des Transports d\u2019Ile-de-France (DRIEAT) et de la Direction Interr\u00e9gionale de la Protection Judiciaire de la Jeunesse (DIRPJJ), situ\u00e9 au 21-23 rue Miollis, dans le 15e arrondissement de Paris.&nbsp;<\/p>\n\n\n\n<p class=\"has-text-align-justify\">Cet ensemble a fait l\u2019objet d\u2019une op\u00e9ration de r\u00e9habilitation d\u2019envergure, dans le cadre du programme de r\u00e9novation durable France Relance du gouvernement fran\u00e7ais, afin de proposer au personnel de la DRIEAT et de la DIRPJJ des locaux modernes, confortables et lui garantissant des conditions de travail optimales.&nbsp;<\/p>\n<\/div><\/div>\n\n\n\n<div class=\"wp-block-media-text alignwide has-media-on-the-right is-stacked-on-mobile\" style=\"grid-template-columns:auto 38%\"><figure class=\"wp-block-media-text__media\"><img loading=\"lazy\" width=\"720\" height=\"572\" src=\"https:\/\/i1.wp.com\/batimedianews.com\/live\/wp-content\/uploads\/2025\/07\/image-75.png?resize=720%2C572\" alt=\"\" class=\"wp-image-45967 size-full\" srcset=\"https:\/\/i1.wp.com\/batimedianews.com\/live\/wp-content\/uploads\/2025\/07\/image-75.png?w=748&amp;ssl=1 748w, https:\/\/i1.wp.com\/batimedianews.com\/live\/wp-content\/uploads\/2025\/07\/image-75.png?resize=768%2C609&amp;ssl=1 768w, https:\/\/i1.wp.com\/batimedianews.com\/live\/wp-content\/uploads\/2025\/07\/image-75.png?resize=432%2C343&amp;ssl=1 432w, https:\/\/i1.wp.com\/batimedianews.com\/live\/wp-content\/uploads\/2025\/07\/image-75.png?resize=396%2C314&amp;ssl=1 396w, https:\/\/i1.wp.com\/batimedianews.com\/live\/wp-content\/uploads\/2025\/07\/image-75.png?resize=660%2C524&amp;ssl=1 660w\" sizes=\"(max-width: 600px) 91vw, (max-width: 900px) 600px, (max-width: 1060px) 50vw, (max-width: 1200px) 520px, (max-width: 1400px) 43vw, 600px\" data-recalc-dims=\"1\" \/><\/figure><div class=\"wp-block-media-text__content\">\n<p class=\"has-text-align-justify\">Construit dans les ann\u00e9es 1970, ce site qui compte 4 b\u00e2timents, ne r\u00e9pondait plus aux normes de modernit\u00e9, de s\u00e9curit\u00e9, et \u00e9tait devenu trop \u00e9nergivore.&nbsp;<\/p>\n\n\n\n<p class=\"has-text-align-justify\">Dans le cadre d\u2019un march\u00e9 global de performance, ce chantier de r\u00e9habilitation en conception\/construction et maintenance avait \u00e9t\u00e9 confi\u00e9 \u00e0 un groupement men\u00e9 par Spie batignolles ile-de-france, compos\u00e9 de deux agences d\u2019architecture AIA Life Designers et Atelier Phil\u00e9as et les entreprises MATHIS (bois) et VIGILIS (exploitant mainteneur), pour un montant de 37 millions d\u2019euros.&nbsp;<\/p>\n\n\n\n<p class=\"has-text-align-justify\">D\u00e9marr\u00e9s en mai 2023, ce chantier majeur a pris fin au printemps 2025, permettant notamment aux salari\u00e9s de la DRIEAT et de la DIRPJJ de prendre possession de leurs nouveaux locaux.&nbsp;<\/p>\n\n\n\n<p class=\"has-text-align-justify\">Dans une logique de rationalisation du patrimoine public, le nouveau site est en capacit\u00e9 d\u2019accueillir un service suppl\u00e9mentaire de l\u2019Etat, celui de la Direction R\u00e9gionale et Interd\u00e9partementale de l\u2019Economie, de l\u2019Emploi, du travail et des solidarit\u00e9s (DRIEETS) pour regrouper 1 000 agents au total.&nbsp;<\/p>\n<\/div><\/div>\n\n\n\n<p class=\"has-medium-font-size\"><strong>Plusieurs ambitions \u00e9tatiques&nbsp;<\/strong><\/p>\n\n\n\n<p class=\"has-text-align-justify\">En plus de s\u2019assurer de conditions de travail agr\u00e9ables pour les agents publics, le gouvernement ambitionnait \u00e9galement de conf\u00e9rer \u00e0 l\u2019ensemble immobilier des caract\u00e9ristiques environnementales pr\u00e9gnantes visant \u00e0 atteindre une r\u00e9duction de 60 % de ses consommations \u00e9nerg\u00e9tiques.&nbsp;<\/p>\n\n\n\n<p class=\"has-text-align-justify\">L\u2019am\u00e9lioration du b\u00e2timent contribue aussi \u00e0 l\u2019embellissement et \u00e0 l\u2019attractivit\u00e9 de tout un quartier.&nbsp;<\/p>\n\n\n\n<p class=\"has-text-align-justify\">Pour r\u00e9pondre \u00e0 ces enjeux, une r\u00e9flexion sur la requalification de la cit\u00e9 administrative Miollis a \u00e9t\u00e9 engag\u00e9e d\u00e8s 2017. L\u2019inscription du projet dans le plan France Relance a permis de b\u00e9n\u00e9ficier d\u2019un financement d\u00e9cisif, pour lancer officiellement les travaux de r\u00e9habilitation, d\u2019extension et de sur\u00e9l\u00e9vation sur pr\u00e8s de 20 000 m\u00b2 de surface de plancher.&nbsp;<\/p>\n\n\n\n<div class=\"wp-block-image\"><figure class=\"aligncenter size-full is-resized\"><img loading=\"lazy\" src=\"https:\/\/i2.wp.com\/batimedianews.com\/live\/wp-content\/uploads\/2025\/07\/image-76.png?resize=352%2C272\" alt=\"\" class=\"wp-image-45968\" width=\"352\" height=\"272\" srcset=\"https:\/\/i2.wp.com\/batimedianews.com\/live\/wp-content\/uploads\/2025\/07\/image-76.png?w=748&amp;ssl=1 748w, https:\/\/i2.wp.com\/batimedianews.com\/live\/wp-content\/uploads\/2025\/07\/image-76.png?resize=768%2C593&amp;ssl=1 768w, https:\/\/i2.wp.com\/batimedianews.com\/live\/wp-content\/uploads\/2025\/07\/image-76.png?resize=432%2C334&amp;ssl=1 432w, https:\/\/i2.wp.com\/batimedianews.com\/live\/wp-content\/uploads\/2025\/07\/image-76.png?resize=396%2C306&amp;ssl=1 396w, https:\/\/i2.wp.com\/batimedianews.com\/live\/wp-content\/uploads\/2025\/07\/image-76.png?resize=660%2C510&amp;ssl=1 660w\" sizes=\"(max-width: 600px) 91vw, (max-width: 900px) 600px, (max-width: 1060px) 50vw, (max-width: 1200px) 520px, (max-width: 1400px) 43vw, 600px\" data-recalc-dims=\"1\" \/><\/figure><\/div>\n\n\n\n<p class=\"has-text-align-justify\">\u00c0 la place des quatre b\u00e2timents d\u2019origine, un ensemble de quatre immeubles en R+5, class\u00e9s ERP de 5e cat\u00e9gorie, compose le nouveau site, tout en respectant les dimensions initiales du foncier et les prescriptions du PLU.&nbsp;<\/p>\n\n\n\n<p class=\"has-text-align-justify\">S\u2019agissant d\u2019un ensemble positionn\u00e9 dans un quartier caract\u00e9ris\u00e9 par une forte densit\u00e9 urbaine, la bonne communication avec les riverains s\u2019est av\u00e9r\u00e9e essentielle. Pour cette raison, d\u00e8s la phase d\u2019\u00e9tudes, les acteurs de ce projet ont pr\u00e9sent\u00e9 les travaux envisag\u00e9s aux riverains et ont maintenu une communication r\u00e9guli\u00e8re tout au long du chantier afin de limiter les nuisances aupr\u00e8s des habitants et commerces.&nbsp;<\/p>\n\n\n\n<p class=\"has-medium-font-size\"><strong>Une nouvelle identit\u00e9 plus verte&nbsp;<\/strong><\/p>\n\n\n\n<p class=\"has-text-align-justify\">Les agences AIA Life Designers et Atelier Phil\u00e9as ont compl\u00e8tement repens\u00e9 l\u2019architecture du site, pour offrir une nouvelle identit\u00e9 et une nouvelle vitrine \u00e0 ce b\u00e2timent, visible depuis la rue Miollis, tout en am\u00e9liorant son accessibilit\u00e9 au public.&nbsp;<\/p>\n\n\n\n<p class=\"has-text-align-justify\">Dans ce nouveau dessin architectural, la nature est pr\u00e9pond\u00e9rante et tous les choix d\u2019\u00e9quipements raisonn\u00e9s, pour tendre vers la d\u00e9carbonation et les r\u00e9ductions \u00e9nerg\u00e9tiques dans le respect de plusieurs r\u00e9glementations, de programmes de certifications et dans l\u2019anticipation de futures normes :&nbsp;<\/p>\n\n\n\n<ul><li>Futur PLU bioclimatique de la Ville de Paris&nbsp;<\/li><li>D\u00e9cret Tertiaire applicable en 2050&nbsp;<\/li><li>Label biosourc\u00e9 niveau 2&nbsp;<\/li><li>B\u00e2timent Durable BDF niveau argent&nbsp;<\/li><li>Label HQE\u00ae niveau Excellent&nbsp;<\/li><\/ul>\n\n\n\n<p class=\"has-text-align-justify\">L\u2019abondance de la v\u00e9g\u00e9talisation et le programme de min\u00e9ralisation du site permet de cr\u00e9er des \u00eelots de fra\u00eecheur en recouvrant plusieurs parties du b\u00e2timent comme la fa\u00e7ade, le toit et l\u2019am\u00e9nagement de jardins en \u00eelots int\u00e9rieurs des b\u00e2timents. Ces \u00e9l\u00e9ments naturels participent \u00e0 maintenir le confort d\u2019\u00e9t\u00e9 au sein des bureaux sans utiliser de syst\u00e8me de rafra\u00eechissement.&nbsp;<\/p>\n\n\n\n<p class=\"has-text-align-justify\">L\u2019ensemble des espaces ext\u00e9rieurs est d\u00e9simperm\u00e9abilis\u00e9 et recouvert de nouvelles plantations.&nbsp;<\/p>\n\n\n\n<div class=\"wp-block-image\"><figure class=\"aligncenter size-full is-resized\"><img loading=\"lazy\" src=\"https:\/\/i0.wp.com\/batimedianews.com\/live\/wp-content\/uploads\/2025\/07\/image-77.png?resize=313%2C242\" alt=\"\" class=\"wp-image-45969\" width=\"313\" height=\"242\" srcset=\"https:\/\/i0.wp.com\/batimedianews.com\/live\/wp-content\/uploads\/2025\/07\/image-77.png?w=748&amp;ssl=1 748w, https:\/\/i0.wp.com\/batimedianews.com\/live\/wp-content\/uploads\/2025\/07\/image-77.png?resize=768%2C593&amp;ssl=1 768w, https:\/\/i0.wp.com\/batimedianews.com\/live\/wp-content\/uploads\/2025\/07\/image-77.png?resize=432%2C334&amp;ssl=1 432w, https:\/\/i0.wp.com\/batimedianews.com\/live\/wp-content\/uploads\/2025\/07\/image-77.png?resize=396%2C306&amp;ssl=1 396w, https:\/\/i0.wp.com\/batimedianews.com\/live\/wp-content\/uploads\/2025\/07\/image-77.png?resize=660%2C510&amp;ssl=1 660w\" sizes=\"(max-width: 600px) 91vw, (max-width: 900px) 600px, (max-width: 1060px) 50vw, (max-width: 1200px) 520px, (max-width: 1400px) 43vw, 600px\" data-recalc-dims=\"1\" \/><\/figure><\/div>\n\n\n\n<p class=\"has-text-align-justify\">Parmi les mat\u00e9riaux biosourc\u00e9s durables s\u00e9lectionn\u00e9s, le bois a \u00e9t\u00e9 employ\u00e9 pour cr\u00e9er des fa\u00e7ades en ossature bois, r\u00e9aliser des toitures terrasses et pour des \u00e9l\u00e9ments constructifs tels que les poteaux et poutres en superstructure. Ces installations ont \u00e9t\u00e9 r\u00e9alis\u00e9es par l\u2019entreprise MATHIS.&nbsp;<\/p>\n\n\n\n<div class=\"wp-block-columns\">\n<div class=\"wp-block-column\">\n<figure class=\"wp-block-image size-full\"><img loading=\"lazy\" width=\"720\" height=\"516\" src=\"https:\/\/i2.wp.com\/batimedianews.com\/live\/wp-content\/uploads\/2025\/07\/image-78.png?resize=720%2C516\" alt=\"\" class=\"wp-image-45970\" srcset=\"https:\/\/i2.wp.com\/batimedianews.com\/live\/wp-content\/uploads\/2025\/07\/image-78.png?w=748&amp;ssl=1 748w, https:\/\/i2.wp.com\/batimedianews.com\/live\/wp-content\/uploads\/2025\/07\/image-78.png?resize=768%2C550&amp;ssl=1 768w, https:\/\/i2.wp.com\/batimedianews.com\/live\/wp-content\/uploads\/2025\/07\/image-78.png?resize=432%2C310&amp;ssl=1 432w, https:\/\/i2.wp.com\/batimedianews.com\/live\/wp-content\/uploads\/2025\/07\/image-78.png?resize=396%2C284&amp;ssl=1 396w, https:\/\/i2.wp.com\/batimedianews.com\/live\/wp-content\/uploads\/2025\/07\/image-78.png?resize=660%2C473&amp;ssl=1 660w\" sizes=\"(max-width: 600px) 91vw, (max-width: 900px) 600px, (max-width: 1060px) 50vw, (max-width: 1200px) 520px, (max-width: 1400px) 43vw, 600px\" data-recalc-dims=\"1\" \/><\/figure>\n\n\n\n<figure class=\"wp-block-image size-full\"><img loading=\"lazy\" width=\"720\" height=\"508\" src=\"https:\/\/i0.wp.com\/batimedianews.com\/live\/wp-content\/uploads\/2025\/07\/image-79.png?resize=720%2C508\" alt=\"\" class=\"wp-image-45971\" srcset=\"https:\/\/i0.wp.com\/batimedianews.com\/live\/wp-content\/uploads\/2025\/07\/image-79.png?w=748&amp;ssl=1 748w, https:\/\/i0.wp.com\/batimedianews.com\/live\/wp-content\/uploads\/2025\/07\/image-79.png?resize=768%2C542&amp;ssl=1 768w, https:\/\/i0.wp.com\/batimedianews.com\/live\/wp-content\/uploads\/2025\/07\/image-79.png?resize=432%2C305&amp;ssl=1 432w, https:\/\/i0.wp.com\/batimedianews.com\/live\/wp-content\/uploads\/2025\/07\/image-79.png?resize=396%2C280&amp;ssl=1 396w, https:\/\/i0.wp.com\/batimedianews.com\/live\/wp-content\/uploads\/2025\/07\/image-79.png?resize=660%2C466&amp;ssl=1 660w\" sizes=\"(max-width: 600px) 91vw, (max-width: 900px) 600px, (max-width: 1060px) 50vw, (max-width: 1200px) 520px, (max-width: 1400px) 43vw, 600px\" data-recalc-dims=\"1\" \/><\/figure>\n\n\n\n<p class=\"has-text-align-justify\">Le rez-de-chauss\u00e9e propose des locaux sociaux et de maintenance, salles de r\u00e9union, l\u2019accueil au public, les locaux SPPE, le p\u00f4le sant\u00e9 et d\u2019autres services. A ce niveau, les architectes ont imagin\u00e9 une surface tr\u00e8s \u00e9pur\u00e9e et vitr\u00e9e pour favoriser la circulation des usagers et ouvrir vers le jardin int\u00e9rieur du b\u00e2timent.&nbsp;<\/p>\n\n\n\n<figure class=\"wp-block-image size-full\"><img loading=\"lazy\" width=\"720\" height=\"518\" src=\"https:\/\/i0.wp.com\/batimedianews.com\/live\/wp-content\/uploads\/2025\/07\/image-81.png?resize=720%2C518\" alt=\"\" class=\"wp-image-45973\" srcset=\"https:\/\/i0.wp.com\/batimedianews.com\/live\/wp-content\/uploads\/2025\/07\/image-81.png?w=748&amp;ssl=1 748w, https:\/\/i0.wp.com\/batimedianews.com\/live\/wp-content\/uploads\/2025\/07\/image-81.png?resize=768%2C552&amp;ssl=1 768w, https:\/\/i0.wp.com\/batimedianews.com\/live\/wp-content\/uploads\/2025\/07\/image-81.png?resize=432%2C311&amp;ssl=1 432w, https:\/\/i0.wp.com\/batimedianews.com\/live\/wp-content\/uploads\/2025\/07\/image-81.png?resize=396%2C285&amp;ssl=1 396w, https:\/\/i0.wp.com\/batimedianews.com\/live\/wp-content\/uploads\/2025\/07\/image-81.png?resize=660%2C475&amp;ssl=1 660w\" sizes=\"(max-width: 600px) 91vw, (max-width: 900px) 600px, (max-width: 1060px) 50vw, (max-width: 1200px) 520px, (max-width: 1400px) 43vw, 600px\" data-recalc-dims=\"1\" \/><\/figure>\n<\/div>\n\n\n\n<div class=\"wp-block-column\">\n<p class=\"has-text-align-justify\">Un restaurant (RIA) avec plus de 250 places assises est am\u00e9nag\u00e9, b\u00e9n\u00e9ficiant de larges baies vitr\u00e9es donnant sur le coeur d\u2019\u00eelot v\u00e9g\u00e9talis\u00e9 et de mobilier d\u2019ext\u00e9rieur.&nbsp;<\/p>\n\n\n\n<p class=\"has-text-align-justify\">Une cr\u00e8che de vingt berceaux, destin\u00e9e aux agents comme aux habitants du voisinage, remplace un parc de stationnement initialement situ\u00e9 au rez-de-chauss\u00e9e.&nbsp;<\/p>\n\n\n\n<figure class=\"wp-block-image size-full\"><img loading=\"lazy\" width=\"720\" height=\"523\" src=\"https:\/\/i2.wp.com\/batimedianews.com\/live\/wp-content\/uploads\/2025\/07\/image-80.png?resize=720%2C523\" alt=\"\" class=\"wp-image-45972\" srcset=\"https:\/\/i2.wp.com\/batimedianews.com\/live\/wp-content\/uploads\/2025\/07\/image-80.png?w=788&amp;ssl=1 788w, https:\/\/i2.wp.com\/batimedianews.com\/live\/wp-content\/uploads\/2025\/07\/image-80.png?resize=768%2C557&amp;ssl=1 768w, https:\/\/i2.wp.com\/batimedianews.com\/live\/wp-content\/uploads\/2025\/07\/image-80.png?resize=432%2C314&amp;ssl=1 432w, https:\/\/i2.wp.com\/batimedianews.com\/live\/wp-content\/uploads\/2025\/07\/image-80.png?resize=396%2C287&amp;ssl=1 396w, https:\/\/i2.wp.com\/batimedianews.com\/live\/wp-content\/uploads\/2025\/07\/image-80.png?resize=660%2C479&amp;ssl=1 660w\" sizes=\"(max-width: 600px) 91vw, (max-width: 900px) 600px, (max-width: 1060px) 50vw, (max-width: 1200px) 520px, (max-width: 1400px) 43vw, 600px\" data-recalc-dims=\"1\" \/><\/figure>\n\n\n\n<p class=\"has-text-align-justify\">Du 1er au dernier \u00e9tage, les \u00e9quipes Spie batignolles ont cr\u00e9\u00e9 des locaux techniques, des bureaux, et des terrasses v\u00e9g\u00e9talis\u00e9es accessibles avec des platelages. Les toitures v\u00e9g\u00e9talis\u00e9es ne sont pas accessibles aux usagers.&nbsp;<\/p>\n\n\n\n<p class=\"has-text-align-justify\">Le parc de stationnement est volontairement r\u00e9duit pour favoriser les mobilit\u00e9s douces, toujours en perspective d\u2019inscrire cette op\u00e9ration dans une d\u00e9marche de transition \u00e9nerg\u00e9tique.&nbsp;<\/p>\n\n\n\n<p class=\"has-text-align-justify\">Les \u00e9quipes se sont appuy\u00e9es sur une d\u00e9marche BIM GEM aupr\u00e8s de Stereograph pour le suivi de l\u2019exploitation et la maintenance du b\u00e2timent.&nbsp;<\/p>\n\n\n\n<p class=\"has-text-align-justify\">Tous les acteurs engag\u00e9s dans ce projet ont travaill\u00e9 conjointement avec la Ville de Paris, d\u00e8s la phase de conception, afin de garantir les performances \u00e9nerg\u00e9tiques et environnementales du site, la qualit\u00e9 et la durabilit\u00e9 des ouvrages r\u00e9alis\u00e9s, la propret\u00e9 du chantier ainsi que le respect du budget et des d\u00e9lais d\u2019ex\u00e9cution, tout en assurant une communication ouverte avec les habitants. Ces engagements ont \u00e9t\u00e9 formalis\u00e9s dans le cadre d\u2019un processus de commissionnement.&nbsp;<\/p>\n<\/div>\n<\/div>\n\n\n\n<div class=\"wp-block-media-text alignwide is-stacked-on-mobile\" style=\"grid-template-columns:35% auto\"><figure class=\"wp-block-media-text__media\"><img loading=\"lazy\" width=\"720\" height=\"1013\" src=\"https:\/\/i1.wp.com\/batimedianews.com\/live\/wp-content\/uploads\/2025\/07\/image-82.png?resize=720%2C1013\" alt=\"\" class=\"wp-image-45974 size-full\" srcset=\"https:\/\/i1.wp.com\/batimedianews.com\/live\/wp-content\/uploads\/2025\/07\/image-82.png?w=748&amp;ssl=1 748w, https:\/\/i1.wp.com\/batimedianews.com\/live\/wp-content\/uploads\/2025\/07\/image-82.png?resize=768%2C1080&amp;ssl=1 768w, https:\/\/i1.wp.com\/batimedianews.com\/live\/wp-content\/uploads\/2025\/07\/image-82.png?resize=432%2C608&amp;ssl=1 432w, https:\/\/i1.wp.com\/batimedianews.com\/live\/wp-content\/uploads\/2025\/07\/image-82.png?resize=396%2C557&amp;ssl=1 396w, https:\/\/i1.wp.com\/batimedianews.com\/live\/wp-content\/uploads\/2025\/07\/image-82.png?resize=660%2C928&amp;ssl=1 660w\" sizes=\"(max-width: 600px) 91vw, (max-width: 900px) 600px, (max-width: 1060px) 50vw, (max-width: 1200px) 520px, (max-width: 1400px) 43vw, 600px\" data-recalc-dims=\"1\" \/><\/figure><div class=\"wp-block-media-text__content\">\n<p><strong>A propos de Spie batignolles&nbsp;<\/strong><\/p>\n\n\n\n<p>Spie batignolles est un acteur majeur dans les m\u00e9tiers du b\u00e2timent, des infrastructures, du paysage et des services. Il op\u00e8re sur 7 grands domaines d\u2019expertise : la construction, le g\u00e9nie civil\/les fondations, l\u2019\u00e9nergie, les travaux publics, les travaux maritimes et fluviaux, l\u2019immobilier et les am\u00e9nagements paysagers et environnementaux, en projets mais \u00e9galement en interventions de proximit\u00e9 via un r\u00e9seau d\u2019agences d\u00e9di\u00e9es.&nbsp;<\/p>\n\n\n\n<p>Spie batignolles a r\u00e9alis\u00e9 un chiffre d\u2019affaires de 2,6 milliards d\u2019euros en 2024. Le Groupe emploie 9 000 collaborateurs et dispose de 200 implantations en France et 21 \u00e0 l\u2019international, notamment en Europe, au Moyen-Orient, en Afrique et au Canada. Depuis septembre 2003, le Groupe est contr\u00f4l\u00e9 majoritairement par ses dirigeants et salari\u00e9s.&nbsp;<\/p>\n<\/div><\/div>\n\n\n\n<p><strong>Quelques chiffres&nbsp;<\/strong><\/p>\n\n\n\n<ul><li>11 000 m\u00b2 de surface r\u00e9nov\u00e9e&nbsp;<\/li><li>Plus de 5 000 m\u00b2 de surface neuve cr\u00e9\u00e9e&nbsp;<\/li><li>Accueil \u00e0 partir de juillet 2025 de pr\u00e8s de 400 agents suppl\u00e9mentaires issus de diff\u00e9rentes administrations.&nbsp;<\/li><li>Certification HQE\u00ae et label B\u00e2timent Durable Francilien obtenus&nbsp;<\/li><li>Livraison pr\u00e9vue en 2025&nbsp;<\/li><\/ul>\n","protected":false},"excerpt":{"rendered":"<p>Les \u00e9quipes de Spie batignolles ile-de-france ont officiellement livr\u00e9 cet \u00e9t\u00e9 le nouvel ensemble immobilier de la Direction R\u00e9gionale et Interd\u00e9partementale de l\u2019Environnement, de l\u2019Am\u00e9nagement et des Transports d\u2019Ile-de-France (DRIEAT) et de la Direction Interr\u00e9gionale de la Protection Judiciaire de la Jeunesse (DIRPJJ), situ\u00e9 au 21-23 rue Miollis, dans le 15e arrondissement de Paris.&nbsp; Cet [&hellip;]<\/p>\n","protected":false},"author":41,"featured_media":45976,"comment_status":"open","ping_status":"open","sticky":true,"template":"","format":"standard","meta":{"spay_email":""},"categories":[4,29,1013,736],"tags":[],"jetpack_featured_media_url":"https:\/\/i0.wp.com\/batimedianews.com\/live\/wp-content\/uploads\/2025\/07\/spiebatignolles.jpg?fit=1513%2C825&ssl=1","jetpack_sharing_enabled":true,"jetpack_likes_enabled":true,"jetpack-related-posts":[{"id":21457,"url":"https:\/\/batimedianews.com\/live\/index.php\/2022\/07\/01\/ras-le-vol-un-dispositif-pour-securiser-les-chantiers\/","url_meta":{"origin":45963,"position":0},"title":"RAS LE VOL : Un dispositif pour s\u00e9curiser les chantiers","date":"1 juillet 2022","format":false,"excerpt":"\u00c0 Paris, le 27\/06\/2022 \u2013 Chaque ann\u00e9e, les vols d\u2019outillages, d\u2019\u00e9quipements, d\u2019engins de chantier, de v\u00e9hicules et de m\u00e9taux repr\u00e9sentent pour les entreprises du B\u00e2timent un pr\u00e9judice direct \u00e9valu\u00e9 \u00e0 pr\u00e8s d\u2019un milliard d\u2019euros. Dans le contexte actuel de crise des mati\u00e8res premi\u00e8res, aggrav\u00e9 par le conflit russo-ukrainien, la s\u00e9curisation\u2026","rel":"","context":"Dans &quot;Chantiers&quot;","img":{"alt_text":"","src":"https:\/\/i0.wp.com\/batimedianews.com\/live\/wp-content\/uploads\/2022\/06\/FFBGrandParis-Article.jpg?fit=1080%2C1080&ssl=1&resize=350%2C200","width":350,"height":200},"classes":[]},{"id":49234,"url":"https:\/\/batimedianews.com\/live\/index.php\/2026\/02\/09\/face-a-lurgence-de-lerosion-cotiere-aquaterra-solutions-deploie-ses-aquaterra-rock-bags-sur-lile-doleron\/","url_meta":{"origin":45963,"position":1},"title":"Face \u00e0 l\u2019urgence de l\u2019\u00e9rosion c\u00f4ti\u00e8re, AQUATERRA SOLUTIONS d\u00e9ploie ses AQUATERRA ROCK BAGS sur l\u2019ILE D\u2019OL\u00c9RON","date":"9 f\u00e9vrier 2026","format":false,"excerpt":"Avec ses nouveaux rock bags, AquaTerra Solutions confirme son expertise dans les solutions techniques de lutte contre l\u2019\u00e9rosion. D\u00e9ploy\u00e9e sur la c\u00f4te ouest de l\u2019\u00eele d\u2019Ol\u00e9ron, ces gabions souples apportent une r\u00e9ponse imm\u00e9diate et adapt\u00e9e aux dynamiques naturelles des c\u00f4tes sableuses 600 m\u00e8tres de protection lin\u00e9aires Dans un contexte d\u2019acc\u00e9l\u00e9ration\u2026","rel":"","context":"Dans &quot;Actualit\u00e9 Entreprises&quot;","img":{"alt_text":"","src":"https:\/\/i2.wp.com\/batimedianews.com\/live\/wp-content\/uploads\/2026\/02\/AquaterraSolutions.jpg?fit=825%2C825&ssl=1&resize=350%2C200","width":350,"height":200},"classes":[]},{"id":25233,"url":"https:\/\/batimedianews.com\/live\/index.php\/2022\/12\/13\/avec-equans-digital-la-region-ile-de-france-accelere-dans-la-digitalisation-de-laction-publique\/","url_meta":{"origin":45963,"position":2},"title":"Avec Equans Digital, la R\u00e9gion Ile-de-France acc\u00e9l\u00e8re dans la digitalisation de l&rsquo;action publique","date":"13 d\u00e9cembre 2022","format":false,"excerpt":"Avec des solutions num\u00e9riques et audiovisuelles innovantes mises en place par Equans, la R\u00e9gion \u00cele-de-France contribue directement \u00e0 sa mission : favoriser le dialogue public et servir l'attractivit\u00e9 \u00e9conomique du territoire. \u00c0 travers cette transformation num\u00e9rique, l'enjeu est de simplifier la d\u00e9cision publique. Les liens entre \u00e9lus, agents, citoyens, entreprises\u2026","rel":"","context":"Dans &quot;Actualit\u00e9 Entreprises&quot;","img":{"alt_text":"","src":"https:\/\/i1.wp.com\/batimedianews.com\/live\/wp-content\/uploads\/2022\/12\/Equans-Article.jpg?fit=1080%2C1080&ssl=1&resize=350%2C200","width":350,"height":200},"classes":[]},{"id":26786,"url":"https:\/\/batimedianews.com\/live\/index.php\/2023\/03\/10\/trois-nouvelles-nominations-chez-nge-batiment\/","url_meta":{"origin":45963,"position":3},"title":"Trois nouvelles nominations chez NGE B\u00c2TIMENT","date":"10 mars 2023","format":false,"excerpt":"NGE B\u00c2TIMENT, p\u00f4le B\u00e2timent du Groupe NGE, dont les comp\u00e9tences couvrent l\u2019ensemble des projets de construction et de r\u00e9novation \u00e0 forte technicit\u00e9 d\u2019ouvrages fonctionnels (bureaux, logements, h\u00f4tels et \u00e9quipements publics) annonce dans le cadre de son d\u00e9veloppement les nominations de : \u25cf Roger LOPES, en qualit\u00e9 de Directeur G\u00e9n\u00e9ral Adjoint\u2026","rel":"","context":"Dans &quot;Actualit\u00e9 Entreprises&quot;","img":{"alt_text":"","src":"https:\/\/i0.wp.com\/batimedianews.com\/live\/wp-content\/uploads\/2023\/03\/NGE-Batiment-Article.jpg?fit=1080%2C1080&ssl=1&resize=350%2C200","width":350,"height":200},"classes":[]},{"id":880,"url":"https:\/\/batimedianews.com\/live\/index.php\/2019\/02\/14\/didier-verdes-rejoint-beton-solutions-mobiles-en-qualite-de-directeur-general-de-lactivite-mobile\/","url_meta":{"origin":45963,"position":4},"title":"Didier Verdes rejoint BETON SOLUTIONS MOBILES en qualit\u00e9 de Directeur G\u00e9n\u00e9ral de l&#039;activit\u00e9 mobile","date":"14 f\u00e9vrier 2019","format":false,"excerpt":"Afin d'accompagner le d\u00e9veloppement soutenu de son activit\u00e9, la soci\u00e9t\u00e9\u00a0B\u00e9ton Solutions Mobiles (BSM) sp\u00e9cialis\u00e9e dans la fabrication de b\u00e9ton pr\u00eat \u00e0 l'emploi, annonce\u00a0l'arriv\u00e9e\u00a0de Didier Verdes au poste de\u00a0Directeur G\u00e9n\u00e9ral de l'activit\u00e9 mobile.Il a pris ses fonctions\u00a0au sein de la soci\u00e9t\u00e9\u00a0en octobre 2018. Directement rattach\u00e9 \u00e0 Philippe Tib\u00e8re, Pr\u00e9sident de\u00a0BSM, Didier\u2026","rel":"","context":"Dans &quot;Actualit\u00e9 Entreprises&quot;","img":{"alt_text":"","src":"https:\/\/i0.wp.com\/batimedianews.com\/live\/wp-content\/uploads\/2019\/08\/bsm.jpg?fit=1149%2C632&ssl=1&resize=350%2C200","width":350,"height":200},"classes":[]},{"id":39100,"url":"https:\/\/batimedianews.com\/live\/index.php\/2024\/08\/12\/cycle-zero-une-solution-innovante-de-reemploi-des-dechets-de-chantier\/","url_meta":{"origin":45963,"position":5},"title":"CYCLE ZERO une solution innovante de r\u00e9emploi des d\u00e9chets de chantier","date":"12 ao\u00fbt 2024","format":false,"excerpt":"\u00a0Avec les \u00e9v\u00e9nements sportifs majeurs de cet \u00e9t\u00e9, la France, plus particuli\u00e8rement l\u2019Ile-de-France, conna\u00eet une intensification des projets de construction. Cette effervescence, bien que porteuse de modernisation et de nouvelles infrastructures, engendre une production massive de d\u00e9chets de chantier. Cycle Z\u00e9ro est la premi\u00e8re application pour r\u00e9cup\u00e9rer gratuitement des mat\u00e9riaux\u2026","rel":"","context":"Dans &quot;Actualit\u00e9 Entreprises&quot;","img":{"alt_text":"","src":"https:\/\/i1.wp.com\/batimedianews.com\/live\/wp-content\/uploads\/2024\/07\/CycleZero-articles-.jpg?fit=825%2C825&ssl=1&resize=350%2C200","width":350,"height":200},"classes":[]}],"_links":{"self":[{"href":"https:\/\/batimedianews.com\/live\/index.php\/wp-json\/wp\/v2\/posts\/45963"}],"collection":[{"href":"https:\/\/batimedianews.com\/live\/index.php\/wp-json\/wp\/v2\/posts"}],"about":[{"href":"https:\/\/batimedianews.com\/live\/index.php\/wp-json\/wp\/v2\/types\/post"}],"author":[{"embeddable":true,"href":"https:\/\/batimedianews.com\/live\/index.php\/wp-json\/wp\/v2\/users\/41"}],"replies":[{"embeddable":true,"href":"https:\/\/batimedianews.com\/live\/index.php\/wp-json\/wp\/v2\/comments?post=45963"}],"version-history":[{"count":2,"href":"https:\/\/batimedianews.com\/live\/index.php\/wp-json\/wp\/v2\/posts\/45963\/revisions"}],"predecessor-version":[{"id":45980,"href":"https:\/\/batimedianews.com\/live\/index.php\/wp-json\/wp\/v2\/posts\/45963\/revisions\/45980"}],"wp:featuredmedia":[{"embeddable":true,"href":"https:\/\/batimedianews.com\/live\/index.php\/wp-json\/wp\/v2\/media\/45976"}],"wp:attachment":[{"href":"https:\/\/batimedianews.com\/live\/index.php\/wp-json\/wp\/v2\/media?parent=45963"}],"wp:term":[{"taxonomy":"category","embeddable":true,"href":"https:\/\/batimedianews.com\/live\/index.php\/wp-json\/wp\/v2\/categories?post=45963"},{"taxonomy":"post_tag","embeddable":true,"href":"https:\/\/batimedianews.com\/live\/index.php\/wp-json\/wp\/v2\/tags?post=45963"}],"curies":[{"name":"wp","href":"https:\/\/api.w.org\/{rel}","templated":true}]}}