{"id":46029,"date":"2025-07-22T18:19:41","date_gmt":"2025-07-22T16:19:41","guid":{"rendered":"http:\/\/batimedianews.com\/live\/?p=46029"},"modified":"2025-07-22T18:19:44","modified_gmt":"2025-07-22T16:19:44","slug":"2025-une-annee-determinante-pour-malerba","status":"publish","type":"post","link":"https:\/\/batimedianews.com\/live\/index.php\/2025\/07\/22\/2025-une-annee-determinante-pour-malerba\/","title":{"rendered":"2025, une ann\u00e9e d\u00e9terminante pour MALERBA"},"content":{"rendered":"\n<p class=\"has-text-align-center\">&nbsp;<strong>MALERBA signe une ann\u00e9e 2025 riche de projets ambitieux et structurants pour le futur. C\u00f4t\u00e9 produits, apr\u00e8s le r\u00e9cent lancement de NUOVA, sa nouvelle porte de communication int\u00e9rieure, MALERBA annonce plusieurs produits pour la fin d\u2019ann\u00e9e \u00e0 d\u00e9couvrir sur le salon ARTIBAT. C\u00f4t\u00e9 industriel, l\u2019entreprise mise l\u00e0-encore sur l\u2019avenir avec un programme d\u2019investissement ambitieux de plus de 20 millions d\u2019euros d\u00e9volu \u00e0 deux sites (Usine 8 et Usine 10) et \u00e0 la reconversion totale de son Usine 11, afin de r\u00e9pondre au d\u00e9veloppement de son activit\u00e9 de blocs-portes m\u00e9talliques pour l\u2019habitat. Enfin, MALERBA confirme \u00e9galement la finalisation de sa plateforme logistique bas\u00e9e \u00e0 Thizy-les-Bourgs et r\u00e9v\u00e8le le futur d\u00e9m\u00e9nagement de son nouveau si\u00e8ge social en cours de construction.&nbsp;<\/strong><\/p>\n\n\n\n<figure class=\"wp-block-image size-full\"><img loading=\"lazy\" width=\"720\" height=\"321\" src=\"https:\/\/i0.wp.com\/batimedianews.com\/live\/wp-content\/uploads\/2025\/07\/image-110.png?resize=720%2C321\" alt=\"\" class=\"wp-image-46030\" srcset=\"https:\/\/i0.wp.com\/batimedianews.com\/live\/wp-content\/uploads\/2025\/07\/image-110.png?w=1596&amp;ssl=1 1596w, https:\/\/i0.wp.com\/batimedianews.com\/live\/wp-content\/uploads\/2025\/07\/image-110.png?resize=768%2C342&amp;ssl=1 768w, https:\/\/i0.wp.com\/batimedianews.com\/live\/wp-content\/uploads\/2025\/07\/image-110.png?resize=432%2C193&amp;ssl=1 432w, https:\/\/i0.wp.com\/batimedianews.com\/live\/wp-content\/uploads\/2025\/07\/image-110.png?resize=396%2C177&amp;ssl=1 396w, https:\/\/i0.wp.com\/batimedianews.com\/live\/wp-content\/uploads\/2025\/07\/image-110.png?resize=1120%2C500&amp;ssl=1 1120w, https:\/\/i0.wp.com\/batimedianews.com\/live\/wp-content\/uploads\/2025\/07\/image-110.png?resize=660%2C294&amp;ssl=1 660w, https:\/\/i0.wp.com\/batimedianews.com\/live\/wp-content\/uploads\/2025\/07\/image-110.png?w=1440 1440w\" sizes=\"(max-width: 600px) 91vw, (max-width: 900px) 600px, (max-width: 1060px) 50vw, (max-width: 1200px) 520px, (max-width: 1400px) 43vw, 600px\" data-recalc-dims=\"1\" \/><figcaption>Vue ext\u00e9rieure des Usines 6 et 8 de MALERBA.&nbsp;<\/figcaption><\/figure>\n\n\n\n<p class=\"has-sm-dark-primary-color has-text-color has-medium-font-size\">&nbsp;<strong>MALERBA, en quelques mots&nbsp;<\/strong><\/p>\n\n\n\n<div class=\"wp-block-media-text alignwide has-media-on-the-right is-stacked-on-mobile\" style=\"grid-template-columns:auto 34%\"><figure class=\"wp-block-media-text__media\"><img loading=\"lazy\" width=\"720\" height=\"425\" src=\"https:\/\/i2.wp.com\/batimedianews.com\/live\/wp-content\/uploads\/2025\/07\/image-111.png?resize=720%2C425\" alt=\"\" class=\"wp-image-46031 size-full\" srcset=\"https:\/\/i2.wp.com\/batimedianews.com\/live\/wp-content\/uploads\/2025\/07\/image-111.png?w=782&amp;ssl=1 782w, https:\/\/i2.wp.com\/batimedianews.com\/live\/wp-content\/uploads\/2025\/07\/image-111.png?resize=768%2C453&amp;ssl=1 768w, https:\/\/i2.wp.com\/batimedianews.com\/live\/wp-content\/uploads\/2025\/07\/image-111.png?resize=432%2C255&amp;ssl=1 432w, https:\/\/i2.wp.com\/batimedianews.com\/live\/wp-content\/uploads\/2025\/07\/image-111.png?resize=396%2C234&amp;ssl=1 396w, https:\/\/i2.wp.com\/batimedianews.com\/live\/wp-content\/uploads\/2025\/07\/image-111.png?resize=660%2C390&amp;ssl=1 660w\" sizes=\"(max-width: 600px) 91vw, (max-width: 900px) 600px, (max-width: 1060px) 50vw, (max-width: 1200px) 520px, (max-width: 1400px) 43vw, 600px\" data-recalc-dims=\"1\" \/><\/figure><div class=\"wp-block-media-text__content\">\n<p class=\"has-text-align-justify has-normal-font-size\">&nbsp;Cr\u00e9\u00e9e en 1971 \u00e0 Cours (69), la soci\u00e9t\u00e9 MALERBA s\u2019impose aujourd\u2019hui comme le fabricant fran\u00e7ais de r\u00e9f\u00e9rence, avec les plus larges gammes de blocs-portes m\u00e9talliques, bois et vitr\u00e9s du march\u00e9. Comptant 10 lignes de produits diff\u00e9rents, 13 usines &#8211; toutes implant\u00e9es dans les d\u00e9partements du Rh\u00f4ne et de la Loire-, MALERBA emploie aujourd\u2019hui plus de 600 collaborateurs et escompte un chiffre d\u2019affaires qui avoisinera les 300 millions d\u2019euros pour 2025. Engag\u00e9e dans une d\u00e9marche RSE, l\u2019entreprise op\u00e8re principalement en France, distribuant ses produits r\u00e9alis\u00e9s sur-mesure aux op\u00e9rateurs r\u00e9pondant aux lots \u00ab Menuiserie int\u00e9rieure \u00bb et \u00ab Serrurerie\/m\u00e9tallerie \u00bb. Elle anime \u00e9galement le r\u00e9seau MALERBA DISTRIBUTION, des centres r\u00e9partis sur l\u2019ensemble du territoire fran\u00e7ais en support de ses clients.&nbsp;<\/p>\n<\/div><\/div>\n\n\n\n<p class=\"has-sm-dark-primary-color has-text-color has-medium-font-size\">DES INVESTISSEMENTS INDUSTRIELS POUR PR\u00c9PARER L\u2019AVENIR&nbsp;<\/p>\n\n\n\n<div class=\"wp-block-media-text alignwide has-media-on-the-right is-stacked-on-mobile\" style=\"grid-template-columns:auto 40%\"><figure class=\"wp-block-media-text__media\"><img loading=\"lazy\" width=\"720\" height=\"704\" src=\"https:\/\/i2.wp.com\/batimedianews.com\/live\/wp-content\/uploads\/2025\/07\/image-112.png?resize=720%2C704\" alt=\"\" class=\"wp-image-46032 size-full\" srcset=\"https:\/\/i2.wp.com\/batimedianews.com\/live\/wp-content\/uploads\/2025\/07\/image-112.png?w=834&amp;ssl=1 834w, https:\/\/i2.wp.com\/batimedianews.com\/live\/wp-content\/uploads\/2025\/07\/image-112.png?resize=768%2C751&amp;ssl=1 768w, https:\/\/i2.wp.com\/batimedianews.com\/live\/wp-content\/uploads\/2025\/07\/image-112.png?resize=10%2C10&amp;ssl=1 10w, https:\/\/i2.wp.com\/batimedianews.com\/live\/wp-content\/uploads\/2025\/07\/image-112.png?resize=432%2C423&amp;ssl=1 432w, https:\/\/i2.wp.com\/batimedianews.com\/live\/wp-content\/uploads\/2025\/07\/image-112.png?resize=396%2C387&amp;ssl=1 396w, https:\/\/i2.wp.com\/batimedianews.com\/live\/wp-content\/uploads\/2025\/07\/image-112.png?resize=660%2C646&amp;ssl=1 660w\" sizes=\"(max-width: 600px) 91vw, (max-width: 900px) 600px, (max-width: 1060px) 50vw, (max-width: 1200px) 520px, (max-width: 1400px) 43vw, 600px\" data-recalc-dims=\"1\" \/><\/figure><div class=\"wp-block-media-text__content\">\n<p class=\"has-sm-dark-primary-color has-text-color\" style=\"font-size:19px\"><strong>L\u2019Usine 8, une nouvelle ligne d\u2019usinage d\u2019huisseries bois pour de meilleurs d\u00e9lais&nbsp;<\/strong><\/p>\n\n\n\n<p class=\"has-text-align-justify\">La nouvelle ligne de production d\u2019huisseries bois mise en place courant 2025 \u00e0 l\u2019Usine 8 conserve le m\u00eame principe de fonctionnement que la ligne pr\u00e9c\u00e9dente : profilage, usinage, coupes \u00e0 45\u00b0, usinage et pose des joints. Toutefois, elle pr\u00e9sente une am\u00e9lioration majeure par rapport \u00e0 la version ant\u00e9rieure puisqu\u2019elle permet la pose en automatique des paumelles. Cette am\u00e9lioration se traduit par une hausse de l\u2019ordre de 30 % de la capacit\u00e9 de production. En r\u00e9alisant cet investissement majeur, MALERBA se donne ainsi les moyens d\u2019accompagner le d\u00e9veloppement de son activit\u00e9 huisseries bois et d\u2019optimiser ses d\u00e9lais. <strong>David PALMERO,<\/strong> Directeur Commercial MALERBA, explique que <em>\u00ab le march\u00e9 privil\u00e9giant actuellement les produits biosourc\u00e9s et ceux pr\u00e9sentant des performances d\u2019isolation thermique optimales, nos ventes de blocs-portes avec huisseries bois se d\u00e9veloppent. L\u2019investissement r\u00e9alis\u00e9 dans notre usine 8 r\u00e9pond \u00e0 cette tendance de fond, en nous garantissant plus de capacit\u00e9 de production et surtout une r\u00e9duction de nos d\u00e9lais de production afin de toujours mieux servir nos clients. \u00bb&nbsp;<\/em><\/p>\n<\/div><\/div>\n\n\n\n<p class=\"has-sm-dark-primary-color has-text-color\" style=\"font-size:18px\"><strong>L\u2019Usine 10, une nouvelle ligne de composition et collage de portes pour plus de capacite et de flexibilit\u00e9&nbsp;<\/strong><\/p>\n\n\n\n<p class=\"has-text-align-justify\">De 2023 \u00e0 fin 2024, MALERBA a totalement refondu la ligne de composition et de collage de portes de son Usine 10. Avec une surface de pr\u00e8s de 1.000 m\u00b2, l\u2019installation de la nouvelle machine a n\u00e9cessit\u00e9 une r\u00e9organisation compl\u00e8te des flux de mati\u00e8res premi\u00e8res et des changements importants en termes d\u2019organisation de travail. Le process de production a lui aussi \u00e9t\u00e9 enti\u00e8rement repens\u00e9. L\u2019assemblage des cadres et le d\u00e9lignage des chants de portes est dor\u00e9navant plus efficient, avec pour r\u00e9sultat une capacit\u00e9 nominale de la ligne en cycle continu de 240 portes par heure &#8211; soit 4 portes par minute ! Depuis sa mise en service, cette nouvelle ligne a permis de gagner en productivit\u00e9, tout en am\u00e9liorant la qualit\u00e9 de fabrication et en r\u00e9duisant le taux de rebuts.&nbsp;<\/p>\n\n\n\n<p><strong>Bruno MALERBA<\/strong>, Pr\u00e9sident de MALERBA, pr\u00e9cise que \u00ab <em>ce nouveau process a \u00e9t\u00e9 pens\u00e9 pour r\u00e9aliser des produits sur-mesure plus facilement et efficacement et pour nous permettre de satisfaire les besoins de nos clients quand le march\u00e9 du logement repartira. C\u2019est aussi sur cette nouvelle ligne de production que notre nouvelle porte de communication NUOVA est assembl\u00e9e. <\/em>\u00bb Enfin, notons qu\u2019une nouvelle tenonneuse sera prochainement install\u00e9e en remplacement d\u2019une ligne existante, dotant ainsi le site d\u2019une capacit\u00e9 de production suppl\u00e9mentaire en huisserie bois r\u00e9sineux destin\u00e9e au march\u00e9 du logement.&nbsp;<\/p>\n\n\n\n<figure class=\"wp-block-image size-full\"><img loading=\"lazy\" width=\"720\" height=\"197\" src=\"https:\/\/i1.wp.com\/batimedianews.com\/live\/wp-content\/uploads\/2025\/07\/image-113.png?resize=720%2C197\" alt=\"\" class=\"wp-image-46033\" srcset=\"https:\/\/i1.wp.com\/batimedianews.com\/live\/wp-content\/uploads\/2025\/07\/image-113.png?w=1634&amp;ssl=1 1634w, https:\/\/i1.wp.com\/batimedianews.com\/live\/wp-content\/uploads\/2025\/07\/image-113.png?resize=768%2C209&amp;ssl=1 768w, https:\/\/i1.wp.com\/batimedianews.com\/live\/wp-content\/uploads\/2025\/07\/image-113.png?resize=432%2C118&amp;ssl=1 432w, https:\/\/i1.wp.com\/batimedianews.com\/live\/wp-content\/uploads\/2025\/07\/image-113.png?resize=396%2C108&amp;ssl=1 396w, https:\/\/i1.wp.com\/batimedianews.com\/live\/wp-content\/uploads\/2025\/07\/image-113.png?resize=1120%2C306&amp;ssl=1 1120w, https:\/\/i1.wp.com\/batimedianews.com\/live\/wp-content\/uploads\/2025\/07\/image-113.png?resize=660%2C180&amp;ssl=1 660w, https:\/\/i1.wp.com\/batimedianews.com\/live\/wp-content\/uploads\/2025\/07\/image-113.png?w=1440 1440w\" sizes=\"(max-width: 600px) 91vw, (max-width: 900px) 600px, (max-width: 1060px) 50vw, (max-width: 1200px) 520px, (max-width: 1400px) 43vw, 600px\" data-recalc-dims=\"1\" \/><\/figure>\n\n\n\n<p class=\"has-sm-dark-primary-color has-text-color\" style=\"font-size:18px\"><strong>L\u2019Usine 11, un projet de reconversion industrielle pour r\u00e9pondre au d\u00e9veloppement de l\u2019activit\u00e9 blocs-portes m\u00e9talliques habitat<\/strong><\/p>\n\n\n\n<div class=\"wp-block-media-text alignwide has-media-on-the-right is-stacked-on-mobile\" style=\"grid-template-columns:auto 45%\"><figure class=\"wp-block-media-text__media\"><img loading=\"lazy\" width=\"720\" height=\"399\" src=\"https:\/\/i1.wp.com\/batimedianews.com\/live\/wp-content\/uploads\/2025\/07\/image-114.png?resize=720%2C399\" alt=\"\" class=\"wp-image-46034 size-full\" srcset=\"https:\/\/i1.wp.com\/batimedianews.com\/live\/wp-content\/uploads\/2025\/07\/image-114.png?w=816&amp;ssl=1 816w, https:\/\/i1.wp.com\/batimedianews.com\/live\/wp-content\/uploads\/2025\/07\/image-114.png?resize=768%2C425&amp;ssl=1 768w, https:\/\/i1.wp.com\/batimedianews.com\/live\/wp-content\/uploads\/2025\/07\/image-114.png?resize=432%2C239&amp;ssl=1 432w, https:\/\/i1.wp.com\/batimedianews.com\/live\/wp-content\/uploads\/2025\/07\/image-114.png?resize=396%2C219&amp;ssl=1 396w, https:\/\/i1.wp.com\/batimedianews.com\/live\/wp-content\/uploads\/2025\/07\/image-114.png?resize=660%2C366&amp;ssl=1 660w\" sizes=\"(max-width: 600px) 91vw, (max-width: 900px) 600px, (max-width: 1060px) 50vw, (max-width: 1200px) 520px, (max-width: 1400px) 43vw, 600px\" data-recalc-dims=\"1\" \/><\/figure><div class=\"wp-block-media-text__content\">\n<div class=\"wp-block-image\"><figure class=\"alignleft size-full is-resized\"><img loading=\"lazy\" src=\"https:\/\/i0.wp.com\/batimedianews.com\/live\/wp-content\/uploads\/2025\/07\/image-115.png?resize=127%2C182\" alt=\"\" class=\"wp-image-46035\" width=\"127\" height=\"182\" srcset=\"https:\/\/i0.wp.com\/batimedianews.com\/live\/wp-content\/uploads\/2025\/07\/image-115.png?w=316&amp;ssl=1 316w, https:\/\/i0.wp.com\/batimedianews.com\/live\/wp-content\/uploads\/2025\/07\/image-115.png?resize=768%2C1098&amp;ssl=1 768w\" sizes=\"(max-width: 600px) 91vw, (max-width: 900px) 600px, (max-width: 1060px) 50vw, (max-width: 1200px) 520px, (max-width: 1400px) 43vw, 600px\" data-recalc-dims=\"1\" \/><\/figure><\/div>\n\n\n\n<p class=\"has-text-align-justify\">Le d\u00e9veloppement des activit\u00e9s de r\u00e9novation, favorable aux ventes de blocs-portes m\u00e9talliques, g\u00e9n\u00e8re actuellement une forte hausse des entr\u00e9es de commandes au niveau de l\u2019Usine 3, exc\u00e9dant sa capacit\u00e9 de production. En cons\u00e9quence, ce site, d\u00e9di\u00e9 \u00e0 la production de blocs-portes m\u00e9talliques habitat, voit ses d\u00e9lais s\u2019allonger, alors que dans le m\u00eame temps, son Usine 11, sp\u00e9cialis\u00e9e dans la production de verri\u00e8res et blocs-portes ateliers pour la GSB, voit son activit\u00e9 se restreindre progressivement.<\/p>\n<\/div><\/div>\n\n\n\n<div class=\"wp-block-media-text alignwide is-stacked-on-mobile\" style=\"grid-template-columns:43% auto\"><figure class=\"wp-block-media-text__media\"><img loading=\"lazy\" width=\"720\" height=\"512\" src=\"https:\/\/i1.wp.com\/batimedianews.com\/live\/wp-content\/uploads\/2025\/07\/image-116.png?resize=720%2C512\" alt=\"\" class=\"wp-image-46036 size-full\" srcset=\"https:\/\/i1.wp.com\/batimedianews.com\/live\/wp-content\/uploads\/2025\/07\/image-116.png?w=822&amp;ssl=1 822w, https:\/\/i1.wp.com\/batimedianews.com\/live\/wp-content\/uploads\/2025\/07\/image-116.png?resize=768%2C545&amp;ssl=1 768w, https:\/\/i1.wp.com\/batimedianews.com\/live\/wp-content\/uploads\/2025\/07\/image-116.png?resize=432%2C307&amp;ssl=1 432w, https:\/\/i1.wp.com\/batimedianews.com\/live\/wp-content\/uploads\/2025\/07\/image-116.png?resize=396%2C281&amp;ssl=1 396w, https:\/\/i1.wp.com\/batimedianews.com\/live\/wp-content\/uploads\/2025\/07\/image-116.png?resize=660%2C469&amp;ssl=1 660w\" sizes=\"(max-width: 600px) 91vw, (max-width: 900px) 600px, (max-width: 1060px) 50vw, (max-width: 1200px) 520px, (max-width: 1400px) 43vw, 600px\" data-recalc-dims=\"1\" \/><\/figure><div class=\"wp-block-media-text__content\">\n<div class=\"wp-block-group has-background\" style=\"background-color:#e3e7f1\"><div class=\"wp-block-group__inner-container\">\n<div class=\"wp-block-image\"><figure class=\"alignleft size-full is-resized\"><img loading=\"lazy\" src=\"https:\/\/i0.wp.com\/batimedianews.com\/live\/wp-content\/uploads\/2025\/07\/image-117.png?resize=140%2C159\" alt=\"\" class=\"wp-image-46037\" width=\"140\" height=\"159\" srcset=\"https:\/\/i0.wp.com\/batimedianews.com\/live\/wp-content\/uploads\/2025\/07\/image-117.png?w=268&amp;ssl=1 268w, https:\/\/i0.wp.com\/batimedianews.com\/live\/wp-content\/uploads\/2025\/07\/image-117.png?resize=768%2C871&amp;ssl=1 768w, https:\/\/i0.wp.com\/batimedianews.com\/live\/wp-content\/uploads\/2025\/07\/image-117.png?resize=10%2C10&amp;ssl=1 10w\" sizes=\"(max-width: 600px) 91vw, (max-width: 900px) 600px, (max-width: 1060px) 50vw, (max-width: 1200px) 520px, (max-width: 1400px) 43vw, 600px\" data-recalc-dims=\"1\" \/><\/figure><\/div>\n\n\n\n<p><strong>Bruno MALERBA<\/strong>, explique que <em>\u00ab\u00a0Fin 2024, j&rsquo;ai fait le choix d&rsquo;interrompre nos contrats avec GSB, lib\u00e9rant de ce fait la surface de production de notre usine 11.<\/em> <em>Cela me permet aujourd&rsquo;hui de l&rsquo;engager dans un projet de reconversion ambitieux, en le d\u00e9diant int\u00e9gralement \u00e0 la production de blocs-portes d&rsquo;entr\u00e9e de maison individuelle. D\u00e8s septembre 2025, avec ce site totalement reconverti, nous disposerons de capacit\u00e9s de production suppl\u00e9mentaires et retrouverons progressivement des d\u00e9lais plus attractifs.\u00a0\u00bb<\/em><\/p>\n<\/div><\/div>\n<\/div><\/div>\n\n\n\n<div class=\"wp-block-group has-background\" style=\"background-color:#ebedee\"><div class=\"wp-block-group__inner-container\">\n<div class=\"wp-block-image\"><figure class=\"alignleft size-full is-resized\"><img loading=\"lazy\" src=\"https:\/\/i1.wp.com\/batimedianews.com\/live\/wp-content\/uploads\/2025\/07\/image-118.png?resize=159%2C180\" alt=\"\" class=\"wp-image-46038\" width=\"159\" height=\"180\" srcset=\"https:\/\/i1.wp.com\/batimedianews.com\/live\/wp-content\/uploads\/2025\/07\/image-118.png?w=268&amp;ssl=1 268w, https:\/\/i1.wp.com\/batimedianews.com\/live\/wp-content\/uploads\/2025\/07\/image-118.png?resize=768%2C871&amp;ssl=1 768w, https:\/\/i1.wp.com\/batimedianews.com\/live\/wp-content\/uploads\/2025\/07\/image-118.png?resize=10%2C10&amp;ssl=1 10w\" sizes=\"(max-width: 600px) 91vw, (max-width: 900px) 600px, (max-width: 1060px) 50vw, (max-width: 1200px) 520px, (max-width: 1400px) 43vw, 600px\" data-recalc-dims=\"1\" \/><\/figure><\/div>\n\n\n\n<p class=\"has-text-align-justify\">Concernant les enjeux capacitaires et d\u00e9lais auxquels l&rsquo;entreprise fait face,<strong> David PALMERO<\/strong> explique qu&rsquo;actuellement<em> \u00ab\u00a0compte-tenu de la disparition d&rsquo;un acteur important, nous entrons en commande des volumes qui exc\u00e9dent de 20% les capacit\u00e9s hebdomadaires de notre usine actuelle. Nous nous trouvons donc face \u00e0 une situation o\u00f9 nos d\u00e9lais s&rsquo;allongent progressivement. Je pr\u00e9cise que nous tenons nos engagements, mais les d\u00e9lais que nous confirmons actuellement deviennent difficilement entendables pour nos clients.\u00a0\u00bb<\/em><\/p>\n<\/div><\/div>\n\n\n\n<p class=\"has-text-align-justify\">Avec ce projet de reconversion, l&rsquo;Usine 11 sera d\u00e9di\u00e9e \u00e0 la production des blocs-portes d&rsquo;entr\u00e9e de maison individuelle tandis que l&rsquo;Usine 3 conservera la production des blocs-portes paliers pour une capacit\u00e9 globale de production de l&rsquo;entreprise v\u00e9ritablement accrue. <strong>Bruno MALERBA<\/strong> pr\u00e9cise que <em>\u00a0\u00bb sur ce site, nous visons une capacit\u00e9 de production de l&rsquo;ordre de 500 portes par semaine par \u00e9quipe.\u00a0\u00bb<\/em><\/p>\n\n\n\n<p class=\"has-text-align-justify\">Investissant l&rsquo;\u00e9quivalent de pr\u00e8s de 1,5 million d&rsquo;euros, l&rsquo;entreprise fait le choix d&rsquo;\u00e9quiper le site de 4.000 m<sup>2<\/sup> couverts d&rsquo;un centre d&rsquo;usinage et de personnalisation de portes, d&rsquo;une encolleuse, d&rsquo;une scie \u00e0 profil, d&rsquo;une presse \u00e0 parements, d&rsquo;un poste d&rsquo;engobage avec manipulateur et d&rsquo;un syst\u00e8me d&rsquo;aspiration, profitant de la pr\u00e9sence d\u00e9j\u00e0 existante d&rsquo;une cha\u00eene de peinture. Pr\u00e9cisons que l&rsquo;industriel r\u00e9am\u00e9nage \u00e9galement le site en profondeur, d\u00e9localisant l&#8217;emplacement des flux logistiques en aval et des bureaux afin de mieux exploiter les espaces disponibles et de faciliter la circulation des flux. Comptant actuellement 15 collaborateurs, le site devrait voir doubler son nombre de salari\u00e9s, d\u00e8s janvier 2026, concourant ainsi au d\u00e9veloppement de l&#8217;emploi local.<\/p>\n\n\n\n<p class=\"has-sm-dark-primary-color has-text-color\" style=\"font-size:18px\"><strong>L\u2019ouverture du nouveau site de MALERBA DISTRIBUTION Oc\u00e9an Indien pour accompagner le d\u00e9veloppement r\u00e9gional&nbsp;<\/strong><\/p>\n\n\n\n<div class=\"wp-block-image\"><figure class=\"alignleft size-full is-resized\"><img loading=\"lazy\" src=\"https:\/\/i1.wp.com\/batimedianews.com\/live\/wp-content\/uploads\/2025\/07\/image-119.png?resize=162%2C126\" alt=\"\" class=\"wp-image-46039\" width=\"162\" height=\"126\" srcset=\"https:\/\/i1.wp.com\/batimedianews.com\/live\/wp-content\/uploads\/2025\/07\/image-119.png?w=292&amp;ssl=1 292w, https:\/\/i1.wp.com\/batimedianews.com\/live\/wp-content\/uploads\/2025\/07\/image-119.png?resize=768%2C599&amp;ssl=1 768w\" sizes=\"(max-width: 600px) 91vw, (max-width: 900px) 600px, (max-width: 1060px) 50vw, (max-width: 1200px) 520px, (max-width: 1400px) 43vw, 600px\" data-recalc-dims=\"1\" \/><\/figure><\/div>\n\n\n\n<p class=\"has-text-align-justify\">Rappelons que pour accompagner le d\u00e9veloppement de son activit\u00e9 \u00e0 La R\u00e9union, un nouveau b\u00e2timent accueillera le centre MALERBA DISTRIBUTION Oc\u00e9an Indien d\u00e8s novembre 2025. \u00c9tudi\u00e9 pour r\u00e9pondre aux besoins op\u00e9rationnels de la marque, ce dernier permettra au r\u00e9seau de doubler sa capacit\u00e9 de stockage sur l&rsquo;\u00eele et d&rsquo;\u00e9largir son offre pour le plus grand b\u00e9n\u00e9fice de ses clients. Ainsi le futur b\u00e2timent disposera d&rsquo;une surface d&rsquo;environ 1.800 m<sup>2<\/sup> dont 1.6000 m<sup>2<\/sup> d&rsquo;espace de stockage et 200 m<sup>2<\/sup> de bureaux et d&rsquo;espaces de pr\u00e9sentation. <\/p>\n\n\n\n<p class=\"has-text-align-justify\">Il sera \u00e9quip\u00e9 de panneaux photovolta\u00efques en toiture pour une puissance install\u00e9e de 500 kWc. Un centre d&rsquo;usinage viendra compl\u00e9ter l&rsquo;installation afin d&rsquo;offrir des services de parach\u00e8vement identiques \u00e0 la plupart des MALERBA DISTRIBUTION de la m\u00e9tropole et apporter plus de services aux clients.<\/p>\n\n\n\n<figure class=\"wp-block-image size-full\"><img loading=\"lazy\" width=\"720\" height=\"338\" src=\"https:\/\/i2.wp.com\/batimedianews.com\/live\/wp-content\/uploads\/2025\/07\/image-120.png?resize=720%2C338\" alt=\"\" class=\"wp-image-46040\" srcset=\"https:\/\/i2.wp.com\/batimedianews.com\/live\/wp-content\/uploads\/2025\/07\/image-120.png?w=746&amp;ssl=1 746w, https:\/\/i2.wp.com\/batimedianews.com\/live\/wp-content\/uploads\/2025\/07\/image-120.png?resize=768%2C360&amp;ssl=1 768w, https:\/\/i2.wp.com\/batimedianews.com\/live\/wp-content\/uploads\/2025\/07\/image-120.png?resize=432%2C203&amp;ssl=1 432w, https:\/\/i2.wp.com\/batimedianews.com\/live\/wp-content\/uploads\/2025\/07\/image-120.png?resize=396%2C186&amp;ssl=1 396w, https:\/\/i2.wp.com\/batimedianews.com\/live\/wp-content\/uploads\/2025\/07\/image-120.png?resize=660%2C310&amp;ssl=1 660w\" sizes=\"(max-width: 600px) 91vw, (max-width: 900px) 600px, (max-width: 1060px) 50vw, (max-width: 1200px) 520px, (max-width: 1400px) 43vw, 600px\" data-recalc-dims=\"1\" \/><\/figure>\n\n\n\n<p class=\"has-text-align-justify\">Avec ce projet, MALERBA DISTRIBUTION consolide son maillage et assure une pr\u00e9sence forte dans les diff\u00e9rentes r\u00e9gions de France, avec toujours pour objectif d&rsquo;apporter un service de proximit\u00e9 et une expertise pointue dans le domaine des blocs-portes techniques.<\/p>\n\n\n\n<p class=\"has-sm-dark-primary-color has-text-color has-medium-font-size\"><strong>Un nouveau si\u00e8ge social moderne et \u00e9cologique<\/strong><\/p>\n\n\n\n<div class=\"wp-block-media-text alignwide has-media-on-the-right is-stacked-on-mobile\"><figure class=\"wp-block-media-text__media\"><img loading=\"lazy\" width=\"720\" height=\"457\" src=\"https:\/\/i1.wp.com\/batimedianews.com\/live\/wp-content\/uploads\/2025\/07\/image-121.png?resize=720%2C457\" alt=\"\" class=\"wp-image-46041 size-full\" srcset=\"https:\/\/i1.wp.com\/batimedianews.com\/live\/wp-content\/uploads\/2025\/07\/image-121.png?w=822&amp;ssl=1 822w, https:\/\/i1.wp.com\/batimedianews.com\/live\/wp-content\/uploads\/2025\/07\/image-121.png?resize=768%2C487&amp;ssl=1 768w, https:\/\/i1.wp.com\/batimedianews.com\/live\/wp-content\/uploads\/2025\/07\/image-121.png?resize=432%2C274&amp;ssl=1 432w, https:\/\/i1.wp.com\/batimedianews.com\/live\/wp-content\/uploads\/2025\/07\/image-121.png?resize=396%2C251&amp;ssl=1 396w, https:\/\/i1.wp.com\/batimedianews.com\/live\/wp-content\/uploads\/2025\/07\/image-121.png?resize=660%2C419&amp;ssl=1 660w\" sizes=\"(max-width: 600px) 91vw, (max-width: 900px) 600px, (max-width: 1060px) 50vw, (max-width: 1200px) 520px, (max-width: 1400px) 43vw, 600px\" data-recalc-dims=\"1\" \/><\/figure><div class=\"wp-block-media-text__content\">\n<p class=\"has-normal-font-size\">Pour accompagner son d\u00e9veloppement, la soci\u00e9t\u00e9 MALERBA, historiquement \u00e9tablie \u00e0 Cours-la-Ville dans le Rh\u00f4ne depuis plus de 54 ans, d\u00e9m\u00e9nagera son si\u00e8ge social \u00e0 une dizaine de kilom\u00e8tres de son implantation actuelle d\u00e9but 2026. Son nouveau si\u00e8ge social sera bas\u00e9 \u00e0 Thizy-les Bourgs sur un axe qui dessert Roanne-Tarare. Mentionnons que ce futur b\u00e2timent, exemplaire en mati\u00e8re d&rsquo;impact carbone, a obtenu la certification \u00ab\u00a0HQE B\u00e2timent Durable Construction\u00a0\u00bb. Pour<strong> Bruno MALERBA<\/strong>, il s&rsquo;agit <em>\u00ab\u00a0d&rsquo;un nouveau si\u00e8ge de 4.000 m<sup>2<\/sup>, moderne, con\u00e7u sp\u00e9cifiquement pour r\u00e9pondre aux besoins et aux fonctionnements de l&rsquo;entreprise. Le projet a \u00e9t\u00e9 confi\u00e9 au cabinet d&rsquo;ing\u00e9nierie et d&rsquo;architecture AIA LIFE DESIGNERS, reconnu comme un sp\u00e9cialiste des b\u00e2timents tertiaires. Cette d\u00e9cision m\u00fbrement r\u00e9fl\u00e9chie s&rsquo;inscrit dans un objectif de p\u00e9rennisation de l&rsquo;entreprise, en tenant compte des exigences actuelles des collaborateurs en mati\u00e8re de qualit\u00e9 de vie et des conditions de travail.\u00a0\u00bb<\/em><\/p>\n<\/div><\/div>\n\n\n\n<figure class=\"wp-block-image size-full\"><img loading=\"lazy\" width=\"720\" height=\"301\" src=\"https:\/\/i2.wp.com\/batimedianews.com\/live\/wp-content\/uploads\/2025\/07\/image-122.png?resize=720%2C301\" alt=\"\" class=\"wp-image-46042\" srcset=\"https:\/\/i2.wp.com\/batimedianews.com\/live\/wp-content\/uploads\/2025\/07\/image-122.png?w=1634&amp;ssl=1 1634w, https:\/\/i2.wp.com\/batimedianews.com\/live\/wp-content\/uploads\/2025\/07\/image-122.png?resize=768%2C320&amp;ssl=1 768w, https:\/\/i2.wp.com\/batimedianews.com\/live\/wp-content\/uploads\/2025\/07\/image-122.png?resize=432%2C180&amp;ssl=1 432w, https:\/\/i2.wp.com\/batimedianews.com\/live\/wp-content\/uploads\/2025\/07\/image-122.png?resize=396%2C165&amp;ssl=1 396w, https:\/\/i2.wp.com\/batimedianews.com\/live\/wp-content\/uploads\/2025\/07\/image-122.png?resize=1120%2C467&amp;ssl=1 1120w, https:\/\/i2.wp.com\/batimedianews.com\/live\/wp-content\/uploads\/2025\/07\/image-122.png?resize=660%2C275&amp;ssl=1 660w, https:\/\/i2.wp.com\/batimedianews.com\/live\/wp-content\/uploads\/2025\/07\/image-122.png?w=1440 1440w\" sizes=\"(max-width: 600px) 91vw, (max-width: 900px) 600px, (max-width: 1060px) 50vw, (max-width: 1200px) 520px, (max-width: 1400px) 43vw, 600px\" data-recalc-dims=\"1\" \/><\/figure>\n\n\n\n<p class=\"has-sm-dark-primary-color has-text-color has-medium-font-size\"><strong>Une plateforme logistique pour gagner en efficacit\u00e9 comme en s\u00e9curit\u00e9&nbsp;<\/strong><\/p>\n\n\n\n<div class=\"wp-block-media-text alignwide has-media-on-the-right is-stacked-on-mobile\" style=\"grid-template-columns:auto 40%\"><figure class=\"wp-block-media-text__media\"><img loading=\"lazy\" width=\"720\" height=\"461\" src=\"https:\/\/i2.wp.com\/batimedianews.com\/live\/wp-content\/uploads\/2025\/07\/image-123.png?resize=720%2C461\" alt=\"\" class=\"wp-image-46043 size-full\" srcset=\"https:\/\/i2.wp.com\/batimedianews.com\/live\/wp-content\/uploads\/2025\/07\/image-123.png?w=812&amp;ssl=1 812w, https:\/\/i2.wp.com\/batimedianews.com\/live\/wp-content\/uploads\/2025\/07\/image-123.png?resize=768%2C491&amp;ssl=1 768w, https:\/\/i2.wp.com\/batimedianews.com\/live\/wp-content\/uploads\/2025\/07\/image-123.png?resize=432%2C277&amp;ssl=1 432w, https:\/\/i2.wp.com\/batimedianews.com\/live\/wp-content\/uploads\/2025\/07\/image-123.png?resize=396%2C254&amp;ssl=1 396w, https:\/\/i2.wp.com\/batimedianews.com\/live\/wp-content\/uploads\/2025\/07\/image-123.png?resize=660%2C423&amp;ssl=1 660w\" sizes=\"(max-width: 600px) 91vw, (max-width: 900px) 600px, (max-width: 1060px) 50vw, (max-width: 1200px) 520px, (max-width: 1400px) 43vw, 600px\" data-recalc-dims=\"1\" \/><\/figure><div class=\"wp-block-media-text__content\">\n<p class=\"has-text-align-justify has-normal-font-size\">En parall\u00e8le du projet de nouveau si\u00e8ge social MALERBA et \u00e0 proximit\u00e9 de celui-ci, une plateforme logistique de quelque 14.000 m<sup>2<\/sup> est en cours de construction sur l&rsquo;ancien site des usines Treca \u00e0 Thizy-les-Bourgs (69). Avec ce projet, MALERBA a pour objectif de centraliser l&rsquo;ensemble des exp\u00e9ditions en provenance de ses diff\u00e9rents sites de production. Cette plateforme d\u00e9sengorgera aussi ses quais et permettra de gagner en efficacit\u00e9 comme de renforcer la s\u00e9curit\u00e9 de ses collaborateurs.<\/p>\n<\/div><\/div>\n\n\n\n<div class=\"wp-block-media-text alignwide has-media-on-the-right is-stacked-on-mobile\" style=\"grid-template-columns:auto 41%\"><figure class=\"wp-block-media-text__media\"><img loading=\"lazy\" width=\"720\" height=\"461\" src=\"https:\/\/i0.wp.com\/batimedianews.com\/live\/wp-content\/uploads\/2025\/07\/image-124.png?resize=720%2C461\" alt=\"\" class=\"wp-image-46044 size-full\" srcset=\"https:\/\/i0.wp.com\/batimedianews.com\/live\/wp-content\/uploads\/2025\/07\/image-124.png?w=812&amp;ssl=1 812w, https:\/\/i0.wp.com\/batimedianews.com\/live\/wp-content\/uploads\/2025\/07\/image-124.png?resize=768%2C491&amp;ssl=1 768w, https:\/\/i0.wp.com\/batimedianews.com\/live\/wp-content\/uploads\/2025\/07\/image-124.png?resize=432%2C277&amp;ssl=1 432w, https:\/\/i0.wp.com\/batimedianews.com\/live\/wp-content\/uploads\/2025\/07\/image-124.png?resize=396%2C254&amp;ssl=1 396w, https:\/\/i0.wp.com\/batimedianews.com\/live\/wp-content\/uploads\/2025\/07\/image-124.png?resize=660%2C423&amp;ssl=1 660w\" sizes=\"(max-width: 600px) 91vw, (max-width: 900px) 600px, (max-width: 1060px) 50vw, (max-width: 1200px) 520px, (max-width: 1400px) 43vw, 600px\" data-recalc-dims=\"1\" \/><\/figure><div class=\"wp-block-media-text__content\">\n<p class=\"has-text-align-justify has-normal-font-size\"><strong>Bruno MALERBA<\/strong> pr\u00e9cise qu&rsquo;<em>\u00ab\u00a0\u00e0 terme, cette plateforme accompagnera l&rsquo;ensemble des sites de production MALERBA dans l&rsquo;optimisation des flux logistiques. Elle sera capable d&rsquo;accueillir jusqu&rsquo;\u00e0  70 camions par jour, am\u00e9liorant ainsi consid\u00e9rablement la capacit\u00e9 de gestion des exp\u00e9ditions\u00a0\u00bb.<\/em><\/p>\n\n\n\n<p class=\"has-text-align-justify\">Confi\u00e9 \u00e0 CLC, une soci\u00e9t\u00e9 d&rsquo;ing\u00e9nierie sp\u00e9cialiste en mati\u00e8re de construction de b\u00e2timents logistiques, le projet est d\u00e9j\u00e0 bien avanc\u00e9 : la premi\u00e8re phase a \u00e9t\u00e9 livr\u00e9e en janvier 2025 et est pleinement op\u00e9rationnelle, quant \u00e0 la seconde, elle est pr\u00e9vue pour une disponibilit\u00e9 en d\u00e9cembre 2025.<\/p>\n<\/div><\/div>\n\n\n\n<h2 class=\"has-sm-dark-primary-color has-text-color\">PREVIEW ARTIBAT 2025 : UN STAND AUX COULEURS MALERBA ET RICHE EN NOUVEAUT\u00c9S<\/h2>\n\n\n\n<div class=\"wp-block-media-text alignwide has-media-on-the-right is-stacked-on-mobile\" style=\"grid-template-columns:auto 41%\"><figure class=\"wp-block-media-text__media\"><img loading=\"lazy\" width=\"720\" height=\"598\" src=\"https:\/\/i1.wp.com\/batimedianews.com\/live\/wp-content\/uploads\/2025\/07\/image-125.png?resize=720%2C598\" alt=\"\" class=\"wp-image-46045 size-full\" srcset=\"https:\/\/i1.wp.com\/batimedianews.com\/live\/wp-content\/uploads\/2025\/07\/image-125.png?w=812&amp;ssl=1 812w, https:\/\/i1.wp.com\/batimedianews.com\/live\/wp-content\/uploads\/2025\/07\/image-125.png?resize=768%2C637&amp;ssl=1 768w, https:\/\/i1.wp.com\/batimedianews.com\/live\/wp-content\/uploads\/2025\/07\/image-125.png?resize=432%2C359&amp;ssl=1 432w, https:\/\/i1.wp.com\/batimedianews.com\/live\/wp-content\/uploads\/2025\/07\/image-125.png?resize=396%2C329&amp;ssl=1 396w, https:\/\/i1.wp.com\/batimedianews.com\/live\/wp-content\/uploads\/2025\/07\/image-125.png?resize=660%2C548&amp;ssl=1 660w\" sizes=\"(max-width: 600px) 91vw, (max-width: 900px) 600px, (max-width: 1060px) 50vw, (max-width: 1200px) 520px, (max-width: 1400px) 43vw, 600px\" data-recalc-dims=\"1\" \/><\/figure><div class=\"wp-block-media-text__content\">\n<p class=\"has-normal-font-size\">MALERBA sera pr\u00e9sent en octobre sur le salon ARTIBAT, dans le Hall 4 \u00ab\u00a0Menuiserie &#8211; Fermeture\u00a0\u00bb stand n\u00b0B37. Une occasion privil\u00e9gi\u00e9e pour d\u00e9voiler aux professionnels du b\u00e2timent, trois nouveaux produits: <\/p>\n\n\n\n<ul><li><strong>Un bloc-porte vitr\u00e9 D.A.S. pivot linteau motoris\u00e9 : <\/strong>celui-ci annonce le lancement d&rsquo;une gamme compl\u00e8te de blocs-portes vitr\u00e9s D.A.S. \u00e9quip\u00e9s de pivot linteau motoris\u00e9 T5 PLM, avec classement de r\u00e9sistance au feu E130 et E160, en r\u00e9ponse \u00e0 la demande croissante des RP pour cette typologie de blocs-portes.<\/li><li><strong>Un bloc-porte PMT anti-effraction :<\/strong> dans le cadre du lancement de sa gamme de blocs-portes m\u00e9talliques techniques (PMT) anti-effraction de niveau EN CR2 et EN CR3 &#8211; produits tr\u00e8s attendus sur le march\u00e9-, MALERBA pr\u00e9sentera un bloc-porte 1 vantail, \u00e9quip\u00e9 d&rsquo;une anti-panique 3 points et d&rsquo;une poign\u00e9e \u00e9lectrique.<\/li><\/ul>\n<\/div><\/div>\n\n\n\n<ul><li>\u2022 <strong>Une porte de communication int\u00e9rieure NUOVA avec huisserie pose fin de chantier <\/strong>: d\u00e9clinant l\u2019offre de portes NUOVA lanc\u00e9e ce printemps, MALERBA d\u00e9voilera en exclusivit\u00e9 aux visiteurs du salon, sa solution d\u2019huisserie NUOVA FDC, con\u00e7ue pour faciliter la pose du bloc-porte en fin de chantier.&nbsp;<\/li><\/ul>\n\n\n\n<p class=\"has-text-align-justify\">Notons que MALERBA publiera les mises \u00e0 jour de ses catalogues HABITAT COLLECTIF et HABITAT INDIVIDUEL. Ces  \u00e9ditions 2026 aborderont la globalit\u00e9 de l&rsquo;offre \u00e0 destination de l&rsquo;abim\u00e2t neuf, tant en mati\u00e8re de blocs-portes que de blocs-gaines et de trappes de visite.<\/p>\n\n\n\n<p class=\"has-text-align-justify\">Elles pr\u00e9senteront \u00e9galement les derni\u00e8res nouveaut\u00e9s sign\u00e9es MALERBA pour personnaliser les portes tout en assurant la s\u00e9curit\u00e9 et le confort des logements.<\/p>\n\n\n\n<p class=\"has-text-align-justify\">Enfin, MALERBA annonce que sa nouvelle gamme de finitions stratifi\u00e9es ELAN 2026-2028, constitu\u00e9e de 44 d\u00e9cors stratifi\u00e9s et lanc\u00e9e d\u00e9but octobre 2025, sera aussi visible sur le salon, sans compter la sortie imminente de son offre en mati\u00e8re de blocs-portes et ch\u00e2ssis vitr\u00e9s anti-rayons X. Un \u00e9ventail d&rsquo;innovations donc \u00e0 d\u00e9couvrir sur Artibat en octobre prochain.<\/p>\n\n\n\n<figure class=\"wp-block-image size-full\"><img loading=\"lazy\" width=\"720\" height=\"414\" src=\"https:\/\/i0.wp.com\/batimedianews.com\/live\/wp-content\/uploads\/2025\/07\/image-126.png?resize=720%2C414\" alt=\"\" class=\"wp-image-46046\" srcset=\"https:\/\/i0.wp.com\/batimedianews.com\/live\/wp-content\/uploads\/2025\/07\/image-126.png?w=1598&amp;ssl=1 1598w, https:\/\/i0.wp.com\/batimedianews.com\/live\/wp-content\/uploads\/2025\/07\/image-126.png?resize=768%2C441&amp;ssl=1 768w, https:\/\/i0.wp.com\/batimedianews.com\/live\/wp-content\/uploads\/2025\/07\/image-126.png?resize=432%2C248&amp;ssl=1 432w, https:\/\/i0.wp.com\/batimedianews.com\/live\/wp-content\/uploads\/2025\/07\/image-126.png?resize=396%2C227&amp;ssl=1 396w, https:\/\/i0.wp.com\/batimedianews.com\/live\/wp-content\/uploads\/2025\/07\/image-126.png?resize=1120%2C643&amp;ssl=1 1120w, https:\/\/i0.wp.com\/batimedianews.com\/live\/wp-content\/uploads\/2025\/07\/image-126.png?resize=660%2C379&amp;ssl=1 660w, https:\/\/i0.wp.com\/batimedianews.com\/live\/wp-content\/uploads\/2025\/07\/image-126.png?w=1440 1440w\" sizes=\"(max-width: 600px) 91vw, (max-width: 900px) 600px, (max-width: 1060px) 50vw, (max-width: 1200px) 520px, (max-width: 1400px) 43vw, 600px\" data-recalc-dims=\"1\" \/><figcaption>Le stand MALERBA \u00e0 d\u00e9couvrir sur le salon Artibat 2025<\/figcaption><\/figure>\n\n\n\n<p class=\"has-text-align-justify has-background\" style=\"background-color:#d1d2d3\"><strong>MALERBA<\/strong> est le fabricant fran\u00e7ais r\u00e9f\u00e9rent avec les plus larges gammes de blocs-portes m\u00e9talliques, bois et vitr\u00e9s pour tous les segments de march\u00e9 en France. Avec leurs performances techniques multiples et leurs nombreuses finitions, tous les blocs-portes MALERBA sont fabriqu\u00e9s sur-mesure et adapt\u00e9s pour r\u00e9pondre aux exigences et aux aspirations esth\u00e9tiques, techniques et \u00e9conomiques les plus  vari\u00e9es. Ils sont con\u00e7us et fabriqu\u00e9s exclusivement en France &#8211; \u00e0 Cours, Thizy-les-Bourgs et Montagny &#8211; et disposent d&rsquo;un profil environnemental r\u00e9pondant aux exigences des constructions durables.<\/p>\n","protected":false},"excerpt":{"rendered":"<p>&nbsp;MALERBA signe une ann\u00e9e 2025 riche de projets ambitieux et structurants pour le futur. C\u00f4t\u00e9 produits, apr\u00e8s le r\u00e9cent lancement de NUOVA, sa nouvelle porte de communication int\u00e9rieure, MALERBA annonce plusieurs produits pour la fin d\u2019ann\u00e9e \u00e0 d\u00e9couvrir sur le salon ARTIBAT. C\u00f4t\u00e9 industriel, l\u2019entreprise mise l\u00e0-encore sur l\u2019avenir avec un programme d\u2019investissement ambitieux de [&hellip;]<\/p>\n","protected":false},"author":1,"featured_media":46048,"comment_status":"open","ping_status":"open","sticky":true,"template":"","format":"standard","meta":{"spay_email":""},"categories":[4,2670,879],"tags":[1086],"jetpack_featured_media_url":"https:\/\/i2.wp.com\/batimedianews.com\/live\/wp-content\/uploads\/2025\/07\/Malerba.jpg?fit=1513%2C825&ssl=1","jetpack_sharing_enabled":true,"jetpack_likes_enabled":true,"jetpack-related-posts":[{"id":31619,"url":"https:\/\/batimedianews.com\/live\/index.php\/2023\/09\/22\/lindustriel-rhone-alpin-malerba-edite-son-premier-rapport-rse\/","url_meta":{"origin":46029,"position":0},"title":"L\u2019industriel RH\u00d4NE-ALPIN  MALERBA  \u00e9dite son premier rapport RSE","date":"22 septembre 2023","format":false,"excerpt":"\u00a0Riche de nombreuses initiatives en mati\u00e8re de RSE, MALERBA vient d\u2019\u00e9diter son premier rapport RSE \u00e9tabli sur la base des donn\u00e9es 2022. Un document exhaustif de 56 pages, v\u00e9ritable \u00e9tat des lieux \u00e0 360\u00b0, qui affiche clairement, outre des initiatives concr\u00e8tes d\u00e9j\u00e0 op\u00e9rationnelles, ses axes de travail et d\u2019am\u00e9lioration pour\u2026","rel":"","context":"Dans &quot;Actualit\u00e9 Entreprises&quot;","img":{"alt_text":"","src":"https:\/\/i1.wp.com\/batimedianews.com\/live\/wp-content\/uploads\/2023\/09\/Malerba-articles.jpg?fit=825%2C825&ssl=1&resize=350%2C200","width":350,"height":200},"classes":[]},{"id":12849,"url":"https:\/\/batimedianews.com\/live\/index.php\/2021\/10\/20\/malerba-contribuer-a-un-monde-plus-sur\/","url_meta":{"origin":46029,"position":1},"title":"MALERBA : CONTRIBUER \u00c0 UN MONDE PLUS S\u00dbR","date":"20 octobre 2021","format":false,"excerpt":"MALERBA, fabriquant de blocs-portes bois, m\u00e9tal et vitr\u00e9s, bas\u00e9 en r\u00e9gion Auvergne - Rh\u00f4ne-Alpes, a choisi ARTIBAT pour mettre en lumi\u00e8re deux nouvelles gammes de produits et une application. Reconnu pour son expertise dans le secteur sant\u00e9, l\u2019industriel profite \u00e9galement du salon pour lever le voile sur son programme hospitalier,\u2026","rel":"","context":"Dans &quot;Actualit\u00e9 Entreprises&quot;","img":{"alt_text":"","src":"https:\/\/i1.wp.com\/batimedianews.com\/live\/wp-content\/uploads\/2021\/10\/Malerba-Article.jpg?fit=512%2C512&ssl=1&resize=350%2C200","width":350,"height":200},"classes":[]},{"id":43792,"url":"https:\/\/batimedianews.com\/live\/index.php\/2025\/03\/25\/faciliter-les-choix-de-la-prescription-malerba-edite-une-documentation-blocs-portes-d-a-s-motorises\/","url_meta":{"origin":46029,"position":2},"title":"Faciliter les choix de la prescription &#8211; MALERBA \u00e9dite une documentation blocs-portes D.A.S. motoris\u00e9s","date":"25 mars 2025","format":false,"excerpt":"\u00a0Dans le cadre de son Programme HOSPITALIER, MALERBA d\u00e9veloppe depuis une dizaine d\u2019ann\u00e9es un portefeuille de solutions \u00e9tudi\u00e9es pour r\u00e9pondre aux enjeux sp\u00e9cifiques des \u00e9tablissements de sant\u00e9, ce qui l\u2019a amen\u00e9 \u00e0 concevoir r\u00e9cemment des blocs-portes motoris\u00e9s. Novateurs, ces produits r\u00e9pondent \u00e0 des besoins \u00e9mergents, tout en assurant la conformit\u00e9\u2026","rel":"","context":"Dans &quot;Actualit\u00e9 Entreprises&quot;","img":{"alt_text":"","src":"https:\/\/i0.wp.com\/batimedianews.com\/live\/wp-content\/uploads\/2025\/03\/Malerba.jpg?fit=825%2C825&ssl=1&resize=350%2C200","width":350,"height":200},"classes":[]},{"id":10588,"url":"https:\/\/batimedianews.com\/live\/index.php\/2021\/06\/25\/special-habitat-individuel-malerba-edite-son-nouveau-catalogue\/","url_meta":{"origin":46029,"position":3},"title":"SP\u00c9CIAL HABITAT INDIVIDUEL : MALERBA \u00c9DITE SON NOUVEAU CATALOGUE","date":"25 juin 2021","format":false,"excerpt":"Revendiquant cette ann\u00e9e un demi-si\u00e8cle de production Made in France, MALERBA, fabricant r\u00e9f\u00e9rent sur les march\u00e9s des blocs-portes techniques, vient d\u2019\u00e9diter un catalogue r\u00e9unissant l\u2019ensemble de ses r\u00e9f\u00e9rences produits d\u00e9di\u00e9es \u00e0 l\u2019habitat individuel. Cette \u00e9dition de 72 pages, abondamment illustr\u00e9e, structur\u00e9e en 4 sections, pr\u00e9sente toute l\u2019\u00e9tendue des solutions MALERBA\u2026","rel":"","context":"Dans &quot;Actualit\u00e9 Entreprises&quot;","img":{"alt_text":"","src":"https:\/\/i0.wp.com\/batimedianews.com\/live\/wp-content\/uploads\/2021\/06\/Malerba-Article.jpg?fit=512%2C512&ssl=1&resize=350%2C200","width":350,"height":200},"classes":[]},{"id":48067,"url":"https:\/\/batimedianews.com\/live\/index.php\/2025\/11\/24\/malerba-une-gamme-complete-de-blocs-portes-metalliques-techniques-anti-effraction\/","url_meta":{"origin":46029,"position":4},"title":"MALERBA : une gamme compl\u00e8te de blocs-portes m\u00e9talliques techniques anti-effraction","date":"24 novembre 2025","format":false,"excerpt":"\u00a0Afin de r\u00e9pondre aux attentes de s\u00e9curisation des acc\u00e8s et des issues de secours des logements collectifs et des b\u00e2timents tertiaires et industriels, MALERBA a entrepris en 2022 de d\u00e9velopper des gammes compl\u00e8tes de blocs-portes m\u00e9talliques techniques (PMT) et issues de secours (PMIS) pr\u00e9sentant des performances de r\u00e9sistance \u00e0 l\u2019effraction.\u2026","rel":"","context":"Dans &quot;Actualit\u00e9 Entreprises&quot;","img":{"alt_text":"","src":"https:\/\/i1.wp.com\/batimedianews.com\/live\/wp-content\/uploads\/2025\/11\/Malerba.jpg?fit=825%2C825&ssl=1&resize=350%2C200","width":350,"height":200},"classes":[]},{"id":9145,"url":"https:\/\/batimedianews.com\/live\/index.php\/2021\/04\/15\/densification-du-reseau-et-avantages-services-clients-malerba-distribution-sud-ouest-ouvre-ses-portes\/","url_meta":{"origin":46029,"position":5},"title":"DENSIFICATION DU R\u00c9SEAU ET AVANTAGES SERVICES CLIENTS : MALERBA DISTRIBUTION SUD-OUEST OUVRE SES PORTES","date":"15 avril 2021","format":false,"excerpt":"R\u00e9f\u00e9rence fran\u00e7aise depuis 1971 sur le march\u00e9 des bloc-portes techniques (m\u00e9talliques, bois et vitr\u00e9s), la soci\u00e9t\u00e9 MALERBA, fid\u00e8le \u00e0 sa politique de d\u00e9veloppement ax\u00e9 sur la proximit\u00e9 et le service client, a ouvert les portes, le 6 avril dernier, de son 7\u00e8me centre MALERBA DISTRIBUTION SUD-OUEST \u00e0 Le Haillan (33).\u2026","rel":"","context":"Dans &quot;Actualit\u00e9 Entreprises&quot;","img":{"alt_text":"","src":"https:\/\/i0.wp.com\/batimedianews.com\/live\/wp-content\/uploads\/2021\/04\/malerba_image.jpg?fit=620%2C441&ssl=1&resize=350%2C200","width":350,"height":200},"classes":[]}],"_links":{"self":[{"href":"https:\/\/batimedianews.com\/live\/index.php\/wp-json\/wp\/v2\/posts\/46029"}],"collection":[{"href":"https:\/\/batimedianews.com\/live\/index.php\/wp-json\/wp\/v2\/posts"}],"about":[{"href":"https:\/\/batimedianews.com\/live\/index.php\/wp-json\/wp\/v2\/types\/post"}],"author":[{"embeddable":true,"href":"https:\/\/batimedianews.com\/live\/index.php\/wp-json\/wp\/v2\/users\/1"}],"replies":[{"embeddable":true,"href":"https:\/\/batimedianews.com\/live\/index.php\/wp-json\/wp\/v2\/comments?post=46029"}],"version-history":[{"count":3,"href":"https:\/\/batimedianews.com\/live\/index.php\/wp-json\/wp\/v2\/posts\/46029\/revisions"}],"predecessor-version":[{"id":46074,"href":"https:\/\/batimedianews.com\/live\/index.php\/wp-json\/wp\/v2\/posts\/46029\/revisions\/46074"}],"wp:featuredmedia":[{"embeddable":true,"href":"https:\/\/batimedianews.com\/live\/index.php\/wp-json\/wp\/v2\/media\/46048"}],"wp:attachment":[{"href":"https:\/\/batimedianews.com\/live\/index.php\/wp-json\/wp\/v2\/media?parent=46029"}],"wp:term":[{"taxonomy":"category","embeddable":true,"href":"https:\/\/batimedianews.com\/live\/index.php\/wp-json\/wp\/v2\/categories?post=46029"},{"taxonomy":"post_tag","embeddable":true,"href":"https:\/\/batimedianews.com\/live\/index.php\/wp-json\/wp\/v2\/tags?post=46029"}],"curies":[{"name":"wp","href":"https:\/\/api.w.org\/{rel}","templated":true}]}}