{"id":46287,"date":"2025-08-29T09:51:20","date_gmt":"2025-08-29T07:51:20","guid":{"rendered":"http:\/\/batimedianews.com\/live\/?p=46287"},"modified":"2025-08-29T09:51:23","modified_gmt":"2025-08-29T07:51:23","slug":"forum-renodays-2025-attentes-des-habitants-10-masterclass-pour-comprendre-les-besoins-des-menages","status":"publish","type":"post","link":"https:\/\/batimedianews.com\/live\/index.php\/2025\/08\/29\/forum-renodays-2025-attentes-des-habitants-10-masterclass-pour-comprendre-les-besoins-des-menages\/","title":{"rendered":"FORUM RENODAYS 2025 : Attentes des habitants : 10 masterclass pour comprendre les besoins des m\u00e9nages"},"content":{"rendered":"\n<p class=\"has-text-align-justify\"><strong>Situ\u00e9 d\u00e8s l\u2019entr\u00e9e du Forum RENODAYS, l\u2019espace \u00ab Attentes des habitants \u00bb a \u00e9t\u00e9 con\u00e7u en partenariat avec le Club de l\u2019Am\u00e9lioration de l\u2019Habitat (CAH)<sup>1<\/sup>. Il se concentre sur les sujets cl\u00e9s pour comprendre les besoins et attentes des m\u00e9nages en mati\u00e8re de qualit\u00e9 du logement. L\u2019objectif : offrir aux professionnels les cl\u00e9s pour adapter leurs offres et mieux r\u00e9pondre aux \u00e9volutions du march\u00e9. Dix sessions, organis\u00e9es sur les deux jours au format masterclass, rythmeront cet espace. Celui-ci accueillera \u00e9galement la 3\u00e8me \u00e9dition du PRIX DE LA REQUALIFICATION ARCHITECTURALE DE COPROPRI\u00c9T\u00c9S, lanc\u00e9 par l\u2019Union des Architectes (UNSFA) et le Club de l\u2019Am\u00e9lioration de l\u2019Habitat (CAH) et soutenu par le Minist\u00e8re de la Culture.&nbsp;<\/strong><\/p>\n\n\n\n<p class=\"has-sm-dark-primary-color has-text-color\">&nbsp;AU PROGRAMME DE L\u2019ESPACE ATTENTES DES HABITANTS<sup> 2&nbsp;<\/sup><\/p>\n\n\n\n<p class=\"has-text-color\" style=\"color:#00a386\">&nbsp;MARDI 7 OCTOBRE&nbsp;<\/p>\n\n\n\n<ul class=\"has-sm-dark-primary-color has-text-color\"><li>11h15 \u2013 12h00 : <strong>Conf\u00e9rence sur la requalification architecturale des copropri\u00e9t\u00e9s&nbsp;<\/strong><\/li><\/ul>\n\n\n\n<p class=\"has-text-align-justify\">Les architectes, comme en t\u00e9moignent de nombreuses r\u00e9alisations, savent apporter ce suppl\u00e9ment d\u2019\u00e2me qui r\u00e9-enchante l\u2019immeuble en lui conf\u00e9rant de nouvelles performances qui n\u2019\u00e9taient m\u00eame pas vis\u00e9es \u00e0 l\u2019\u00e9poque de leur construction. Qu&rsquo;en est-il des travaux de requalification architecturale en copropri\u00e9t\u00e9 ?&nbsp;<\/p>\n\n\n\n<p class=\"has-text-align-justify\"><em>Intervenants : Jacques BAUDRIER, Adjoint au maire de Paris, Pr\u00e9sident EKOPOLIS ; Franck DURAND, Secr\u00e9taire national de l\u2019UNSFA ; Fran\u00e7ois PELEGRIN, Architecte urbaniste UNSFA.&nbsp;<\/em><\/p>\n\n\n\n<ul class=\"has-sm-dark-primary-color has-text-color\"><li>12h00 &#8211; 12h45 : <strong>Remise des prix de la requalification architecturale des copropri\u00e9t\u00e9s UNSFA\/CAH&nbsp;<\/strong><\/li><\/ul>\n\n\n\n<p class=\"has-text-align-justify\">L\u2019UNSFA et le CAH s\u2019associent pour lancer la troisi\u00e8me \u00e9dition du Prix de la Requalification Architecturale de Copropri\u00e9t\u00e9s avec leurs partenaires (Alliance HQE-GBC, Compagnie des Architectes de Copropri\u00e9t\u00e9s, Construction21, Association Qualitel, R\u00e9nodays, Unis IDF). Ce prix met en lumi\u00e8re l\u2019acte architectural lequel, d\u00e9passant les simples am\u00e9liorations techniques, permet de redonner aux habitants le bonheur et la fiert\u00e9 d\u2019habiter leur \u00ab nouvel \u00bb immeuble aux performances augment\u00e9es.&nbsp;<\/p>\n\n\n\n<p class=\"has-text-align-justify\"><em>Anim\u00e9 par Jean-Pascal CHIRAT, D\u00e9l\u00e9gu\u00e9 g\u00e9n\u00e9ral du Club de l&rsquo;Am\u00e9lioration de l&rsquo;Habitat (CAH) et Fran\u00e7ois PELEGRIN, Architecte urbaniste UNSFA.&nbsp;<\/em><\/p>\n\n\n\n<p class=\"has-text-align-justify has-small-font-size\"><sup>1 <\/sup>Fond\u00e9 en 1992, le Club de l\u2019Am\u00e9lioration de l\u2019Habitat regroupe les principaux acteurs publics et priv\u00e9s de la fili\u00e8re entretien-r\u00e9novation du parc r\u00e9sidentiel fran\u00e7ais. Avec des \u00e9tudes, enqu\u00eates et groupes de r\u00e9flexion, le CAH agit pour mesurer, comprendre et dynamiser le march\u00e9 de l\u2019am\u00e9lioration de l\u2019habitat afin de pouvoir mieux en appr\u00e9hender les tendances d\u2019\u00e9volution et discerner les m\u00e9canismes de motivation conduisant \u00e0 la r\u00e9alisation de travaux au profit de la qualit\u00e9 de vie des habitants et de la performance environnementale du b\u00e2ti r\u00e9sidentiel.&nbsp;<\/p>\n\n\n\n<p class=\"has-small-font-size\"><sup>2<\/sup> Programme en cours de finalisation, susceptible d\u2019\u00eatre modifi\u00e9&nbsp;<\/p>\n\n\n\n<ul class=\"has-sm-dark-primary-color has-text-color\"><li>14h30 &#8211; 15h00 : <strong>R\u00e9novation \u00e9nerg\u00e9tique : un parcours compliqu\u00e9 pour l\u2019habitant, quelles pistes possibles ?&nbsp;<\/strong><\/li><\/ul>\n\n\n\n<p class=\"has-text-align-justify\">Quelles sont les attentes des habitants en termes de r\u00e9novation du logement ? Audrey Valin, sociologue sp\u00e9cialiste de l&rsquo;habitat, pr\u00e9sente comment mieux conna\u00eetre les freins pour pouvoir les lever.&nbsp;<\/p>\n\n\n\n<p><em>Intervenant : Audrey VALIN, Sociologue Cabinet ACTES.&nbsp;<\/em><\/p>\n\n\n\n<ul class=\"has-sm-dark-primary-color has-text-color\"><li>15h15 &#8211; 15h45 : <strong>Financement de la r\u00e9novation \u00e9nerg\u00e9tique, quelles perspectives ?&nbsp;<\/strong><\/li><\/ul>\n\n\n\n<p class=\"has-text-align-justify\">Quelles solutions nouvelles ou compl\u00e9mentaires les instances financi\u00e8res sp\u00e9cialis\u00e9es sur le march\u00e9 de la r\u00e9novation du logement peuvent-elles s&rsquo;engager pour faciliter la r\u00e9alisation des travaux ?&nbsp;<\/p>\n\n\n\n<p><em>Intervenant : Laurent PERMASSE, Directeur Sofinco Eco-transitions.&nbsp;<\/em><\/p>\n\n\n\n<ul class=\"has-sm-dark-primary-color has-text-color\"><li>16h00 &#8211; 16h30 : <strong>R\u00e9novation \u00e9nerg\u00e9tique des copropri\u00e9t\u00e9s : voter puis vivre les travaux&nbsp;<\/strong><\/li><\/ul>\n\n\n\n<p class=\"has-text-align-justify\">Entre craintes, contraintes et convictions, comment engager les copropri\u00e9taires \u00e0 voter une r\u00e9novation \u00e9nerg\u00e9tique globale, quels sont les leviers ? Comment accompagner au mieux ceux qui d\u00e9cident, les m\u00eames qui demain vivront ces travaux, connus pour \u00eatre anxiog\u00e8nes\u2026 Des solutions existent pour faire de cette transformation un projet bien v\u00e9cu et porteur de sens.&nbsp;<\/p>\n\n\n\n<p><em>Intervenant : Thibault MARICOT, Directeur du D\u00e9veloppement \u2013 R\u00e9novation des copropri\u00e9t\u00e9s Bouygues Construction.&nbsp;<\/em><\/p>\n\n\n\n<ul class=\"has-sm-dark-primary-color has-text-color\"><li>16h45 &#8211; 17h15 : <strong>Adaptation des logements au changement climatique, quelles solutions ?&nbsp;<\/strong><\/li><\/ul>\n\n\n\n<p class=\"has-text-align-justify\">Les effets du changement climatique impactent de plus en plus le secteur r\u00e9sidentiel. Des experts du sujet pr\u00e9sentent les solutions innovantes et existantes pour att\u00e9nuer ces effets et se pr\u00e9munir des risques climatiques.&nbsp;<\/p>\n\n\n\n<p><em>Intervenants : Jean-Luc BUCHOU, D\u00e9l\u00e9gu\u00e9 g\u00e9n\u00e9ral Cercle Promodul \/ INEF 4 ; Thierry VOLANT, Charg\u00e9 de mission Association Promotoit.&nbsp;<\/em><\/p>\n\n\n\n<p class=\"has-text-color\" style=\"color:#00a386\">MERCREDI 8 OCTOBRE&nbsp;<\/p>\n\n\n\n<ul class=\"has-sm-dark-primary-color has-text-color\"><li>11h00 &#8211; 11h30 : <strong>R\u00e9novation \u00e9nerg\u00e9tique : quel r\u00f4le pour La Poste dans la r\u00e9ussite de la politique publique ?&nbsp;<\/strong><\/li><\/ul>\n\n\n\n<p class=\"has-text-align-justify\">En combinant la force de son r\u00e9seau humain et l\u2019expertise de sa filiale \u00c9conomie d\u2019\u00c9nergie, accr\u00e9dit\u00e9e Mon Accompagnateur R\u00e9nov\u2019, La Poste propose une offre compl\u00e8te : sensibilisation, collecte de donn\u00e9es, valorisation des copropri\u00e9t\u00e9s et montage de dossiers. Cette conf\u00e9rence explorera les synergies entre innovation sociale, ing\u00e9nierie administrative et efficacit\u00e9 \u00e9nerg\u00e9tique, au service d\u2019un objectif commun : massifier la r\u00e9novation des logements en France, en synergie avec les acteurs de l\u2019\u00e9cosyst\u00e8me et en soutien aux actions engag\u00e9es par les collectivit\u00e9s et l\u2019\u00c9tat.&nbsp;<\/p>\n\n\n\n<p class=\"has-text-align-justify\"><em>Intervenants : Anne-Lise DELORON ROCARD, Directrice de l\u2019unit\u00e9 d\u2019affaires Efficacit\u00e9 \u00e9nerg\u00e9tique, Groupe La Poste ; Jean-Manuel NEVES, Directeur Marketing Economie d\u2019Energie, Groupe La Poste.&nbsp;<\/em><\/p>\n\n\n\n<ul class=\"has-sm-dark-primary-color has-text-color\"><li>11h45 &#8211; 12h15 : <strong>Massification de la r\u00e9novation \u00e9nerg\u00e9tique : les solutions de tiers-financement&nbsp;<\/strong><\/li><\/ul>\n\n\n\n<p class=\"has-text-align-justify\">Les soci\u00e9t\u00e9s de tiers-financement, cr\u00e9\u00e9es \u00e0 l\u2019initiative des R\u00e9gions ou des M\u00e9tropoles, ont pour objectif de rendre la r\u00e9novation \u00e9nerg\u00e9tique accessible, simple et performante. L\u2019association SERAFIN apporte sa vision pour relever de d\u00e9fi du financement de la r\u00e9novation pour tous.&nbsp;<\/p>\n\n\n\n<p class=\"has-text-align-justify\"><em>Intervenant : S\u00e9bastien DESCOURS, Expert strat\u00e9gie et financement des transitions SERAFIN, Co-fondateur de FIDEO-BRE, Banque de la R\u00e9novation Energ\u00e9tique.&nbsp;<\/em><\/p>\n\n\n\n<p class=\"has-sm-dark-primary-color has-text-color\">14h30 &#8211; 15h00 : <strong>Sant\u00e9 au coeur de l\u2019habitat : quel impact d\u2019une bonne Qualit\u00e9 de l\u2019Air Int\u00e9rieur ?&nbsp;<\/strong><\/p>\n\n\n\n<p><em>Intervenants : Dr Fabien SQUINAZI, Pr\u00e9sident de la commission Environnement Haut Conseil de la Sant\u00e9 Publique ; Pascal HOUSSET, Pr\u00e9sident AF Ventilation.&nbsp;<\/em><\/p>\n\n\n\n<ul class=\"has-sm-dark-primary-color has-text-color\"><li>15h15 &#8211; 15h45 : <strong>Quel impact du changement climatique sur le logement des Fran\u00e7ais ? R\u00e9sultats du barom\u00e8tre QUALITEL 2025&nbsp;<\/strong><\/li><\/ul>\n\n\n\n<p><em>Intervenant : Antoine DESBARRIERES, Directeur de l\u2019Association QUALITEL.&nbsp;<\/em><\/p>\n\n\n\n<p><strong>\u00c0 propos de RX&nbsp;<\/strong><\/p>\n\n\n\n<p class=\"has-text-align-justify has-small-font-size\">RX est un leader mondial d&rsquo;\u00e9v\u00e9nements et de salons. RX s&rsquo;appuie sur son expertise sectorielle, les donn\u00e9es et la technologie pour le d\u00e9veloppement des entreprises, des collectivit\u00e9s et des individus. Pr\u00e9sent dans 25 pays et sur 42 secteurs d\u2019activit\u00e9, RX organise pr\u00e8s de 350 \u00e9v\u00e9nements par an. RX s&rsquo;engage \u00e0 cr\u00e9er un environnement de travail inclusif pour tous ses collaborateurs et collaboratrices. RX permet aux entreprises de se d\u00e9velopper gr\u00e2ce \u00e0 la donn\u00e9e et aux solutions num\u00e9riques. RX fait partie de RELX, un fournisseur mondial de donn\u00e9es, d&rsquo;outils d&rsquo;analyses et de d\u00e9cisions pour les professionnels et les entreprises.&nbsp;<\/p>\n\n\n\n<p class=\"has-small-font-size\">RX France est cr\u00e9ateur de places de rencontres \u00e0 forte valeur ajout\u00e9e, leaders sur une quinzaine de march\u00e9s diff\u00e9rents. Parmi les salons embl\u00e9matiques de RX France et incontournables sur le plan national et international, figurent MIPIM, MAPIC, Batimat, Pollutec, EquipHotel, SITL, IFTM, Big Data &amp; AI Paris, MIPCOM, Paris Photo, Maison&amp;Objet* et bien d\u2019autres\u2026 Nos \u00e9v\u00e9nements se d\u00e9roulent en France, \u00e0 Hong Kong, en Italie et au Mexique.&nbsp;<\/p>\n","protected":false},"excerpt":{"rendered":"<p>Situ\u00e9 d\u00e8s l\u2019entr\u00e9e du Forum RENODAYS, l\u2019espace \u00ab Attentes des habitants \u00bb a \u00e9t\u00e9 con\u00e7u en partenariat avec le Club de l\u2019Am\u00e9lioration de l\u2019Habitat (CAH)1. Il se concentre sur les sujets cl\u00e9s pour comprendre les besoins et attentes des m\u00e9nages en mati\u00e8re de qualit\u00e9 du logement. L\u2019objectif : offrir aux professionnels les cl\u00e9s pour adapter [&hellip;]<\/p>\n","protected":false},"author":41,"featured_media":46288,"comment_status":"open","ping_status":"open","sticky":true,"template":"","format":"standard","meta":{"spay_email":""},"categories":[5,1256,104,108],"tags":[2378],"jetpack_featured_media_url":"https:\/\/i1.wp.com\/batimedianews.com\/live\/wp-content\/uploads\/2025\/08\/Renodays.jpg?fit=1513%2C825&ssl=1","jetpack_sharing_enabled":true,"jetpack_likes_enabled":true,"jetpack-related-posts":[{"id":31481,"url":"https:\/\/batimedianews.com\/live\/index.php\/2023\/09\/20\/renodays-une-premiere-edition-sous-le-signe-du-succes\/","url_meta":{"origin":46287,"position":0},"title":"RENODAYS, une  premi\u00e8re \u00e9dition sous le signe  du succ\u00e8s  !","date":"20 septembre 2023","format":false,"excerpt":"\u00a0Pour sa premi\u00e8re \u00e9dition, RENODAYS a rempli tous ses objectifs ! V\u00e9ritable \u00e9v\u00e8nement pour le secteur du b\u00e2timent, de la construction et de l\u2019immobilier, le forum a su s\u00e9duire par la richesse de son contenu. Ce sont ainsi plus de 5 000 visiteurs qui sont venus rencontrer les 143 exposants\u2026","rel":"","context":"Dans &quot;Actualit\u00e9s salons&quot;","img":{"alt_text":"","src":"https:\/\/i0.wp.com\/batimedianews.com\/live\/wp-content\/uploads\/2023\/09\/Renodays-articles.jpg?fit=825%2C825&ssl=1&resize=350%2C200","width":350,"height":200},"classes":[]},{"id":28822,"url":"https:\/\/batimedianews.com\/live\/index.php\/2023\/05\/26\/les-habitants-consommateurs-et-ladaptation-du-logement-au-vieillissement-avec-le-club-de-lamelioration-de-lhabitat-et-france-silver-eco\/","url_meta":{"origin":46287,"position":1},"title":"Les habitants consommateurs et l&rsquo;adaptation du logement au vieillissement avec Le Club de l\u2019am\u00e9lioration de l\u2019habitat  et  \u00abFrance silver eco \u00bb","date":"26 mai 2023","format":false,"excerpt":"Le Club de l\u2019am\u00e9lioration de l\u2019habitat pr\u00e9sente les premiers r\u00e9sultats de sa r\u00e9cente enqu\u00eate aupr\u00e8s des \u00abhabitants consommateurs\u00bb et \u00e0 ses cot\u00e9s \u00abFrance silver eco \u00bb commente la synth\u00e8se de l\u2019\u00e9tude d\u2019impact \u00e9conomique sur l\u2019adaptation du logement au vieillissement de la population \u00a01\/ Regard d\u00e9taill\u00e9 du CAH port\u00e9 vers les\u2026","rel":"","context":"Dans &quot;Actualit\u00e9 Entreprises&quot;","img":{"alt_text":"","src":"https:\/\/i0.wp.com\/batimedianews.com\/live\/wp-content\/uploads\/2023\/05\/CAH-Article.jpg?fit=1080%2C1080&ssl=1&resize=350%2C200","width":350,"height":200},"classes":[]},{"id":30620,"url":"https:\/\/batimedianews.com\/live\/index.php\/2023\/08\/28\/au-salon-renodays-edilians-donne-les-cles-dune-renovation-energetique-en-toiture-performante-et-durable\/","url_meta":{"origin":46287,"position":2},"title":"Au salon Renodays, EDILIANS donne les cl\u00e9s d\u2019une r\u00e9novation \u00e9nerg\u00e9tique en toiture performante et durable","date":"28 ao\u00fbt 2023","format":false,"excerpt":"Alors que la lutte contre les passoires thermiques, \u00e9valu\u00e9es \u00e0 5 millions en France, s\u2019acc\u00e9l\u00e8re, la r\u00e9novation globale des habitations constitue plus que jamais un enjeu strat\u00e9gique et indispensable pour atteindre la r\u00e9duction de 35% des \u00e9missions de CO2 d\u2019ici 2030 et une neutralit\u00e9 carbone en 2050. Sachant que 25\u2026","rel":"","context":"Dans &quot;Actualit\u00e9 Entreprises&quot;","img":{"alt_text":"","src":"https:\/\/i0.wp.com\/batimedianews.com\/live\/wp-content\/uploads\/2023\/08\/Edilians-article.jpg?fit=1080%2C1080&ssl=1&resize=350%2C200","width":350,"height":200},"classes":[]},{"id":42557,"url":"https:\/\/batimedianews.com\/live\/index.php\/2025\/02\/03\/renodays-2025-la-nouvelle-edition-du-forum-de-la-renovation-energetique-souvre-aux-batiments-tertiaires-publics-et-prives\/","url_meta":{"origin":46287,"position":3},"title":"RENODAYS 2025 : La nouvelle \u00e9dition du forum de la r\u00e9novation \u00e9nerg\u00e9tique s\u2019ouvre aux b\u00e2timents tertiaires publics et priv\u00e9s","date":"3 f\u00e9vrier 2025","format":false,"excerpt":"\u00a0Fort du succ\u00e8s de sa premi\u00e8re \u00e9dition en 2023, qui a rassembl\u00e9 plus de 5 000 visiteurs et 143 exposants, le forum RENODAYS revient les 7 et 8 octobre 2025 \u00e0 Paris Expo \u2013 Porte de Versailles (Pavillon 6). Cette deuxi\u00e8me \u00e9dition innove en \u00e9largissant son champ d\u2019action \u00e0 la\u2026","rel":"","context":"Dans &quot;Actualit\u00e9 Entreprises&quot;","img":{"alt_text":"","src":"https:\/\/i0.wp.com\/batimedianews.com\/live\/wp-content\/uploads\/2025\/01\/Renodays-articles-.jpg?fit=825%2C825&ssl=1&resize=350%2C200","width":350,"height":200},"classes":[]},{"id":39468,"url":"https:\/\/batimedianews.com\/live\/index.php\/2024\/09\/09\/batimat-2024-la-renovation-energetique-et-performante-au-coeur-des-enjeux\/","url_meta":{"origin":46287,"position":4},"title":"BATIMAT 2024 : La r\u00e9novation \u00e9nerg\u00e9tique et performante au c\u0153ur des enjeux","date":"9 septembre 2024","format":false,"excerpt":"V\u00e9ritable vitrine pour les grandes tendances du secteur de la construction, le salon BATIMAT revient du 30 septembre au 3 octobre \u00e0 Paris Expo Porte de Versailles. Pour cette nouvelle \u00e9dition, la r\u00e9novation des b\u00e2timents tiendra une place particuli\u00e8rement importante, reflet d\u2019une probl\u00e9matique devenue majeure. Apr\u00e8s le succ\u00e8s du forum\u2026","rel":"","context":"Dans &quot;Actualit\u00e9s salons&quot;","img":{"alt_text":"","src":"https:\/\/i0.wp.com\/batimedianews.com\/live\/wp-content\/uploads\/2024\/09\/Batimat.jpg?fit=825%2C825&ssl=1&resize=350%2C200","width":350,"height":200},"classes":[]},{"id":1371,"url":"https:\/\/batimedianews.com\/live\/index.php\/2019\/07\/01\/assemblee-generale-du-club-de-lamelioration-de-lhabitat\/","url_meta":{"origin":46287,"position":5},"title":"Assembl\u00e9e G\u00e9n\u00e9rale du Club de l\u2019Am\u00e9lioration de l\u2019Habitat","date":"1 juillet 2019","format":false,"excerpt":"Le Club de l'Am\u00e9lioration de l'Habitat a tenu son assembl\u00e9e g\u00e9n\u00e9rale annuelle ce jeudi 20 juin dans l\u2019auditorium du si\u00e8ge de Saint-Gobain \u00e0 la d\u00e9fense. Le pr\u00e9sident Maurice Manceau a pr\u00e9sent\u00e9 \u00e0 cette occasion le bilan de ses trois ann\u00e9es de mandats, particuli\u00e8rement riches en \u00e9v\u00e9nements et \u00e9tudes diverses. Il\u2026","rel":"","context":"Dans &quot;Actualit\u00e9 Entreprises&quot;","img":{"alt_text":"","src":"https:\/\/batimedialive.files.wordpress.com\/2019\/06\/manceau.jpg?w=350&h=200&crop=1","width":350,"height":200},"classes":[]}],"_links":{"self":[{"href":"https:\/\/batimedianews.com\/live\/index.php\/wp-json\/wp\/v2\/posts\/46287"}],"collection":[{"href":"https:\/\/batimedianews.com\/live\/index.php\/wp-json\/wp\/v2\/posts"}],"about":[{"href":"https:\/\/batimedianews.com\/live\/index.php\/wp-json\/wp\/v2\/types\/post"}],"author":[{"embeddable":true,"href":"https:\/\/batimedianews.com\/live\/index.php\/wp-json\/wp\/v2\/users\/41"}],"replies":[{"embeddable":true,"href":"https:\/\/batimedianews.com\/live\/index.php\/wp-json\/wp\/v2\/comments?post=46287"}],"version-history":[{"count":2,"href":"https:\/\/batimedianews.com\/live\/index.php\/wp-json\/wp\/v2\/posts\/46287\/revisions"}],"predecessor-version":[{"id":46296,"href":"https:\/\/batimedianews.com\/live\/index.php\/wp-json\/wp\/v2\/posts\/46287\/revisions\/46296"}],"wp:featuredmedia":[{"embeddable":true,"href":"https:\/\/batimedianews.com\/live\/index.php\/wp-json\/wp\/v2\/media\/46288"}],"wp:attachment":[{"href":"https:\/\/batimedianews.com\/live\/index.php\/wp-json\/wp\/v2\/media?parent=46287"}],"wp:term":[{"taxonomy":"category","embeddable":true,"href":"https:\/\/batimedianews.com\/live\/index.php\/wp-json\/wp\/v2\/categories?post=46287"},{"taxonomy":"post_tag","embeddable":true,"href":"https:\/\/batimedianews.com\/live\/index.php\/wp-json\/wp\/v2\/tags?post=46287"}],"curies":[{"name":"wp","href":"https:\/\/api.w.org\/{rel}","templated":true}]}}