{"id":46298,"date":"2025-09-01T07:58:21","date_gmt":"2025-09-01T05:58:21","guid":{"rendered":"http:\/\/batimedianews.com\/live\/?p=46298"},"modified":"2025-09-01T07:58:23","modified_gmt":"2025-09-01T05:58:23","slug":"pour-sublimer-les-toitures-de-larc-atlantique-la-tuile-mediane-reno-gelis-dedilians-senrichit-de-deux-nouveaux-coloris","status":"publish","type":"post","link":"https:\/\/batimedianews.com\/live\/index.php\/2025\/09\/01\/pour-sublimer-les-toitures-de-larc-atlantique-la-tuile-mediane-reno-gelis-dedilians-senrichit-de-deux-nouveaux-coloris\/","title":{"rendered":"Pour sublimer les toitures de l\u2019Arc Atlantique, la tuile M\u00c9DIANE R\u00c9NO G\u00e9lis d\u2019EDILIANS s\u2019enrichit de deux nouveaux coloris"},"content":{"rendered":"\n<figure class=\"wp-block-image size-full\"><img loading=\"lazy\" width=\"720\" height=\"330\" src=\"https:\/\/i2.wp.com\/batimedianews.com\/live\/wp-content\/uploads\/2025\/08\/image-8.png?resize=720%2C330\" alt=\"\" class=\"wp-image-46299\" srcset=\"https:\/\/i2.wp.com\/batimedianews.com\/live\/wp-content\/uploads\/2025\/08\/image-8.png?w=1464&amp;ssl=1 1464w, https:\/\/i2.wp.com\/batimedianews.com\/live\/wp-content\/uploads\/2025\/08\/image-8.png?resize=768%2C351&amp;ssl=1 768w, https:\/\/i2.wp.com\/batimedianews.com\/live\/wp-content\/uploads\/2025\/08\/image-8.png?resize=432%2C198&amp;ssl=1 432w, https:\/\/i2.wp.com\/batimedianews.com\/live\/wp-content\/uploads\/2025\/08\/image-8.png?resize=396%2C181&amp;ssl=1 396w, https:\/\/i2.wp.com\/batimedianews.com\/live\/wp-content\/uploads\/2025\/08\/image-8.png?resize=1120%2C513&amp;ssl=1 1120w, https:\/\/i2.wp.com\/batimedianews.com\/live\/wp-content\/uploads\/2025\/08\/image-8.png?resize=660%2C302&amp;ssl=1 660w\" sizes=\"(max-width: 600px) 91vw, (max-width: 900px) 600px, (max-width: 1060px) 50vw, (max-width: 1200px) 520px, (max-width: 1400px) 43vw, 600px\" data-recalc-dims=\"1\" \/><\/figure>\n\n\n\n<p class=\"has-text-align-justify has-text-color\" style=\"color:#2e7fa0\"><strong>Issue de la gamme M\u00c9DIANE dot\u00e9e de l\u2019appellation de terroir G\u00e9lis, r\u00e9f\u00e9rence des couvreurs, la tuile M\u00c9DIANE R\u00c9NO d\u2019EDILIANS s\u2019inspire de l\u2019esth\u00e9tique des tuiles canal et se d\u00e9cline en diff\u00e9rentes teintes. Aujourd\u2019hui, elle s\u2019enrichit de deux nouveaux coloris : C\u00f4te Vend\u00e9enne, inspir\u00e9e du littoral Atlantique, et Terre de Vienne, typique des paysages de l\u2019arri\u00e8re pays.<\/strong><\/p>\n\n\n\n<p class=\"has-text-color has-medium-font-size\" style=\"color:#2e7fa0\">&nbsp;<strong>L\u2019\u00e9quilibre parfait entre la douceur du littoral et la richesse du terroir<\/strong><\/p>\n\n\n\n<p class=\"has-text-align-justify\">D\u00e9j\u00e0 propos\u00e9e dans un choix vari\u00e9 de teintes appr\u00e9ci\u00e9es dans le Sud-Ouest et sur la c\u00f4te Atlantique, la tuile M\u00c9DIANE R\u00c9NO G\u00e9lis d\u2019EDILIANS se d\u00e9cline d\u00e9sormais dans deux nouveaux coloris :<\/p>\n\n\n\n<ul><li>C\u00f4te Vend\u00e9enne, une teinte raffin\u00e9e, id\u00e9ale pour sublimer les toitures des zones littorales avec \u00e9l\u00e9gance,<\/li><li>Terre de Vienne, parfaite pour valoriser les b\u00e2tis situ\u00e9s dans les terres int\u00e9rieures, ancr\u00e9s dans le paysage rural.<\/li><\/ul>\n\n\n\n<p class=\"has-text-align-justify\">De quoi se fondre harmonieusement dans le d\u00e9cor naturel de ces zones g\u00e9ographiques et r\u00e9pondre aux attentes de tous les projets de r\u00e9novation, m\u00eame les plus exigeants !<\/p>\n\n\n\n<p class=\"has-text-color has-medium-font-size\" style=\"color:#2e7fa0\"><strong>L\u2019alliance de l\u2019esth\u00e9tique et de la technicit\u00e9<\/strong><\/p>\n\n\n\n<p class=\"has-text-align-justify\">A double embo\u00eetement, la tuile grand moule fortement galb\u00e9e M\u00c9DIANE R\u00c9NO G\u00e9lis offre une grande flexibilit\u00e9 et simplicit\u00e9 de mise en \u0153uvre, particuli\u00e8rement adapt\u00e9e aux contraintes de la r\u00e9novation gr\u00e2ce \u00e0 :\u00a0<\/p>\n\n\n\n<ul><li>sa certification NF FP qui autorise son installation en faible pente,<\/li><li>son double jeu de pose dont un lat\u00e9ral de 3,5 cm et un longitudinal de 1,6 cm qui facilite les ajustements n\u00e9cessaires sur des toitures existantes souvent irr\u00e9guli\u00e8res,<\/li><li>un pureau longitudinal variable de 360 \u00e0 376 mm,<\/li><li>11,1 \u00e0 13,6 tuiles\/m<sup>2 <\/sup>selon recouvrement.<\/li><\/ul>\n\n\n\n<p class=\"has-text-align-justify\">Elle est compatible avec une large gamme d\u2019accessoires (plain pan, fa\u00eetage, rive, \u00e9gout, composants de toiture&#8230;) dont un nouveau fronton orn\u00e9 du c\u00e9l\u00e8bre C\u0153ur Vend\u00e9en, sp\u00e9cialement fa\u00e7onn\u00e9 \u00e0 l\u2019occasion pour ce d\u00e9partement.<\/p>\n\n\n\n<p class=\"has-text-align-justify has-text-color\" style=\"color:#0086a3\"><strong>Avec la nouvelle M\u00c9DIANE R\u00c9NO G\u00e9lis, EDILIANS entend rester incontournable sur le march\u00e9 de la r\u00e9novation et rayonner sur le littoral atlantique en tant que marque de r\u00e9f\u00e9rence de la toiture terre cuite en France.<\/strong><\/p>\n\n\n\n<div class=\"wp-block-media-text alignwide has-media-on-the-right is-stacked-on-mobile\" style=\"grid-template-columns:auto 34%\"><figure class=\"wp-block-media-text__media\"><img loading=\"lazy\" width=\"720\" height=\"394\" src=\"https:\/\/i2.wp.com\/batimedianews.com\/live\/wp-content\/uploads\/2025\/08\/image-9.png?resize=720%2C394\" alt=\"\" class=\"wp-image-46300 size-full\" srcset=\"https:\/\/i2.wp.com\/batimedianews.com\/live\/wp-content\/uploads\/2025\/08\/image-9.png?w=772&amp;ssl=1 772w, https:\/\/i2.wp.com\/batimedianews.com\/live\/wp-content\/uploads\/2025\/08\/image-9.png?resize=768%2C419&amp;ssl=1 768w, https:\/\/i2.wp.com\/batimedianews.com\/live\/wp-content\/uploads\/2025\/08\/image-9.png?resize=432%2C236&amp;ssl=1 432w, https:\/\/i2.wp.com\/batimedianews.com\/live\/wp-content\/uploads\/2025\/08\/image-9.png?resize=396%2C216&amp;ssl=1 396w, https:\/\/i2.wp.com\/batimedianews.com\/live\/wp-content\/uploads\/2025\/08\/image-9.png?resize=660%2C361&amp;ssl=1 660w\" sizes=\"(max-width: 600px) 91vw, (max-width: 900px) 600px, (max-width: 1060px) 50vw, (max-width: 1200px) 520px, (max-width: 1400px) 43vw, 600px\" data-recalc-dims=\"1\" \/><\/figure><div class=\"wp-block-media-text__content\">\n<p class=\"has-text-color has-medium-font-size\" style=\"color:#2e7fa0\"><strong>Caract\u00e9ristiques techniques<\/strong><\/p>\n\n\n\n<p>Longueur hors tout = environ 453 mm<\/p>\n\n\n\n<p>Largeur hors tout = environ 294 mm<\/p>\n\n\n\n<p>Largeur utile de 205 \u00e0 240 mm<\/p>\n\n\n\n<p>Pureau longitudinal variable de 360 \u00e0 376 mm<\/p>\n\n\n\n<p>Poids unitaire = environ 3,8 kg<\/p>\n\n\n\n<p>Pose \u00e0 joints droits<\/p>\n\n\n\n<p>DTU : 40-21<\/p>\n\n\n\n<p>Classe de galbe : G2*&nbsp;<\/p>\n<\/div><\/div>\n\n\n\n<p class=\"has-text-color\" style=\"color:#036d9b\">A propos d\u2019EDILIANS :&nbsp;<\/p>\n\n\n\n<p>Edilians est une marque de r\u00e9f\u00e9rence pour les toitures en terre cuite, la r\u00e9novation \u00e9nerg\u00e9tique et le solaire photovolta\u00efque. Expert de la toiture en France au travers de ses 9 appellations de terroirs depuis 1811, et pionnier de la tuile solaire photovolta\u00efque universelle depuis 2002, Edilians cr\u00e9e aujourd\u2019hui des solutions de toitures innovantes et durables au c\u0153ur de l\u2019\u00e9co-habitat.<\/p>\n\n\n\n<p><strong><em>Edilians fait partie d\u2019EDILIANS GROUP<\/em><\/strong><\/p>\n\n\n\n<p>Acteur europ\u00e9en de r\u00e9f\u00e9rence dans la construction et la r\u00e9novation des enveloppes du b\u00e2timent, EDILIANS Group s\u2019appuie sur 4 marques leaders dans les solutions de toitures innovantes et le solaire photovolta\u00efque au c\u0153ur de l\u2019\u00e9co-habitat : EDILIANS, LA ESCANDELLA, UMBELINO MONTEIRO et TEJAS BORJA.<\/p>\n\n\n\n<p>Fort de son ancrage local en France, EDILIANS GROUP rayonne \u00e9galement en Espagne et au Portugal, distribuant ainsi ses produits dans plus de 100 pays.<\/p>\n\n\n\n<p><\/p>\n","protected":false},"excerpt":{"rendered":"<p>Issue de la gamme M\u00c9DIANE dot\u00e9e de l\u2019appellation de terroir G\u00e9lis, r\u00e9f\u00e9rence des couvreurs, la tuile M\u00c9DIANE R\u00c9NO d\u2019EDILIANS s\u2019inspire de l\u2019esth\u00e9tique des tuiles canal et se d\u00e9cline en diff\u00e9rentes teintes. Aujourd\u2019hui, elle s\u2019enrichit de deux nouveaux coloris : C\u00f4te Vend\u00e9enne, inspir\u00e9e du littoral Atlantique, et Terre de Vienne, typique des paysages de l\u2019arri\u00e8re pays. [&hellip;]<\/p>\n","protected":false},"author":41,"featured_media":46301,"comment_status":"open","ping_status":"open","sticky":true,"template":"","format":"standard","meta":{"spay_email":""},"categories":[4,1376,130],"tags":[],"jetpack_featured_media_url":"https:\/\/i0.wp.com\/batimedianews.com\/live\/wp-content\/uploads\/2025\/08\/Edilians.jpg?fit=1513%2C825&ssl=1","jetpack_sharing_enabled":true,"jetpack_likes_enabled":true,"jetpack-related-posts":[{"id":47249,"url":"https:\/\/batimedianews.com\/live\/index.php\/2025\/10\/06\/sur-artibat-edilians-demontrera-aux-visiteurs-comment-atteindre-les-sommets-de-la-performance-energetique-grace-a-la-toiture\/","url_meta":{"origin":46298,"position":0},"title":"Sur ARTIBAT, EDILIANS d\u00e9montrera aux visiteurs comment atteindre les sommets de la performance \u00e9nerg\u00e9tique gr\u00e2ce \u00e0 la toiture","date":"6 octobre 2025","format":false,"excerpt":"Plus grand \u00e9v\u00e9nement de la fili\u00e8re construction en 2025, ARTIBAT tiendra sa 20\u00e8me \u00e9dition au Parc des Expositions de Rennes, du 22 au 24 octobre prochains. Malgr\u00e9 un contexte \u00e9conomique incertain, le salon jouera une nouvelle fois son r\u00f4le de r\u00e9v\u00e9lateur des tendances du b\u00e2timent, secteur en constante \u00e9volution. Parmi\u2026","rel":"","context":"Dans &quot;Actualit\u00e9 Entreprises&quot;","img":{"alt_text":"","src":"https:\/\/i1.wp.com\/batimedianews.com\/live\/wp-content\/uploads\/2025\/10\/Edilians.jpg?fit=825%2C825&ssl=1&resize=350%2C200","width":350,"height":200},"classes":[]},{"id":48573,"url":"https:\/\/batimedianews.com\/live\/index.php\/2025\/12\/17\/edilians-a-artibat-2025-la-convergence-entre-terre-cuite-et-solaire-pour-repondre-aux-enjeux-du-batiment\/","url_meta":{"origin":46298,"position":1},"title":"Edilians \u00e0 Artibat 2025 : La convergence entre terre cuite et solaire pour r\u00e9pondre aux enjeux du b\u00e2timent","date":"17 d\u00e9cembre 2025","format":false,"excerpt":"\u00c0 l\u2019occasion d\u2019Artibat 2025, Batim\u00e9dia Live part \u00e0 la rencontre des industriels, fabricants et acteurs cl\u00e9s du b\u00e2timent pour une s\u00e9rie d\u2019interviews et de reportages tourn\u00e9s au c\u0153ur du salon. Objectif : mettre en lumi\u00e8re les innovations, les d\u00e9marches strat\u00e9giques et les services qui accompagnent la transition \u00e9nerg\u00e9tique et la\u2026","rel":"","context":"Dans &quot;Actualit\u00e9 Entreprises&quot;","img":{"alt_text":"","src":"https:\/\/i1.wp.com\/batimedianews.com\/live\/wp-content\/uploads\/2025\/12\/edeilains-couv2.png?fit=748%2C748&ssl=1&resize=350%2C200","width":350,"height":200},"classes":[]},{"id":37954,"url":"https:\/\/batimedianews.com\/live\/index.php\/2024\/06\/10\/avec-la-nouvelle-tuile-plein-sud-reabilis-gelis-edilians-excelle-dans-lart-de-faire-de-lancien-avec-du-neuf\/","url_meta":{"origin":46298,"position":2},"title":"Avec la nouvelle tuile PLEIN SUD R\u00c9ABILIS G\u00e9lis, EDILIANS excelle dans l\u2019art de faire de l\u2019ancien avec du neuf","date":"10 juin 2024","format":false,"excerpt":"Depuis toujours, EDILIANS s\u2019attache \u00e0 cr\u00e9er de nouvelles typologies de produits qui s\u2019inscrivent dans les grandes tendances architecturales tant au niveau des formes, des coloris que des aspects de surface. Aujourd\u2019hui, pour retrouver le caract\u00e8re unique des toitures traditionnelles du bassin m\u00e9diterran\u00e9en ou sublimer les habitations par des tuiles de\u2026","rel":"","context":"Dans &quot;Actualit\u00e9 Entreprises&quot;","img":{"alt_text":"","src":"https:\/\/i2.wp.com\/batimedianews.com\/live\/wp-content\/uploads\/2024\/06\/Edilians.png?fit=550%2C300&ssl=1&resize=350%2C200","width":350,"height":200},"classes":[]},{"id":40444,"url":"https:\/\/batimedianews.com\/live\/index.php\/2024\/10\/16\/edilians-enrichit-sa-gamme-de-tuiles-terre-cuite-avec-deux-nouveaux-modeles-pour-embellir-les-toits-du-nord-et-du-bassin-parisien\/","url_meta":{"origin":46298,"position":3},"title":"EDILIANS enrichit sa gamme de tuiles terre cuite avec deux nouveaux mod\u00e8les pour embellir les toits du Nord et du bassin parisien","date":"16 octobre 2024","format":false,"excerpt":"Depuis toujours, EDILIANS s\u2019attache \u00e0 cr\u00e9er de nouvelles typologies de produits qui s\u2019inscrivent dans les grandes tendances architecturales tant au niveau des formes, des coloris que des aspects de surface. Aujourd\u2019hui, le leader historique et marque de r\u00e9f\u00e9rence de la toiture terre cuite en France enrichit sa gamme de tuiles\u2026","rel":"","context":"Dans &quot;Actualit\u00e9 Entreprises&quot;","img":{"alt_text":"","src":"https:\/\/i1.wp.com\/batimedianews.com\/live\/wp-content\/uploads\/2024\/10\/Edilians.jpg?fit=825%2C825&ssl=1&resize=350%2C200","width":350,"height":200},"classes":[]},{"id":45215,"url":"https:\/\/batimedianews.com\/live\/index.php\/2025\/06\/02\/edilians-complete-sa-gamme-daccessoires-pour-tuiles-plates-avec-deux-nouvelles-lanternes-ideales-pour-allier-rapidite-de-pose-et-elegance-sur-les-chantiers\/","url_meta":{"origin":46298,"position":4},"title":"EDILIANS compl\u00e8te sa gamme d\u2019accessoires pour tuiles plates avec deux nouvelles lanternes, id\u00e9ales pour allier rapidit\u00e9 de pose et \u00e9l\u00e9gance sur les chantiers","date":"2 juin 2025","format":false,"excerpt":"\u00a0S\u2019attachant \u00e0 porter une attention particuli\u00e8re \u00e0 l\u2019esth\u00e9tique d\u2019une toiture jusque dans les moindres d\u00e9tails, EDILIANS a \u00e0 c\u0153ur de d\u00e9velopper des produits vari\u00e9s pour r\u00e9aliser des finitions toujours plus abouties. Marque de r\u00e9f\u00e9rence de la toiture terre cuite en France, elle enrichit aujourd\u2019hui sa gamme d\u2019accessoires et de lanternes\u2026","rel":"","context":"Dans &quot;Actualit\u00e9 Entreprises&quot;","img":{"alt_text":"","src":"https:\/\/i1.wp.com\/batimedianews.com\/live\/wp-content\/uploads\/2025\/05\/Edilians.jpg?fit=825%2C825&ssl=1&resize=350%2C200","width":350,"height":200},"classes":[]},{"id":21463,"url":"https:\/\/batimedianews.com\/live\/index.php\/2022\/07\/01\/en-enrichissant-sa-gamme-design-avec-une-offre-complete-de-tuiles-emaillees-edilians-repousse-les-limites-de-linspiration\/","url_meta":{"origin":46298,"position":5},"title":"En enrichissant sa gamme Design avec une offre compl\u00e8te de tuiles \u00e9maill\u00e9es, EDILIANS repousse les limites de l\u2019inspiration","date":"1 juillet 2022","format":false,"excerpt":"MONDIAL DU BATIMENT - HALL 1 STAND P54 Avec sa gamme Design, EDILIANS invitait d\u00e9j\u00e0 les prescripteurs \u00e0 laisser libre cours \u00e0\u2002leur cr\u00e9ativit\u00e9 pour composer des b\u00e2timents uniques. Ils pouvaient alors jouer avec les couleurs, la lumi\u00e8re et les finitions autour de 6 mod\u00e8les de tuiles d\u00e9j\u00e0 reconnus pour leur\u2026","rel":"","context":"Dans &quot;Actualit\u00e9 Entreprises&quot;","img":{"alt_text":"","src":"https:\/\/i0.wp.com\/batimedianews.com\/live\/wp-content\/uploads\/2022\/06\/Edilians-Article.jpg?fit=1080%2C1080&ssl=1&resize=350%2C200","width":350,"height":200},"classes":[]}],"_links":{"self":[{"href":"https:\/\/batimedianews.com\/live\/index.php\/wp-json\/wp\/v2\/posts\/46298"}],"collection":[{"href":"https:\/\/batimedianews.com\/live\/index.php\/wp-json\/wp\/v2\/posts"}],"about":[{"href":"https:\/\/batimedianews.com\/live\/index.php\/wp-json\/wp\/v2\/types\/post"}],"author":[{"embeddable":true,"href":"https:\/\/batimedianews.com\/live\/index.php\/wp-json\/wp\/v2\/users\/41"}],"replies":[{"embeddable":true,"href":"https:\/\/batimedianews.com\/live\/index.php\/wp-json\/wp\/v2\/comments?post=46298"}],"version-history":[{"count":2,"href":"https:\/\/batimedianews.com\/live\/index.php\/wp-json\/wp\/v2\/posts\/46298\/revisions"}],"predecessor-version":[{"id":46312,"href":"https:\/\/batimedianews.com\/live\/index.php\/wp-json\/wp\/v2\/posts\/46298\/revisions\/46312"}],"wp:featuredmedia":[{"embeddable":true,"href":"https:\/\/batimedianews.com\/live\/index.php\/wp-json\/wp\/v2\/media\/46301"}],"wp:attachment":[{"href":"https:\/\/batimedianews.com\/live\/index.php\/wp-json\/wp\/v2\/media?parent=46298"}],"wp:term":[{"taxonomy":"category","embeddable":true,"href":"https:\/\/batimedianews.com\/live\/index.php\/wp-json\/wp\/v2\/categories?post=46298"},{"taxonomy":"post_tag","embeddable":true,"href":"https:\/\/batimedianews.com\/live\/index.php\/wp-json\/wp\/v2\/tags?post=46298"}],"curies":[{"name":"wp","href":"https:\/\/api.w.org\/{rel}","templated":true}]}}