{"id":46316,"date":"2025-09-03T09:25:16","date_gmt":"2025-09-03T07:25:16","guid":{"rendered":"http:\/\/batimedianews.com\/live\/?p=46316"},"modified":"2025-09-03T09:25:19","modified_gmt":"2025-09-03T07:25:19","slug":"decoclim-devoile-ses-nouveautes-2025","status":"publish","type":"post","link":"https:\/\/batimedianews.com\/live\/index.php\/2025\/09\/03\/decoclim-devoile-ses-nouveautes-2025\/","title":{"rendered":"DECOCLIM d\u00e9voile ses nouveaut\u00e9s 2025"},"content":{"rendered":"\n<p class=\"has-medium-font-size\"><strong>Une demande croissante port\u00e9e par l\u2019\u00e9volution du march\u00e9&nbsp;<\/strong><\/p>\n\n\n\n<p class=\"has-text-align-justify\">Face \u00e0 des r\u00e9glementations locales de plus en plus strictes concernant l\u2019installation des pompes \u00e0 chaleur et des climatiseurs, les solutions d\u2019habillage s\u2019imposent d\u00e9sormais comme une r\u00e9ponse incontournable. Pour accompagner les professionnels dans cette \u00e9volution, <strong>DECOCLIM \u2013 sp\u00e9cialiste des solutions esth\u00e9tiques et techniques pour dissimuler les unit\u00e9s ext\u00e9rieures \u2013 <\/strong>\u00e9largit sa gamme avec plusieurs nouveaut\u00e9s con\u00e7ues pour s\u2019adapter aux r\u00e9alit\u00e9s du terrain. Nouveau coloris, format XL, extensions de hauteur, pieds d\u2019ajustement, joues lat\u00e9rales, des solutions pratiques, faciles \u00e0 poser et con\u00e7ues pour s\u2019adapter \u00e0 toutes les configurations.&nbsp;<\/p>\n\n\n\n<p class=\"has-text-color has-medium-font-size\" style=\"color:#b0c318\"><strong>GAMME ALUMINIUM : encore plus de possibilit\u00e9s pour des installations sur-mesure&nbsp;<\/strong><\/p>\n\n\n\n<p class=\"has-background\" style=\"background-color:#5ca300\">&nbsp;<strong>Un coloris vert mousse pour une int\u00e9gration paysag\u00e8re discr\u00e8te&nbsp;<\/strong><\/p>\n\n\n\n<p class=\"has-text-align-justify\">L\u2019int\u00e9gration paysag\u00e8re devient une priorit\u00e9 pour de nombreux clients, en particulier dans les jardins et les espaces verts. Pour r\u00e9pondre \u00e0 cette attente, DECOCLIM enrichit sa gamme aluminium \u2013 d\u00e9j\u00e0 disponible en 10 coloris \u2013 d&rsquo;une <strong>nouvelle teinte Vert Mousse (RAL 6005)<\/strong>. Inspir\u00e9 des tons naturels, ce coloris se fond dans la v\u00e9g\u00e9tation environnante et offre une solution discr\u00e8te. Il est id\u00e9al pour masquer une unit\u00e9 ext\u00e9rieure de climatisation ou de pompe \u00e0 chaleur tout en pr\u00e9servant l\u2019harmonie du paysage.&nbsp;<\/p>\n\n\n\n<figure class=\"wp-block-image size-full\"><img loading=\"lazy\" width=\"720\" height=\"721\" src=\"https:\/\/i1.wp.com\/batimedianews.com\/live\/wp-content\/uploads\/2025\/09\/image.png?resize=720%2C721\" alt=\"\" class=\"wp-image-46317\" srcset=\"https:\/\/i1.wp.com\/batimedianews.com\/live\/wp-content\/uploads\/2025\/09\/image.png?w=1038&amp;ssl=1 1038w, https:\/\/i1.wp.com\/batimedianews.com\/live\/wp-content\/uploads\/2025\/09\/image.png?resize=600%2C600&amp;ssl=1 600w, https:\/\/i1.wp.com\/batimedianews.com\/live\/wp-content\/uploads\/2025\/09\/image.png?resize=300%2C300&amp;ssl=1 300w, https:\/\/i1.wp.com\/batimedianews.com\/live\/wp-content\/uploads\/2025\/09\/image.png?resize=768%2C769&amp;ssl=1 768w, https:\/\/i1.wp.com\/batimedianews.com\/live\/wp-content\/uploads\/2025\/09\/image.png?resize=10%2C10&amp;ssl=1 10w, https:\/\/i1.wp.com\/batimedianews.com\/live\/wp-content\/uploads\/2025\/09\/image.png?resize=432%2C433&amp;ssl=1 432w, https:\/\/i1.wp.com\/batimedianews.com\/live\/wp-content\/uploads\/2025\/09\/image.png?resize=396%2C397&amp;ssl=1 396w, https:\/\/i1.wp.com\/batimedianews.com\/live\/wp-content\/uploads\/2025\/09\/image.png?resize=660%2C661&amp;ssl=1 660w\" sizes=\"(max-width: 600px) 91vw, (max-width: 900px) 600px, (max-width: 1060px) 50vw, (max-width: 1200px) 520px, (max-width: 1400px) 43vw, 600px\" data-recalc-dims=\"1\" \/><\/figure>\n\n\n\n<figure class=\"wp-block-image size-full\"><img loading=\"lazy\" width=\"720\" height=\"506\" src=\"https:\/\/i2.wp.com\/batimedianews.com\/live\/wp-content\/uploads\/2025\/09\/image-1.png?resize=720%2C506\" alt=\"\" class=\"wp-image-46318\" srcset=\"https:\/\/i2.wp.com\/batimedianews.com\/live\/wp-content\/uploads\/2025\/09\/image-1.png?w=1380&amp;ssl=1 1380w, https:\/\/i2.wp.com\/batimedianews.com\/live\/wp-content\/uploads\/2025\/09\/image-1.png?resize=768%2C539&amp;ssl=1 768w, https:\/\/i2.wp.com\/batimedianews.com\/live\/wp-content\/uploads\/2025\/09\/image-1.png?resize=432%2C304&amp;ssl=1 432w, https:\/\/i2.wp.com\/batimedianews.com\/live\/wp-content\/uploads\/2025\/09\/image-1.png?resize=396%2C278&amp;ssl=1 396w, https:\/\/i2.wp.com\/batimedianews.com\/live\/wp-content\/uploads\/2025\/09\/image-1.png?resize=1120%2C787&amp;ssl=1 1120w, https:\/\/i2.wp.com\/batimedianews.com\/live\/wp-content\/uploads\/2025\/09\/image-1.png?resize=660%2C464&amp;ssl=1 660w\" sizes=\"(max-width: 600px) 91vw, (max-width: 900px) 600px, (max-width: 1060px) 50vw, (max-width: 1200px) 520px, (max-width: 1400px) 43vw, 600px\" data-recalc-dims=\"1\" \/><\/figure>\n\n\n\n<p class=\"has-background\" style=\"background-color:#5ca300\"><strong>Les joues lat\u00e9rales pour une finition soign\u00e9e <\/strong><\/p>\n\n\n\n<p class=\"has-text-align-justify\">Lorsque le cache clim est ajust\u00e9 en profondeur \u00e0 l\u2019aide des r\u00e9glettes int\u00e9gr\u00e9es, il arrive que certaines parties de l\u2019installation, comme les tuyauteries, restent visibles \u00e0 l\u2019arri\u00e8re. Pour une finition plus homog\u00e8ne et esth\u00e9tique encore, DECOCLIM propose d\u00e9sormais des joues lat\u00e9rales au design soign\u00e9 et int\u00e9grant des ou\u00efes lat\u00e9rales pour garantir une ventilation optimale. Faciles \u00e0 fixer directement sur les r\u00e9glettes ajustables, elles sont fabriqu\u00e9es en aluminium thermolaqu\u00e9 ultra-r\u00e9sistant et sont garanties 10 ans.&nbsp;<\/p>\n\n\n\n<figure class=\"wp-block-image size-full\"><img loading=\"lazy\" width=\"720\" height=\"416\" src=\"https:\/\/i2.wp.com\/batimedianews.com\/live\/wp-content\/uploads\/2025\/09\/image-2.png?resize=720%2C416\" alt=\"\" class=\"wp-image-46319\" srcset=\"https:\/\/i2.wp.com\/batimedianews.com\/live\/wp-content\/uploads\/2025\/09\/image-2.png?w=1352&amp;ssl=1 1352w, https:\/\/i2.wp.com\/batimedianews.com\/live\/wp-content\/uploads\/2025\/09\/image-2.png?resize=768%2C444&amp;ssl=1 768w, https:\/\/i2.wp.com\/batimedianews.com\/live\/wp-content\/uploads\/2025\/09\/image-2.png?resize=432%2C250&amp;ssl=1 432w, https:\/\/i2.wp.com\/batimedianews.com\/live\/wp-content\/uploads\/2025\/09\/image-2.png?resize=396%2C229&amp;ssl=1 396w, https:\/\/i2.wp.com\/batimedianews.com\/live\/wp-content\/uploads\/2025\/09\/image-2.png?resize=1120%2C648&amp;ssl=1 1120w, https:\/\/i2.wp.com\/batimedianews.com\/live\/wp-content\/uploads\/2025\/09\/image-2.png?resize=660%2C382&amp;ssl=1 660w\" sizes=\"(max-width: 600px) 91vw, (max-width: 900px) 600px, (max-width: 1060px) 50vw, (max-width: 1200px) 520px, (max-width: 1400px) 43vw, 600px\" data-recalc-dims=\"1\" \/><\/figure>\n\n\n\n<p class=\"has-background\" style=\"background-color:#5ca300\"><strong>Des&nbsp;<\/strong> <strong>extensions de hauteur pour s\u2019adapter \u00e0 toutes les tailles d&rsquo;unit\u00e9s<\/strong><\/p>\n\n\n\n<p class=\"has-text-align-justify\"><strong> <\/strong>Les unit\u00e9s ext\u00e9rieures de climatisation et de pompes \u00e0 chaleur pr\u00e9sentent souvent des dimensions variables, rendant leur habillage parfois complexe.&nbsp;<\/p>\n\n\n\n<p class=\"has-text-align-justify\">Pour y r\u00e9pondre, DECOCLIM propose des extensions de hauteur, permettant d\u2019ajuster facilement la taille du cache clim :&nbsp;<\/p>\n\n\n\n<ul><li>+30 cm pour le mod\u00e8le S ;&nbsp;<\/li><li>+40 cm pour le M ;&nbsp;<\/li><li>+55 cm pour le L.&nbsp;<\/li><\/ul>\n\n\n\n<p class=\"has-text-align-justify\">Une solution flexible qui \u00e9vite la superposition de deux caches lorsque ce n\u2019est pas n\u00e9cessaire, tout en offrant un r\u00e9sultat plus esth\u00e9tique, plus l\u00e9ger et plus pratique.&nbsp;<\/p>\n\n\n\n<p class=\"has-text-align-justify\">Et pour les installations les plus volumineuses, l\u2019extension XXL permet de rehausser le mod\u00e8le XL de +50 cm, cr\u00e9ant ainsi un format parfaitement adapt\u00e9 aux unit\u00e9s les plus imposantes.&nbsp;<\/p>\n\n\n\n<p class=\"has-background\" style=\"background-color:#5ca300\"><strong>Des pieds d&rsquo;ajustements pour une pose stable sur tous les sols&nbsp;<\/strong><\/p>\n\n\n\n<p class=\"has-text-align-justify\">Les professionnels sont r\u00e9guli\u00e8rement confront\u00e9s \u00e0 des sols irr\u00e9guliers ou l\u00e9g\u00e8rement en pente lors de la pose de caches pour unit\u00e9s ext\u00e9rieures. Pour assurer une parfaite stabilit\u00e9 au sol, DECOCLIM propose d\u00e9sormais des pieds d\u2019ajustement. R\u00e9glables en hauteur de 1 \u00e0 3 cm, ils permettent de compenser facilement les d\u00e9fauts de niveau. Fabriqu\u00e9s en acier galvanis\u00e9 et polypropyl\u00e8ne, ils allient robustesse et durabilit\u00e9, tout en offrant une fixation rapide et s\u00e9curis\u00e9e directement sous le cache. \u00c0 noter que tous les mod\u00e8les DECOCLIM peuvent \u00e9galement \u00eatre fix\u00e9s au mur gr\u00e2ce au syst\u00e8me de fixation inclus.&nbsp;<\/p>\n\n\n\n<figure class=\"wp-block-image size-full\"><img loading=\"lazy\" width=\"720\" height=\"965\" src=\"https:\/\/i1.wp.com\/batimedianews.com\/live\/wp-content\/uploads\/2025\/09\/image-3.png?resize=720%2C965\" alt=\"\" class=\"wp-image-46320\" srcset=\"https:\/\/i1.wp.com\/batimedianews.com\/live\/wp-content\/uploads\/2025\/09\/image-3.png?w=904&amp;ssl=1 904w, https:\/\/i1.wp.com\/batimedianews.com\/live\/wp-content\/uploads\/2025\/09\/image-3.png?resize=768%2C1029&amp;ssl=1 768w, https:\/\/i1.wp.com\/batimedianews.com\/live\/wp-content\/uploads\/2025\/09\/image-3.png?resize=432%2C579&amp;ssl=1 432w, https:\/\/i1.wp.com\/batimedianews.com\/live\/wp-content\/uploads\/2025\/09\/image-3.png?resize=396%2C531&amp;ssl=1 396w, https:\/\/i1.wp.com\/batimedianews.com\/live\/wp-content\/uploads\/2025\/09\/image-3.png?resize=660%2C885&amp;ssl=1 660w\" sizes=\"(max-width: 600px) 91vw, (max-width: 900px) 600px, (max-width: 1060px) 50vw, (max-width: 1200px) 520px, (max-width: 1400px) 43vw, 600px\" data-recalc-dims=\"1\" \/><\/figure>\n\n\n\n<p class=\"has-text-color has-medium-font-size\" style=\"color:#b0c318\"><strong>GAMME BOIS : un nouveau format XL pour s&rsquo;adapter \u00e0 toutes les configurations&nbsp;<\/strong><\/p>\n\n\n\n<p class=\"has-text-align-justify\">D\u00e9j\u00e0 propos\u00e9e en trois tailles (S, M et L), la gamme DECOCLIM Bois exotique cat.4 s\u2019enrichit d\u2019un nouveau format XL. Avec d\u00e9sormais quatre dimensions disponibles, elle offre aux installateurs une solution \u00e9l\u00e9gante et naturelle pour int\u00e9grer harmonieusement les unit\u00e9s ext\u00e9rieures dans leur environnement.&nbsp;<\/p>\n\n\n\n<p><\/p>\n","protected":false},"excerpt":{"rendered":"<p>Une demande croissante port\u00e9e par l\u2019\u00e9volution du march\u00e9&nbsp; Face \u00e0 des r\u00e9glementations locales de plus en plus strictes concernant l\u2019installation des pompes \u00e0 chaleur et des climatiseurs, les solutions d\u2019habillage s\u2019imposent d\u00e9sormais comme une r\u00e9ponse incontournable. Pour accompagner les professionnels dans cette \u00e9volution, DECOCLIM \u2013 sp\u00e9cialiste des solutions esth\u00e9tiques et techniques pour dissimuler les unit\u00e9s [&hellip;]<\/p>\n","protected":false},"author":41,"featured_media":46321,"comment_status":"open","ping_status":"open","sticky":true,"template":"","format":"standard","meta":{"spay_email":""},"categories":[4,868,35,51],"tags":[],"jetpack_featured_media_url":"https:\/\/i1.wp.com\/batimedianews.com\/live\/wp-content\/uploads\/2025\/09\/Decoclim.jpg?fit=1513%2C825&ssl=1","jetpack_sharing_enabled":true,"jetpack_likes_enabled":true,"jetpack-related-posts":[{"id":357,"url":"https:\/\/batimedianews.com\/live\/index.php\/2018\/10\/18\/artibat-equipbaie-louineau-joue-la-carte-de-linnovation\/","url_meta":{"origin":46316,"position":0},"title":"Artibat &#038; Equipbaie : Louineau joue la carte de l&#039;innovation","date":"18 octobre 2018","format":false,"excerpt":"L\u2019entreprise Louineau, forte de plus de 35 ans d\u2019exp\u00e9rience, \u00e9volue sans cesse en\u00a0 innovant pour la fili\u00e8re.\u00a0La marque nourrit continuellement sa d\u00e9marche d\u2019innovation et sa volont\u00e9 de toujours mieux adapter ses\u00a0produits et solutions pour r\u00e9pondre aux\u00a0 besoins de ses clients, au b\u00e9n\u00e9fice de la qualit\u00e9 de mise en oeuvre\u00a0et du\u2026","rel":"","context":"Dans &quot;Artibat 2018&quot;","img":{"alt_text":"","src":"https:\/\/i2.wp.com\/batimedianews.com\/live\/wp-content\/uploads\/2018\/10\/louineau_2018_entreprise-2-1.jpg?fit=460%2C460&ssl=1&resize=350%2C200","width":350,"height":200},"classes":[]},{"id":45094,"url":"https:\/\/batimedianews.com\/live\/index.php\/2025\/05\/22\/le-nouveau-catalogue-forbo-flooring-2025-2026-est-disponible\/","url_meta":{"origin":46316,"position":1},"title":"Le Nouveau Catalogue FORBO FLOORING 2025-2026 est disponible !","date":"22 mai 2025","format":false,"excerpt":"\u00a0Forbo Flooring d\u00e9voile son tout nouveau catalogue 2025-2026, un outil incontournable de 500 pages con\u00e7u pour accompagner efficacement les professionnels dans le choix de rev\u00eatements de sol adapt\u00e9s \u00e0 tous leurs projets d\u2019agencement, quels que soient les secteurs : \u00e9ducation, sant\u00e9, habitat, commerce, tertiaire, h\u00f4tellerie, etc.\u00a0 Un condens\u00e9 de cr\u00e9ativit\u00e9\u2026","rel":"","context":"Dans &quot;Actualit\u00e9 Entreprises&quot;","img":{"alt_text":"","src":"https:\/\/i0.wp.com\/batimedianews.com\/live\/wp-content\/uploads\/2025\/05\/forbo-1.jpg?fit=825%2C825&ssl=1&resize=350%2C200","width":350,"height":200},"classes":[]},{"id":19413,"url":"https:\/\/batimedianews.com\/live\/index.php\/2022\/04\/28\/tubesca-comabi-lance-sa-derniere-echelle-dacces-dalle-completant-ainsi-son-offre-pour-le-btp-et-le-transport\/","url_meta":{"origin":46316,"position":2},"title":"TUBESCA-COMABI lance sa derni\u00e8re \u00e9chelle d&rsquo;acc\u00e8s dalle  compl\u00e9tant ainsi son offre pour le BTP et le transport","date":"28 avril 2022","format":false,"excerpt":"Tubesca-Comabi, leader fran\u00e7ais dans la fabrication et la commercialisation de solutions d'acc\u00e8s et de travail en hauteur, compl\u00e8te son offre de produits \u00e0 destination du BTP gr\u00e2ce \u00e0 une nouvelle\u2002\u00e9chelle d'acc\u00e8s dalle et des \u00e9volutions produits notamment sur l'\u00e9chelle de fouille. Cette gamme performante permet d\u00e9sormais de r\u00e9pondre \u00e0 l'ensemble\u2026","rel":"","context":"Dans &quot;Actualit\u00e9 Entreprises&quot;","img":{"alt_text":"","src":"https:\/\/i1.wp.com\/batimedianews.com\/live\/wp-content\/uploads\/2022\/04\/Tubesca-article.jpg?fit=1080%2C1080&ssl=1&resize=350%2C200","width":350,"height":200},"classes":[]},{"id":47324,"url":"https:\/\/batimedianews.com\/live\/index.php\/2025\/10\/12\/optimbtp-invite-les-acteurs-du-btp-a-entrer-dans-lere-du-full-web-avec-son-nouvel-erp\/","url_meta":{"origin":46316,"position":3},"title":"OPTIM\u2019BTP invite les acteurs du BTP \u00e0 entrer dans l\u2019\u00e8re du FULL WEB avec son nouvel ERP","date":"12 octobre 2025","format":false,"excerpt":"En cette fin d\u2019ann\u00e9e, Optim\u2019BTP innove et annonce le lancement de sa nouvelle solution 100% connect\u00e9e : Optim\u2019BTP Web. Il s\u2019agit d\u2019un ERP full web pens\u00e9 pour les r\u00e9alit\u00e9s terrain et les besoins des dirigeants de PMEs et ETIs fran\u00e7aises. Accessible en un clic \u00e0 tout moment, cet outil r\u00e9volutionne\u2026","rel":"","context":"Dans &quot;Actualit\u00e9 Entreprises&quot;","img":{"alt_text":"","src":"https:\/\/i0.wp.com\/batimedianews.com\/live\/wp-content\/uploads\/2025\/10\/optmBTP.jpg?fit=825%2C825&ssl=1&resize=350%2C200","width":350,"height":200},"classes":[]},{"id":49934,"url":"https:\/\/batimedianews.com\/live\/index.php\/2026\/03\/30\/face-a-la-generalisation-des-pac-decoclim-elargit-et-structure-sa-gamme\/","url_meta":{"origin":46316,"position":4},"title":"Face \u00e0 la g\u00e9n\u00e9ralisation des PAC, DECOCLIM \u00e9largit et structure sa gamme","date":"30 mars 2026","format":false,"excerpt":"Des \u00e9volutions dimensionnelles, techniques et esth\u00e9tiques pour s\u2019adapter \u00e0 toutes les situations d\u2019implantation\u00a0 Alors que les pompes \u00e0 chaleur et les syst\u00e8mes de climatisation se multiplient en fa\u00e7ade, en habitat collectif comme en maison individuelle, les exigences architecturales se renforcent. En copropri\u00e9t\u00e9, comme dans les secteurs soumis \u00e0 des prescriptions\u2026","rel":"","context":"Dans &quot;Actualit\u00e9 Entreprises&quot;","img":{"alt_text":"","src":"https:\/\/i2.wp.com\/batimedianews.com\/live\/wp-content\/uploads\/2026\/03\/Decoclim.jpg?fit=825%2C825&ssl=1&resize=350%2C200","width":350,"height":200},"classes":[]},{"id":10200,"url":"https:\/\/batimedianews.com\/live\/index.php\/2021\/06\/02\/securite-innovation-2021-tubesca-comabi-devoile-ses-dernieres-solutions-innovantes-totalement-securisees-pour-un-travail-en-hauteur-personnalise\/","url_meta":{"origin":46316,"position":5},"title":"#SECURITE #INNOVATION #2021 TUBESCA-COMABI d\u00e9voile ses derni\u00e8res solutions innovantes, totalement s\u00e9curis\u00e9es, pour un travail en hauteur personnalis\u00e9","date":"2 juin 2021","format":false,"excerpt":"Leader fran\u00e7ais dans la fabrication et la commercialisation de solutions d\u2019acc\u00e8s et de travail en hauteur, Tubesca-Comabi s\u2019appuie depuis de nombreuses ann\u00e9es sur son expertise et ses ressources industrielles pour cr\u00e9er des produits et des services de qualit\u00e9 qui r\u00e9pondent \u00e0 tous les besoins d\u2019acc\u00e8s et de travail en hauteur\u2026","rel":"","context":"Dans &quot;Actualit\u00e9 Entreprises&quot;","img":{"alt_text":"","src":"https:\/\/i2.wp.com\/batimedianews.com\/live\/wp-content\/uploads\/2021\/05\/Tubesca-Article-1.jpg?fit=512%2C512&ssl=1&resize=350%2C200","width":350,"height":200},"classes":[]}],"_links":{"self":[{"href":"https:\/\/batimedianews.com\/live\/index.php\/wp-json\/wp\/v2\/posts\/46316"}],"collection":[{"href":"https:\/\/batimedianews.com\/live\/index.php\/wp-json\/wp\/v2\/posts"}],"about":[{"href":"https:\/\/batimedianews.com\/live\/index.php\/wp-json\/wp\/v2\/types\/post"}],"author":[{"embeddable":true,"href":"https:\/\/batimedianews.com\/live\/index.php\/wp-json\/wp\/v2\/users\/41"}],"replies":[{"embeddable":true,"href":"https:\/\/batimedianews.com\/live\/index.php\/wp-json\/wp\/v2\/comments?post=46316"}],"version-history":[{"count":2,"href":"https:\/\/batimedianews.com\/live\/index.php\/wp-json\/wp\/v2\/posts\/46316\/revisions"}],"predecessor-version":[{"id":46340,"href":"https:\/\/batimedianews.com\/live\/index.php\/wp-json\/wp\/v2\/posts\/46316\/revisions\/46340"}],"wp:featuredmedia":[{"embeddable":true,"href":"https:\/\/batimedianews.com\/live\/index.php\/wp-json\/wp\/v2\/media\/46321"}],"wp:attachment":[{"href":"https:\/\/batimedianews.com\/live\/index.php\/wp-json\/wp\/v2\/media?parent=46316"}],"wp:term":[{"taxonomy":"category","embeddable":true,"href":"https:\/\/batimedianews.com\/live\/index.php\/wp-json\/wp\/v2\/categories?post=46316"},{"taxonomy":"post_tag","embeddable":true,"href":"https:\/\/batimedianews.com\/live\/index.php\/wp-json\/wp\/v2\/tags?post=46316"}],"curies":[{"name":"wp","href":"https:\/\/api.w.org\/{rel}","templated":true}]}}