{"id":46423,"date":"2025-09-08T16:06:12","date_gmt":"2025-09-08T14:06:12","guid":{"rendered":"http:\/\/batimedianews.com\/live\/?p=46423"},"modified":"2025-09-08T16:06:14","modified_gmt":"2025-09-08T14:06:14","slug":"viessmann-climate-solutions-annonce-la-commercialisation-dun-large-eventail-dinnovations-pour-lhabitat-et-le-petit-tertiaire","status":"publish","type":"post","link":"https:\/\/batimedianews.com\/live\/index.php\/2025\/09\/08\/viessmann-climate-solutions-annonce-la-commercialisation-dun-large-eventail-dinnovations-pour-lhabitat-et-le-petit-tertiaire\/","title":{"rendered":"Viessmann Climate Solutions annonce la commercialisation d\u2019un large \u00e9ventail d\u2019innovations pour l\u2019habitat et le petit tertiaire"},"content":{"rendered":"\n<figure class=\"wp-block-image size-full\"><img loading=\"lazy\" width=\"720\" height=\"359\" src=\"https:\/\/i0.wp.com\/batimedianews.com\/live\/wp-content\/uploads\/2025\/09\/image-54.png?resize=720%2C359\" alt=\"\" class=\"wp-image-46424\" srcset=\"https:\/\/i0.wp.com\/batimedianews.com\/live\/wp-content\/uploads\/2025\/09\/image-54.png?w=1556&amp;ssl=1 1556w, https:\/\/i0.wp.com\/batimedianews.com\/live\/wp-content\/uploads\/2025\/09\/image-54.png?resize=768%2C383&amp;ssl=1 768w, https:\/\/i0.wp.com\/batimedianews.com\/live\/wp-content\/uploads\/2025\/09\/image-54.png?resize=432%2C215&amp;ssl=1 432w, https:\/\/i0.wp.com\/batimedianews.com\/live\/wp-content\/uploads\/2025\/09\/image-54.png?resize=396%2C197&amp;ssl=1 396w, https:\/\/i0.wp.com\/batimedianews.com\/live\/wp-content\/uploads\/2025\/09\/image-54.png?resize=1120%2C559&amp;ssl=1 1120w, https:\/\/i0.wp.com\/batimedianews.com\/live\/wp-content\/uploads\/2025\/09\/image-54.png?resize=660%2C329&amp;ssl=1 660w, https:\/\/i0.wp.com\/batimedianews.com\/live\/wp-content\/uploads\/2025\/09\/image-54.png?w=1440 1440w\" sizes=\"(max-width: 600px) 91vw, (max-width: 900px) 600px, (max-width: 1060px) 50vw, (max-width: 1200px) 520px, (max-width: 1400px) 43vw, 600px\" data-recalc-dims=\"1\" \/><\/figure>\n\n\n\n<p class=\"has-text-align-justify\"><strong>Reconnu mondialement pour d\u00e9velopper des solutions efficaces dans le domaine de la climatisation et de l\u2019\u00e9nergie, Viessmann Climate Solutions d\u00e9montre une nouvelle fois, en cette rentr\u00e9e 2025, son esprit d\u2019innovation au service du confort et du bien-\u00eatre comme des \u00e9conomies d\u2019\u00e9nergie pour un environnement toujours plus pr\u00e9serv\u00e9. D\u00e9sormais adoss\u00e9 au leader mondial Carrier Global Corporation, Viessmann Climate Solutions annonce en effet une d\u00e9ferlante de nouveaut\u00e9s d\u00e9volues au secteur de l\u2019habitat &#8211; individuel et collectif-, comme du petit tertiaire, qu\u2019il s\u2019agisse de pompes \u00e0 chaleur, de syst\u00e8mes de climatisation ou bien encore de syst\u00e8mes d\u2019accumulation d\u2019\u00e9lectricit\u00e9 et de bornes de recharge.&nbsp;<\/strong><\/p>\n\n\n\n<p><strong>Pompes \u00e0 chaleur : un \u00e9largissement de l\u2019offre avec les nouvelles r\u00e9f\u00e9rences air-eau XP Energy 38 AW-R Carrier avec fluide R32&nbsp;<\/strong><\/p>\n\n\n\n<div class=\"wp-block-image\"><figure class=\"alignleft size-large is-resized\"><img loading=\"lazy\" src=\"https:\/\/i2.wp.com\/batimedianews.com\/live\/wp-content\/uploads\/2025\/09\/image-56.png?resize=169%2C169\" alt=\"\" class=\"wp-image-46426\" width=\"169\" height=\"169\" srcset=\"https:\/\/i2.wp.com\/batimedianews.com\/live\/wp-content\/uploads\/2025\/09\/image-56.png?resize=1024%2C1024&amp;ssl=1 1024w, https:\/\/i2.wp.com\/batimedianews.com\/live\/wp-content\/uploads\/2025\/09\/image-56.png?resize=600%2C600&amp;ssl=1 600w, https:\/\/i2.wp.com\/batimedianews.com\/live\/wp-content\/uploads\/2025\/09\/image-56.png?resize=300%2C300&amp;ssl=1 300w, https:\/\/i2.wp.com\/batimedianews.com\/live\/wp-content\/uploads\/2025\/09\/image-56.png?resize=768%2C773&amp;ssl=1 768w, https:\/\/i2.wp.com\/batimedianews.com\/live\/wp-content\/uploads\/2025\/09\/image-56.png?resize=1536%2C1536&amp;ssl=1 1536w, https:\/\/i2.wp.com\/batimedianews.com\/live\/wp-content\/uploads\/2025\/09\/image-56.png?resize=2048%2C2048&amp;ssl=1 2048w, https:\/\/i2.wp.com\/batimedianews.com\/live\/wp-content\/uploads\/2025\/09\/image-56.png?resize=10%2C10&amp;ssl=1 10w, https:\/\/i2.wp.com\/batimedianews.com\/live\/wp-content\/uploads\/2025\/09\/image-56.png?w=262&amp;ssl=1 262w\" sizes=\"(max-width: 600px) 91vw, (max-width: 900px) 600px, (max-width: 1060px) 50vw, (max-width: 1200px) 520px, (max-width: 1400px) 43vw, 600px\" data-recalc-dims=\"1\" \/><\/figure><\/div>\n\n\n\n<p class=\"has-text-align-justify\">Avec son arriv\u00e9e au sein de Carrier Global Corporation, Viessmann compl\u00e8te judicieusement ses offres de pompes \u00e0 chaleur d\u00e9di\u00e9es au r\u00e9sidentiel (habitat individuel, logement collectif) et petit tertiaire. Con\u00e7ues tant pour le neuf que la r\u00e9novation afin d\u2019assurer le chauffage, le rafra\u00eechissement et la production d\u2019eau chaude sanitaire (ECS), les pompes \u00e0 chaleur XP Energy Carrier commercialis\u00e9es par Viessmann Climate Solutions se d\u00e9clinent en 10 mod\u00e8les d\u2019unit\u00e9s ext\u00e9rieures couvrant des puissances de 4 \u00e0 16 kW (monophas\u00e9s) et de 12 \u00e0 16 kW (triphas\u00e9s). Notons que ces unit\u00e9s ext\u00e9rieures peuvent se combiner avec 7 r\u00e9f\u00e9rences d\u2019unit\u00e9s int\u00e9rieures murales (avec ou sans chauffage d\u2019appoint) et 6 mod\u00e8les d\u2019unit\u00e9s int\u00e9rieures tout-en-un (diverses configurations de chauffage d\u2019appoint et 2 tailles de r\u00e9servoirs d\u2019ECS 190 et 240 l).&nbsp;<\/p>\n\n\n\n<div class=\"wp-block-image\"><figure class=\"alignright size-full is-resized\"><img loading=\"lazy\" src=\"https:\/\/i2.wp.com\/batimedianews.com\/live\/wp-content\/uploads\/2025\/09\/image-57.png?resize=208%2C150\" alt=\"\" class=\"wp-image-46427\" width=\"208\" height=\"150\" srcset=\"https:\/\/i2.wp.com\/batimedianews.com\/live\/wp-content\/uploads\/2025\/09\/image-57.png?w=448&amp;ssl=1 448w, https:\/\/i2.wp.com\/batimedianews.com\/live\/wp-content\/uploads\/2025\/09\/image-57.png?resize=768%2C552&amp;ssl=1 768w, https:\/\/i2.wp.com\/batimedianews.com\/live\/wp-content\/uploads\/2025\/09\/image-57.png?resize=432%2C311&amp;ssl=1 432w, https:\/\/i2.wp.com\/batimedianews.com\/live\/wp-content\/uploads\/2025\/09\/image-57.png?resize=396%2C285&amp;ssl=1 396w\" sizes=\"(max-width: 600px) 91vw, (max-width: 900px) 600px, (max-width: 1060px) 50vw, (max-width: 1200px) 520px, (max-width: 1400px) 43vw, 600px\" data-recalc-dims=\"1\" \/><\/figure><\/div>\n\n\n\n<p class=\"has-text-align-justify\">Affichant des COP (coefficients de performances en mode chauffage) allant de 4,50 \u00e0 5,20 pour une classe d\u2019\u00e9nergie A +++ (35\u00b0 C), cette gamme de pompes \u00e0 chaleur, utilisable sur une large plage de temp\u00e9ratures ext\u00e9rieures (de \u2013 25\u00b0 C \u00e0 + 43\u00b0 C), s\u2019imposera aussi par son fonctionnement silencieux ; notons que la pression acoustique de l\u2019unit\u00e9 ext\u00e9rieure est de 56 \u00e0 68 dB(A) et celle de l\u2019unit\u00e9 int\u00e9rieure de 38 \u00e0 44 dB(A) pour les versions tout-en-un. Mentionnons enfin que les pompes \u00e0 chaleur XP Energy 38 utilisent le fluide r\u00e9frig\u00e9rant R32, reconnu pour sa haute efficacit\u00e9 \u00e9nerg\u00e9tique et ses qualit\u00e9s \u00e9cologiques (-75 % d\u2019\u00e9quivalent CO2 vs le R410A sur mod\u00e8le de 8 kW). Prix public indicatif \u00e0 partir de 4 808 euros HT et hors accessoires, pose et mise en service.&nbsp;<\/p>\n\n\n\n<p><strong>AquaSnap 30AWH-P Carrier avec fluide naturel R290&nbsp;<\/strong><\/p>\n\n\n\n<div class=\"wp-block-image\"><figure class=\"alignleft size-full is-resized\"><img loading=\"lazy\" src=\"https:\/\/i0.wp.com\/batimedianews.com\/live\/wp-content\/uploads\/2025\/09\/image-58.png?resize=162%2C167\" alt=\"\" class=\"wp-image-46428\" width=\"162\" height=\"167\" srcset=\"https:\/\/i0.wp.com\/batimedianews.com\/live\/wp-content\/uploads\/2025\/09\/image-58.png?w=256&amp;ssl=1 256w, https:\/\/i0.wp.com\/batimedianews.com\/live\/wp-content\/uploads\/2025\/09\/image-58.png?resize=768%2C792&amp;ssl=1 768w, https:\/\/i0.wp.com\/batimedianews.com\/live\/wp-content\/uploads\/2025\/09\/image-58.png?resize=10%2C10&amp;ssl=1 10w\" sizes=\"(max-width: 600px) 91vw, (max-width: 900px) 600px, (max-width: 1060px) 50vw, (max-width: 1200px) 520px, (max-width: 1400px) 43vw, 600px\" data-recalc-dims=\"1\" \/><\/figure><\/div>\n\n\n\n<p class=\"has-text-align-justify\">Cette offre de pompes \u00e0 chaleur air\/ eau monobloc (8 r\u00e9f\u00e9rences de 3,95 \u00e0 13,80 kW) se destine \u00e9galement tant \u00e0 la construction neuve qu\u2019\u00e0 la r\u00e9novation (remplacement de chaudi\u00e8re gaz ou fioul) puisque compatible avec des \u00e9metteurs basse, moyenne et haute temp\u00e9rature (planchers chauffants, ventilo-convecteur, radiateurs, installations mixtes\u2026). Si leur conception optimis\u00e9e garantit un faible niveau sonore, \u00e0 partir de 49 dB(A), elles revendiquent une haute efficacit\u00e9 \u00e9nerg\u00e9tique avec des SCOP (Seasonal Coefficient of Performance) jusqu\u2019\u00e0 4,82 et des SEER (efficacit\u00e9 saisonni\u00e8re refroidissement-climatisation) jusqu\u2019\u00e0 5,34 pour une classe d\u2019\u00e9nergie A+++ (35\u00b0 C).D\u2019un encombrement r\u00e9duit pour faciliter leur installation m\u00eame dans des espaces exigus, elles affichent des temp\u00e9ratures de d\u00e9part \u00e9lev\u00e9es pouvant atteindre 75 \u00b0 C. De plus, la 30AWH-P peut aussi produire davantage d\u2019ECS afin qu\u2019elle puisse \u00eatre stock\u00e9e \u00e0 une temp\u00e9rature plus \u00e9lev\u00e9e, sans ajout d\u2019un appoint \u00e9lectrique, ceci dans le but d\u2019assurer une protection contre la l\u00e9gionellose. Prix public indicatif \u00e0 partir de 4 883 euros HT, hors accessoires, pose et mise en service.&nbsp;<\/p>\n\n\n\n<p class=\"has-text-align-justify\">Ces deux nouvelles gammes de pompes \u00e0 chaleur Carrier commercialis\u00e9es par Viessmann Climate Solutions peuvent \u00eatre ais\u00e9ment pilot\u00e9es par la t\u00e9l\u00e9commande d\u2019ambiance avanc\u00e9e Carrier Comfort Management T300 (graphiques explicites avec ic\u00f4nes auto-explicatives). Gage d\u2019un pilotage des plus intuitifs, la commande T300 assure une parfaite gestion \u00e0 distance, source d\u2019un confort optimal et d\u2019\u00e9conomies d\u2019\u00e9nergie.&nbsp;<\/p>\n\n\n\n<figure class=\"wp-block-image size-full\"><img loading=\"lazy\" width=\"720\" height=\"424\" src=\"https:\/\/i0.wp.com\/batimedianews.com\/live\/wp-content\/uploads\/2025\/09\/image-59.png?resize=720%2C424\" alt=\"\" class=\"wp-image-46429\" srcset=\"https:\/\/i0.wp.com\/batimedianews.com\/live\/wp-content\/uploads\/2025\/09\/image-59.png?w=758&amp;ssl=1 758w, https:\/\/i0.wp.com\/batimedianews.com\/live\/wp-content\/uploads\/2025\/09\/image-59.png?resize=768%2C451&amp;ssl=1 768w, https:\/\/i0.wp.com\/batimedianews.com\/live\/wp-content\/uploads\/2025\/09\/image-59.png?resize=432%2C254&amp;ssl=1 432w, https:\/\/i0.wp.com\/batimedianews.com\/live\/wp-content\/uploads\/2025\/09\/image-59.png?resize=396%2C233&amp;ssl=1 396w, https:\/\/i0.wp.com\/batimedianews.com\/live\/wp-content\/uploads\/2025\/09\/image-59.png?resize=660%2C388&amp;ssl=1 660w\" sizes=\"(max-width: 600px) 91vw, (max-width: 900px) 600px, (max-width: 1060px) 50vw, (max-width: 1200px) 520px, (max-width: 1400px) 43vw, 600px\" data-recalc-dims=\"1\" \/><\/figure>\n\n\n\n<p><strong>Une offre climatisation de trois gammes split pour un confort \u00e9lev\u00e9 en toutes saisons&nbsp;<\/strong><\/p>\n\n\n\n<div class=\"wp-block-image\"><figure class=\"alignright size-full is-resized\"><img loading=\"lazy\" src=\"https:\/\/i1.wp.com\/batimedianews.com\/live\/wp-content\/uploads\/2025\/09\/image-60.png?resize=215%2C113\" alt=\"\" class=\"wp-image-46430\" width=\"215\" height=\"113\" srcset=\"https:\/\/i1.wp.com\/batimedianews.com\/live\/wp-content\/uploads\/2025\/09\/image-60.png?w=364&amp;ssl=1 364w, https:\/\/i1.wp.com\/batimedianews.com\/live\/wp-content\/uploads\/2025\/09\/image-60.png?resize=768%2C405&amp;ssl=1 768w\" sizes=\"(max-width: 600px) 91vw, (max-width: 900px) 600px, (max-width: 1060px) 50vw, (max-width: 1200px) 520px, (max-width: 1400px) 43vw, 600px\" data-recalc-dims=\"1\" \/><\/figure><\/div>\n\n\n\n<p class=\"has-text-align-justify\">L\u2019\u00e9ventail des nouveaux syst\u00e8mes de climatisation split Carrier commercialis\u00e9s par Viessmann Climate Solutions se compose de trois gammes. Si les unit\u00e9s int\u00e9rieures, au design \u00e9l\u00e9gant et compact, assurent un confort \u00e9lev\u00e9 pour le chauffage et le rafra\u00eechissement en toutes saisons, mentionnons que les unit\u00e9s int\u00e9rieures peuvent desservir jusqu\u2019\u00e0 5 pi\u00e8ces. Et le respect de l\u2019environnement, conjugu\u00e9 aux performances d\u2019efficacit\u00e9 \u00e9nerg\u00e9tique est l\u00e0-encore de mise puisque ces trois gammes fonctionnent avec le r\u00e9frig\u00e9rant R32, synonyme de faible potentiel de r\u00e9chauffement plan\u00e9taire et de bonne performance thermodynamique. L\u2019offre d\u00e9cline des mod\u00e8les mono-split (3 gammes pour montage mural de 2 \u00e0 7 kW) et multi-split (7 versions de 2 \u00e0 5 sorties pour des puissances de 3,3 \u00e0 10 kW). A titre d\u2019exemple, pr\u00e9cisons que le mod\u00e8le mono-split 40WHH (montage mural) est de classe \u00e9nerg\u00e9tique A+++\/A+++ et fonctionne sur une large plage de temp\u00e9rature (de -15 \u00e0 + 46\u00b0 C en rafra\u00eechissement et de -15 \u00e0 + 24 \u00b0 C en chauffage). Disponible en 7 tailles de 2,0 \u00e0 7 kW en mono-split, ces syst\u00e8mes de climatisation sont compatibles avec des unit\u00e9s ext\u00e9rieures multi-split jusqu\u2019\u00e0 5 unit\u00e9s int\u00e9rieures de 3,3 \u00e0 10 kW. Ils affichent un SEER jusqu\u2019\u00e0 8,6 pour un SCOP jusqu\u2019\u00e0 5,1 et revendiquent un fonctionnement silencieux &#8211; unit\u00e9 ext\u00e9rieure jusqu\u2019\u00e0 36 dB(A), unit\u00e9 int\u00e9rieure jusqu\u2019\u00e0 19 dB(A) -.&nbsp;<\/p>\n\n\n\n<p class=\"has-text-align-justify\">Notons de plus que tous ces syst\u00e8mes proposent une multitude de fonctionnalit\u00e9s : modes \u00e9co ou automatique d\u00e9shumidification, fonctionnement avec oscillation des lamelles \u00e0 grande puissance ou en mode silencieux voire discret, anti-air froid, minuteries marche\/arr\u00eat sur 24 heures ou programmation hebdomadaire, autonettoyage et autodiagnostic intelligent, d\u00e9givrage \u00e0 la demande\u2026. Pilotables intuitivement via leur propre t\u00e9l\u00e9commande (en s\u00e9lectionnant notamment les fonctions qui correspondent le mieux au mode de vie des occupants), \u00e0 la voix depuis Google Assistant ou Amazon Alexa, ils peuvent \u00eatre aussi command\u00e9s \u00e0 distance, via smartphone ou tablette, via l\u2019application Carrier In The Air. Prix public indicatif \u00e0 partir de 1 220 euros HT, hors accessoires, pose et mise en service.<\/p>\n\n\n\n<figure class=\"wp-block-image size-full\"><img loading=\"lazy\" width=\"720\" height=\"423\" src=\"https:\/\/i1.wp.com\/batimedianews.com\/live\/wp-content\/uploads\/2025\/09\/image-61.png?resize=720%2C423\" alt=\"\" class=\"wp-image-46431\" srcset=\"https:\/\/i1.wp.com\/batimedianews.com\/live\/wp-content\/uploads\/2025\/09\/image-61.png?w=756&amp;ssl=1 756w, https:\/\/i1.wp.com\/batimedianews.com\/live\/wp-content\/uploads\/2025\/09\/image-61.png?resize=768%2C451&amp;ssl=1 768w, https:\/\/i1.wp.com\/batimedianews.com\/live\/wp-content\/uploads\/2025\/09\/image-61.png?resize=432%2C254&amp;ssl=1 432w, https:\/\/i1.wp.com\/batimedianews.com\/live\/wp-content\/uploads\/2025\/09\/image-61.png?resize=396%2C233&amp;ssl=1 396w, https:\/\/i1.wp.com\/batimedianews.com\/live\/wp-content\/uploads\/2025\/09\/image-61.png?resize=660%2C388&amp;ssl=1 660w\" sizes=\"(max-width: 600px) 91vw, (max-width: 900px) 600px, (max-width: 1060px) 50vw, (max-width: 1200px) 520px, (max-width: 1400px) 43vw, 600px\" data-recalc-dims=\"1\" \/><\/figure>\n\n\n\n<div class=\"wp-block-image\"><figure class=\"alignleft size-full is-resized\"><img loading=\"lazy\" src=\"https:\/\/i1.wp.com\/batimedianews.com\/live\/wp-content\/uploads\/2025\/09\/image-62.png?resize=118%2C166\" alt=\"\" class=\"wp-image-46432\" width=\"118\" height=\"166\" srcset=\"https:\/\/i1.wp.com\/batimedianews.com\/live\/wp-content\/uploads\/2025\/09\/image-62.png?w=188&amp;ssl=1 188w, https:\/\/i1.wp.com\/batimedianews.com\/live\/wp-content\/uploads\/2025\/09\/image-62.png?resize=768%2C1078&amp;ssl=1 768w\" sizes=\"(max-width: 600px) 91vw, (max-width: 900px) 600px, (max-width: 1060px) 50vw, (max-width: 1200px) 520px, (max-width: 1400px) 43vw, 600px\" data-recalc-dims=\"1\" \/><\/figure><\/div>\n\n\n\n<p><strong>Vitocharge VX3 : le nouveau syst\u00e8me d\u2019accumulation d\u2019\u00e9lectricit\u00e9&nbsp;<\/strong><\/p>\n\n\n\n<p class=\"has-text-align-justify\">Prochainement homologu\u00e9 Consuel, le nouveau syst\u00e8me Vitocharge VX3 de Viessmann optimise la consommation \u00e9lectrique du foyer en renfor\u00e7ant l\u2019ind\u00e9pendance au r\u00e9seau \u00e9lectrique public comme \u00e0 la hausse des prix de l\u2019\u00e9lectricit\u00e9. Mentionnons que le syst\u00e8me Vitocharge VX3 (aux batteries lithium-phosphate de fer, gages de longue dur\u00e9e de vie et r\u00e9pondant aux normes de s\u00e9curit\u00e9 les plus strictes) se veut simple et facile d\u2019utilisation. En effet, si le logiciel intelligent SoDware maintient la capacit\u00e9 de stockage \u00e0 un niveau \u00e9lev\u00e9 et garantit des rendements photovolta\u00efques optimaux, avec Vicare, les utilisateurs b\u00e9n\u00e9ficient d\u2019une application gratuite assurant la gestion optimale de l\u2019\u00e9nergie. Rappelons en effet que ViCare regroupe tous les appareils connect\u00e9s pour former un syst\u00e8me global \u00e9conome en ressources et des plus efficients sur le plan \u00e9nerg\u00e9tique. Flexible pour planifier ais\u00e9ment les diff\u00e9rentes consommations \u00e9lectriques des maisons individuelles ou jumel\u00e9es, Viessmann a d\u2019ailleurs dot\u00e9 le Vitocharge VX3 d\u2019un onduleur hybride (d\u00e9j\u00e0 disponible en 4.6C et d\u2019ici fin d\u2019ann\u00e9e en 6.0C\/8.0C, en fonction de la puissance de l\u2019installation photovolta\u00efque). Cet onduleur nouvelle g\u00e9n\u00e9ration dispose de 3 entr\u00e9es courant continu : deux entr\u00e9es pour le raccordement de cha\u00eenes photovolta\u00efques, la troisi\u00e8me pouvant \u00eatre utilis\u00e9e, au choix, pour le montage en s\u00e9rie des unit\u00e9s de batterie ou pour une troisi\u00e8me chaine photovolta\u00efque.&nbsp;<\/p>\n\n\n\n<div class=\"wp-block-image\"><figure class=\"alignright size-full is-resized\"><img loading=\"lazy\" src=\"https:\/\/i2.wp.com\/batimedianews.com\/live\/wp-content\/uploads\/2025\/09\/image-63.png?resize=215%2C204\" alt=\"\" class=\"wp-image-46433\" width=\"215\" height=\"204\" srcset=\"https:\/\/i2.wp.com\/batimedianews.com\/live\/wp-content\/uploads\/2025\/09\/image-63.png?w=458&amp;ssl=1 458w, https:\/\/i2.wp.com\/batimedianews.com\/live\/wp-content\/uploads\/2025\/09\/image-63.png?resize=768%2C727&amp;ssl=1 768w, https:\/\/i2.wp.com\/batimedianews.com\/live\/wp-content\/uploads\/2025\/09\/image-63.png?resize=10%2C10&amp;ssl=1 10w, https:\/\/i2.wp.com\/batimedianews.com\/live\/wp-content\/uploads\/2025\/09\/image-63.png?resize=432%2C409&amp;ssl=1 432w, https:\/\/i2.wp.com\/batimedianews.com\/live\/wp-content\/uploads\/2025\/09\/image-63.png?resize=396%2C375&amp;ssl=1 396w\" sizes=\"(max-width: 600px) 91vw, (max-width: 900px) 600px, (max-width: 1060px) 50vw, (max-width: 1200px) 520px, (max-width: 1400px) 43vw, 600px\" data-recalc-dims=\"1\" \/><\/figure><\/div>\n\n\n\n<p class=\"has-text-align-justify\">Particuli\u00e8rement compact (600 x 500 x 250 mm le mod\u00e8le de 5 kWh), Vitocharge VX3 est d\u00e9clin\u00e9 en trois classes de puissance diff\u00e9rentes (monophas\u00e9e ou triphas\u00e9e) de 5, 10 et 15 kWh. De plus, il peut \u00eatre mont\u00e9 en cascade jusqu\u2019\u00e0 5 modules pour atteindre 75 kWh afin d\u2019augmenter encore l\u2019ind\u00e9pendance et l\u2019efficacit\u00e9 \u00e9nerg\u00e9tique. Dans la m\u00eame logique, le syst\u00e8me se veut extensible si les besoins en \u00e9lectricit\u00e9 venaient \u00e0 \u00e9voluer ; les interfaces de communication EEBUS standardis\u00e9e et KNX permettent en effet une int\u00e9gration variable et intelligente dans les syst\u00e8mes \u00e9nerg\u00e9tiques les plus vari\u00e9s afin d\u2019accro\u00eetre encore l\u2019efficacit\u00e9 \u00e9nerg\u00e9tique. S\u00fbr de sa qualit\u00e9 puisque produit sur son site de Faulquemont (57), Viessmann l\u2019accompagne d\u2019ailleurs d\u2019une garantie de 10 ans sur la connectivit\u00e9 et les cellules de la batterie. C\u00f4t\u00e9 installation, au sol ou au mur, pr\u00e9cisons que sa mise en \u0153uvre se veut facile, \u00e0 une personne gr\u00e2ce \u00e0 son faible encombrement, sa conception modulaire et son poids maniable. Prix public indicatif \u00e0 partir de 2 915 euros HT, hors accessoires, pose et mise en service.\u00a0<\/p>\n\n\n\n<figure class=\"wp-block-image size-full\"><img loading=\"lazy\" width=\"720\" height=\"417\" src=\"https:\/\/i1.wp.com\/batimedianews.com\/live\/wp-content\/uploads\/2025\/09\/image-64.png?resize=720%2C417\" alt=\"\" class=\"wp-image-46434\" srcset=\"https:\/\/i1.wp.com\/batimedianews.com\/live\/wp-content\/uploads\/2025\/09\/image-64.png?w=1210&amp;ssl=1 1210w, https:\/\/i1.wp.com\/batimedianews.com\/live\/wp-content\/uploads\/2025\/09\/image-64.png?resize=768%2C444&amp;ssl=1 768w, https:\/\/i1.wp.com\/batimedianews.com\/live\/wp-content\/uploads\/2025\/09\/image-64.png?resize=432%2C250&amp;ssl=1 432w, https:\/\/i1.wp.com\/batimedianews.com\/live\/wp-content\/uploads\/2025\/09\/image-64.png?resize=396%2C229&amp;ssl=1 396w, https:\/\/i1.wp.com\/batimedianews.com\/live\/wp-content\/uploads\/2025\/09\/image-64.png?resize=1120%2C648&amp;ssl=1 1120w, https:\/\/i1.wp.com\/batimedianews.com\/live\/wp-content\/uploads\/2025\/09\/image-64.png?resize=660%2C382&amp;ssl=1 660w\" sizes=\"(max-width: 600px) 91vw, (max-width: 900px) 600px, (max-width: 1060px) 50vw, (max-width: 1200px) 520px, (max-width: 1400px) 43vw, 600px\" data-recalc-dims=\"1\" \/><\/figure>\n\n\n\n<div class=\"wp-block-image\"><figure class=\"alignleft size-full is-resized\"><img loading=\"lazy\" src=\"https:\/\/i0.wp.com\/batimedianews.com\/live\/wp-content\/uploads\/2025\/09\/image-65.png?resize=112%2C156\" alt=\"\" class=\"wp-image-46435\" width=\"112\" height=\"156\" srcset=\"https:\/\/i0.wp.com\/batimedianews.com\/live\/wp-content\/uploads\/2025\/09\/image-65.png?w=192&amp;ssl=1 192w, https:\/\/i0.wp.com\/batimedianews.com\/live\/wp-content\/uploads\/2025\/09\/image-65.png?resize=768%2C1064&amp;ssl=1 768w\" sizes=\"(max-width: 600px) 91vw, (max-width: 900px) 600px, (max-width: 1060px) 50vw, (max-width: 1200px) 520px, (max-width: 1400px) 43vw, 600px\" data-recalc-dims=\"1\" \/><\/figure><\/div>\n\n\n\n<p class=\"has-text-align-justify\"><strong>Compl\u00e9ment id\u00e9al d\u2019une installation photovolta\u00efque et des batteries de stockage, les nouvelles bornes de recharge pour v\u00e9hicules \u00e9lectriques&nbsp;<\/strong><\/p>\n\n\n\n<p class=\"has-text-align-justify\">Conscient que la majorit\u00e9 des voitures \u00e9lectriques est recharg\u00e9e \u00e0 la maison, Viessmann a d\u00e9velopp\u00e9 sa station de recharge pour v\u00e9hicules \u00e9lectriques compl\u00e9tant son syst\u00e8me \u00e9nerg\u00e9tique d\u2019autoconsommation combinant panneaux photovolta\u00efques et unit\u00e9 de stockage. Cette innovation s\u2019inscrit d\u2019ailleurs dans la logique d\u2019optimiser tous les syst\u00e8mes \u00e9nerg\u00e9tiques \u00e9lectriques et thermo-\u00e9lectriques de la maison, gr\u00e2ce \u00e0 la Viessmann Energy Management. Rappelons que celui-ci affiche, en temps r\u00e9el, tous les flux d\u2019\u00e9nergie sur smartphone ou la tablette pour que l\u2019utilisateur, via l\u2019application ViCare (plateforme Viessmann One Base), puisse piloter finement toutes les consommations de ses installations (pompe \u00e0 chaleur, batterie de stockage, ballon d\u2019ECS\u2026). La nouvelle borne de recharge Viessmann propose une prise de chargement de type 2 et d\u00e9cline 3 puissances de charge maximale : 7,4 en monophas\u00e9, 11 et 22 kW en triphas\u00e9. D\u2019une tension nominale de 400 V, elle est dot\u00e9e de fusibles de sauvegarde 40, 20 ou 40 A.&nbsp;<\/p>\n\n\n\n<div class=\"wp-block-image\"><figure class=\"alignright size-full is-resized\"><img loading=\"lazy\" src=\"https:\/\/i1.wp.com\/batimedianews.com\/live\/wp-content\/uploads\/2025\/09\/image-66.png?resize=139%2C202\" alt=\"\" class=\"wp-image-46436\" width=\"139\" height=\"202\" srcset=\"https:\/\/i1.wp.com\/batimedianews.com\/live\/wp-content\/uploads\/2025\/09\/image-66.png?w=202&amp;ssl=1 202w, https:\/\/i1.wp.com\/batimedianews.com\/live\/wp-content\/uploads\/2025\/09\/image-66.png?resize=768%2C1117&amp;ssl=1 768w\" sizes=\"(max-width: 600px) 91vw, (max-width: 900px) 600px, (max-width: 1060px) 50vw, (max-width: 1200px) 520px, (max-width: 1400px) 43vw, 600px\" data-recalc-dims=\"1\" \/><\/figure><\/div>\n\n\n\n<p class=\"has-text-align-justify\">Adapt\u00e9e \u00e0 un montage mural et avec une classe de protection IP 54, elle peut \u00eatre install\u00e9e aussi bien \u00e0 l\u2019int\u00e9rieur qu\u2019\u00e0 l\u2019ext\u00e9rieur de l\u2019habitat. Si la fonction \u00ab Green Charging \u00bb permet une recharge solaire via le syst\u00e8me photovolta\u00efque de l\u2019utilisateur, le mode \u00ab Mixed Charging \u00bb assure, quant \u00e0 lui, une charge rapide du v\u00e9hicule. Mentionnons aussi que le mode de charge intelligent pallie les fluctuations de la puissance photovolta\u00efque afin d\u2019\u00e9viter les arr\u00eats et red\u00e9marrages de la charge, avec comme b\u00e9n\u00e9fice de pr\u00e9server la batterie de la voiture \u00e9lectrique. Dot\u00e9e d\u2019une protection int\u00e9gr\u00e9e contre les courants de d\u00e9faut DC, d\u2019une protection contre le black-out et l\u2019\u00e9cr\u00eatage de pointes (gr\u00e2ce \u00e0 l\u2019adaptation automatique de la puissance de charge), elle dispose \u00e9galement d\u2019un \u00e9cran TFT de 4,3 pouces et d\u2019un lecteur de cartes RFID. Pr\u00e9cisons enfin que la station de recharge Viessmann anticipe l\u2019avenir car prenant d\u2019ores et d\u00e9j\u00e0 en charge la norme de communication EEBUS. Prix public indicatif \u00e0 partir de 1 307 euros HT, hors accessoires, pose et mise en service le mod\u00e8le monophas\u00e9 de 3,7 \u00e0 7,4 kW (1 402 euros HT les mod\u00e8les de 11 kW et 22 kW en triphas\u00e9).&nbsp;<\/p>\n\n\n\n<div class=\"wp-block-group has-background\" style=\"background-color:#cfd3d5\"><div class=\"wp-block-group__inner-container\">\n<p class=\"has-small-font-size\"><strong>\u00c0 propos de Viessmann Climate Solutions&nbsp;<\/strong><\/p>\n\n\n\n<p class=\"has-text-align-justify has-small-font-size\">Fond\u00e9 en 1917 en tant que fabricant de techniques de chauffage, Viessmann Climate Solutions est aujourd\u2019hui un fournisseur leader mondial de solutions efficaces et syst\u00e9miques dans le domaine de la climatisation (chauffage, qualit\u00e9 de l\u2019eau et de l\u2019air) et de l\u2019\u00e9nergie. Le portefeuille int\u00e9gr\u00e9 de Viessmann Climate Solutions associe produits et syst\u00e8mes via des plateformes num\u00e9riques et des services continus pour fournir une solution globale de climatisation et \u00e9nerg\u00e9tique, cr\u00e9ant ainsi un environnement fiable, s\u00fbr et de bien-\u00eatre pour les utilisateurs et les utilisatrices. Viessmann Climate Solutions fait partie de Carrier Global Corporation, fournisseur leader mondial de solutions dans le domaine de la climatisation et de l\u2019\u00e9nergie qui sont porteuses de sens pour les individus et notre plan\u00e8te et qui traversent les g\u00e9n\u00e9rations.&nbsp;<\/p>\n<\/div><\/div>\n","protected":false},"excerpt":{"rendered":"<p>Reconnu mondialement pour d\u00e9velopper des solutions efficaces dans le domaine de la climatisation et de l\u2019\u00e9nergie, Viessmann Climate Solutions d\u00e9montre une nouvelle fois, en cette rentr\u00e9e 2025, son esprit d\u2019innovation au service du confort et du bien-\u00eatre comme des \u00e9conomies d\u2019\u00e9nergie pour un environnement toujours plus pr\u00e9serv\u00e9. D\u00e9sormais adoss\u00e9 au leader mondial Carrier Global Corporation, [&hellip;]<\/p>\n","protected":false},"author":41,"featured_media":46437,"comment_status":"open","ping_status":"open","sticky":true,"template":"","format":"standard","meta":{"spay_email":""},"categories":[4,35,77,99],"tags":[2672],"jetpack_featured_media_url":"https:\/\/i2.wp.com\/batimedianews.com\/live\/wp-content\/uploads\/2025\/09\/Viessmann.jpg?fit=1513%2C825&ssl=1","jetpack_sharing_enabled":true,"jetpack_likes_enabled":true,"jetpack-related-posts":[{"id":45657,"url":"https:\/\/batimedianews.com\/live\/index.php\/2025\/06\/26\/voyage-viessmann-du-18-juin\/","url_meta":{"origin":46423,"position":0},"title":"Viessmann, support \u00e0 la prescription et outils digitaux","date":"26 juin 2025","format":false,"excerpt":"Viessmann Climate Solutions France pr\u00e9sente son organisation de support \u00e0 la prescription d\u00e9di\u00e9e aux march\u00e9s r\u00e9sidentiel collectif et petit tertiaire avec la sp\u00e9cialisation de son acad\u00e9mie de Lieusaint \/Paris et sa cellule PEP (P\u00f4le Etudes & Prescription), ainsi que ses outils digitaux ViGuidePro et le support \u00e0 l\u2019obtention des aides\u2026","rel":"","context":"Dans &quot;Actualit\u00e9 Entreprises&quot;","img":{"alt_text":"","src":"https:\/\/i1.wp.com\/batimedianews.com\/live\/wp-content\/uploads\/2025\/06\/Viessmann.jpg?fit=825%2C825&ssl=1&resize=350%2C200","width":350,"height":200},"classes":[]},{"id":47121,"url":"https:\/\/batimedianews.com\/live\/index.php\/2025\/09\/30\/preview-des-premieres-nouveautes-viessmann-climate-solutions-a-decouvrir-sur-artibat-hall-7-stand-a12\/","url_meta":{"origin":46423,"position":1},"title":"Preview des premi\u00e8res nouveaut\u00e9s Viessmann Climate Solutions \u00e0 d\u00e9couvrir sur Artibat (Hall 7 stand A12)","date":"30 septembre 2025","format":false,"excerpt":"A l\u2019occasion du salon Artibat 2025, Viessmann Climate Solutions l\u00e8ve le voile sur des innovations parfaitement en phase avec les attentes du march\u00e9 et des professionnels fran\u00e7ais du HAVC (Heating, Ventilation and Air-Conditioning). \u2022 En effet, l\u2019offre d\u00e9volue \u00e0 la production d\u00e9centralis\u00e9e d\u2019\u00e9lectricit\u00e9 se densifie encore avec l\u2019arriv\u00e9e de nouveaux\u2026","rel":"","context":"Dans &quot;Actualit\u00e9 Entreprises&quot;","img":{"alt_text":"","src":"https:\/\/i1.wp.com\/batimedianews.com\/live\/wp-content\/uploads\/2025\/09\/Viessmann-1.jpg?fit=825%2C825&ssl=1&resize=350%2C200","width":350,"height":200},"classes":[]},{"id":20201,"url":"https:\/\/batimedianews.com\/live\/index.php\/2022\/05\/24\/le-groupe-viessmann-va-investir-1-milliard-deuros-dans-les-pompes-a-chaleur-et-les-solutions-vertes-le-passage-a-des-solutions-integrees-porte-ses-fruits-34-milliards-deuros-de-chiffre-daff\/","url_meta":{"origin":46423,"position":2},"title":"Le groupe Viessmann va investir 1 milliard d&rsquo;euros dans les pompes \u00e0 chaleur et les solutions vertes . Le passage \u00e0 des solutions int\u00e9gr\u00e9es porte ses fruits , 3,4 milliards d&rsquo;Euros de chiffre d&rsquo;affaires en 2021 , Croissance globale +21 % par rapport \u2002 2020  Pompes \u00e0 chaleur avec une forte croissance de +41 %","date":"24 mai 2022","format":false,"excerpt":"\u25cf Un investissement historique : 1 milliard d'euros au cours des trois prochaines ann\u00e9es pour \u00e9tendre l'empreinte manufacturi\u00e8re, les laboratoires de R&D et la gamme d'offres de solutions vertes, en particulier dans le domaine des pompes \u00e0 chaleur, renfor\u00e7ant ainsi l'ind\u00e9pendance \u00e9nerg\u00e9tique g\u00e9opolitique de l'Europe. \u25cf Performances 2021 : Chiffre\u2026","rel":"","context":"Dans &quot;b\u00e2timent auto suffisant&quot;","img":{"alt_text":"","src":"https:\/\/i1.wp.com\/batimedianews.com\/live\/wp-content\/uploads\/2022\/05\/Viessmann-Article.jpg?fit=1080%2C1080&ssl=1&resize=350%2C200","width":350,"height":200},"classes":[]},{"id":43765,"url":"https:\/\/batimedianews.com\/live\/index.php\/2025\/03\/24\/viessmann-climate-solutions-presente-sa-strategie-multimarque-pendant-lish-a-francfort\/","url_meta":{"origin":46423,"position":3},"title":"Viessmann Climate Solutions pr\u00e9sente sa strat\u00e9gie multimarque pendant l&rsquo;ISH \u00e0 Francfort","date":"24 mars 2025","format":false,"excerpt":"Photo 1 : Viessmann Climate Solutions fait partie de Carrier Global Corporation, fournisseur leader mondial de solutions dans le domaine de la climatisation et de l\u2019\u00e9nergie.\u00a0 \u25cf Premi\u00e8re mondiale : Viessmann pr\u00e9sente pour la premi\u00e8re fois sa strat\u00e9gie multimarques au salon ISH de Francfort\u00a0\u25cf Le \u00ab Programme System Profi \u00bb\u2026","rel":"","context":"Dans &quot;Actualit\u00e9 Entreprises&quot;","img":{"alt_text":"","src":"https:\/\/i0.wp.com\/batimedianews.com\/live\/wp-content\/uploads\/2025\/03\/Viessmann-articles-.jpg?fit=825%2C825&ssl=1&resize=350%2C200","width":350,"height":200},"classes":[]},{"id":47628,"url":"https:\/\/batimedianews.com\/live\/index.php\/2025\/10\/29\/viessmann-climate-solutions-france-presente-son-offre-de-services-apres-vente-dediee-au-marche-residentiel-individuel\/","url_meta":{"origin":46423,"position":4},"title":"Viessmann Climate Solutions France pr\u00e9sente son offre de services apr\u00e8s-vente d\u00e9di\u00e9e au march\u00e9 r\u00e9sidentiel individuel.","date":"29 octobre 2025","format":false,"excerpt":"Viessmann Climate Solutions France pr\u00e9sente son offre de services apr\u00e8s-vente d\u00e9di\u00e9e au march\u00e9 r\u00e9sidentiel individuel. Cette initiative vise \u00e0 attirer de nouveaux installateurs et \u00e0 soutenir la performance des membres du r\u00e9seau historique de partenaires Proactif. Rennes Salon Artibat, conf\u00e9rence 22 octobre 2025 \u201c Central dans la satisfaction des clients\u2026","rel":"","context":"Dans &quot;Actualit\u00e9 Entreprises&quot;","img":{"alt_text":"","src":"https:\/\/i1.wp.com\/batimedianews.com\/live\/wp-content\/uploads\/2025\/10\/Viessmann.jpg?fit=825%2C825&ssl=1&resize=350%2C200","width":350,"height":200},"classes":[]},{"id":47816,"url":"https:\/\/batimedianews.com\/live\/index.php\/2025\/11\/07\/actualites-viessmann-climate-solutions-au-salon-artibat-2025\/","url_meta":{"origin":46423,"position":5},"title":"Actualit\u00e9s Viessmann Climate Solutions au Salon Artibat 2025","date":"7 novembre 2025","format":false,"excerpt":"Profitant de sa participation au Salon Artibat 2025, Viessmann Climate Solutions annonce le lancement commercial de plusieurs innovations produits et le d\u00e9ploiement d\u2019un \u00e9ventail de services techniques d\u00e9di\u00e9s \u00e0 faciliter le quotidien des professionnels du g\u00e9nie climatique. Vitocal 150-A et Vitocal 250-A : une nouvelle g\u00e9n\u00e9ration de pompes \u00e0 chaleur\u2026","rel":"","context":"Dans &quot;Actualit\u00e9 Entreprises&quot;","img":{"alt_text":"","src":"https:\/\/i1.wp.com\/batimedianews.com\/live\/wp-content\/uploads\/2025\/11\/Viessmann.jpg?fit=825%2C825&ssl=1&resize=350%2C200","width":350,"height":200},"classes":[]}],"_links":{"self":[{"href":"https:\/\/batimedianews.com\/live\/index.php\/wp-json\/wp\/v2\/posts\/46423"}],"collection":[{"href":"https:\/\/batimedianews.com\/live\/index.php\/wp-json\/wp\/v2\/posts"}],"about":[{"href":"https:\/\/batimedianews.com\/live\/index.php\/wp-json\/wp\/v2\/types\/post"}],"author":[{"embeddable":true,"href":"https:\/\/batimedianews.com\/live\/index.php\/wp-json\/wp\/v2\/users\/41"}],"replies":[{"embeddable":true,"href":"https:\/\/batimedianews.com\/live\/index.php\/wp-json\/wp\/v2\/comments?post=46423"}],"version-history":[{"count":2,"href":"https:\/\/batimedianews.com\/live\/index.php\/wp-json\/wp\/v2\/posts\/46423\/revisions"}],"predecessor-version":[{"id":46481,"href":"https:\/\/batimedianews.com\/live\/index.php\/wp-json\/wp\/v2\/posts\/46423\/revisions\/46481"}],"wp:featuredmedia":[{"embeddable":true,"href":"https:\/\/batimedianews.com\/live\/index.php\/wp-json\/wp\/v2\/media\/46437"}],"wp:attachment":[{"href":"https:\/\/batimedianews.com\/live\/index.php\/wp-json\/wp\/v2\/media?parent=46423"}],"wp:term":[{"taxonomy":"category","embeddable":true,"href":"https:\/\/batimedianews.com\/live\/index.php\/wp-json\/wp\/v2\/categories?post=46423"},{"taxonomy":"post_tag","embeddable":true,"href":"https:\/\/batimedianews.com\/live\/index.php\/wp-json\/wp\/v2\/tags?post=46423"}],"curies":[{"name":"wp","href":"https:\/\/api.w.org\/{rel}","templated":true}]}}