{"id":47532,"date":"2025-10-24T10:10:09","date_gmt":"2025-10-24T08:10:09","guid":{"rendered":"http:\/\/batimedianews.com\/live\/?p=47532"},"modified":"2025-10-24T10:10:12","modified_gmt":"2025-10-24T08:10:12","slug":"veka-une-presence-a-artibat-sous-le-signe-de-linnovation-de-la-performance-et-du-bas-carbone","status":"publish","type":"post","link":"https:\/\/batimedianews.com\/live\/index.php\/2025\/10\/24\/veka-une-presence-a-artibat-sous-le-signe-de-linnovation-de-la-performance-et-du-bas-carbone\/","title":{"rendered":"VEKA : une pr\u00e9sence \u00e0 Artibat sous le signe de l\u2019innovation, de la performance et du bas carbone"},"content":{"rendered":"\n<p class=\"has-text-align-justify has-background\" style=\"background-color:#d6e5ec\">\u00c0 l\u2019occasion du salon Artibat, VEKA confirme son positionnement de leader engag\u00e9 dans la conception de solutions performantes et durables pour la menuiserie. L\u2019extrudeur gammiste fran\u00e7ais y d\u00e9voile ses derni\u00e8res innovations, en phase avec les attentes des professionnels du b\u00e2timent et les enjeux de l\u2019\u00e9conomie circulaire.&nbsp;<\/p>\n\n\n\n<p class=\"has-text-color has-medium-font-size\" style=\"color:#0872af\"><strong>VEKASLIDE Hi-5 : l\u2019accessibilit\u00e9 change de dimension avec un nouveau standard de seuil PMR&nbsp;<\/strong><\/p>\n\n\n\n<div class=\"wp-block-media-text alignwide is-stacked-on-mobile\" style=\"grid-template-columns:25% auto\"><figure class=\"wp-block-media-text__media\"><img loading=\"lazy\" width=\"394\" height=\"214\" src=\"https:\/\/i2.wp.com\/batimedianews.com\/live\/wp-content\/uploads\/2025\/10\/image-118.png?resize=394%2C214\" alt=\"\" class=\"wp-image-47533 size-full\" srcset=\"https:\/\/i2.wp.com\/batimedianews.com\/live\/wp-content\/uploads\/2025\/10\/image-118.png?w=394&amp;ssl=1 394w, https:\/\/i2.wp.com\/batimedianews.com\/live\/wp-content\/uploads\/2025\/10\/image-118.png?resize=768%2C417&amp;ssl=1 768w\" sizes=\"(max-width: 600px) 91vw, (max-width: 900px) 600px, (max-width: 1060px) 50vw, (max-width: 1200px) 520px, (max-width: 1400px) 43vw, 600px\" data-recalc-dims=\"1\" \/><\/figure><div class=\"wp-block-media-text__content\">\n<p class=\"has-text-align-justify has-normal-font-size\">Conscient que le march\u00e9 recherche des menuiseries accessibles aux personnes \u00e0 mobilit\u00e9 r\u00e9duite et sans compromis sur les performances, VEKA d\u00e9voile sur Artibat 2025 un nouveau standard de seuil PMR non encastr\u00e9.&nbsp;<\/p>\n<\/div><\/div>\n\n\n\n<p class=\"has-text-align-justify\">Adapt\u00e9 \u00e0 son coulissant VEKASLIDE Hi-5, ce nouveau seuil PMR est capable d\u2019atteindre <strong>une performance \u00e0 l\u2019eau E*5A, m\u00eame en pose expos\u00e9e au nu ext\u00e9rieur. <\/strong>Jusqu\u2019ici, atteindre une telle performance avec une pose en retrait du nu ext\u00e9rieur (type B) relevait d\u00e9j\u00e0 de l\u2019exception. <strong>D\u00e9sormais, accessibilit\u00e9 et \u00e9tanch\u00e9it\u00e9 vont de pair.&nbsp;<\/strong><\/p>\n\n\n\n<p class=\"has-text-align-justify\">Cette nouvelle solution assure aux architectes une libert\u00e9 de conception alliant design, confort et respect de la r\u00e9glementation. Pour les menuisiers, elle leur garantit une r\u00e9ponse \u00e0 la fois diff\u00e9renciante et simple \u00e0 mettre en oeuvre.&nbsp;<\/p>\n\n\n\n<p class=\"has-text-align-justify\">Rappelons que le coulissant \u00e0 frappe VEKASLIDE Hi-5 est un <strong>concept in\u00e9dit de menuiserie coulissante (3 brevets) combinant les meilleurs atouts d\u2019un syst\u00e8me coulissant et d\u2019une menuiserie \u00e0 frappe. <\/strong>Il rencontre aujourd\u2019hui un vif succ\u00e8s aupr\u00e8s des fabricants assembleurs de plus en plus nombreux \u00e0 l\u2019int\u00e9grer dans leur offre.&nbsp;<\/p>\n\n\n\n<p class=\"has-text-align-justify\">Destin\u00e9 tant au neuf qu\u2019\u00e0 la r\u00e9novation, pour tous les types de march\u00e9s et de mises en \u0153uvre, VEKASLIDE Hi-5 est sous DTA et r\u00e9pond aux exigences de la RE 2020 (Uw jusqu\u2019\u00e0 1,2 W\/(m2.K)).\u00a0<\/p>\n\n\n\n<p class=\"has-text-align-justify\">VEKASLIDE Hi-5 revendique par ailleurs une <strong>aisance d\u2019utilisation in\u00e9gal\u00e9e <\/strong>en proposant des vantaux coulissant sans frottement (jusqu\u2019\u00e0 150 kg de charge par ouvrant). Pens\u00e9 pour tous les utilisateurs, m\u00eame les plus exigeants, il conjugue \u00e9tanch\u00e9it\u00e9 \u00e0 l\u2019air optimale, performances acoustiques remarquables (jusqu\u2019\u00e0 38 dB RA,tr), maniabilit\u00e9 in\u00e9gal\u00e9e des ouvrants, rigidit\u00e9 renforc\u00e9e du seuil pour une pose simplifi\u00e9e sur chantier\u2026 et d\u00e9sormais \u00e9tanch\u00e9it\u00e9 \u00e0 l\u2019eau exceptionnelle m\u00eame avec un seuil PMR non encastr\u00e9.&nbsp;<\/p>\n\n\n\n<p>&nbsp;VEKASLIDE Hi-5 permet la cr\u00e9ation de grandes baies vitr\u00e9es \u00e0 deux ouvrants mobiles jusqu\u2019\u00e0 3,20 x 2,40 m et sera expos\u00e9 <strong>pour la premi\u00e8re fois <\/strong>sur le stand VEKA \u00e0 Artibat, dans <strong>sa version 1 fixe\/1 vantail. <\/strong>Cette nouvelle configuration vient judicieusement compl\u00e9ter la variante deux vantaux mobiles. Elle apporte une r\u00e9ponse \u00e9conomiquement comp\u00e9titive sur les chantiers traditionnellement r\u00e9alis\u00e9s avec un coulissant un vantail en aluminium ou avec un coulissant \u00e0 frappe (oscillo-coulissant).&nbsp;<\/p>\n\n\n\n<p>VEKASLIDE Hi-5 sera de plus <strong>expos\u00e9 avec un vitrage ORA\u00c9\u00ae STADIP\u00aePROTECT 33.2 PLUS : <\/strong>con\u00e7u pour offrir une <strong>protection \u00e9lev\u00e9e contre les impacts et les chocs<\/strong>, il int\u00e8gre <strong>jusqu\u2019\u00e0 64 % de mati\u00e8res recycl\u00e9es. <\/strong>Cette solution (en remplacement des vitrages 44\/2 par exemple) apporte une s\u00e9curit\u00e9 renforc\u00e9e tout en ayant un poids r\u00e9duit.&nbsp;<\/p>\n\n\n\n<figure class=\"wp-block-image size-full\"><img loading=\"lazy\" width=\"720\" height=\"455\" src=\"https:\/\/i0.wp.com\/batimedianews.com\/live\/wp-content\/uploads\/2025\/10\/image-119.png?resize=720%2C455\" alt=\"\" class=\"wp-image-47534\" srcset=\"https:\/\/i0.wp.com\/batimedianews.com\/live\/wp-content\/uploads\/2025\/10\/image-119.png?w=822&amp;ssl=1 822w, https:\/\/i0.wp.com\/batimedianews.com\/live\/wp-content\/uploads\/2025\/10\/image-119.png?resize=768%2C485&amp;ssl=1 768w, https:\/\/i0.wp.com\/batimedianews.com\/live\/wp-content\/uploads\/2025\/10\/image-119.png?resize=432%2C273&amp;ssl=1 432w, https:\/\/i0.wp.com\/batimedianews.com\/live\/wp-content\/uploads\/2025\/10\/image-119.png?resize=396%2C251&amp;ssl=1 396w, https:\/\/i0.wp.com\/batimedianews.com\/live\/wp-content\/uploads\/2025\/10\/image-119.png?resize=660%2C418&amp;ssl=1 660w\" sizes=\"(max-width: 600px) 91vw, (max-width: 900px) 600px, (max-width: 1060px) 50vw, (max-width: 1200px) 520px, (max-width: 1400px) 43vw, 600px\" data-recalc-dims=\"1\" \/><figcaption><em>Baie coulissante VEKASLIDE Hi-5, disponible en un ou deux vantaux coulissants&nbsp;<\/em><\/figcaption><\/figure>\n\n\n\n<p class=\"has-text-color has-medium-font-size\" style=\"color:#0872af\"><strong>VEKA : preuve par l\u2019exemple d\u2019un engagement fort pour l\u2019\u00e9conomie circulaire et le bas carbone&nbsp;<\/strong><\/p>\n\n\n\n<div class=\"wp-block-media-text alignwide has-media-on-the-right is-stacked-on-mobile\" style=\"grid-template-columns:auto 52%\"><figure class=\"wp-block-media-text__media\"><img loading=\"lazy\" width=\"720\" height=\"334\" src=\"https:\/\/i0.wp.com\/batimedianews.com\/live\/wp-content\/uploads\/2025\/10\/image-120.png?resize=720%2C334\" alt=\"\" class=\"wp-image-47535 size-full\" srcset=\"https:\/\/i0.wp.com\/batimedianews.com\/live\/wp-content\/uploads\/2025\/10\/image-120.png?w=1044&amp;ssl=1 1044w, https:\/\/i0.wp.com\/batimedianews.com\/live\/wp-content\/uploads\/2025\/10\/image-120.png?resize=768%2C356&amp;ssl=1 768w, https:\/\/i0.wp.com\/batimedianews.com\/live\/wp-content\/uploads\/2025\/10\/image-120.png?resize=432%2C200&amp;ssl=1 432w, https:\/\/i0.wp.com\/batimedianews.com\/live\/wp-content\/uploads\/2025\/10\/image-120.png?resize=396%2C184&amp;ssl=1 396w, https:\/\/i0.wp.com\/batimedianews.com\/live\/wp-content\/uploads\/2025\/10\/image-120.png?resize=660%2C306&amp;ssl=1 660w\" sizes=\"(max-width: 600px) 91vw, (max-width: 900px) 600px, (max-width: 1060px) 50vw, (max-width: 1200px) 520px, (max-width: 1400px) 43vw, 600px\" data-recalc-dims=\"1\" \/><\/figure><div class=\"wp-block-media-text__content\">\n<p class=\"has-text-align-justify has-normal-font-size\">Engag\u00e9 de longue date en faveur de l\u2019\u00e9conomie circulaire (premi\u00e8re unit\u00e9 de recyclage en boucle ferm\u00e9e cr\u00e9\u00e9e en 1993), VEKA met aussi en lumi\u00e8re sur son stand Artibat sa solution bas carbone d\u00e9velopp\u00e9e en partenariat avec Saint-Gobain Glass France : <strong>VEKA REcycle\/ORA\u00c9\u00ae. Int\u00e9grant jusqu\u2019\u00e0 70 % de PVC recycl\u00e9 et 64 % de verre recycl\u00e9, cette menuiserie se distingue par une empreinte carbone particuli\u00e8rement basse de seulement 42 kg eq CO2\/m2*. <\/strong>Cette offre VEKA REcycle\/ ORA\u00c9\u00ae dispose de FDES certifi\u00e9es sur la base INIES ; un atout haute performance environnementale.&nbsp;<\/p>\n<\/div><\/div>\n\n\n\n<div class=\"wp-block-media-text alignwide is-stacked-on-mobile\"><figure class=\"wp-block-media-text__media\"><img loading=\"lazy\" width=\"720\" height=\"500\" src=\"https:\/\/i1.wp.com\/batimedianews.com\/live\/wp-content\/uploads\/2025\/10\/image-121.png?resize=720%2C500\" alt=\"\" class=\"wp-image-47536 size-full\" srcset=\"https:\/\/i1.wp.com\/batimedianews.com\/live\/wp-content\/uploads\/2025\/10\/image-121.png?w=1080&amp;ssl=1 1080w, https:\/\/i1.wp.com\/batimedianews.com\/live\/wp-content\/uploads\/2025\/10\/image-121.png?resize=768%2C533&amp;ssl=1 768w, https:\/\/i1.wp.com\/batimedianews.com\/live\/wp-content\/uploads\/2025\/10\/image-121.png?resize=432%2C300&amp;ssl=1 432w, https:\/\/i1.wp.com\/batimedianews.com\/live\/wp-content\/uploads\/2025\/10\/image-121.png?resize=396%2C275&amp;ssl=1 396w, https:\/\/i1.wp.com\/batimedianews.com\/live\/wp-content\/uploads\/2025\/10\/image-121.png?resize=660%2C458&amp;ssl=1 660w\" sizes=\"(max-width: 600px) 91vw, (max-width: 900px) 600px, (max-width: 1060px) 50vw, (max-width: 1200px) 520px, (max-width: 1400px) 43vw, 600px\" data-recalc-dims=\"1\" \/><\/figure><div class=\"wp-block-media-text__content\">\n<p class=\"has-text-align-justify\">Dans cette logique, rappelons qu\u2019en 2024, l\u2019entit\u00e9 VEKA Recyclage a collect\u00e9 et trait\u00e9 quelque 26 000 tonnes de PVC fen\u00eatres fin de vie. Dans la m\u00eame lign\u00e9e, VEKA s\u2019impose comme le premier extrudeur gammiste fran\u00e7ais \u00e0 obtenir, en 2025, la <strong>certification RecyClass <\/strong>par le Kiwa, organisme de contr\u00f4le et de certification mondialement reconnu. Sur la base de cette certification, VEKA France peut ainsi attester d\u2019une int\u00e9gration de 35 % de mati\u00e8re recycl\u00e9e fin de vie au sein de sa production totale pour l\u2019ann\u00e9e 2024**.&nbsp;<\/p>\n\n\n\n<p class=\"has-text-align-justify\">Cette mati\u00e8re et les profil\u00e9s fabriqu\u00e9s avec elle sont aussi <strong>certifi\u00e9s QB 34 par le CSTB <\/strong>pour l\u2019ensemble de leurs caract\u00e9ristiques et donc pleinement conformes aux exigences requises pour la fabrication de nouvelles menuiseries.&nbsp;<\/p>\n<\/div><\/div>\n\n\n\n<p class=\"has-text-align-justify\">De son c\u00f4t\u00e9, Saint-Gobain Glass France a r\u00e9ceptionn\u00e9 et enfourn\u00e9 dans ses usines plus de 7 000 tonnes de calcin en 2024. Le double vitrage ORA\u00c9\u00ae, fabriqu\u00e9 par les r\u00e9seaux de transformation Saint-Gobain Vitrage B\u00e2timent et Glassolutions, permet de r\u00e9duire de 30 % les \u00e9missions de CO<sub>2 <\/sub>compar\u00e9 aux doubles vitrages standards.&nbsp;<\/p>\n\n\n\n<p class=\"has-text-align-justify\">Le recyclage des menuiseries fin de vie en boucle ferm\u00e9e pr\u00e9serve ainsi les ressources naturelles et d\u00e9carbone la production de PVC comme de verre plat. Les menuiseries Gamme 70 VEKA REcycle, avec double vitrage ORA\u00c9\u00ae, garantissent une solution p\u00e9renne, <strong>r\u00e9pondant id\u00e9alement aux exigences actuelles et futures de la RE 2020<\/strong>, tant sur le plan environnemental qu\u2019\u00e9nerg\u00e9tique, et sans avoir besoin de recourir \u00e0 des triples vitrages ou des profil\u00e9s \u00e9pais et sur-isol\u00e9s.<\/p>\n\n\n\n<p class=\"has-text-align-justify has-small-font-size\"><em>* Les menuiseries r\u00e9alis\u00e9es avec des profil\u00e9s VEKA standard teintes claires affichent un poids carbone de 64 kg eq CO<\/em><em>2<\/em><em>\/m<\/em><em>2<\/em><em>. Elles \u00e9voluent \u00e0 54 kg eq CO<\/em><em>2<\/em><em>\/m<\/em><em>2 <\/em><em>quand elles sont con\u00e7ues avec les profil\u00e9s VEKA REcycle et atteignent 42 kg eq CO<\/em><em>2<\/em><em>\/m<\/em><em>2 <\/em><em>quand elles sont \u00e9quip\u00e9es en plus d\u2019un double vitrage CLIMAPLUS<\/em><em>\u00ae <\/em><em>ORA\u00c9<\/em><em>\u00ae<\/em><em>.&nbsp;<\/em><\/p>\n\n\n\n<p class=\"has-text-align-justify has-small-font-size\"><em>** Pr\u00e9cis\u00e9ment, 71 % de cette mati\u00e8re est dite \u00ab\u00a0post-consommation\u00a0\u00bb (menuiseries d\u00e9pos\u00e9es \u00e0 la fin de leur cycle de vie) et 27 % est dite \u00ab\u00a0pr\u00e9-consommation\u00a0\u00bb (chutes de fabrication chez les assembleurs, erreurs de fabrication et de pose). La mati\u00e8re issue des d\u00e9chets d\u2019extrusion et r\u00e9int\u00e9gr\u00e9e dans le cycle de production VEKA n\u2019est pas consid\u00e9r\u00e9e comme de la mati\u00e8re recycl\u00e9e fin de vie et n\u2019est donc pas comptabilis\u00e9e.&nbsp;<\/em><\/p>\n\n\n\n<p class=\"has-text-color has-medium-font-size\" style=\"color:#0872af\"><strong>Gamme 70 mm VEKA : toujours plus d\u2019innovations pour un confort quatre saisons&nbsp;<\/strong><\/p>\n\n\n\n<div class=\"wp-block-media-text alignwide has-media-on-the-right is-stacked-on-mobile\" style=\"grid-template-columns:auto 34%\"><figure class=\"wp-block-media-text__media\"><img loading=\"lazy\" width=\"672\" height=\"974\" src=\"https:\/\/i1.wp.com\/batimedianews.com\/live\/wp-content\/uploads\/2025\/10\/image-122.png?resize=672%2C974\" alt=\"\" class=\"wp-image-47537 size-full\" srcset=\"https:\/\/i1.wp.com\/batimedianews.com\/live\/wp-content\/uploads\/2025\/10\/image-122.png?w=672&amp;ssl=1 672w, https:\/\/i1.wp.com\/batimedianews.com\/live\/wp-content\/uploads\/2025\/10\/image-122.png?resize=768%2C1113&amp;ssl=1 768w, https:\/\/i1.wp.com\/batimedianews.com\/live\/wp-content\/uploads\/2025\/10\/image-122.png?resize=432%2C626&amp;ssl=1 432w, https:\/\/i1.wp.com\/batimedianews.com\/live\/wp-content\/uploads\/2025\/10\/image-122.png?resize=396%2C574&amp;ssl=1 396w, https:\/\/i1.wp.com\/batimedianews.com\/live\/wp-content\/uploads\/2025\/10\/image-122.png?resize=660%2C957&amp;ssl=1 660w\" sizes=\"(max-width: 600px) 91vw, (max-width: 900px) 600px, (max-width: 1060px) 50vw, (max-width: 1200px) 520px, (max-width: 1400px) 43vw, 600px\" data-recalc-dims=\"1\" \/><\/figure><div class=\"wp-block-media-text__content\">\n<p class=\"has-text-align-justify\">Avec ses trois designs (SOFTLINE 70, SWINGLINE 70 et KIETISLINE 78), la Gamme 70 mm de VEKA affiche des performances techniques*, environnementales et esth\u00e9tiques optimales. Reconnue et appr\u00e9ci\u00e9e des acteurs de la construction comme des utilisateurs, cette offre fait r\u00e9guli\u00e8rement l\u2019objet d\u2019innovations sign\u00e9es du <strong>bureau d\u2019\u00e9tudes VEKA France <\/strong>et 2025 ne d\u00e9roge pas \u00e0 la r\u00e8gle.&nbsp;<\/p>\n\n\n\n<p class=\"has-text-align-justify\">Ainsi, VEKA enrichit son offre avec <strong>trois nouvelles parcloses cubiques <\/strong>(\u00e9paisseurs de vitrage de 28, 32 et 36 mm), permettant de personnaliser le style de la fen\u00eatre de fa\u00e7on subtile. Leur design, droit, minimaliste et \u00e9pur\u00e9, s\u2019inscrit parfaitement dans les architectures modernes et sont d\u00e9clinables dans les 69 finitions couleurs de la nouvelle palette DECOR IN COLOR. De quoi lib\u00e9rer le champ des possibles, c\u00f4t\u00e9 prescripteurs, pour s\u2019assurer de conceptions architecturales vraiment uniques.&nbsp;<\/p>\n\n\n\n<p class=\"has-text-align-justify\">VEKA a aussi initi\u00e9 en 2025 une <strong>nouvelle g\u00e9n\u00e9ration de seuil PMR \u00e0 rupture de pont thermique. <\/strong>Con\u00e7u pour r\u00e9pondre aux normes d\u2019accessibilit\u00e9 quelle que soit la configuration, le nouveau seuil VEKA 3.0 assure une finition soign\u00e9e et esth\u00e9tique. Sous DTA, il est disponible en 6 largeurs et s\u2019av\u00e8re compatible avec tous les profil\u00e9s 70 mm VEKA et toutes les g\u00e2ches du march\u00e9. Son \u00e9tanch\u00e9it\u00e9 parfaite \u00e0 l\u2019eau comme \u00e0 l\u2019air est assur\u00e9e sans ajout de silicone gr\u00e2ce aux 12 types d\u2019embouts disponibles, chacun \u00e9quip\u00e9 de plaques d\u2019\u00e9tanch\u00e9it\u00e9 coll\u00e9es et compress\u00e9es par vissage lors de l\u2019assemblage du seuil.&nbsp;<\/p>\n\n\n\n<p class=\"has-text-align-justify\">Solution universelle, le seuil VEKA 3.0 convient ainsi \u00e0 tous les types d\u2019isolation (ind\u00e9pendamment de l\u2019\u00e9paisseur de l\u2019isolant), tous les types de pose (quel que soit le dormant utilis\u00e9) et tous les types de travaux (neuf, r\u00e9novation, r\u00e9habilitation).&nbsp;<\/p>\n\n\n\n<p class=\"has-text-align-justify\">VEKA d\u00e9voile \u00e9galement sur Artibat 2025 la possibilit\u00e9 d\u2019\u00e9quiper sa Gamme 70 mm d\u2019un <strong>vitrage ORA\u00c9<\/strong><strong>\u00ae <\/strong><strong>(int\u00e9grant 64 % de mati\u00e8res recycl\u00e9es)<\/strong>, en versions standard ou s\u00e9curit\u00e9 : plus \u00e9conome en CO2 et moins lourd \u00e0 manutentionner.&nbsp;<\/p>\n\n\n\n<p class=\"has-text-align-justify\">En outre, VEKA offre la <strong>possibilit\u00e9 sur sa Gamme 70 mm d\u2019opter pour des vitrages sous-vide avec contr\u00f4le solaire <\/strong>afin de satisfaire les exigences les plus \u00e9lev\u00e9es du march\u00e9. Une option qui garantit des r\u00e9ponses tr\u00e8s performantes thermiquement en hiver, doubl\u00e9es d\u2019un contr\u00f4le solaire optimal en \u00e9t\u00e9, pour \u00e9viter les surchauffes des habitations en p\u00e9riode estivale.&nbsp;<\/p>\n\n\n\n<p class=\"has-text-align-justify\">Ces \u00e9volutions permettent ainsi de r\u00e9pondre \u00e0 toutes les exigences actuelles de la <strong>RE 2020 et de ces \u00e9volutions 2025 et 2028<\/strong>, tant sur le plan de la <strong>performance technique <\/strong>(thermique, acoustique, s\u00e9curitaire, \u00e9tanch\u00e9it\u00e9 \u00e0 l\u2019air et \u00e0 l\u2019eau) <strong>qu\u2019environnementale. Tout ceci simplement sur la base de sa Gamme 70 mm, sans cr\u00e9er de nouvelles contraintes et sans avoir recours \u00e0 de nouveaux types de ch\u00e2ssis : une fiabilit\u00e9, des performances et une \u00e9co-conception \u00e9prouv\u00e9es au service des chantiers de demain.<\/strong><\/p>\n\n\n\n<p class=\"has-text-align-justify has-small-font-size\"><em>* Exemple des performances de la menuiserie design KIETISLINE 78 expos\u00e9e sur le stand VEKA \/ ARTIBAT : UW : 0,80 blanc \/ 0,88 couleur W\/(m2.K) \u2013 SW : 0,32 &#8211; 35 dB (RA,tr) \u2013 A*4E*9AV*A3.&nbsp;<\/em><\/p>\n<\/div><\/div>\n\n\n\n<p class=\"has-text-color has-medium-font-size\" style=\"color:#0872af\"><strong>VEKA : une palette couleurs totalement repens\u00e9e&nbsp;<\/strong><\/p>\n\n\n\n<p class=\"has-text-align-justify\">VEKA confirme le d\u00e9ploiement de sa <strong>nouvelle offre couleurs, baptis\u00e9e DECOR IN COLOR. <\/strong>Ce nuancier se structure autour de 7 familles : bois naturel (15 teintes), bois peint (20), finition sabl\u00e9e (8), finition lisse (7) finition ultramat (8), finition m\u00e9tallis\u00e9e (8) ou bien encore teint\u00e9 masse (3). La palette compte donc <strong>d\u00e9sormais 69 couleurs, dont deux finitions exclusives <\/strong>(VEKA SPECTRAL et VEKA FINE STRUCTURE).&nbsp;<\/p>\n\n\n\n<p class=\"has-text-align-justify\">Avec cette offre couleurs enrichie, VEKA entend r\u00e9pondre aux tendances actuelles en mati\u00e8re de d\u00e9coration int\u00e9rieure et ext\u00e9rieure. Les prescripteurs disposent ainsi d\u2019une grande libert\u00e9 de cr\u00e9ation pour harmoniser les menuiseries avec d\u2019autres \u00e9l\u00e9ments de la construction (fa\u00e7ade, toiture, etc.) avec \u00e0 la cl\u00e9, la cr\u00e9ation de projets particuli\u00e8rement distinctifs. En outre, cette nouvelle offre conf\u00e8re aux fabricants VEKA toujours plus de flexibilit\u00e9 et de comp\u00e9titivit\u00e9 sur leurs march\u00e9s respectifs.&nbsp;<\/p>\n\n\n\n<figure class=\"wp-block-image size-full\"><img loading=\"lazy\" width=\"720\" height=\"395\" src=\"https:\/\/i1.wp.com\/batimedianews.com\/live\/wp-content\/uploads\/2025\/10\/image-123.png?resize=720%2C395\" alt=\"\" class=\"wp-image-47538\" srcset=\"https:\/\/i1.wp.com\/batimedianews.com\/live\/wp-content\/uploads\/2025\/10\/image-123.png?w=1340&amp;ssl=1 1340w, https:\/\/i1.wp.com\/batimedianews.com\/live\/wp-content\/uploads\/2025\/10\/image-123.png?resize=768%2C421&amp;ssl=1 768w, https:\/\/i1.wp.com\/batimedianews.com\/live\/wp-content\/uploads\/2025\/10\/image-123.png?resize=432%2C237&amp;ssl=1 432w, https:\/\/i1.wp.com\/batimedianews.com\/live\/wp-content\/uploads\/2025\/10\/image-123.png?resize=396%2C218&amp;ssl=1 396w, https:\/\/i1.wp.com\/batimedianews.com\/live\/wp-content\/uploads\/2025\/10\/image-123.png?resize=1120%2C615&amp;ssl=1 1120w, https:\/\/i1.wp.com\/batimedianews.com\/live\/wp-content\/uploads\/2025\/10\/image-123.png?resize=660%2C363&amp;ssl=1 660w\" sizes=\"(max-width: 600px) 91vw, (max-width: 900px) 600px, (max-width: 1060px) 50vw, (max-width: 1200px) 520px, (max-width: 1400px) 43vw, 600px\" data-recalc-dims=\"1\" \/><figcaption><em>Nuancier DECOR IN COLOR aux 69 coloris VEKA.&nbsp;<\/em><\/figcaption><\/figure>\n\n\n\n<p class=\"has-text-align-justify has-background has-small-font-size\" style=\"background-color:#d6e5ec\"><strong>\u00c0 propos de VEKA : <\/strong>Expert en extrusion de profil\u00e9s PVC et concepteur de syst\u00e8mes de menuiseries (fen\u00eatres, volets et portes), VEKA, dont le si\u00e8ge est bas\u00e9 en Allemagne, est un groupe ind\u00e9pendant et familial qui rayonne au niveau international. Avec 7 000 collaborateurs r\u00e9partis sur 23 sites de production et 3 sites de recyclage, l\u2019entreprise affiche un chiffre d\u2019affaires de 1,5 Md\u20ac en 2024 et cultive des valeurs de qualit\u00e9, de service et de d\u00e9veloppement durable. Acteur majeur sur le march\u00e9 fran\u00e7ais des menuiseries, VEKA France est implant\u00e9 en Haute-Savoie depuis 1988 et dispose d\u2019un nouveau centre logistique en Sa\u00f4ne-et-Loire depuis 2025.<\/p>\n","protected":false},"excerpt":{"rendered":"<p>\u00c0 l\u2019occasion du salon Artibat, VEKA confirme son positionnement de leader engag\u00e9 dans la conception de solutions performantes et durables pour la menuiserie. L\u2019extrudeur gammiste fran\u00e7ais y d\u00e9voile ses derni\u00e8res innovations, en phase avec les attentes des professionnels du b\u00e2timent et les enjeux de l\u2019\u00e9conomie circulaire.&nbsp; VEKASLIDE Hi-5 : l\u2019accessibilit\u00e9 change de dimension avec un [&hellip;]<\/p>\n","protected":false},"author":41,"featured_media":47539,"comment_status":"open","ping_status":"open","sticky":true,"template":"","format":"standard","meta":{"spay_email":""},"categories":[4,2670,16,531,77,690,718],"tags":[],"jetpack_featured_media_url":"https:\/\/i2.wp.com\/batimedianews.com\/live\/wp-content\/uploads\/2025\/10\/VEKA.jpg?fit=1513%2C825&ssl=1","jetpack_sharing_enabled":true,"jetpack_likes_enabled":true,"jetpack-related-posts":[{"id":12825,"url":"https:\/\/batimedianews.com\/live\/index.php\/2021\/10\/18\/veka-sur-artibat-a-la-rencontre-des-professionnels-de-la-menuiserie-avec-force-dinnovations\/","url_meta":{"origin":47532,"position":0},"title":"VEKA sur ARTIBAT : \u00e0 la rencontre des professionnels de la menuiserie avec force d\u2019innovations","date":"18 octobre 2021","format":false,"excerpt":"ARTIBAT - HALL 5 - Stand A 24 En 2021, VEKA signe sa deuxi\u00e8me participation cons\u00e9cutive au salon ARTIBAT. L\u2019expert de l\u2019extrusion de profil\u00e9s en PVC et seul gammiste \u00e0 y pr\u00e9senter l\u2019ensemble de son offre, va donc de nouveau \u00e0 la rencontre des professionnels de la menuiserie du Grand\u2026","rel":"","context":"Dans &quot;Actualit\u00e9 Entreprises&quot;","img":{"alt_text":"","src":"https:\/\/i2.wp.com\/batimedianews.com\/live\/wp-content\/uploads\/2021\/10\/Veka-Article.jpg?fit=512%2C512&ssl=1&resize=350%2C200","width":350,"height":200},"classes":[]},{"id":419,"url":"https:\/\/batimedianews.com\/live\/index.php\/2018\/10\/22\/veka-a-la-rencontre-des-professionnels-de-la-menuiserie-sur-artibat\/","url_meta":{"origin":47532,"position":1},"title":"VEKA \u00e0 la rencontre des professionnels de la menuiserie sur Artibat","date":"22 octobre 2018","format":false,"excerpt":"Anim\u00e9s par la volont\u00e9 de venir en r\u00e9gion \u00e0 la rencontre des professionnels de la menuiserie, VEKA et son r\u00e9seau\u00a0Fen\u00e9trier\u00ae VEKA exposent pour la premi\u00e8re fois sur le Salon Artibat, Hall 5 stand A20. Une occasion particuli\u00e8re\u00a0pour VEKA de d\u00e9voiler ses toutes derni\u00e8res nouveaut\u00e9s produits : la menuiserie Vision XXL,\u2026","rel":"","context":"Dans &quot;Artibat 2018&quot;","img":{"alt_text":"","src":"https:\/\/i0.wp.com\/batimedianews.com\/live\/wp-content\/uploads\/2018\/10\/veka.jpg?fit=524%2C371&ssl=1&resize=350%2C200","width":350,"height":200},"classes":[]},{"id":31453,"url":"https:\/\/batimedianews.com\/live\/index.php\/2023\/09\/19\/bilan-des-activites-et-actualites-veka-avec-emmanuel-demesmay-directeur-general\/","url_meta":{"origin":47532,"position":2},"title":"Bilan des activit\u00e9s et actualit\u00e9s VEKA avec Emmanuel Demesmay, Directeur G\u00e9n\u00e9ral","date":"19 septembre 2023","format":false,"excerpt":"\u00a0Apr\u00e8s 9 mois aux commandes de la direction g\u00e9n\u00e9rale de VEKA France, extrudeur gammiste et concepteur de menuiseries PVC, Emmanuel Demesmay dresse un bilan positif de l\u2019entreprise. Malgr\u00e9 le ralentissement du march\u00e9 actuellement ressenti dans le neuf, il reste confiant sur les opportunit\u00e9s qui s\u2019offrent \u00e0 la filiale fran\u00e7aise.\u00a0 Et\u2026","rel":"","context":"Dans &quot;Actualit\u00e9 Entreprises&quot;","img":{"alt_text":"","src":"https:\/\/i2.wp.com\/batimedianews.com\/live\/wp-content\/uploads\/2023\/09\/VEKA-articles.jpg?fit=825%2C825&ssl=1&resize=350%2C200","width":350,"height":200},"classes":[]},{"id":14406,"url":"https:\/\/batimedianews.com\/live\/index.php\/2021\/12\/10\/demonstration-live-artibat-2021-veka\/","url_meta":{"origin":47532,"position":3},"title":"DeMonstration Live ARTIBAT 2021: VEKA","date":"10 d\u00e9cembre 2021","format":false,"excerpt":"https:\/\/youtu.be\/cYmo0JOl_DE https:\/\/youtu.be\/A9kxSw_YjGk https:\/\/batimedianews.com\/live\/index.php\/2021\/10\/18\/veka-sur-artibat-a-la-rencontre-des-professionnels-de-la-menuiserie-avec-force-dinnovations\/ https:\/\/batimedianews.com\/live\/index.php\/2021\/10\/04\/veka-et-ferco-une-association-prometteuse-autour-de-linnovation-vekaslide-hi-5-deja-couronnee-sur-equipbaie-2021\/","rel":"","context":"Dans &quot;Artibat 2021&quot;","img":{"alt_text":"","src":"https:\/\/i2.wp.com\/batimedianews.com\/live\/wp-content\/uploads\/2021\/12\/veka_couv1.jpg?fit=985%2C556&ssl=1&resize=350%2C200","width":350,"height":200},"classes":[]},{"id":40627,"url":"https:\/\/batimedianews.com\/live\/index.php\/2024\/10\/15\/veka-au-coeur-des-tendances-entre-pluralite-dinnovations-produits-nouvelle-offre-couleurs-et-fenetre-bas-carbone\/","url_meta":{"origin":47532,"position":4},"title":"VEKA, au c\u0153ur des tendances : entre pluralit\u00e9 d\u2019innovations produits, nouvelle offre couleurs et fen\u00eatre bas-carbone","date":"15 octobre 2024","format":false,"excerpt":"L\u2019expert en extrusion de profil\u00e9s PVC et concepteur de menuiseries, VEKA, profite du Mondial du B\u00e2timent 2024 pour prouver son engagement concret en mati\u00e8re de solutions bas-carbone. Le salon est aussi l\u2019occasion d\u2019exposer plusieurs innovations produits, le tout dans une d\u00e9marche chromatique totalement repens\u00e9e, au coeur des tendances. Rendez-vous sur\u2026","rel":"","context":"Dans &quot;Actualit\u00e9 Entreprises&quot;","img":{"alt_text":"","src":"https:\/\/i2.wp.com\/batimedianews.com\/live\/wp-content\/uploads\/2024\/10\/Veka-articles-.jpg?fit=825%2C825&ssl=1&resize=350%2C200","width":350,"height":200},"classes":[]},{"id":38641,"url":"https:\/\/batimedianews.com\/live\/index.php\/2024\/07\/09\/veka-aluconnect-un-concept-de-menuiserie-aluminium-et-pvc-signe-veka-a-decouvrir-au-salon-equipbaie-metalexpo-by-batimat\/","url_meta":{"origin":47532,"position":5},"title":"VEKA AluConnect, un concept de menuiserie aluminium et PVC sign\u00e9 VEKA \u00e0 d\u00e9couvrir au Salon Equipbaie-MetalExpo by Batimat","date":"9 juillet 2024","format":false,"excerpt":"VEKA d\u00e9voilera pour la premi\u00e8re fois en France sur le salon Equipbaie du Mondial du B\u00e2timent 2024 (Hall 6 - stand E014), VEKA AluConnect, un concept in\u00e9dit de menuiserie alliant le meilleur de deux mat\u00e9riaux, l\u2019aluminium et le PVC. Un mariage heureux donc qui conjugue toute l\u2019\u00e9l\u00e9gance des fen\u00eatres aluminium\u2026","rel":"","context":"Dans &quot;Actualit\u00e9 Entreprises&quot;","img":{"alt_text":"","src":"https:\/\/i1.wp.com\/batimedianews.com\/live\/wp-content\/uploads\/2024\/07\/Veka-articles-.jpg?fit=825%2C825&ssl=1&resize=350%2C200","width":350,"height":200},"classes":[]}],"_links":{"self":[{"href":"https:\/\/batimedianews.com\/live\/index.php\/wp-json\/wp\/v2\/posts\/47532"}],"collection":[{"href":"https:\/\/batimedianews.com\/live\/index.php\/wp-json\/wp\/v2\/posts"}],"about":[{"href":"https:\/\/batimedianews.com\/live\/index.php\/wp-json\/wp\/v2\/types\/post"}],"author":[{"embeddable":true,"href":"https:\/\/batimedianews.com\/live\/index.php\/wp-json\/wp\/v2\/users\/41"}],"replies":[{"embeddable":true,"href":"https:\/\/batimedianews.com\/live\/index.php\/wp-json\/wp\/v2\/comments?post=47532"}],"version-history":[{"count":2,"href":"https:\/\/batimedianews.com\/live\/index.php\/wp-json\/wp\/v2\/posts\/47532\/revisions"}],"predecessor-version":[{"id":47566,"href":"https:\/\/batimedianews.com\/live\/index.php\/wp-json\/wp\/v2\/posts\/47532\/revisions\/47566"}],"wp:featuredmedia":[{"embeddable":true,"href":"https:\/\/batimedianews.com\/live\/index.php\/wp-json\/wp\/v2\/media\/47539"}],"wp:attachment":[{"href":"https:\/\/batimedianews.com\/live\/index.php\/wp-json\/wp\/v2\/media?parent=47532"}],"wp:term":[{"taxonomy":"category","embeddable":true,"href":"https:\/\/batimedianews.com\/live\/index.php\/wp-json\/wp\/v2\/categories?post=47532"},{"taxonomy":"post_tag","embeddable":true,"href":"https:\/\/batimedianews.com\/live\/index.php\/wp-json\/wp\/v2\/tags?post=47532"}],"curies":[{"name":"wp","href":"https:\/\/api.w.org\/{rel}","templated":true}]}}