{"id":47541,"date":"2025-10-24T10:13:06","date_gmt":"2025-10-24T08:13:06","guid":{"rendered":"http:\/\/batimedianews.com\/live\/?p=47541"},"modified":"2025-10-24T10:13:09","modified_gmt":"2025-10-24T08:13:09","slug":"rehau-window-solutions-nouveautes-2025","status":"publish","type":"post","link":"https:\/\/batimedianews.com\/live\/index.php\/2025\/10\/24\/rehau-window-solutions-nouveautes-2025\/","title":{"rendered":"REHAU Window Solutions &#8211; Nouveaut\u00e9s 2025"},"content":{"rendered":"\n<p class=\"has-text-align-justify\">\u00c0 l&rsquo;occasion du&nbsp;<strong>Salon Artibat \u00e9dition 2025,<\/strong>&nbsp;rendez-vous incontournable des professionnels du b\u00e2timent,&nbsp;<strong>REHAU Window Solutions<\/strong>&nbsp;d\u00e9voile ses derni\u00e8res innovations pens\u00e9es pour r\u00e9pondre aux enjeux d&rsquo;aujourd&rsquo;hui et de demain. Fid\u00e8le \u00e0 son ambition d&rsquo;offrir des solutions \u00e0 la fois performantes, durables et esth\u00e9tiques,&nbsp;<strong>REHAU<\/strong>&nbsp;met en lumi\u00e8re deux nouveaut\u00e9s,<strong>&nbsp;ARTHEMIS et KALEIDO Cover<\/strong>, con\u00e7us pour allier confort, efficacit\u00e9 \u00e9nerg\u00e9tique et design.<\/p>\n\n\n\n<p class=\"has-medium-font-size\"><strong>Le nouveau coffre&nbsp;de volet roulant ARTHEMIS<\/strong><\/p>\n\n\n\n<figure class=\"wp-block-image size-large\"><img loading=\"lazy\" width=\"720\" height=\"720\" src=\"https:\/\/i2.wp.com\/batimedianews.com\/live\/wp-content\/uploads\/2025\/10\/image-124.png?resize=720%2C720\" alt=\"\" class=\"wp-image-47544\" srcset=\"https:\/\/i2.wp.com\/batimedianews.com\/live\/wp-content\/uploads\/2025\/10\/image-124.png?resize=1024%2C1024&amp;ssl=1 1024w, https:\/\/i2.wp.com\/batimedianews.com\/live\/wp-content\/uploads\/2025\/10\/image-124.png?resize=600%2C600&amp;ssl=1 600w, https:\/\/i2.wp.com\/batimedianews.com\/live\/wp-content\/uploads\/2025\/10\/image-124.png?resize=300%2C300&amp;ssl=1 300w, https:\/\/i2.wp.com\/batimedianews.com\/live\/wp-content\/uploads\/2025\/10\/image-124.png?resize=1536%2C1536&amp;ssl=1 1536w, https:\/\/i2.wp.com\/batimedianews.com\/live\/wp-content\/uploads\/2025\/10\/image-124.png?resize=2048%2C2048&amp;ssl=1 2048w, https:\/\/i2.wp.com\/batimedianews.com\/live\/wp-content\/uploads\/2025\/10\/image-124.png?resize=10%2C10&amp;ssl=1 10w\" sizes=\"(max-width: 600px) 91vw, (max-width: 900px) 600px, (max-width: 1060px) 50vw, (max-width: 1200px) 520px, (max-width: 1400px) 43vw, 600px\" data-recalc-dims=\"1\" \/><\/figure>\n\n\n\n<p class=\"has-text-align-justify\">Disponible en trois tailles,&nbsp;<strong>ARTHEMIS<\/strong>&nbsp;s&rsquo;adapte \u00e0 toutes les menuiseries (PVC, alu, bois, mixte) et isolations de 100 \u00e0 200 mm.<\/p>\n\n\n\n<p class=\"has-text-align-justify\">Avec des performances thermiques et acoustiques de haut niveau,&nbsp;<strong>ARTHEMIS<\/strong>&nbsp;r\u00e9pond aux exigences de la RE2020 et supporte jusqu&rsquo;\u00e0 2 m\u00e8tres de largeur sans renfort, extensible \u00e0 4 m\u00e8tres avec accessoires compl\u00e9mentaires.<\/p>\n\n\n\n<p class=\"has-text-align-justify\">Gr\u00e2ce \u00e0 sa sous-face sans rainure visible, ses caches int\u00e9gr\u00e9s et ses lignes \u00e9pur\u00e9es,\u00a0<strong>ARTHEMIS<\/strong>\u00a0s&rsquo;int\u00e8gre discr\u00e8tement en tunnel, en fa\u00e7ade ou en applique, en neuf comme en r\u00e9novation, pour une finition int\u00e9rieure sobre et soign\u00e9e. Fabriqu\u00e9<strong> en France, \u00e9co-con\u00e7u avec au moins 40 % de PVC recycl\u00e9<\/strong>\u00a0labellis\u00e9\u00a0<strong>EcoPuls<\/strong>\u00a0et\u00a0<strong>100 % recyclable<\/strong>, ARTHEMIS r\u00e9duit les d\u00e9chets de pose, facilite la d\u00e9pose en fin de vie et s&rsquo;inscrit pleinement dans la d\u00e9marche d&rsquo;\u00e9conomie circulaire REHAU.<\/p>\n\n\n\n<figure class=\"wp-block-image size-full\"><img loading=\"lazy\" width=\"720\" height=\"720\" src=\"https:\/\/i1.wp.com\/batimedianews.com\/live\/wp-content\/uploads\/2025\/10\/Rehau_ARTHEMIS_02-scaled.jpg?resize=720%2C720\" alt=\"\" class=\"wp-image-47553\" srcset=\"https:\/\/i1.wp.com\/batimedianews.com\/live\/wp-content\/uploads\/2025\/10\/Rehau_ARTHEMIS_02-scaled.jpg?w=2560&amp;ssl=1 2560w, https:\/\/i1.wp.com\/batimedianews.com\/live\/wp-content\/uploads\/2025\/10\/Rehau_ARTHEMIS_02-scaled.jpg?resize=600%2C600&amp;ssl=1 600w, https:\/\/i1.wp.com\/batimedianews.com\/live\/wp-content\/uploads\/2025\/10\/Rehau_ARTHEMIS_02-scaled.jpg?resize=1024%2C1024&amp;ssl=1 1024w, https:\/\/i1.wp.com\/batimedianews.com\/live\/wp-content\/uploads\/2025\/10\/Rehau_ARTHEMIS_02-scaled.jpg?resize=300%2C300&amp;ssl=1 300w, https:\/\/i1.wp.com\/batimedianews.com\/live\/wp-content\/uploads\/2025\/10\/Rehau_ARTHEMIS_02-scaled.jpg?resize=1536%2C1536&amp;ssl=1 1536w, https:\/\/i1.wp.com\/batimedianews.com\/live\/wp-content\/uploads\/2025\/10\/Rehau_ARTHEMIS_02-scaled.jpg?resize=2048%2C2048&amp;ssl=1 2048w, https:\/\/i1.wp.com\/batimedianews.com\/live\/wp-content\/uploads\/2025\/10\/Rehau_ARTHEMIS_02-scaled.jpg?resize=10%2C10&amp;ssl=1 10w, https:\/\/i1.wp.com\/batimedianews.com\/live\/wp-content\/uploads\/2025\/10\/Rehau_ARTHEMIS_02-scaled.jpg?w=1440 1440w, https:\/\/i1.wp.com\/batimedianews.com\/live\/wp-content\/uploads\/2025\/10\/Rehau_ARTHEMIS_02-scaled.jpg?w=2160 2160w\" sizes=\"(max-width: 600px) 91vw, (max-width: 900px) 600px, (max-width: 1060px) 50vw, (max-width: 1200px) 520px, (max-width: 1400px) 43vw, 600px\" data-recalc-dims=\"1\" \/><\/figure>\n\n\n\n<p class=\"has-medium-font-size\"><strong>KALEIDO Cover, la fen\u00eatre hybride&nbsp;alliant aluminium et PVC<\/strong><\/p>\n\n\n\n<p class=\"has-text-align-justify\"><strong>KALEIDO Cover<\/strong>&nbsp;combine l&rsquo;\u00e9l\u00e9gance \u00e0 la performante pour offrir des fen\u00eatres design et durables.&nbsp;<strong>KALEIDO Cover<\/strong>&nbsp;habille les fen\u00eatres&nbsp;<strong>TITANIUM<\/strong>&nbsp;d&rsquo;un capotage aluminium qui \u00e9pouse parfaitement le design du profil\u00e9&nbsp;<strong>REHAU<\/strong>, assurant ainsi une fixation solide et offrant une finition haut de gamme.<\/p>\n\n\n\n<p class=\"has-text-align-justify\">Gr\u00e2ce \u00e0 son c\u0153ur en PVC,\u00a0<strong>KALEIDO Cover<\/strong>\u00a0assure un confort thermique et acoustique optimal, sans effet de paroi froide. L&rsquo;alliance du PVC c\u00f4t\u00e9 int\u00e9rieur et de l&rsquo;aluminium c\u00f4t\u00e9 ext\u00e9rieur combine efficacit\u00e9 \u00e9nerg\u00e9tique et \u00e9l\u00e9gance, pour des menuiseries performantes et faciles \u00e0 vivre. Disponible en plus de\u00a0<strong>170 teintes RAL<\/strong>\u00a0(laqu\u00e9, thermolaqu\u00e9, anodis\u00e9), il permet une personnalisation esth\u00e9tique sans compromis o\u00f9 chaque fen\u00eatre devient un \u00e9l\u00e9ment architectural unique.<\/p>\n\n\n\n<figure class=\"wp-block-image size-full\"><img loading=\"lazy\" width=\"720\" height=\"720\" src=\"https:\/\/i2.wp.com\/batimedianews.com\/live\/wp-content\/uploads\/2025\/10\/image-126.png?resize=720%2C720\" alt=\"\" class=\"wp-image-47546\" srcset=\"https:\/\/i2.wp.com\/batimedianews.com\/live\/wp-content\/uploads\/2025\/10\/image-126.png?w=5000&amp;ssl=1 5000w, https:\/\/i2.wp.com\/batimedianews.com\/live\/wp-content\/uploads\/2025\/10\/image-126.png?resize=600%2C600&amp;ssl=1 600w, https:\/\/i2.wp.com\/batimedianews.com\/live\/wp-content\/uploads\/2025\/10\/image-126.png?resize=1024%2C1024&amp;ssl=1 1024w, https:\/\/i2.wp.com\/batimedianews.com\/live\/wp-content\/uploads\/2025\/10\/image-126.png?resize=300%2C300&amp;ssl=1 300w, https:\/\/i2.wp.com\/batimedianews.com\/live\/wp-content\/uploads\/2025\/10\/image-126.png?resize=768%2C768&amp;ssl=1 768w, https:\/\/i2.wp.com\/batimedianews.com\/live\/wp-content\/uploads\/2025\/10\/image-126.png?resize=1536%2C1536&amp;ssl=1 1536w, https:\/\/i2.wp.com\/batimedianews.com\/live\/wp-content\/uploads\/2025\/10\/image-126.png?resize=2048%2C2048&amp;ssl=1 2048w, https:\/\/i2.wp.com\/batimedianews.com\/live\/wp-content\/uploads\/2025\/10\/image-126.png?resize=10%2C10&amp;ssl=1 10w, https:\/\/i2.wp.com\/batimedianews.com\/live\/wp-content\/uploads\/2025\/10\/image-126.png?resize=432%2C432&amp;ssl=1 432w, https:\/\/i2.wp.com\/batimedianews.com\/live\/wp-content\/uploads\/2025\/10\/image-126.png?resize=396%2C396&amp;ssl=1 396w, https:\/\/i2.wp.com\/batimedianews.com\/live\/wp-content\/uploads\/2025\/10\/image-126.png?resize=1120%2C1120&amp;ssl=1 1120w, https:\/\/i2.wp.com\/batimedianews.com\/live\/wp-content\/uploads\/2025\/10\/image-126.png?resize=660%2C660&amp;ssl=1 660w, https:\/\/i2.wp.com\/batimedianews.com\/live\/wp-content\/uploads\/2025\/10\/image-126.png?w=1440 1440w, https:\/\/i2.wp.com\/batimedianews.com\/live\/wp-content\/uploads\/2025\/10\/image-126.png?w=2160 2160w\" sizes=\"(max-width: 600px) 91vw, (max-width: 900px) 600px, (max-width: 1060px) 50vw, (max-width: 1200px) 520px, (max-width: 1400px) 43vw, 600px\" data-recalc-dims=\"1\" \/><\/figure>\n\n\n\n<p class=\"has-text-align-justify\">Compatible uniquement avec la gamme<strong>\u00a0TITANIUM, KALEIDO Cover<\/strong>\u00a0est id\u00e9ale en r\u00e9novation comme en construction neuve. Associ\u00e9 au vitrage sous vide<strong>\u00a0FINEO d&rsquo;AGC<\/strong>, la fen\u00eatre\u00a0<strong>TITANIUM<\/strong>\u00a0atteint une isolation thermique, parmi les meilleures performances du march\u00e9 pour les projets BBC. Une solution premium qui allie confort, esth\u00e9tique et robustesse. Disponible rapidement gr\u00e2ce \u00e0 un stock en France et standard en 3 teintes, cette solution b\u00e9n\u00e9ficie de la certification QB33 CSTB et propose des garanties colorim\u00e9triques de 10 \u00e0 20 ans, pour une qualit\u00e9 et une fiabilit\u00e9 \u00e9prouv\u00e9e.<\/p>\n\n\n\n<figure class=\"wp-block-image size-full\"><img loading=\"lazy\" width=\"720\" height=\"212\" src=\"https:\/\/i2.wp.com\/batimedianews.com\/live\/wp-content\/uploads\/2025\/10\/image-127.png?resize=720%2C212\" alt=\"\" class=\"wp-image-47547\" srcset=\"https:\/\/i2.wp.com\/batimedianews.com\/live\/wp-content\/uploads\/2025\/10\/image-127.png?w=782&amp;ssl=1 782w, https:\/\/i2.wp.com\/batimedianews.com\/live\/wp-content\/uploads\/2025\/10\/image-127.png?resize=768%2C225&amp;ssl=1 768w, https:\/\/i2.wp.com\/batimedianews.com\/live\/wp-content\/uploads\/2025\/10\/image-127.png?resize=432%2C127&amp;ssl=1 432w, https:\/\/i2.wp.com\/batimedianews.com\/live\/wp-content\/uploads\/2025\/10\/image-127.png?resize=396%2C116&amp;ssl=1 396w, https:\/\/i2.wp.com\/batimedianews.com\/live\/wp-content\/uploads\/2025\/10\/image-127.png?resize=660%2C194&amp;ssl=1 660w\" sizes=\"(max-width: 600px) 91vw, (max-width: 900px) 600px, (max-width: 1060px) 50vw, (max-width: 1200px) 520px, (max-width: 1400px) 43vw, 600px\" data-recalc-dims=\"1\" \/><\/figure>\n\n\n\n<p class=\"has-medium-font-size\"><strong>Focus sur le vitrage sous vide Fineo<\/strong><\/p>\n\n\n\n<p class=\"has-text-align-justify\">Le vitrage<strong>\u00a0FINEO d&rsquo;AGC Glass Europe<\/strong>, aussi fin qu&rsquo;un simple vitrage mais avec les performances d&rsquo;un triple (Ug 0,7 W\/m\u00b2.K), red\u00e9finit les standards d&rsquo;isolation. Ultra-mince (6 mm), l\u00e9ger et facile \u00e0 manipuler, il offre une isolation thermique et acoustique de tr\u00e8s haut niveau.<\/p>\n\n\n\n<figure class=\"wp-block-gallery columns-2 is-cropped\"><ul class=\"blocks-gallery-grid\"><li class=\"blocks-gallery-item\"><figure><img loading=\"lazy\" width=\"720\" height=\"720\" src=\"https:\/\/i1.wp.com\/batimedianews.com\/live\/wp-content\/uploads\/2025\/10\/REHAUPhoto1-1.jpg?resize=720%2C720\" alt=\"\" data-id=\"47548\" data-full-url=\"http:\/\/batimedianews.com\/live\/wp-content\/uploads\/2025\/10\/REHAUPhoto1-1.jpg\" data-link=\"http:\/\/batimedianews.com\/live\/?attachment_id=47548\" class=\"wp-image-47548\" srcset=\"https:\/\/i1.wp.com\/batimedianews.com\/live\/wp-content\/uploads\/2025\/10\/REHAUPhoto1-1.jpg?resize=1024%2C1024&amp;ssl=1 1024w, https:\/\/i1.wp.com\/batimedianews.com\/live\/wp-content\/uploads\/2025\/10\/REHAUPhoto1-1.jpg?resize=600%2C600&amp;ssl=1 600w, https:\/\/i1.wp.com\/batimedianews.com\/live\/wp-content\/uploads\/2025\/10\/REHAUPhoto1-1.jpg?resize=300%2C300&amp;ssl=1 300w, https:\/\/i1.wp.com\/batimedianews.com\/live\/wp-content\/uploads\/2025\/10\/REHAUPhoto1-1.jpg?resize=1536%2C1536&amp;ssl=1 1536w, https:\/\/i1.wp.com\/batimedianews.com\/live\/wp-content\/uploads\/2025\/10\/REHAUPhoto1-1.jpg?resize=2048%2C2048&amp;ssl=1 2048w, https:\/\/i1.wp.com\/batimedianews.com\/live\/wp-content\/uploads\/2025\/10\/REHAUPhoto1-1.jpg?resize=10%2C10&amp;ssl=1 10w\" sizes=\"(max-width: 600px) 91vw, (max-width: 900px) 600px, (max-width: 1060px) 50vw, (max-width: 1200px) 520px, (max-width: 1400px) 43vw, 600px\" data-recalc-dims=\"1\" \/><\/figure><\/li><li class=\"blocks-gallery-item\"><figure><img loading=\"lazy\" width=\"720\" height=\"720\" src=\"https:\/\/i0.wp.com\/batimedianews.com\/live\/wp-content\/uploads\/2025\/10\/REHAUPhoto2-1.jpg?resize=720%2C720\" alt=\"\" data-id=\"47549\" data-full-url=\"http:\/\/batimedianews.com\/live\/wp-content\/uploads\/2025\/10\/REHAUPhoto2-1.jpg\" data-link=\"http:\/\/batimedianews.com\/live\/?attachment_id=47549\" class=\"wp-image-47549\" srcset=\"https:\/\/i0.wp.com\/batimedianews.com\/live\/wp-content\/uploads\/2025\/10\/REHAUPhoto2-1.jpg?resize=1024%2C1024&amp;ssl=1 1024w, https:\/\/i0.wp.com\/batimedianews.com\/live\/wp-content\/uploads\/2025\/10\/REHAUPhoto2-1.jpg?resize=600%2C600&amp;ssl=1 600w, https:\/\/i0.wp.com\/batimedianews.com\/live\/wp-content\/uploads\/2025\/10\/REHAUPhoto2-1.jpg?resize=300%2C300&amp;ssl=1 300w, https:\/\/i0.wp.com\/batimedianews.com\/live\/wp-content\/uploads\/2025\/10\/REHAUPhoto2-1.jpg?resize=1536%2C1536&amp;ssl=1 1536w, https:\/\/i0.wp.com\/batimedianews.com\/live\/wp-content\/uploads\/2025\/10\/REHAUPhoto2-1.jpg?resize=2048%2C2048&amp;ssl=1 2048w, https:\/\/i0.wp.com\/batimedianews.com\/live\/wp-content\/uploads\/2025\/10\/REHAUPhoto2-1.jpg?resize=10%2C10&amp;ssl=1 10w\" sizes=\"(max-width: 600px) 91vw, (max-width: 900px) 600px, (max-width: 1060px) 50vw, (max-width: 1200px) 520px, (max-width: 1400px) 43vw, 600px\" data-recalc-dims=\"1\" \/><\/figure><\/li><\/ul><\/figure>\n\n\n\n<p class=\"has-text-align-justify\">Sans plomb, 100 % recyclable, garanti 20 ans et fabriqu\u00e9 en Europe,&nbsp;<strong>FINEO<\/strong>&nbsp;combine durabilit\u00e9, performance et confort.<\/p>\n\n\n\n<p class=\"has-text-align-justify\">Gr\u00e2ce \u00e0 sa technologie sous vide, il contribue aussi \u00e0 r\u00e9duire fortement l&#8217;empreinte carbone, en \u00e9vitant jusqu&rsquo;\u00e0 11 tonnes de CO\u2082&nbsp;pour chaque tonne \u00e9mise lors de sa production.<\/p>\n\n\n\n<p class=\"has-small-font-size\"><strong><em>\u00c0 propos de REHAU<\/em><\/strong><br><em>REHAU. Nos avanc\u00e9es technologiques. Votre confort au quotidien.<\/em><\/p>\n\n\n\n<p class=\"has-small-font-size\"><em>REHAU. Nos avanc\u00e9es technologiques. Votre confort au quotidien. La division Window Solutions de REHAU Industries r\u00e9invente les fen\u00eatres, les portes et les volets chaque jour. Pour une vie meilleure. Leur approche unique de recyclage lab\u00e9lis\u00e9e EcoPuls repr\u00e9sente un concept de durabilit\u00e9 in\u00e9gal\u00e9 dans l&rsquo;industrie. En tant que pionnier et moteur de solutions industrielles orient\u00e9es vers l&rsquo;avenir, REHAU Window Solutions cr\u00e9\u00e9 des fen\u00eatres, portes et volets en int\u00e9grant l&rsquo;ensemble de la cha\u00eene de valeur : Les fen\u00eatres. R\u00e9invent\u00e9es pour la vie moderne. Le groupe REHAU r\u00e9alise un chiffre d&rsquo;affaires annuel de plus de quatre milliards d&rsquo;euros avec des solutions \u00e0 base de polym\u00e8res. Il regroupe sous le m\u00eame toit plusieurs soci\u00e9t\u00e9s, REHAU Industries, Meraxis, New Ventures, RAUMEDIC et REHAU Automotive. REHAU Industries est une entreprise ind\u00e9pendante et regroupe les divisions Building Solutions, Window Solutions, Furniture Solutions et Industrial Solutions. Plus de 12 000 employ\u00e9s r\u00e9partis sur plus de 150 sites dans le monde dont deux en France travaillent ensemble pour am\u00e9liorer continuellement la vie des usagers gr\u00e2ce \u00e0 l&rsquo;utilisation de technologies innovantes et durables pour les secteurs de la construction, des fen\u00eatres, du mobilier et de l&rsquo;industrie.<\/em><em>Nous restons disponibles pour toutes informations compl\u00e9mentaires, demandes d&rsquo;interview REHAU Window Solutions.<\/em><\/p>\n","protected":false},"excerpt":{"rendered":"<p>\u00c0 l&rsquo;occasion du&nbsp;Salon Artibat \u00e9dition 2025,&nbsp;rendez-vous incontournable des professionnels du b\u00e2timent,&nbsp;REHAU Window Solutions&nbsp;d\u00e9voile ses derni\u00e8res innovations pens\u00e9es pour r\u00e9pondre aux enjeux d&rsquo;aujourd&rsquo;hui et de demain. Fid\u00e8le \u00e0 son ambition d&rsquo;offrir des solutions \u00e0 la fois performantes, durables et esth\u00e9tiques,&nbsp;REHAU&nbsp;met en lumi\u00e8re deux nouveaut\u00e9s,&nbsp;ARTHEMIS et KALEIDO Cover, con\u00e7us pour allier confort, efficacit\u00e9 \u00e9nerg\u00e9tique et design. Le [&hellip;]<\/p>\n","protected":false},"author":41,"featured_media":47550,"comment_status":"open","ping_status":"open","sticky":true,"template":"","format":"standard","meta":{"spay_email":""},"categories":[4,690,718],"tags":[],"jetpack_featured_media_url":"https:\/\/i2.wp.com\/batimedianews.com\/live\/wp-content\/uploads\/2025\/10\/REHAU.jpg?fit=1513%2C825&ssl=1","jetpack_sharing_enabled":true,"jetpack_likes_enabled":true,"jetpack-related-posts":[{"id":47014,"url":"https:\/\/batimedianews.com\/live\/index.php\/2025\/09\/30\/rehau-devoile-arthemis-le-coffre-de-volet-roulant-interieur-qui-revolutionne-la-pose-et-la-performance\/","url_meta":{"origin":47541,"position":0},"title":"REHAU d\u00e9voile ARTHEMIS : le coffre de volet roulant int\u00e9rieur qui r\u00e9volutionne la pose et la performance","date":"30 septembre 2025","format":false,"excerpt":"Une innovation \u00e9co-con\u00e7ue, pens\u00e9e pour simplifier la vie des fabricants et des installateurs En avant-premi\u00e8re de salon ARTIBAT qui se tiendra du 22 au 24 octobre 2025 \u00e0 Rennes, REHAU Window Solutions l\u00e8ve le voile sur ARTHEMIS, son nouveau coffre de volet roulant int\u00e9rieur. Un rupture technologique, industrielle et esth\u00e9tique,\u2026","rel":"","context":"Dans &quot;Actualit\u00e9 Entreprises&quot;","img":{"alt_text":"","src":"https:\/\/i2.wp.com\/batimedianews.com\/live\/wp-content\/uploads\/2025\/09\/REHAU.jpg?fit=825%2C825&ssl=1&resize=350%2C200","width":350,"height":200},"classes":[]},{"id":42185,"url":"https:\/\/batimedianews.com\/live\/index.php\/2025\/01\/17\/rehau-window-solutions-france-une-rentree-2025-sous-le-signe-de-linnovation-et-de-la-durabilite\/","url_meta":{"origin":47541,"position":1},"title":"REHAU WINDOW SOLUTIONS FRANCE : Une rentr\u00e9e 2025 sous le signe de l&rsquo;innovation et de la durabilit\u00e9","date":"17 janvier 2025","format":false,"excerpt":"REHAU Window Solutions, leader fran\u00e7ais dans la conception de profil\u00e9s pour fen\u00eatres en PVC recycl\u00e9 et\u00a0RAUFIPRO\u00ae, ouvre l'ann\u00e9e 2025 avec ambition et innovation afin d'apporter des solutions toujours plus repr\u00e9sentatives des engagements de la marque. \u00ab Nous entamons cette nouvelle ann\u00e9e avec enthousiasme et d\u00e9termination, port\u00e9s par notre d\u00e9marche IMPACT.\u2026","rel":"","context":"Dans &quot;Actualit\u00e9 Entreprises&quot;","img":{"alt_text":"","src":"https:\/\/i1.wp.com\/batimedianews.com\/live\/wp-content\/uploads\/2025\/01\/Rehau-articles-.jpg?fit=825%2C825&ssl=1&resize=350%2C200","width":350,"height":200},"classes":[]},{"id":36158,"url":"https:\/\/batimedianews.com\/live\/index.php\/2024\/03\/13\/double-nomination-a-lufme-maxime-boileau-et-jacky-le-calvez-aux-manettes-de-la-commission-communication\/","url_meta":{"origin":47541,"position":2},"title":"Double nomination \u00e0 l\u2019UFME : Maxime Boileau et Jacky Le Calvez aux manettes de la Commission Communication","date":"13 mars 2024","format":false,"excerpt":"\u00a0L\u2019Union des Fabricants de MEnuiseries (UFME) vient de nommer deux de ses adh\u00e9rents \u00e0 la t\u00eate de la Commission Communication. Maxime Boileau et Jacky Le Calvez co-pr\u00e9sideront cette instance dans la lign\u00e9e de leur pr\u00e9d\u00e9cesseur Patrick Sage. In\u00e9dit dans l\u2019histoire de l\u2019UFME, ce double pilotage permet de croiser les visions\u2026","rel":"","context":"Dans &quot;Actualit\u00e9 Entreprises&quot;","img":{"alt_text":"","src":"https:\/\/i1.wp.com\/batimedianews.com\/live\/wp-content\/uploads\/2024\/03\/ufme.jpg?fit=825%2C825&ssl=1&resize=350%2C200","width":350,"height":200},"classes":[]},{"id":11020,"url":"https:\/\/batimedianews.com\/live\/index.php\/2021\/07\/13\/nomination-florent-kieffer-reelu-a-la-presidence-de-cochebat-avec-un-nouveau-bureau\/","url_meta":{"origin":47541,"position":3},"title":"NOMINATION : FLORENT KIEFFER, R\u00c9\u00c9LU A LA PR\u00c9SIDENCE DE COCHEBAT AVEC UN NOUVEAU BUREAU","date":"13 juillet 2021","format":false,"excerpt":"Cochebat, le syndicat national des fabricants de composants et de syst\u00e8mes int\u00e9gr\u00e9s de chauffage, rafra\u00eechissement et sanitaire, vient d\u2019\u00e9lire ses nouveaux repr\u00e9sentants pour une dur\u00e9e de 2 ans.\u00a0 Florent Kieffer est r\u00e9\u00e9lu \u00e0 la pr\u00e9sidence de Cochebat : \u00ab Nous souhaitons tout mettre en oeuvre pour d\u00e9mocratiser nos solutions de\u2026","rel":"","context":"Dans &quot;Actualit\u00e9 Entreprises&quot;","img":{"alt_text":"","src":"https:\/\/i1.wp.com\/batimedianews.com\/live\/wp-content\/uploads\/2021\/07\/Cochebat-Article.jpg?fit=512%2C512&ssl=1&resize=350%2C200","width":350,"height":200},"classes":[]},{"id":23234,"url":"https:\/\/batimedianews.com\/live\/index.php\/2022\/09\/19\/lufme-presente-sa-synthese-marche-fenetre-2021-basee-sur-letude-detaillee-du-marche-de-la-fenetre-en-france-de-pp\/","url_meta":{"origin":47541,"position":4},"title":"L\u2019UFME pr\u00e9sente sa synth\u00e8se \u00ab March\u00e9 fen\u00eatre 2021 \u00bb bas\u00e9e sur l\u2019\u00e9tude d\u00e9taill\u00e9e du march\u00e9 de la fen\u00eatre en France de P&#038;P","date":"19 septembre 2022","format":false,"excerpt":"\u00a0La fen\u00eatre PVC fabriqu\u00e9e en France\u00a0 reste la fen\u00eatre pl\u00e9biscit\u00e9e par les m\u00e9nages fran\u00e7ais Fid\u00e8le \u00e0 ses engagements de proximit\u00e9 et d\u2019accompagnement aupr\u00e8s de ses adh\u00e9rents, l\u2019Union des Fabricants de MEnuiseries (UFME) leur a pr\u00e9sent\u00e9 la derni\u00e8re \u00e9tude du \u00ab March\u00e9 fran\u00e7ais de la fen\u00eatre 2021 \u00bb men\u00e9e par le\u2026","rel":"","context":"Dans &quot;fen\u00eatres&quot;","img":{"alt_text":"","src":"https:\/\/i0.wp.com\/batimedianews.com\/live\/wp-content\/uploads\/2022\/09\/UFME-Article.jpg?fit=1080%2C1080&ssl=1&resize=350%2C200","width":350,"height":200},"classes":[]},{"id":47055,"url":"https:\/\/batimedianews.com\/live\/index.php\/2025\/09\/30\/swao-vous-donne-rendez-vous-a-artibat-2025-authenticite-et-performance-au-coeur-des-nouveautes-hall-5-stand-b11\/","url_meta":{"origin":47541,"position":5},"title":"SWAO vous donne rendez-vous \u00e0 ARTIBAT 2025 &#8211; Authenticit\u00e9 et performance au c\u0153ur des nouveaut\u00e9s. Hall 5 &#8211; Stand B11","date":"30 septembre 2025","format":false,"excerpt":"\u00c0 l\u2019occasion de l\u2019\u00e9dition 2025 du salon ARTIBAT \u00e0 Rennes, SWAO pr\u00e9sente une s\u00e9lection de menuiseries, con\u00e7ues pour r\u00e9pondre aux enjeux de la r\u00e9novation. La marque met ainsi \u00e0 l\u2019honneur son savoir-faire bois, ses innovations techniques et son exigence esth\u00e9tique. Fen\u00eatres, portes d\u2019entr\u00e9e et services \u00e0 destination des professionnels :\u2026","rel":"","context":"Dans &quot;Actualit\u00e9 Entreprises&quot;","img":{"alt_text":"","src":"https:\/\/i1.wp.com\/batimedianews.com\/live\/wp-content\/uploads\/2025\/09\/SWAO.jpg?fit=825%2C825&ssl=1&resize=350%2C200","width":350,"height":200},"classes":[]}],"_links":{"self":[{"href":"https:\/\/batimedianews.com\/live\/index.php\/wp-json\/wp\/v2\/posts\/47541"}],"collection":[{"href":"https:\/\/batimedianews.com\/live\/index.php\/wp-json\/wp\/v2\/posts"}],"about":[{"href":"https:\/\/batimedianews.com\/live\/index.php\/wp-json\/wp\/v2\/types\/post"}],"author":[{"embeddable":true,"href":"https:\/\/batimedianews.com\/live\/index.php\/wp-json\/wp\/v2\/users\/41"}],"replies":[{"embeddable":true,"href":"https:\/\/batimedianews.com\/live\/index.php\/wp-json\/wp\/v2\/comments?post=47541"}],"version-history":[{"count":4,"href":"https:\/\/batimedianews.com\/live\/index.php\/wp-json\/wp\/v2\/posts\/47541\/revisions"}],"predecessor-version":[{"id":47568,"href":"https:\/\/batimedianews.com\/live\/index.php\/wp-json\/wp\/v2\/posts\/47541\/revisions\/47568"}],"wp:featuredmedia":[{"embeddable":true,"href":"https:\/\/batimedianews.com\/live\/index.php\/wp-json\/wp\/v2\/media\/47550"}],"wp:attachment":[{"href":"https:\/\/batimedianews.com\/live\/index.php\/wp-json\/wp\/v2\/media?parent=47541"}],"wp:term":[{"taxonomy":"category","embeddable":true,"href":"https:\/\/batimedianews.com\/live\/index.php\/wp-json\/wp\/v2\/categories?post=47541"},{"taxonomy":"post_tag","embeddable":true,"href":"https:\/\/batimedianews.com\/live\/index.php\/wp-json\/wp\/v2\/tags?post=47541"}],"curies":[{"name":"wp","href":"https:\/\/api.w.org\/{rel}","templated":true}]}}