{"id":48286,"date":"2025-12-11T10:48:45","date_gmt":"2025-12-11T09:48:45","guid":{"rendered":"http:\/\/batimedianews.com\/live\/?p=48286"},"modified":"2025-12-11T10:48:48","modified_gmt":"2025-12-11T09:48:48","slug":"belle-mobilisation-pour-le-colloque-ambition-france-acier-construction-organise-par-le-scmf","status":"publish","type":"post","link":"https:\/\/batimedianews.com\/live\/index.php\/2025\/12\/11\/belle-mobilisation-pour-le-colloque-ambition-france-acier-construction-organise-par-le-scmf\/","title":{"rendered":"Belle mobilisation pour le Colloque Ambition France Acier Construction organis\u00e9 par le SCMF"},"content":{"rendered":"\n<figure class=\"wp-block-image size-full\"><img loading=\"lazy\" width=\"720\" height=\"471\" src=\"https:\/\/i2.wp.com\/batimedianews.com\/live\/wp-content\/uploads\/2025\/12\/scmfPhoto1.jpg?resize=720%2C471\" alt=\"\" class=\"wp-image-48287\" srcset=\"https:\/\/i2.wp.com\/batimedianews.com\/live\/wp-content\/uploads\/2025\/12\/scmfPhoto1.jpg?w=1512&amp;ssl=1 1512w, https:\/\/i2.wp.com\/batimedianews.com\/live\/wp-content\/uploads\/2025\/12\/scmfPhoto1.jpg?resize=768%2C502&amp;ssl=1 768w, https:\/\/i2.wp.com\/batimedianews.com\/live\/wp-content\/uploads\/2025\/12\/scmfPhoto1.jpg?resize=432%2C283&amp;ssl=1 432w, https:\/\/i2.wp.com\/batimedianews.com\/live\/wp-content\/uploads\/2025\/12\/scmfPhoto1.jpg?resize=396%2C259&amp;ssl=1 396w, https:\/\/i2.wp.com\/batimedianews.com\/live\/wp-content\/uploads\/2025\/12\/scmfPhoto1.jpg?resize=1120%2C733&amp;ssl=1 1120w, https:\/\/i2.wp.com\/batimedianews.com\/live\/wp-content\/uploads\/2025\/12\/scmfPhoto1.jpg?resize=660%2C432&amp;ssl=1 660w, https:\/\/i2.wp.com\/batimedianews.com\/live\/wp-content\/uploads\/2025\/12\/scmfPhoto1.jpg?w=1440 1440w\" sizes=\"(max-width: 600px) 91vw, (max-width: 900px) 600px, (max-width: 1060px) 50vw, (max-width: 1200px) 520px, (max-width: 1400px) 43vw, 600px\" data-recalc-dims=\"1\" \/><figcaption>Herv\u00e9 Gastaud, D\u00e9l\u00e9gu\u00e9 g\u00e9n\u00e9ral du SCMF, Alexandra Emery, pr\u00e9sidente PROPLINK et animatrice du colloque, S\u00e9bastien Martin Ministre d\u00e9l\u00e9gu\u00e9 en charge de l\u2019Industrie, Clarisse Maillet, Pr\u00e9sidente Section Industrie de la CPME et Pr\u00e9sidente CPME 71, Emmanuel de Laage, Pr\u00e9sident du SCMF.&nbsp;<\/figcaption><\/figure>\n\n\n\n<p class=\"has-text-align-justify\"><strong>Le SCMF (Syndicat de la Construction M\u00e9tallique de France) confirme la mobilisation de l\u2019ensemble de la fili\u00e8re en signant une belle affluence lors de son colloque annuel organis\u00e9 le 25 novembre, au si\u00e8ge de la FFB (F\u00e9d\u00e9ration Fran\u00e7aise du B\u00e2timent). Une matin\u00e9e d\u2019\u00e9changes qui incarne pleinement l\u2019ambition du SCMF : faire de l\u2019acier un levier strat\u00e9gique pour la souverainet\u00e9 industrielle nationale, la comp\u00e9titivit\u00e9 et la transition de secteur de la construction.&nbsp;<\/strong><\/p>\n\n\n\n<p class=\"has-medium-font-size\">&nbsp;<strong>Un colloque pour de multiples ambitions&nbsp;<\/strong><\/p>\n\n\n\n<p class=\"has-text-align-justify\">Cet \u00e9v\u00e9nement f\u00e9d\u00e9rateur de tous les acteurs de la cha\u00eene de valeur de l\u2019acier (fabricants, constructeurs m\u00e9talliques, f\u00e9d\u00e9rations et organisations professionnelles, donneurs d\u2019ordre, architectes, \u2026) a notamment permis d\u2019interpeller les d\u00e9cideurs. Autre ambition de cette matin\u00e9e d\u2019\u00e9changes, la confirmation de la place primordiale de la construction m\u00e9tallique dans l\u2019avenir industriel de la France face aux grands bouleversements industriels, environnementaux et \u00e9conomiques actuels.&nbsp;<\/p>\n\n\n\n<p class=\"has-text-align-justify\">En introduction, Emmannuel de Laage, pr\u00e9sident du SCMF, a rappel\u00e9 que ce colloque est n\u00e9 d\u2019une conviction : \u00ab\u00a0<em>La construction m\u00e9tallique est un pilier strat\u00e9gique de notre souverainet\u00e9 industrielle et territoriale. Dans un monde fragment\u00e9, travers\u00e9 par des tensions g\u00e9opolitiques, une concurrence internationale f\u00e9roce et un imp\u00e9ratif de d\u00e9carbonation majeur, notre fili\u00e8re prend la parole pour assumer notre ambition : faire entendre une voix collective, claire, exigeante et responsable.<\/em>\u00a0\u00bb Et de poursuivre : \u00ab\u00a0<em>La construction m\u00e9tallique repr\u00e9sente des milliers d\u2019emplois, des savoir-faire uniques, une capacit\u00e9 d\u2019innovation et un ancrage territorial sans \u00e9quivalent. La construction m\u00e9tallique est omnipr\u00e9sente : des b\u00e2timents industriels et logistiques en passant par les \u00e9quipements publics, qu\u2019il s\u2019agisse de constructions neuves comme de reconstructions ou r\u00e9habilitations, elle incarne l\u2019innovation architecturale et r\u00e9pond aux objectifs de transition bas carbone.<\/em>\u00a0\u00bb&nbsp;<\/p>\n\n\n\n<div class=\"wp-block-media-text alignwide is-stacked-on-mobile\" style=\"grid-template-columns:24% auto\"><figure class=\"wp-block-media-text__media\"><img loading=\"lazy\" width=\"316\" height=\"288\" src=\"https:\/\/i1.wp.com\/batimedianews.com\/live\/wp-content\/uploads\/2025\/12\/image-6.png?resize=316%2C288\" alt=\"\" class=\"wp-image-48288 size-full\" srcset=\"https:\/\/i1.wp.com\/batimedianews.com\/live\/wp-content\/uploads\/2025\/12\/image-6.png?w=316&amp;ssl=1 316w, https:\/\/i1.wp.com\/batimedianews.com\/live\/wp-content\/uploads\/2025\/12\/image-6.png?resize=768%2C699&amp;ssl=1 768w, https:\/\/i1.wp.com\/batimedianews.com\/live\/wp-content\/uploads\/2025\/12\/image-6.png?resize=10%2C10&amp;ssl=1 10w\" sizes=\"(max-width: 600px) 91vw, (max-width: 900px) 600px, (max-width: 1060px) 50vw, (max-width: 1200px) 520px, (max-width: 1400px) 43vw, 600px\" data-recalc-dims=\"1\" \/><\/figure><div class=\"wp-block-media-text__content\">\n<p class=\"has-text-align-justify has-normal-font-size\">Emmanuel de Laage d\u2019interpeller \u00ab\u00a0<em>Pourtant, notre r\u00f4le est trop souvent invisible, trop souvent m\u00e9connu, trop souvent absent des politiques publiques. Ce matin, nous corrigeons cela. Le SCMF s\u2019engage aujourd\u2019hui avec force pour d\u00e9fendre un mod\u00e8le industriel structur\u00e9 et coh\u00e9rent, pour cr\u00e9er des passerelles entre amont et aval et, enfin, pour b\u00e2tir une coalition large, robuste et durable. En tant que Pr\u00e9sident du SCMF, je mesure le r\u00f4le essentiel que nous avons \u00e0 jouer pour structurer et unir la fili\u00e8re, porter des propositions r\u00e9alistes et coh\u00e9rentes aupr\u00e8s des pouvoirs publics, mais aussi valoriser nos savoir-faire, accompagner la mont\u00e9e en comp\u00e9tences, d\u00e9fendre un environnement \u00e9conomique protecteur mais comp\u00e9titif et enfin affirmer que la construction m\u00e9tallique est une solution d\u2019avenir : modulable, recyclable, bas carbone.<\/em>\u00a0\u00bb Et de Emmanuel de Laage de conclure : \u00ab\u00a0<em>Nous allons parler chiffres, formation, attractivit\u00e9, innovation, perfectionnement, mais aussi protection et Europe. En r\u00e9sum\u00e9, tout ce qui conditionne l\u2019avenir de l\u2019acier fran\u00e7ais\u2026 et donc l\u2019avenir de notre industrie.<\/em>\u00a0\u00bb&nbsp;<\/p>\n<\/div><\/div>\n\n\n\n<div class=\"wp-block-media-text alignwide has-media-on-the-right is-stacked-on-mobile\" style=\"grid-template-columns:auto 18%\"><figure class=\"wp-block-media-text__media\"><img loading=\"lazy\" width=\"238\" height=\"316\" src=\"https:\/\/i1.wp.com\/batimedianews.com\/live\/wp-content\/uploads\/2025\/12\/image-7.png?resize=238%2C316\" alt=\"\" class=\"wp-image-48289 size-full\" srcset=\"https:\/\/i1.wp.com\/batimedianews.com\/live\/wp-content\/uploads\/2025\/12\/image-7.png?w=238&amp;ssl=1 238w, https:\/\/i1.wp.com\/batimedianews.com\/live\/wp-content\/uploads\/2025\/12\/image-7.png?resize=768%2C1019&amp;ssl=1 768w\" sizes=\"(max-width: 600px) 91vw, (max-width: 900px) 600px, (max-width: 1060px) 50vw, (max-width: 1200px) 520px, (max-width: 1400px) 43vw, 600px\" data-recalc-dims=\"1\" \/><\/figure><div class=\"wp-block-media-text__content\">\n<p class=\"has-text-align-justify has-normal-font-size\">Herv\u00e9 Gastaud, le d\u00e9l\u00e9gu\u00e9 g\u00e9n\u00e9ral du SCMF, a ensuite \u00e9clair\u00e9 sur les trois objectifs de cette matin\u00e9e illustrant toute la dynamique du projet strat\u00e9gique du SCMF : France M\u00e9tallique. Si le premier se base sur le besoin du partage d\u2019un diagnostic au travers des chiffres de l\u2019acier en France, des donn\u00e9es de l\u2019industrie fran\u00e7aise de la construction m\u00e9tallique ainsi qu\u2019un \u00e9tat des lieux des comp\u00e9tences et formations, le deuxi\u00e8me se cristallise par la volont\u00e9 de mettre autour de la table l\u2019ensemble de la cha\u00eene de valeur avec une ambition, un langage et un agenda communs. Le troisi\u00e8me objectif est de faire \u00e9merger une ambition politique collective puisque \u00ab\u00a0<em>la question n\u2019est plus seulement technique, elle concerne la comp\u00e9titivit\u00e9, la souverainet\u00e9, la r\u00e9gulation internationale ainsi qu\u2019une vision industrielle de la France et de l\u2019Europe <\/em>\u00ab\u00a0.&nbsp;<\/p>\n<\/div><\/div>\n\n\n\n<p class=\"has-medium-font-size\"><strong>Des tables-rondes riches d\u2019enseignements&nbsp;<\/strong><\/p>\n\n\n\n<div class=\"wp-block-media-text alignwide has-media-on-the-right is-stacked-on-mobile\" style=\"grid-template-columns:auto 42%\"><figure class=\"wp-block-media-text__media\"><img loading=\"lazy\" width=\"720\" height=\"606\" src=\"https:\/\/i1.wp.com\/batimedianews.com\/live\/wp-content\/uploads\/2025\/12\/image-9.png?resize=720%2C606\" alt=\"\" class=\"wp-image-48291 size-full\" srcset=\"https:\/\/i1.wp.com\/batimedianews.com\/live\/wp-content\/uploads\/2025\/12\/image-9.png?w=798&amp;ssl=1 798w, https:\/\/i1.wp.com\/batimedianews.com\/live\/wp-content\/uploads\/2025\/12\/image-9.png?resize=768%2C646&amp;ssl=1 768w, https:\/\/i1.wp.com\/batimedianews.com\/live\/wp-content\/uploads\/2025\/12\/image-9.png?resize=432%2C364&amp;ssl=1 432w, https:\/\/i1.wp.com\/batimedianews.com\/live\/wp-content\/uploads\/2025\/12\/image-9.png?resize=396%2C333&amp;ssl=1 396w, https:\/\/i1.wp.com\/batimedianews.com\/live\/wp-content\/uploads\/2025\/12\/image-9.png?resize=660%2C556&amp;ssl=1 660w\" sizes=\"(max-width: 600px) 91vw, (max-width: 900px) 600px, (max-width: 1060px) 50vw, (max-width: 1200px) 520px, (max-width: 1400px) 43vw, 600px\" data-recalc-dims=\"1\" \/><\/figure><div class=\"wp-block-media-text__content\">\n<p class=\"has-text-align-justify has-normal-font-size\">Apr\u00e8s ces discours d\u2019ouverture, le colloque s\u2019est ensuite structur\u00e9 en deux grands temps forts articul\u00e9s autour de tables-rondes. La premi\u00e8re, ax\u00e9e fili\u00e8re\/donneurs d\u2019ordres, avait pour th\u00e9matique \u00ab\u00a0Unir nos forces : vers une ambition acier partag\u00e9e pour la souverainet\u00e9 industrielle et territoriale.\u00a0\u00bb Elle a mis en lumi\u00e8re des prises de parole instructives et engag\u00e9es entre Thierry Crosnier, DG de Baudin Chateauneuf, Bruno Jacquemin, Directeur G\u00e9n\u00e9ral A3M (repr\u00e9sentant aussi l\u2019UIMM), Christophe Bonhomme (Pr\u00e9sident de Bonhomme B\u00e2timent et repr\u00e9sentant de la FFB) et Fabien Gantois, Vice-Pr\u00e9sident du CNOA (Conseil National de l\u2019ordre des Architectes).&nbsp;<\/p>\n<\/div><\/div>\n\n\n\n<div class=\"wp-block-media-text alignwide has-media-on-the-right is-stacked-on-mobile\" style=\"grid-template-columns:auto 42%\"><figure class=\"wp-block-media-text__media\"><img loading=\"lazy\" width=\"720\" height=\"635\" src=\"https:\/\/i0.wp.com\/batimedianews.com\/live\/wp-content\/uploads\/2025\/12\/image-10.png?resize=720%2C635\" alt=\"\" class=\"wp-image-48292 size-full\" srcset=\"https:\/\/i0.wp.com\/batimedianews.com\/live\/wp-content\/uploads\/2025\/12\/image-10.png?w=798&amp;ssl=1 798w, https:\/\/i0.wp.com\/batimedianews.com\/live\/wp-content\/uploads\/2025\/12\/image-10.png?resize=768%2C677&amp;ssl=1 768w, https:\/\/i0.wp.com\/batimedianews.com\/live\/wp-content\/uploads\/2025\/12\/image-10.png?resize=10%2C10&amp;ssl=1 10w, https:\/\/i0.wp.com\/batimedianews.com\/live\/wp-content\/uploads\/2025\/12\/image-10.png?resize=432%2C381&amp;ssl=1 432w, https:\/\/i0.wp.com\/batimedianews.com\/live\/wp-content\/uploads\/2025\/12\/image-10.png?resize=396%2C349&amp;ssl=1 396w, https:\/\/i0.wp.com\/batimedianews.com\/live\/wp-content\/uploads\/2025\/12\/image-10.png?resize=660%2C582&amp;ssl=1 660w\" sizes=\"(max-width: 600px) 91vw, (max-width: 900px) 600px, (max-width: 1060px) 50vw, (max-width: 1200px) 520px, (max-width: 1400px) 43vw, 600px\" data-recalc-dims=\"1\" \/><\/figure><div class=\"wp-block-media-text__content\">\n<p class=\"has-text-align-justify has-normal-font-size\">La seconde table-ronde a mis en exergue les perspectives politiques en abordant la th\u00e9matique \u00ab\u00a0Construction m\u00e9tallique et Ambition Acier : enjeux et opportunit\u00e9s politiques au service d\u2019une souverainet\u00e9 industrielle renouvel\u00e9e\u00a0\u00bb. Une table-ronde constructive qui s\u2019est illustr\u00e9e par les t\u00e9moignages de Clarisse Maillet (Pr\u00e9sident CPME 71), Roger Briand (Vice-Pr\u00e9sident de Briand), Benjamin Frugier (Directeur G\u00e9n\u00e9ral de la F\u00e9d\u00e9ration des Industries M\u00e9caniques). Soulignons aussi un temps fort tr\u00e8s appr\u00e9ci\u00e9 de l\u2019auditoire avec le plaidoyer de Roger Briand, ancien Pr\u00e9sident du SCMF, en faveur de la souverainet\u00e9 fran\u00e7aise et europ\u00e9enne.&nbsp;<\/p>\n<\/div><\/div>\n\n\n\n<div class=\"wp-block-media-text alignwide has-media-on-the-right is-stacked-on-mobile\" style=\"grid-template-columns:auto 18%\"><figure class=\"wp-block-media-text__media\"><img loading=\"lazy\" width=\"330\" height=\"290\" src=\"https:\/\/i2.wp.com\/batimedianews.com\/live\/wp-content\/uploads\/2025\/12\/image-11.png?resize=330%2C290\" alt=\"\" class=\"wp-image-48293 size-full\" srcset=\"https:\/\/i2.wp.com\/batimedianews.com\/live\/wp-content\/uploads\/2025\/12\/image-11.png?w=330&amp;ssl=1 330w, https:\/\/i2.wp.com\/batimedianews.com\/live\/wp-content\/uploads\/2025\/12\/image-11.png?resize=768%2C674&amp;ssl=1 768w, https:\/\/i2.wp.com\/batimedianews.com\/live\/wp-content\/uploads\/2025\/12\/image-11.png?resize=10%2C10&amp;ssl=1 10w\" sizes=\"(max-width: 600px) 91vw, (max-width: 900px) 600px, (max-width: 1060px) 50vw, (max-width: 1200px) 520px, (max-width: 1400px) 43vw, 600px\" data-recalc-dims=\"1\" \/><\/figure><div class=\"wp-block-media-text__content\">\n<p class=\"has-text-align-justify has-normal-font-size\">Enfin, notons que S\u00e9bastien Martin, Ministre d\u00e9l\u00e9gu\u00e9 en charge de l\u2019Industrie s\u2019est charg\u00e9 de r\u00e9aliser la conclusion de ce colloque. Une prise de parole tr\u00e8s attendue confirmant la place essentielle de la fili\u00e8re construction m\u00e9tallique dans les priorit\u00e9s industrielles nationales.&nbsp;<\/p>\n<\/div><\/div>\n\n\n\n<p><\/p>\n","protected":false},"excerpt":{"rendered":"<p>Le SCMF (Syndicat de la Construction M\u00e9tallique de France) confirme la mobilisation de l\u2019ensemble de la fili\u00e8re en signant une belle affluence lors de son colloque annuel organis\u00e9 le 25 novembre, au si\u00e8ge de la FFB (F\u00e9d\u00e9ration Fran\u00e7aise du B\u00e2timent). Une matin\u00e9e d\u2019\u00e9changes qui incarne pleinement l\u2019ambition du SCMF : faire de l\u2019acier un levier [&hellip;]<\/p>\n","protected":false},"author":41,"featured_media":48295,"comment_status":"open","ping_status":"open","sticky":true,"template":"","format":"standard","meta":{"spay_email":""},"categories":[4,39],"tags":[993,2698],"jetpack_featured_media_url":"https:\/\/i2.wp.com\/batimedianews.com\/live\/wp-content\/uploads\/2025\/12\/SCMF.jpg?fit=1513%2C825&ssl=1","jetpack_sharing_enabled":true,"jetpack_likes_enabled":true,"jetpack-related-posts":[{"id":45700,"url":"https:\/\/batimedianews.com\/live\/index.php\/2025\/06\/30\/le-scmf-syndicat-de-la-construction-metallique-de-france-se-mobilise-pour-la-defense-de-lindustrie-francaise\/","url_meta":{"origin":48286,"position":0},"title":"Le SCMF (Syndicat de la Construction M\u00e9tallique de France) se mobilise pour la d\u00e9fense de l\u2019industrie fran\u00e7aise","date":"30 juin 2025","format":false,"excerpt":"\u00a0Le chef de l\u2019Etat, Emmanuel Macron, a r\u00e9affirm\u00e9 lors de son allocution t\u00e9l\u00e9vis\u00e9e du 13 mai dernier, son ambition d\u2019\u00e9tablir \u00ab une politique qui prot\u00e8ge notre acier \u00bb. Les industriels fran\u00e7ais de la construction m\u00e9tallique, f\u00e9d\u00e9r\u00e9s au sein du Syndicat de la Construction M\u00e9tallique de France (SCMF) saluent cet engagement\u2026","rel":"","context":"Dans &quot;Actualit\u00e9 Entreprises&quot;","img":{"alt_text":"","src":"https:\/\/i1.wp.com\/batimedianews.com\/live\/wp-content\/uploads\/2025\/06\/SCMF.jpg?fit=825%2C825&ssl=1&resize=350%2C200","width":350,"height":200},"classes":[]},{"id":49339,"url":"https:\/\/batimedianews.com\/live\/index.php\/2026\/02\/19\/le-syndicat-de-la-construction-metallique-de-france-scmf-dresse-son-point-de-conjoncture-annuel-et-organise-la-celebration-de-ses-140-ans\/","url_meta":{"origin":48286,"position":1},"title":"Le Syndicat de la Construction M\u00e9tallique de France (SCMF) dresse son point de conjoncture annuel et organise la c\u00e9l\u00e9bration de ses 140 ans","date":"19 f\u00e9vrier 2026","format":false,"excerpt":"B\u00e2timent prim\u00e9 Prix Versailles 2025, Le Colis\u00e9e \u00e0 Chartres, complexe culturel et sportif (ma\u00eetrise d\u2019ouvrage Chartres M\u00e9tropole, architecte Groupe-6 architectes).\u00a0 Gare de Villejuif Institut Gustave Roussy (ma\u00eetrise d\u2019ouvrage Soci\u00e9t\u00e9 du Grand Paris, Dominique Perrault Architecture).\u00a0 Ch\u00e2teau Lynch-Bages, constructeur SMB Constructions m\u00e9talliques - Chien Chung Pei - Pei Partnership Architects (New\u2026","rel":"","context":"Dans &quot;Actualit\u00e9 Entreprises&quot;","img":{"alt_text":"","src":"https:\/\/i1.wp.com\/batimedianews.com\/live\/wp-content\/uploads\/2026\/02\/1-SCMF-Michel-Denance-scaled.jpg?resize=350%2C200&ssl=1","width":350,"height":200},"classes":[]},{"id":42646,"url":"https:\/\/batimedianews.com\/live\/index.php\/2025\/02\/05\/le-cticm-le-scmf-et-la-maison-de-la-construction-metallique-se-mobilisent-pour-transformer-les-entreprises-de-la-filiere-face-au-defi-de-la-decarbonation\/","url_meta":{"origin":48286,"position":2},"title":"Le CTICM, le SCMF et la Maison de la Construction M\u00e9tallique, se mobilisent pour transformer les entreprises de la fili\u00e8re face au d\u00e9fi de la d\u00e9carbonation","date":"5 f\u00e9vrier 2025","format":false,"excerpt":"Le Centre Technique Industriel de la Construction M\u00e9tallique (CTICM), acteur cl\u00e9 dans la recherche et l'innovation pour la fili\u00e8re m\u00e9tallique, le Syndicat de la Construction M\u00e9tallique de France (SCMF) et la Maison de la Construction M\u00e9tallique (MCM), intensifient leurs efforts pour accompagner le secteur de la construction dans sa transition\u2026","rel":"","context":"Dans &quot;Actualit\u00e9 Entreprises&quot;","img":{"alt_text":"","src":"https:\/\/i1.wp.com\/batimedianews.com\/live\/wp-content\/uploads\/2025\/02\/CTICM-articles-.jpg?fit=825%2C825&ssl=1&resize=350%2C200","width":350,"height":200},"classes":[]},{"id":18126,"url":"https:\/\/batimedianews.com\/live\/index.php\/2022\/04\/04\/la-construction-metallique-en-france-une-activite-soutenue-et-des-besoins-en-recrutement-xxl\/","url_meta":{"origin":48286,"position":3},"title":"La construction m\u00e9tallique en France : une activit\u00e9 soutenue et des besoins en recrutement XXL","date":"4 avril 2022","format":false,"excerpt":"\u00a0Pour sa prise de parole de bilan annuel, Roger Briand, Pr\u00e9sident du SMFC, (Syndicat de la Construction M\u00e9tallique de France) confirme un dynamisme des activit\u00e9s sectorielles qui concluent l\u2019ann\u00e9e 2021 par une progression de + 8 %. Avec un chiffre d\u2019affaires de l\u2019ordre de 4 milliards d\u2019euros (780 000 tonnes\u2026","rel":"","context":"Dans &quot;Actualit\u00e9 Entreprises&quot;","img":{"alt_text":"","src":"https:\/\/i2.wp.com\/batimedianews.com\/live\/wp-content\/uploads\/2022\/03\/SCMF-Article.jpg?fit=512%2C512&ssl=1&resize=350%2C200","width":350,"height":200},"classes":[]},{"id":29784,"url":"https:\/\/batimedianews.com\/live\/index.php\/2023\/07\/06\/le-scmf-confirme-la-dynamique-de-la-construction-metallique\/","url_meta":{"origin":48286,"position":4},"title":"LE SCMF confirme la dynamique de la construction m\u00e9tallique","date":"6 juillet 2023","format":false,"excerpt":"Doc. BLOCK Architectes Nantes \/BRIAND\/SCMF Conjoncture et activit\u00e9 des constructeurs m\u00e9talliques L\u2019activit\u00e9 de la construction m\u00e9tallique de France confirme sa dynamique. Force est en effet de constater que l\u2019exercice 2022\/2023 pr\u00e9sente des points positifs notoires. Outre une activit\u00e9 en croissance, de plus de 6 %, avec la mise en oeuvre\u2026","rel":"","context":"Dans &quot;Actualit\u00e9 Entreprises&quot;","img":{"alt_text":"","src":"https:\/\/i1.wp.com\/batimedianews.com\/live\/wp-content\/uploads\/2023\/06\/ConstructionMetallique-Article.jpg?fit=1080%2C1080&ssl=1&resize=350%2C200","width":350,"height":200},"classes":[]},{"id":42962,"url":"https:\/\/batimedianews.com\/live\/index.php\/2025\/02\/14\/le-syndicat-de-la-construction-metallique-de-france-scmf-dresse-son-point-conjoncturel-annuel\/","url_meta":{"origin":48286,"position":5},"title":"Le Syndicat de la Construction M\u00e9tallique de France (SCMF) dresse son point conjoncturel annuel","date":"14 f\u00e9vrier 2025","format":false,"excerpt":"Point de conjoncture de la construction m\u00e9tallique de France Emmanuel de Laage, pr\u00e9sident du SCMF (Syndicat de la Construction M\u00e9tallique de France) \u00e9lu en d\u00e9cembre dernier, dresse un bilan positif de l\u2019activit\u00e9 de la fili\u00e8re pour 2024. En effet, la construction m\u00e9tallique tricolore affiche une sant\u00e9 de fer avec une\u2026","rel":"","context":"Dans &quot;Actualit\u00e9 Entreprises&quot;","img":{"alt_text":"","src":"https:\/\/i0.wp.com\/batimedianews.com\/live\/wp-content\/uploads\/2025\/02\/SCMF-articles-.jpg?fit=825%2C825&ssl=1&resize=350%2C200","width":350,"height":200},"classes":[]}],"_links":{"self":[{"href":"https:\/\/batimedianews.com\/live\/index.php\/wp-json\/wp\/v2\/posts\/48286"}],"collection":[{"href":"https:\/\/batimedianews.com\/live\/index.php\/wp-json\/wp\/v2\/posts"}],"about":[{"href":"https:\/\/batimedianews.com\/live\/index.php\/wp-json\/wp\/v2\/types\/post"}],"author":[{"embeddable":true,"href":"https:\/\/batimedianews.com\/live\/index.php\/wp-json\/wp\/v2\/users\/41"}],"replies":[{"embeddable":true,"href":"https:\/\/batimedianews.com\/live\/index.php\/wp-json\/wp\/v2\/comments?post=48286"}],"version-history":[{"count":2,"href":"https:\/\/batimedianews.com\/live\/index.php\/wp-json\/wp\/v2\/posts\/48286\/revisions"}],"predecessor-version":[{"id":48414,"href":"https:\/\/batimedianews.com\/live\/index.php\/wp-json\/wp\/v2\/posts\/48286\/revisions\/48414"}],"wp:featuredmedia":[{"embeddable":true,"href":"https:\/\/batimedianews.com\/live\/index.php\/wp-json\/wp\/v2\/media\/48295"}],"wp:attachment":[{"href":"https:\/\/batimedianews.com\/live\/index.php\/wp-json\/wp\/v2\/media?parent=48286"}],"wp:term":[{"taxonomy":"category","embeddable":true,"href":"https:\/\/batimedianews.com\/live\/index.php\/wp-json\/wp\/v2\/categories?post=48286"},{"taxonomy":"post_tag","embeddable":true,"href":"https:\/\/batimedianews.com\/live\/index.php\/wp-json\/wp\/v2\/tags?post=48286"}],"curies":[{"name":"wp","href":"https:\/\/api.w.org\/{rel}","templated":true}]}}