{"id":48296,"date":"2025-12-11T11:21:54","date_gmt":"2025-12-11T10:21:54","guid":{"rendered":"http:\/\/batimedianews.com\/live\/?p=48296"},"modified":"2025-12-11T11:21:57","modified_gmt":"2025-12-11T10:21:57","slug":"innovation-wavin-pvc-la-nouvelle-generation-de-tubes-et-raccords-eco-concus-qui-bouscule-les-codes-du-marche","status":"publish","type":"post","link":"https:\/\/batimedianews.com\/live\/index.php\/2025\/12\/11\/innovation-wavin-pvc-la-nouvelle-generation-de-tubes-et-raccords-eco-concus-qui-bouscule-les-codes-du-marche\/","title":{"rendered":"INNOVATION WAVIN PVC+ &#8211; La nouvelle g\u00e9n\u00e9ration de tubes et raccords \u00e9co-con\u00e7us qui bouscule les codes du march\u00e9"},"content":{"rendered":"\n<figure class=\"wp-block-image size-full\"><img loading=\"lazy\" width=\"720\" height=\"359\" src=\"https:\/\/i2.wp.com\/batimedianews.com\/live\/wp-content\/uploads\/2025\/12\/image-12.png?resize=720%2C359\" alt=\"\" class=\"wp-image-48297\" srcset=\"https:\/\/i2.wp.com\/batimedianews.com\/live\/wp-content\/uploads\/2025\/12\/image-12.png?w=1418&amp;ssl=1 1418w, https:\/\/i2.wp.com\/batimedianews.com\/live\/wp-content\/uploads\/2025\/12\/image-12.png?resize=768%2C383&amp;ssl=1 768w, https:\/\/i2.wp.com\/batimedianews.com\/live\/wp-content\/uploads\/2025\/12\/image-12.png?resize=432%2C216&amp;ssl=1 432w, https:\/\/i2.wp.com\/batimedianews.com\/live\/wp-content\/uploads\/2025\/12\/image-12.png?resize=396%2C198&amp;ssl=1 396w, https:\/\/i2.wp.com\/batimedianews.com\/live\/wp-content\/uploads\/2025\/12\/image-12.png?resize=1120%2C559&amp;ssl=1 1120w, https:\/\/i2.wp.com\/batimedianews.com\/live\/wp-content\/uploads\/2025\/12\/image-12.png?resize=660%2C330&amp;ssl=1 660w\" sizes=\"(max-width: 600px) 91vw, (max-width: 900px) 600px, (max-width: 1060px) 50vw, (max-width: 1200px) 520px, (max-width: 1400px) 43vw, 600px\" data-recalc-dims=\"1\" \/><\/figure>\n\n\n\n<p class=\"has-text-color has-medium-font-size\" style=\"color:#013e58\"><strong>Une nouvelle gamme d\u00e9velopp\u00e9e avec et pour les installateurs et soutenue par 20 millions d\u2019euros d\u2019investissement sur le site de production fran\u00e7ais<\/strong><\/p>\n\n\n\n<div class=\"wp-block-media-text alignwide has-media-on-the-right is-stacked-on-mobile\" style=\"grid-template-columns:auto 24%\"><figure class=\"wp-block-media-text__media\"><img loading=\"lazy\" width=\"400\" height=\"486\" src=\"https:\/\/i2.wp.com\/batimedianews.com\/live\/wp-content\/uploads\/2025\/12\/image-13.png?resize=400%2C486\" alt=\"\" class=\"wp-image-48298 size-full\" srcset=\"https:\/\/i2.wp.com\/batimedianews.com\/live\/wp-content\/uploads\/2025\/12\/image-13.png?w=400&amp;ssl=1 400w, https:\/\/i2.wp.com\/batimedianews.com\/live\/wp-content\/uploads\/2025\/12\/image-13.png?resize=768%2C933&amp;ssl=1 768w, https:\/\/i2.wp.com\/batimedianews.com\/live\/wp-content\/uploads\/2025\/12\/image-13.png?resize=396%2C481&amp;ssl=1 396w\" sizes=\"(max-width: 600px) 91vw, (max-width: 900px) 600px, (max-width: 1060px) 50vw, (max-width: 1200px) 520px, (max-width: 1400px) 43vw, 600px\" data-recalc-dims=\"1\" \/><\/figure><div class=\"wp-block-media-text__content\">\n<p class=\"has-text-align-justify\"><strong>Varennes-sur-Allier, 26 novembre 2025 <\/strong>&#8211; Le march\u00e9 de l\u2019\u00e9vacuation en PVC est l\u2019un des plus standardis\u00e9s du secteur du b\u00e2timent. Les gammes sont riches en r\u00e9f\u00e9rences, mais les \u00e9volutions sont limit\u00e9es depuis plusieurs d\u00e9cennies, frein\u00e9es par des r\u00e9glementations strictes, des habitudes bien ancr\u00e9es et des produits consid\u00e9r\u00e9s comme de simples commodit\u00e9s sur lesquels les autres acteurs n\u2019ont pas investi. <strong>Wavin, acteur mondial de la gestion de l\u2019eau et des r\u00e9seaux d\u2019\u00e9vacuation (213 employ\u00e9s et 100 millions d\u2019euros de chiffre d\u2019affaires en 2024), a choisi de bousculer les codes. Apr\u00e8s trois ann\u00e9es de recherche, de tests et d\u2019\u00e9changes avec plus de 1 500 installateurs, et un investissement industriel de pr\u00e8s de 20 millions d\u2019euros, Wavin lance PVC+, une nouvelle g\u00e9n\u00e9ration de tubes et raccords d\u2019\u00e9vacuation con\u00e7ue pour faciliter le travail quotidien des professionnels.<\/strong><\/p>\n<\/div><\/div>\n\n\n\n<p class=\"has-text-align-justify\">\u00c0 l\u2019\u00e9coute de leur exp\u00e9rience sur les chantiers, Wavin a int\u00e9gr\u00e9 l\u2019ensemble des contraintes rencontr\u00e9es afin de d\u00e9velopper une gamme compl\u00e8te, pens\u00e9e pour am\u00e9liorer l\u2019efficacit\u00e9 et le confort de pose.<\/p>\n\n\n\n<p><strong>Fabriqu\u00e9e sur le site de Varennes-sur-Allier (03), la nouvelle gamme PVC+ Wavin est garantie 100 % recyclable et int\u00e8gre un taux constant de mati\u00e8re recycl\u00e9e : 20 % dans chaque raccord (le maximum autoris\u00e9 par la norme) et 10 % dans chaque tube.<\/strong><\/p>\n\n\n\n<p class=\"has-text-align-justify\">Compatibles avec tous les syst\u00e8mes existants, les nouveaut\u00e9s PVC+ Wavin sont certifi\u00e9es NF-E et NF-Me, deux labels qui garantissent la conformit\u00e9 aux exigences de performance et de s\u00e9curit\u00e9 les plus strictes.<\/p>\n\n\n\n<p class=\"has-text-color has-medium-font-size\" style=\"color:#013e58\"><strong>L\u2019installateur plac\u00e9 au coeur de la d\u00e9marche d\u2019innovation<\/strong><\/p>\n\n\n\n<div class=\"wp-block-media-text alignwide has-media-on-the-right is-stacked-on-mobile\" style=\"grid-template-columns:auto 36%\"><figure class=\"wp-block-media-text__media\"><img loading=\"lazy\" width=\"564\" height=\"578\" src=\"https:\/\/i2.wp.com\/batimedianews.com\/live\/wp-content\/uploads\/2025\/12\/image-14.png?resize=564%2C578\" alt=\"\" class=\"wp-image-48299 size-full\" srcset=\"https:\/\/i2.wp.com\/batimedianews.com\/live\/wp-content\/uploads\/2025\/12\/image-14.png?w=564&amp;ssl=1 564w, https:\/\/i2.wp.com\/batimedianews.com\/live\/wp-content\/uploads\/2025\/12\/image-14.png?resize=768%2C787&amp;ssl=1 768w, https:\/\/i2.wp.com\/batimedianews.com\/live\/wp-content\/uploads\/2025\/12\/image-14.png?resize=10%2C10&amp;ssl=1 10w, https:\/\/i2.wp.com\/batimedianews.com\/live\/wp-content\/uploads\/2025\/12\/image-14.png?resize=432%2C443&amp;ssl=1 432w, https:\/\/i2.wp.com\/batimedianews.com\/live\/wp-content\/uploads\/2025\/12\/image-14.png?resize=396%2C406&amp;ssl=1 396w\" sizes=\"(max-width: 600px) 91vw, (max-width: 900px) 600px, (max-width: 1060px) 50vw, (max-width: 1200px) 520px, (max-width: 1400px) 43vw, 600px\" data-recalc-dims=\"1\" \/><\/figure><div class=\"wp-block-media-text__content\">\n<p class=\"has-text-align-justify\"><strong>D\u00e8s le d\u00e9but du projet, Wavin a choisi d\u2019\u00e9couter et d\u2019impliquer directement les utilisateurs dans la conception de la gamme PVC+. Plombiers et installateurs aux profils vari\u00e9s (artisans ind\u00e9pendants, TPE ou structures importantes) ont \u00e9t\u00e9 directement associ\u00e9s \u00e0 la r\u00e9flexion, aux prototypes, aux ajustements techniques et aux tests en conditions r\u00e9elles, afin de bien identifier leurs contraintes et leurs attentes sur le terrain.<\/strong><\/p>\n\n\n\n<p class=\"has-text-align-justify\">Ces \u00e9tudes qualitatives ont \u00e9t\u00e9 compl\u00e9t\u00e9es par deux grandes enqu\u00eates quantitatives men\u00e9es aupr\u00e8s de 1 500 installateurs, afin de valider les choix techniques, l\u2019int\u00e9r\u00eat des fonctionnalit\u00e9s propos\u00e9es et m\u00eame le niveau de prix acceptable.<\/p>\n<\/div><\/div>\n\n\n\n<div class=\"wp-block-media-text alignwide has-media-on-the-right is-stacked-on-mobile\" style=\"grid-template-columns:auto 36%\"><figure class=\"wp-block-media-text__media\"><img loading=\"lazy\" width=\"560\" height=\"804\" src=\"https:\/\/i0.wp.com\/batimedianews.com\/live\/wp-content\/uploads\/2025\/12\/image-15.png?resize=560%2C804\" alt=\"\" class=\"wp-image-48300 size-full\" srcset=\"https:\/\/i0.wp.com\/batimedianews.com\/live\/wp-content\/uploads\/2025\/12\/image-15.png?w=560&amp;ssl=1 560w, https:\/\/i0.wp.com\/batimedianews.com\/live\/wp-content\/uploads\/2025\/12\/image-15.png?resize=768%2C1102&amp;ssl=1 768w, https:\/\/i0.wp.com\/batimedianews.com\/live\/wp-content\/uploads\/2025\/12\/image-15.png?resize=432%2C620&amp;ssl=1 432w, https:\/\/i0.wp.com\/batimedianews.com\/live\/wp-content\/uploads\/2025\/12\/image-15.png?resize=396%2C569&amp;ssl=1 396w\" sizes=\"(max-width: 600px) 91vw, (max-width: 900px) 600px, (max-width: 1060px) 50vw, (max-width: 1200px) 520px, (max-width: 1400px) 43vw, 600px\" data-recalc-dims=\"1\" \/><\/figure><div class=\"wp-block-media-text__content\">\n<p class=\"has-text-align-justify\">Ces \u00e9changes et cette \u00e9coute du terrain ont permis de d\u00e9terminer les points d\u2019am\u00e9lioration pour le confort de pose et d\u2019optimiser le d\u00e9veloppement des produits. 3 axes majeurs ont \u00e9t\u00e9 d\u00e9termin\u00e9s :<\/p>\n\n\n\n<ul><li><strong>simplifier les assemblages et montages \u00e0 blanc,<\/strong><\/li><li><strong>r\u00e9duire les manipulations pour gagner du temps sur les chantiers,<\/strong><\/li><li><strong>limiter les erreurs de pose<\/strong>.<\/li><\/ul>\n\n\n\n<p class=\"has-text-align-justify\"><em>\u00ab On a vraiment voulu replacer les installateurs au coeur de notre d\u00e9marche d\u2019innovation. Ce sont eux qui manipulent nos produits chaque jour, qui connaissent leurs contraintes sur les chantiers donc il \u00e9tait indispensable de s\u2019appuyer sur leur exp\u00e9rience pour concevoir une solution vraiment adapt\u00e9e \u00e0 leurs besoins. Nous avons organis\u00e9 plusieurs focus groupes pour comprendre en profondeur leurs difficult\u00e9s, de la pr\u00e9paration du chantier jusqu\u2019\u00e0 la pose, puis nous avons compl\u00e9t\u00e9 cette approche par des \u00e9tudes quantitatives men\u00e9es aupr\u00e8s de plus de 1 500 plombiers. Leurs retours ont directement nourri le d\u00e9veloppement de PVC+, en s\u2019inspirant des innovations concr\u00e8tes comme les ergots de r\u00e9tention ou les surfaces agrippantes, qui facilitent le montage \u00e0 blanc. C\u2019est cette \u00e9coute continue du terrain qui nous a permis de concevoir un produit \u00e0 la fois plus ergonomique, plus pratique et v\u00e9ritablement pens\u00e9 pour les installateurs. \u00bb<\/em> Jean-Baptiste Guillot \u2013 Chef de Produits B\u00e2timent Wavin France.<\/p>\n<\/div><\/div>\n\n\n\n<p class=\"has-text-color has-medium-font-size\" style=\"color:#013e58\"><strong>Wavin PVC + :<\/strong><\/p>\n\n\n\n<p class=\"has-text-color has-medium-font-size\" style=\"color:#013e58\"><strong>L\u2019innovation utile au service des pros<\/strong><\/p>\n\n\n\n<p class=\"has-text-align-justify\">Uniques sur le march\u00e9, les innovations Wavin int\u00e9gr\u00e9es \u00e0 la gamme Wavin PVC+ apportent de v\u00e9ritables avanc\u00e9es. Chaque d\u00e9tail des tubes et raccords a \u00e9t\u00e9 pens\u00e9 pour r\u00e9duire la p\u00e9nibilit\u00e9, gagner du temps et fiabiliser la pose :<\/p>\n\n\n\n<div class=\"wp-block-media-text alignwide is-stacked-on-mobile\" style=\"grid-template-columns:19% auto\"><figure class=\"wp-block-media-text__media\"><img loading=\"lazy\" width=\"366\" height=\"1022\" src=\"https:\/\/i2.wp.com\/batimedianews.com\/live\/wp-content\/uploads\/2025\/12\/image-16.png?resize=366%2C1022\" alt=\"\" class=\"wp-image-48301 size-full\" srcset=\"https:\/\/i2.wp.com\/batimedianews.com\/live\/wp-content\/uploads\/2025\/12\/image-16.png?w=366&amp;ssl=1 366w, https:\/\/i2.wp.com\/batimedianews.com\/live\/wp-content\/uploads\/2025\/12\/image-16.png?resize=768%2C2144&amp;ssl=1 768w\" sizes=\"(max-width: 600px) 91vw, (max-width: 900px) 600px, (max-width: 1060px) 50vw, (max-width: 1200px) 520px, (max-width: 1400px) 43vw, 600px\" data-recalc-dims=\"1\" \/><\/figure><div class=\"wp-block-media-text__content\">\n<p><strong>1 Ergots de r\u00e9tention (exclusivit\u00e9 Wavin)<\/strong><\/p>\n\n\n\n<p class=\"has-text-align-justify\">Ces ergots maintiennent parfaitement les tubes et les raccords lors du montage \u00e0 blanc, y compris en position verticale. Cette exclusivit\u00e9 Wavin simplifie le quotidien des installateurs : elle permet de travailler seul ou en hauteur, sans risque de chute des pi\u00e8ces pendant l\u2019ajustement.<\/p>\n\n\n\n<p><strong>2 Surface agrippante (exclusivit\u00e9 Wavin)<\/strong><\/p>\n\n\n\n<p>La texture optimis\u00e9e des raccords Wavin PVC+ offre une meilleure prise en main.<\/p>\n\n\n\n<p class=\"has-text-align-justify\">M\u00eame avec des gants, les mains humides ou dans des environnements difficiles, les tubes et raccords ne glissent pas ce qui permet une manipulation plus s\u00fbre et plus rapide.<\/p>\n\n\n\n<p><strong>3 Ligne gradu\u00e9e sur les tubes (exclusivit\u00e9 Wavin)<\/strong><\/p>\n\n\n\n<p class=\"has-text-align-justify\">La ligne gradu\u00e9e int\u00e9gr\u00e9e directement sur le tube Wavin PVC+ simplifie la coupe et l\u2019alignement, sans mesure pr\u00e9alable. Cette exclusivit\u00e9 Wavin permet de gagner du temps lors de la pose, d\u2019\u00e9viter les calculs et de garantir un montage pr\u00e9cis.<\/p>\n\n\n\n<p><strong>4 Marquages angulaires<\/strong><\/p>\n\n\n\n<p class=\"has-text-align-justify\">Les marquages angulaires des raccords Wavin PVC+ assurent un alignement constant et pr\u00e9cis. Ils aident \u00e0 \u00e9viter les erreurs d\u2019orientation et garantissent un rendu final professionnel, parfaitement droit et uniforme.<\/p>\n\n\n\n<p><strong>5 L\u00e8vre large et biseaut\u00e9e<\/strong><\/p>\n\n\n\n<p class=\"has-text-align-justify\">La l\u00e8vre \u00e9largie et parfaitement biseaut\u00e9e facilite l\u2019embo\u00eetement des pi\u00e8ces sans effort. Elle am\u00e9liore aussi le d\u00e9sassemblage en cas d\u2019ajustement, r\u00e9duisant les manipulations contraignantes et la fatigue en intervention.<\/p>\n\n\n\n<p><strong>6 But\u00e9es d\u2019insertion<\/strong><\/p>\n\n\n\n<p class=\"has-text-align-justify\">Les but\u00e9es int\u00e9gr\u00e9es pr\u00e9viennent les erreurs de montage en indiquant clairement la bonne profondeur d\u2019embo\u00eetement et de surface \u00e0 encoller. Elles s\u00e9curisent ainsi la pose en supprimant les risques de fuites li\u00e9es \u00e0 un mauvais assemblage, pour des r\u00e9seaux plus fiables.<\/p>\n<\/div><\/div>\n\n\n\n<div class=\"wp-block-media-text alignwide is-stacked-on-mobile\" style=\"grid-template-columns:18% auto\"><figure class=\"wp-block-media-text__media\"><img loading=\"lazy\" width=\"366\" height=\"664\" src=\"https:\/\/i1.wp.com\/batimedianews.com\/live\/wp-content\/uploads\/2025\/12\/image-17.png?resize=366%2C664\" alt=\"\" class=\"wp-image-48302 size-full\" srcset=\"https:\/\/i1.wp.com\/batimedianews.com\/live\/wp-content\/uploads\/2025\/12\/image-17.png?w=366&amp;ssl=1 366w, https:\/\/i1.wp.com\/batimedianews.com\/live\/wp-content\/uploads\/2025\/12\/image-17.png?resize=768%2C1393&amp;ssl=1 768w\" sizes=\"(max-width: 600px) 91vw, (max-width: 900px) 600px, (max-width: 1060px) 50vw, (max-width: 1200px) 520px, (max-width: 1400px) 43vw, 600px\" data-recalc-dims=\"1\" \/><\/figure><div class=\"wp-block-media-text__content\">\n<p class=\"has-text-align-justify\">En plus de ces nouveaut\u00e9s techniques, la gamme Wavin PVC+ reprend les caract\u00e9ristiques qui ont d\u00e9j\u00e0 fait leurs preuves aupr\u00e8s des installateurs. Wavin y ajoute des am\u00e9liorations concr\u00e8tes et in\u00e9dites, pens\u00e9es pour faciliter la pose au quotidien.<\/p>\n\n\n\n<p class=\"has-text-align-justify\">Compatible avec toutes les solutions du march\u00e9, la nouvelle gamme Wavin PVC+ couvre l\u2019ensemble des besoins d\u2019\u00e9vacuation des eaux us\u00e9es et pluviales, du DN 32 au DN 160.<\/p>\n<\/div><\/div>\n\n\n\n<p class=\"has-text-color has-medium-font-size\" style=\"color:#013e58\"><strong>Une gamme d\u00e9j\u00e0 valid\u00e9e par les professionnels<\/strong><\/p>\n\n\n\n<p class=\"has-text-align-justify\">Pr\u00e9sent\u00e9e en avant-premi\u00e8re au salon annuel de la CAPEB \u00e0 Clermont-Ferrand, la gamme Wavin PVC+ a imm\u00e9diatement suscit\u00e9 l\u2019int\u00e9r\u00eat des professionnels pr\u00e9sents. Ce rendez-vous, r\u00e9put\u00e9 pour la proximit\u00e9 avec les artisans, a servi de v\u00e9ritable test grandeur nature. Les r\u00e9actions recueillies sur place ont confirm\u00e9 l\u2019attente forte d\u2019une \u00e9volution sur ce march\u00e9 historique :<\/p>\n\n\n\n<p class=\"has-text-align-center has-text-color\" style=\"color:#013e58\"><strong><em>\u201cJ\u2019ai qu\u2019une h\u00e2te : l\u2019avoir sur mes chantiers. \u00c7a va vraiment me simplifier la vie.\u201d<\/em><\/strong><\/p>\n\n\n\n<p class=\"has-text-align-center\">Julien M., plombier-chauffagiste \u2013 Lyon<\/p>\n\n\n\n<p class=\"has-text-align-center has-text-color\" style=\"color:#013e58\"><strong><em>\u201cTout est bien pens\u00e9, on sent qu\u2019on a \u00e9cout\u00e9 les pros.\u201d<\/em><\/strong><\/p>\n\n\n\n<p class=\"has-text-align-center\">Karim L., plombier installateur \u2013 Aubagne<\/p>\n\n\n\n<p class=\"has-text-align-center has-text-color\" style=\"color:#013e58\"><strong><em>\u201cJe suis fid\u00e8le \u00e0 ma marque\u2026 mais l\u00e0 j\u2019avoue que je suis curieux\u201d<\/em><\/strong><\/p>\n\n\n\n<p class=\"has-text-align-center\">St\u00e9phane D., artisan plombier \u2013 Lille<\/p>\n\n\n\n<p class=\"has-text-align-center has-text-color\" style=\"color:#013e58\"><strong><em>\u201c\u00c7a a \u00e9t\u00e9 con\u00e7u pour nous faire gagner du temps. C\u2019est clair.\u201d<\/em><\/strong><\/p>\n\n\n\n<p class=\"has-text-align-center\">Manuel C., dirigeant d\u2019une entreprise de plomberie \u2013 Libourne<\/p>\n\n\n\n<p class=\"has-text-align-justify\">Ces retours montrent bien que Wavin PVC+ apporte des solutions concr\u00e8tes et r\u00e9ellement utiles aux professionnels. Les innovations exclusives Wavin telles que les ergots de r\u00e9tention, la surface agrippante ou la ligne gradu\u00e9e sur les tubes r\u00e9pondent directement aux situations rencontr\u00e9es sur les chantiers.<\/p>\n\n\n\n<p class=\"has-text-align-justify\"><strong>Le succ\u00e8s de cette nouvelle gamme s\u2019est \u00e9galement confirm\u00e9 le 4 novembre dernier \u00e0 Vichy. Wavin a re\u00e7u le Prix \u00ab\u00a0Elles innovent\u00a0\u00bb aux Troph\u00e9es des entreprises de l\u2019Allier pour la nouvelle gamme Wavin PVC+ d\u00e9cern\u00e9 par la presse locale.<\/strong><\/p>\n\n\n\n<p class=\"has-text-color has-medium-font-size\" style=\"color:#013e58\"><strong>Un challenge industriel et technique qui a n\u00e9cessit\u00e9 20 millions d\u2019euros d\u2019investissement<\/strong><\/p>\n\n\n\n<p class=\"has-text-align-justify\"><strong>Le projet Wavin PVC+ s\u2019appuie sur le savoir-faire industriel du site install\u00e9 en Auvergne depuis pr\u00e8s de 50 ans qui regroupe la production, la logistique, la R&amp;D et le service technique de Wavin France. Ce site strat\u00e9gique, d\u00e9sign\u00e9 par le groupe Orbia comme p\u00f4le europ\u00e9en d\u2019excellence PVC, a \u00e9t\u00e9 profond\u00e9ment modernis\u00e9 pour accueillir cette nouvelle g\u00e9n\u00e9ration de produits. Pour cela, il a b\u00e9n\u00e9fici\u00e9 d\u2019un investissement de pr\u00e8s de 20 millions d\u2019euros destin\u00e9 \u00e0 l\u2019ensemble des ateliers de production. Celui-ci concerne la pr\u00e9paration des mati\u00e8res premi\u00e8res recycl\u00e9es, l\u2019automatisation du process industriel, la modernisation des lignes d\u2019extrusion des tubes et d\u2019injection des raccords et l\u2019int\u00e9gration de nouveaux \u00e9quipements.<\/strong><\/p>\n\n\n\n<p class=\"has-text-align-justify\"><strong>De nouvelles lignes d\u2019extrusion des tubes ont \u00e9t\u00e9 install\u00e9es<\/strong>. Elles sont \u00e9quip\u00e9es d\u2019un syst\u00e8me de double marquage : un marquage technique assurant la tra\u00e7abilit\u00e9, la norme et la qualit\u00e9, et un marquage gradu\u00e9 directement sur le tube. \u00ab <em>C\u2019est un vrai plus pour les installateurs, ils n\u2019ont plus besoin de sortir leur m\u00e8tre, la graduation est directement sur le produit.<\/em>\u00bb pr\u00e9cise \u00c9lodie Doret, Directrice des op\u00e9rations Wavin France.<\/p>\n\n\n\n<p class=\"has-text-align-justify\">C\u00f4t\u00e9 injection, les innovations des nouveaux raccords Wavin PVC+ (ergots de r\u00e9tention, surface agrippante, marquage angulaire&#8230;) ont n\u00e9cessit\u00e9 la mise en production<strong> d\u2019une centaine de nouveaux moules et l\u2019installation de plusieurs nouvelles presses d\u2019injection<\/strong>. Plus performantes et plus sobres \u00e9nerg\u00e9tiquement, ces presses offrent une meilleure stabilit\u00e9 du process et une consommation d\u2019\u00e9nergie r\u00e9duite.<\/p>\n\n\n\n<p class=\"has-text-align-justify\"><strong>L\u2019usine de Varennes-sur-Allier s\u2019est \u00e9galement dot\u00e9e de nouvelles lignes d\u2019emballage semi-automatiques<\/strong>, destin\u00e9es \u00e0 remplacer des op\u00e9rations manuelles r\u00e9p\u00e9titives. Ces lignes passeront en automatique dans les mois \u00e0 venir. Des robots qui permettront \u00e0 terme de manipuler, marquer et conditionner les pi\u00e8ces, am\u00e9liorant \u00e0 la fois la s\u00e9curit\u00e9 et l\u2019ergonomie de travail des op\u00e9rateurs.<\/p>\n\n\n\n<p class=\"has-text-align-justify\"><strong>Wavin a voulu faire de PVC+ un vrai mod\u00e8le d\u2019\u00e9coconception, qui int\u00e8gre des mat\u00e9riaux recycl\u00e9s et 100 % recyclables tout en respectant les normes les plus strictes. Chaque raccord contient 20 % de mati\u00e8re recycl\u00e9e et chaque tube 10 %, des taux qui atteignent le maximum autoris\u00e9 par le cahier des charges complet des certifications NF-E et NF-Me. Cette int\u00e9gration a \u00e9t\u00e9 valid\u00e9e par les organismes certificateurs et garantit le maintien des performances m\u00e9caniques et techniques exig\u00e9es par ces labels.<\/strong><\/p>\n\n\n\n<p class=\"has-text-align-justify\">L\u2019effort environnemental s\u2019\u00e9tend jusqu\u2019aux emballages. Ceux-ci sont d\u00e9sormais en carton recycl\u00e9, les adh\u00e9sifs et \u00e9tiquettes en papier recyclable, et les palettes sont int\u00e9gr\u00e9es \u00e0 un circuit de r\u00e9utilisation circulaire.<\/p>\n\n\n\n<p class=\"has-text-align-justify\"><em>\u00ab Les investissements r\u00e9alis\u00e9s autour du projet PVC+ nous ont permis de faire \u00e9voluer nos outils industriels. Nous avons repens\u00e9 nos process de production pour gagner en efficacit\u00e9 et en qualit\u00e9, modernis\u00e9 nos lignes, int\u00e9gr\u00e9 de nouveaux proc\u00e9d\u00e9s et automatis\u00e9 certaines \u00e9tapes.<\/em><\/p>\n\n\n\n<p><em>Aujourd\u2019hui, le site de Varennes-sur-Allier fabrique 80 % des diam\u00e8tres de la gamme PVC+ pour l\u2019Europe (France, Benelux et Pays-Bas), soit plusieurs dizaines de millions de raccords produits chaque ann\u00e9e. Il s\u2019impose d\u00e9sormais comme le p\u00f4le d\u2019excellence europ\u00e9en du groupe pour le PVC.<\/em>\u00bb \u00c9lodie Doret, Directrice des op\u00e9rations Wavin France.<\/p>\n\n\n\n<figure class=\"wp-block-image size-full\"><img loading=\"lazy\" width=\"720\" height=\"443\" src=\"https:\/\/i1.wp.com\/batimedianews.com\/live\/wp-content\/uploads\/2025\/12\/image-18.png?resize=720%2C443\" alt=\"\" class=\"wp-image-48303\" srcset=\"https:\/\/i1.wp.com\/batimedianews.com\/live\/wp-content\/uploads\/2025\/12\/image-18.png?w=1536&amp;ssl=1 1536w, https:\/\/i1.wp.com\/batimedianews.com\/live\/wp-content\/uploads\/2025\/12\/image-18.png?resize=768%2C471&amp;ssl=1 768w, https:\/\/i1.wp.com\/batimedianews.com\/live\/wp-content\/uploads\/2025\/12\/image-18.png?resize=432%2C266&amp;ssl=1 432w, https:\/\/i1.wp.com\/batimedianews.com\/live\/wp-content\/uploads\/2025\/12\/image-18.png?resize=396%2C243&amp;ssl=1 396w, https:\/\/i1.wp.com\/batimedianews.com\/live\/wp-content\/uploads\/2025\/12\/image-18.png?resize=1120%2C688&amp;ssl=1 1120w, https:\/\/i1.wp.com\/batimedianews.com\/live\/wp-content\/uploads\/2025\/12\/image-18.png?resize=660%2C406&amp;ssl=1 660w, https:\/\/i1.wp.com\/batimedianews.com\/live\/wp-content\/uploads\/2025\/12\/image-18.png?w=1440 1440w\" sizes=\"(max-width: 600px) 91vw, (max-width: 900px) 600px, (max-width: 1060px) 50vw, (max-width: 1200px) 520px, (max-width: 1400px) 43vw, 600px\" data-recalc-dims=\"1\" \/><\/figure>\n\n\n\n<p class=\"has-text-color has-medium-font-size\" style=\"color:#013e58\"><strong>Un lancement national d\u00e9but janvier 2026<\/strong><\/p>\n\n\n\n<p><strong>La gamme Wavin PVC+ sera lanc\u00e9e sur l\u2019ensemble du territoire d\u00e9but janvier 2026.<\/strong><\/p>\n\n\n\n<p class=\"has-text-align-justify\">Ce d\u00e9ploiement \u00e0 l\u2019\u00e9chelle nationale permettra \u00e0 tous les professionnels d\u2019acc\u00e9der \u00e0 une solution d\u2019\u00e9vacuation durable, performante et pleinement adapt\u00e9e aux exigences du terrain.<\/p>\n\n\n\n<p class=\"has-text-align-justify\">Con\u00e7ue par et pour les professionnels, Wavin PVC+ fait \u00e9voluer les standards de l\u2019\u00e9vacuation et vise \u00e0 devenir la nouvelle r\u00e9f\u00e9rence sur le march\u00e9. Une nouvelle \u00e9tape s\u2019ouvre pour Wavin, et ce n\u2019est que le d\u00e9but !<\/p>\n\n\n\n<p class=\"has-text-color has-medium-font-size\" style=\"color:#013e58\"><strong>Le programme ECH\u2019O Wavin<\/strong><\/p>\n\n\n\n<p class=\"has-text-align-justify\">Wavin France m\u00e8ne depuis plusieurs ann\u00e9es une politique RSE ambitieuse \u00e0 travers son programme ECH\u2019O qui regroupe l\u2019ensemble des actions locales en faveur de l&rsquo;environnement et d&rsquo;une politique soci\u00e9tale responsable, initi\u00e9e fi\u00e8rement par les salari\u00e9s de l&rsquo;entreprise et les impliquant collectivement.<\/p>\n\n\n\n<p class=\"has-text-align-justify\">Quotidiennement, les actions de chacun sont pens\u00e9es pour \u00eatre respectueuses des ressources, favorables \u00e0 l&rsquo;\u00e9panouissement de la faune et de la flore et du mieux vivre ensemble. R\u00e9sultat des efforts et des engagements de Wavin France, le programme ECH\u2019O pour une vie plus durable implique activement toutes les personnes qui, de pr\u00e8s ou de loin, sont touch\u00e9es par les activit\u00e9s de l\u2019entreprise (clients, partenaires, collaborateurs, fournisseurs&#8230;).<\/p>\n\n\n\n<p class=\"has-text-align-justify\">Ces d\u00e9marches ont \u00e9t\u00e9 reconnues par le label Engag\u00e9 RSE (Afnor), niveau confirm\u00e9, et par la m\u00e9daille d\u2019argent Ecovadis, pla\u00e7ant Wavin France parmi les entreprises les plus performantes de son secteur.<\/p>\n\n\n\n<p><strong>Agir ensemble et maintenant !<\/strong><\/p>\n\n\n\n<p class=\"has-text-align-justify\">Moteur et contributeur fort, Wavin France int\u00e8gre au travers d\u2019ECH\u2019O des initiatives collectives et adapt\u00e9es pour une am\u00e9lioration du cadre de vie et un environnement durable.<\/p>\n\n\n\n<p>Wavin France agit en faveur de la biodiversit\u00e9 en prot\u00e9geant, restaurant et valorisant le vivant.<\/p>\n\n\n\n<p class=\"has-text-align-justify\">Le fabricant s\u2019est \u00e9galement associ\u00e9 fi\u00e8rement \u00e0 la Ligue de Protection des Oiseaux (L.P.O.) pour mesurer les bienfaits de la prairie sur la biodiversit\u00e9 et d\u00e9velopper de nouvelles actions favorables \u00e0 l\u2019\u00e9cosyst\u00e8me. L\u2019espace accueille aujourd\u2019hui plus de 90 esp\u00e8ces d\u2019oiseaux et d\u2019insectes.<\/p>\n\n\n\n<p class=\"has-text-align-justify\">Wavin France optimise l\u2019utilisation des ressources naturelles (\u00e9nergie, eau, mati\u00e8res premi\u00e8res&#8230;) et est tr\u00e8s attentif \u00e0 sa production de gaz \u00e0 effet de serre. Entre 2019 et 2024, celle-ci ont \u00e9t\u00e9 divis\u00e9es par cinq, gr\u00e2ce notamment \u00e0 l\u2019utilisation d\u2019\u00e9nergie renouvelable et \u00e0 l\u2019int\u00e9gration de PVC recycl\u00e9. Le site Wavin France fonctionne \u00e0 100 % avec de l\u2019\u00e9lectricit\u00e9 issue de sources renouvelables et sans \u00e9mission carbone, dont 20 % produite directement sur place gr\u00e2ce \u00e0 un parc de panneaux solaires d\u2019un hectare. Ces efforts repr\u00e9sentent chaque ann\u00e9e plus de 436 tonnes de CO\u2082 \u00e9conomis\u00e9 par an.<\/p>\n\n\n\n<p class=\"has-text-align-justify\">Et parce que l\u2019engagement de tous fait la force d\u2019ECH\u2019O, l\u2019entreprise m\u00e8ne \u00e9galement des actions de sensibilisation aupr\u00e8s de toutes les parties prenantes. Elle intervient par exemple dans des coll\u00e8ges pour informer les jeunes g\u00e9n\u00e9rations de l\u2019importance de chaque geste pour la plan\u00e8te car il est primordial d\u2019agir ensemble !<\/p>\n\n\n\n<p class=\"has-text-align-justify\">Wavin France valorise l\u2019humain et encourage la diversit\u00e9, l\u2019inclusion, l\u2019\u00e9quit\u00e9 et le bien-\u00eatre de ses communaut\u00e9s. Cette richesse est un vrai moteur de performance pour l\u2019entreprise qui est fi\u00e8re de ses employ\u00e9s. Wavin France participe chaque ann\u00e9e \u00e0 la Journ\u00e9e mondiale #soyonsfiers (#withpride) qui c\u00e9l\u00e8bre les diff\u00e9rences et est partenaire de la Fondation Agir Contre l&rsquo;Exclusion (FACE) qui r\u00e9unit acteurs priv\u00e9s, publics et associatifs dans la lutte contre l&rsquo;exclusion, les discriminations et la pauvret\u00e9. Les engagements de l&rsquo;entreprise se traduisent \u00e9galement par le choix de partenaires solidairement actifs : l&rsquo;association Vilta\u00efs pour sa restauration d&rsquo;entreprise, l&rsquo;ESAT (\u00c9tablissements et Services d&rsquo;Aide par le Travail) pour l\u2019emballage des produits&#8230;<\/p>\n\n\n\n<p class=\"has-text-color has-medium-font-size\" style=\"color:#013e58\"><strong>\u00c0 propos de Wavin France<\/strong><\/p>\n\n\n\n<p class=\"has-text-align-justify\">Cr\u00e9\u00e9e en 1971, la filiale Wavin France est sp\u00e9cialis\u00e9e dans la conception, la fabrication et la commercialisation de fournitures de syst\u00e8mes de canalisations en mati\u00e8re plastique et de solutions destin\u00e9es \u00e0 l\u2019assainissement, \u00e0 la collecte et la gestion des eaux pluviales. Filiale du Groupe ORBIA, qui compte plus de 24 000 employ\u00e9s pour un CA de 8,2 MM USD en 2023, Wavin France est engag\u00e9e depuis les ann\u00e9es 90 dans une d\u00e9marche R.S.E. Ses activit\u00e9s couvrent l\u2019ensemble du cycle de l\u2019eau pour une gestion plus \u00e9quilibr\u00e9e, de la collecte au rejet.<\/p>\n","protected":false},"excerpt":{"rendered":"<p>Une nouvelle gamme d\u00e9velopp\u00e9e avec et pour les installateurs et soutenue par 20 millions d\u2019euros d\u2019investissement sur le site de production fran\u00e7ais Varennes-sur-Allier, 26 novembre 2025 &#8211; Le march\u00e9 de l\u2019\u00e9vacuation en PVC est l\u2019un des plus standardis\u00e9s du secteur du b\u00e2timent. Les gammes sont riches en r\u00e9f\u00e9rences, mais les \u00e9volutions sont limit\u00e9es depuis plusieurs [&hellip;]<\/p>\n","protected":false},"author":41,"featured_media":48305,"comment_status":"open","ping_status":"open","sticky":true,"template":"","format":"standard","meta":{"spay_email":""},"categories":[4,764],"tags":[2700],"jetpack_featured_media_url":"https:\/\/i0.wp.com\/batimedianews.com\/live\/wp-content\/uploads\/2025\/12\/wavin.jpg?fit=1513%2C825&ssl=1","jetpack_sharing_enabled":true,"jetpack_likes_enabled":true,"jetpack-related-posts":[{"id":19268,"url":"https:\/\/batimedianews.com\/live\/index.php\/2022\/04\/21\/construire-plus-performant-avec-les-systemes-de-chauffage-et-de-rafraichissement-wavin\/","url_meta":{"origin":48296,"position":0},"title":"Construire plus performant avec les syst\u00e8mes de chauffage et de rafra\u00eechissement Wavin","date":"21 avril 2022","format":false,"excerpt":"Le r\u00e9chauffement climatique impose bien plus qu\u2019une simple prise de conscience. Il doit s\u2019accom-pagner d\u2019une grande mutation, notamment dans le secteur de la construction. En Europe, il repr\u00e9sente plus de 40 % de la consommation d\u2019\u00e9nergie et 25 % des \u00e9missions de CO2. Notre secteur est donc un acteur central\u2026","rel":"","context":"Dans &quot;Actualit\u00e9 Entreprises&quot;","img":{"alt_text":"","src":"https:\/\/i0.wp.com\/batimedianews.com\/live\/wp-content\/uploads\/2022\/04\/Wavin-article.jpg?fit=1080%2C1080&ssl=1&resize=350%2C200","width":350,"height":200},"classes":[]},{"id":11370,"url":"https:\/\/batimedianews.com\/live\/index.php\/2021\/08\/04\/wavin-accompagne-le-chantier-so-pop-a-saint-ouen-avec-plus-de-4-000-raccords-tigris-m5-et-environ-5-000-m-de-tubes-multicouches\/","url_meta":{"origin":48296,"position":1},"title":"Wavin accompagne le chantier SO POP \u00e0 Saint-Ouen avec plus de 4 000 raccords Tigris M5 et environ 5 000 m de tubes multicouches","date":"4 ao\u00fbt 2021","format":false,"excerpt":"Des r\u00e9seaux d\u2019eau plus fiables et performants La r\u00e9duction des risques de fuites d\u2019eau et le d\u00e9veloppement de solutions pour des installations sanitaires fiables et durables sont au coeur de la philosophie Wavin. L\u2019entreprise propose des produits de qualit\u00e9 permettant un approvisionnement s\u00fbr et une bonne distribution de l\u2019eau.","rel":"","context":"Dans &quot;Actualit\u00e9 Entreprises&quot;","img":{"alt_text":"","src":"https:\/\/i2.wp.com\/batimedianews.com\/live\/wp-content\/uploads\/2021\/07\/Wavin-Article.jpg?fit=512%2C512&ssl=1&resize=350%2C200","width":350,"height":200},"classes":[]},{"id":9822,"url":"https:\/\/batimedianews.com\/live\/index.php\/2021\/05\/17\/tigris-m5-un-raccord-qui-se-fait-entendre\/","url_meta":{"origin":48296,"position":2},"title":"Tigris M5, un raccord qui se fait entendre","date":"17 mai 2021","format":false,"excerpt":"Wavin d\u00e9ploie une campagne promotionnelle du raccord Tigris M5 vers les plombiers-chauffagistes\u00a0 Permettre \u00e0 tous les plombiers-chauffagistes du territoire de tester le raccord Tigris M5, r\u00e9cemment lanc\u00e9 sur le march\u00e9, tel est l\u2019objectif de la campagne promotionnelle d\u00e9velopp\u00e9e par Wavin. Du 26 avril au 30 juillet 2021, chaque plombier qui\u2026","rel":"","context":"Dans &quot;Chauffage&quot;","img":{"alt_text":"","src":"https:\/\/i1.wp.com\/batimedianews.com\/live\/wp-content\/uploads\/2021\/05\/Wavin-Article.jpg?fit=512%2C512&ssl=1&resize=350%2C200","width":350,"height":200},"classes":[]},{"id":21150,"url":"https:\/\/batimedianews.com\/live\/index.php\/2022\/06\/23\/reseaux-dassainissement\/","url_meta":{"origin":48296,"position":3},"title":"R\u00e9seaux d\u2019assainissement","date":"23 juin 2022","format":false,"excerpt":"Nouveaux accessoires contre les d\u00e9bordements pour les regards Tegra Wavin En raison du changement climatique (fortes pluies et s\u00e9cheresse) et de l\u2019augmentation de la population, le d\u00e9bit des eaux us\u00e9es dans les r\u00e9seaux d\u2019assainissement augmente et sature les canalisations devenues sous-dimensionn\u00e9es et surcharg\u00e9es. Les villes se doivent d\u2019agir pour faire\u2026","rel":"","context":"Dans &quot;Actualit\u00e9 Entreprises&quot;","img":{"alt_text":"","src":"https:\/\/i1.wp.com\/batimedianews.com\/live\/wp-content\/uploads\/2022\/06\/Wavin-Article.jpg?fit=1080%2C1080&ssl=1&resize=350%2C200","width":350,"height":200},"classes":[]},{"id":40585,"url":"https:\/\/batimedianews.com\/live\/index.php\/2024\/10\/16\/wavin-france-annonce-une-evolution-strategique-majeure-avec-larrivee-de-son-directeur-france-alexander-pfab\/","url_meta":{"origin":48296,"position":4},"title":"Wavin France annonce une \u00e9volution strat\u00e9gique majeure avec l\u2019arriv\u00e9e de son Directeur France Alexander Pfab","date":"16 octobre 2024","format":false,"excerpt":"Varennes-sur-Allier, 7 octobre 2024 - Filiale du Groupe ORBIA qui compte plus de 24 000 employ\u00e9s pour un CA de 8,2 MM USD en 2023, Wavin France est sp\u00e9cialis\u00e9e dans la conception, la fabrication et la commercialisation de fournitures de syst\u00e8mes de canalisations en mati\u00e8re plastique et de solutions destin\u00e9es\u2026","rel":"","context":"Dans &quot;Actualit\u00e9 Entreprises&quot;","img":{"alt_text":"","src":"https:\/\/i2.wp.com\/batimedianews.com\/live\/wp-content\/uploads\/2024\/10\/Wavin-articles.jpg?fit=825%2C825&ssl=1&resize=350%2C200","width":350,"height":200},"classes":[]},{"id":515,"url":"https:\/\/batimedianews.com\/live\/index.php\/2018\/11\/12\/prevention-des-inondations-wavin-devoile-un-nouvel-avaloir-de-chaussee-pour-une-collecte-performante-des-eaux-pluviales-et-de-ruissellement\/","url_meta":{"origin":48296,"position":5},"title":"Pr\u00e9vention des inondations : WAVIN d\u00e9voile un nouvel avaloir de chauss\u00e9e pour une collecte performante des eaux pluviales et de ruissellement","date":"12 novembre 2018","format":false,"excerpt":"Invisible pour le riverain, l\u2019avaloir de chauss\u00e9e est un dispositif mis en place\u00a0sous les grilles de chauss\u00e9e, qui collecte les eaux pluviales de\u00a0ruissellement sur la voie publique pour les \u00e9vacuer vers le r\u00e9seau. En toutes saisons, il joue un r\u00f4le essentiel dans la pr\u00e9vention des\u00a0inondations. Sp\u00e9cialiste de la gestion des\u2026","rel":"","context":"Dans &quot;Collecte des eaux&quot;","img":{"alt_text":"","src":"https:\/\/i2.wp.com\/batimedianews.com\/live\/wp-content\/uploads\/2018\/11\/wavinimage.jpg?fit=892%2C608&ssl=1&resize=350%2C200","width":350,"height":200},"classes":[]}],"_links":{"self":[{"href":"https:\/\/batimedianews.com\/live\/index.php\/wp-json\/wp\/v2\/posts\/48296"}],"collection":[{"href":"https:\/\/batimedianews.com\/live\/index.php\/wp-json\/wp\/v2\/posts"}],"about":[{"href":"https:\/\/batimedianews.com\/live\/index.php\/wp-json\/wp\/v2\/types\/post"}],"author":[{"embeddable":true,"href":"https:\/\/batimedianews.com\/live\/index.php\/wp-json\/wp\/v2\/users\/41"}],"replies":[{"embeddable":true,"href":"https:\/\/batimedianews.com\/live\/index.php\/wp-json\/wp\/v2\/comments?post=48296"}],"version-history":[{"count":3,"href":"https:\/\/batimedianews.com\/live\/index.php\/wp-json\/wp\/v2\/posts\/48296\/revisions"}],"predecessor-version":[{"id":48416,"href":"https:\/\/batimedianews.com\/live\/index.php\/wp-json\/wp\/v2\/posts\/48296\/revisions\/48416"}],"wp:featuredmedia":[{"embeddable":true,"href":"https:\/\/batimedianews.com\/live\/index.php\/wp-json\/wp\/v2\/media\/48305"}],"wp:attachment":[{"href":"https:\/\/batimedianews.com\/live\/index.php\/wp-json\/wp\/v2\/media?parent=48296"}],"wp:term":[{"taxonomy":"category","embeddable":true,"href":"https:\/\/batimedianews.com\/live\/index.php\/wp-json\/wp\/v2\/categories?post=48296"},{"taxonomy":"post_tag","embeddable":true,"href":"https:\/\/batimedianews.com\/live\/index.php\/wp-json\/wp\/v2\/tags?post=48296"}],"curies":[{"name":"wp","href":"https:\/\/api.w.org\/{rel}","templated":true}]}}