{"id":48307,"date":"2025-12-11T11:29:05","date_gmt":"2025-12-11T10:29:05","guid":{"rendered":"http:\/\/batimedianews.com\/live\/?p=48307"},"modified":"2025-12-17T17:16:56","modified_gmt":"2025-12-17T16:16:56","slug":"trophees-3-diamants-2025-decouvrez-les-laureats-pionniers-de-limmobilier-durable","status":"publish","type":"post","link":"https:\/\/batimedianews.com\/live\/index.php\/2025\/12\/11\/trophees-3-diamants-2025-decouvrez-les-laureats-pionniers-de-limmobilier-durable\/","title":{"rendered":"Troph\u00e9es 3 Diamants 2025 : d\u00e9couvrez les laur\u00e9ats, pionniers de l\u2019immobilier durable"},"content":{"rendered":"\n<p class=\"has-text-align-justify\">Le concours des Troph\u00e9es 3 Diamants de Mitsubishi Electric r\u00e9compense les projets immobiliers tertiaires qui r\u00e9pondent le mieux aux crit\u00e8res de <strong>performance \u00e9nerg\u00e9tique, d\u2019innovation, de design et de bien-\u00eatre des occupants<\/strong>. L\u2019objectif est de valoriser les bonnes pratiques dans un secteur engag\u00e9 \u00e0 relever le d\u00e9fi de l\u2019adaptation climatique.&nbsp;<\/p>\n\n\n\n<p class=\"has-text-align-justify\">Neufs ou r\u00e9nov\u00e9s, ces projets sont port\u00e9s par les <strong>ma\u00eetres d\u2019ouvrage<\/strong>, <strong>architectes <\/strong>ou <strong>bureaux d\u2019\u00e9tudes<\/strong>. Les candidats ont concouru dans deux cat\u00e9gories : inf\u00e9rieure ou sup\u00e9rieure \u00e0 5 000 m\u00b2. Trois laur\u00e9ats sont d\u00e9sign\u00e9s dans chaque cat\u00e9gorie, ainsi qu\u2019un coup de c\u0153ur du jury.&nbsp;<\/p>\n\n\n\n<p class=\"has-text-align-justify\">D\u00e9couvrez <strong>les sept laur\u00e9ats parmi les 43 candidats de cette \u00e9dition 2025<\/strong>, d\u00e9sign\u00e9s par un jury d\u2019experts lors d\u2019une c\u00e9r\u00e9monie \u00e0 La Samaritaine (Paris) ce 27 novembre.&nbsp;<\/p>\n\n\n\n<p class=\"has-text-align-center has-sm-color-primary-color has-text-color has-medium-font-size\">&nbsp;<strong>Laur\u00e9ats : cat\u00e9gorie inf\u00e9rieure \u00e0 5 000 m\u00b2&nbsp;<\/strong><\/p>\n\n\n\n<p class=\"has-sm-color-primary-color has-text-color\">&nbsp;<strong>PREMIER PRIX : Centre Socioculturel Rivet (1 830 m\u00b2 &#8211; Brive-la-Gaillarde, 19)&nbsp;<\/strong><\/p>\n\n\n\n<div class=\"wp-block-media-text alignwide has-media-on-the-right is-stacked-on-mobile\" style=\"grid-template-columns:auto 40%\"><figure class=\"wp-block-media-text__media\"><img loading=\"lazy\" width=\"590\" height=\"272\" src=\"https:\/\/i2.wp.com\/batimedianews.com\/live\/wp-content\/uploads\/2025\/12\/image-19.png?resize=590%2C272\" alt=\"\" class=\"wp-image-48308 size-full\" srcset=\"https:\/\/i2.wp.com\/batimedianews.com\/live\/wp-content\/uploads\/2025\/12\/image-19.png?w=590&amp;ssl=1 590w, https:\/\/i2.wp.com\/batimedianews.com\/live\/wp-content\/uploads\/2025\/12\/image-19.png?resize=768%2C354&amp;ssl=1 768w, https:\/\/i2.wp.com\/batimedianews.com\/live\/wp-content\/uploads\/2025\/12\/image-19.png?resize=432%2C199&amp;ssl=1 432w, https:\/\/i2.wp.com\/batimedianews.com\/live\/wp-content\/uploads\/2025\/12\/image-19.png?resize=396%2C183&amp;ssl=1 396w\" sizes=\"(max-width: 600px) 91vw, (max-width: 900px) 600px, (max-width: 1060px) 50vw, (max-width: 1200px) 520px, (max-width: 1400px) 43vw, 600px\" data-recalc-dims=\"1\" \/><\/figure><div class=\"wp-block-media-text__content\">\n<p class=\"has-text-align-justify has-normal-font-size\">&nbsp;Livr\u00e9 en 2023, ce b\u00e2timent f\u00e9d\u00e9rateur s\u2019inscrit dans un quartier en transformation. Con\u00e7u selon les principes de <strong>l\u2019architecture bioclimatique<\/strong>, il favorise les apports solaires passifs, la ventilation naturelle et l\u2019usage de <strong>mat\u00e9riaux locaux <\/strong>et <strong>biosourc\u00e9s <\/strong>(bois, granit, fibre de bois).&nbsp;<\/p>\n<\/div><\/div>\n\n\n\n<p class=\"has-text-align-justify\"><strong>Le syst\u00e8me DRV <\/strong>(D\u00e9bit de R\u00e9frig\u00e9rant Variable) ajuste en continu le chauffage et la climatisation en fonction des besoins. <strong>Une CTA <\/strong>(Centrale de Traitement d\u2019Air) double flux, \u00e0 90 % de rendement, assure une qualit\u00e9 d\u2019air optimale. L\u2019ensemble est pilot\u00e9 par une GTC (Gestion Technique Centralis\u00e9e) avec r\u00e9gulation pi\u00e8ce par pi\u00e8ce.&nbsp;<\/p>\n\n\n\n<p class=\"has-text-align-justify\">Gr\u00e2ce \u00e0 ses <strong>45 panneaux photovolta\u00efques <\/strong>(22 265 kWh\/an) et sa cuve de r\u00e9cup\u00e9ration d\u2019eau de pluie de 10 000 litres, le b\u00e2timent atteint le <strong>label Bepos Effinergie <\/strong>(E3C1), avec une consommation d\u2019\u00e9nergie primaire inf\u00e9rieure de 58 % \u00e0 la norme RT2012.&nbsp;<\/p>\n\n\n\n<p><em>Candidature aux Troph\u00e9es 3 Diamants port\u00e9e par l\u2019architecte <\/em><strong><a href=\"https:\/\/faye-architectes.com\/fr\/agence\">SARL FAYE ARCHITECTE + ASSOCIES<\/a> <\/strong>et le bureau d\u2019\u00e9tudes <strong><a href=\"https:\/\/www.linkedin.com\/company\/lai19\/?originalSubdomain=fr\">L.A.I. (Limousin Auvergne Ing\u00e9nierie)<\/a><\/strong><em>.\u00a0<\/em><\/p>\n\n\n\n<p><em>Plus d\u2019informations sur le projet : <\/em><strong><a href=\"https:\/\/confort.mitsubishielectric.fr\/professionnel\/chantiers-reference\/centre-socioculturel-rivet\">Centre Socioculturel Rivet\u00a0<\/a><\/strong><\/p>\n\n\n\n<p class=\"has-sm-color-primary-color has-text-color\"><strong>DEUXIEME PRIX : Ecole maternelle et \u00e9l\u00e9mentaire (959 m\u00b2 &#8211; Saint-Fiel, 23)&nbsp;<\/strong><\/p>\n\n\n\n<div class=\"wp-block-media-text alignwide is-stacked-on-mobile\" style=\"grid-template-columns:34% auto\"><figure class=\"wp-block-media-text__media\"><img loading=\"lazy\" width=\"516\" height=\"272\" src=\"https:\/\/i0.wp.com\/batimedianews.com\/live\/wp-content\/uploads\/2025\/12\/MitsubishiPhoto2.jpg?resize=516%2C272\" alt=\"\" class=\"wp-image-48309 size-full\" srcset=\"https:\/\/i0.wp.com\/batimedianews.com\/live\/wp-content\/uploads\/2025\/12\/MitsubishiPhoto2.jpg?w=516&amp;ssl=1 516w, https:\/\/i0.wp.com\/batimedianews.com\/live\/wp-content\/uploads\/2025\/12\/MitsubishiPhoto2.jpg?resize=768%2C404&amp;ssl=1 768w, https:\/\/i0.wp.com\/batimedianews.com\/live\/wp-content\/uploads\/2025\/12\/MitsubishiPhoto2.jpg?resize=432%2C228&amp;ssl=1 432w, https:\/\/i0.wp.com\/batimedianews.com\/live\/wp-content\/uploads\/2025\/12\/MitsubishiPhoto2.jpg?resize=396%2C209&amp;ssl=1 396w\" sizes=\"(max-width: 600px) 91vw, (max-width: 900px) 600px, (max-width: 1060px) 50vw, (max-width: 1200px) 520px, (max-width: 1400px) 43vw, 600px\" data-recalc-dims=\"1\" \/><\/figure><div class=\"wp-block-media-text__content\">\n<p class=\"has-text-align-justify has-normal-font-size\">\u00c0 Saint-Fiel, la nouvelle \u00e9cole maternelle et \u00e9l\u00e9mentaire prend la forme d\u2019un <strong>village d\u2019enfants \u00e0 taille humaine<\/strong>, compos\u00e9 de cinq b\u00e2timents en ossature bois reli\u00e9s par une rue int\u00e9rieure. Implant\u00e9 en terrasses sur un terrain en pente, <strong>le projet s\u2019int\u00e8gre dans son environnement naturel avec une grande finesse<\/strong>, gr\u00e2ce \u00e0 un travail subtil sur les volumes, les teintes douces et les mat\u00e9riaux locaux. Chaque salle de classe s\u2019ouvre sur une terrasse, favorisant une p\u00e9dagogie ouverte et le lien avec la nature.&nbsp;<\/p>\n<\/div><\/div>\n\n\n\n<p class=\"has-text-align-justify\">L\u2019approche environnementale <strong>d\u00e9passe les exigences r\u00e9glementaires de la RE2020 <\/strong>: syst\u00e8me chaud-froid simultan\u00e9 \u00e0 r\u00e9cup\u00e9ration d\u2019\u00e9nergie, panneaux photovolta\u00efques en autoconsommation, gestion intelligente de l\u2019\u00e9clairage, ventilation double flux avec sondes CO\u2082, et pilotage \u00e9nerg\u00e9tique via GTB cloud.&nbsp;<\/p>\n\n\n\n<p class=\"has-text-align-justify\"><strong>L\u2019acoustique <\/strong>a \u00e9t\u00e9 particuli\u00e8rement soign\u00e9e pour garantir un confort optimal aux enfants, dans une architecture pens\u00e9e pour l\u2019\u00e9veil, le calme et le bien-\u00eatre. <strong>Aucun bitume <\/strong>n\u2019est utilis\u00e9, l\u2019eau de pluie est valoris\u00e9e, et la toiture s\u2019harmonise avec l\u2019\u00e9glise voisine selon les prescriptions des ABF (architectes des b\u00e2timents de France). Ce village scolaire modulaire est un <strong>mod\u00e8le d\u2019\u00e9co-construction \u00e9ducative<\/strong>.&nbsp;<\/p>\n\n\n\n<p><em>Candidature aux Troph\u00e9es 3 Diamants port\u00e9e par le ma\u00eetre d\u2019ouvrage <\/em><strong><a href=\"https:\/\/www.saintfiel.fr\/\">Mairie de Saint-Fiel<\/a><\/strong><em>, l\u2019architecte <\/em><strong><a href=\"https:\/\/www.architectures-pantheons.fr\/\">Atelier d\u2019architecture Panth\u00e9on by Charlotte Dumas<\/a> <\/strong>et le bureau d\u2019\u00e9tude <strong><a href=\"https:\/\/www.crx-group.com\/\">CRX Ing\u00e9nierie<\/a><\/strong><em><a href=\"https:\/\/www.crx-group.com\/\">.<\/a>\u00a0<\/em><\/p>\n\n\n\n<p><em>Plus d\u2019informations sur le projet : <\/em><strong><a href=\"https:\/\/confort.mitsubishielectric.fr\/professionnel\/chantiers-reference\/ecole-maternelle-et-elementaire\">Ecole maternelle et \u00e9l\u00e9mentaire<\/a>\u00a0<\/strong><\/p>\n\n\n\n<p class=\"has-sm-color-primary-color has-text-color\"><strong>TROISIEME PRIX : Ch\u00e2teau de Montreuil (1 400 m\u00b2 &#8211; Nort-sur-Erdre, 44)&nbsp;<\/strong><\/p>\n\n\n\n<div class=\"wp-block-media-text alignwide has-media-on-the-right is-stacked-on-mobile\" style=\"grid-template-columns:auto 31%\"><figure class=\"wp-block-media-text__media\"><img loading=\"lazy\" width=\"428\" height=\"380\" src=\"https:\/\/i0.wp.com\/batimedianews.com\/live\/wp-content\/uploads\/2025\/12\/image-20.png?resize=428%2C380\" alt=\"\" class=\"wp-image-48310 size-full\" srcset=\"https:\/\/i0.wp.com\/batimedianews.com\/live\/wp-content\/uploads\/2025\/12\/image-20.png?w=428&amp;ssl=1 428w, https:\/\/i0.wp.com\/batimedianews.com\/live\/wp-content\/uploads\/2025\/12\/image-20.png?resize=768%2C681&amp;ssl=1 768w, https:\/\/i0.wp.com\/batimedianews.com\/live\/wp-content\/uploads\/2025\/12\/image-20.png?resize=10%2C10&amp;ssl=1 10w, https:\/\/i0.wp.com\/batimedianews.com\/live\/wp-content\/uploads\/2025\/12\/image-20.png?resize=396%2C352&amp;ssl=1 396w\" sizes=\"(max-width: 600px) 91vw, (max-width: 900px) 600px, (max-width: 1060px) 50vw, (max-width: 1200px) 520px, (max-width: 1400px) 43vw, 600px\" data-recalc-dims=\"1\" \/><\/figure><div class=\"wp-block-media-text__content\">\n<p class=\"has-text-align-justify has-normal-font-size\">Aux portes de Nantes, le projet de r\u00e9habilitation de ce domaine de la Belle Epoque a permis de <strong>conjuguer histoire et innovation<\/strong>, en offrant un complexe h\u00f4telier \u00e0 la hauteur du prestige du lieu. Dans le parc de 7 hectares, la r\u00e9novation du ch\u00e2teau et de ses d\u00e9pendances a abouti \u00e0 un <strong>complexe haut de gamme, sobre en \u00e9nergie<\/strong>, discret dans ses installations et exemplaire en mati\u00e8re de confort.&nbsp;<\/p>\n<\/div><\/div>\n\n\n\n<p class=\"has-text-align-justify\">Les syst\u00e8mes DRV \u00e0 r\u00e9cup\u00e9ration d\u2019\u00e9nergie, la pompe \u00e0 chaleur au CO\u2082 pour la production d\u2019ECS et la centrale double flux assurent un fonctionnement performant et adapt\u00e9 aux usages d\u2019un site h\u00f4telier de standing. L\u2019int\u00e9gration des \u00e9quipements a \u00e9t\u00e9 pens\u00e9e avec finesse : <strong>consoles habill\u00e9es, r\u00e9seaux dissimul\u00e9s, diffusion d\u2019air silencieuse <\/strong>et supervision centralis\u00e9e AE-200\/AE-50 pour un pilotage intelligent.&nbsp;<\/p>\n\n\n\n<p class=\"has-text-align-justify\">L\u2019Orangerie, repens\u00e9e dans un esprit Eiffel contemporain, allie structure m\u00e9tallique, double peau isolante et free-cooling. En plus de l\u2019exigence esth\u00e9tique et d\u2019innovation technique, ce projet se distingue par le <strong>respect et la r\u00e9g\u00e9n\u00e9ration du vivant<\/strong>, avec la plantation de 100 arbres d\u2019essences locales pour renforcer la biodiversit\u00e9.&nbsp;<\/p>\n\n\n\n<p><em>Candidature aux Troph\u00e9es 3 Diamants port\u00e9e par le ma\u00eetre d\u2019ouvrage <\/em><strong><a href=\"https:\/\/www.chateaumontreuil44.fr\/\">Ch\u00e2teau Montreuil <\/a><\/strong>et <em>le bureau d\u2019\u00e9tudes <\/em><strong><a href=\"https:\/\/www.rabier-fluides-concept.fr\/\">Rabier Fluides Concept<\/a><\/strong>.\u00a0<\/p>\n\n\n\n<p><em>Plus d\u2019informations sur le projet : <\/em><strong><a href=\"https:\/\/confort.mitsubishielectric.fr\/professionnel\/chantiers-reference\/chateau-de-montreuil-0\">Ch\u00e2teau de Montreuil<\/a>\u00a0<\/strong><\/p>\n\n\n\n<p class=\"has-text-align-center has-sm-color-primary-color has-text-color has-medium-font-size\"><strong>Laur\u00e9ats : cat\u00e9gorie sup\u00e9rieure \u00e0 5 000 m\u00b2&nbsp;<\/strong><\/p>\n\n\n\n<p class=\"has-sm-color-primary-color has-text-color\"><strong>PREMIER PRIX : Wood (6 000 m\u00b2 &#8211; Grenoble, 38)&nbsp;<\/strong><\/p>\n\n\n\n<div class=\"wp-block-media-text alignwide is-stacked-on-mobile\" style=\"grid-template-columns:28% auto\"><figure class=\"wp-block-media-text__media\"><img loading=\"lazy\" width=\"454\" height=\"372\" src=\"https:\/\/i1.wp.com\/batimedianews.com\/live\/wp-content\/uploads\/2025\/12\/image-21.png?resize=454%2C372\" alt=\"\" class=\"wp-image-48311 size-full\" srcset=\"https:\/\/i1.wp.com\/batimedianews.com\/live\/wp-content\/uploads\/2025\/12\/image-21.png?w=454&amp;ssl=1 454w, https:\/\/i1.wp.com\/batimedianews.com\/live\/wp-content\/uploads\/2025\/12\/image-21.png?resize=768%2C629&amp;ssl=1 768w, https:\/\/i1.wp.com\/batimedianews.com\/live\/wp-content\/uploads\/2025\/12\/image-21.png?resize=432%2C354&amp;ssl=1 432w, https:\/\/i1.wp.com\/batimedianews.com\/live\/wp-content\/uploads\/2025\/12\/image-21.png?resize=396%2C324&amp;ssl=1 396w\" sizes=\"(max-width: 600px) 91vw, (max-width: 900px) 600px, (max-width: 1060px) 50vw, (max-width: 1200px) 520px, (max-width: 1400px) 43vw, 600px\" data-recalc-dims=\"1\" \/><\/figure><div class=\"wp-block-media-text__content\">\n<p class=\"has-text-align-justify has-normal-font-size\">Au coeur de la ZAC Presqu\u2019\u00eele \u00e0 Grenoble, le projet WOOD s\u2019\u00e9l\u00e8ve sur six \u00e9tages, sur un ancien site industriel r\u00e9habilit\u00e9. Ce b\u00e2timent de bureaux de 6 000 m\u00b2, <strong>majoritairement construit en bois<\/strong>, incarne les ambitions environnementales de VINCI Immobilier en mati\u00e8re de recyclage urbain et de Z\u00e9ro Artificialisation Nette d\u2019ici 2030. Pens\u00e9 comme un d\u00e9monstrateur durable avec <strong>six ans d\u2019avance sur la r\u00e9glementation 2030<\/strong>, il int\u00e8gre une g\u00e9othermie de nappe, des panneaux photovolta\u00efques, des terrasses v\u00e9g\u00e9talis\u00e9es \u00e0 tous les niveaux, et <strong>vise le niveau E3C2 <\/strong>du label E+\/C-.&nbsp;<\/p>\n<\/div><\/div>\n\n\n\n<p class=\"has-text-align-justify\">L\u2019installation technique repose sur une <strong>pompe \u00e0 chaleur sur nappe phr\u00e9atique<\/strong>, un \u00e9changeur de g\u00e9ocooling, des panneaux rayonnants pour le chauffage et le rafra\u00eechissement, et une centrale de traitement d\u2019air double flux. L\u2019objectif RT2012 -77 % a \u00e9t\u00e9 d\u00e9pass\u00e9 avec un CEP \u00e0 -77,7 %. <strong>L\u2019architecture bioclimatique <\/strong>privil\u00e9gie la lumi\u00e8re naturelle, tout en s\u2019adaptant aux contraintes topographiques et inondables du site. Le projet est certifi\u00e9 NF HQE, BEPOS Effinergie 2017, BiodiverCity et labellis\u00e9 Ready to Osmoz.&nbsp;<\/p>\n\n\n\n<p><em>Candidature aux Troph\u00e9es 3 Diamants port\u00e9e par le ma\u00eetre d\u2019ouvrage <\/em><strong><a href=\"https:\/\/www.vinci-immobilier.com\/\">Vinci Immobilier<\/a> <\/strong>et le <em>bureau d\u2019\u00e9tudes <\/em><strong><a href=\"https:\/\/www.iliade-ingenierie.com\/\">ILIADE INGENIERIE<\/a><\/strong>.\u00a0<\/p>\n\n\n\n<p><em>Plus d\u2019informations sur le projet : <\/em><strong><a href=\"https:\/\/confort.mitsubishielectric.fr\/professionnel\/chantiers-reference\/wood\">Wood\u00a0<\/a><\/strong><\/p>\n\n\n\n<p class=\"has-sm-color-primary-color has-text-color\"><strong>DEUXIEME PRIX : Horizon Resort Massane (9 000 m\u00b2 &#8211; Baillargues, 34)&nbsp;<\/strong><\/p>\n\n\n\n<div class=\"wp-block-media-text alignwide is-stacked-on-mobile\" style=\"grid-template-columns:30% auto\"><figure class=\"wp-block-media-text__media\"><img loading=\"lazy\" width=\"454\" height=\"300\" src=\"https:\/\/i1.wp.com\/batimedianews.com\/live\/wp-content\/uploads\/2025\/12\/image-22.png?resize=454%2C300\" alt=\"\" class=\"wp-image-48312 size-full\" srcset=\"https:\/\/i1.wp.com\/batimedianews.com\/live\/wp-content\/uploads\/2025\/12\/image-22.png?w=454&amp;ssl=1 454w, https:\/\/i1.wp.com\/batimedianews.com\/live\/wp-content\/uploads\/2025\/12\/image-22.png?resize=768%2C507&amp;ssl=1 768w, https:\/\/i1.wp.com\/batimedianews.com\/live\/wp-content\/uploads\/2025\/12\/image-22.png?resize=432%2C285&amp;ssl=1 432w, https:\/\/i1.wp.com\/batimedianews.com\/live\/wp-content\/uploads\/2025\/12\/image-22.png?resize=396%2C262&amp;ssl=1 396w\" sizes=\"(max-width: 600px) 91vw, (max-width: 900px) 600px, (max-width: 1060px) 50vw, (max-width: 1200px) 520px, (max-width: 1400px) 43vw, 600px\" data-recalc-dims=\"1\" \/><\/figure><div class=\"wp-block-media-text__content\">\n<p class=\"has-text-align-justify\">Ce complexe h\u00f4telier et golfique 4 \u00e9toiles est aujourd\u2019hui le plus grand de la r\u00e9gion Montpelli\u00e9raine. Cette construction vient remplacer l\u2019ancien h\u00f4tel en s\u2019appuyant sur les m\u00eames fondations et sur des <strong>infrastructures modernis\u00e9es<\/strong>.&nbsp;<\/p>\n\n\n\n<p class=\"has-text-align-justify\">Ce projet ambitieux \u00e9tait ax\u00e9 sur la pr\u00e9servation de l\u2019environnement. L\u2019ancien h\u00f4tel a \u00e9t\u00e9 totalement d\u00e9mantel\u00e9, ses composants ont \u00e9t\u00e9 tri\u00e9s et son b\u00e9ton concass\u00e9 pour \u00eatre <strong>r\u00e9utilis\u00e9 dans le nouveau b\u00e2timent<\/strong>. De plus, une thermofrigopompe a \u00e9t\u00e9 install\u00e9e. En valorisant la r\u00e9cup\u00e9ration d&rsquo;\u00e9nergie, elle assure une production de chauffage et de rafraichissement simultan\u00e9e et couvre <strong>80% des besoins annuels <\/strong>de l\u2019h\u00f4tel.&nbsp;<\/p>\n<\/div><\/div>\n\n\n\n<p class=\"has-text-align-justify\">Horizon Resort Massane se positionne comme un <strong>exemple de construction durable dans l\u2019industrie h\u00f4teli\u00e8re<\/strong>. Le r\u00e9emploi des mat\u00e9riaux, l\u2019utilisation de b\u00e9ton bas carbone, les solutions \u00e9nerg\u00e9tiques durables mises en place, sa conception bioclimatique, et sa d\u00e9marche vers le z\u00e9ro plastique t\u00e9moignent de cet engagement.&nbsp;<\/p>\n\n\n\n<p><em>Candidature aux Troph\u00e9es 3 Diamants port\u00e9e par le ma\u00eetre d\u2019ouvrage <\/em><strong><a href=\"https:\/\/eoden.fr\/\">EODEN<\/a><\/strong><em>, l\u2019architecte <\/em><strong><a href=\"https:\/\/megiasarchi.fr\/\">MEGIAS VERNHES ARCHITECTURE<\/a> <\/strong><em>et le bureau d\u2019\u00e9tudes <\/em><strong><a href=\"https:\/\/www.betdurand.com\/\">BET Durand<\/a><\/strong>.\u00a0<\/p>\n\n\n\n<p><em>Plus d\u2019informations sur le projet : <\/em><strong><a href=\"https:\/\/confort.mitsubishielectric.fr\/chantiers-reference\/horizon-resort-massane\">Horizon Resort Massane<\/a>\u00a0<\/strong><\/p>\n\n\n\n<p class=\"has-sm-color-primary-color has-text-color\"><strong>TROISIEME PRIX : Bois Harel (6 804 m\u00b2 &#8211; Rennes, 35)&nbsp;<\/strong><\/p>\n\n\n\n<div class=\"wp-block-media-text alignwide is-stacked-on-mobile\" style=\"grid-template-columns:30% auto\"><figure class=\"wp-block-media-text__media\"><img loading=\"lazy\" width=\"628\" height=\"418\" src=\"https:\/\/i1.wp.com\/batimedianews.com\/live\/wp-content\/uploads\/2025\/12\/image-23.png?resize=628%2C418\" alt=\"\" class=\"wp-image-48313 size-full\" srcset=\"https:\/\/i1.wp.com\/batimedianews.com\/live\/wp-content\/uploads\/2025\/12\/image-23.png?w=628&amp;ssl=1 628w, https:\/\/i1.wp.com\/batimedianews.com\/live\/wp-content\/uploads\/2025\/12\/image-23.png?resize=768%2C511&amp;ssl=1 768w, https:\/\/i1.wp.com\/batimedianews.com\/live\/wp-content\/uploads\/2025\/12\/image-23.png?resize=432%2C288&amp;ssl=1 432w, https:\/\/i1.wp.com\/batimedianews.com\/live\/wp-content\/uploads\/2025\/12\/image-23.png?resize=396%2C264&amp;ssl=1 396w\" sizes=\"(max-width: 600px) 91vw, (max-width: 900px) 600px, (max-width: 1060px) 50vw, (max-width: 1200px) 520px, (max-width: 1400px) 43vw, 600px\" data-recalc-dims=\"1\" \/><\/figure><div class=\"wp-block-media-text__content\">\n<p class=\"has-text-align-justify has-normal-font-size\">\u00c0 Rennes, l\u2019op\u00e9ration \u00ab Bois Harel \u00bb illustre un engagement fort pour la construction bas carbone. <strong>R\u00e9alis\u00e9 \u00e0 80 % en bois<\/strong>, cet ensemble de 6 800 m\u00b2 b\u00e9n\u00e9ficie du label BBCA et des certifications PEFC\u00ae et FSC\u00ae, gages d\u2019un sour\u00e7age durable et \u00e9cologique. Le bois est le <strong>seul mat\u00e9riau capable de stocker du carbone<\/strong>, et apporte un <strong>confort acoustique <\/strong>en isolant 15 fois mieux que le b\u00e9ton ; par ailleurs, il garantit une <strong>meilleure qualit\u00e9 de l\u2019air<\/strong>.&nbsp;<\/p>\n<\/div><\/div>\n\n\n\n<p class=\"has-text-align-justify\">Le syst\u00e8me CVC repose sur 12 groupes DRV Mitsubishi Electric \u00e0 r\u00e9cup\u00e9ration d\u2019\u00e9nergie, pour une puissance install\u00e9e totale de <strong>1142kw, \u00e9quitablement r\u00e9partie en chaud et en froid<\/strong>. Il alimente 83 gainables moyenne pression, avec une diffusion par syst\u00e8me Airzone. Ce dispositif permet une <strong>grande souplesse d\u2019usage<\/strong>, une ind\u00e9pendance par lot et une <strong>r\u00e9cup\u00e9ration d\u2019\u00e9nergie optimis\u00e9e <\/strong>sur les quatre fa\u00e7ades. Deux commandes centralis\u00e9es assurent un pilotage pr\u00e9cis et une ventilation efficace. \u00c0 cela s\u2019ajoutent des terrasses et des jardins v\u00e9g\u00e9talis\u00e9s, et une <strong>accessibilit\u00e9 renforc\u00e9e <\/strong>par la proximit\u00e9 imm\u00e9diate des transports et des pistes cyclables. Un lieu \u00e0 la fois performant, chaleureux et durable.<\/p>\n\n\n\n<p><em>Candidature aux Troph\u00e9es 3 Diamants port\u00e9e par les ma\u00eetres d\u2019ouvrage <\/em><strong><a href=\"https:\/\/entreprises.nexity.fr\/regards-croises\/innovation\/bas-carbone\">Nexity<\/a> <\/strong><em>et <\/em><strong><a href=\"https:\/\/www.lamotte.fr\/\">Lamote<\/a> <\/strong><em>et l\u2019architecte <\/em><a href=\"https:\/\/a-lta.fr\/\"><strong>ALTA<\/strong>.<\/a>\u00a0<\/p>\n\n\n\n<p><em>Plus d\u2019informations sur le projet : <\/em><strong><a href=\"https:\/\/confort.mitsubishielectric.fr\/chantiers-reference\/bois-harel\">Bois Harel<\/a>\u00a0<\/strong><\/p>\n\n\n\n<p class=\"has-text-align-center has-sm-color-primary-color has-text-color has-medium-font-size\"><strong>Laur\u00e9at : coup de coeur du jury&nbsp;<\/strong><\/p>\n\n\n\n<p class=\"has-sm-color-primary-color has-text-color\"><strong>H\u00f4tel Mama Shelter (6 400 m\u00b2 &#8211; Nice, 06)&nbsp;<\/strong><\/p>\n\n\n\n<div class=\"wp-block-media-text alignwide is-stacked-on-mobile\" style=\"grid-template-columns:25% auto\"><figure class=\"wp-block-media-text__media\"><img loading=\"lazy\" width=\"448\" height=\"336\" src=\"https:\/\/i2.wp.com\/batimedianews.com\/live\/wp-content\/uploads\/2025\/12\/image-24.png?resize=448%2C336\" alt=\"\" class=\"wp-image-48314 size-full\" srcset=\"https:\/\/i2.wp.com\/batimedianews.com\/live\/wp-content\/uploads\/2025\/12\/image-24.png?w=448&amp;ssl=1 448w, https:\/\/i2.wp.com\/batimedianews.com\/live\/wp-content\/uploads\/2025\/12\/image-24.png?resize=768%2C576&amp;ssl=1 768w, https:\/\/i2.wp.com\/batimedianews.com\/live\/wp-content\/uploads\/2025\/12\/image-24.png?resize=432%2C324&amp;ssl=1 432w, https:\/\/i2.wp.com\/batimedianews.com\/live\/wp-content\/uploads\/2025\/12\/image-24.png?resize=396%2C297&amp;ssl=1 396w\" sizes=\"(max-width: 600px) 91vw, (max-width: 900px) 600px, (max-width: 1060px) 50vw, (max-width: 1200px) 520px, (max-width: 1400px) 43vw, 600px\" data-recalc-dims=\"1\" \/><\/figure><div class=\"wp-block-media-text__content\">\n<p class=\"has-text-align-justify has-normal-font-size\">Une <strong>transformation radicale d\u2019un immeuble de bureaux en h\u00f4tel de haut standing <\/strong>respectueux de l\u2019environnement, tel \u00e9tait le d\u00e9fi de ce projet de 6 400 m\u00b2 en plein coeur de l\u2019agglom\u00e9ration Ni\u00e7oise. En conservant la fa\u00e7ade et une partie du b\u00e2timent existant, ce projet se compose de 102 chambres, d\u2019un restaurant et d\u2019un rooftop avec une piscine. Le b\u00e2timent a \u00e9t\u00e9 sur\u00e9lev\u00e9 d\u2019un niveau, et int\u00e8gre toute l\u2019installation technique dans un local d\u00e9di\u00e9, qui prend en compte des enjeux de gestion de l\u2019acoustique pour le bien-\u00eatre des occupants et du voisinage. Cet immeuble b\u00e9n\u00e9ficie par ailleurs <strong>d\u2019isolations acoustique et thermique exceptionnelles <\/strong>par rapport \u00e0 la pr\u00e9c\u00e9dente installation.&nbsp;<\/p>\n<\/div><\/div>\n\n\n\n<p class=\"has-text-align-justify\">Le b\u00e2timent est \u00e9quip\u00e9 de syst\u00e8mes CityMulti, PAC et GTC, qui offrent une puissance totale install\u00e9e de 250 kW, en chaud et en froid. Le syst\u00e8me DRV permet ici une <strong>r\u00e9cup\u00e9ration optimis\u00e9e de l\u2019\u00e9nergie <\/strong>selon l\u2019exposition des diff\u00e9rentes fa\u00e7ades, et comprend des syst\u00e8mes s\u00e9curit\u00e9-d\u00e9faut qui assurent la climatisation de l\u2019ensemble des \u00e9tages, m\u00eame en cas de d\u00e9faut technique. Les clients peuvent b\u00e9n\u00e9ficier de <strong>chauffage ou de refroidissement de mani\u00e8re ind\u00e9pendante<\/strong>, et un syst\u00e8me centralis\u00e9 permet de contr\u00f4ler, suivre et g\u00e9rer tous les \u00e9quipements et les consommations. La production d\u2019eau chaude Sanitaire (<strong>ECS) thermodynamique <\/strong>par 4 PAC mont\u00e9es en cascade compl\u00e8te le dispositif.&nbsp;<\/p>\n\n\n\n<p class=\"has-text-align-justify\">L\u2019h\u00f4tel Mama Shelter est certifi\u00e9 BDM \u2013 B\u00e2timent Durable M\u00e9diterran\u00e9en, niveau bronze. Par son travail sur l\u2019isolation, la fa\u00e7ade mais aussi sur la <strong>d\u00e9coration int\u00e9rieure, pens\u00e9e en lien avec des artistes locaux<\/strong>, ce projet propose un nouveau standard pour le bien-\u00eatre des clients et le respect du tissu urbain dans l\u2019industrie hotelli\u00e8re.&nbsp;<\/p>\n\n\n\n<p><em>Candidature aux Troph\u00e9es 3 Diamants port\u00e9e par l\u2019architecte <\/em><strong><a href=\"http:\/\/architecturespagnolo.com\/repertoire\/\">CABINET SPAGNOLO<\/a> <\/strong>le <em>bureau d\u2019\u00e9tudes <\/em><a href=\"https:\/\/www.enerbatmc.com\/\"><strong>ENERBAT<\/strong>.<\/a>\u00a0<\/p>\n\n\n\n<p><em>Plus d\u2019informations sur le projet : <\/em><strong><a href=\"https:\/\/confort.mitsubishielectric.fr\/professionnel\/chantiers-reference\/hotel-mama-shelter\">H\u00f4tel Mama Shelter<\/a>\u00a0<\/strong><\/p>\n\n\n\n<p class=\"has-sm-color-primary-color has-text-color\"><strong>Une valorisation des projets par la communication&nbsp;<\/strong><\/p>\n\n\n\n<p class=\"has-text-align-justify\">Les porteurs de projets des sept laur\u00e9ats de cette \u00e9dition se verront remettre des prix sous la forme d\u2019un <strong>budget de communication dans la presse professionnelle : <\/strong>15 000 \u20ac, 10 000 \u20ac ou 5 000 \u20ac selon le classement. Le travail des ma\u00eetres d\u2019ouvrages, architectes et bureaux d\u2019\u00e9tudes sera \u00e9galement valoris\u00e9 gr\u00e2ce \u00e0 une vid\u00e9o sur le projet prim\u00e9, mise \u00e0 disposition des gagnants.&nbsp;<\/p>\n\n\n\n<div class=\"wp-block-media-text alignwide is-stacked-on-mobile\" style=\"grid-template-columns:21% auto\"><figure class=\"wp-block-media-text__media\"><img loading=\"lazy\" width=\"352\" height=\"336\" src=\"https:\/\/i0.wp.com\/batimedianews.com\/live\/wp-content\/uploads\/2025\/12\/image-25.png?resize=352%2C336\" alt=\"\" class=\"wp-image-48315 size-full\" srcset=\"https:\/\/i0.wp.com\/batimedianews.com\/live\/wp-content\/uploads\/2025\/12\/image-25.png?w=352&amp;ssl=1 352w, https:\/\/i0.wp.com\/batimedianews.com\/live\/wp-content\/uploads\/2025\/12\/image-25.png?resize=768%2C733&amp;ssl=1 768w, https:\/\/i0.wp.com\/batimedianews.com\/live\/wp-content\/uploads\/2025\/12\/image-25.png?resize=10%2C10&amp;ssl=1 10w\" sizes=\"(max-width: 600px) 91vw, (max-width: 900px) 600px, (max-width: 1060px) 50vw, (max-width: 1200px) 520px, (max-width: 1400px) 43vw, 600px\" data-recalc-dims=\"1\" \/><\/figure><div class=\"wp-block-media-text__content\">\n<p class=\"has-text-align-justify\">\u00ab <em>L\u2019ensemble des projets candidats aux Troph\u00e9es 3 Diamants, et plus particuli\u00e8rement les sept laur\u00e9ats de cette \u00e9dition, sont la preuve qu\u2019il est possible de faire coexister, d\u2019une part, un confort sans concession pour les occupants d\u2019un immeuble tertiaire et de l\u2019autre, une efficacit\u00e9 \u00e9nerg\u00e9tique remarquable et une r\u00e9ponse claire aux enjeux de l\u2019adaptation climatique. Un grand bravo aux gagnants des Troph\u00e9es 3 Diamants ! <\/em>\u00bb&nbsp;<\/p>\n\n\n\n<p class=\"has-sm-color-primary-color has-text-color\"><strong>Antoine Sanchez, <\/strong>Directeur France de la Prescription Nationale Tertiaire chez Mitsubishi Electric Europe.&nbsp;<\/p>\n<\/div><\/div>\n\n\n\n<p class=\"has-sm-color-primary-color has-text-color\"><strong>A propos de Mitsubishi Electric&nbsp;<\/strong><\/p>\n\n\n\n<p class=\"has-text-align-justify\">Groupe mondialement connu pour la haute technologie et la qualit\u00e9 de ses produits, Mitsubishi Electric est pr\u00e9sent en France depuis 1975. Il innove afin de contribuer \u00e0 am\u00e9liorer la qualit\u00e9 de vie de chacun, dans l\u2019esprit de sa devise \u00ab Changes for the Better \u00bb. Il accorde une grande importance aux d\u00e9fis \u00e9nerg\u00e9tiques et souhaite proposer aux particuliers et aux entreprises des solutions pour r\u00e9duire la consommation \u00e9nerg\u00e9tique de leurs b\u00e2timents, tout en contribuant \u00e0 r\u00e9duire leurs co\u00fbts de fonctionnement. En effet, pr\u00e9curseur en mati\u00e8re de confort thermique et d\u2019optimisation \u00e9nerg\u00e9tique, Mitsubishi Electric commercialise une gamme compl\u00e8te de syst\u00e8mes de chauffage et climatisation destin\u00e9s aux secteurs r\u00e9sidentiel et tertiaire.&nbsp;<\/p>\n\n\n\n<p class=\"has-text-align-justify\">L\u2019entreprise a enregistr\u00e9 un chiffre d\u2019affaires de 32,25 milliards d\u2019euros (1) au cours de l\u2019exercice qui a pris fin au 31 mars 2024.&nbsp;<\/p>\n","protected":false},"excerpt":{"rendered":"<p>Le concours des Troph\u00e9es 3 Diamants de Mitsubishi Electric r\u00e9compense les projets immobiliers tertiaires qui r\u00e9pondent le mieux aux crit\u00e8res de performance \u00e9nerg\u00e9tique, d\u2019innovation, de design et de bien-\u00eatre des occupants. L\u2019objectif est de valoriser les bonnes pratiques dans un secteur engag\u00e9 \u00e0 relever le d\u00e9fi de l\u2019adaptation climatique.&nbsp; Neufs ou r\u00e9nov\u00e9s, ces projets sont [&hellip;]<\/p>\n","protected":false},"author":1,"featured_media":48316,"comment_status":"open","ping_status":"open","sticky":true,"template":"","format":"standard","meta":{"spay_email":""},"categories":[4,20,52],"tags":[],"jetpack_featured_media_url":"https:\/\/i2.wp.com\/batimedianews.com\/live\/wp-content\/uploads\/2025\/12\/Mitzubishi.jpg?fit=1444%2C788&ssl=1","jetpack_sharing_enabled":true,"jetpack_likes_enabled":true,"jetpack-related-posts":[{"id":18092,"url":"https:\/\/batimedianews.com\/live\/index.php\/2022\/04\/05\/sommet-de-la-transformation-durable-issy-les-moulineaux-laureat-du-trophee-dor-pour-la-meilleure-transformation-durable\/","url_meta":{"origin":48307,"position":0},"title":"Sommet de la Transformation Durable : Issy-les-Moulineaux laur\u00e9at du Troph\u00e9e d\u2019Or pour la meilleure transformation durable","date":"5 avril 2022","format":false,"excerpt":"A l\u2019occasion de la premi\u00e8re \u00e9dition du Sommet de la Transformation Durable le 10 mars 2022, la ville d\u2019Issy-les-Moulineaux s\u2019est vue d\u00e9cerner le Troph\u00e9e d\u2019Or de la cat\u00e9gorie \" Acteurs Publics : Meilleure transformation durable \". R\u00e9compensant ses actions en faveur d\u2019une ville et d\u2019une administration exemplaire face aux enjeux\u2026","rel":"","context":"Dans &quot;Actualit\u00e9 Entreprises&quot;","img":{"alt_text":"","src":"https:\/\/i2.wp.com\/batimedianews.com\/live\/wp-content\/uploads\/2022\/03\/Issy-les-Moulineaux-Article.jpg?fit=512%2C512&ssl=1&resize=350%2C200","width":350,"height":200},"classes":[]},{"id":46160,"url":"https:\/\/batimedianews.com\/live\/index.php\/2025\/07\/30\/immobilier-decouvrez-les-projets-innovants-et-durables-de-votre-region\/","url_meta":{"origin":48307,"position":1},"title":"Immobilier : D\u00e9couvrez les projets innovants et durables de votre r\u00e9gion","date":"30 juillet 2025","format":false,"excerpt":"Mitsubishi Electric, acteur majeur du chauffage et de la climatisation, lance la 3\u00e8me \u00e9dition des Troph\u00e9es 3 Diamants, un concours qui r\u00e9compense les projets immobiliers innovants et respectueux de l\u2019environnement. Retrouvez les 10 projets en comp\u00e9tition en r\u00e9gion \u00cele-de-France, \u00e0 Cachan, Arcueil (94), Malakoff, Neuilly-sur-Seine (92), Saint-Denis (93), Nozay (91)\u2026","rel":"","context":"Dans &quot;Actualit\u00e9 Entreprises&quot;","img":{"alt_text":"","src":"https:\/\/i2.wp.com\/batimedianews.com\/live\/wp-content\/uploads\/2025\/07\/MitsubishiElectric.jpg?fit=825%2C825&ssl=1&resize=350%2C200","width":350,"height":200},"classes":[]},{"id":26616,"url":"https:\/\/batimedianews.com\/live\/index.php\/2023\/02\/28\/lancement-des-trophees-batiments-circulaires-2023-decouvrez-les-nouveautes-et-candidatez\/","url_meta":{"origin":48307,"position":2},"title":"Lancement des Troph\u00e9es B\u00e2timents Circulaires 2023 : d\u00e9couvrez les nouveaut\u00e9s et candidatez !","date":"28 f\u00e9vrier 2023","format":false,"excerpt":"Apr\u00e8s 2 ans d'existence et d\u00e9j\u00e0 plus de 50 projets\u00a0candidats,\u00a0les Troph\u00e9es B\u00e2timents Circulaires sont de retour en 2023 avec un mot d'ordre pour cette nouvelle \u00e9dition :\u00a0la massification\u00a0! Parmi les 33\u00a0projets candidats en 2022,\u00a08 avaient \u00e9t\u00e9 r\u00e9compens\u00e9s\u00a0lors de la\u00a0soir\u00e9e de remise des prix\u00a0organis\u00e9e le\u00a020 septembre\u00a0dernier, dont plusieurs au del\u00e0 des\u2026","rel":"","context":"Dans &quot;Actualit\u00e9 Entreprises&quot;","img":{"alt_text":"","src":"https:\/\/i0.wp.com\/batimedianews.com\/live\/wp-content\/uploads\/2023\/02\/Boosterdureemploi-Article.jpg?fit=1080%2C1080&ssl=1&resize=350%2C200","width":350,"height":200},"classes":[]},{"id":19625,"url":"https:\/\/batimedianews.com\/live\/index.php\/2022\/05\/04\/la-17-eme-edition-des-trophees-placo-est-lance\/","url_meta":{"origin":48307,"position":3},"title":"La 17 eme \u00e9dition des troph\u00e9es PlACO est lanc\u00e9","date":"4 mai 2022","format":false,"excerpt":"VALORISER LE SAVOIR-FAIRE DES ENTREPRISES\u00a0ET L\u2019EXCELLENCE DES M\u00c9TIERS DU PL\u00c2TRE\u00a0 C\u2019est en 1989 que le Club Entreprises Placo\u00ae lan\u00e7ait ses Troph\u00e9es Placo\u00ae qui restent uniques dans l\u2019univers du b\u00e2timent par leur p\u00e9rennit\u00e9, la qualit\u00e9 des ouvrages pr\u00e9sent\u00e9s et l\u2019excellence des entreprises participantes. Ce concours bisannuel met \u00e0 l\u2019honneur le savoir-faire\u2026","rel":"","context":"Dans &quot;Placo&quot;","img":{"alt_text":"","src":"https:\/\/i0.wp.com\/batimedianews.com\/live\/wp-content\/uploads\/2022\/05\/Placo-Article.jpg?fit=1080%2C1080&ssl=1&resize=350%2C200","width":350,"height":200},"classes":[]},{"id":48611,"url":"https:\/\/batimedianews.com\/live\/index.php\/2025\/12\/18\/mitsubishi-electric-parce-que-la-transition-energetique-du-tertiaire-se-joue-autant-dans-la-conception-que-dans-lexploitation-quotidienne-des-batiments\/","url_meta":{"origin":48307,"position":4},"title":"Mitsubishi Electric : Parce que la transition \u00e9nerg\u00e9tique du tertiaire se joue autant dans la conception que dans l\u2019exploitation quotidienne des b\u00e2timents.","date":"18 d\u00e9cembre 2025","format":false,"excerpt":"\ud83d\udccc Pour Mitsubishi Electric, 2 \u00e9v\u00e9nements importants qui se rejoignent Mitsubishi Electric publie la premi\u00e8re \u00e9dition de son Barom\u00e8tre MELCloud, bas\u00e9 sur des donn\u00e9es r\u00e9elles de consommation \u00e9nerg\u00e9tique issues de b\u00e2timents tertiaires instrument\u00e9s. Un \u00e9clairage in\u00e9dit, \u00e0 l\u2019heure o\u00f9 la performance \u00e9nerg\u00e9tique et le d\u00e9cret tertiaire s\u2019imposent comme des enjeux\u2026","rel":"","context":"Dans &quot;Actualit\u00e9 Entreprises&quot;","img":{"alt_text":"","src":"https:\/\/i0.wp.com\/batimedianews.com\/live\/wp-content\/uploads\/2025\/12\/antoine-sanchez-interview-batimedialive.jpg.png?fit=901%2C501&ssl=1&resize=350%2C200","width":350,"height":200},"classes":[]},{"id":16205,"url":"https:\/\/batimedianews.com\/live\/index.php\/2022\/02\/21\/lancement-de-la-8eme-edition-du-concours-didees\/","url_meta":{"origin":48307,"position":5},"title":"Lancement de la 8\u00e8me \u00e9dition du concours d&rsquo;id\u00e9es","date":"21 f\u00e9vrier 2022","format":false,"excerpt":"Tous les ans, le Syndicat National du B\u00e9ton Pr\u00eat \u00e0 l'Emploi (SNBPE), en partenariat avec CIMb\u00e9ton, organisent \u00e0 destination des \u00e9coles d'ing\u00e9nieurs et des IUT G\u00e9nie Civil, un concours d'id\u00e9es. Pour cette 8\u00e8me\u00a0\u00e9dition, les \u00e9tudiants sont invit\u00e9s \u00e0 r\u00e9fl\u00e9chir sur le th\u00e8me suivant\u00a0:\u00a0\u00ab Le futur des infrastructures de transport d\u00e9carbon\u00e9es\u2026","rel":"","context":"Dans &quot;Actualit\u00e9 Entreprises&quot;","img":{"alt_text":"","src":"https:\/\/i0.wp.com\/batimedianews.com\/live\/wp-content\/uploads\/2022\/02\/SNBPE_CIMbeton-Article.jpg?fit=512%2C512&ssl=1&resize=350%2C200","width":350,"height":200},"classes":[]}],"_links":{"self":[{"href":"https:\/\/batimedianews.com\/live\/index.php\/wp-json\/wp\/v2\/posts\/48307"}],"collection":[{"href":"https:\/\/batimedianews.com\/live\/index.php\/wp-json\/wp\/v2\/posts"}],"about":[{"href":"https:\/\/batimedianews.com\/live\/index.php\/wp-json\/wp\/v2\/types\/post"}],"author":[{"embeddable":true,"href":"https:\/\/batimedianews.com\/live\/index.php\/wp-json\/wp\/v2\/users\/1"}],"replies":[{"embeddable":true,"href":"https:\/\/batimedianews.com\/live\/index.php\/wp-json\/wp\/v2\/comments?post=48307"}],"version-history":[{"count":4,"href":"https:\/\/batimedianews.com\/live\/index.php\/wp-json\/wp\/v2\/posts\/48307\/revisions"}],"predecessor-version":[{"id":48585,"href":"https:\/\/batimedianews.com\/live\/index.php\/wp-json\/wp\/v2\/posts\/48307\/revisions\/48585"}],"wp:featuredmedia":[{"embeddable":true,"href":"https:\/\/batimedianews.com\/live\/index.php\/wp-json\/wp\/v2\/media\/48316"}],"wp:attachment":[{"href":"https:\/\/batimedianews.com\/live\/index.php\/wp-json\/wp\/v2\/media?parent=48307"}],"wp:term":[{"taxonomy":"category","embeddable":true,"href":"https:\/\/batimedianews.com\/live\/index.php\/wp-json\/wp\/v2\/categories?post=48307"},{"taxonomy":"post_tag","embeddable":true,"href":"https:\/\/batimedianews.com\/live\/index.php\/wp-json\/wp\/v2\/tags?post=48307"}],"curies":[{"name":"wp","href":"https:\/\/api.w.org\/{rel}","templated":true}]}}