{"id":48326,"date":"2025-12-11T11:42:00","date_gmt":"2025-12-11T10:42:00","guid":{"rendered":"http:\/\/batimedianews.com\/live\/?p=48326"},"modified":"2025-12-11T11:42:03","modified_gmt":"2025-12-11T10:42:03","slug":"paysalia-2025-polieco-france-lance-sa-nouvelle-gamme-kio-a15-coloree","status":"publish","type":"post","link":"https:\/\/batimedianews.com\/live\/index.php\/2025\/12\/11\/paysalia-2025-polieco-france-lance-sa-nouvelle-gamme-kio-a15-coloree\/","title":{"rendered":"PAYSALIA 2025 : POLIECO FRANCE lance sa nouvelle gamme KIO A15 color\u00e9e"},"content":{"rendered":"\n<p class=\"has-text-align-center has-sm-light-primary-color has-text-color has-background has-medium-font-size\" style=\"background-color:#38a300\"><em><strong>Une innovation d\u00e9di\u00e9e \u00e0 l&rsquo;int\u00e9gration paysag\u00e8re optimale<\/strong><\/em><\/p>\n\n\n\n<p class=\"has-text-align-justify\"><strong><a rel=\"noreferrer noopener\" href=\"https:\/\/polieco.com\/fr\/polieco-group\/\" target=\"_blank\">Polieco France<\/a>,&nbsp;l&rsquo;un des leaders europ\u00e9ens des dispositifs de fermeture en mat\u00e9riau composite, poursuit sa dynamique d&rsquo;innovation et \u00e9largit&nbsp;<a rel=\"noreferrer noopener\" href=\"https:\/\/polieco.com\/fr\/type\/chiusini-fr\/\" target=\"_blank\">son offre KIO<\/a>&nbsp;avec la nouvelle gamme A15 d\u00e9clin\u00e9e dans un premier temps en trois coloris teint\u00e9s dans la masse&nbsp;: vert, beige et gris.<br>Cette \u00e9volution vise \u00e0 r\u00e9pondre aux attentes du march\u00e9, notamment \u00e0 une demande croissante des professionnels attach\u00e9s \u00e0 la coh\u00e9rence esth\u00e9tique et mat\u00e9rielle de leurs am\u00e9nagements ext\u00e9rieurs.<\/strong><\/p>\n\n\n\n<p class=\"has-text-align-center has-sm-light-primary-color has-text-color has-background has-medium-font-size\" style=\"background-color:#38a300\"><strong>Une innovation pens\u00e9e pour les am\u00e9nagements ext\u00e9rieurs<\/strong><\/p>\n\n\n\n<div class=\"wp-block-media-text alignwide has-media-on-the-right is-stacked-on-mobile\" style=\"grid-template-columns:auto 25%\"><figure class=\"wp-block-media-text__media\"><img loading=\"lazy\" width=\"296\" height=\"206\" src=\"https:\/\/i1.wp.com\/batimedianews.com\/live\/wp-content\/uploads\/2025\/12\/image-30.png?resize=296%2C206\" alt=\"\" class=\"wp-image-48327 size-full\" srcset=\"https:\/\/i1.wp.com\/batimedianews.com\/live\/wp-content\/uploads\/2025\/12\/image-30.png?w=296&amp;ssl=1 296w, https:\/\/i1.wp.com\/batimedianews.com\/live\/wp-content\/uploads\/2025\/12\/image-30.png?resize=768%2C534&amp;ssl=1 768w\" sizes=\"(max-width: 600px) 91vw, (max-width: 900px) 600px, (max-width: 1060px) 50vw, (max-width: 1200px) 520px, (max-width: 1400px) 43vw, 600px\" data-recalc-dims=\"1\" \/><\/figure><div class=\"wp-block-media-text__content\">\n<p class=\"has-text-align-justify has-normal-font-size\">Con\u00e7ue pour les zones non circulables, la gamme KIO A15 s&rsquo;adresse aux paysagistes, aux ma\u00e7ons mais aussi aux particuliers.<br>Elle r\u00e9pond aux besoins des am\u00e9nagements de terrasses, abords de maison et de piscine, ainsi qu&rsquo;aux zones dall\u00e9es, pav\u00e9es ou en b\u00e9ton d\u00e9sactiv\u00e9.<\/p>\n<\/div><\/div>\n\n\n\n<p class=\"has-text-align-justify\">Fruit de pr\u00e8s de deux ans de d\u00e9veloppement, cette gamme sera commercialis\u00e9e au premier trimestre 2026. Elle b\u00e9n\u00e9ficie d&rsquo;un travail approfondi sur les usages, les mat\u00e9riaux, le design et les teintes, afin d&rsquo;assurer une int\u00e9gration harmonieuse dans la diversit\u00e9 des configurations paysag\u00e8res.<\/p>\n\n\n\n<p class=\"has-text-align-justify\">\u00ab&nbsp;<em>Nous avions l\u2019ambition depuis longtemps d\u2019\u00e9largir notre offre pour l\u2019am\u00e9nagement ext\u00e9rieur. Nous avons d\u00e9velopp\u00e9 une nouvelle gamme&nbsp;<strong>pour \u00eatre pleinement en phase avec les attentes des professionnels comme des particuliers.&nbsp;<\/strong>Si des solutions color\u00e9es existent d\u00e9j\u00e0, aucune ne proposait jusqu\u2019ici une telle vari\u00e9t\u00e9 de dimensions et de coloris en standard. Polieco France se positionne ainsi comme un acteur pr\u00e9curseur sur ce segment en pleine \u00e9volution<\/em>&nbsp;\u00bb, explique&nbsp;<strong><a rel=\"noreferrer noopener\" href=\"https:\/\/www.linkedin.com\/in\/cyril-darriet-8a4002173\/?originalSubdomain=fr\" target=\"_blank\">Cyril DARRIET<\/a>,&nbsp;Responsable d\u00e9veloppement des ventes KIO, Polieco France.<\/strong><\/p>\n\n\n\n<p class=\"has-text-align-center has-sm-light-primary-color has-text-color has-background has-medium-font-size\" style=\"background-color:#38a300\"><strong>3 coloris pour des usages cibl\u00e9s et des performances fiables<\/strong><\/p>\n\n\n\n<p class=\"has-text-align-justify\">Dans un premier temps, les trois teintes propos\u00e9es ont \u00e9t\u00e9 pens\u00e9es pour s\u2019int\u00e9grer parfaitement avec les mat\u00e9riaux les plus courants :&nbsp;<strong>le vert<\/strong>&nbsp;assure une continuit\u00e9 naturelle avec les espaces v\u00e9g\u00e9talis\u00e9s,&nbsp;<strong>le beige<\/strong>&nbsp;s&rsquo;int\u00e8gre aux zones sabl\u00e9es, pav\u00e9s clairs ou abords de piscine, et&nbsp;<strong>le gris<\/strong>&nbsp;accompagne les b\u00e9tons d\u00e9sactiv\u00e9s ou les am\u00e9nagements urbains.<br>Par ailleurs, la gamme KIO A15 pr\u00e9sente une r\u00e9sistance de 15 kN, soit jusqu&rsquo;\u00e0 1,5 tonne, conform\u00e9ment \u00e0 la norme EN 124-5. Elle sera disponible en format carr\u00e9, du 300 \u00d7 300 au 700 \u00d7 700 mm, avec cadre et tampon teint\u00e9s dans la masse.<\/p>\n\n\n\n<p class=\"has-text-align-center has-sm-light-primary-color has-text-color has-background has-medium-font-size\" style=\"background-color:#38a300\"><strong>Une conception 100 % composite pens\u00e9e pour r\u00e9sister et durer<\/strong><\/p>\n\n\n\n<p class=\"has-text-align-justify\">Enti\u00e8rement con\u00e7ue en mat\u00e9riau composite, la gamme allie r\u00e9sistance \u00e0 la corrosion, l\u00e9g\u00e8ret\u00e9 et durabilit\u00e9. Elle se distingue par un large choix de dimensions, un design moderne, un cadre lisse facilitant l&rsquo;int\u00e9gration dans les pavages ou dallages et des coloris int\u00e9gr\u00e9s dans la masse assurant un rendu durable. Elle peut \u00e9galement \u00eatre personnalis\u00e9e (couleur, logo ou marquage) selon les volumes.<\/p>\n\n\n\n<p class=\"has-text-align-justify has-small-font-size\">Polieco France est sp\u00e9cialis\u00e9e dans la fabrication et la vente de tubes et drains annel\u00e9s double paroi en poly\u00e9thyl\u00e8ne haute densit\u00e9 pour la gestion des eaux pluviales et pour les r\u00e9seaux secs. Gr\u00e2ce \u00e0 un atelier de chaudronnerie plastique, l&rsquo;entreprise r\u00e9alise des pi\u00e8ces et des regards sur mesure, des bassins d&rsquo;infiltration, bassins tampon&nbsp;d&rsquo;orage et cuves de stockage d&rsquo;eau.&nbsp;<br>Polieco propose \u00e9galement une gamme de tampons de voirie en mat\u00e9riau composite, le KIO.<br><br>Polieco a enregistr\u00e9 en 2024 de bons r\u00e9sultats avec un chiffre d\u2019affaires de pr\u00e8s de 40 M\u20ac.<br>La philosophie \u00e0 l\u2019origine du succ\u00e8s du Groupe Polieco est fond\u00e9e sur trois facteurs diff\u00e9rents : respect de l\u2019environnement, qualit\u00e9 constante et innovation technologique.<\/p>\n","protected":false},"excerpt":{"rendered":"<p>Une innovation d\u00e9di\u00e9e \u00e0 l&rsquo;int\u00e9gration paysag\u00e8re optimale Polieco France,&nbsp;l&rsquo;un des leaders europ\u00e9ens des dispositifs de fermeture en mat\u00e9riau composite, poursuit sa dynamique d&rsquo;innovation et \u00e9largit&nbsp;son offre KIO&nbsp;avec la nouvelle gamme A15 d\u00e9clin\u00e9e dans un premier temps en trois coloris teint\u00e9s dans la masse&nbsp;: vert, beige et gris.Cette \u00e9volution vise \u00e0 r\u00e9pondre aux attentes du march\u00e9, [&hellip;]<\/p>\n","protected":false},"author":41,"featured_media":48328,"comment_status":"open","ping_status":"open","sticky":true,"template":"","format":"standard","meta":{"spay_email":""},"categories":[4],"tags":[],"jetpack_featured_media_url":"https:\/\/i1.wp.com\/batimedianews.com\/live\/wp-content\/uploads\/2025\/12\/Polieco.jpg?fit=1513%2C825&ssl=1","jetpack_sharing_enabled":true,"jetpack_likes_enabled":true,"jetpack-related-posts":[{"id":47399,"url":"https:\/\/batimedianews.com\/live\/index.php\/2025\/10\/15\/polieco-elargit-sa-gamme-kio-combi-avec-une-version-sur-mesure-multi-tampons\/","url_meta":{"origin":48326,"position":0},"title":"Polieco \u00e9largit sa gamme KIO COMBI avec une version sur-mesure multi-tampons","date":"15 octobre 2025","format":false,"excerpt":"Une solution innovante permettant la fermeture regards et de chambres techniques de grandes dimensions, gr\u00e2ce \u00e0 la combinaison d\u2019un cadre en aluminium et de tampons en composite Apr\u00e8s le lancement du KIO COMBI standard en 2024, Polieco France, leader en Europe sur les gammes de tampons en mat\u00e9riau composite, enrichit\u2026","rel":"","context":"Dans &quot;Actualit\u00e9 Entreprises&quot;","img":{"alt_text":"","src":"https:\/\/i2.wp.com\/batimedianews.com\/live\/wp-content\/uploads\/2025\/10\/Polieco.jpg?fit=825%2C825&ssl=1&resize=350%2C200","width":350,"height":200},"classes":[]},{"id":28924,"url":"https:\/\/batimedianews.com\/live\/index.php\/2023\/05\/30\/creation-dun-branchement-deau-potable\/","url_meta":{"origin":48326,"position":1},"title":"Cr\u00e9ation d&rsquo;un branchement d&rsquo;eau potable","date":"30 mai 2023","format":false,"excerpt":"Le tampon KIO de Polieco France en mat\u00e9riau composite : une solution efficace pour r\u00e9pondre aux besoins de la t\u00e9l\u00e9rel\u00e8ve des compteurs d'eau potable du SIEVA (Syndicat Intercommunal des Eaux du Val d'Azergues) Le Syndicat Intercommunal des Eaux du Val d'Azergues (SIEVA - 69) a r\u00e9alis\u00e9, en janvier dernier dans\u2026","rel":"","context":"Dans &quot;Actualit\u00e9 Entreprises&quot;","img":{"alt_text":"","src":"https:\/\/i2.wp.com\/batimedianews.com\/live\/wp-content\/uploads\/2023\/05\/Polieco-Article.jpg?fit=1080%2C1080&ssl=1&resize=350%2C200","width":350,"height":200},"classes":[]},{"id":20953,"url":"https:\/\/batimedianews.com\/live\/index.php\/2022\/06\/15\/polieco-france-lance-la-premiere-cuve-monobloc-4-en-1-adaptee-a-la-gestion-des-eaux-de-pluie-a-la-parcelle\/","url_meta":{"origin":48326,"position":2},"title":"POLIECO France lance la premi\u00e8re cuve monobloc 4 en 1 adapt\u00e9e \u00e0 la gestion des eaux de pluie \u00e0 la parcelle","date":"15 juin 2022","format":false,"excerpt":"2022 marque pour Polieco France, l\u2019une des entreprises leaders en Europe dans la fabrication et la vente de tubes annel\u00e9s double paroi en poly\u00e9thyl\u00e8ne haute densit\u00e9, le lancement d\u2019un tout nouveau produit destin\u00e9 \u00e0 la gestion des eaux pluviales \u00e0 la parcelle, le TAMP\u2019EAU hybride. La seule solution pr\u00e9sente sur\u2026","rel":"","context":"Dans &quot;Actualit\u00e9 Entreprises&quot;","img":{"alt_text":"","src":"https:\/\/i2.wp.com\/batimedianews.com\/live\/wp-content\/uploads\/2022\/06\/Polieco-Article.jpg?fit=1080%2C1080&ssl=1&resize=350%2C200","width":350,"height":200},"classes":[]},{"id":11576,"url":"https:\/\/batimedianews.com\/live\/index.php\/2021\/08\/28\/extension-du-port-de-calais-polieco-france-fournit-353-km-de-tubes-pour-reseaux-secs\/","url_meta":{"origin":48326,"position":3},"title":"EXTENSION DU PORT DE CALAIS : POLIECO France fournit 353 km de tubes pour r\u00e9seaux secs","date":"28 ao\u00fbt 2021","format":false,"excerpt":"Entre 2015 et mai 2021, le port de Calais a fait l\u2019objet de grands travaux d\u2019extension. Dans le cadre de ce chantier, Polieco France, l\u2019un des leaders en Europe dans la fabrication et la vente de tubes annel\u00e9s double paroi en poly\u00e9thyl\u00e8ne haute densit\u00e9, a \u00e9t\u00e9 retenu pour la fourniture\u2026","rel":"","context":"Dans &quot;Actualit\u00e9 Entreprises&quot;","img":{"alt_text":"","src":"https:\/\/i1.wp.com\/batimedianews.com\/live\/wp-content\/uploads\/2021\/08\/Polieco-Article.jpg?fit=512%2C512&ssl=1&resize=350%2C200","width":350,"height":200},"classes":[]},{"id":9995,"url":"https:\/\/batimedianews.com\/live\/index.php\/2021\/05\/20\/une-solution-sur-mesure-de-retention-et-de-regulation-des-eaux-pluviales-100-pehd-proposee-par-polieco-france-pour-une-maison-de-seniors-a-angers\/","url_meta":{"origin":48326,"position":4},"title":"UNE SOLUTION SUR MESURE DE R\u00c9TENTION ET DE R\u00c9GULATION DES EAUX PLUVIALES 100 % PEHD PROPOS\u00c9E PAR POLIECO FRANCE POUR UNE MAISON DE SENIORS \u00c0 ANGERS","date":"20 mai 2021","format":false,"excerpt":"Dans le cadre de travaux VRD* r\u00e9alis\u00e9s par l\u2019entreprise TPPL (TRAVAUX PUBLICS DES PAYS DE LA LOIRE) pour une r\u00e9sidence seniors \u00abALIENOR\u00bb \u00e0 Angers [49], Polieco France, l\u2019un des leaders en Europe dans la fabrication et la vente de tubes annel\u00e9s double paroi en poly\u00e9thyl\u00e8ne haute densit\u00e9, a con\u00e7u sur\u2026","rel":"","context":"Dans &quot;Actualit\u00e9 Entreprises&quot;","img":{"alt_text":"","src":"https:\/\/i1.wp.com\/batimedianews.com\/live\/wp-content\/uploads\/2021\/05\/Polieco-Article-2.jpg?fit=512%2C512&ssl=1&resize=350%2C200","width":350,"height":200},"classes":[]},{"id":30207,"url":"https:\/\/batimedianews.com\/live\/index.php\/2023\/07\/13\/polieco-france-propose-une-solution-complete-et-efficace-pour-la-gestion-des-eaux-pluviales-avec-sa-gamme-de-regards-pehd-sur-mesure\/","url_meta":{"origin":48326,"position":5},"title":"Polieco France propose une solution compl\u00e8te et efficace pour la gestion des eaux pluviales avec sa gamme de regards PEHD sur mesure","date":"13 juillet 2023","format":false,"excerpt":"Polieco France, l\u2019une des entreprises leaders en Europe dans la fabrication et la vente de tubes annel\u00e9s double paroi en poly\u00e9thyl\u00e8ne haute densit\u00e9, pr\u00e9sente sa gamme de regards \u00e9tanches sur mesure. Gr\u00e2ce \u00e0 son atelier de chaudronnerie plastique, l\u2019entreprise offre des regards fabriqu\u00e9s \u00e0 partir de tubes annel\u00e9s SN8, proposant\u2026","rel":"","context":"Dans &quot;Actualit\u00e9 Entreprises&quot;","img":{"alt_text":"","src":"https:\/\/i0.wp.com\/batimedianews.com\/live\/wp-content\/uploads\/2023\/07\/Polieco-article.jpg?fit=1080%2C1080&ssl=1&resize=350%2C200","width":350,"height":200},"classes":[]}],"_links":{"self":[{"href":"https:\/\/batimedianews.com\/live\/index.php\/wp-json\/wp\/v2\/posts\/48326"}],"collection":[{"href":"https:\/\/batimedianews.com\/live\/index.php\/wp-json\/wp\/v2\/posts"}],"about":[{"href":"https:\/\/batimedianews.com\/live\/index.php\/wp-json\/wp\/v2\/types\/post"}],"author":[{"embeddable":true,"href":"https:\/\/batimedianews.com\/live\/index.php\/wp-json\/wp\/v2\/users\/41"}],"replies":[{"embeddable":true,"href":"https:\/\/batimedianews.com\/live\/index.php\/wp-json\/wp\/v2\/comments?post=48326"}],"version-history":[{"count":2,"href":"https:\/\/batimedianews.com\/live\/index.php\/wp-json\/wp\/v2\/posts\/48326\/revisions"}],"predecessor-version":[{"id":48422,"href":"https:\/\/batimedianews.com\/live\/index.php\/wp-json\/wp\/v2\/posts\/48326\/revisions\/48422"}],"wp:featuredmedia":[{"embeddable":true,"href":"https:\/\/batimedianews.com\/live\/index.php\/wp-json\/wp\/v2\/media\/48328"}],"wp:attachment":[{"href":"https:\/\/batimedianews.com\/live\/index.php\/wp-json\/wp\/v2\/media?parent=48326"}],"wp:term":[{"taxonomy":"category","embeddable":true,"href":"https:\/\/batimedianews.com\/live\/index.php\/wp-json\/wp\/v2\/categories?post=48326"},{"taxonomy":"post_tag","embeddable":true,"href":"https:\/\/batimedianews.com\/live\/index.php\/wp-json\/wp\/v2\/tags?post=48326"}],"curies":[{"name":"wp","href":"https:\/\/api.w.org\/{rel}","templated":true}]}}