{"id":48344,"date":"2025-12-11T19:17:02","date_gmt":"2025-12-11T18:17:02","guid":{"rendered":"http:\/\/batimedianews.com\/live\/?p=48344"},"modified":"2025-12-11T19:17:05","modified_gmt":"2025-12-11T18:17:05","slug":"cemex-accompagne-la-renaissance-du-mythique-cinema-theatre-le-normandy-qui-a-rouvert-ses-portes-au-public-lors-dun-week-end-inaugural-exceptionnel-au-havre","status":"publish","type":"post","link":"https:\/\/batimedianews.com\/live\/index.php\/2025\/12\/11\/cemex-accompagne-la-renaissance-du-mythique-cinema-theatre-le-normandy-qui-a-rouvert-ses-portes-au-public-lors-dun-week-end-inaugural-exceptionnel-au-havre\/","title":{"rendered":"Cemex accompagne la renaissance du mythique cin\u00e9ma-th\u00e9\u00e2tre Le Normandy, qui a rouvert ses portes au public lors d\u2019un week-end inaugural exceptionnel au Havre"},"content":{"rendered":"\n<p class=\"has-text-align-justify\"><em><strong>Rungis, le 2 d\u00e9cembre 2025<\/strong> \u2013 Apr\u00e8s plusieurs mois de travaux et 35 ans de fermeture, le l\u00e9gendaire cin\u00e9ma-th\u00e9\u00e2tre Le Normandy, lieu culturel embl\u00e9matique du Havre, a rouvert ses portes au public. Les 28, 29 et 30 novembre 2025, s\u2019est tenu un week-end inaugural d\u2019envergure, ponctu\u00e9 notamment d\u2019un grand spectacle pens\u00e9 sp\u00e9cialement pour c\u00e9l\u00e9brer la renaissance de ce monument Art d\u00e9co. Cemex France est fier d\u2019avoir contribu\u00e9 \u00e0 la r\u00e9habilitation, en livrant pr\u00e8s de 700 m3 de b\u00e9ton, pour ce b\u00e2timent charg\u00e9 d\u2019histoire, qui a jadis accueilli de nombreux artistes de renoms tels que Charles Aznavour, Bourvil, Duke Ellington ou encore Luis Mariano.<\/em><\/p>\n\n\n\n<p><strong>Redonner vie au patrimoine culturel havrais<\/strong><\/p>\n\n\n\n<p class=\"has-text-align-justify\">Ferm\u00e9 depuis des ann\u00e9es et tomb\u00e9 en arr\u00eat\u00e9 de p\u00e9ril, l\u2019ancien cin\u00e9ma-th\u00e9\u00e2tre Le Normandy, \u00e9difice construit en 1934 dans un style art d\u00e9co, a fait l\u2019objet d\u2019une ambitieuse r\u00e9habilitation afin d\u2019en faire un espace culturel, artistique et citoyen ouvert \u00e0 tous. L\u2019Association du Normandy, porteuse du projet, a sollicit\u00e9 Cemex pour contribuer \u00e0 la r\u00e9habilitation du lieu.<\/p>\n\n\n\n<p class=\"has-text-align-justify\">Afin de satisfaire aux exigences techniques \u00e9lev\u00e9es du site, en particulier acoustiques, li\u00e9es \u00e0 l\u2019utilisation sc\u00e9nique du b\u00e2timent, un syst\u00e8me innovant a \u00e9t\u00e9 con\u00e7u. Celui-ci comprend deux dalles de b\u00e9ton int\u00e9gr\u00e9es dans un matelas isolant constitu\u00e9 de 800 plots \u00e9lastom\u00e8res. Ce dispositif permet de r\u00e9duire consid\u00e9rablement les nuisances sonores et garantit un confort acoustique optimal pour les spectateurs. Ainsi, en mars dernier, pour la r\u00e9alisation d\u2019une premi\u00e8re dalle, Cemex a fourni 112 m3 de b\u00e9ton \u00e0 Legendre Construction, en charge des travaux. Ce b\u00e9ton a \u00e9t\u00e9 mis en \u0153uvre par la soci\u00e9t\u00e9 Surfab\u00e9ton, sp\u00e9cialis\u00e9e dans les travaux de dallage. Une seconde dalle identique a ensuite \u00e9t\u00e9 coul\u00e9e en septembre dernier. D\u2019autres livraisons de b\u00e9ton ont eu lieu tout au long du chantier jusqu\u2019au derniers coulages en novembre. Au total pr\u00e8s de 700 m3 de b\u00e9ton ont \u00e9t\u00e9 fournis pour la r\u00e9novation du cin\u00e9ma-th\u00e9\u00e2tre.<\/p>\n\n\n\n<figure class=\"wp-block-image size-full\"><img loading=\"lazy\" width=\"720\" height=\"720\" src=\"https:\/\/i0.wp.com\/batimedianews.com\/live\/wp-content\/uploads\/2025\/12\/Cemex-Normandy12-scaled.jpg?resize=720%2C720\" alt=\"\" class=\"wp-image-48345\" srcset=\"https:\/\/i0.wp.com\/batimedianews.com\/live\/wp-content\/uploads\/2025\/12\/Cemex-Normandy12-scaled.jpg?w=2560&amp;ssl=1 2560w, https:\/\/i0.wp.com\/batimedianews.com\/live\/wp-content\/uploads\/2025\/12\/Cemex-Normandy12-scaled.jpg?resize=600%2C600&amp;ssl=1 600w, https:\/\/i0.wp.com\/batimedianews.com\/live\/wp-content\/uploads\/2025\/12\/Cemex-Normandy12-scaled.jpg?resize=1024%2C1024&amp;ssl=1 1024w, https:\/\/i0.wp.com\/batimedianews.com\/live\/wp-content\/uploads\/2025\/12\/Cemex-Normandy12-scaled.jpg?resize=300%2C300&amp;ssl=1 300w, https:\/\/i0.wp.com\/batimedianews.com\/live\/wp-content\/uploads\/2025\/12\/Cemex-Normandy12-scaled.jpg?resize=1536%2C1536&amp;ssl=1 1536w, https:\/\/i0.wp.com\/batimedianews.com\/live\/wp-content\/uploads\/2025\/12\/Cemex-Normandy12-scaled.jpg?resize=2048%2C2048&amp;ssl=1 2048w, https:\/\/i0.wp.com\/batimedianews.com\/live\/wp-content\/uploads\/2025\/12\/Cemex-Normandy12-scaled.jpg?resize=10%2C10&amp;ssl=1 10w, https:\/\/i0.wp.com\/batimedianews.com\/live\/wp-content\/uploads\/2025\/12\/Cemex-Normandy12-scaled.jpg?w=1440 1440w, https:\/\/i0.wp.com\/batimedianews.com\/live\/wp-content\/uploads\/2025\/12\/Cemex-Normandy12-scaled.jpg?w=2160 2160w\" sizes=\"(max-width: 600px) 91vw, (max-width: 900px) 600px, (max-width: 1060px) 50vw, (max-width: 1200px) 520px, (max-width: 1400px) 43vw, 600px\" data-recalc-dims=\"1\" \/><\/figure>\n\n\n\n<p><strong>Des solutions sur mesure<\/strong><\/p>\n\n\n\n<p class=\"has-text-align-justify\">Cemex a \u00e9galement propos\u00e9 pour ce chantier des solutions sur mesure avec l\u2019utilisation de pompes \u00e0 b\u00e9ton afin de faciliter la mise en oeuvre et fourni une logistique adapt\u00e9e aux contraintes du chantier.<\/p>\n\n\n\n<p class=\"has-text-align-justify\">Enfin, la commande et la livraison du b\u00e9ton pr\u00eat \u00e0 l\u2019emploi ont \u00e9t\u00e9 assur\u00e9es via la plateforme digitale Cemex Go, garantissant un suivi optimal, le respect des d\u00e9lais et une qualit\u00e9 constante.<\/p>\n\n\n\n<p class=\"has-text-align-justify\">\u00ab Au-del\u00e0de la fourniture des mat\u00e9riaux, nous nous sommes impliqu\u00e9s d\u00e8s l\u2019origine en facilitant les mises en relation entre le porteur de projet et les entreprises partenaires locales. Nous sommes fiers de participer \u00e0 la r\u00e9novation de ce patrimoine embl\u00e9matique de la ville du Havre en mettant \u00e0 la disposition de la maitrise d\u2019ouvrage nos solutions logistiques les plus performantes. \u00bb indique Ioannis Sanios, directeur du secteur Haute-Normandie de Cemex France.<\/p>\n\n\n\n<p><strong>Un week-end inaugural pour c\u00e9l\u00e9brer la renaissance du Normandy<\/strong><\/p>\n\n\n\n<p class=\"has-text-align-justify\">Les 28, 29 et 30 novembre 2025, Le Normandy a accueilli un week-end festif et culturel ouvert \u00e0 tous, m\u00ealant performances artistiques, rencontres avec les \u00e9quipes du projet et un spectacle exceptionnel sp\u00e9cialement imagin\u00e9 pour l\u2019\u00e9v\u00e9nement. Cette f\u00eate populaire a marqu\u00e9 le grand retour d\u2019un lieu qui s\u2019appr\u00eate \u00e0 redevenir un acteur incontournable de la vie culturelle havraise.<\/p>\n\n\n\n<p class=\"has-text-align-justify\">Le week-end s\u2019est achev\u00e9 par une soir\u00e9e d\u2019inauguration organis\u00e9e le 1er d\u00e9cembre, r\u00e9unissant les repr\u00e9sentants des entreprises partenaires ainsi que le maire du Havre, Monsieur Edouard Philippe.<\/p>\n\n\n\n<figure class=\"wp-block-image size-full\"><img loading=\"lazy\" width=\"720\" height=\"720\" src=\"https:\/\/i0.wp.com\/batimedianews.com\/live\/wp-content\/uploads\/2025\/12\/Cemex-Normandy31-scaled.jpg?resize=720%2C720\" alt=\"\" class=\"wp-image-48346\" srcset=\"https:\/\/i0.wp.com\/batimedianews.com\/live\/wp-content\/uploads\/2025\/12\/Cemex-Normandy31-scaled.jpg?w=2560&amp;ssl=1 2560w, https:\/\/i0.wp.com\/batimedianews.com\/live\/wp-content\/uploads\/2025\/12\/Cemex-Normandy31-scaled.jpg?resize=600%2C600&amp;ssl=1 600w, https:\/\/i0.wp.com\/batimedianews.com\/live\/wp-content\/uploads\/2025\/12\/Cemex-Normandy31-scaled.jpg?resize=1024%2C1024&amp;ssl=1 1024w, https:\/\/i0.wp.com\/batimedianews.com\/live\/wp-content\/uploads\/2025\/12\/Cemex-Normandy31-scaled.jpg?resize=300%2C300&amp;ssl=1 300w, https:\/\/i0.wp.com\/batimedianews.com\/live\/wp-content\/uploads\/2025\/12\/Cemex-Normandy31-scaled.jpg?resize=1536%2C1536&amp;ssl=1 1536w, https:\/\/i0.wp.com\/batimedianews.com\/live\/wp-content\/uploads\/2025\/12\/Cemex-Normandy31-scaled.jpg?resize=2048%2C2048&amp;ssl=1 2048w, https:\/\/i0.wp.com\/batimedianews.com\/live\/wp-content\/uploads\/2025\/12\/Cemex-Normandy31-scaled.jpg?resize=10%2C10&amp;ssl=1 10w, https:\/\/i0.wp.com\/batimedianews.com\/live\/wp-content\/uploads\/2025\/12\/Cemex-Normandy31-scaled.jpg?w=1440 1440w, https:\/\/i0.wp.com\/batimedianews.com\/live\/wp-content\/uploads\/2025\/12\/Cemex-Normandy31-scaled.jpg?w=2160 2160w\" sizes=\"(max-width: 600px) 91vw, (max-width: 900px) 600px, (max-width: 1060px) 50vw, (max-width: 1200px) 520px, (max-width: 1400px) 43vw, 600px\" data-recalc-dims=\"1\" \/><\/figure>\n\n\n\n<div class=\"wp-block-group has-background\" style=\"background-color:#d8dadb\"><div class=\"wp-block-group__inner-container\">\n<p><strong>A propos de Cemex<\/strong><\/p>\n\n\n\n<p class=\"has-text-align-justify has-small-font-size\">Cemex est une entreprise mondiale de mat\u00e9riaux de construction qui aide \u00e0 construire un avenir meilleur gr\u00e2ce \u00e0 des produits et des solutions durables. Cemex s&rsquo;engage \u00e0 atteindre la neutralit\u00e9 carbone par une innovation permanente et une R&amp; \u00e0 la pointe de l&rsquo;industrie. Le Groupe est \u00e0 l&rsquo;avant-garde de l&rsquo;\u00e9conomie circulaire dans la cha\u00eene de valeur de la construction, et pionnier dans le d\u00e9veloppement de l&rsquo;utilisation des d\u00e9chets et des r\u00e9sidus comme mati\u00e8res premi\u00e8res et combustibles alternatifs dans ses op\u00e9rations, en s\u2019appuyant sur de nouvelles technologies. Cemex fournit du ciment, du b\u00e9ton pr\u00eat \u00e0 l&#8217;emploi, des granulats et des solutions d&rsquo;urbanisation sur des march\u00e9s en croissance \u00e0 travers le monde, en proposant la meilleure exp\u00e9rience client, rendue possible par les technologies digitales.<\/p>\n\n\n\n<p class=\"has-text-align-justify has-small-font-size\">En France, Cemex est un acteur de premier plan du b\u00e9ton pr\u00eat \u00e0 l&#8217;emploi et des granulats avec plus de 250 implantations r\u00e9parties sur le territoire. Ses sites b\u00e9tons et granulats sont certifi\u00e9s ISO 14001 et Engagement biodiversit\u00e9, et ont atteint le niveau \u00ab exemplarit\u00e9 \u00bb dans le cadre du Label RSE UNICEM entreprises engag\u00e9es.<\/p>\n\n\n\n<p class=\"has-small-font-size\">Cemex France a adopt\u00e9 la qualit\u00e9 de soci\u00e9t\u00e9 \u00e0 mission en mars 2023.<\/p>\n<\/div><\/div>\n","protected":false},"excerpt":{"rendered":"<p>Rungis, le 2 d\u00e9cembre 2025 \u2013 Apr\u00e8s plusieurs mois de travaux et 35 ans de fermeture, le l\u00e9gendaire cin\u00e9ma-th\u00e9\u00e2tre Le Normandy, lieu culturel embl\u00e9matique du Havre, a rouvert ses portes au public. Les 28, 29 et 30 novembre 2025, s\u2019est tenu un week-end inaugural d\u2019envergure, ponctu\u00e9 notamment d\u2019un grand spectacle pens\u00e9 sp\u00e9cialement pour c\u00e9l\u00e9brer la [&hellip;]<\/p>\n","protected":false},"author":41,"featured_media":48347,"comment_status":"open","ping_status":"open","sticky":true,"template":"","format":"standard","meta":{"spay_email":""},"categories":[4,108],"tags":[],"jetpack_featured_media_url":"https:\/\/i0.wp.com\/batimedianews.com\/live\/wp-content\/uploads\/2025\/12\/Cemex.jpg?fit=1513%2C825&ssl=1","jetpack_sharing_enabled":true,"jetpack_likes_enabled":true,"jetpack-related-posts":[{"id":5470,"url":"https:\/\/batimedianews.com\/live\/index.php\/2020\/07\/20\/plaque-de-platre-placo-phonique-se-creer-un-havre-de-tranquillite\/","url_meta":{"origin":48344,"position":0},"title":"PLAQUE DE PL\u00c2TRE PLACO\u00ae PHONIQUE : SE CR\u00c9ER UN HAVRE DE TRANQUILLIT\u00c9","date":"20 juillet 2020","format":false,"excerpt":"Regarder un film sur le home cin\u00e9ma ou profiter d\u2019un fond musical pendant que b\u00e9b\u00e9 dort, passer l\u2019aspirateur dans le salon alors que son enfant fait ses devoirs dans la cuisine, concilier espaces de jeux les mercredis et bureau pour le t\u00e9l\u00e9travail, laisser tourner le lave-linge dans le cellier durant\u2026","rel":"","context":"Dans &quot;Acoustique&quot;","img":{"alt_text":"","src":"https:\/\/i1.wp.com\/batimedianews.com\/live\/wp-content\/uploads\/2020\/07\/image-90.png?fit=588%2C588&ssl=1&resize=350%2C200","width":350,"height":200},"classes":[]},{"id":2593,"url":"https:\/\/batimedianews.com\/live\/index.php\/2019\/09\/04\/havr-presente-la-nouvelle-version-de-la-brightlock-a-lifa-berlin-2019\/","url_meta":{"origin":48344,"position":1},"title":"HAVR pr\u00e9sente la nouvelle version de la BrightLock \u00e0 l\u2019IFA BERLIN 2019","date":"4 septembre 2019","format":false,"excerpt":"C\u2019est lors du plus important salon technologique d\u2019Europe, l\u2019IFA Berlin, que la startup HAVR pr\u00e9sentera la toute derni\u00e8re version de la BrightLock, la serrure connect\u00e9e en Li-Fi. S\u00e9lectionn\u00e9e par Business France parmi 16 autres startups, HAVR participe \u00e0 l\u2019IFA et fait ses premiers pas sur le march\u00e9 Allemand pour pr\u00e9parer\u2026","rel":"","context":"Dans &quot;Actualit\u00e9 Entreprises&quot;","img":{"alt_text":"","src":"https:\/\/i1.wp.com\/batimedianews.com\/live\/wp-content\/uploads\/2019\/09\/havr1image.jpg?fit=788%2C788&ssl=1&resize=350%2C200","width":350,"height":200},"classes":[]},{"id":50127,"url":"https:\/\/batimedianews.com\/live\/index.php\/2026\/04\/07\/legallais-poursuit-son-maillage-territorial-et-ouvre-un-nouveau-point-de-vente-au-havre\/","url_meta":{"origin":48344,"position":2},"title":"LEGALLAIS poursuit son maillage territorial et ouvre un nouveau point de vente au Havre","date":"7 avril 2026","format":false,"excerpt":"Mardi 7 avril 2026 marque une nouvelle \u00e9tape dans le d\u00e9veloppement r\u00e9gional de LEGALLAIS. L\u2019entreprise normande sp\u00e9cialis\u00e9e dans la distribution de produits de second \u0153uvre pour les professionnels du b\u00e2timent annonce l\u2019ouverture d\u2019un nouveau point de vente au Havre. Apr\u00e8s Caen et Rouen, cette implantation vient renforcer la pr\u00e9sence de\u2026","rel":"","context":"Dans &quot;Actualit\u00e9 Entreprises&quot;","img":{"alt_text":"","src":"https:\/\/i2.wp.com\/batimedianews.com\/live\/wp-content\/uploads\/2026\/04\/Legallais.jpg?fit=825%2C825&ssl=1&resize=350%2C200","width":350,"height":200},"classes":[]},{"id":11358,"url":"https:\/\/batimedianews.com\/live\/index.php\/2021\/08\/02\/cemex-partie-prenante-du-parcours-dart-urbain-street-art-avenue\/","url_meta":{"origin":48344,"position":3},"title":"CEMEX, partie prenante du parcours d\u2019art urbain Street Art Avenue\u00ae","date":"2 ao\u00fbt 2021","format":false,"excerpt":"\u00a0Rungis, le 29 juillet 2021 \u2013 CEMEX France renouvelle sa participation \u00e0 la cinqui\u00e8me \u00e9dition de Street Art Avenue\u00ae en mettant \u00e0 disposition de l\u2019artiste Dawal un camion-malaxeur rattach\u00e9 \u00e0 son site d\u2019Aubervilliers. C\u2019est la premi\u00e8re fois dans l\u2019histoire de Street Art Avenue\u00ae qu\u2019un camion fait partie des espaces d\u00e9di\u00e9s\u2026","rel":"","context":"Dans &quot;Actualit\u00e9 Entreprises&quot;","img":{"alt_text":"","src":"https:\/\/i1.wp.com\/batimedianews.com\/live\/wp-content\/uploads\/2021\/07\/CEMEX-Article.jpg?fit=512%2C512&ssl=1&resize=350%2C200","width":350,"height":200},"classes":[]},{"id":40452,"url":"https:\/\/batimedianews.com\/live\/index.php\/2024\/10\/16\/faun-livre-une-nouvelle-benne-urbanea-a-la-metropole-du-havre-ideale-pour-la-collecte-de-dechets-en-centre-ville\/","url_meta":{"origin":48344,"position":4},"title":"FAUN livre une nouvelle benne URBAN\u00c9A \u00e0 la M\u00e9tropole du Havre. Id\u00e9ale pour la collecte de d\u00e9chets en centre-ville !","date":"16 octobre 2024","format":false,"excerpt":"\u00a0FAUN, acteur majeur du march\u00e9 des v\u00e9hicules de collecte de d\u00e9chets et de propret\u00e9 urbaine, se distingue par ses innovations en mati\u00e8re de \u00abcollecte intelligente\u00bb. Les \u00e9quipements FAUN, enti\u00e8rement fabriqu\u00e9s en France, sont en effet reconnus pour leur faible niveau sonore, leur r\u00e9duction des \u00e9missions de gaz \u00e0 effet de\u2026","rel":"","context":"Dans &quot;Actualit\u00e9 Entreprises&quot;","img":{"alt_text":"","src":"https:\/\/i2.wp.com\/batimedianews.com\/live\/wp-content\/uploads\/2024\/10\/faun.jpg?fit=825%2C825&ssl=1&resize=350%2C200","width":350,"height":200},"classes":[]},{"id":13469,"url":"https:\/\/batimedianews.com\/live\/index.php\/2021\/10\/29\/cemex-et-la-lpo-ligue-pour-la-protection-des-oiseaux-18-ans-de-partenariat-ininterrompu-en-faveur-de-la-biodiversite\/","url_meta":{"origin":48344,"position":5},"title":"CEMEX et la LPO (Ligue pour la Protection des Oiseaux) : 18 ans de partenariat ininterrompu en faveur de la biodiversit\u00e9","date":"29 octobre 2021","format":false,"excerpt":"\u00a0Rungis, le 26 octobre 2021 \u2013 Michel Andr\u00e9, directeur des activit\u00e9s mat\u00e9riaux de CEMEX Europe de l\u2019Ouest et Allain Bougrain Dubourg, pr\u00e9sident de la LPO (Ligue pour la Protection des Oiseaux), ont renouvel\u00e9 le 21 octobre lors d\u2019un \u00e9v\u00e8nement sur la plateforme CEMEX \u00ab \u00e9conomie circulaire \u00bb de Gennevilliers leur\u2026","rel":"","context":"Dans &quot;Actualit\u00e9 Entreprises&quot;","img":{"alt_text":"","src":"https:\/\/i2.wp.com\/batimedianews.com\/live\/wp-content\/uploads\/2021\/10\/Cemex-Article.jpg?fit=512%2C512&ssl=1&resize=350%2C200","width":350,"height":200},"classes":[]}],"_links":{"self":[{"href":"https:\/\/batimedianews.com\/live\/index.php\/wp-json\/wp\/v2\/posts\/48344"}],"collection":[{"href":"https:\/\/batimedianews.com\/live\/index.php\/wp-json\/wp\/v2\/posts"}],"about":[{"href":"https:\/\/batimedianews.com\/live\/index.php\/wp-json\/wp\/v2\/types\/post"}],"author":[{"embeddable":true,"href":"https:\/\/batimedianews.com\/live\/index.php\/wp-json\/wp\/v2\/users\/41"}],"replies":[{"embeddable":true,"href":"https:\/\/batimedianews.com\/live\/index.php\/wp-json\/wp\/v2\/comments?post=48344"}],"version-history":[{"count":2,"href":"https:\/\/batimedianews.com\/live\/index.php\/wp-json\/wp\/v2\/posts\/48344\/revisions"}],"predecessor-version":[{"id":48446,"href":"https:\/\/batimedianews.com\/live\/index.php\/wp-json\/wp\/v2\/posts\/48344\/revisions\/48446"}],"wp:featuredmedia":[{"embeddable":true,"href":"https:\/\/batimedianews.com\/live\/index.php\/wp-json\/wp\/v2\/media\/48347"}],"wp:attachment":[{"href":"https:\/\/batimedianews.com\/live\/index.php\/wp-json\/wp\/v2\/media?parent=48344"}],"wp:term":[{"taxonomy":"category","embeddable":true,"href":"https:\/\/batimedianews.com\/live\/index.php\/wp-json\/wp\/v2\/categories?post=48344"},{"taxonomy":"post_tag","embeddable":true,"href":"https:\/\/batimedianews.com\/live\/index.php\/wp-json\/wp\/v2\/tags?post=48344"}],"curies":[{"name":"wp","href":"https:\/\/api.w.org\/{rel}","templated":true}]}}