{"id":48349,"date":"2025-12-11T19:25:43","date_gmt":"2025-12-11T18:25:43","guid":{"rendered":"http:\/\/batimedianews.com\/live\/?p=48349"},"modified":"2025-12-11T19:25:45","modified_gmt":"2025-12-11T18:25:45","slug":"a-benodet-une-terrasse-pensee-pour-le-climat-breton-devient-un-atout-architectural","status":"publish","type":"post","link":"https:\/\/batimedianews.com\/live\/index.php\/2025\/12\/11\/a-benodet-une-terrasse-pensee-pour-le-climat-breton-devient-un-atout-architectural\/","title":{"rendered":"\u00c0 B\u00e9nodet, une terrasse pens\u00e9e pour le climat breton devient un atout architectural"},"content":{"rendered":"\n<figure class=\"wp-block-image size-full\"><img loading=\"lazy\" width=\"720\" height=\"479\" src=\"https:\/\/i0.wp.com\/batimedianews.com\/live\/wp-content\/uploads\/2025\/12\/Ke-sans-soucis-111.jpg?resize=720%2C479\" alt=\"\" class=\"wp-image-48351\" srcset=\"https:\/\/i0.wp.com\/batimedianews.com\/live\/wp-content\/uploads\/2025\/12\/Ke-sans-soucis-111.jpg?w=2362&amp;ssl=1 2362w, https:\/\/i0.wp.com\/batimedianews.com\/live\/wp-content\/uploads\/2025\/12\/Ke-sans-soucis-111.jpg?resize=768%2C511&amp;ssl=1 768w, https:\/\/i0.wp.com\/batimedianews.com\/live\/wp-content\/uploads\/2025\/12\/Ke-sans-soucis-111.jpg?resize=432%2C288&amp;ssl=1 432w, https:\/\/i0.wp.com\/batimedianews.com\/live\/wp-content\/uploads\/2025\/12\/Ke-sans-soucis-111.jpg?resize=396%2C264&amp;ssl=1 396w, https:\/\/i0.wp.com\/batimedianews.com\/live\/wp-content\/uploads\/2025\/12\/Ke-sans-soucis-111.jpg?resize=1120%2C745&amp;ssl=1 1120w, https:\/\/i0.wp.com\/batimedianews.com\/live\/wp-content\/uploads\/2025\/12\/Ke-sans-soucis-111.jpg?resize=660%2C439&amp;ssl=1 660w, https:\/\/i0.wp.com\/batimedianews.com\/live\/wp-content\/uploads\/2025\/12\/Ke-sans-soucis-111.jpg?w=1440 1440w, https:\/\/i0.wp.com\/batimedianews.com\/live\/wp-content\/uploads\/2025\/12\/Ke-sans-soucis-111.jpg?w=2160 2160w\" sizes=\"(max-width: 600px) 91vw, (max-width: 900px) 600px, (max-width: 1060px) 50vw, (max-width: 1200px) 520px, (max-width: 1400px) 43vw, 600px\" data-recalc-dims=\"1\" \/><\/figure>\n\n\n\n<p class=\"has-medium-font-size\"><strong>Un nouvel art de vivre face \u00e0 l\u2019oc\u00e9an<\/strong><\/p>\n\n\n\n<p class=\"has-text-align-justify\">Sur la plage du Trez, \u00e0 B\u00e9nodet, le restaurant Le Sans Souci entame une nouvelle page de son histoire. Longtemps expos\u00e9 aux al\u00e9as du climat breton, son vaste ext\u00e9rieur s\u2019est transform\u00e9 en un espace chaleureux, accueillant et utilisable en toute saison. \u00c0 l\u2019origine de cette m\u00e9tamorphose : une r\u00e9alisation KE Outdoor Design pens\u00e9e pour sublimer l\u2019exp\u00e9rience en bord de mer.<\/p>\n\n\n\n<p class=\"has-medium-font-size\"><strong>Une terrasse qui d\u00e9fie les \u00e9l\u00e9ments<\/strong><\/p>\n\n\n\n<p class=\"has-text-align-justify\">Offrir une terrasse confortable malgr\u00e9 le vent, les embruns ou la pluie, sans jamais faire obstacle \u00e0 la vue sur l\u2019oc\u00e9an : tel \u00e9tait le d\u00e9fi de ce projet. Gr\u00e2ce \u00e0 l\u2019architecte <strong>Mathieu Lucas<\/strong>, l\u2019installateur certifi\u00e9 <strong>KE Store, Menuiserie Jegousse <\/strong>et le bureau italien, KE Outdoor Design a imagin\u00e9 une solution sur mesure parfaitement adapt\u00e9e \u00e0 ce site exceptionnel.<\/p>\n\n\n\n<p class=\"has-text-align-justify has-sm-dark-tertiary-color has-text-color has-medium-font-size\"><em>\u00ab Mon objectif \u00e9tait de concevoir un projet parfaitement adapt\u00e9 au climat breton, capable de s\u2019ajuster aux conditions changeantes de la journ\u00e9e : soleil, vent, pluie. Il nous fallait donc un syst\u00e8me capable de r\u00e9pondre \u00e0 toutes ces conditions changeantes. \u00bb<\/em><\/p>\n\n\n\n<p>d\u00e9clare Mathieu Lucas, l\u2019architecte qui a oeuvr\u00e9 \u00e0 la r\u00e9novation compl\u00e8te de ce restaurant.<\/p>\n\n\n\n<p class=\"has-medium-font-size\"><strong>Une architecture con\u00e7ue pour dialoguer avec le climat<\/strong><\/p>\n\n\n\n<p class=\"has-text-align-justify\">Le restaurant s\u2019\u00e9quipe aujourd\u2019hui d\u2019un ensemble architectural enti\u00e8rement modulable, compos\u00e9 de la pergola Isola 3 et d\u2019une fermeture panoramique Line Glass. L\u2019espace ext\u00e9rieur se transforme ainsi en v\u00e9ritable lieu de vie, utilisable en toute saison et ajustable au gr\u00e9 des changements de m\u00e9t\u00e9o.<\/p>\n\n\n\n<p class=\"has-text-align-justify\">Les stores bannes Qubica Light compl\u00e8tent l\u2019installation et permettent de moduler ombre et lumi\u00e8re en fonction de l\u2019ensoleillement et de l\u2019ambiance souhait\u00e9e.<\/p>\n\n\n\n<p class=\"has-medium-font-size\"><strong>Un projet qui s\u2019appuie sur la modularit\u00e9 des pergolas KE<\/strong><\/p>\n\n\n\n<p class=\"has-text-align-justify\">\u00ab Le principal d\u00e9fi a \u00e9t\u00e9 la configuration du site : une surface de plus de 240 m\u00b2 \u00e0 am\u00e9nager, avec trois formes de pergolas imbriqu\u00e9es et des hauteurs de sol diff\u00e9rentes. Les \u00e9l\u00e9ments structurels ont permis de composer avec cette topologie complexe, en assurant une parfaite adaptation \u00e0 la g\u00e9om\u00e9trie du terrain \u00bb confie Mathieu Lucas.<\/p>\n\n\n\n<p>La pergola Isola 3 a \u00e9t\u00e9 sp\u00e9cialement con\u00e7ue pour \u00e9pouser la configuration du site :<\/p>\n\n\n\n<p>\u2022 modules de hauteurs diff\u00e9rentes pour s\u2019adapter aux niveaux du sol,<\/p>\n\n\n\n<p>\u2022 double toiture T1 permettant une gestion pr\u00e9cise de la luminosit\u00e9,<\/p>\n\n\n\n<p>\u2022 toiture PVC garantissant une protection optimale contre les intemp\u00e9ries.<\/p>\n\n\n\n<p><strong>R\u00e9sultat : un ensemble coh\u00e9rent et \u00e9l\u00e9gant, parfaitement int\u00e9gr\u00e9 au paysage c\u00f4tier.<\/strong><\/p>\n\n\n\n<div class=\"wp-block-media-text alignwide has-media-on-the-right is-stacked-on-mobile\" style=\"grid-template-columns:auto 30%\"><figure class=\"wp-block-media-text__media\"><img loading=\"lazy\" width=\"720\" height=\"479\" src=\"https:\/\/i0.wp.com\/batimedianews.com\/live\/wp-content\/uploads\/2025\/12\/KE-sans-soucis-97.jpg?resize=720%2C479\" alt=\"\" class=\"wp-image-48352 size-full\" srcset=\"https:\/\/i0.wp.com\/batimedianews.com\/live\/wp-content\/uploads\/2025\/12\/KE-sans-soucis-97.jpg?w=2362&amp;ssl=1 2362w, https:\/\/i0.wp.com\/batimedianews.com\/live\/wp-content\/uploads\/2025\/12\/KE-sans-soucis-97.jpg?resize=768%2C511&amp;ssl=1 768w, https:\/\/i0.wp.com\/batimedianews.com\/live\/wp-content\/uploads\/2025\/12\/KE-sans-soucis-97.jpg?resize=432%2C288&amp;ssl=1 432w, https:\/\/i0.wp.com\/batimedianews.com\/live\/wp-content\/uploads\/2025\/12\/KE-sans-soucis-97.jpg?resize=396%2C264&amp;ssl=1 396w, https:\/\/i0.wp.com\/batimedianews.com\/live\/wp-content\/uploads\/2025\/12\/KE-sans-soucis-97.jpg?resize=1120%2C745&amp;ssl=1 1120w, https:\/\/i0.wp.com\/batimedianews.com\/live\/wp-content\/uploads\/2025\/12\/KE-sans-soucis-97.jpg?resize=660%2C439&amp;ssl=1 660w, https:\/\/i0.wp.com\/batimedianews.com\/live\/wp-content\/uploads\/2025\/12\/KE-sans-soucis-97.jpg?w=1440 1440w, https:\/\/i0.wp.com\/batimedianews.com\/live\/wp-content\/uploads\/2025\/12\/KE-sans-soucis-97.jpg?w=2160 2160w\" sizes=\"(max-width: 600px) 91vw, (max-width: 900px) 600px, (max-width: 1060px) 50vw, (max-width: 1200px) 520px, (max-width: 1400px) 43vw, 600px\" data-recalc-dims=\"1\" \/><\/figure><div class=\"wp-block-media-text__content\">\n<p class=\"has-medium-font-size\"><strong>Un partenariat exemplaire<\/strong><\/p>\n\n\n\n<p class=\"has-text-align-justify\">Cette transformation est le r\u00e9sultat d\u2019une belle synergie entre design, expertise technique et savoir-faire local. La collaboration fluide entre l\u2019architecte, l\u2019installateur certifi\u00e9 KE Store, le bureau d\u2019\u00e9tudes italien et le propri\u00e9taire du restaurant a permis d\u2019aboutir \u00e0 une solution sur mesure, robuste et esth\u00e9tique.<\/p>\n\n\n\n<p class=\"has-text-align-justify\">\u00ab Nous avons \u00e9galement travaill\u00e9 en concertation avec les B\u00e2timents de France afin de respecter le style d\u2019origine qui date des ann\u00e9es 1970. Nous avons opt\u00e9 pour des couleurs claires, blanc et sable, afin d\u2019harmoniser la structure \u00e0 l\u2019environnement. Et nous avons conserv\u00e9 une touche vintage gr\u00e2ce aux toiles de stores. Le r\u00e9sultat est \u00e0 la fois esth\u00e9tique et technique : une structure parfaitement int\u00e9gr\u00e9e dans le paysage c\u00f4tier et qui offre un confort r\u00e9el aux clients. \u00bb compl\u00e8te Mathieu Lucas.<\/p>\n<\/div><\/div>\n\n\n\n<div class=\"wp-block-media-text alignwide is-stacked-on-mobile\" style=\"grid-template-columns:53% auto\"><figure class=\"wp-block-media-text__media\"><img loading=\"lazy\" width=\"720\" height=\"720\" src=\"https:\/\/i1.wp.com\/batimedianews.com\/live\/wp-content\/uploads\/2025\/12\/KE-sans-soucis-167-scaled.jpg?resize=720%2C720\" alt=\"\" class=\"wp-image-48353 size-full\" srcset=\"https:\/\/i1.wp.com\/batimedianews.com\/live\/wp-content\/uploads\/2025\/12\/KE-sans-soucis-167-scaled.jpg?w=2560&amp;ssl=1 2560w, https:\/\/i1.wp.com\/batimedianews.com\/live\/wp-content\/uploads\/2025\/12\/KE-sans-soucis-167-scaled.jpg?resize=600%2C600&amp;ssl=1 600w, https:\/\/i1.wp.com\/batimedianews.com\/live\/wp-content\/uploads\/2025\/12\/KE-sans-soucis-167-scaled.jpg?resize=1024%2C1024&amp;ssl=1 1024w, https:\/\/i1.wp.com\/batimedianews.com\/live\/wp-content\/uploads\/2025\/12\/KE-sans-soucis-167-scaled.jpg?resize=300%2C300&amp;ssl=1 300w, https:\/\/i1.wp.com\/batimedianews.com\/live\/wp-content\/uploads\/2025\/12\/KE-sans-soucis-167-scaled.jpg?resize=1536%2C1536&amp;ssl=1 1536w, https:\/\/i1.wp.com\/batimedianews.com\/live\/wp-content\/uploads\/2025\/12\/KE-sans-soucis-167-scaled.jpg?resize=2048%2C2048&amp;ssl=1 2048w, https:\/\/i1.wp.com\/batimedianews.com\/live\/wp-content\/uploads\/2025\/12\/KE-sans-soucis-167-scaled.jpg?resize=10%2C10&amp;ssl=1 10w, https:\/\/i1.wp.com\/batimedianews.com\/live\/wp-content\/uploads\/2025\/12\/KE-sans-soucis-167-scaled.jpg?w=1440 1440w, https:\/\/i1.wp.com\/batimedianews.com\/live\/wp-content\/uploads\/2025\/12\/KE-sans-soucis-167-scaled.jpg?w=2160 2160w\" sizes=\"(max-width: 600px) 91vw, (max-width: 900px) 600px, (max-width: 1060px) 50vw, (max-width: 1200px) 520px, (max-width: 1400px) 43vw, 600px\" data-recalc-dims=\"1\" \/><\/figure><div class=\"wp-block-media-text__content\">\n<p class=\"has-medium-font-size\"><strong>Une nouvelle illustration de savoir-faire pour KE Outdoor Design<\/strong><\/p>\n\n\n\n<p>Ce projet incarne l\u2019ambition de KE Outdoor Design : offrir des espaces ext\u00e9rieurs capables de r\u00e9sister aux conditions les plus exigeantes tout en magnifiant l\u2019exp\u00e9rience utilisateur.<\/p>\n<\/div><\/div>\n\n\n\n<div class=\"wp-block-media-text alignwide has-media-on-the-right is-stacked-on-mobile\" style=\"grid-template-columns:auto 29%\"><figure class=\"wp-block-media-text__media\"><img loading=\"lazy\" width=\"720\" height=\"479\" src=\"https:\/\/i0.wp.com\/batimedianews.com\/live\/wp-content\/uploads\/2025\/12\/KE-sans-soucis-125.jpg?resize=720%2C479\" alt=\"\" class=\"wp-image-48354 size-full\" srcset=\"https:\/\/i0.wp.com\/batimedianews.com\/live\/wp-content\/uploads\/2025\/12\/KE-sans-soucis-125.jpg?w=2362&amp;ssl=1 2362w, https:\/\/i0.wp.com\/batimedianews.com\/live\/wp-content\/uploads\/2025\/12\/KE-sans-soucis-125.jpg?resize=768%2C511&amp;ssl=1 768w, https:\/\/i0.wp.com\/batimedianews.com\/live\/wp-content\/uploads\/2025\/12\/KE-sans-soucis-125.jpg?resize=432%2C288&amp;ssl=1 432w, https:\/\/i0.wp.com\/batimedianews.com\/live\/wp-content\/uploads\/2025\/12\/KE-sans-soucis-125.jpg?resize=396%2C264&amp;ssl=1 396w, https:\/\/i0.wp.com\/batimedianews.com\/live\/wp-content\/uploads\/2025\/12\/KE-sans-soucis-125.jpg?resize=1120%2C745&amp;ssl=1 1120w, https:\/\/i0.wp.com\/batimedianews.com\/live\/wp-content\/uploads\/2025\/12\/KE-sans-soucis-125.jpg?resize=660%2C439&amp;ssl=1 660w, https:\/\/i0.wp.com\/batimedianews.com\/live\/wp-content\/uploads\/2025\/12\/KE-sans-soucis-125.jpg?w=1440 1440w, https:\/\/i0.wp.com\/batimedianews.com\/live\/wp-content\/uploads\/2025\/12\/KE-sans-soucis-125.jpg?w=2160 2160w\" sizes=\"(max-width: 600px) 91vw, (max-width: 900px) 600px, (max-width: 1060px) 50vw, (max-width: 1200px) 520px, (max-width: 1400px) 43vw, 600px\" data-recalc-dims=\"1\" \/><\/figure><div class=\"wp-block-media-text__content\">\n<p class=\"has-medium-font-size\"><strong>Fiche Technique du chantier<\/strong><\/p>\n\n\n\n<p>Localisation : B\u00e9nodet, Bretagne. Terrasse panoramique surplombant la mer<\/p>\n\n\n\n<p>Surface couverte : 223 m\u00b2<\/p>\n\n\n\n<p>Client : Restaurant Le Sans Souci (secteur HO.RE.CA)<\/p>\n\n\n\n<p>Architecte : Mathieu Lucas<\/p>\n\n\n\n<p>Menuiserie et installation : Menuiserie Jegousse, installateur certifi\u00e9 KE Store<\/p>\n\n\n\n<p class=\"has-medium-font-size\"><strong>Les produits install\u00e9s :<\/strong><\/p>\n\n\n\n<p>\u2022 Pergola Isola 3<\/p>\n\n\n\n<p>\u2022 Double toiture T1<\/p>\n\n\n\n<p>\u2022 Fermeture panoramique Line Glass<\/p>\n\n\n\n<p>\u2022 Bras AKI avec \u00e9clairage LED int\u00e9gr\u00e9<\/p>\n\n\n\n<p>\u2022 Stores bannes Qubica<\/p>\n\n\n\n<p>\u2022 Coloris blanc, pour refl\u00e9ter la lumi\u00e8re naturelle et s\u2019int\u00e9grer \u00e0 l\u2019environnement marin<\/p>\n\n\n\n<p>\u2022 \u00c9clairage LED int\u00e9gr\u00e9 pour des ambiances chaleureuses le soir<\/p>\n\n\n\n<p>\u2022 Habillage d\u00e9coratif inspir\u00e9 du bois flott\u00e9 et des troncs d\u2019arbre<\/p>\n\n\n\n<p>\u2022 Fermeture Line Glass assurant isolation thermique et acoustique<\/p>\n<\/div><\/div>\n\n\n\n<figure class=\"wp-block-image size-full\"><img loading=\"lazy\" width=\"720\" height=\"372\" src=\"https:\/\/i1.wp.com\/batimedianews.com\/live\/wp-content\/uploads\/2025\/12\/image-34.png?resize=720%2C372\" alt=\"\" class=\"wp-image-48355\" srcset=\"https:\/\/i1.wp.com\/batimedianews.com\/live\/wp-content\/uploads\/2025\/12\/image-34.png?w=724&amp;ssl=1 724w, https:\/\/i1.wp.com\/batimedianews.com\/live\/wp-content\/uploads\/2025\/12\/image-34.png?resize=768%2C396&amp;ssl=1 768w, https:\/\/i1.wp.com\/batimedianews.com\/live\/wp-content\/uploads\/2025\/12\/image-34.png?resize=432%2C223&amp;ssl=1 432w, https:\/\/i1.wp.com\/batimedianews.com\/live\/wp-content\/uploads\/2025\/12\/image-34.png?resize=396%2C205&amp;ssl=1 396w, https:\/\/i1.wp.com\/batimedianews.com\/live\/wp-content\/uploads\/2025\/12\/image-34.png?resize=660%2C341&amp;ssl=1 660w\" sizes=\"(max-width: 600px) 91vw, (max-width: 900px) 600px, (max-width: 1060px) 50vw, (max-width: 1200px) 520px, (max-width: 1400px) 43vw, 600px\" data-recalc-dims=\"1\" \/><\/figure>\n\n\n\n<p><\/p>\n","protected":false},"excerpt":{"rendered":"<p>Un nouvel art de vivre face \u00e0 l\u2019oc\u00e9an Sur la plage du Trez, \u00e0 B\u00e9nodet, le restaurant Le Sans Souci entame une nouvelle page de son histoire. Longtemps expos\u00e9 aux al\u00e9as du climat breton, son vaste ext\u00e9rieur s\u2019est transform\u00e9 en un espace chaleureux, accueillant et utilisable en toute saison. \u00c0 l\u2019origine de cette m\u00e9tamorphose : [&hellip;]<\/p>\n","protected":false},"author":41,"featured_media":48356,"comment_status":"open","ping_status":"open","sticky":true,"template":"","format":"standard","meta":{"spay_email":""},"categories":[4,8,530,125],"tags":[],"jetpack_featured_media_url":"https:\/\/i0.wp.com\/batimedianews.com\/live\/wp-content\/uploads\/2025\/12\/KE.jpg?fit=1513%2C825&ssl=1","jetpack_sharing_enabled":true,"jetpack_likes_enabled":true,"jetpack-related-posts":[{"id":29929,"url":"https:\/\/batimedianews.com\/live\/index.php\/2023\/07\/04\/le-groupe-airwell-leve-6-millions-deuros-et-cree-airwell-industrie-en-integrant-le-site-de-production-amzair-concepteur-breton-de-pompes-a-chaleur-pour-le-residentiel-et-le-petit-tertiaire\/","url_meta":{"origin":48349,"position":0},"title":"Le groupe AIRWELL l\u00e8ve 6 millions d&rsquo;euros et cr\u00e9\u00e9 AIRWELL INDUSTRIE  en int\u00e9grant le site de production AMZAIR, concepteur breton de pompes \u00e0 chaleur pour le r\u00e9sidentiel et le petit tertiaire","date":"4 juillet 2023","format":false,"excerpt":"\u00a0Acteur majeur de l\u2019univers des pompes \u00e0 chaleur, du chauffage et de la gestion des \u00e9nergies depuis plus de 75 ans, le Groupe Airwell l\u00e8ve 6 millions d\u2019euros. Des fonds et des investisseurs des pays Scandinaves notamment, participent \u00e0 ce tour de financement. Dans le m\u00eame temps, le Groupe Airwell\u2026","rel":"","context":"Dans &quot;Pompe \u00e0 chaleur&quot;","img":{"alt_text":"","src":"https:\/\/i1.wp.com\/batimedianews.com\/live\/wp-content\/uploads\/2023\/07\/Airwell-article.jpg?fit=1080%2C1080&ssl=1&resize=350%2C200","width":350,"height":200},"classes":[]},{"id":27221,"url":"https:\/\/batimedianews.com\/live\/index.php\/2023\/03\/24\/le-groupe-airwell-inaugure-son-2nd-centre-de-formation-airwell-academy\/","url_meta":{"origin":48349,"position":1},"title":"Le groupe  AIRWELL inaugure son 2ND centre de formation  AIRWELL ACADEMY","date":"24 mars 2023","format":false,"excerpt":"Fournisseur et cr\u00e9ateur fran\u00e7ais de solutions climatiques et thermiques, expert en climatisation et chauffage depuis plus de 75 ans, Airwell lance son second centre de formation Airwell Academy \u00e0 Montigny Le Bretonneux (78), St Quentin en Yvelines, si\u00e8ge du groupe. Deux nouveaux modules de formation d\u00e9di\u00e9s \u00e0 l\u2019insertion ont \u00e9t\u00e9\u2026","rel":"","context":"Dans &quot;Actualit\u00e9 Entreprises&quot;","img":{"alt_text":"","src":"https:\/\/i0.wp.com\/batimedianews.com\/live\/wp-content\/uploads\/2023\/03\/Airwell-Article.jpg?fit=1080%2C1080&ssl=1&resize=350%2C200","width":350,"height":200},"classes":[]},{"id":24217,"url":"https:\/\/batimedianews.com\/live\/index.php\/2022\/10\/14\/systeme-de-garde-corps-decoratif-pour-toiture-terrasse-inaccessible-barrial-decor\/","url_meta":{"origin":48349,"position":2},"title":"Syst\u00e8me de garde-corps d\u00e9coratif pour toiture-terrasse inaccessible Barrial D\u00e9cor","date":"14 octobre 2022","format":false,"excerpt":"Barrial\u00ae D\u00e9cor avec t\u00f4le d\u2019habillage - Montigny-le-Bretonneux (Dpt. 78). Barrial\u00ae assure la mise en s\u00e9curit\u00e9 collective etpermanente des op\u00e9rateurs en toiture-terrasse. Dans le cas de vos chantiers de r\u00e9novation, Barrial\u00ae D\u00e9cor r\u00e9pond \u00e0 vos attentes esth\u00e9tiques avec l\u2019int\u00e9gration d\u2019un remplissage d\u00e9coratif au choix :barreaud\u00e9, t\u00f4le d\u00e9coup\u00e9e laser, t\u00f4le perfor\u00e9e, laqu\u00e9\u2026","rel":"","context":"Dans &quot;Actualit\u00e9 Entreprises&quot;","img":{"alt_text":"","src":"https:\/\/i2.wp.com\/batimedianews.com\/live\/wp-content\/uploads\/2022\/10\/DaniAlu-Article.jpg?fit=1080%2C1080&ssl=1&resize=350%2C200","width":350,"height":200},"classes":[]},{"id":45618,"url":"https:\/\/batimedianews.com\/live\/index.php\/2025\/06\/25\/terris-energy-lance-t-duo-la-nouvelle-pompe-a-chaleur-hybride-concue-et-fabriquee-en-france\/","url_meta":{"origin":48349,"position":3},"title":"Terris Energy lance T-DUO, la nouvelle pompe \u00e0 chaleur hybride con\u00e7ue et fabriqu\u00e9e en France","date":"25 juin 2025","format":false,"excerpt":"Une solution performante, \u00e9co-responsable et intelligente pour le chauffage des b\u00e2timents collectifs, tertiaires et industriels Cr\u00e9dits photo : Terris Energy Meaux , le 17 juin 2025 - Acteur de la transition \u00e9nerg\u00e9tique, Terris Energy, entreprise qui con\u00e7oit et fabrique en France des solutions de chauffage \u00e0 haute performance, enrichit sa\u2026","rel":"","context":"Dans &quot;Pompe \u00e0 chaleur&quot;","img":{"alt_text":"","src":"https:\/\/i0.wp.com\/batimedianews.com\/live\/wp-content\/uploads\/2025\/06\/TerrisEnergy.jpg?fit=825%2C825&ssl=1&resize=350%2C200","width":350,"height":200},"classes":[]},{"id":50230,"url":"https:\/\/batimedianews.com\/live\/index.php\/2026\/04\/16\/brun-dautomne-la-nouvelle-teinte-qui-enrichit-la-gamme-majestic-massive-pro-signee-deceuninck\/","url_meta":{"origin":48349,"position":4},"title":"BRUN D\u2019AUTOMNE, la nouvelle teinte qui enrichit la gamme Majestic Massive Pro sign\u00e9e DECEUNINCK.","date":"16 avril 2026","format":false,"excerpt":"MAJESTIC MASSIVE PRO, LA LAME DE TERRASSE COMPOSITE COEXTRUD\u00c9E DE DECEUNINCK D\u00c9J\u00c0 PL\u00c9BISCIT\u00c9E PAR LES PROFESSIONNELS POUR SA PERFORMANCE, SA DURABILIT\u00c9 ET SON CONFORT D\u2019USAGE, ACCUEILLE UNE NOUVELLE TEINTE : BRUN D\u2019AUTOMNE. Cette nuance profonde et naturelle pens\u00e9e pour une int\u00e9gration harmonieuse des espaces ext\u00e9rieurs, aussi bien r\u00e9sidentiels que tertiaires.\u2026","rel":"","context":"Dans &quot;Actualit\u00e9 Entreprises&quot;","img":{"alt_text":"","src":"https:\/\/i2.wp.com\/batimedianews.com\/live\/wp-content\/uploads\/2026\/04\/deceuninck.jpg?fit=825%2C825&ssl=1&resize=350%2C200","width":350,"height":200},"classes":[]},{"id":13490,"url":"https:\/\/batimedianews.com\/live\/index.php\/2021\/11\/02\/terres-rares\/","url_meta":{"origin":48349,"position":5},"title":"TERRES RARES","date":"2 novembre 2021","format":false,"excerpt":"DAIKIN ANNONCE LE RETRAIT DES TERRES RARES DE SES POMPES \u00c0 CHALEUR D'ICI 2025\u00a0 \u00a0Daikin, acteur majeur sur le march\u00e9 mondial des solutions de climatisation, de chauffage et de purification de l'air, a communiqu\u00e9 l'arriv\u00e9e d'une nouvelle g\u00e9n\u00e9ration de pompes \u00e0 chaleur \u00e9co-\u00e9nerg\u00e9tiques, qui se passera des terres rares \u00e0\u2026","rel":"","context":"Dans &quot;Actualit\u00e9 Entreprises&quot;","img":{"alt_text":"","src":"https:\/\/i0.wp.com\/batimedianews.com\/live\/wp-content\/uploads\/2021\/10\/Daikin-Article-2.jpg?fit=512%2C512&ssl=1&resize=350%2C200","width":350,"height":200},"classes":[]}],"_links":{"self":[{"href":"https:\/\/batimedianews.com\/live\/index.php\/wp-json\/wp\/v2\/posts\/48349"}],"collection":[{"href":"https:\/\/batimedianews.com\/live\/index.php\/wp-json\/wp\/v2\/posts"}],"about":[{"href":"https:\/\/batimedianews.com\/live\/index.php\/wp-json\/wp\/v2\/types\/post"}],"author":[{"embeddable":true,"href":"https:\/\/batimedianews.com\/live\/index.php\/wp-json\/wp\/v2\/users\/41"}],"replies":[{"embeddable":true,"href":"https:\/\/batimedianews.com\/live\/index.php\/wp-json\/wp\/v2\/comments?post=48349"}],"version-history":[{"count":3,"href":"https:\/\/batimedianews.com\/live\/index.php\/wp-json\/wp\/v2\/posts\/48349\/revisions"}],"predecessor-version":[{"id":48450,"href":"https:\/\/batimedianews.com\/live\/index.php\/wp-json\/wp\/v2\/posts\/48349\/revisions\/48450"}],"wp:featuredmedia":[{"embeddable":true,"href":"https:\/\/batimedianews.com\/live\/index.php\/wp-json\/wp\/v2\/media\/48356"}],"wp:attachment":[{"href":"https:\/\/batimedianews.com\/live\/index.php\/wp-json\/wp\/v2\/media?parent=48349"}],"wp:term":[{"taxonomy":"category","embeddable":true,"href":"https:\/\/batimedianews.com\/live\/index.php\/wp-json\/wp\/v2\/categories?post=48349"},{"taxonomy":"post_tag","embeddable":true,"href":"https:\/\/batimedianews.com\/live\/index.php\/wp-json\/wp\/v2\/tags?post=48349"}],"curies":[{"name":"wp","href":"https:\/\/api.w.org\/{rel}","templated":true}]}}