{"id":48390,"date":"2025-12-11T19:28:44","date_gmt":"2025-12-11T18:28:44","guid":{"rendered":"http:\/\/batimedianews.com\/live\/?p=48390"},"modified":"2025-12-11T19:28:47","modified_gmt":"2025-12-11T18:28:47","slug":"weber-devoile-sa-nouvelle-gamme-de-ragreages-une-offre-recentree-plus-lisible-et-encore-plus-performante","status":"publish","type":"post","link":"https:\/\/batimedianews.com\/live\/index.php\/2025\/12\/11\/weber-devoile-sa-nouvelle-gamme-de-ragreages-une-offre-recentree-plus-lisible-et-encore-plus-performante\/","title":{"rendered":"WEBER d\u00e9voile sa nouvelle gamme de ragr\u00e9ages : une offre recentr\u00e9e, plus lisible et encore plus performante"},"content":{"rendered":"\n<div class=\"wp-block-media-text alignwide is-stacked-on-mobile\" style=\"grid-template-columns:29% auto\"><figure class=\"wp-block-media-text__media\"><img loading=\"lazy\" width=\"720\" height=\"790\" src=\"https:\/\/i1.wp.com\/batimedianews.com\/live\/wp-content\/uploads\/2025\/12\/image-48.png?resize=720%2C790\" alt=\"\" class=\"wp-image-48391 size-full\" srcset=\"https:\/\/i1.wp.com\/batimedianews.com\/live\/wp-content\/uploads\/2025\/12\/image-48.png?w=756&amp;ssl=1 756w, https:\/\/i1.wp.com\/batimedianews.com\/live\/wp-content\/uploads\/2025\/12\/image-48.png?resize=768%2C843&amp;ssl=1 768w, https:\/\/i1.wp.com\/batimedianews.com\/live\/wp-content\/uploads\/2025\/12\/image-48.png?resize=10%2C10&amp;ssl=1 10w, https:\/\/i1.wp.com\/batimedianews.com\/live\/wp-content\/uploads\/2025\/12\/image-48.png?resize=432%2C474&amp;ssl=1 432w, https:\/\/i1.wp.com\/batimedianews.com\/live\/wp-content\/uploads\/2025\/12\/image-48.png?resize=396%2C435&amp;ssl=1 396w, https:\/\/i1.wp.com\/batimedianews.com\/live\/wp-content\/uploads\/2025\/12\/image-48.png?resize=660%2C725&amp;ssl=1 660w\" sizes=\"(max-width: 600px) 91vw, (max-width: 900px) 600px, (max-width: 1060px) 50vw, (max-width: 1200px) 520px, (max-width: 1400px) 43vw, 600px\" data-recalc-dims=\"1\" \/><\/figure><div class=\"wp-block-media-text__content\">\n<p class=\"has-text-align-justify\"><strong>Weber, acteur de r\u00e9f\u00e9rence dans les solutions de pr\u00e9paration des sols, renforce son positionnement avec une gamme de ragr\u00e9ages enti\u00e8rement repens\u00e9e. Con\u00e7ue pour simplifier le choix des utilisateurs et r\u00e9pondre pr\u00e9cis\u00e9ment aux besoins du terrain, elle r\u00e9sulte d\u2019un important travail d\u2019\u00e9coute du march\u00e9 et d\u2019optimisation technique. Cette nouvelle offre, claire, coh\u00e9rente et structur\u00e9e, couvre l\u2019ensemble des usages courants, du neuf \u00e0 la r\u00e9novation, en int\u00e9rieur comme en ext\u00e9rieur. Enti\u00e8rement certifi\u00e9e QB<sup>1<\/sup>, elle garantit un niveau de qualit\u00e9 \u00e9lev\u00e9, doubl\u00e9 d\u2019une performance durable et d\u2019une mise en \u0153uvre ma\u00eetris\u00e9e.<\/strong><\/p>\n\n\n\n<p class=\"has-text-align-justify\"><strong>Gr\u00e2ce \u00e0 l\u2019\u00e9volution des formulations, qui int\u00e8grent notamment des propri\u00e9t\u00e9s autolissantes renforc\u00e9es, des r\u00e9sistances m\u00e9caniques optimis\u00e9es et, pour certaines r\u00e9f\u00e9rences, une technologie anti-poussi\u00e8re, Weber d\u00e9ploie des solutions plus rapides, plus propres et plus fiables, parfaitement adapt\u00e9es aux exigences actuelles des chantiers.<\/strong><\/p>\n<\/div><\/div>\n\n\n\n<p><strong>5 PRODUITS DE LA GAMME WEBERNIV CLAIREMENT DIFF\u00c9RENCI\u00c9S POUR COUVRIR L\u2019ENSEMBLE DES BESOINS SUR CHANTIERS<\/strong><\/p>\n\n\n\n<div class=\"wp-block-media-text alignwide is-stacked-on-mobile\" style=\"grid-template-columns:24% auto\"><figure class=\"wp-block-media-text__media\"><img loading=\"lazy\" width=\"540\" height=\"764\" src=\"https:\/\/i1.wp.com\/batimedianews.com\/live\/wp-content\/uploads\/2025\/12\/image-49.png?resize=540%2C764\" alt=\"\" class=\"wp-image-48392 size-full\" srcset=\"https:\/\/i1.wp.com\/batimedianews.com\/live\/wp-content\/uploads\/2025\/12\/image-49.png?w=540&amp;ssl=1 540w, https:\/\/i1.wp.com\/batimedianews.com\/live\/wp-content\/uploads\/2025\/12\/image-49.png?resize=768%2C1086&amp;ssl=1 768w, https:\/\/i1.wp.com\/batimedianews.com\/live\/wp-content\/uploads\/2025\/12\/image-49.png?resize=432%2C611&amp;ssl=1 432w, https:\/\/i1.wp.com\/batimedianews.com\/live\/wp-content\/uploads\/2025\/12\/image-49.png?resize=396%2C560&amp;ssl=1 396w\" sizes=\"(max-width: 600px) 91vw, (max-width: 900px) 600px, (max-width: 1060px) 50vw, (max-width: 1200px) 520px, (max-width: 1400px) 43vw, 600px\" data-recalc-dims=\"1\" \/><\/figure><div class=\"wp-block-media-text__content\">\n<p class=\"has-text-align-justify has-normal-font-size\">&nbsp;Nouveaut\u00e9 de la gamme, weberniv poly s\u2019impose comme un ragr\u00e9age polyvalent P4S, utilisable en int\u00e9rieur comme en ext\u00e9rieur. Con\u00e7u pour r\u00e9sister \u00e0 un trafic intense, il accepte une grande diversit\u00e9 de supports et est compatible avec les planchers chauffants hydrauliques. Il se positionne comme la solution id\u00e9ale pour les locaux sollicit\u00e9s et les r\u00e9novations exigeantes.<\/p>\n\n\n\n<div class=\"wp-block-media-text alignwide has-media-on-the-right is-stacked-on-mobile\" style=\"grid-template-columns:auto 25%\"><figure class=\"wp-block-media-text__media\"><img loading=\"lazy\" width=\"402\" height=\"566\" src=\"https:\/\/i1.wp.com\/batimedianews.com\/live\/wp-content\/uploads\/2025\/12\/image-50.png?resize=402%2C566\" alt=\"\" class=\"wp-image-48393 size-full\" srcset=\"https:\/\/i1.wp.com\/batimedianews.com\/live\/wp-content\/uploads\/2025\/12\/image-50.png?w=402&amp;ssl=1 402w, https:\/\/i1.wp.com\/batimedianews.com\/live\/wp-content\/uploads\/2025\/12\/image-50.png?resize=768%2C1081&amp;ssl=1 768w, https:\/\/i1.wp.com\/batimedianews.com\/live\/wp-content\/uploads\/2025\/12\/image-50.png?resize=396%2C558&amp;ssl=1 396w\" sizes=\"(max-width: 600px) 91vw, (max-width: 900px) 600px, (max-width: 1060px) 50vw, (max-width: 1200px) 520px, (max-width: 1400px) 43vw, 600px\" data-recalc-dims=\"1\" \/><\/figure><div class=\"wp-block-media-text__content\">\n<p class=\"has-text-align-justify has-normal-font-size\">Autre nouveaut\u00e9, weberniv dur +, renforc\u00e9 par des fibres de verre, r\u00e9pond aux besoins de tr\u00e8s fortes \u00e9paisseurs, jusqu\u2019\u00e0 cinquante millim\u00e8tres, en une seule passe. Sa compatibilit\u00e9 avec tous types de planchers chauffants, ses performances m\u00e9caniques, sa formulation anti-poussi\u00e8re et son recouvrement en 2 \u00e0 4 heures le positionnent comme une solution s\u00e9curisante pour les zones soumises \u00e0 des contraintes importantes, qu\u2019il s\u2019agisse de r\u00e9novation lourde ou de locaux \u00e0 tr\u00e8s forte sollicitation, en int\u00e9rieur comme en ext\u00e9rieur.<\/p>\n\n\n\n<p class=\"has-small-font-size\">&nbsp;<em>1 &#8211; Qualit\u00e9 pour le B\u00e2timent<\/em><\/p>\n<\/div><\/div>\n<\/div><\/div>\n\n\n\n<div class=\"wp-block-media-text alignwide has-media-on-the-right is-stacked-on-mobile\" style=\"grid-template-columns:auto 15%\"><figure class=\"wp-block-media-text__media\"><img loading=\"lazy\" width=\"328\" height=\"566\" src=\"https:\/\/i1.wp.com\/batimedianews.com\/live\/wp-content\/uploads\/2025\/12\/image-52.png?resize=328%2C566\" alt=\"\" class=\"wp-image-48397 size-full\" srcset=\"https:\/\/i1.wp.com\/batimedianews.com\/live\/wp-content\/uploads\/2025\/12\/image-52.png?w=328&amp;ssl=1 328w, https:\/\/i1.wp.com\/batimedianews.com\/live\/wp-content\/uploads\/2025\/12\/image-52.png?resize=768%2C1325&amp;ssl=1 768w\" sizes=\"(max-width: 600px) 91vw, (max-width: 900px) 600px, (max-width: 1060px) 50vw, (max-width: 1200px) 520px, (max-width: 1400px) 43vw, 600px\" data-recalc-dims=\"1\" \/><\/figure><div class=\"wp-block-media-text__content\">\n<p class=\"has-text-align-justify has-normal-font-size\">Pour les <strong>applications ext\u00e9rieures<\/strong>, <strong>weberniv lex 2<\/strong> propose une <strong>solution color\u00e9e<\/strong> disponible en gris ciment et gris b\u00e9ton, <strong>capable de rester nue dans la dur\u00e9e<\/strong>. Sa formulation fibr\u00e9e lui conf\u00e8re une r\u00e9sistance accrue, tandis que sa capacit\u00e9 \u00e0 recevoir une charge de sable autorise la r\u00e9alisation de pentes jusqu\u2019\u00e0 2 %. De plus, <strong>weberniv lex 2<\/strong> est circulable apr\u00e8s deux heures seulement, ce qui constitue un atout sur les interventions n\u00e9cessitant une remise en service rapide.<\/p>\n<\/div><\/div>\n\n\n\n<div class=\"wp-block-media-text alignwide is-stacked-on-mobile\" style=\"grid-template-columns:16% auto\"><figure class=\"wp-block-media-text__media\"><img loading=\"lazy\" width=\"350\" height=\"604\" src=\"https:\/\/i0.wp.com\/batimedianews.com\/live\/wp-content\/uploads\/2025\/12\/image-53.png?resize=350%2C604\" alt=\"\" class=\"wp-image-48398 size-full\" srcset=\"https:\/\/i0.wp.com\/batimedianews.com\/live\/wp-content\/uploads\/2025\/12\/image-53.png?w=350&amp;ssl=1 350w, https:\/\/i0.wp.com\/batimedianews.com\/live\/wp-content\/uploads\/2025\/12\/image-53.png?resize=768%2C1325&amp;ssl=1 768w\" sizes=\"(max-width: 600px) 91vw, (max-width: 900px) 600px, (max-width: 1060px) 50vw, (max-width: 1200px) 520px, (max-width: 1400px) 43vw, 600px\" data-recalc-dims=\"1\" \/><\/figure><div class=\"wp-block-media-text__content\">\n<p class=\"has-text-align-justify has-normal-font-size\"><strong>weberniv primo<\/strong> constitue la solution P3 d\u00e9di\u00e9e aux <strong>grands chantiers int\u00e9rieurs<\/strong>. Autolissant et fort d\u2019une finition soign\u00e9e, il traite efficacement les surfaces importantes (supports neufs et anciens) tout en offrant un recouvrement d\u00e8s 6 \u00e0 8 heures selon le rev\u00eatement. Il s\u2019adresse particuli\u00e8rement aux entreprises souhaitant allier rendement et qualit\u00e9 de surface dans des \u00e9paisseurs comprises entre 1 et 10 millim\u00e8tres.<\/p>\n<\/div><\/div>\n\n\n\n<div class=\"wp-block-media-text alignwide has-media-on-the-right is-stacked-on-mobile\" style=\"grid-template-columns:auto 16%\"><figure class=\"wp-block-media-text__media\"><img loading=\"lazy\" width=\"364\" height=\"604\" src=\"https:\/\/i2.wp.com\/batimedianews.com\/live\/wp-content\/uploads\/2025\/12\/image-54.png?resize=364%2C604\" alt=\"\" class=\"wp-image-48399 size-full\" srcset=\"https:\/\/i2.wp.com\/batimedianews.com\/live\/wp-content\/uploads\/2025\/12\/image-54.png?w=364&amp;ssl=1 364w, https:\/\/i2.wp.com\/batimedianews.com\/live\/wp-content\/uploads\/2025\/12\/image-54.png?resize=768%2C1274&amp;ssl=1 768w\" sizes=\"(max-width: 600px) 91vw, (max-width: 900px) 600px, (max-width: 1060px) 50vw, (max-width: 1200px) 520px, (max-width: 1400px) 43vw, 600px\" data-recalc-dims=\"1\" \/><\/figure><div class=\"wp-block-media-text__content\">\n<p class=\"has-text-align-justify has-normal-font-size\"><strong>weberniv for<\/strong>, aussi class\u00e9 P3, fibr\u00e9 et anti-poussi\u00e8re, r\u00e9pond aux probl\u00e9matiques de <strong>r\u00e9novation int\u00e9rieure<\/strong>. Sa compatibilit\u00e9 avec les supports sensibles, notamment les panneaux bois, le parquet et les anciens carrelages, en fait une r\u00e9f\u00e9rence pour les chantiers mixtes. Son recouvrement rapide, entre 3 et 4 heures selon les conditions, permet d\u2019optimiser l\u2019encha\u00eenement des corps d\u2019\u00e9tat.<\/p>\n<\/div><\/div>\n\n\n\n<p class=\"has-text-align-justify\">En compl\u00e9ment des 5 ragr\u00e9ages weberniv, la gamme conserve <strong>weberfloor 4040<\/strong>, un mortier de dressage capable d\u2019\u00eatre utilis\u00e9 en consistance ferme ou fluide. Il permet non seulement de r\u00e9parer des sols ab\u00eem\u00e9s, notamment des marches ou des gradins, mais aussi de ragr\u00e9er des surfaces inclin\u00e9es ou de cr\u00e9er des pentes adapt\u00e9es. Son durcissement rapide assure une progression efficace du chantier, puisque le recouvrement peut \u00eatre r\u00e9alis\u00e9 entre 2 et 12 heures selon le dosage.<\/p>\n\n\n\n<figure class=\"wp-block-image size-full is-resized\"><img loading=\"lazy\" src=\"https:\/\/i1.wp.com\/batimedianews.com\/live\/wp-content\/uploads\/2025\/12\/image-55.png?resize=315%2C200\" alt=\"\" class=\"wp-image-48400\" width=\"315\" height=\"200\" srcset=\"https:\/\/i1.wp.com\/batimedianews.com\/live\/wp-content\/uploads\/2025\/12\/image-55.png?w=628&amp;ssl=1 628w, https:\/\/i1.wp.com\/batimedianews.com\/live\/wp-content\/uploads\/2025\/12\/image-55.png?resize=768%2C486&amp;ssl=1 768w, https:\/\/i1.wp.com\/batimedianews.com\/live\/wp-content\/uploads\/2025\/12\/image-55.png?resize=432%2C274&amp;ssl=1 432w, https:\/\/i1.wp.com\/batimedianews.com\/live\/wp-content\/uploads\/2025\/12\/image-55.png?resize=396%2C251&amp;ssl=1 396w\" sizes=\"(max-width: 600px) 91vw, (max-width: 900px) 600px, (max-width: 1060px) 50vw, (max-width: 1200px) 520px, (max-width: 1400px) 43vw, 600px\" data-recalc-dims=\"1\" \/><\/figure>\n\n\n\n<p class=\"has-text-align-justify\"><strong>weberfloor 4032<\/strong>, quant \u00e0 lui, s\u2019adresse principalement aux chantiers n\u00e9cessitant une remise en service ultra rapide. Sa technologie de s\u00e9chage par cristallisation lui conf\u00e8re un comportement exceptionnel, puisqu\u2019il autorise la pose d\u2019un sol souple ou d\u2019un carrelage d\u00e8s 1 \u00e0 2 heures. Sa grande autolissance, combin\u00e9e \u00e0 une compatibilit\u00e9 large avec les supports courants du neuf et de la r\u00e9novation, font que <strong>weberfloor 4032 <\/strong>s\u2019adapte id\u00e9alement aux chantiers en site occup\u00e9 ou lors de plannings contraints.<\/p>\n\n\n\n<p><strong>UNE GAMME PENS\u00c9E POUR OPTIMISER LA PERFORMANCE DES ENTREPRISES ET LA GESTION DES STOCKS EN N\u00c9GOCE<\/strong><\/p>\n\n\n\n<p class=\"has-text-align-justify\">En regroupant l\u2019essentiel des applications autour de 5 r\u00e9f\u00e9rences principales ainsi que 2 solutions chantiers, Weber simplifie la prescription et limite le risque d\u2019erreur. Les n\u00e9goces peuvent ainsi optimiser leurs plans de stock et garantir une disponibilit\u00e9 \u00e9largie des produits cl\u00e9s, tout en facilitant le conseil. Notons que Weber a \u00e9galement retravaill\u00e9 les emballages de ses produits pour renforcer leur lisibilit\u00e9 : les illustrations sont plus explicites, l\u2019aide au choix est clarifi\u00e9e et les avantages de chaque solution sont imm\u00e9diatement rep\u00e9rables.<\/p>\n\n\n\n<p class=\"has-text-align-justify\">La coh\u00e9rence de la gamme, associ\u00e9e \u00e0 des d\u00e9lais de recouvrement ma\u00eetris\u00e9s, permet aux entreprises de planifier leurs interventions avec davantage de pr\u00e9cision, d\u2019acc\u00e9l\u00e9rer les encha\u00eenements et de mieux g\u00e9rer les temps de chantier. La certification QB confirme la conformit\u00e9 des solutions ainsi que la stabilit\u00e9 de leurs performances, procurant aux entreprises une pleine tranquillit\u00e9 d\u2019usage.<\/p>\n\n\n\n<p class=\"has-text-align-justify\">Soulignons enfin que pour accompagner les professionnels dans l\u2019application des produits, Weber met \u00e0 disposition plusieurs tutoriels vid\u00e9o, compl\u00e9t\u00e9s par une documentation technique exhaustive et conforme aux attentes des applicateurs exp\u00e9riment\u00e9s.<\/p>\n\n\n\n<p class=\"has-small-font-size\"><strong>A propos de Weber&nbsp;<\/strong><\/p>\n\n\n\n<p class=\"has-text-align-justify has-small-font-size\">Leader mondial des mortiers industriels, Weber fabrique depuis 1902 des solutions innovantes et performantes pour envelopper, prot\u00e9ger et embellir l\u2019habitat durablement. Les produits Weber int\u00e8grent la pr\u00e9paration des sols, la pose du carrelage, les enduits de fa\u00e7ades, l\u2019Isolation Thermique par l\u2019Ext\u00e9rieur, et \u00e9galement le Gros OEuvre, les Travaux Publics et le G\u00e9nie Civil. Appartenant au GroupeSaint-Gobain depuis 1996, Weber s\u2019appuie sur un r\u00e9seau fran\u00e7ais de 11 sites de production, 3 d\u00e9p\u00f4ts logistiques, 5 services clients, 1 centre de renseignements techniques, 5 centres de formation et pr\u00e8s de 4.000 distributeurs.<\/p>\n","protected":false},"excerpt":{"rendered":"<p>Weber, acteur de r\u00e9f\u00e9rence dans les solutions de pr\u00e9paration des sols, renforce son positionnement avec une gamme de ragr\u00e9ages enti\u00e8rement repens\u00e9e. Con\u00e7ue pour simplifier le choix des utilisateurs et r\u00e9pondre pr\u00e9cis\u00e9ment aux besoins du terrain, elle r\u00e9sulte d\u2019un important travail d\u2019\u00e9coute du march\u00e9 et d\u2019optimisation technique. Cette nouvelle offre, claire, coh\u00e9rente et structur\u00e9e, couvre l\u2019ensemble [&hellip;]<\/p>\n","protected":false},"author":41,"featured_media":48401,"comment_status":"open","ping_status":"open","sticky":true,"template":"","format":"standard","meta":{"spay_email":""},"categories":[4,108,112,113,460],"tags":[2702],"jetpack_featured_media_url":"https:\/\/i2.wp.com\/batimedianews.com\/live\/wp-content\/uploads\/2025\/12\/weber.jpg?fit=1513%2C825&ssl=1","jetpack_sharing_enabled":true,"jetpack_likes_enabled":true,"jetpack-related-posts":[{"id":44684,"url":"https:\/\/batimedianews.com\/live\/index.php\/2025\/05\/06\/france-materiaux-etoffe-sa-gamme-les-elementaires-avec-des-produits-de-mise-en-oeuvre-carrelage\/","url_meta":{"origin":48390,"position":0},"title":"France Mat\u00e9riaux \u00e9toffe sa gamme Les \u00c9l\u00e9mentaires avec des Produits de Mise en Oeuvre Carrelage","date":"6 mai 2025","format":false,"excerpt":"Annonc\u00e9 lors de la derni\u00e8re \u00e9dition du Carrefour des Partenaires rassemblant l\u2019ensemble des adh\u00e9rents du groupement de n\u00e9goces ind\u00e9pendants, le lancement de la gamme de Produits de Mise en OEuvre carrelage compl\u00e8te aujourd\u2019hui la marque de distributeur LES \u00c9L\u00c9MENTAIRES de France Mat\u00e9riaux. Celle-ci s\u2019inscrit dans le plan d\u2019actions 2025 du\u2026","rel":"","context":"Dans &quot;Actualit\u00e9 Entreprises&quot;","img":{"alt_text":"","src":"https:\/\/i1.wp.com\/batimedianews.com\/live\/wp-content\/uploads\/2025\/04\/FranceMateriaux.jpg?fit=825%2C825&ssl=1&resize=350%2C200","width":350,"height":200},"classes":[]},{"id":3659,"url":"https:\/\/batimedianews.com\/live\/index.php\/2020\/01\/28\/weber-lance-une-gamme-de-006-colles-pour-revetements-de-sol-souples-son-nom-est-bond-weberbond\/","url_meta":{"origin":48390,"position":1},"title":"Weber lance une gamme de 006 colles pour rev\u00eatements de sol souples. Son nom est bond, weberbond !","date":"28 janvier 2020","format":false,"excerpt":"Leader des colles \u00e0 carrelage et solutions pour pr\u00e9paration des sols, Weber \u00e9tend son expertise au domaine des rev\u00eatements souples ou textiles comme le PVC, la moquette ou encore le linol\u00e9um : un savoir-faire que l\u2019industriel d\u00e9ploie d\u00e9j\u00e0 dans plusieurs pays \u00e0 l\u2019International depuis plus de 5 ans. Weber France\u2026","rel":"","context":"Dans &quot;colles&quot;","img":{"alt_text":"","src":"https:\/\/i2.wp.com\/batimedianews.com\/live\/wp-content\/uploads\/2020\/01\/weber7.jpg?fit=1090%2C1090&ssl=1&resize=350%2C200","width":350,"height":200},"classes":[]},{"id":8778,"url":"https:\/\/batimedianews.com\/live\/index.php\/2021\/03\/17\/le-guide-weber-2021-2022-est-sorti\/","url_meta":{"origin":48390,"position":2},"title":"Le guide Weber 2021-2022 est sorti !","date":"17 mars 2021","format":false,"excerpt":"Toujours tr\u00e8s attendu, le Guide Weber 2021-2022 vient de para\u00eetre, dans une version encore plus enrichie \u00e0 la demande des artisans et n\u00e9gociants en mat\u00e9riaux, qui pl\u00e9biscitent notamment les caract\u00e9ristiques techniques et recommandations de mise en oeuvre. 78 produits profitent d\u00e9sormais d\u2019une double pagination explicitant la pr\u00e9paration des supports et\u2026","rel":"","context":"Dans &quot;Actualit\u00e9 Entreprises&quot;","img":{"alt_text":"","src":"https:\/\/i0.wp.com\/batimedianews.com\/live\/wp-content\/uploads\/2021\/03\/image-72.png?fit=692%2C592&ssl=1&resize=350%2C200","width":350,"height":200},"classes":[]},{"id":19741,"url":"https:\/\/batimedianews.com\/live\/index.php\/2022\/05\/10\/prb-planilis-ragreage-fin-a-prise-et-sechage-rapides-pour-corriger-les-irregularites-de-surface\/","url_meta":{"origin":48390,"position":3},"title":"PRB PLANILIS ,ragreage fin \u00e0 prise et s\u00e9chage rapides pour corriger les irr\u00e9gularit\u00e9s de surface","date":"10 mai 2022","format":false,"excerpt":"\u00a0Corriger les irr\u00e9gularit\u00e9s en toute rapidit\u00e9 !\u00a0 Un sol ab\u00eem\u00e9, des d\u00e9fauts de mise en oeuvre sur un mur, le PRB PLANILIS vous permet de retoucher vos sols ou murs tr\u00e8s rapidement de mani\u00e8re \u00e0 pouvoir poser un nouveau rev\u00eatement dans les meilleures conditions possibles.\u00a0 Ce nouveau ragr\u00e9age corrige les\u2026","rel":"","context":"Dans &quot;b\u00e2timent&quot;","img":{"alt_text":"","src":"https:\/\/i1.wp.com\/batimedianews.com\/live\/wp-content\/uploads\/2022\/05\/PRBPlanilis-Article.jpg?fit=1080%2C1080&ssl=1&resize=350%2C200","width":350,"height":200},"classes":[]},{"id":47888,"url":"https:\/\/batimedianews.com\/live\/index.php\/2025\/11\/25\/le-nouveau-guide-weber-2025-2026-est-disponible\/","url_meta":{"origin":48390,"position":4},"title":"Le nouveau guide WEBER 2025-2026 est disponible !","date":"25 novembre 2025","format":false,"excerpt":"Tr\u00e8s attendu des professionnels du BTP, le Guide Weber 2025-2026 signe une nouvelle \u00e9dition toujours plus claire, plus compl\u00e8te et r\u00e9solument tourn\u00e9e vers l\u2019efficacit\u00e9 terrain. V\u00e9ritable r\u00e9f\u00e9rence du secteur, il demeure l\u2019alli\u00e9 privil\u00e9gi\u00e9 des artisans, applicateurs et n\u00e9gociants, leur offrant toutes les cl\u00e9s pour choisir en toute s\u00e9r\u00e9nit\u00e9 les solutions\u2026","rel":"","context":"Dans &quot;Actualit\u00e9 Entreprises&quot;","img":{"alt_text":"","src":"https:\/\/i0.wp.com\/batimedianews.com\/live\/wp-content\/uploads\/2025\/11\/weber.jpg?fit=825%2C825&ssl=1&resize=350%2C200","width":350,"height":200},"classes":[]},{"id":8744,"url":"https:\/\/batimedianews.com\/live\/index.php\/2021\/05\/04\/nouveau-service-weber-pompe-simple-rapide-fi-able-et-performant-pour-des-chantiers-sols-en-toute-securite\/","url_meta":{"origin":48390,"position":5},"title":"Nouveau service weber pompe : simple, rapide, fi able et performant pour des chantiers sols en toute s\u00e9curit\u00e9","date":"4 mai 2021","format":false,"excerpt":"En droite ligne de sa politique d\u2019accompagnement des artisans au plus pr\u00e8s de leur quotidien et en compl\u00e9ment du service weber truck, solutions de sols pr\u00eats-\u00e0-couler sur chantiers (notamment de grande superficie ou d\u2019acc\u00e8s difficile), Weber lance le service weber pompe. Il s\u2019agit, toujours, d\u2019apporter facilit\u00e9, rapidit\u00e9, productivit\u00e9 et comp\u00e9titivit\u00e9\u2026","rel":"","context":"Dans &quot;Actualit\u00e9 Entreprises&quot;","img":{"alt_text":"","src":"https:\/\/i0.wp.com\/batimedianews.com\/live\/wp-content\/uploads\/2021\/03\/image-55.png?fit=824%2C580&ssl=1&resize=350%2C200","width":350,"height":200},"classes":[]}],"_links":{"self":[{"href":"https:\/\/batimedianews.com\/live\/index.php\/wp-json\/wp\/v2\/posts\/48390"}],"collection":[{"href":"https:\/\/batimedianews.com\/live\/index.php\/wp-json\/wp\/v2\/posts"}],"about":[{"href":"https:\/\/batimedianews.com\/live\/index.php\/wp-json\/wp\/v2\/types\/post"}],"author":[{"embeddable":true,"href":"https:\/\/batimedianews.com\/live\/index.php\/wp-json\/wp\/v2\/users\/41"}],"replies":[{"embeddable":true,"href":"https:\/\/batimedianews.com\/live\/index.php\/wp-json\/wp\/v2\/comments?post=48390"}],"version-history":[{"count":2,"href":"https:\/\/batimedianews.com\/live\/index.php\/wp-json\/wp\/v2\/posts\/48390\/revisions"}],"predecessor-version":[{"id":48451,"href":"https:\/\/batimedianews.com\/live\/index.php\/wp-json\/wp\/v2\/posts\/48390\/revisions\/48451"}],"wp:featuredmedia":[{"embeddable":true,"href":"https:\/\/batimedianews.com\/live\/index.php\/wp-json\/wp\/v2\/media\/48401"}],"wp:attachment":[{"href":"https:\/\/batimedianews.com\/live\/index.php\/wp-json\/wp\/v2\/media?parent=48390"}],"wp:term":[{"taxonomy":"category","embeddable":true,"href":"https:\/\/batimedianews.com\/live\/index.php\/wp-json\/wp\/v2\/categories?post=48390"},{"taxonomy":"post_tag","embeddable":true,"href":"https:\/\/batimedianews.com\/live\/index.php\/wp-json\/wp\/v2\/tags?post=48390"}],"curies":[{"name":"wp","href":"https:\/\/api.w.org\/{rel}","templated":true}]}}