{"id":48424,"date":"2025-12-15T11:01:13","date_gmt":"2025-12-15T10:01:13","guid":{"rendered":"http:\/\/batimedianews.com\/live\/?p=48424"},"modified":"2025-12-15T11:01:16","modified_gmt":"2025-12-15T10:01:16","slug":"actu-malerba","status":"publish","type":"post","link":"https:\/\/batimedianews.com\/live\/index.php\/2025\/12\/15\/actu-malerba\/","title":{"rendered":"Actu MALERBA"},"content":{"rendered":"\n<figure class=\"wp-block-image size-full\"><img loading=\"lazy\" width=\"720\" height=\"700\" src=\"https:\/\/i0.wp.com\/batimedianews.com\/live\/wp-content\/uploads\/2025\/12\/image-58.png?resize=720%2C700\" alt=\"\" class=\"wp-image-48425\" srcset=\"https:\/\/i0.wp.com\/batimedianews.com\/live\/wp-content\/uploads\/2025\/12\/image-58.png?w=1656&amp;ssl=1 1656w, https:\/\/i0.wp.com\/batimedianews.com\/live\/wp-content\/uploads\/2025\/12\/image-58.png?resize=768%2C746&amp;ssl=1 768w, https:\/\/i0.wp.com\/batimedianews.com\/live\/wp-content\/uploads\/2025\/12\/image-58.png?resize=10%2C10&amp;ssl=1 10w, https:\/\/i0.wp.com\/batimedianews.com\/live\/wp-content\/uploads\/2025\/12\/image-58.png?resize=432%2C420&amp;ssl=1 432w, https:\/\/i0.wp.com\/batimedianews.com\/live\/wp-content\/uploads\/2025\/12\/image-58.png?resize=396%2C385&amp;ssl=1 396w, https:\/\/i0.wp.com\/batimedianews.com\/live\/wp-content\/uploads\/2025\/12\/image-58.png?resize=1120%2C1089&amp;ssl=1 1120w, https:\/\/i0.wp.com\/batimedianews.com\/live\/wp-content\/uploads\/2025\/12\/image-58.png?resize=660%2C642&amp;ssl=1 660w, https:\/\/i0.wp.com\/batimedianews.com\/live\/wp-content\/uploads\/2025\/12\/image-58.png?w=1440 1440w\" sizes=\"(max-width: 600px) 91vw, (max-width: 900px) 600px, (max-width: 1060px) 50vw, (max-width: 1200px) 520px, (max-width: 1400px) 43vw, 600px\" data-recalc-dims=\"1\" \/><\/figure>\n\n\n\n<p>Cette publication met tout particuli\u00e8rement en lumi\u00e8re le travail de fond men\u00e9 par MALERBA dans la poursuite de la structuration de sa d\u00e9marche RSE, le pilotage et l&rsquo;animation de ses projets RSE ainsi que le d\u00e9ploiement d&rsquo;actions concr\u00e8tes.&nbsp;<\/p>\n\n\n\n<p>MALERBA y valorise&nbsp;la notion de durabilit\u00e9 en faisant notamment un \u00e9tat de ses initiatives pour pr\u00e9server les ressources tel qu&rsquo;un important travail&nbsp;sur la r\u00e9duction des d\u00e9chets. Il y est fait \u00e9tat des avanc\u00e9es consid\u00e9rables dans l&rsquo;\u00e9volution de son BEGES (Bilan d&rsquo;Emissions des Gaz \u00e0 Effet de Serre) avec une r\u00e9duction des \u00e9missions directes Scope 1 de 26 % et des \u00e9missions indirectes Scope 2 de 3,05 % par rapport au bilan ant\u00e9rieur.&nbsp;MALERBA y met&nbsp;aussi&nbsp;en exergue l&rsquo;importance qu&rsquo;il pr\u00eate \u00e0 prendre soin de ses collaborateurs, tant au travers par exemple du projet de son nouveau si\u00e8ge social que de l&#8217;emploi g\u00e9n\u00e9ralis\u00e9 d&rsquo;exosquelettes dans ses ateliers.<\/p>\n\n\n\n<p>Une nouvelle \u00e9dition riche de donn\u00e9es et d&rsquo;exemples t\u00e9l\u00e9chargeable via ce lien&nbsp;: &nbsp;<a href=\"https:\/\/mibc-fr-07.mailinblack.com\/securelink\/?url=https:\/\/www.mymalerba.fr&amp;key=eyJsYW5nIjoiRlIiLCJ1cmwiOiJodHRwczovL3d3dy5teW1hbGVyYmEuZnIvZmlsZXMvREFNL0RvY3VtZW50YXRpb25zL01BTEVSQkFfUmFwcG9ydCUyMFJTRV8yMDI0LnBkZiIsInRva2VuIjoiZ0FBQUFBQnBNRnNDd2U0UlYzVGIwWldfZXJJdE9tVGVIenFmbks4eU5XVzM0YXNIYzRuUGhBY3dvdDdpSzZJZHpwR2xDZ2RsNXFUVVEtb2swamk3V0RJZ3ZxUmtkcVA5bGdVMlNIYmJvazdwb19EUGFyVEp5cHVLbGJYbWtkOW1kOUFTbkQwekw0azM5UDJWWUxRZzl2NFJ3YnpOUFhtWElaVVBjdG85VjZpVTA5ZXkwV3AtX0FFa3RZNVV0V2ZwZE94aWNHTDA1UVBNNjZvb21PMmtTNHVjc0xHODcyM05BdVI1S2JabTZhbnRqQTNBdENhdUJjZ0hyeHNHRXBRUC02dTlMcVRsaFVMUW5uRjhhUjdCc0x6cE1YcGR0bXllVkJHR2F5bC04aVhFY1NKWUtibHBSaVlyODltcWJ4UUstQWo4NU1pNEtZOTgifQ==\" target=\"_blank\" rel=\"noreferrer noopener\">https:\/\/www.mymalerba.fr\/files\/DAM\/Documentations\/MALERBA_Rapport RSE_2024.pdf<\/a><\/p>\n","protected":false},"excerpt":{"rendered":"<p>Cette publication met tout particuli\u00e8rement en lumi\u00e8re le travail de fond men\u00e9 par MALERBA dans la poursuite de la structuration de sa d\u00e9marche RSE, le pilotage et l&rsquo;animation de ses projets RSE ainsi que le d\u00e9ploiement d&rsquo;actions concr\u00e8tes.&nbsp; MALERBA y valorise&nbsp;la notion de durabilit\u00e9 en faisant notamment un \u00e9tat de ses initiatives pour pr\u00e9server les [&hellip;]<\/p>\n","protected":false},"author":41,"featured_media":48426,"comment_status":"open","ping_status":"open","sticky":true,"template":"","format":"standard","meta":{"spay_email":""},"categories":[4,879,2538],"tags":[],"jetpack_featured_media_url":"https:\/\/i0.wp.com\/batimedianews.com\/live\/wp-content\/uploads\/2025\/12\/Malerba.jpg?fit=1513%2C825&ssl=1","jetpack_sharing_enabled":true,"jetpack_likes_enabled":true,"jetpack-related-posts":[{"id":31619,"url":"https:\/\/batimedianews.com\/live\/index.php\/2023\/09\/22\/lindustriel-rhone-alpin-malerba-edite-son-premier-rapport-rse\/","url_meta":{"origin":48424,"position":0},"title":"L\u2019industriel RH\u00d4NE-ALPIN  MALERBA  \u00e9dite son premier rapport RSE","date":"22 septembre 2023","format":false,"excerpt":"\u00a0Riche de nombreuses initiatives en mati\u00e8re de RSE, MALERBA vient d\u2019\u00e9diter son premier rapport RSE \u00e9tabli sur la base des donn\u00e9es 2022. Un document exhaustif de 56 pages, v\u00e9ritable \u00e9tat des lieux \u00e0 360\u00b0, qui affiche clairement, outre des initiatives concr\u00e8tes d\u00e9j\u00e0 op\u00e9rationnelles, ses axes de travail et d\u2019am\u00e9lioration pour\u2026","rel":"","context":"Dans &quot;Actualit\u00e9 Entreprises&quot;","img":{"alt_text":"","src":"https:\/\/i1.wp.com\/batimedianews.com\/live\/wp-content\/uploads\/2023\/09\/Malerba-articles.jpg?fit=825%2C825&ssl=1&resize=350%2C200","width":350,"height":200},"classes":[]},{"id":23497,"url":"https:\/\/batimedianews.com\/live\/index.php\/2022\/09\/23\/bruno-malerba-finances-acquiert-la-societe-menuiserie-magnin-specialiste-des-escaliers\/","url_meta":{"origin":48424,"position":1},"title":"BRUNO MALERBA FINANCES acquiert la soci\u00e9t\u00e9 MENUISERIE MAGNIN , sp\u00e9cialiste des escaliers","date":"23 septembre 2022","format":false,"excerpt":"Bruno MALERBA, Pr\u00e9sident de BRUNO MALERBA FINANCES, annonce l\u2019acquisition au 15 septembre 2022, de la soci\u00e9t\u00e9 MENUISERIE MAGNIN, dont le si\u00e8ge social est situ\u00e9 \u00e0 Charlieu dans la Loire (42). Avec ce rachat, l\u2019entreprise rejoint le giron des activit\u00e9s de BRUNO MALERBA FINANCES, qui inclut notamment la soci\u00e9t\u00e9 MALERBA, fabricant\u2026","rel":"","context":"Dans &quot;Actualit\u00e9s salons&quot;","img":{"alt_text":"","src":"https:\/\/i2.wp.com\/batimedianews.com\/live\/wp-content\/uploads\/2022\/09\/Malerba_Magnin-Article.jpg?fit=1080%2C1080&ssl=1&resize=350%2C200","width":350,"height":200},"classes":[]},{"id":12874,"url":"https:\/\/batimedianews.com\/live\/index.php\/2021\/10\/20\/contribuer-a-un-monde-plus-sur-malerba-revendique-son-expertise-en-matiere-dequipement-hospitalier\/","url_meta":{"origin":48424,"position":2},"title":"CONTRIBUER \u00c0 UN MONDE PLUS S\u00dbR MALERBA REVENDIQUE SON EXPERTISE EN MATI\u00c8RE D\u2019\u00c9QUIPEMENT HOSPITALIER","date":"20 octobre 2021","format":false,"excerpt":"MALERBA, fabricant r\u00e9f\u00e9rent de portes, huisseries et blocs-portes techniques, d\u00e9veloppe depuis une dizaine d\u2019ann\u00e9es un portefeuille de solutions techniques pour r\u00e9pondre aux enjeux sp\u00e9cifiques des \u00e9tablissements de sant\u00e9. Ce vaste projet, baptis\u00e9 Programme HOSPITALIER, concilie une offre compl\u00e8te de produits comme de services et ambitionne de contribuer au d\u00e9veloppement d\u2019environnements\u2026","rel":"","context":"Dans &quot;Actualit\u00e9 Entreprises&quot;","img":{"alt_text":"","src":"https:\/\/i0.wp.com\/batimedianews.com\/live\/wp-content\/uploads\/2021\/10\/Malerbe-Article.jpg?fit=512%2C512&ssl=1&resize=350%2C200","width":350,"height":200},"classes":[]},{"id":46029,"url":"https:\/\/batimedianews.com\/live\/index.php\/2025\/07\/22\/2025-une-annee-determinante-pour-malerba\/","url_meta":{"origin":48424,"position":3},"title":"2025, une ann\u00e9e d\u00e9terminante pour MALERBA","date":"22 juillet 2025","format":false,"excerpt":"\u00a0MALERBA signe une ann\u00e9e 2025 riche de projets ambitieux et structurants pour le futur. C\u00f4t\u00e9 produits, apr\u00e8s le r\u00e9cent lancement de NUOVA, sa nouvelle porte de communication int\u00e9rieure, MALERBA annonce plusieurs produits pour la fin d\u2019ann\u00e9e \u00e0 d\u00e9couvrir sur le salon ARTIBAT. C\u00f4t\u00e9 industriel, l\u2019entreprise mise l\u00e0-encore sur l\u2019avenir avec\u2026","rel":"","context":"Dans &quot;Actualit\u00e9 Entreprises&quot;","img":{"alt_text":"","src":"https:\/\/i2.wp.com\/batimedianews.com\/live\/wp-content\/uploads\/2025\/07\/Malerba.jpg?fit=825%2C825&ssl=1&resize=350%2C200","width":350,"height":200},"classes":[]},{"id":12849,"url":"https:\/\/batimedianews.com\/live\/index.php\/2021\/10\/20\/malerba-contribuer-a-un-monde-plus-sur\/","url_meta":{"origin":48424,"position":4},"title":"MALERBA : CONTRIBUER \u00c0 UN MONDE PLUS S\u00dbR","date":"20 octobre 2021","format":false,"excerpt":"MALERBA, fabriquant de blocs-portes bois, m\u00e9tal et vitr\u00e9s, bas\u00e9 en r\u00e9gion Auvergne - Rh\u00f4ne-Alpes, a choisi ARTIBAT pour mettre en lumi\u00e8re deux nouvelles gammes de produits et une application. Reconnu pour son expertise dans le secteur sant\u00e9, l\u2019industriel profite \u00e9galement du salon pour lever le voile sur son programme hospitalier,\u2026","rel":"","context":"Dans &quot;Actualit\u00e9 Entreprises&quot;","img":{"alt_text":"","src":"https:\/\/i1.wp.com\/batimedianews.com\/live\/wp-content\/uploads\/2021\/10\/Malerba-Article.jpg?fit=512%2C512&ssl=1&resize=350%2C200","width":350,"height":200},"classes":[]},{"id":9145,"url":"https:\/\/batimedianews.com\/live\/index.php\/2021\/04\/15\/densification-du-reseau-et-avantages-services-clients-malerba-distribution-sud-ouest-ouvre-ses-portes\/","url_meta":{"origin":48424,"position":5},"title":"DENSIFICATION DU R\u00c9SEAU ET AVANTAGES SERVICES CLIENTS : MALERBA DISTRIBUTION SUD-OUEST OUVRE SES PORTES","date":"15 avril 2021","format":false,"excerpt":"R\u00e9f\u00e9rence fran\u00e7aise depuis 1971 sur le march\u00e9 des bloc-portes techniques (m\u00e9talliques, bois et vitr\u00e9s), la soci\u00e9t\u00e9 MALERBA, fid\u00e8le \u00e0 sa politique de d\u00e9veloppement ax\u00e9 sur la proximit\u00e9 et le service client, a ouvert les portes, le 6 avril dernier, de son 7\u00e8me centre MALERBA DISTRIBUTION SUD-OUEST \u00e0 Le Haillan (33).\u2026","rel":"","context":"Dans &quot;Actualit\u00e9 Entreprises&quot;","img":{"alt_text":"","src":"https:\/\/i0.wp.com\/batimedianews.com\/live\/wp-content\/uploads\/2021\/04\/malerba_image.jpg?fit=620%2C441&ssl=1&resize=350%2C200","width":350,"height":200},"classes":[]}],"_links":{"self":[{"href":"https:\/\/batimedianews.com\/live\/index.php\/wp-json\/wp\/v2\/posts\/48424"}],"collection":[{"href":"https:\/\/batimedianews.com\/live\/index.php\/wp-json\/wp\/v2\/posts"}],"about":[{"href":"https:\/\/batimedianews.com\/live\/index.php\/wp-json\/wp\/v2\/types\/post"}],"author":[{"embeddable":true,"href":"https:\/\/batimedianews.com\/live\/index.php\/wp-json\/wp\/v2\/users\/41"}],"replies":[{"embeddable":true,"href":"https:\/\/batimedianews.com\/live\/index.php\/wp-json\/wp\/v2\/comments?post=48424"}],"version-history":[{"count":2,"href":"https:\/\/batimedianews.com\/live\/index.php\/wp-json\/wp\/v2\/posts\/48424\/revisions"}],"predecessor-version":[{"id":48510,"href":"https:\/\/batimedianews.com\/live\/index.php\/wp-json\/wp\/v2\/posts\/48424\/revisions\/48510"}],"wp:featuredmedia":[{"embeddable":true,"href":"https:\/\/batimedianews.com\/live\/index.php\/wp-json\/wp\/v2\/media\/48426"}],"wp:attachment":[{"href":"https:\/\/batimedianews.com\/live\/index.php\/wp-json\/wp\/v2\/media?parent=48424"}],"wp:term":[{"taxonomy":"category","embeddable":true,"href":"https:\/\/batimedianews.com\/live\/index.php\/wp-json\/wp\/v2\/categories?post=48424"},{"taxonomy":"post_tag","embeddable":true,"href":"https:\/\/batimedianews.com\/live\/index.php\/wp-json\/wp\/v2\/tags?post=48424"}],"curies":[{"name":"wp","href":"https:\/\/api.w.org\/{rel}","templated":true}]}}