{"id":48429,"date":"2025-12-15T10:56:52","date_gmt":"2025-12-15T09:56:52","guid":{"rendered":"http:\/\/batimedianews.com\/live\/?p=48429"},"modified":"2025-12-15T10:57:00","modified_gmt":"2025-12-15T09:57:00","slug":"airvaultgoco2-laureat-du-fond-innovation-de-lunion-europeenne","status":"publish","type":"post","link":"https:\/\/batimedianews.com\/live\/index.php\/2025\/12\/15\/airvaultgoco2-laureat-du-fond-innovation-de-lunion-europeenne\/","title":{"rendered":"AirvaultGOCO2 laur\u00e9at du Fond Innovation de l\u2019Union europ\u00e9enne"},"content":{"rendered":"\n<figure class=\"wp-block-image size-full\"><img loading=\"lazy\" width=\"720\" height=\"330\" src=\"https:\/\/i1.wp.com\/batimedianews.com\/live\/wp-content\/uploads\/2025\/12\/image-59.png?resize=720%2C330\" alt=\"\" class=\"wp-image-48430\" srcset=\"https:\/\/i1.wp.com\/batimedianews.com\/live\/wp-content\/uploads\/2025\/12\/image-59.png?w=1560&amp;ssl=1 1560w, https:\/\/i1.wp.com\/batimedianews.com\/live\/wp-content\/uploads\/2025\/12\/image-59.png?resize=768%2C351&amp;ssl=1 768w, https:\/\/i1.wp.com\/batimedianews.com\/live\/wp-content\/uploads\/2025\/12\/image-59.png?resize=432%2C198&amp;ssl=1 432w, https:\/\/i1.wp.com\/batimedianews.com\/live\/wp-content\/uploads\/2025\/12\/image-59.png?resize=396%2C181&amp;ssl=1 396w, https:\/\/i1.wp.com\/batimedianews.com\/live\/wp-content\/uploads\/2025\/12\/image-59.png?resize=1120%2C513&amp;ssl=1 1120w, https:\/\/i1.wp.com\/batimedianews.com\/live\/wp-content\/uploads\/2025\/12\/image-59.png?resize=660%2C302&amp;ssl=1 660w, https:\/\/i1.wp.com\/batimedianews.com\/live\/wp-content\/uploads\/2025\/12\/image-59.png?w=1440 1440w\" sizes=\"(max-width: 600px) 91vw, (max-width: 900px) 600px, (max-width: 1060px) 50vw, (max-width: 1200px) 520px, (max-width: 1400px) 43vw, 600px\" data-recalc-dims=\"1\" \/><figcaption><strong>Cimenterie d\u2019Airvault (79)<\/strong><\/figcaption><\/figure>\n\n\n\n<p class=\"has-text-align-justify\"><strong>Le projet Airvault GOCO2 est laur\u00e9at du Fond Innovation de l\u2019Union europ\u00e9enne d\u00e9di\u00e9 aux financements de grands projets en Europe.&nbsp;<\/strong><\/p>\n\n\n\n<p class=\"has-text-align-justify\">Pour rappel, AirvaultGOCO2 est un projet de captage, stockage et valorisation du CO2 (CCUS) port\u00e9 pour la cimenterie Heidelberg Materials d\u2019Airvault dans les Deux-S\u00e8vres. L\u2019objectif d\u2019Airvault GOCO2 est de capter pr\u00e8s de 1 million de tonnes de CO2 par an.&nbsp;<\/p>\n\n\n\n<p class=\"has-text-align-justify\">AirvaultGOCO2 s\u2019inscrit dans le cadre de l\u2019initiative GOCO2 lanc\u00e9e en juillet 2023 pour d\u00e9carboner l\u2019industrie du Grand-Ouest de la France. Les \u00e9missions de CO2 capt\u00e9es \u00e0 Airvault seraient transport\u00e9es par carboduc jusqu\u2019\u00e0 Saint-Nazaire, puis par bateau vers des puits de stockage d\u00e9di\u00e9s \u00e0 cet effet. Le projet AirvaultGOCO2 serait men\u00e9 en partenariat avec Air Liquide pour l\u2019unit\u00e9 de captage du CO2 et la fourniture d\u2019oxyg\u00e8ne n\u00e9cessaire pour accompagner le fonctionnement du four en oxycombustion. GOCO2 est actuellement en phase de concertation pr\u00e9alable sous l\u2019\u00e9gide de la Commission nationale du d\u00e9bat public.&nbsp;<\/p>\n\n\n\n<p class=\"has-text-align-justify\">Airvault GOCO2 viendrait en compl\u00e9ment de la modernisation en cours de la cimenterie (Airvault 2025) visant notamment \u00e0 porter le taux de combustibles alternatifs aux \u00e9nergies fossiles \u00e0 pr\u00e8s de 90 % et ce faisant, \u00e0 r\u00e9duire de 30 % les \u00e9missions de CO2 du site.<\/p>\n\n\n\n<p class=\"has-text-align-justify\">Bruno Pillon, Pr\u00e9sident des Activit\u00e9s France de Heidelberg Materials, indique : \u00ab nous sommes tr\u00e8s heureux que ce projet AirvaultGoCO2, port\u00e9 de mani\u00e8re unanime par tous les acteurs du territoire, b\u00e9n\u00e9ficie du soutien de l\u2019Union europ\u00e9enne. C\u2019est l\u00e0 une \u00e9tape majeure. Airvault GoCO2 permettrait au site de contribuer pleinement et durablement aux objectifs partag\u00e9s d\u2019une industrie europ\u00e9enne d\u00e9carbon\u00e9e \u00bb.<\/p>\n\n\n\n<p class=\"has-text-align-justify has-background has-small-font-size\" style=\"background-color:#c2c6c7\"><strong>\u00c0 propos d\u2019Heidelberg Materials. <\/strong>Heidelberg Materials est l\u2019un des leaders mondiaux de l\u2019industrie des mat\u00e9riaux et solutions de construction avec des positions de leader sur le march\u00e9 du ciment, des granulats et du b\u00e9ton pr\u00eat \u00e0 l\u2019emploi. Nous sommes pr\u00e9sents dans plus de 50 pays avec plus de 51 000 employ\u00e9s sur pr\u00e8s de 3 000 sites. La responsabilit\u00e9 environnementale est au centre de nos actions. En tant que pr\u00e9curseur sur la voie de la neutralit\u00e9 carbone et de l\u2019\u00e9conomie circulaire dans l\u2019industrie des mat\u00e9riaux de construction, nous travaillons sur des mat\u00e9riaux de construction durables et des solutions pour l\u2019avenir. Nous offrons de nouvelles opportunit\u00e9s \u00e0 nos clients gr\u00e2ce au digital.<\/p>\n","protected":false},"excerpt":{"rendered":"<p>Le projet Airvault GOCO2 est laur\u00e9at du Fond Innovation de l\u2019Union europ\u00e9enne d\u00e9di\u00e9 aux financements de grands projets en Europe.&nbsp; Pour rappel, AirvaultGOCO2 est un projet de captage, stockage et valorisation du CO2 (CCUS) port\u00e9 pour la cimenterie Heidelberg Materials d\u2019Airvault dans les Deux-S\u00e8vres. L\u2019objectif d\u2019Airvault GOCO2 est de capter pr\u00e8s de 1 million de [&hellip;]<\/p>\n","protected":false},"author":41,"featured_media":48431,"comment_status":"open","ping_status":"open","sticky":true,"template":"","format":"standard","meta":{"spay_email":""},"categories":[4,33,77],"tags":[],"jetpack_featured_media_url":"https:\/\/i2.wp.com\/batimedianews.com\/live\/wp-content\/uploads\/2025\/12\/Heidelberg.jpg?fit=1513%2C825&ssl=1","jetpack_sharing_enabled":true,"jetpack_likes_enabled":true,"jetpack-related-posts":[{"id":9467,"url":"https:\/\/batimedianews.com\/live\/index.php\/2021\/04\/30\/le-sfic-recompense-les-bonnes-pratiques-en-matiere-de-prevention-des-risques-professionnels\/","url_meta":{"origin":48429,"position":0},"title":"Le SFIC r\u00e9compense les bonnes pratiques en mati\u00e8re de pr\u00e9vention des risques professionnels","date":"30 avril 2021","format":false,"excerpt":"La s\u00e9curit\u00e9 au travail et la pr\u00e9vention des risques professionnels sont primordiales et au c\u0153ur des missions du Syndicat Fran\u00e7ais de l'Industrie Cimenti\u00e8re (SFIC). Afin de mettre en lumi\u00e8re et d'encourager les initiatives et les engagements mis en place par les industriels, le syndicat a initi\u00e9, depuis plusieurs ann\u00e9es, le\u2026","rel":"","context":"Dans &quot;Actualit\u00e9 Entreprises&quot;","img":{"alt_text":"","src":"https:\/\/i0.wp.com\/batimedianews.com\/live\/wp-content\/uploads\/2021\/04\/image-220.png?fit=594%2C594&ssl=1&resize=350%2C200","width":350,"height":200},"classes":[]},{"id":42509,"url":"https:\/\/batimedianews.com\/live\/index.php\/2025\/01\/30\/ecocem-lance-la-premiere-unite-de-production-de-ciment-bas-carbone-act-a-dunkerque\/","url_meta":{"origin":48429,"position":1},"title":"Ecocem lance la premi\u00e8re unit\u00e9 de production de ciment bas carbone ACT \u00e0 Dunkerque","date":"30 janvier 2025","format":false,"excerpt":"Ecocem, leader europ\u00e9en ind\u00e9pendant des ciments bas-carbone annonce la construction de sa premi\u00e8re unit\u00e9 de production d\u00e9di\u00e9e \u00e0 la technologie ACT sur son site dunkerquois. Cette nouvelle ligne sera op\u00e9rationnelle d\u00e8s 2026 et offrira une capacit\u00e9 de production de ciment ACT de plus de 300 000 tonnes par an. Ce\u2026","rel":"","context":"Dans &quot;Actualit\u00e9 Entreprises&quot;","img":{"alt_text":"","src":"https:\/\/i0.wp.com\/batimedianews.com\/live\/wp-content\/uploads\/2025\/01\/ecocem-articles-.jpg?fit=825%2C825&ssl=1&resize=350%2C200","width":350,"height":200},"classes":[]},{"id":11365,"url":"https:\/\/batimedianews.com\/live\/index.php\/2021\/08\/04\/newheat-parmi-les-laureats-du-programme-innovation-fund-de-la-commission-europeenne-avec-decarbomalt-croatia-son-premier-projet-a-linternational\/","url_meta":{"origin":48429,"position":2},"title":"NewHeat parmi les laur\u00e9ats du programme \u00ab Innovation Fund \u00bb de la Commission Europ\u00e9enne avec DECARBOMALT CROATIA, son premier projet \u00e0 l\u2019international","date":"4 ao\u00fbt 2021","format":false,"excerpt":"Bordeaux, le 28 juillet 2021 \u2013 NewHeat est fier d\u2019annoncer son premier projet \u00e0 l\u2019international de chaleur renouvelable pour l'industrie -pour d\u00e9carboner une malterie croate et sa s\u00e9lection -pour b\u00e9n\u00e9ficier du support du programme Innovation Fund. Le Bordelais fait ainsi partie des 30 laur\u00e9ats retenus parmi 232 candidats venus de\u2026","rel":"","context":"Dans &quot;Actualit\u00e9 Entreprises&quot;","img":{"alt_text":"","src":"https:\/\/i0.wp.com\/batimedianews.com\/live\/wp-content\/uploads\/2021\/07\/NEWHEAT-Article.jpg?fit=512%2C512&ssl=1&resize=350%2C200","width":350,"height":200},"classes":[]},{"id":12960,"url":"https:\/\/batimedianews.com\/live\/index.php\/2021\/10\/20\/isover-recoit-un-financement-de-lue-pour-son-projet-i-loop-sur-le-recyclage-de-la-laine-de-verre\/","url_meta":{"origin":48429,"position":3},"title":"ISOVER re\u00e7oit un financement de l&rsquo;UE pour son projet I-LOOP sur le recyclage de la laine de verre","date":"20 octobre 2021","format":false,"excerpt":"Le projet I-LOOP (Insulation Glass wooL circular ecOnOmy aPproach), coordonn\u00e9 par ISOVER France, a re\u00e7u un financement du programme LIFE de l'Union Europ\u00e9enne. Lanc\u00e9 en janvier 2020, le projet I-LOOP vise \u00e0 r\u00e9duire de mani\u00e8re significative les d\u00e9chets de construction et de d\u00e9molition en d\u00e9veloppant et mettant en oeuvre une\u2026","rel":"","context":"Dans &quot;Actualit\u00e9 Entreprises&quot;","img":{"alt_text":"","src":"https:\/\/i2.wp.com\/batimedianews.com\/live\/wp-content\/uploads\/2021\/10\/Isover-Article-1.jpg?fit=512%2C512&ssl=1&resize=350%2C200","width":350,"height":200},"classes":[]},{"id":24243,"url":"https:\/\/batimedianews.com\/live\/index.php\/2022\/10\/13\/un-investissement-de-285-me-pour-faire-de-la-cimenterie-dairvault-un-site-industriel-de-reference\/","url_meta":{"origin":48429,"position":4},"title":"Un investissement de 285 M\u20ac pour faire de la cimenterie d\u2019Airvault un site industriel de r\u00e9f\u00e9rence","date":"13 octobre 2022","format":false,"excerpt":"La premi\u00e8re pierre du projet de transformation de la cimenterie Ciments Calcia d\u2019Airvault a \u00e9t\u00e9 officiellement pos\u00e9e mercredi 5 octobre en pr\u00e9sence de Jon Morrish, CEO de zone Europe de l\u2019Ouest et du Sud d\u2019Heidelberg Materials, Bruno Pillon, Pr\u00e9sident d\u2019HeidelbergCement France, Emmanuelle Dub\u00e9e, Pr\u00e9f\u00e8te des Deux-S\u00e8vres et de nombreuses personnalit\u00e9s\u2026","rel":"","context":"Dans &quot;Actualit\u00e9 Entreprises&quot;","img":{"alt_text":"","src":"https:\/\/i0.wp.com\/batimedianews.com\/live\/wp-content\/uploads\/2022\/10\/CimentsCalcia-Article.jpg?fit=1080%2C1080&ssl=1&resize=350%2C200","width":350,"height":200},"classes":[]},{"id":7225,"url":"https:\/\/batimedianews.com\/live\/index.php\/2020\/11\/26\/les-industriels-de-la-construction-denoncent-la-modification-de-la-comptabilisation-du-carbone\/","url_meta":{"origin":48429,"position":5},"title":"Les industriels de la construction d\u00e9noncent la modification de la comptabilisation du carbone","date":"26 novembre 2020","format":false,"excerpt":"La fili\u00e8re\u00a0terre cuite (tuiles & briques) se joint \u00e0 la Fili\u00e8re\u00a0B\u00e9ton, au FILMM (isolants) et au SCMF (construction m\u00e9tallique) Les industriels de la construction, repr\u00e9sentants des mat\u00e9riaux du secteur du b\u00e9ton, de l\u2019acier, des mat\u00e9riaux isolants et de la terre cuite, se mobilisent pour marquer leur opposition suite aux annonces\u2026","rel":"","context":"Dans &quot;Actualit\u00e9 Entreprises&quot;","img":{"alt_text":"","src":"","width":0,"height":0},"classes":[]}],"_links":{"self":[{"href":"https:\/\/batimedianews.com\/live\/index.php\/wp-json\/wp\/v2\/posts\/48429"}],"collection":[{"href":"https:\/\/batimedianews.com\/live\/index.php\/wp-json\/wp\/v2\/posts"}],"about":[{"href":"https:\/\/batimedianews.com\/live\/index.php\/wp-json\/wp\/v2\/types\/post"}],"author":[{"embeddable":true,"href":"https:\/\/batimedianews.com\/live\/index.php\/wp-json\/wp\/v2\/users\/41"}],"replies":[{"embeddable":true,"href":"https:\/\/batimedianews.com\/live\/index.php\/wp-json\/wp\/v2\/comments?post=48429"}],"version-history":[{"count":2,"href":"https:\/\/batimedianews.com\/live\/index.php\/wp-json\/wp\/v2\/posts\/48429\/revisions"}],"predecessor-version":[{"id":48507,"href":"https:\/\/batimedianews.com\/live\/index.php\/wp-json\/wp\/v2\/posts\/48429\/revisions\/48507"}],"wp:featuredmedia":[{"embeddable":true,"href":"https:\/\/batimedianews.com\/live\/index.php\/wp-json\/wp\/v2\/media\/48431"}],"wp:attachment":[{"href":"https:\/\/batimedianews.com\/live\/index.php\/wp-json\/wp\/v2\/media?parent=48429"}],"wp:term":[{"taxonomy":"category","embeddable":true,"href":"https:\/\/batimedianews.com\/live\/index.php\/wp-json\/wp\/v2\/categories?post=48429"},{"taxonomy":"post_tag","embeddable":true,"href":"https:\/\/batimedianews.com\/live\/index.php\/wp-json\/wp\/v2\/tags?post=48429"}],"curies":[{"name":"wp","href":"https:\/\/api.w.org\/{rel}","templated":true}]}}